{"id":10276,"date":"2021-05-18T09:48:46","date_gmt":"2021-05-18T07:48:46","guid":{"rendered":"https:\/\/www.umweltperspektiven.ch\/?p=4225"},"modified":"2022-02-09T11:10:48","modified_gmt":"2022-02-09T10:10:48","slug":"mit-pestiziden-belastete-baeche","status":"publish","type":"post","link":"https:\/\/www.organisator.ch\/fr\/sustainability\/2021-05-18\/mit-pestiziden-belastete-baeche\/","title":{"rendered":"Ruisseaux pollu\u00e9s par des pesticides"},"content":{"rendered":"<figure id=\"attachment_4226\" aria-describedby=\"caption-attachment-4226\" style=\"width: 680px\" class=\"wp-caption aligncenter\"><img loading=\"lazy\" decoding=\"async\" class=\"wp-image-4226 size-medium\" src=\"\/\/www.umweltperspektiven.ch\/wp-content\/uploads\/2021\/05\/Probenahme.gif\" alt=\"Pesticides, AWE, Office de l&#039;eau et de l&#039;\u00e9nergie\" width=\"680\" height=\"455\" \/><figcaption id=\"caption-attachment-4226\" class=\"wp-caption-text\">Pr\u00e9l\u00e8vement d'\u00e9chantillons dans les cours d'eau. \u00a9 AWE<\/figcaption><\/figure>\n<p>Entre 2018 et 2020, l'Office de l'eau et de l'\u00e9nergie (AWE) du canton de Saint-Gall a examin\u00e9 \u00e0 la loupe 14 ruisseaux situ\u00e9s dans des zones exploit\u00e9es et a recherch\u00e9 des compos\u00e9s traces organiques, appel\u00e9s micropolluants. M\u00eame \u00e0 de tr\u00e8s faibles concentrations, de telles substances peuvent nuire aux organismes aquatiques. L'\u00e9valuation des r\u00e9sultats de mesure montrerait pour chacun des 14 ruisseaux un risque accru ou tr\u00e8s \u00e9lev\u00e9 de dommages aux organismes aquatiques en raison de la pollution chronique par certaines substances, \u00e9crit l'AWE.<\/p>\n<h2><strong>Pesticides et produits chimiques industriels en ligne de mire<\/strong><\/h2>\n<p>Les analyses ont \u00e9galement montr\u00e9 que les d\u00e9passements des crit\u00e8res de qualit\u00e9 et des exigences \u00e9taient dus \u00e0 27 substances au total : Il s'agit de 14 herbicides, sept insecticides, deux fongicides, trois m\u00e9dicaments et le produit chimique industriel <a href=\"\/\/de.wikipedia.org\/wiki\/Perfluoroctansulfons%C3%A4ure\">SPFO<\/a> (acide perfluorooctane sulfonique). Selon les donn\u00e9es, le risque de dommages chroniques aux organismes aquatiques \u00e9tait \u00e9lev\u00e9 dans 12 des 14 ruisseaux pendant plus de deux tiers de la p\u00e9riode d'observation, du printemps \u00e0 l'automne. De plus, les exigences de l'ordonnance sur la protection des eaux ont souvent \u00e9t\u00e9 d\u00e9pass\u00e9es dans tous les ruisseaux.<\/p>\n<h2><strong>Mesures imm\u00e9diates mises en \u0153uvre<\/strong><strong style=\"font-size: 16px;\">\u00a0<\/strong><\/h2>\n<p>En collaboration avec le Centre agricole de Saint-Gall (<a href=\"\/\/www.sg.ch\/umwelt-natur\/landwirtschaft\/lzsg.html\">LZSG<\/a>), l'Office de l'eau et de l'\u00e9nergie sensibilise les utilisateurs professionnels et priv\u00e9s de pesticides et de biocides \u00e0 une manipulation et une utilisation responsables. L'ONZS a organis\u00e9 des tables rondes avec les agriculteurs qui cultivent le sol dans le bassin versant des ruisseaux concern\u00e9s. Les donn\u00e9es ont \u00e9t\u00e9 examin\u00e9es et les causes des apports de substances dans les eaux analys\u00e9es afin de les \u00e9viter \u00e0 l'avenir. Les agriculteurs ont mis en \u0153uvre des mesures imm\u00e9diates. Ils ont par exemple r\u00e9par\u00e9 les regards d\u00e9fectueux dans les champs ou am\u00e9nag\u00e9 des aires de lavage pour les pulv\u00e9risateurs dans les exploitations.<\/p>\n<p>L'utilisation des SPFO est en principe interdite depuis 2011. La substance chimique est toutefois encore autoris\u00e9e pour certaines applications industrielles. Elle parvient dans les eaux via les stations d'\u00e9puration communales ou de mani\u00e8re diffuse via des surfaces contamin\u00e9es. Les mesures visant \u00e0 r\u00e9duire les apports de substances sont tr\u00e8s difficiles \u00e0 mettre en \u0153uvre, \u00e9crit l'AWE.<\/p>\n<h2><strong>La sensibilisation est utile<\/strong><strong>\u00a0<\/strong><\/h2>\n<p>L'AWE et l'Office de l'agriculture ont \u00e9galement \u00e9tudi\u00e9 un ruisseau particulier pendant plusieurs ann\u00e9es. Il s'est av\u00e9r\u00e9 que les apports de substances dans le cours d'eau pouvaient \u00eatre nettement r\u00e9duits gr\u00e2ce \u00e0 une sensibilisation cibl\u00e9e des utilisateurs. Les substances tr\u00e8s toxiques comme les insecticides de la classe des\u00a0<a href=\"\/\/de.wikipedia.org\/wiki\/Pyrethroide#:~:text=Pyrethroide%20sind%20synthetische%20Insektizide%2C%20die,nat%C3%BCrlichen%20Insektizids%20Pyrethrum%20angelehnt%20sind.\">Phyr\u00e9thro\u00efdes<\/a> et <a href=\"\/\/de.wikipedia.org\/wiki\/Phosphors%C3%A4ureester\">Organophosphates<\/a> Malgr\u00e9 une utilisation mod\u00e9r\u00e9e, ces substances restent probl\u00e9matiques, car elles ont d\u00e9j\u00e0 des effets nocifs sur les organismes aquatiques \u00e0 des concentrations extr\u00eamement faibles, selon l'AWE.<\/p>\n<h2><strong>Des d\u00e9ficits \u00e9cologiques importants<\/strong><\/h2>\n<p>Les campagnes de mesure font suite \u00e0 des analyses biologiques de pr\u00e8s de 100 petits ruisseaux depuis 2011. Selon l'office, ces analyses ont r\u00e9v\u00e9l\u00e9 d'importants d\u00e9ficits \u00e9cologiques. Les trois quarts des tron\u00e7ons de cours d'eau du canton sont des petits ruisseaux. Il s'agirait d'habitats pr\u00e9cieux pour de nombreuses plantes et animaux. Ces ruisseaux remplissent des fonctions \u00e9cologiques importantes et leur protection est essentielle pour la pr\u00e9servation de la biodiversit\u00e9. Beaucoup de ces petits ruisseaux se trouvent dans des zones fortement exploit\u00e9es. Ils seraient donc expos\u00e9s \u00e0 un risque accru d'apports de substances. <em>(Source : AWE)<\/em><\/p>\n<p><a href=\"\/\/www.sg.ch\/umwelt-natur\/wasser\/fluesse---baeche\/gewaesserqualitaet\/berichte.html\"><em>Plus d'informations sur le sujet et les fiches d'information sur les\u00a0<\/em><\/a><em>Les campagnes de mesure sont disponibles ici.\u00a0<\/em><\/p>\n<p>&nbsp;<\/p>\n<p><em>Autres sujets sur la qualit\u00e9 de l'eau :\u00a0<\/em><em><a href=\"\/\/www.umweltperspektiven.ch\/massnahmenplan-fuer-sauberes-wasser-lanciert\/\">Lancement d'un plan d'action pour une eau propre<\/a><\/em><\/p>\n<h2><\/h2>","protected":false},"excerpt":{"rendered":"<p>In den Jahren 2018 bis 2020 hat das Amt f\u00fcr Wasser und Energie (AWE) des Kantons St. Gallen 14 B\u00e4che in genutzten Gebieten unter die Lupe genommen und\u00a0auf organische Spurenstoffe, sogenannte Mikroverunreinigungen, untersucht. Bereits in sehr tiefen Konzentrationen k\u00f6nnen solche Stoffe Gew\u00e4sserlebewesen sch\u00e4digen. Die Auswertung der Messergebnisse w\u00fcrde f\u00fcr jeden der 14 B\u00e4che ein erh\u00f6htes [&hellip;]<\/p>\n","protected":false},"author":6,"featured_media":4226,"comment_status":"closed","ping_status":"closed","sticky":false,"template":"","format":"standard","meta":{"_acf_changed":false,"_yoast_wpseo_focuskw":"AWE","_yoast_wpseo_metadesc":"","articlekey":"","footnotes":""},"categories":[580],"tags":[704,755,1592,1894,2523],"class_list":["post-10276","post","type-post","status-publish","format-standard","has-post-thumbnail","hentry","category-sustainability","tag-amt-fuer-wasser-und-energie","tag-awe","tag-landwirtschaft","tag-pestizide","tag-wasserqualitaet"],"acf":[],"yoast_head":"<!-- This site is optimized with the Yoast SEO plugin v27.4 - https:\/\/yoast.com\/product\/yoast-seo-wordpress\/ -->\n<title>Mit Pestiziden belastete B\u00e4che - Organisator<\/title>\n<meta name=\"robots\" content=\"index, follow, max-snippet:-1, max-image-preview:large, max-video-preview:-1\" \/>\n<link rel=\"canonical\" href=\"https:\/\/www.organisator.ch\/fr\/sustainability\/2021-05-18\/mit-pestiziden-belastete-baeche\/\" \/>\n<meta property=\"og:locale\" content=\"fr_FR\" \/>\n<meta property=\"og:type\" content=\"article\" \/>\n<meta property=\"og:title\" content=\"Mit Pestiziden belastete B\u00e4che - Organisator\" \/>\n<meta property=\"og:description\" content=\"In den Jahren 2018 bis 2020 hat das Amt f\u00fcr Wasser und Energie (AWE) des Kantons St. Gallen 14 B\u00e4che in genutzten Gebieten unter die Lupe genommen und\u00a0auf organische Spurenstoffe, sogenannte Mikroverunreinigungen, untersucht. Bereits in sehr tiefen Konzentrationen k\u00f6nnen solche Stoffe Gew\u00e4sserlebewesen sch\u00e4digen. Die Auswertung der Messergebnisse w\u00fcrde f\u00fcr jeden der 14 B\u00e4che ein erh\u00f6htes [&hellip;]\" \/>\n<meta property=\"og:url\" content=\"https:\/\/www.organisator.ch\/fr\/sustainability\/2021-05-18\/mit-pestiziden-belastete-baeche\/\" \/>\n<meta property=\"og:site_name\" content=\"Organisator\" \/>\n<meta property=\"article:publisher\" content=\"https:\/\/www.facebook.com\/OrganisatorFachmagazin\" \/>\n<meta property=\"article:published_time\" content=\"2021-05-18T07:48:46+00:00\" \/>\n<meta property=\"article:modified_time\" content=\"2022-02-09T10:10:48+00:00\" \/>\n<meta property=\"og:image\" content=\"https:\/\/www.organisator.ch\/wp-content\/uploads\/2021\/05\/Probenahme.gif\" \/>\n\t<meta property=\"og:image:width\" content=\"695\" \/>\n\t<meta property=\"og:image:height\" content=\"465\" \/>\n\t<meta property=\"og:image:type\" content=\"image\/gif\" \/>\n<meta name=\"author\" content=\"roger.straessle\" \/>\n<meta name=\"twitter:card\" content=\"summary_large_image\" \/>\n<script type=\"application\/ld+json\" class=\"yoast-schema-graph\">{\"@context\":\"https:\\\/\\\/schema.org\",\"@graph\":[{\"@type\":\"Article\",\"@id\":\"https:\\\/\\\/www.organisator.ch\\\/sustainability\\\/2021-05-18\\\/mit-pestiziden-belastete-baeche\\\/#article\",\"isPartOf\":{\"@id\":\"https:\\\/\\\/www.organisator.ch\\\/sustainability\\\/2021-05-18\\\/mit-pestiziden-belastete-baeche\\\/\"},\"author\":{\"name\":\"roger.straessle\",\"@id\":\"https:\\\/\\\/www.organisator.ch\\\/#\\\/schema\\\/person\\\/a800b8c54e208b160517a7dcc323161d\"},\"headline\":\"Mit Pestiziden belastete B\u00e4che\",\"datePublished\":\"2021-05-18T07:48:46+00:00\",\"dateModified\":\"2022-02-09T10:10:48+00:00\",\"mainEntityOfPage\":{\"@id\":\"https:\\\/\\\/www.organisator.ch\\\/sustainability\\\/2021-05-18\\\/mit-pestiziden-belastete-baeche\\\/\"},\"wordCount\":543,\"publisher\":{\"@id\":\"https:\\\/\\\/www.organisator.ch\\\/#organization\"},\"image\":{\"@id\":\"https:\\\/\\\/www.organisator.ch\\\/sustainability\\\/2021-05-18\\\/mit-pestiziden-belastete-baeche\\\/#primaryimage\"},\"thumbnailUrl\":\"https:\\\/\\\/www.organisator.ch\\\/wp-content\\\/uploads\\\/2021\\\/05\\\/Probenahme.gif\",\"keywords\":[\"Amt f\u00fcr Wasser und Energie\",\"AWE\",\"Landwirtschaft\",\"Pestizide\",\"Wasserqualit\u00e4t\"],\"articleSection\":[\"SUSTAINABILITY\"],\"inLanguage\":\"fr-FR\"},{\"@type\":\"WebPage\",\"@id\":\"https:\\\/\\\/www.organisator.ch\\\/sustainability\\\/2021-05-18\\\/mit-pestiziden-belastete-baeche\\\/\",\"url\":\"https:\\\/\\\/www.organisator.ch\\\/sustainability\\\/2021-05-18\\\/mit-pestiziden-belastete-baeche\\\/\",\"name\":\"Mit Pestiziden belastete B\u00e4che - Organisator\",\"isPartOf\":{\"@id\":\"https:\\\/\\\/www.organisator.ch\\\/#website\"},\"primaryImageOfPage\":{\"@id\":\"https:\\\/\\\/www.organisator.ch\\\/sustainability\\\/2021-05-18\\\/mit-pestiziden-belastete-baeche\\\/#primaryimage\"},\"image\":{\"@id\":\"https:\\\/\\\/www.organisator.ch\\\/sustainability\\\/2021-05-18\\\/mit-pestiziden-belastete-baeche\\\/#primaryimage\"},\"thumbnailUrl\":\"https:\\\/\\\/www.organisator.ch\\\/wp-content\\\/uploads\\\/2021\\\/05\\\/Probenahme.gif\",\"datePublished\":\"2021-05-18T07:48:46+00:00\",\"dateModified\":\"2022-02-09T10:10:48+00:00\",\"breadcrumb\":{\"@id\":\"https:\\\/\\\/www.organisator.ch\\\/sustainability\\\/2021-05-18\\\/mit-pestiziden-belastete-baeche\\\/#breadcrumb\"},\"inLanguage\":\"fr-FR\",\"potentialAction\":[{\"@type\":\"ReadAction\",\"target\":[\"https:\\\/\\\/www.organisator.ch\\\/sustainability\\\/2021-05-18\\\/mit-pestiziden-belastete-baeche\\\/\"]}]},{\"@type\":\"ImageObject\",\"inLanguage\":\"fr-FR\",\"@id\":\"https:\\\/\\\/www.organisator.ch\\\/sustainability\\\/2021-05-18\\\/mit-pestiziden-belastete-baeche\\\/#primaryimage\",\"url\":\"https:\\\/\\\/www.organisator.ch\\\/wp-content\\\/uploads\\\/2021\\\/05\\\/Probenahme.gif\",\"contentUrl\":\"https:\\\/\\\/www.organisator.ch\\\/wp-content\\\/uploads\\\/2021\\\/05\\\/Probenahme.gif\",\"width\":695,\"height\":465,\"caption\":\"Probenentnahme im Fliessgew\u00e4sser. \u00a9 AWE\"},{\"@type\":\"BreadcrumbList\",\"@id\":\"https:\\\/\\\/www.organisator.ch\\\/sustainability\\\/2021-05-18\\\/mit-pestiziden-belastete-baeche\\\/#breadcrumb\",\"itemListElement\":[{\"@type\":\"ListItem\",\"position\":1,\"name\":\"Home\",\"item\":\"https:\\\/\\\/www.organisator.ch\\\/\"},{\"@type\":\"ListItem\",\"position\":2,\"name\":\"Mit Pestiziden belastete B\u00e4che\"}]},{\"@type\":\"WebSite\",\"@id\":\"https:\\\/\\\/www.organisator.ch\\\/#website\",\"url\":\"https:\\\/\\\/www.organisator.ch\\\/\",\"name\":\"Organisator\",\"description\":\"Kompetent. Praxisnah. Der ORGANISATOR bereitet in 10 Ausgaben pro Jahr die wesentlichen Themen f\u00fcr F\u00fchrungskr\u00e4fte von KMU auf.\",\"publisher\":{\"@id\":\"https:\\\/\\\/www.organisator.ch\\\/#organization\"},\"potentialAction\":[{\"@type\":\"SearchAction\",\"target\":{\"@type\":\"EntryPoint\",\"urlTemplate\":\"https:\\\/\\\/www.organisator.ch\\\/?s={search_term_string}\"},\"query-input\":{\"@type\":\"PropertyValueSpecification\",\"valueRequired\":true,\"valueName\":\"search_term_string\"}}],\"inLanguage\":\"fr-FR\"},{\"@type\":\"Organization\",\"@id\":\"https:\\\/\\\/www.organisator.ch\\\/#organization\",\"name\":\"Organisator\",\"url\":\"https:\\\/\\\/www.organisator.ch\\\/\",\"logo\":{\"@type\":\"ImageObject\",\"inLanguage\":\"fr-FR\",\"@id\":\"https:\\\/\\\/www.organisator.ch\\\/#\\\/schema\\\/logo\\\/image\\\/\",\"url\":\"https:\\\/\\\/www.organisator.ch\\\/wp-content\\\/uploads\\\/2022\\\/01\\\/Logo_Organisator_Website.png\",\"contentUrl\":\"https:\\\/\\\/www.organisator.ch\\\/wp-content\\\/uploads\\\/2022\\\/01\\\/Logo_Organisator_Website.png\",\"width\":800,\"height\":77,\"caption\":\"Organisator\"},\"image\":{\"@id\":\"https:\\\/\\\/www.organisator.ch\\\/#\\\/schema\\\/logo\\\/image\\\/\"},\"sameAs\":[\"https:\\\/\\\/www.facebook.com\\\/OrganisatorFachmagazin\",\"https:\\\/\\\/www.linkedin.com\\\/showcase\\\/organisator-das-magazin-fr-kmu\",\"https:\\\/\\\/www.xing.com\\\/news\\\/pages\\\/organisator-ch-695\",\"https:\\\/\\\/www.youtube.com\\\/channel\\\/UCGP2Sq0iWaZwT3BdIAQFYpw\"]},{\"@type\":\"Person\",\"@id\":\"https:\\\/\\\/www.organisator.ch\\\/#\\\/schema\\\/person\\\/a800b8c54e208b160517a7dcc323161d\",\"name\":\"roger.straessle\",\"image\":{\"@type\":\"ImageObject\",\"inLanguage\":\"fr-FR\",\"@id\":\"https:\\\/\\\/secure.gravatar.com\\\/avatar\\\/?s=96&d=mm&r=g\",\"url\":\"https:\\\/\\\/secure.gravatar.com\\\/avatar\\\/?s=96&d=mm&r=g\",\"contentUrl\":\"https:\\\/\\\/secure.gravatar.com\\\/avatar\\\/?s=96&d=mm&r=g\",\"caption\":\"roger.straessle\"},\"url\":\"https:\\\/\\\/www.organisator.ch\\\/fr\\\/author\\\/roger-straessle\\\/\"}]}<\/script>\n<!-- \/ Yoast SEO plugin. -->","yoast_head_json":{"title":"Ruisseaux pollu\u00e9s par les pesticides - Organisateur","robots":{"index":"index","follow":"follow","max-snippet":"max-snippet:-1","max-image-preview":"max-image-preview:large","max-video-preview":"max-video-preview:-1"},"canonical":"https:\/\/www.organisator.ch\/fr\/sustainability\/2021-05-18\/mit-pestiziden-belastete-baeche\/","og_locale":"fr_FR","og_type":"article","og_title":"Mit Pestiziden belastete B\u00e4che - Organisator","og_description":"In den Jahren 2018 bis 2020 hat das Amt f\u00fcr Wasser und Energie (AWE) des Kantons St. Gallen 14 B\u00e4che in genutzten Gebieten unter die Lupe genommen und\u00a0auf organische Spurenstoffe, sogenannte Mikroverunreinigungen, untersucht. Bereits in sehr tiefen Konzentrationen k\u00f6nnen solche Stoffe Gew\u00e4sserlebewesen sch\u00e4digen. Die Auswertung der Messergebnisse w\u00fcrde f\u00fcr jeden der 14 B\u00e4che ein erh\u00f6htes [&hellip;]","og_url":"https:\/\/www.organisator.ch\/fr\/sustainability\/2021-05-18\/mit-pestiziden-belastete-baeche\/","og_site_name":"Organisator","article_publisher":"https:\/\/www.facebook.com\/OrganisatorFachmagazin","article_published_time":"2021-05-18T07:48:46+00:00","article_modified_time":"2022-02-09T10:10:48+00:00","og_image":[{"width":695,"height":465,"url":"https:\/\/www.organisator.ch\/wp-content\/uploads\/2021\/05\/Probenahme.gif","type":"image\/gif"}],"author":"roger.straessle","twitter_card":"summary_large_image","schema":{"@context":"https:\/\/schema.org","@graph":[{"@type":"Article","@id":"https:\/\/www.organisator.ch\/sustainability\/2021-05-18\/mit-pestiziden-belastete-baeche\/#article","isPartOf":{"@id":"https:\/\/www.organisator.ch\/sustainability\/2021-05-18\/mit-pestiziden-belastete-baeche\/"},"author":{"name":"roger.straessle","@id":"https:\/\/www.organisator.ch\/#\/schema\/person\/a800b8c54e208b160517a7dcc323161d"},"headline":"Mit Pestiziden belastete B\u00e4che","datePublished":"2021-05-18T07:48:46+00:00","dateModified":"2022-02-09T10:10:48+00:00","mainEntityOfPage":{"@id":"https:\/\/www.organisator.ch\/sustainability\/2021-05-18\/mit-pestiziden-belastete-baeche\/"},"wordCount":543,"publisher":{"@id":"https:\/\/www.organisator.ch\/#organization"},"image":{"@id":"https:\/\/www.organisator.ch\/sustainability\/2021-05-18\/mit-pestiziden-belastete-baeche\/#primaryimage"},"thumbnailUrl":"https:\/\/www.organisator.ch\/wp-content\/uploads\/2021\/05\/Probenahme.gif","keywords":["Amt f\u00fcr Wasser und Energie","AWE","Landwirtschaft","Pestizide","Wasserqualit\u00e4t"],"articleSection":["SUSTAINABILITY"],"inLanguage":"fr-FR"},{"@type":"WebPage","@id":"https:\/\/www.organisator.ch\/sustainability\/2021-05-18\/mit-pestiziden-belastete-baeche\/","url":"https:\/\/www.organisator.ch\/sustainability\/2021-05-18\/mit-pestiziden-belastete-baeche\/","name":"Ruisseaux pollu\u00e9s par les pesticides - Organisateur","isPartOf":{"@id":"https:\/\/www.organisator.ch\/#website"},"primaryImageOfPage":{"@id":"https:\/\/www.organisator.ch\/sustainability\/2021-05-18\/mit-pestiziden-belastete-baeche\/#primaryimage"},"image":{"@id":"https:\/\/www.organisator.ch\/sustainability\/2021-05-18\/mit-pestiziden-belastete-baeche\/#primaryimage"},"thumbnailUrl":"https:\/\/www.organisator.ch\/wp-content\/uploads\/2021\/05\/Probenahme.gif","datePublished":"2021-05-18T07:48:46+00:00","dateModified":"2022-02-09T10:10:48+00:00","breadcrumb":{"@id":"https:\/\/www.organisator.ch\/sustainability\/2021-05-18\/mit-pestiziden-belastete-baeche\/#breadcrumb"},"inLanguage":"fr-FR","potentialAction":[{"@type":"ReadAction","target":["https:\/\/www.organisator.ch\/sustainability\/2021-05-18\/mit-pestiziden-belastete-baeche\/"]}]},{"@type":"ImageObject","inLanguage":"fr-FR","@id":"https:\/\/www.organisator.ch\/sustainability\/2021-05-18\/mit-pestiziden-belastete-baeche\/#primaryimage","url":"https:\/\/www.organisator.ch\/wp-content\/uploads\/2021\/05\/Probenahme.gif","contentUrl":"https:\/\/www.organisator.ch\/wp-content\/uploads\/2021\/05\/Probenahme.gif","width":695,"height":465,"caption":"Probenentnahme im Fliessgew\u00e4sser. \u00a9 AWE"},{"@type":"BreadcrumbList","@id":"https:\/\/www.organisator.ch\/sustainability\/2021-05-18\/mit-pestiziden-belastete-baeche\/#breadcrumb","itemListElement":[{"@type":"ListItem","position":1,"name":"Home","item":"https:\/\/www.organisator.ch\/"},{"@type":"ListItem","position":2,"name":"Mit Pestiziden belastete B\u00e4che"}]},{"@type":"WebSite","@id":"https:\/\/www.organisator.ch\/#website","url":"https:\/\/www.organisator.ch\/","name":"Organisateur","description":"Comp\u00e9tence et comp\u00e9tence. Proches de la pratique. L'ORGANISATEUR pr\u00e9pare 10 num\u00e9ros par an sur les th\u00e8mes essentiels pour les dirigeants de PME.","publisher":{"@id":"https:\/\/www.organisator.ch\/#organization"},"potentialAction":[{"@type":"SearchAction","target":{"@type":"EntryPoint","urlTemplate":"https:\/\/www.organisator.ch\/?s={search_term_string}"},"query-input":{"@type":"PropertyValueSpecification","valueRequired":true,"valueName":"search_term_string"}}],"inLanguage":"fr-FR"},{"@type":"Organization","@id":"https:\/\/www.organisator.ch\/#organization","name":"Organisateur","url":"https:\/\/www.organisator.ch\/","logo":{"@type":"ImageObject","inLanguage":"fr-FR","@id":"https:\/\/www.organisator.ch\/#\/schema\/logo\/image\/","url":"https:\/\/www.organisator.ch\/wp-content\/uploads\/2022\/01\/Logo_Organisator_Website.png","contentUrl":"https:\/\/www.organisator.ch\/wp-content\/uploads\/2022\/01\/Logo_Organisator_Website.png","width":800,"height":77,"caption":"Organisator"},"image":{"@id":"https:\/\/www.organisator.ch\/#\/schema\/logo\/image\/"},"sameAs":["https:\/\/www.facebook.com\/OrganisatorFachmagazin","https:\/\/www.linkedin.com\/showcase\/organisator-das-magazin-fr-kmu","https:\/\/www.xing.com\/news\/pages\/organisator-ch-695","https:\/\/www.youtube.com\/channel\/UCGP2Sq0iWaZwT3BdIAQFYpw"]},{"@type":"Person","@id":"https:\/\/www.organisator.ch\/#\/schema\/person\/a800b8c54e208b160517a7dcc323161d","name":"roger.straessle","image":{"@type":"ImageObject","inLanguage":"fr-FR","@id":"https:\/\/secure.gravatar.com\/avatar\/?s=96&d=mm&r=g","url":"https:\/\/secure.gravatar.com\/avatar\/?s=96&d=mm&r=g","contentUrl":"https:\/\/secure.gravatar.com\/avatar\/?s=96&d=mm&r=g","caption":"roger.straessle"},"url":"https:\/\/www.organisator.ch\/fr\/author\/roger-straessle\/"}]}},"_links":{"self":[{"href":"https:\/\/www.organisator.ch\/fr\/wp-json\/wp\/v2\/posts\/10276","targetHints":{"allow":["GET"]}}],"collection":[{"href":"https:\/\/www.organisator.ch\/fr\/wp-json\/wp\/v2\/posts"}],"about":[{"href":"https:\/\/www.organisator.ch\/fr\/wp-json\/wp\/v2\/types\/post"}],"author":[{"embeddable":true,"href":"https:\/\/www.organisator.ch\/fr\/wp-json\/wp\/v2\/users\/6"}],"replies":[{"embeddable":true,"href":"https:\/\/www.organisator.ch\/fr\/wp-json\/wp\/v2\/comments?post=10276"}],"version-history":[{"count":1,"href":"https:\/\/www.organisator.ch\/fr\/wp-json\/wp\/v2\/posts\/10276\/revisions"}],"predecessor-version":[{"id":10987,"href":"https:\/\/www.organisator.ch\/fr\/wp-json\/wp\/v2\/posts\/10276\/revisions\/10987"}],"wp:featuredmedia":[{"embeddable":true,"href":"https:\/\/www.organisator.ch\/fr\/wp-json\/wp\/v2\/media\/4226"}],"wp:attachment":[{"href":"https:\/\/www.organisator.ch\/fr\/wp-json\/wp\/v2\/media?parent=10276"}],"wp:term":[{"taxonomy":"category","embeddable":true,"href":"https:\/\/www.organisator.ch\/fr\/wp-json\/wp\/v2\/categories?post=10276"},{"taxonomy":"post_tag","embeddable":true,"href":"https:\/\/www.organisator.ch\/fr\/wp-json\/wp\/v2\/tags?post=10276"}],"curies":[{"name":"wp","href":"https:\/\/api.w.org\/{rel}","templated":true}]}}