{"id":10280,"date":"2021-05-21T07:20:38","date_gmt":"2021-05-21T05:20:38","guid":{"rendered":"https:\/\/www.umweltperspektiven.ch\/?p=4275"},"modified":"2022-02-09T11:05:30","modified_gmt":"2022-02-09T10:05:30","slug":"plastikverpackungen-in-reinach-geht-ab-juni-die-post-ab","status":"publish","type":"post","link":"https:\/\/www.organisator.ch\/fr\/sustainability\/2021-05-21\/plastikverpackungen-in-reinach-geht-ab-juni-die-post-ab\/","title":{"rendered":"Emballages en plastique : A Reinach, les choses bougent \u00e0 partir de juin"},"content":{"rendered":"<figure id=\"attachment_4277\" aria-describedby=\"caption-attachment-4277\" style=\"width: 680px\" class=\"wp-caption aligncenter\"><img loading=\"lazy\" decoding=\"async\" class=\"size-medium wp-image-4277\" src=\"\/\/www.umweltperspektiven.ch\/wp-content\/uploads\/2021\/05\/Bild-1.jpg\" alt=\"Recyclage du plastique, plastique\" width=\"680\" height=\"444\" srcset=\"https:\/\/www.organisator.ch\/wp-content\/uploads\/2021\/05\/Bild-1.jpg 918w, https:\/\/www.organisator.ch\/wp-content\/uploads\/2021\/05\/Bild-1-680x444.jpg 680w, https:\/\/www.organisator.ch\/wp-content\/uploads\/2021\/05\/Bild-1-768x501.jpg 768w, https:\/\/www.organisator.ch\/wp-content\/uploads\/2021\/05\/Bild-1-18x12.jpg 18w, https:\/\/www.organisator.ch\/wp-content\/uploads\/2021\/05\/Bild-1-268x175.jpg 268w, https:\/\/www.organisator.ch\/wp-content\/uploads\/2021\/05\/Bild-1-536x350.jpg 536w, https:\/\/www.organisator.ch\/wp-content\/uploads\/2021\/05\/Bild-1-300x196.jpg 300w\" sizes=\"auto, (max-width: 680px) 100vw, 680px\" \/><figcaption id=\"caption-attachment-4277\" class=\"wp-caption-text\">A Reinach, le facteur emporte le \"sac de recyclage\" rempli de cartons de boissons vides, de bouteilles de shampoing, etc. Photo : Evelyn Lenzin<\/figcaption><\/figure>\n<p>A partir de juin 2021, le facteur de la commune de Reinach, dans le canton de B\u00e2le-Campagne, ne se contentera plus d'apporter des lettres et des paquets. Les jours ouvrables, il ramassera \u00e9galement les bouteilles en plastique vides et les cartons de boissons que les habitants des immeubles d\u00e9posent dans le \"sac de recyclage\" pr\u00e8s des bo\u00eetes aux lettres. Le sac de recyclage de 35 litres est disponible aupr\u00e8s de la commune au prix de 1,80 franc. Les facteurs transportent les sacs collect\u00e9s au bureau de poste de Reinach, d'o\u00f9 ils sont achemin\u00e9s vers une usine de tri sp\u00e9cialis\u00e9e de M\u00fcller Recycling AG \u00e0 Frauenfeld. Cette logistique intelligente permet d'\u00e9viter des transports suppl\u00e9mentaires par camion peu \u00e9cologiques, car les plastiques voyagent jusqu'\u00e0 l'usine de tri dans un emballage qui devrait de toute fa\u00e7on \u00eatre ramen\u00e9 au centre logistique de la Poste, comme l'explique l'entreprise sp\u00e9cialis\u00e9e dans l'\u00e9conomie circulaire.\u00a0<a href=\"\/\/redilo.ch\/\">Redilo<\/a>\u00a0\u00e9crit. Derri\u00e8re ce projet pionnier se trouvent <a href=\"\/\/realcycle.ch\/\">\"realCYCLE\"<\/a> de Redilo et le Fonds pionnier Migros, est rendu possible par le pilote. \"Ce projet pilote montre de mani\u00e8re exemplaire la simplicit\u00e9 avec laquelle l'\u00e9conomie circulaire des mati\u00e8res plastiques de demain peut fonctionner\", explique Corinne Gr\u00e4ssle, responsable de projet du Fonds pionnier Migros. \"La soci\u00e9t\u00e9 sera ainsi moins d\u00e9pendante des mati\u00e8res premi\u00e8res qui se font de plus en plus rares\".<\/p>\n<h2><strong>Le plastique recycl\u00e9 donne naissance \u00e0 de nouveaux produits<\/strong><\/h2>\n<p>Les bouteilles en plastique pour le shampoing, les produits de nettoyage et autres sont optimales pour le recyclage : ce mat\u00e9riau de grande valeur est g\u00e9n\u00e9ralement compos\u00e9 d'un seul plastique, ce qui est important pour le recyclage, souligne Melanie Haupt, codirectrice du projet \"realCYCLE\" et enseignante en \u00e9conomie circulaire \u00e0 l'EPF de Zurich.<\/p>\n<p>Les initiateurs soulignent que le retour des bouteilles en plastique au recyclage est facilit\u00e9 par le projet pilote et que celui des cartons \u00e0 boisson est tout simplement possible. Une entreprise de Frauenfeld trie le m\u00e9lange de bouteilles en plastique et de briques \u00e0 boisson collect\u00e9es et le pr\u00e9pare pour le recyclage. Le plastique tri\u00e9 est ensuite broy\u00e9, lav\u00e9 et transform\u00e9 en regranulat en Suisse : Il en r\u00e9sulte en fin de compte de nouveaux produits en plastique.<\/p>\n<p>Dans le projet pilote de Reinach, seules les bouteilles en plastique et les cartons \u00e0 boissons sont collect\u00e9s, mais pas les autres emballages en plastique comme les pots de yaourt ou les films. \"Nous pouvons ainsi garantir que les plastiques collect\u00e9s sont \u00e9galement recycl\u00e9s en Suisse\", explique Haupt, codirectrice du projet. Dans le cadre de ses recherches, elle s'occupe depuis de nombreuses ann\u00e9es de l'analyse des flux de d\u00e9chets et des possibilit\u00e9s de recyclage des plastiques. Pour les cartons \u00e0 boissons, il manque actuellement une installation de recyclage en Suisse, raison pour laquelle ils sont aujourd'hui recycl\u00e9s en Allemagne et en France. Alors que les fibres de carton sont utilis\u00e9es pour le carton ondul\u00e9, le m\u00e9lange aluminium-plastique restant est soit utilis\u00e9 comme combustible, soit utilis\u00e9 pour d'autres produits, comme l'indique \u00e9galement le communiqu\u00e9.<\/p>\n<h2><strong>Combler les lacunes pertinentes du circuit<\/strong><\/h2>\n<p>L'offre de Reinach BL vise \u00e0 combler une lacune importante dans le cycle des mati\u00e8res plastiques. \"La collecte par la Poste permet \u00e0 la population de collecter s\u00e9par\u00e9ment les plastiques facilement recyclables et de les faire enlever devant sa porte, pr\u00e8s de la bo\u00eete aux lettres. La Poste dispose de la logistique et du savoir-faire n\u00e9cessaires pour exploiter durablement un tel syst\u00e8me de collecte\", explique Patrick Lampert, responsable de l'unit\u00e9 \u00c9conomie circulaire \u00e0 la Poste CH SA.<\/p>\n<p>Selon les donn\u00e9es, le projet pilote durera six mois. Mais Melanie Haupt, interrog\u00e9e par Perspectives environnementales, r\u00e9v\u00e8le qu'un premier bilan interm\u00e9diaire sera tir\u00e9 apr\u00e8s trois mois sous la forme d'un sondage aupr\u00e8s des habitants de Reinach. On verra alors si les Suisses veulent devenir les champions du monde du recyclage dans ce domaine \u00e9galement.<\/p>\n<p>Quoi qu'il en soit, une extension de la zone de collecte est d'ores et d\u00e9j\u00e0 pr\u00e9vue par \"realCYCLE\", peut-on lire dans le communiqu\u00e9 relatif au projet de Reinach. Dans une prochaine \u00e9tape, on veut en outre tester si les r\u00e9gions rurales et isol\u00e9es peuvent \u00eatre plus facilement raccord\u00e9es aux structures d'\u00e9limination. Selon la sp\u00e9cialiste du recyclage Haupt, l'ambition est grande du c\u00f4t\u00e9 de \"realCYCLE\" de trouver une solution nationale. \"Le projet pilote est un premier pas vers une \u00e9conomie circulaire durable, o\u00f9 les synergies existantes sont utilis\u00e9es au mieux\", explique Haupt.<\/p>\n<h2>La question du financement n'est pas r\u00e9solue<\/h2>\n<p>Reste \u00e0 savoir pourquoi le \"sac de recyclage\" n'est pas distribu\u00e9 gratuitement ? \"Quelqu'un doit payer les frais de logistique, etc.\", r\u00e9pond Haupt, car le produit de la mati\u00e8re premi\u00e8re ne suffit pas. La professeure d'\u00e9conomie circulaire de l'ETH souligne en outre que, contrairement au PET, \u00e0 l'aluminium et autres, il n'existe pas encore de financement au sens d'une taxe de recyclage anticip\u00e9e pour les pollueurs. Des efforts dans ce sens sont toutefois en cours.<\/p>\n<h2><strong>Et que disent les autorit\u00e9s locales ?<\/strong><\/h2>\n<p>\"Lorsque nous avons entendu parler du projet pilote, il \u00e9tait clair que nous allions y participer\", explique Doris V\u00f6geli, conseill\u00e8re municipale de Reinach. \"Car la collecte s\u00e9lective des plastiques est depuis longtemps sur notre radar\". Un mandat politique du parlement de Reinach (<a href=\"\/\/realcycle.ch\/uploads\/1\/3\/0\/4\/130453461\/kst-recycling_reinach_motion-140_er-sitzung-20191125.pdf\">Motion 140 \"Recyclage des plastiques \u00e0 Reinach\")<\/a> exige l'\u00e9laboration d'un concept pour l'introduction d'une collecte s\u00e9lective des bouteilles en plastique et des briques \u00e0 boisson. Ce projet pilote doit permettre d'acqu\u00e9rir de l'exp\u00e9rience et de d\u00e9terminer si la population est pr\u00eate \u00e0 utiliser cette offre. L'\u00e9l\u00e9ment d\u00e9terminant est de savoir si la collecte est suffisante.<\/p>\n<p><em>Source : Redilo<\/em><\/p>\n<p>&nbsp;<\/p>\n<p><strong><em>Autres th\u00e8mes :\u00a0<\/em><\/strong><\/p>\n<p><a href=\"\/\/www.umweltperspektiven.ch\/zuercher-kva-das-aus-fuer-stofflich-verwertbare-kunststoffabfaelle\/\"><em>UIOM zurichoise : la fin des d\u00e9chets plastiques recyclables<\/em><\/a><\/p>\n<p><a href=\"\/\/www.umweltperspektiven.ch\/kanton-zuerich-hat-rohstoff-versorgungssicherheit-im-fokus\/\"><em>Le canton de Zurich se concentre sur la s\u00e9curit\u00e9 de l'approvisionnement en mati\u00e8res premi\u00e8res<\/em><\/a><\/p>\n<p><a href=\"\/\/www.umweltperspektiven.ch\/plastik-recycling-migros-startet-offensive\/\"><em>Recyclage du plastique : Migros lance une offensive<\/em><\/a><\/p>","protected":false},"excerpt":{"rendered":"<p>Ab Juni 2021 bringt der P\u00f6stler der Baselbieter Gemeinde Reinach nicht nur Briefe und Pakete. Werktags holt er zudem leere Kunststoffflaschen und Getr\u00e4nkekartons ab, die die Hausbewohner im \u00abRecycling-Sack\u00bb bei den Briefk\u00e4sten deponieren. Der 35 Liter Recycling-Sack ist bei der Gemeinde f\u00fcr 1.80 Franken erh\u00e4ltlich. Die P\u00f6stler transportieren die eingesammelten S\u00e4cke zur Reinacher Poststelle, von [&hellip;]<\/p>\n","protected":false},"author":6,"featured_media":4277,"comment_status":"closed","ping_status":"closed","sticky":false,"template":"","format":"standard","meta":{"_acf_changed":false,"_yoast_wpseo_focuskw":"Kunststoff","_yoast_wpseo_metadesc":"Im Juni startet in der Gemeinde Reinach BL ein Pilotprojekt: Der P\u00f6stler nimmt auf seiner Zustelltour leere Kunststoffflaschen und Getr\u00e4nkekartons zur\u00fcck.","articlekey":"","footnotes":""},"categories":[580],"tags":[1287,1911,1924,1938,1984,1991,1993,2000],"class_list":["post-10280","post","type-post","status-publish","format-standard","has-post-thumbnail","hentry","category-sustainability","tag-getraenkeverpackungen","tag-pilotprojekt","tag-plastikrecycling","tag-post","tag-realcycle","tag-recyclingkunststoff","tag-redilo","tag-reinach"],"acf":[],"yoast_head":"<!-- This site is optimized with the Yoast SEO plugin v27.5 - https:\/\/yoast.com\/product\/yoast-seo-wordpress\/ -->\n<title>Kunststoffrecycling_Plastikrecycling_Wertstoffe_Pilotprojekt<\/title>\n<meta name=\"description\" content=\"Im Juni startet in der Gemeinde Reinach BL ein Pilotprojekt: Der P\u00f6stler nimmt auf seiner Zustelltour leere Kunststoffflaschen und Getr\u00e4nkekartons zur\u00fcck.\" \/>\n<meta name=\"robots\" content=\"index, follow, max-snippet:-1, max-image-preview:large, max-video-preview:-1\" \/>\n<link rel=\"canonical\" href=\"https:\/\/www.organisator.ch\/fr\/sustainability\/2021-05-21\/plastikverpackungen-in-reinach-geht-ab-juni-die-post-ab\/\" \/>\n<meta property=\"og:locale\" content=\"fr_FR\" \/>\n<meta property=\"og:type\" content=\"article\" \/>\n<meta property=\"og:title\" content=\"Kunststoffrecycling_Plastikrecycling_Wertstoffe_Pilotprojekt\" \/>\n<meta property=\"og:description\" content=\"Im Juni startet in der Gemeinde Reinach BL ein Pilotprojekt: Der P\u00f6stler nimmt auf seiner Zustelltour leere Kunststoffflaschen und Getr\u00e4nkekartons zur\u00fcck.\" \/>\n<meta property=\"og:url\" content=\"https:\/\/www.organisator.ch\/fr\/sustainability\/2021-05-21\/plastikverpackungen-in-reinach-geht-ab-juni-die-post-ab\/\" \/>\n<meta property=\"og:site_name\" content=\"Organisator\" \/>\n<meta property=\"article:publisher\" content=\"https:\/\/www.facebook.com\/OrganisatorFachmagazin\" \/>\n<meta property=\"article:published_time\" content=\"2021-05-21T05:20:38+00:00\" \/>\n<meta property=\"article:modified_time\" content=\"2022-02-09T10:05:30+00:00\" \/>\n<meta property=\"og:image\" content=\"https:\/\/www.organisator.ch\/wp-content\/uploads\/2021\/05\/Bild-1.jpg\" \/>\n\t<meta property=\"og:image:width\" content=\"918\" \/>\n\t<meta property=\"og:image:height\" content=\"599\" \/>\n\t<meta property=\"og:image:type\" content=\"image\/jpeg\" \/>\n<meta name=\"author\" content=\"roger.straessle\" \/>\n<meta name=\"twitter:card\" content=\"summary_large_image\" \/>\n<script type=\"application\/ld+json\" class=\"yoast-schema-graph\">{\"@context\":\"https:\\\/\\\/schema.org\",\"@graph\":[{\"@type\":\"Article\",\"@id\":\"https:\\\/\\\/www.organisator.ch\\\/sustainability\\\/2021-05-21\\\/plastikverpackungen-in-reinach-geht-ab-juni-die-post-ab\\\/#article\",\"isPartOf\":{\"@id\":\"https:\\\/\\\/www.organisator.ch\\\/sustainability\\\/2021-05-21\\\/plastikverpackungen-in-reinach-geht-ab-juni-die-post-ab\\\/\"},\"author\":{\"name\":\"roger.straessle\",\"@id\":\"https:\\\/\\\/www.organisator.ch\\\/#\\\/schema\\\/person\\\/a800b8c54e208b160517a7dcc323161d\"},\"headline\":\"Plastikverpackungen: In Reinach geht ab Juni die Post ab\",\"datePublished\":\"2021-05-21T05:20:38+00:00\",\"dateModified\":\"2022-02-09T10:05:30+00:00\",\"mainEntityOfPage\":{\"@id\":\"https:\\\/\\\/www.organisator.ch\\\/sustainability\\\/2021-05-21\\\/plastikverpackungen-in-reinach-geht-ab-juni-die-post-ab\\\/\"},\"wordCount\":821,\"publisher\":{\"@id\":\"https:\\\/\\\/www.organisator.ch\\\/#organization\"},\"image\":{\"@id\":\"https:\\\/\\\/www.organisator.ch\\\/sustainability\\\/2021-05-21\\\/plastikverpackungen-in-reinach-geht-ab-juni-die-post-ab\\\/#primaryimage\"},\"thumbnailUrl\":\"https:\\\/\\\/www.organisator.ch\\\/wp-content\\\/uploads\\\/2021\\\/05\\\/Bild-1.jpg\",\"keywords\":[\"Getr\u00e4nkeverpackungen\",\"Pilotprojekt\",\"Plastikrecycling\",\"Post\",\"realCYCLE\",\"Recyclingkunststoff\",\"Redilo\",\"Reinach\"],\"articleSection\":[\"SUSTAINABILITY\"],\"inLanguage\":\"fr-FR\"},{\"@type\":\"WebPage\",\"@id\":\"https:\\\/\\\/www.organisator.ch\\\/sustainability\\\/2021-05-21\\\/plastikverpackungen-in-reinach-geht-ab-juni-die-post-ab\\\/\",\"url\":\"https:\\\/\\\/www.organisator.ch\\\/sustainability\\\/2021-05-21\\\/plastikverpackungen-in-reinach-geht-ab-juni-die-post-ab\\\/\",\"name\":\"Kunststoffrecycling_Plastikrecycling_Wertstoffe_Pilotprojekt\",\"isPartOf\":{\"@id\":\"https:\\\/\\\/www.organisator.ch\\\/#website\"},\"primaryImageOfPage\":{\"@id\":\"https:\\\/\\\/www.organisator.ch\\\/sustainability\\\/2021-05-21\\\/plastikverpackungen-in-reinach-geht-ab-juni-die-post-ab\\\/#primaryimage\"},\"image\":{\"@id\":\"https:\\\/\\\/www.organisator.ch\\\/sustainability\\\/2021-05-21\\\/plastikverpackungen-in-reinach-geht-ab-juni-die-post-ab\\\/#primaryimage\"},\"thumbnailUrl\":\"https:\\\/\\\/www.organisator.ch\\\/wp-content\\\/uploads\\\/2021\\\/05\\\/Bild-1.jpg\",\"datePublished\":\"2021-05-21T05:20:38+00:00\",\"dateModified\":\"2022-02-09T10:05:30+00:00\",\"description\":\"Im Juni startet in der Gemeinde Reinach BL ein Pilotprojekt: Der P\u00f6stler nimmt auf seiner Zustelltour leere Kunststoffflaschen und Getr\u00e4nkekartons zur\u00fcck.\",\"breadcrumb\":{\"@id\":\"https:\\\/\\\/www.organisator.ch\\\/sustainability\\\/2021-05-21\\\/plastikverpackungen-in-reinach-geht-ab-juni-die-post-ab\\\/#breadcrumb\"},\"inLanguage\":\"fr-FR\",\"potentialAction\":[{\"@type\":\"ReadAction\",\"target\":[\"https:\\\/\\\/www.organisator.ch\\\/sustainability\\\/2021-05-21\\\/plastikverpackungen-in-reinach-geht-ab-juni-die-post-ab\\\/\"]}]},{\"@type\":\"ImageObject\",\"inLanguage\":\"fr-FR\",\"@id\":\"https:\\\/\\\/www.organisator.ch\\\/sustainability\\\/2021-05-21\\\/plastikverpackungen-in-reinach-geht-ab-juni-die-post-ab\\\/#primaryimage\",\"url\":\"https:\\\/\\\/www.organisator.ch\\\/wp-content\\\/uploads\\\/2021\\\/05\\\/Bild-1.jpg\",\"contentUrl\":\"https:\\\/\\\/www.organisator.ch\\\/wp-content\\\/uploads\\\/2021\\\/05\\\/Bild-1.jpg\",\"width\":918,\"height\":599,\"caption\":\"Foto: Evelyn Lenzin\"},{\"@type\":\"BreadcrumbList\",\"@id\":\"https:\\\/\\\/www.organisator.ch\\\/sustainability\\\/2021-05-21\\\/plastikverpackungen-in-reinach-geht-ab-juni-die-post-ab\\\/#breadcrumb\",\"itemListElement\":[{\"@type\":\"ListItem\",\"position\":1,\"name\":\"Home\",\"item\":\"https:\\\/\\\/www.organisator.ch\\\/\"},{\"@type\":\"ListItem\",\"position\":2,\"name\":\"Plastikverpackungen: In Reinach geht ab Juni die Post ab\"}]},{\"@type\":\"WebSite\",\"@id\":\"https:\\\/\\\/www.organisator.ch\\\/#website\",\"url\":\"https:\\\/\\\/www.organisator.ch\\\/\",\"name\":\"Organisator\",\"description\":\"Kompetent. Praxisnah. Der ORGANISATOR bereitet in 10 Ausgaben pro Jahr die wesentlichen Themen f\u00fcr F\u00fchrungskr\u00e4fte von KMU auf.\",\"publisher\":{\"@id\":\"https:\\\/\\\/www.organisator.ch\\\/#organization\"},\"potentialAction\":[{\"@type\":\"SearchAction\",\"target\":{\"@type\":\"EntryPoint\",\"urlTemplate\":\"https:\\\/\\\/www.organisator.ch\\\/?s={search_term_string}\"},\"query-input\":{\"@type\":\"PropertyValueSpecification\",\"valueRequired\":true,\"valueName\":\"search_term_string\"}}],\"inLanguage\":\"fr-FR\"},{\"@type\":\"Organization\",\"@id\":\"https:\\\/\\\/www.organisator.ch\\\/#organization\",\"name\":\"Organisator\",\"url\":\"https:\\\/\\\/www.organisator.ch\\\/\",\"logo\":{\"@type\":\"ImageObject\",\"inLanguage\":\"fr-FR\",\"@id\":\"https:\\\/\\\/www.organisator.ch\\\/#\\\/schema\\\/logo\\\/image\\\/\",\"url\":\"https:\\\/\\\/www.organisator.ch\\\/wp-content\\\/uploads\\\/2022\\\/01\\\/Logo_Organisator_Website.png\",\"contentUrl\":\"https:\\\/\\\/www.organisator.ch\\\/wp-content\\\/uploads\\\/2022\\\/01\\\/Logo_Organisator_Website.png\",\"width\":800,\"height\":77,\"caption\":\"Organisator\"},\"image\":{\"@id\":\"https:\\\/\\\/www.organisator.ch\\\/#\\\/schema\\\/logo\\\/image\\\/\"},\"sameAs\":[\"https:\\\/\\\/www.facebook.com\\\/OrganisatorFachmagazin\",\"https:\\\/\\\/www.linkedin.com\\\/showcase\\\/organisator-das-magazin-fr-kmu\",\"https:\\\/\\\/www.xing.com\\\/news\\\/pages\\\/organisator-ch-695\",\"https:\\\/\\\/www.youtube.com\\\/channel\\\/UCGP2Sq0iWaZwT3BdIAQFYpw\"]},{\"@type\":\"Person\",\"@id\":\"https:\\\/\\\/www.organisator.ch\\\/#\\\/schema\\\/person\\\/a800b8c54e208b160517a7dcc323161d\",\"name\":\"roger.straessle\",\"image\":{\"@type\":\"ImageObject\",\"inLanguage\":\"fr-FR\",\"@id\":\"https:\\\/\\\/secure.gravatar.com\\\/avatar\\\/?s=96&d=mm&r=g\",\"url\":\"https:\\\/\\\/secure.gravatar.com\\\/avatar\\\/?s=96&d=mm&r=g\",\"contentUrl\":\"https:\\\/\\\/secure.gravatar.com\\\/avatar\\\/?s=96&d=mm&r=g\",\"caption\":\"roger.straessle\"},\"url\":\"https:\\\/\\\/www.organisator.ch\\\/fr\\\/author\\\/roger-straessle\\\/\"}]}<\/script>\n<!-- \/ Yoast SEO plugin. -->","yoast_head_json":{"title":"recyclage_des_plastiques_des_mati\u00e8res_valables_projet_pilote","description":"En juin, un projet pilote sera lanc\u00e9 dans la commune de Reinach (BL) : le facteur reprendra les bouteilles en plastique et les cartons de boissons vides lors de sa tourn\u00e9e de livraison.","robots":{"index":"index","follow":"follow","max-snippet":"max-snippet:-1","max-image-preview":"max-image-preview:large","max-video-preview":"max-video-preview:-1"},"canonical":"https:\/\/www.organisator.ch\/fr\/sustainability\/2021-05-21\/plastikverpackungen-in-reinach-geht-ab-juni-die-post-ab\/","og_locale":"fr_FR","og_type":"article","og_title":"Kunststoffrecycling_Plastikrecycling_Wertstoffe_Pilotprojekt","og_description":"Im Juni startet in der Gemeinde Reinach BL ein Pilotprojekt: Der P\u00f6stler nimmt auf seiner Zustelltour leere Kunststoffflaschen und Getr\u00e4nkekartons zur\u00fcck.","og_url":"https:\/\/www.organisator.ch\/fr\/sustainability\/2021-05-21\/plastikverpackungen-in-reinach-geht-ab-juni-die-post-ab\/","og_site_name":"Organisator","article_publisher":"https:\/\/www.facebook.com\/OrganisatorFachmagazin","article_published_time":"2021-05-21T05:20:38+00:00","article_modified_time":"2022-02-09T10:05:30+00:00","og_image":[{"width":918,"height":599,"url":"https:\/\/www.organisator.ch\/wp-content\/uploads\/2021\/05\/Bild-1.jpg","type":"image\/jpeg"}],"author":"roger.straessle","twitter_card":"summary_large_image","schema":{"@context":"https:\/\/schema.org","@graph":[{"@type":"Article","@id":"https:\/\/www.organisator.ch\/sustainability\/2021-05-21\/plastikverpackungen-in-reinach-geht-ab-juni-die-post-ab\/#article","isPartOf":{"@id":"https:\/\/www.organisator.ch\/sustainability\/2021-05-21\/plastikverpackungen-in-reinach-geht-ab-juni-die-post-ab\/"},"author":{"name":"roger.straessle","@id":"https:\/\/www.organisator.ch\/#\/schema\/person\/a800b8c54e208b160517a7dcc323161d"},"headline":"Plastikverpackungen: In Reinach geht ab Juni die Post ab","datePublished":"2021-05-21T05:20:38+00:00","dateModified":"2022-02-09T10:05:30+00:00","mainEntityOfPage":{"@id":"https:\/\/www.organisator.ch\/sustainability\/2021-05-21\/plastikverpackungen-in-reinach-geht-ab-juni-die-post-ab\/"},"wordCount":821,"publisher":{"@id":"https:\/\/www.organisator.ch\/#organization"},"image":{"@id":"https:\/\/www.organisator.ch\/sustainability\/2021-05-21\/plastikverpackungen-in-reinach-geht-ab-juni-die-post-ab\/#primaryimage"},"thumbnailUrl":"https:\/\/www.organisator.ch\/wp-content\/uploads\/2021\/05\/Bild-1.jpg","keywords":["Getr\u00e4nkeverpackungen","Pilotprojekt","Plastikrecycling","Post","realCYCLE","Recyclingkunststoff","Redilo","Reinach"],"articleSection":["SUSTAINABILITY"],"inLanguage":"fr-FR"},{"@type":"WebPage","@id":"https:\/\/www.organisator.ch\/sustainability\/2021-05-21\/plastikverpackungen-in-reinach-geht-ab-juni-die-post-ab\/","url":"https:\/\/www.organisator.ch\/sustainability\/2021-05-21\/plastikverpackungen-in-reinach-geht-ab-juni-die-post-ab\/","name":"recyclage_des_plastiques_des_mati\u00e8res_valables_projet_pilote","isPartOf":{"@id":"https:\/\/www.organisator.ch\/#website"},"primaryImageOfPage":{"@id":"https:\/\/www.organisator.ch\/sustainability\/2021-05-21\/plastikverpackungen-in-reinach-geht-ab-juni-die-post-ab\/#primaryimage"},"image":{"@id":"https:\/\/www.organisator.ch\/sustainability\/2021-05-21\/plastikverpackungen-in-reinach-geht-ab-juni-die-post-ab\/#primaryimage"},"thumbnailUrl":"https:\/\/www.organisator.ch\/wp-content\/uploads\/2021\/05\/Bild-1.jpg","datePublished":"2021-05-21T05:20:38+00:00","dateModified":"2022-02-09T10:05:30+00:00","description":"En juin, un projet pilote sera lanc\u00e9 dans la commune de Reinach (BL) : le facteur reprendra les bouteilles en plastique et les cartons de boissons vides lors de sa tourn\u00e9e de livraison.","breadcrumb":{"@id":"https:\/\/www.organisator.ch\/sustainability\/2021-05-21\/plastikverpackungen-in-reinach-geht-ab-juni-die-post-ab\/#breadcrumb"},"inLanguage":"fr-FR","potentialAction":[{"@type":"ReadAction","target":["https:\/\/www.organisator.ch\/sustainability\/2021-05-21\/plastikverpackungen-in-reinach-geht-ab-juni-die-post-ab\/"]}]},{"@type":"ImageObject","inLanguage":"fr-FR","@id":"https:\/\/www.organisator.ch\/sustainability\/2021-05-21\/plastikverpackungen-in-reinach-geht-ab-juni-die-post-ab\/#primaryimage","url":"https:\/\/www.organisator.ch\/wp-content\/uploads\/2021\/05\/Bild-1.jpg","contentUrl":"https:\/\/www.organisator.ch\/wp-content\/uploads\/2021\/05\/Bild-1.jpg","width":918,"height":599,"caption":"Foto: Evelyn Lenzin"},{"@type":"BreadcrumbList","@id":"https:\/\/www.organisator.ch\/sustainability\/2021-05-21\/plastikverpackungen-in-reinach-geht-ab-juni-die-post-ab\/#breadcrumb","itemListElement":[{"@type":"ListItem","position":1,"name":"Home","item":"https:\/\/www.organisator.ch\/"},{"@type":"ListItem","position":2,"name":"Plastikverpackungen: In Reinach geht ab Juni die Post ab"}]},{"@type":"WebSite","@id":"https:\/\/www.organisator.ch\/#website","url":"https:\/\/www.organisator.ch\/","name":"Organisateur","description":"Comp\u00e9tence et comp\u00e9tence. Proches de la pratique. L'ORGANISATEUR pr\u00e9pare 10 num\u00e9ros par an sur les th\u00e8mes essentiels pour les dirigeants de PME.","publisher":{"@id":"https:\/\/www.organisator.ch\/#organization"},"potentialAction":[{"@type":"SearchAction","target":{"@type":"EntryPoint","urlTemplate":"https:\/\/www.organisator.ch\/?s={search_term_string}"},"query-input":{"@type":"PropertyValueSpecification","valueRequired":true,"valueName":"search_term_string"}}],"inLanguage":"fr-FR"},{"@type":"Organization","@id":"https:\/\/www.organisator.ch\/#organization","name":"Organisateur","url":"https:\/\/www.organisator.ch\/","logo":{"@type":"ImageObject","inLanguage":"fr-FR","@id":"https:\/\/www.organisator.ch\/#\/schema\/logo\/image\/","url":"https:\/\/www.organisator.ch\/wp-content\/uploads\/2022\/01\/Logo_Organisator_Website.png","contentUrl":"https:\/\/www.organisator.ch\/wp-content\/uploads\/2022\/01\/Logo_Organisator_Website.png","width":800,"height":77,"caption":"Organisator"},"image":{"@id":"https:\/\/www.organisator.ch\/#\/schema\/logo\/image\/"},"sameAs":["https:\/\/www.facebook.com\/OrganisatorFachmagazin","https:\/\/www.linkedin.com\/showcase\/organisator-das-magazin-fr-kmu","https:\/\/www.xing.com\/news\/pages\/organisator-ch-695","https:\/\/www.youtube.com\/channel\/UCGP2Sq0iWaZwT3BdIAQFYpw"]},{"@type":"Person","@id":"https:\/\/www.organisator.ch\/#\/schema\/person\/a800b8c54e208b160517a7dcc323161d","name":"roger.straessle","image":{"@type":"ImageObject","inLanguage":"fr-FR","@id":"https:\/\/secure.gravatar.com\/avatar\/?s=96&d=mm&r=g","url":"https:\/\/secure.gravatar.com\/avatar\/?s=96&d=mm&r=g","contentUrl":"https:\/\/secure.gravatar.com\/avatar\/?s=96&d=mm&r=g","caption":"roger.straessle"},"url":"https:\/\/www.organisator.ch\/fr\/author\/roger-straessle\/"}]}},"_links":{"self":[{"href":"https:\/\/www.organisator.ch\/fr\/wp-json\/wp\/v2\/posts\/10280","targetHints":{"allow":["GET"]}}],"collection":[{"href":"https:\/\/www.organisator.ch\/fr\/wp-json\/wp\/v2\/posts"}],"about":[{"href":"https:\/\/www.organisator.ch\/fr\/wp-json\/wp\/v2\/types\/post"}],"author":[{"embeddable":true,"href":"https:\/\/www.organisator.ch\/fr\/wp-json\/wp\/v2\/users\/6"}],"replies":[{"embeddable":true,"href":"https:\/\/www.organisator.ch\/fr\/wp-json\/wp\/v2\/comments?post=10280"}],"version-history":[{"count":1,"href":"https:\/\/www.organisator.ch\/fr\/wp-json\/wp\/v2\/posts\/10280\/revisions"}],"predecessor-version":[{"id":10368,"href":"https:\/\/www.organisator.ch\/fr\/wp-json\/wp\/v2\/posts\/10280\/revisions\/10368"}],"wp:featuredmedia":[{"embeddable":true,"href":"https:\/\/www.organisator.ch\/fr\/wp-json\/wp\/v2\/media\/4277"}],"wp:attachment":[{"href":"https:\/\/www.organisator.ch\/fr\/wp-json\/wp\/v2\/media?parent=10280"}],"wp:term":[{"taxonomy":"category","embeddable":true,"href":"https:\/\/www.organisator.ch\/fr\/wp-json\/wp\/v2\/categories?post=10280"},{"taxonomy":"post_tag","embeddable":true,"href":"https:\/\/www.organisator.ch\/fr\/wp-json\/wp\/v2\/tags?post=10280"}],"curies":[{"name":"wp","href":"https:\/\/api.w.org\/{rel}","templated":true}]}}