{"id":10282,"date":"2021-05-27T06:04:02","date_gmt":"2021-05-27T04:04:02","guid":{"rendered":"https:\/\/www.umweltperspektiven.ch\/?p=4296"},"modified":"2022-02-09T11:05:30","modified_gmt":"2022-02-09T10:05:30","slug":"modernste-bodenwaschanlage-europas","status":"publish","type":"post","link":"https:\/\/www.organisator.ch\/fr\/sustainability\/2021-05-27\/modernste-bodenwaschanlage-europas\/","title":{"rendered":"La station de lavage de sols la plus moderne d'Europe dans le Jura bernois"},"content":{"rendered":"<p>&nbsp;<\/p>\n<figure id=\"attachment_4297\" aria-describedby=\"caption-attachment-4297\" style=\"width: 680px\" class=\"wp-caption aligncenter\"><img loading=\"lazy\" decoding=\"async\" class=\"size-medium wp-image-4297\" src=\"\/\/www.umweltperspektiven.ch\/wp-content\/uploads\/2021\/05\/Bodenwaschanlage.jpg\" alt=\"Lave-sols\" width=\"680\" height=\"483\" \/><figcaption id=\"caption-attachment-4297\" class=\"wp-caption-text\">1 S\u00e9paration des m\u00e9taux (FE \/ NE) 2 Tri du verre 3 Classification du gravier 4 Tri des mat\u00e9riaux l\u00e9gers 5 Classification du lavage et du sable 6 Broyage 7 Lavage des mat\u00e9riaux 8 Traitement de l'eau et filtration<\/figcaption><\/figure>\n<p>&nbsp;<\/p>\n<p>Pour les deux entreprises Vigier Holding AG et Toggenburger AG, la construction de l'installation de lavage des sols repr\u00e9sente un investissement important. La r\u00e9alisation de l'installation r\u00e9pond concr\u00e8tement au souhait du canton de Berne de g\u00e9rer les d\u00e9chets de mani\u00e8re durable et de renforcer l'\u00e9conomie circulaire, mais aussi de devenir des acteurs majeurs de l'\u00e9conomie circulaire en Suisse. VITO Recycling AG se concentre sur le recyclage des d\u00e9chets de construction min\u00e9raux pollu\u00e9s ainsi que des boues de collecte routi\u00e8re et de forage.<\/p>\n<h2><strong>Emplacement optimal<\/strong><\/h2>\n<p>VITO Recycling AG est le r\u00e9sultat du savoir-faire de deux entreprises familiales suisses : D'une part, la soci\u00e9t\u00e9 Toggenburger AG, active depuis 1927 dans le secteur de la construction et qui exploite d\u00e9j\u00e0 deux installations de lavage de sols. D'autre part, de Vigier SA, qui s'engage depuis 150 ans dans le canton de Berne et de Soleure pour le traitement des d\u00e9chets par le recyclage dans ses diff\u00e9rentes activit\u00e9s.<\/p>\n<p>La situation id\u00e9ale du site <a href=\"\/\/de.wikipedia.org\/wiki\/P%C3%A9ry-La_Heutte\">P\u00e9ry-La Heutte<\/a> dans le Jura bernois, au milieu d'un r\u00e9seau routier existant raccord\u00e9 au r\u00e9seau ferroviaire et \u00e0 proximit\u00e9 imm\u00e9diate de Vigier Ciment, permettrait de traiter des d\u00e9chets de construction min\u00e9raux charg\u00e9s en polluants provenant de toutes les r\u00e9gions de Suisse, tout en optimisant \u00e9cologiquement les voies de transport.<\/p>\n<p>Le haut niveau technique de la centrale et de ses installations permet presque une valorisation 100% des mat\u00e9riaux entrants et l'obtention de nouvelles mati\u00e8res premi\u00e8res pour les activit\u00e9s b\u00e9ton et ciment de Vigier, \u00e9crivent les deux partenaires. En outre, la nouvelle installation pr\u00e9vue garantit les normes les plus \u00e9lev\u00e9es en mati\u00e8re de s\u00e9curit\u00e9 et de respect de l'environnement, ajoutent-ils.<\/p>\n<h2><strong>Capacit\u00e9 totale de 200'000 tonnes par an<\/strong><\/h2>\n<p>Il est pr\u00e9vu que les travaux de construction de la nouvelle installation de lavage des sols se poursuivent jusqu'\u00e0 fin 2022. La capacit\u00e9 totale de l'installation (<a href=\"\/\/www.umweltperspektiven.ch\/wp-content\/uploads\/2021\/05\/VITO-Recycling-Bodenwaschanlage-Technische-Angaben.pdf\">VITO Recycling Bodenwaschanlage Donn\u00e9es techniques<\/a>) sera de 200'000 tonnes par an. En outre, l'installation sera compl\u00e9t\u00e9e par un dispositif technique suppl\u00e9mentaire pour le traitement des boues de voirie et de forage, afin de r\u00e9pondre de mani\u00e8re \u00e9cologique \u00e0 ce besoin croissant en Suisse.<\/p>\n<blockquote>\n<h1>Presque pas d'eau du r\u00e9seau public<\/h1>\n<p>Pour l'exploitation proprement dite de l'installation, pour le lavage du mat\u00e9riel, aucune eau du r\u00e9seau public n'est n\u00e9cessaire. L'eau utilis\u00e9e est de l'eau de pluie provenant du toit de la halle, du parvis de la halle et des places de stockage ext\u00e9rieures. Cette eau de traitement est nettoy\u00e9e et r\u00e9utilis\u00e9e en permanence dans un circuit ferm\u00e9. Selon la p\u00e9riode m\u00e9t\u00e9orologique (s\u00e8che \/ humide), il peut arriver qu'il y ait un d\u00e9ficit ou un exc\u00e9dent d'eau de traitement. La compensation est obtenue en stockant temporairement l'eau exc\u00e9dentaire dans un r\u00e9servoir vertical de 10'000 m3 r\u00e9utilis\u00e9 et en la retirant en cas de besoin.<\/p>\n<p>L'eau du r\u00e9seau public n'est utilis\u00e9e qu'en faible quantit\u00e9 pour la pr\u00e9paration des floculants et pour le nettoyage du filtre-presse \u00e0 chambres. Si, malgr\u00e9 le r\u00e9servoir de r\u00e9tention mentionn\u00e9, il devait y avoir un manque d'eau de traitement, celle-ci pourrait \u00eatre pr\u00e9lev\u00e9e dans un bassin situ\u00e9 \u00e0 proximit\u00e9, dans lequel les eaux d'infiltration provenant d'un tunnel d'exploitation des Ciments Vigier SA sont d\u00e9vers\u00e9es, et qui est normalement d\u00e9vers\u00e9 dans la Suze. Les installations de lavage de sol comparables en Suisse ne disposent d'aucun volume de r\u00e9tention, ou alors d'un volume comparativement faible. Le tr\u00e8s grand volume de r\u00e9tention disponible dans le cas pr\u00e9sent garantit que l'exploitation de l'installation de lavage est assur\u00e9e m\u00eame en cas de conditions m\u00e9t\u00e9orologiques exceptionnelles et que, en particulier, l'eau ne doit pas \u00eatre d\u00e9vers\u00e9e de mani\u00e8re incontr\u00f4l\u00e9e dans le syst\u00e8me d'\u00e9puration des eaux us\u00e9es ou dans la Suze.<\/p><\/blockquote>\n<p><em>Source : Vigier Holding AG et la Toggenburger AG<\/em><\/p>","protected":false},"excerpt":{"rendered":"<p>&nbsp; &nbsp; F\u00fcr beide Unternehmen Vigier Holding AG und die Toggenburger AG sei der Bau der Bodenwaschanlage eine bedeutende Investition. Mit der Realisierung der Anlage gehe man konkret auf den Wunsch des Kantons Bern ein, Abf\u00e4lle nachhaltig zu bewirtschaften und die Kreislaufwirtschaft zu st\u00e4rken, aber auch f\u00fchrende Akteure der Kreislaufwirtschaft in der Schweiz zu werden. [&hellip;]<\/p>\n","protected":false},"author":6,"featured_media":9796,"comment_status":"closed","ping_status":"closed","sticky":false,"template":"","format":"standard","meta":{"_acf_changed":false,"_yoast_wpseo_focuskw":"Bodenwaschanlage","_yoast_wpseo_metadesc":"Die Vigier Holding AG und die Toggenburger AG realisieren die modernste Bodenwaschanlage Europas in P\u00e9ry-La Heutte im Berner Jura.","articlekey":"","footnotes":""},"categories":[580],"tags":[861,862,2213,2312,2474,2479],"class_list":["post-10282","post","type-post","status-publish","format-standard","has-post-thumbnail","hentry","category-sustainability","tag-bodenwaschanlage","tag-bohrschlaemme","tag-strassensammelschlaemme","tag-toggenburger-ag","tag-vigier-holding-ag","tag-vito-recycling-ag"],"acf":[],"yoast_head":"<!-- This site is optimized with the Yoast SEO plugin v27.4 - https:\/\/yoast.com\/product\/yoast-seo-wordpress\/ -->\n<title>Modernste Bodenwaschanlage Europas im Berner Jura - Organisator<\/title>\n<meta name=\"description\" content=\"Die Vigier Holding AG und die Toggenburger AG realisieren die modernste Bodenwaschanlage Europas in P\u00e9ry-La Heutte im Berner Jura.\" \/>\n<meta name=\"robots\" content=\"index, follow, max-snippet:-1, max-image-preview:large, max-video-preview:-1\" \/>\n<link rel=\"canonical\" href=\"https:\/\/www.organisator.ch\/fr\/sustainability\/2021-05-27\/modernste-bodenwaschanlage-europas\/\" \/>\n<meta property=\"og:locale\" content=\"fr_FR\" \/>\n<meta property=\"og:type\" content=\"article\" \/>\n<meta property=\"og:title\" content=\"Modernste Bodenwaschanlage Europas im Berner Jura - Organisator\" \/>\n<meta property=\"og:description\" content=\"Die Vigier Holding AG und die Toggenburger AG realisieren die modernste Bodenwaschanlage Europas in P\u00e9ry-La Heutte im Berner Jura.\" \/>\n<meta property=\"og:url\" content=\"https:\/\/www.organisator.ch\/fr\/sustainability\/2021-05-27\/modernste-bodenwaschanlage-europas\/\" \/>\n<meta property=\"og:site_name\" content=\"Organisator\" \/>\n<meta property=\"article:publisher\" content=\"https:\/\/www.facebook.com\/OrganisatorFachmagazin\" \/>\n<meta property=\"article:published_time\" content=\"2021-05-27T04:04:02+00:00\" \/>\n<meta property=\"article:modified_time\" content=\"2022-02-09T10:05:30+00:00\" \/>\n<meta property=\"og:image\" content=\"https:\/\/www.organisator.ch\/wp-content\/uploads\/2021\/05\/Bodenwaschanlage.jpg\" \/>\n\t<meta property=\"og:image:width\" content=\"782\" \/>\n\t<meta property=\"og:image:height\" content=\"556\" \/>\n\t<meta property=\"og:image:type\" content=\"image\/jpeg\" \/>\n<meta name=\"author\" content=\"roger.straessle\" \/>\n<meta name=\"twitter:card\" content=\"summary_large_image\" \/>\n<script type=\"application\/ld+json\" class=\"yoast-schema-graph\">{\"@context\":\"https:\\\/\\\/schema.org\",\"@graph\":[{\"@type\":\"Article\",\"@id\":\"https:\\\/\\\/www.organisator.ch\\\/sustainability\\\/2021-05-27\\\/modernste-bodenwaschanlage-europas\\\/#article\",\"isPartOf\":{\"@id\":\"https:\\\/\\\/www.organisator.ch\\\/sustainability\\\/2021-05-27\\\/modernste-bodenwaschanlage-europas\\\/\"},\"author\":{\"name\":\"roger.straessle\",\"@id\":\"https:\\\/\\\/www.organisator.ch\\\/#\\\/schema\\\/person\\\/a800b8c54e208b160517a7dcc323161d\"},\"headline\":\"Modernste Bodenwaschanlage Europas im Berner Jura\",\"datePublished\":\"2021-05-27T04:04:02+00:00\",\"dateModified\":\"2022-02-09T10:05:30+00:00\",\"mainEntityOfPage\":{\"@id\":\"https:\\\/\\\/www.organisator.ch\\\/sustainability\\\/2021-05-27\\\/modernste-bodenwaschanlage-europas\\\/\"},\"wordCount\":558,\"publisher\":{\"@id\":\"https:\\\/\\\/www.organisator.ch\\\/#organization\"},\"image\":{\"@id\":\"https:\\\/\\\/www.organisator.ch\\\/sustainability\\\/2021-05-27\\\/modernste-bodenwaschanlage-europas\\\/#primaryimage\"},\"thumbnailUrl\":\"https:\\\/\\\/www.organisator.ch\\\/wp-content\\\/uploads\\\/2021\\\/05\\\/Bodenwaschanlage.jpg\",\"keywords\":[\"Bodenwaschanlage\",\"Bohrschl\u00e4mme\",\"Strassensammelschl\u00e4mme\",\"Toggenburger AG\",\"Vigier Holding AG\",\"VITO Recycling AG\"],\"articleSection\":[\"SUSTAINABILITY\"],\"inLanguage\":\"fr-FR\"},{\"@type\":\"WebPage\",\"@id\":\"https:\\\/\\\/www.organisator.ch\\\/sustainability\\\/2021-05-27\\\/modernste-bodenwaschanlage-europas\\\/\",\"url\":\"https:\\\/\\\/www.organisator.ch\\\/sustainability\\\/2021-05-27\\\/modernste-bodenwaschanlage-europas\\\/\",\"name\":\"Modernste Bodenwaschanlage Europas im Berner Jura - Organisator\",\"isPartOf\":{\"@id\":\"https:\\\/\\\/www.organisator.ch\\\/#website\"},\"primaryImageOfPage\":{\"@id\":\"https:\\\/\\\/www.organisator.ch\\\/sustainability\\\/2021-05-27\\\/modernste-bodenwaschanlage-europas\\\/#primaryimage\"},\"image\":{\"@id\":\"https:\\\/\\\/www.organisator.ch\\\/sustainability\\\/2021-05-27\\\/modernste-bodenwaschanlage-europas\\\/#primaryimage\"},\"thumbnailUrl\":\"https:\\\/\\\/www.organisator.ch\\\/wp-content\\\/uploads\\\/2021\\\/05\\\/Bodenwaschanlage.jpg\",\"datePublished\":\"2021-05-27T04:04:02+00:00\",\"dateModified\":\"2022-02-09T10:05:30+00:00\",\"description\":\"Die Vigier Holding AG und die Toggenburger AG realisieren die modernste Bodenwaschanlage Europas in P\u00e9ry-La Heutte im Berner Jura.\",\"breadcrumb\":{\"@id\":\"https:\\\/\\\/www.organisator.ch\\\/sustainability\\\/2021-05-27\\\/modernste-bodenwaschanlage-europas\\\/#breadcrumb\"},\"inLanguage\":\"fr-FR\",\"potentialAction\":[{\"@type\":\"ReadAction\",\"target\":[\"https:\\\/\\\/www.organisator.ch\\\/sustainability\\\/2021-05-27\\\/modernste-bodenwaschanlage-europas\\\/\"]}]},{\"@type\":\"ImageObject\",\"inLanguage\":\"fr-FR\",\"@id\":\"https:\\\/\\\/www.organisator.ch\\\/sustainability\\\/2021-05-27\\\/modernste-bodenwaschanlage-europas\\\/#primaryimage\",\"url\":\"https:\\\/\\\/www.organisator.ch\\\/wp-content\\\/uploads\\\/2021\\\/05\\\/Bodenwaschanlage.jpg\",\"contentUrl\":\"https:\\\/\\\/www.organisator.ch\\\/wp-content\\\/uploads\\\/2021\\\/05\\\/Bodenwaschanlage.jpg\",\"width\":782,\"height\":556,\"caption\":\"1 Metallabscheidung (FE \\\/ NE) 2 Glassortierung 3 Kiesklassierung 4 Leichtgutsortierung 5 Sandw\u00e4sche- und Sandklassierung 6 Zerkleinerung 7 Materialw\u00e4sche 8 Wasseraufbereitung und Filtration\"},{\"@type\":\"BreadcrumbList\",\"@id\":\"https:\\\/\\\/www.organisator.ch\\\/sustainability\\\/2021-05-27\\\/modernste-bodenwaschanlage-europas\\\/#breadcrumb\",\"itemListElement\":[{\"@type\":\"ListItem\",\"position\":1,\"name\":\"Home\",\"item\":\"https:\\\/\\\/www.organisator.ch\\\/\"},{\"@type\":\"ListItem\",\"position\":2,\"name\":\"Modernste Bodenwaschanlage Europas im Berner Jura\"}]},{\"@type\":\"WebSite\",\"@id\":\"https:\\\/\\\/www.organisator.ch\\\/#website\",\"url\":\"https:\\\/\\\/www.organisator.ch\\\/\",\"name\":\"Organisator\",\"description\":\"Kompetent. Praxisnah. Der ORGANISATOR bereitet in 10 Ausgaben pro Jahr die wesentlichen Themen f\u00fcr F\u00fchrungskr\u00e4fte von KMU auf.\",\"publisher\":{\"@id\":\"https:\\\/\\\/www.organisator.ch\\\/#organization\"},\"potentialAction\":[{\"@type\":\"SearchAction\",\"target\":{\"@type\":\"EntryPoint\",\"urlTemplate\":\"https:\\\/\\\/www.organisator.ch\\\/?s={search_term_string}\"},\"query-input\":{\"@type\":\"PropertyValueSpecification\",\"valueRequired\":true,\"valueName\":\"search_term_string\"}}],\"inLanguage\":\"fr-FR\"},{\"@type\":\"Organization\",\"@id\":\"https:\\\/\\\/www.organisator.ch\\\/#organization\",\"name\":\"Organisator\",\"url\":\"https:\\\/\\\/www.organisator.ch\\\/\",\"logo\":{\"@type\":\"ImageObject\",\"inLanguage\":\"fr-FR\",\"@id\":\"https:\\\/\\\/www.organisator.ch\\\/#\\\/schema\\\/logo\\\/image\\\/\",\"url\":\"https:\\\/\\\/www.organisator.ch\\\/wp-content\\\/uploads\\\/2022\\\/01\\\/Logo_Organisator_Website.png\",\"contentUrl\":\"https:\\\/\\\/www.organisator.ch\\\/wp-content\\\/uploads\\\/2022\\\/01\\\/Logo_Organisator_Website.png\",\"width\":800,\"height\":77,\"caption\":\"Organisator\"},\"image\":{\"@id\":\"https:\\\/\\\/www.organisator.ch\\\/#\\\/schema\\\/logo\\\/image\\\/\"},\"sameAs\":[\"https:\\\/\\\/www.facebook.com\\\/OrganisatorFachmagazin\",\"https:\\\/\\\/www.linkedin.com\\\/showcase\\\/organisator-das-magazin-fr-kmu\",\"https:\\\/\\\/www.xing.com\\\/news\\\/pages\\\/organisator-ch-695\",\"https:\\\/\\\/www.youtube.com\\\/channel\\\/UCGP2Sq0iWaZwT3BdIAQFYpw\"]},{\"@type\":\"Person\",\"@id\":\"https:\\\/\\\/www.organisator.ch\\\/#\\\/schema\\\/person\\\/a800b8c54e208b160517a7dcc323161d\",\"name\":\"roger.straessle\",\"image\":{\"@type\":\"ImageObject\",\"inLanguage\":\"fr-FR\",\"@id\":\"https:\\\/\\\/secure.gravatar.com\\\/avatar\\\/?s=96&d=mm&r=g\",\"url\":\"https:\\\/\\\/secure.gravatar.com\\\/avatar\\\/?s=96&d=mm&r=g\",\"contentUrl\":\"https:\\\/\\\/secure.gravatar.com\\\/avatar\\\/?s=96&d=mm&r=g\",\"caption\":\"roger.straessle\"},\"url\":\"https:\\\/\\\/www.organisator.ch\\\/fr\\\/author\\\/roger-straessle\\\/\"}]}<\/script>\n<!-- \/ Yoast SEO plugin. -->","yoast_head_json":{"title":"La station de lavage de sols la plus moderne d'Europe dans le Jura bernois - Organisateur","description":"Vigier Holding AG et Toggenburger AG r\u00e9alisent l'installation de lavage de sols la plus moderne d'Europe \u00e0 P\u00e9ry-La Heutte dans le Jura bernois.","robots":{"index":"index","follow":"follow","max-snippet":"max-snippet:-1","max-image-preview":"max-image-preview:large","max-video-preview":"max-video-preview:-1"},"canonical":"https:\/\/www.organisator.ch\/fr\/sustainability\/2021-05-27\/modernste-bodenwaschanlage-europas\/","og_locale":"fr_FR","og_type":"article","og_title":"Modernste Bodenwaschanlage Europas im Berner Jura - Organisator","og_description":"Die Vigier Holding AG und die Toggenburger AG realisieren die modernste Bodenwaschanlage Europas in P\u00e9ry-La Heutte im Berner Jura.","og_url":"https:\/\/www.organisator.ch\/fr\/sustainability\/2021-05-27\/modernste-bodenwaschanlage-europas\/","og_site_name":"Organisator","article_publisher":"https:\/\/www.facebook.com\/OrganisatorFachmagazin","article_published_time":"2021-05-27T04:04:02+00:00","article_modified_time":"2022-02-09T10:05:30+00:00","og_image":[{"width":782,"height":556,"url":"https:\/\/www.organisator.ch\/wp-content\/uploads\/2021\/05\/Bodenwaschanlage.jpg","type":"image\/jpeg"}],"author":"roger.straessle","twitter_card":"summary_large_image","schema":{"@context":"https:\/\/schema.org","@graph":[{"@type":"Article","@id":"https:\/\/www.organisator.ch\/sustainability\/2021-05-27\/modernste-bodenwaschanlage-europas\/#article","isPartOf":{"@id":"https:\/\/www.organisator.ch\/sustainability\/2021-05-27\/modernste-bodenwaschanlage-europas\/"},"author":{"name":"roger.straessle","@id":"https:\/\/www.organisator.ch\/#\/schema\/person\/a800b8c54e208b160517a7dcc323161d"},"headline":"Modernste Bodenwaschanlage Europas im Berner Jura","datePublished":"2021-05-27T04:04:02+00:00","dateModified":"2022-02-09T10:05:30+00:00","mainEntityOfPage":{"@id":"https:\/\/www.organisator.ch\/sustainability\/2021-05-27\/modernste-bodenwaschanlage-europas\/"},"wordCount":558,"publisher":{"@id":"https:\/\/www.organisator.ch\/#organization"},"image":{"@id":"https:\/\/www.organisator.ch\/sustainability\/2021-05-27\/modernste-bodenwaschanlage-europas\/#primaryimage"},"thumbnailUrl":"https:\/\/www.organisator.ch\/wp-content\/uploads\/2021\/05\/Bodenwaschanlage.jpg","keywords":["Bodenwaschanlage","Bohrschl\u00e4mme","Strassensammelschl\u00e4mme","Toggenburger AG","Vigier Holding AG","VITO Recycling AG"],"articleSection":["SUSTAINABILITY"],"inLanguage":"fr-FR"},{"@type":"WebPage","@id":"https:\/\/www.organisator.ch\/sustainability\/2021-05-27\/modernste-bodenwaschanlage-europas\/","url":"https:\/\/www.organisator.ch\/sustainability\/2021-05-27\/modernste-bodenwaschanlage-europas\/","name":"La station de lavage de sols la plus moderne d'Europe dans le Jura bernois - Organisateur","isPartOf":{"@id":"https:\/\/www.organisator.ch\/#website"},"primaryImageOfPage":{"@id":"https:\/\/www.organisator.ch\/sustainability\/2021-05-27\/modernste-bodenwaschanlage-europas\/#primaryimage"},"image":{"@id":"https:\/\/www.organisator.ch\/sustainability\/2021-05-27\/modernste-bodenwaschanlage-europas\/#primaryimage"},"thumbnailUrl":"https:\/\/www.organisator.ch\/wp-content\/uploads\/2021\/05\/Bodenwaschanlage.jpg","datePublished":"2021-05-27T04:04:02+00:00","dateModified":"2022-02-09T10:05:30+00:00","description":"Vigier Holding AG et Toggenburger AG r\u00e9alisent l'installation de lavage de sols la plus moderne d'Europe \u00e0 P\u00e9ry-La Heutte dans le Jura bernois.","breadcrumb":{"@id":"https:\/\/www.organisator.ch\/sustainability\/2021-05-27\/modernste-bodenwaschanlage-europas\/#breadcrumb"},"inLanguage":"fr-FR","potentialAction":[{"@type":"ReadAction","target":["https:\/\/www.organisator.ch\/sustainability\/2021-05-27\/modernste-bodenwaschanlage-europas\/"]}]},{"@type":"ImageObject","inLanguage":"fr-FR","@id":"https:\/\/www.organisator.ch\/sustainability\/2021-05-27\/modernste-bodenwaschanlage-europas\/#primaryimage","url":"https:\/\/www.organisator.ch\/wp-content\/uploads\/2021\/05\/Bodenwaschanlage.jpg","contentUrl":"https:\/\/www.organisator.ch\/wp-content\/uploads\/2021\/05\/Bodenwaschanlage.jpg","width":782,"height":556,"caption":"1 Metallabscheidung (FE \/ NE) 2 Glassortierung 3 Kiesklassierung 4 Leichtgutsortierung 5 Sandw\u00e4sche- und Sandklassierung 6 Zerkleinerung 7 Materialw\u00e4sche 8 Wasseraufbereitung und Filtration"},{"@type":"BreadcrumbList","@id":"https:\/\/www.organisator.ch\/sustainability\/2021-05-27\/modernste-bodenwaschanlage-europas\/#breadcrumb","itemListElement":[{"@type":"ListItem","position":1,"name":"Home","item":"https:\/\/www.organisator.ch\/"},{"@type":"ListItem","position":2,"name":"Modernste Bodenwaschanlage Europas im Berner Jura"}]},{"@type":"WebSite","@id":"https:\/\/www.organisator.ch\/#website","url":"https:\/\/www.organisator.ch\/","name":"Organisateur","description":"Comp\u00e9tence et comp\u00e9tence. Proches de la pratique. L'ORGANISATEUR pr\u00e9pare 10 num\u00e9ros par an sur les th\u00e8mes essentiels pour les dirigeants de PME.","publisher":{"@id":"https:\/\/www.organisator.ch\/#organization"},"potentialAction":[{"@type":"SearchAction","target":{"@type":"EntryPoint","urlTemplate":"https:\/\/www.organisator.ch\/?s={search_term_string}"},"query-input":{"@type":"PropertyValueSpecification","valueRequired":true,"valueName":"search_term_string"}}],"inLanguage":"fr-FR"},{"@type":"Organization","@id":"https:\/\/www.organisator.ch\/#organization","name":"Organisateur","url":"https:\/\/www.organisator.ch\/","logo":{"@type":"ImageObject","inLanguage":"fr-FR","@id":"https:\/\/www.organisator.ch\/#\/schema\/logo\/image\/","url":"https:\/\/www.organisator.ch\/wp-content\/uploads\/2022\/01\/Logo_Organisator_Website.png","contentUrl":"https:\/\/www.organisator.ch\/wp-content\/uploads\/2022\/01\/Logo_Organisator_Website.png","width":800,"height":77,"caption":"Organisator"},"image":{"@id":"https:\/\/www.organisator.ch\/#\/schema\/logo\/image\/"},"sameAs":["https:\/\/www.facebook.com\/OrganisatorFachmagazin","https:\/\/www.linkedin.com\/showcase\/organisator-das-magazin-fr-kmu","https:\/\/www.xing.com\/news\/pages\/organisator-ch-695","https:\/\/www.youtube.com\/channel\/UCGP2Sq0iWaZwT3BdIAQFYpw"]},{"@type":"Person","@id":"https:\/\/www.organisator.ch\/#\/schema\/person\/a800b8c54e208b160517a7dcc323161d","name":"roger.straessle","image":{"@type":"ImageObject","inLanguage":"fr-FR","@id":"https:\/\/secure.gravatar.com\/avatar\/?s=96&d=mm&r=g","url":"https:\/\/secure.gravatar.com\/avatar\/?s=96&d=mm&r=g","contentUrl":"https:\/\/secure.gravatar.com\/avatar\/?s=96&d=mm&r=g","caption":"roger.straessle"},"url":"https:\/\/www.organisator.ch\/fr\/author\/roger-straessle\/"}]}},"_links":{"self":[{"href":"https:\/\/www.organisator.ch\/fr\/wp-json\/wp\/v2\/posts\/10282","targetHints":{"allow":["GET"]}}],"collection":[{"href":"https:\/\/www.organisator.ch\/fr\/wp-json\/wp\/v2\/posts"}],"about":[{"href":"https:\/\/www.organisator.ch\/fr\/wp-json\/wp\/v2\/types\/post"}],"author":[{"embeddable":true,"href":"https:\/\/www.organisator.ch\/fr\/wp-json\/wp\/v2\/users\/6"}],"replies":[{"embeddable":true,"href":"https:\/\/www.organisator.ch\/fr\/wp-json\/wp\/v2\/comments?post=10282"}],"version-history":[{"count":1,"href":"https:\/\/www.organisator.ch\/fr\/wp-json\/wp\/v2\/posts\/10282\/revisions"}],"predecessor-version":[{"id":10366,"href":"https:\/\/www.organisator.ch\/fr\/wp-json\/wp\/v2\/posts\/10282\/revisions\/10366"}],"wp:featuredmedia":[{"embeddable":true,"href":"https:\/\/www.organisator.ch\/fr\/wp-json\/wp\/v2\/media\/9796"}],"wp:attachment":[{"href":"https:\/\/www.organisator.ch\/fr\/wp-json\/wp\/v2\/media?parent=10282"}],"wp:term":[{"taxonomy":"category","embeddable":true,"href":"https:\/\/www.organisator.ch\/fr\/wp-json\/wp\/v2\/categories?post=10282"},{"taxonomy":"post_tag","embeddable":true,"href":"https:\/\/www.organisator.ch\/fr\/wp-json\/wp\/v2\/tags?post=10282"}],"curies":[{"name":"wp","href":"https:\/\/api.w.org\/{rel}","templated":true}]}}