{"id":10284,"date":"2021-06-01T12:00:46","date_gmt":"2021-06-01T10:00:46","guid":{"rendered":"https:\/\/www.umweltperspektiven.ch\/?p=4315"},"modified":"2022-02-09T11:06:08","modified_gmt":"2022-02-09T10:06:08","slug":"klimaschutz-bringt-billigere-energie","status":"publish","type":"post","link":"https:\/\/www.organisator.ch\/fr\/sustainability\/2021-06-01\/klimaschutz-bringt-billigere-energie\/","title":{"rendered":"La protection du climat permet d'obtenir une \u00e9nergie moins ch\u00e8re"},"content":{"rendered":"<figure id=\"attachment_4316\" aria-describedby=\"caption-attachment-4316\" style=\"width: 680px\" class=\"wp-caption aligncenter\"><img loading=\"lazy\" decoding=\"async\" class=\"size-medium wp-image-4316\" src=\"\/\/www.umweltperspektiven.ch\/wp-content\/uploads\/2021\/05\/Depositphotos_12736170_s-2019-1.jpg\" alt=\"Protection du climat\" width=\"680\" height=\"468\" \/><figcaption id=\"caption-attachment-4316\" class=\"wp-caption-text\">Depositphotos, eyematrix<\/figcaption><\/figure>\n<p>Lorsque le prix de l'essence s'est envol\u00e9 au d\u00e9but des ann\u00e9es 1980, j'ai demand\u00e9 \u00e0 mon p\u00e8re combien co\u00fbtait l'essence lorsqu'il a appris \u00e0 conduire, \u00e0 New York, dans les ann\u00e9es 1930. 20 centimes par gallon, m'a-t-il r\u00e9pondu, soit seulement 5 centimes par litre. Mais ce n'\u00e9tait avantageux qu'en apparence : si l'on consid\u00e8re les salaires et le co\u00fbt de la vie, conduire une voiture dans les ann\u00e9es 1930 \u00e9tait m\u00eame plus cher que dans les ann\u00e9es 1980. Et plus cher dans les ann\u00e9es 1980 qu'aujourd'hui.<\/p>\n<p>En effet, la plupart des choses li\u00e9es \u00e0 l'\u00e9nergie sont devenues moins ch\u00e8res. C'est un principe \u00e9conomique bien connu : plus une soci\u00e9t\u00e9 industrielle produit quelque chose, plus les \u00e9conomies d'\u00e9chelle se mettent en place, plus l'efficacit\u00e9 augmente et plus les co\u00fbts baissent. C'est ce qui nous a permis d'avoir des voitures, des ordinateurs et des ampoules LED abordables.<\/p>\n<h2><strong>Le renouvelable devient bon march\u00e9<\/strong><\/h2>\n<p>Pour limiter le changement climatique et pr\u00e9server la plan\u00e8te pour les g\u00e9n\u00e9rations futures, nous avons environ 25 ans pour \u00e9liminer les \u00e9missions de CO2 de notre consommation d'\u00e9nergie. Le moyen le plus \u00e9conomique d'y parvenir est d'utiliser de l'\u00e9lectricit\u00e9 produite \u00e0 partir de sources renouvelables pour nos voitures, nos syst\u00e8mes de chauffage et presque tout le reste. Dans les rares cas o\u00f9 cela ne fonctionne pas, comme pour les avions, nous pouvons \u00e9galement utiliser de l'\u00e9nergie renouvelable pour synth\u00e9tiser des combustibles propres \u00e0 partir de l'air et de l'eau. Cela peut sembler utopique dans l'\u00e9tat actuel des choses - mais ce n'est pas le cas. Le fait est que l'\u00e9nergie renouvelable suit \u00e9galement les m\u00eames r\u00e8gles \u00e9conomiques de baisse des co\u00fbts, encore plus que les combustibles fossiles.<\/p>\n<p>Au cours des 20 derni\u00e8res ann\u00e9es, le co\u00fbt total de la production d'\u00e9lectricit\u00e9 solaire a baiss\u00e9 de 90 pour cent pour atteindre environ 5 centimes par kWh, soit \u00e0 peu pr\u00e8s le m\u00eame prix que l'\u00e9lectricit\u00e9 produite \u00e0 partir de charbon et de gaz naturel. Au cours des 20 prochaines ann\u00e9es, le co\u00fbt de l'\u00e9lectricit\u00e9 solaire devrait encore baisser de 50 \u00e0 75 pour cent.<\/p>\n<p>Il en va de m\u00eame pour la mobilit\u00e9 \u00e9lectrique. Il y a dix ans, le co\u00fbt total d'utilisation d'une voiture \u00e9lectrique \u00e9tait plusieurs fois sup\u00e9rieur \u00e0 celui d'une voiture comparable \u00e0 essence ou diesel. Aujourd'hui, la voiture \u00e9lectrique est d\u00e9j\u00e0 un peu moins ch\u00e8re dans son ensemble ; le prix d'achat est certes l\u00e9g\u00e8rement plus \u00e9lev\u00e9, mais les co\u00fbts d'exploitation sont nettement plus faibles. Dans dix ans, la voiture \u00e9lectrique sera \u00e9galement nettement moins ch\u00e8re \u00e0 l'achat.<\/p>\n<h2><strong>Une surconsommation limit\u00e9e<\/strong><\/h2>\n<p>Mais cette \u00e9nergie bon march\u00e9 doit-elle nous inqui\u00e9ter parce que nous en consommerons d'autant plus ? Je ne vois aucune raison de paniquer. Tout d'abord, la consommation d'\u00e9nergie est \"in\u00e9lastique\" : une modification du prix n'a qu'un effet minime sur la demande. Si le prix de l'\u00e9nergie augmente, nous continuons \u00e0 faire la navette pour aller travailler et \u00e0 chauffer nos logements parce que nous y sommes oblig\u00e9s. Si le prix baisse, cela n'a \u00e9galement qu'un petit effet d'augmentation de la consommation, que l'on peut contrecarrer par des mesures d'efficacit\u00e9.<\/p>\n<p>Deuxi\u00e8mement, il y a plus qu'assez de soleil, de vent et de chaleur g\u00e9othermique pour fournir toute l'\u00e9lectricit\u00e9 renouvelable et une grande partie de l'\u00e9nergie de chauffage dont nous aurons besoin. Certes, ces sources ne sont pas r\u00e9parties uniform\u00e9ment sur la plan\u00e8te, mais les \u00e9nergies fossiles ne le sont pas non plus. Nous avons simul\u00e9 en d\u00e9tail le syst\u00e8me \u00e9nerg\u00e9tique suisse neutre pour le climat, avec des mod\u00e8les m\u00e9t\u00e9orologiques horaires et des variations saisonni\u00e8res. Et nous constatons qu'il fonctionne de la mani\u00e8re la plus fiable et la plus \u00e9conomique si nous importons \u00e0 l'avenir environ 25 pour cent de notre consommation d'\u00e9nergie. Aujourd'hui, les importations d'\u00e9nergie s'\u00e9l\u00e8vent \u00e0 environ 75 pour cent.<\/p>\n<h2><strong>Guider le changement<\/strong><\/h2>\n<p>Dans le d\u00e9bat houleux sur les taxes pr\u00e9vues, on oublie facilement de quoi il s'agit : les taxes d'incitation rench\u00e9rissent les combustibles et carburants fossiles et favorisent ainsi le passage aux \u00e9nergies renouvelables, qui deviennent ainsi toujours plus avantageuses. Une taxe d'incitation est efficace si, \u00e0 la fin, plus personne ne doit la payer parce que tout le monde est pass\u00e9 \u00e0 l'\u00e9nergie renouvelable. D'autres instruments cr\u00e9ent des incitations directes en all\u00e9geant financi\u00e8rement la mobilit\u00e9 \u00e9lectrique ou le remplacement des installations de chauffage, par exemple. La plupart des pays utilisent ces deux moyens pour encourager le changement. C'est ce que pr\u00e9voit \u00e9galement le nouveau <a href=\"\/\/www.umweltperspektiven.ch\/was-das-revidierte-co2-gesetz-bewirken-will\/\">Loi sur le CO2<\/a> avant.<\/p>\n<h2><strong>Protection du climat : une action rapide est d\u00e9cisive<\/strong><\/h2>\n<p>Il est possible que nous ayons un jour besoin de prescriptions plus strictes, comme autrefois pour l'essence au plomb ou les catalyseurs obligatoires, afin de nous affranchir totalement des \u00e9nergies fossiles. Mais de telles prescriptions ne seront susceptibles de r\u00e9unir une majorit\u00e9 que lorsque les \u00e9nergies renouvelables seront si bon march\u00e9 et si courantes que peu de personnes et d'entreprises voudront encore se d\u00e9placer avec des \u00e9nergies fossiles. Cela pourrait tr\u00e8s bien se faire tout seul. Mais avec les bonnes mesures, le processus peut \u00eatre garanti et nettement acc\u00e9l\u00e9r\u00e9.<\/p>\n<p>Une politique climatique suisse rigoureuse peut r\u00e9duire les \u00e9missions de CO2 dans notre pays et contribuer de mani\u00e8re d\u00e9cisive \u00e0 ce que les \u00e9nergies renouvelables deviennent moins ch\u00e8res que les \u00e9nergies fossiles ne l'ont jamais \u00e9t\u00e9. Cela est \u00e9galement pertinent pour d'autres pays, dont le cours climatique d\u00e9termine \u00e0 son tour notre avenir. Au cours des 20 prochaines ann\u00e9es, un milliard de personnes en Afrique et en Asie auront acc\u00e8s \u00e0 l'\u00e9nergie. Leurs gouvernements ont tout int\u00e9r\u00eat \u00e0 choisir la forme d'\u00e9nergie la moins ch\u00e8re. L'action est donc importante, et la vitesse compte.<\/p>\n<p><em>Source : ETH-News<\/em><\/p>","protected":false},"excerpt":{"rendered":"<p>Als die Benzinpreise in den fr\u00fchen 1980er Jahren in die H\u00f6he schnellten, fragte ich meinen Vater, wie viel das Benzin gekostet hatte, als er Autofahren lernte, damals in New York in den 1930er Jahren. 20 Cent pro Gallone, sagte er, also lediglich 5 Rappen pro Liter. Doch das war nur scheinbar g\u00fcnstig: Gemessen an den [&hellip;]<\/p>\n","protected":false},"author":6,"featured_media":9800,"comment_status":"closed","ping_status":"closed","sticky":false,"template":"","format":"standard","meta":{"_acf_changed":false,"_yoast_wpseo_focuskw":"Klimaschutz","_yoast_wpseo_metadesc":"Massnahmen gegen den Klimawandel werden gemeinhin mit Energieabgaben und hohen Kosten assoziiert. Doch das Gegenteil ist der Fall.","articlekey":"","footnotes":""},"categories":[580],"tags":[1335,300],"class_list":["post-10284","post","type-post","status-publish","format-standard","has-post-thumbnail","hentry","category-sustainability","tag-guenstige-energie","tag-klimaschutz"],"acf":[],"yoast_head":"<!-- This site is optimized with the Yoast SEO plugin v27.4 - https:\/\/yoast.com\/product\/yoast-seo-wordpress\/ -->\n<title>Klimaschutz bringt billigere Energie - Organisator<\/title>\n<meta name=\"description\" content=\"Massnahmen gegen den Klimawandel werden gemeinhin mit Energieabgaben und hohen Kosten assoziiert. Doch das Gegenteil ist der Fall.\" \/>\n<meta name=\"robots\" content=\"index, follow, max-snippet:-1, max-image-preview:large, max-video-preview:-1\" \/>\n<link rel=\"canonical\" href=\"https:\/\/www.organisator.ch\/fr\/sustainability\/2021-06-01\/klimaschutz-bringt-billigere-energie\/\" \/>\n<meta property=\"og:locale\" content=\"fr_FR\" \/>\n<meta property=\"og:type\" content=\"article\" \/>\n<meta property=\"og:title\" content=\"Klimaschutz bringt billigere Energie - Organisator\" \/>\n<meta property=\"og:description\" content=\"Massnahmen gegen den Klimawandel werden gemeinhin mit Energieabgaben und hohen Kosten assoziiert. Doch das Gegenteil ist der Fall.\" \/>\n<meta property=\"og:url\" content=\"https:\/\/www.organisator.ch\/fr\/sustainability\/2021-06-01\/klimaschutz-bringt-billigere-energie\/\" \/>\n<meta property=\"og:site_name\" content=\"Organisator\" \/>\n<meta property=\"article:publisher\" content=\"https:\/\/www.facebook.com\/OrganisatorFachmagazin\" \/>\n<meta property=\"article:published_time\" content=\"2021-06-01T10:00:46+00:00\" \/>\n<meta property=\"article:modified_time\" content=\"2022-02-09T10:06:08+00:00\" \/>\n<meta property=\"og:image\" content=\"https:\/\/www.organisator.ch\/wp-content\/uploads\/2021\/05\/Depositphotos_12736170_s-2019-1.jpg\" \/>\n\t<meta property=\"og:image:width\" content=\"999\" \/>\n\t<meta property=\"og:image:height\" content=\"688\" \/>\n\t<meta property=\"og:image:type\" content=\"image\/jpeg\" \/>\n<meta name=\"author\" content=\"roger.straessle\" \/>\n<meta name=\"twitter:card\" content=\"summary_large_image\" \/>\n<script type=\"application\/ld+json\" class=\"yoast-schema-graph\">{\"@context\":\"https:\\\/\\\/schema.org\",\"@graph\":[{\"@type\":\"Article\",\"@id\":\"https:\\\/\\\/www.organisator.ch\\\/sustainability\\\/2021-06-01\\\/klimaschutz-bringt-billigere-energie\\\/#article\",\"isPartOf\":{\"@id\":\"https:\\\/\\\/www.organisator.ch\\\/sustainability\\\/2021-06-01\\\/klimaschutz-bringt-billigere-energie\\\/\"},\"author\":{\"name\":\"roger.straessle\",\"@id\":\"https:\\\/\\\/www.organisator.ch\\\/#\\\/schema\\\/person\\\/a800b8c54e208b160517a7dcc323161d\"},\"headline\":\"Klimaschutz bringt billigere Energie\",\"datePublished\":\"2021-06-01T10:00:46+00:00\",\"dateModified\":\"2022-02-09T10:06:08+00:00\",\"mainEntityOfPage\":{\"@id\":\"https:\\\/\\\/www.organisator.ch\\\/sustainability\\\/2021-06-01\\\/klimaschutz-bringt-billigere-energie\\\/\"},\"wordCount\":782,\"publisher\":{\"@id\":\"https:\\\/\\\/www.organisator.ch\\\/#organization\"},\"image\":{\"@id\":\"https:\\\/\\\/www.organisator.ch\\\/sustainability\\\/2021-06-01\\\/klimaschutz-bringt-billigere-energie\\\/#primaryimage\"},\"thumbnailUrl\":\"https:\\\/\\\/www.organisator.ch\\\/wp-content\\\/uploads\\\/2021\\\/05\\\/Depositphotos_12736170_s-2019-1.jpg\",\"keywords\":[\"g\u00fcnstige Energie\",\"Klimaschutz\"],\"articleSection\":[\"SUSTAINABILITY\"],\"inLanguage\":\"fr-FR\"},{\"@type\":\"WebPage\",\"@id\":\"https:\\\/\\\/www.organisator.ch\\\/sustainability\\\/2021-06-01\\\/klimaschutz-bringt-billigere-energie\\\/\",\"url\":\"https:\\\/\\\/www.organisator.ch\\\/sustainability\\\/2021-06-01\\\/klimaschutz-bringt-billigere-energie\\\/\",\"name\":\"Klimaschutz bringt billigere Energie - Organisator\",\"isPartOf\":{\"@id\":\"https:\\\/\\\/www.organisator.ch\\\/#website\"},\"primaryImageOfPage\":{\"@id\":\"https:\\\/\\\/www.organisator.ch\\\/sustainability\\\/2021-06-01\\\/klimaschutz-bringt-billigere-energie\\\/#primaryimage\"},\"image\":{\"@id\":\"https:\\\/\\\/www.organisator.ch\\\/sustainability\\\/2021-06-01\\\/klimaschutz-bringt-billigere-energie\\\/#primaryimage\"},\"thumbnailUrl\":\"https:\\\/\\\/www.organisator.ch\\\/wp-content\\\/uploads\\\/2021\\\/05\\\/Depositphotos_12736170_s-2019-1.jpg\",\"datePublished\":\"2021-06-01T10:00:46+00:00\",\"dateModified\":\"2022-02-09T10:06:08+00:00\",\"description\":\"Massnahmen gegen den Klimawandel werden gemeinhin mit Energieabgaben und hohen Kosten assoziiert. Doch das Gegenteil ist der Fall.\",\"breadcrumb\":{\"@id\":\"https:\\\/\\\/www.organisator.ch\\\/sustainability\\\/2021-06-01\\\/klimaschutz-bringt-billigere-energie\\\/#breadcrumb\"},\"inLanguage\":\"fr-FR\",\"potentialAction\":[{\"@type\":\"ReadAction\",\"target\":[\"https:\\\/\\\/www.organisator.ch\\\/sustainability\\\/2021-06-01\\\/klimaschutz-bringt-billigere-energie\\\/\"]}]},{\"@type\":\"ImageObject\",\"inLanguage\":\"fr-FR\",\"@id\":\"https:\\\/\\\/www.organisator.ch\\\/sustainability\\\/2021-06-01\\\/klimaschutz-bringt-billigere-energie\\\/#primaryimage\",\"url\":\"https:\\\/\\\/www.organisator.ch\\\/wp-content\\\/uploads\\\/2021\\\/05\\\/Depositphotos_12736170_s-2019-1.jpg\",\"contentUrl\":\"https:\\\/\\\/www.organisator.ch\\\/wp-content\\\/uploads\\\/2021\\\/05\\\/Depositphotos_12736170_s-2019-1.jpg\",\"width\":999,\"height\":688,\"caption\":\"\u00a9 Depositphotos, eyematrix\"},{\"@type\":\"BreadcrumbList\",\"@id\":\"https:\\\/\\\/www.organisator.ch\\\/sustainability\\\/2021-06-01\\\/klimaschutz-bringt-billigere-energie\\\/#breadcrumb\",\"itemListElement\":[{\"@type\":\"ListItem\",\"position\":1,\"name\":\"Home\",\"item\":\"https:\\\/\\\/www.organisator.ch\\\/\"},{\"@type\":\"ListItem\",\"position\":2,\"name\":\"Klimaschutz bringt billigere Energie\"}]},{\"@type\":\"WebSite\",\"@id\":\"https:\\\/\\\/www.organisator.ch\\\/#website\",\"url\":\"https:\\\/\\\/www.organisator.ch\\\/\",\"name\":\"Organisator\",\"description\":\"Kompetent. Praxisnah. Der ORGANISATOR bereitet in 10 Ausgaben pro Jahr die wesentlichen Themen f\u00fcr F\u00fchrungskr\u00e4fte von KMU auf.\",\"publisher\":{\"@id\":\"https:\\\/\\\/www.organisator.ch\\\/#organization\"},\"potentialAction\":[{\"@type\":\"SearchAction\",\"target\":{\"@type\":\"EntryPoint\",\"urlTemplate\":\"https:\\\/\\\/www.organisator.ch\\\/?s={search_term_string}\"},\"query-input\":{\"@type\":\"PropertyValueSpecification\",\"valueRequired\":true,\"valueName\":\"search_term_string\"}}],\"inLanguage\":\"fr-FR\"},{\"@type\":\"Organization\",\"@id\":\"https:\\\/\\\/www.organisator.ch\\\/#organization\",\"name\":\"Organisator\",\"url\":\"https:\\\/\\\/www.organisator.ch\\\/\",\"logo\":{\"@type\":\"ImageObject\",\"inLanguage\":\"fr-FR\",\"@id\":\"https:\\\/\\\/www.organisator.ch\\\/#\\\/schema\\\/logo\\\/image\\\/\",\"url\":\"https:\\\/\\\/www.organisator.ch\\\/wp-content\\\/uploads\\\/2022\\\/01\\\/Logo_Organisator_Website.png\",\"contentUrl\":\"https:\\\/\\\/www.organisator.ch\\\/wp-content\\\/uploads\\\/2022\\\/01\\\/Logo_Organisator_Website.png\",\"width\":800,\"height\":77,\"caption\":\"Organisator\"},\"image\":{\"@id\":\"https:\\\/\\\/www.organisator.ch\\\/#\\\/schema\\\/logo\\\/image\\\/\"},\"sameAs\":[\"https:\\\/\\\/www.facebook.com\\\/OrganisatorFachmagazin\",\"https:\\\/\\\/www.linkedin.com\\\/showcase\\\/organisator-das-magazin-fr-kmu\",\"https:\\\/\\\/www.xing.com\\\/news\\\/pages\\\/organisator-ch-695\",\"https:\\\/\\\/www.youtube.com\\\/channel\\\/UCGP2Sq0iWaZwT3BdIAQFYpw\"]},{\"@type\":\"Person\",\"@id\":\"https:\\\/\\\/www.organisator.ch\\\/#\\\/schema\\\/person\\\/a800b8c54e208b160517a7dcc323161d\",\"name\":\"roger.straessle\",\"image\":{\"@type\":\"ImageObject\",\"inLanguage\":\"fr-FR\",\"@id\":\"https:\\\/\\\/secure.gravatar.com\\\/avatar\\\/?s=96&d=mm&r=g\",\"url\":\"https:\\\/\\\/secure.gravatar.com\\\/avatar\\\/?s=96&d=mm&r=g\",\"contentUrl\":\"https:\\\/\\\/secure.gravatar.com\\\/avatar\\\/?s=96&d=mm&r=g\",\"caption\":\"roger.straessle\"},\"url\":\"https:\\\/\\\/www.organisator.ch\\\/fr\\\/author\\\/roger-straessle\\\/\"}]}<\/script>\n<!-- \/ Yoast SEO plugin. -->","yoast_head_json":{"title":"La protection du climat permet d'obtenir une \u00e9nergie moins ch\u00e8re - Organisateur","description":"Les mesures de lutte contre le changement climatique sont g\u00e9n\u00e9ralement associ\u00e9es \u00e0 des taxes sur l'\u00e9nergie et \u00e0 des co\u00fbts \u00e9lev\u00e9s. C'est pourtant le contraire qui se produit.","robots":{"index":"index","follow":"follow","max-snippet":"max-snippet:-1","max-image-preview":"max-image-preview:large","max-video-preview":"max-video-preview:-1"},"canonical":"https:\/\/www.organisator.ch\/fr\/sustainability\/2021-06-01\/klimaschutz-bringt-billigere-energie\/","og_locale":"fr_FR","og_type":"article","og_title":"Klimaschutz bringt billigere Energie - Organisator","og_description":"Massnahmen gegen den Klimawandel werden gemeinhin mit Energieabgaben und hohen Kosten assoziiert. Doch das Gegenteil ist der Fall.","og_url":"https:\/\/www.organisator.ch\/fr\/sustainability\/2021-06-01\/klimaschutz-bringt-billigere-energie\/","og_site_name":"Organisator","article_publisher":"https:\/\/www.facebook.com\/OrganisatorFachmagazin","article_published_time":"2021-06-01T10:00:46+00:00","article_modified_time":"2022-02-09T10:06:08+00:00","og_image":[{"width":999,"height":688,"url":"https:\/\/www.organisator.ch\/wp-content\/uploads\/2021\/05\/Depositphotos_12736170_s-2019-1.jpg","type":"image\/jpeg"}],"author":"roger.straessle","twitter_card":"summary_large_image","schema":{"@context":"https:\/\/schema.org","@graph":[{"@type":"Article","@id":"https:\/\/www.organisator.ch\/sustainability\/2021-06-01\/klimaschutz-bringt-billigere-energie\/#article","isPartOf":{"@id":"https:\/\/www.organisator.ch\/sustainability\/2021-06-01\/klimaschutz-bringt-billigere-energie\/"},"author":{"name":"roger.straessle","@id":"https:\/\/www.organisator.ch\/#\/schema\/person\/a800b8c54e208b160517a7dcc323161d"},"headline":"Klimaschutz bringt billigere Energie","datePublished":"2021-06-01T10:00:46+00:00","dateModified":"2022-02-09T10:06:08+00:00","mainEntityOfPage":{"@id":"https:\/\/www.organisator.ch\/sustainability\/2021-06-01\/klimaschutz-bringt-billigere-energie\/"},"wordCount":782,"publisher":{"@id":"https:\/\/www.organisator.ch\/#organization"},"image":{"@id":"https:\/\/www.organisator.ch\/sustainability\/2021-06-01\/klimaschutz-bringt-billigere-energie\/#primaryimage"},"thumbnailUrl":"https:\/\/www.organisator.ch\/wp-content\/uploads\/2021\/05\/Depositphotos_12736170_s-2019-1.jpg","keywords":["g\u00fcnstige Energie","Klimaschutz"],"articleSection":["SUSTAINABILITY"],"inLanguage":"fr-FR"},{"@type":"WebPage","@id":"https:\/\/www.organisator.ch\/sustainability\/2021-06-01\/klimaschutz-bringt-billigere-energie\/","url":"https:\/\/www.organisator.ch\/sustainability\/2021-06-01\/klimaschutz-bringt-billigere-energie\/","name":"La protection du climat permet d'obtenir une \u00e9nergie moins ch\u00e8re - Organisateur","isPartOf":{"@id":"https:\/\/www.organisator.ch\/#website"},"primaryImageOfPage":{"@id":"https:\/\/www.organisator.ch\/sustainability\/2021-06-01\/klimaschutz-bringt-billigere-energie\/#primaryimage"},"image":{"@id":"https:\/\/www.organisator.ch\/sustainability\/2021-06-01\/klimaschutz-bringt-billigere-energie\/#primaryimage"},"thumbnailUrl":"https:\/\/www.organisator.ch\/wp-content\/uploads\/2021\/05\/Depositphotos_12736170_s-2019-1.jpg","datePublished":"2021-06-01T10:00:46+00:00","dateModified":"2022-02-09T10:06:08+00:00","description":"Les mesures de lutte contre le changement climatique sont g\u00e9n\u00e9ralement associ\u00e9es \u00e0 des taxes sur l'\u00e9nergie et \u00e0 des co\u00fbts \u00e9lev\u00e9s. C'est pourtant le contraire qui se produit.","breadcrumb":{"@id":"https:\/\/www.organisator.ch\/sustainability\/2021-06-01\/klimaschutz-bringt-billigere-energie\/#breadcrumb"},"inLanguage":"fr-FR","potentialAction":[{"@type":"ReadAction","target":["https:\/\/www.organisator.ch\/sustainability\/2021-06-01\/klimaschutz-bringt-billigere-energie\/"]}]},{"@type":"ImageObject","inLanguage":"fr-FR","@id":"https:\/\/www.organisator.ch\/sustainability\/2021-06-01\/klimaschutz-bringt-billigere-energie\/#primaryimage","url":"https:\/\/www.organisator.ch\/wp-content\/uploads\/2021\/05\/Depositphotos_12736170_s-2019-1.jpg","contentUrl":"https:\/\/www.organisator.ch\/wp-content\/uploads\/2021\/05\/Depositphotos_12736170_s-2019-1.jpg","width":999,"height":688,"caption":"\u00a9 Depositphotos, eyematrix"},{"@type":"BreadcrumbList","@id":"https:\/\/www.organisator.ch\/sustainability\/2021-06-01\/klimaschutz-bringt-billigere-energie\/#breadcrumb","itemListElement":[{"@type":"ListItem","position":1,"name":"Home","item":"https:\/\/www.organisator.ch\/"},{"@type":"ListItem","position":2,"name":"Klimaschutz bringt billigere Energie"}]},{"@type":"WebSite","@id":"https:\/\/www.organisator.ch\/#website","url":"https:\/\/www.organisator.ch\/","name":"Organisateur","description":"Comp\u00e9tence et comp\u00e9tence. Proches de la pratique. L'ORGANISATEUR pr\u00e9pare 10 num\u00e9ros par an sur les th\u00e8mes essentiels pour les dirigeants de PME.","publisher":{"@id":"https:\/\/www.organisator.ch\/#organization"},"potentialAction":[{"@type":"SearchAction","target":{"@type":"EntryPoint","urlTemplate":"https:\/\/www.organisator.ch\/?s={search_term_string}"},"query-input":{"@type":"PropertyValueSpecification","valueRequired":true,"valueName":"search_term_string"}}],"inLanguage":"fr-FR"},{"@type":"Organization","@id":"https:\/\/www.organisator.ch\/#organization","name":"Organisateur","url":"https:\/\/www.organisator.ch\/","logo":{"@type":"ImageObject","inLanguage":"fr-FR","@id":"https:\/\/www.organisator.ch\/#\/schema\/logo\/image\/","url":"https:\/\/www.organisator.ch\/wp-content\/uploads\/2022\/01\/Logo_Organisator_Website.png","contentUrl":"https:\/\/www.organisator.ch\/wp-content\/uploads\/2022\/01\/Logo_Organisator_Website.png","width":800,"height":77,"caption":"Organisator"},"image":{"@id":"https:\/\/www.organisator.ch\/#\/schema\/logo\/image\/"},"sameAs":["https:\/\/www.facebook.com\/OrganisatorFachmagazin","https:\/\/www.linkedin.com\/showcase\/organisator-das-magazin-fr-kmu","https:\/\/www.xing.com\/news\/pages\/organisator-ch-695","https:\/\/www.youtube.com\/channel\/UCGP2Sq0iWaZwT3BdIAQFYpw"]},{"@type":"Person","@id":"https:\/\/www.organisator.ch\/#\/schema\/person\/a800b8c54e208b160517a7dcc323161d","name":"roger.straessle","image":{"@type":"ImageObject","inLanguage":"fr-FR","@id":"https:\/\/secure.gravatar.com\/avatar\/?s=96&d=mm&r=g","url":"https:\/\/secure.gravatar.com\/avatar\/?s=96&d=mm&r=g","contentUrl":"https:\/\/secure.gravatar.com\/avatar\/?s=96&d=mm&r=g","caption":"roger.straessle"},"url":"https:\/\/www.organisator.ch\/fr\/author\/roger-straessle\/"}]}},"_links":{"self":[{"href":"https:\/\/www.organisator.ch\/fr\/wp-json\/wp\/v2\/posts\/10284","targetHints":{"allow":["GET"]}}],"collection":[{"href":"https:\/\/www.organisator.ch\/fr\/wp-json\/wp\/v2\/posts"}],"about":[{"href":"https:\/\/www.organisator.ch\/fr\/wp-json\/wp\/v2\/types\/post"}],"author":[{"embeddable":true,"href":"https:\/\/www.organisator.ch\/fr\/wp-json\/wp\/v2\/users\/6"}],"replies":[{"embeddable":true,"href":"https:\/\/www.organisator.ch\/fr\/wp-json\/wp\/v2\/comments?post=10284"}],"version-history":[{"count":1,"href":"https:\/\/www.organisator.ch\/fr\/wp-json\/wp\/v2\/posts\/10284\/revisions"}],"predecessor-version":[{"id":10479,"href":"https:\/\/www.organisator.ch\/fr\/wp-json\/wp\/v2\/posts\/10284\/revisions\/10479"}],"wp:featuredmedia":[{"embeddable":true,"href":"https:\/\/www.organisator.ch\/fr\/wp-json\/wp\/v2\/media\/9800"}],"wp:attachment":[{"href":"https:\/\/www.organisator.ch\/fr\/wp-json\/wp\/v2\/media?parent=10284"}],"wp:term":[{"taxonomy":"category","embeddable":true,"href":"https:\/\/www.organisator.ch\/fr\/wp-json\/wp\/v2\/categories?post=10284"},{"taxonomy":"post_tag","embeddable":true,"href":"https:\/\/www.organisator.ch\/fr\/wp-json\/wp\/v2\/tags?post=10284"}],"curies":[{"name":"wp","href":"https:\/\/api.w.org\/{rel}","templated":true}]}}