{"id":10286,"date":"2021-06-03T07:30:38","date_gmt":"2021-06-03T05:30:38","guid":{"rendered":"https:\/\/www.umweltperspektiven.ch\/?p=4319"},"modified":"2022-02-09T11:06:08","modified_gmt":"2022-02-09T10:06:08","slug":"atos-tritt-green-lab-initiative-in-bern-bei","status":"publish","type":"post","link":"https:\/\/www.organisator.ch\/fr\/sustainability\/2021-06-03\/atos-tritt-green-lab-initiative-in-bern-bei\/","title":{"rendered":"Atos rejoint l'initiative Green Lab \u00e0 Berne"},"content":{"rendered":"<figure id=\"attachment_4320\" aria-describedby=\"caption-attachment-4320\" style=\"width: 680px\" class=\"wp-caption aligncenter\"><img loading=\"lazy\" decoding=\"async\" class=\"size-medium wp-image-4320\" src=\"\/\/www.umweltperspektiven.ch\/wp-content\/uploads\/2021\/06\/Depositphotos_6857682_s-2019.jpg\" alt=\"Laboratoire vert\" width=\"680\" height=\"454\" \/><figcaption id=\"caption-attachment-4320\" class=\"wp-caption-text\">Depositphotos, alexraths<\/figcaption><\/figure>\n<p>Conform\u00e9ment \u00e0 l'accord de Paris sur le climat, la Suisse s'est engag\u00e9e \u00e0 r\u00e9duire de moiti\u00e9 ses \u00e9missions de gaz \u00e0 effet de serre au cours de cette d\u00e9cennie et \u00e0 ne produire, au plus tard en 2050, que la quantit\u00e9 de CO2 qui peut \u00eatre absorb\u00e9e. Cela signifie entre autres choses : Les besoins \u00e9nerg\u00e9tiques des complexes industriels et des b\u00e2timents doivent diminuer de mani\u00e8re drastique.<\/p>\n<p>Comme <a href=\"\/\/greenlab.ch\/\">Laboratoire vert<\/a> les nombreux complexes de laboratoires de la Suisse, pays de recherche, influencent consid\u00e9rablement son \u00e9cobilan : par rapport \u00e0 un immeuble de bureaux de surface comparable, un laboratoire consomme jusqu'\u00e0 dix fois plus d'\u00e9nergie. Une part importante de cette \u00e9nergie - 90% dans les cas extr\u00eames - est utilis\u00e9e pour l'exploitation de l'infrastructure. Renouveler celle-ci revient donc souvent moins cher que d'essayer de relever les d\u00e9fis d'aujourd'hui et de demain avec les infrastructures d'hier, peut-on lire dans le communiqu\u00e9 de presse d'Atos.<\/p>\n<h2><strong>Qui participe \u00e0 Green Lab ?<\/strong><\/h2>\n<p>Parmi les membres du Green Lab figurent, outre Atos, des entreprises du secteur de l'\u00e9nergie et de l'immobilier, des entreprises de construction, des sp\u00e9cialistes de l'infrastructure ainsi que le groupe technologique Siemens, un partenaire important d'Atos. Les participants se sont engag\u00e9s \u00e0 accompagner la transformation vers plus de num\u00e9risation, de s\u00e9curit\u00e9, de durabilit\u00e9 et de comp\u00e9titivit\u00e9 avec un total de 23 programmes et manifestations rien que pour cette ann\u00e9e. Atos participera \u00e0 nombre d'entre eux sous la direction de Bruno Schenk, CEO d'Atos Suisse, fournisseur de services de transformation num\u00e9rique.<\/p>\n<h2><strong>Z\u00e9ro net jusqu'en 2028<\/strong><\/h2>\n<p>Atos s'y est engag\u00e9 en f\u00e9vrier, <a href=\"\/\/atos.net\/en\/2021\/press-release_2021_02_18\/atos-boosts-its-decarbonization-ambition-committing-to-net-zero-by-2028#:~:text=Atos%20today%20announces%20that%20it,its%20residual%20emissions%20by%202028.\">atteindre z\u00e9ro \u00e9mission nette d'ici 2028<\/a>. Gr\u00e2ce \u00e0 sa longue exp\u00e9rience dans les domaines de la transition num\u00e9rique, de l'automatisation et de la d\u00e9carbonisation, l'entreprise propose, dans le cadre de l'initiative Green Lab, un \u00e9change d'exp\u00e9riences et des conseils avis\u00e9s \u00e0 l'interface de la s\u00e9curit\u00e9, de la durabilit\u00e9 et de la comp\u00e9titivit\u00e9.<\/p>\n<p>\"Avec les laboratoires et leurs infrastructures, Atos rend plus visible un secteur hautement sp\u00e9cialis\u00e9 des sciences de la vie qui \u00e9tait jusqu'\u00e0 pr\u00e9sent plut\u00f4t n\u00e9glig\u00e9\", d\u00e9clare Lorenzo Nanetti, Business Consulting Partner Life Sciences chez Atos. \"C'est pourquoi nous soutenons l'approche int\u00e9gr\u00e9e de Green Lab, qui vise \u00e0 rendre les installations de recherche suisses plus s\u00fbres, plus \u00e9cologiques et plus attrayantes pour les jeunes talents. Ainsi, nous renfor\u00e7ons non seulement les chances de comp\u00e9titivit\u00e9 de la science f\u00e9d\u00e9rale, mais nous aidons \u00e9galement le pays \u00e0 atteindre ses objectifs climatiques, conform\u00e9ment \u00e0 notre programme 'Accelerate Customers' d'Atos Suisse\".<\/p>\n<p>L'expertise qu'Atos apporte \u00e0 l'initiative se concentre sur quatre domaines : La num\u00e9risation des processus de travail, l'automatisation et l'int\u00e9gration des laboratoires, la gestion du changement pour soutenir la transformation et la d\u00e9carbonisation. En outre, Atos propose des solutions techniques concr\u00e8tes, par exemple dans des domaines tels que la robotique et le jumeau num\u00e9rique pour la simulation, afin de soutenir l'adaptation \u00e0 de nouveaux mod\u00e8les et pratiques de travail. Atos veut transmettre son savoir-faire sous forme de webinaires, d'ateliers et de tables rondes, conclut l'entreprise.<\/p>\n<p><em>Source : Atos<\/em><\/p>\n<p>&nbsp;<\/p>","protected":false},"excerpt":{"rendered":"<p>Gem\u00e4ss dem Pariser Klimaabkommen hat sich die Schweiz verpflichtet, den Ausstoss von Treibhausgasen noch innerhalb dieses Jahrzehnts zu halbieren und sp\u00e4testens 2050 nur so viel CO2 zu produzieren wie gebunden werden kann. Das bedeutet unter anderem: Der Energiebedarf von Industrie- und Geb\u00e4udekomplexen muss drastisch sinken. Wie Green Lab herausgefunden hat, beeinflussen die zahlreichen Laborkomplexe des [&hellip;]<\/p>\n","protected":false},"author":6,"featured_media":9801,"comment_status":"closed","ping_status":"closed","sticky":false,"template":"","format":"standard","meta":{"_acf_changed":false,"_yoast_wpseo_focuskw":"Green Lab","_yoast_wpseo_metadesc":"Atos ist ab sofort aktives Mitglied der in Bern beheimateten Initiative Green Lab. Im Vordergrund steht die Energieeffizienz.","articlekey":"","footnotes":""},"categories":[580],"tags":[737,1066,1317,1318,1410,2326],"class_list":["post-10286","post","type-post","status-publish","format-standard","has-post-thumbnail","hentry","category-sustainability","tag-atos","tag-energieeffizienz","tag-green-lab","tag-greenbuilding-ch","tag-initiative","tag-treibhausgase"],"acf":[],"yoast_head":"<!-- This site is optimized with the Yoast SEO plugin v27.4 - https:\/\/yoast.com\/product\/yoast-seo-wordpress\/ -->\n<title>Atos tritt Green-Lab-Initiative in Bern bei - Organisator<\/title>\n<meta name=\"description\" content=\"Atos ist ab sofort aktives Mitglied der in Bern beheimateten Initiative Green Lab. Im Vordergrund steht die Energieeffizienz.\" \/>\n<meta name=\"robots\" content=\"index, follow, max-snippet:-1, max-image-preview:large, max-video-preview:-1\" \/>\n<link rel=\"canonical\" href=\"https:\/\/www.organisator.ch\/fr\/sustainability\/2021-06-03\/atos-tritt-green-lab-initiative-in-bern-bei\/\" \/>\n<meta property=\"og:locale\" content=\"fr_FR\" \/>\n<meta property=\"og:type\" content=\"article\" \/>\n<meta property=\"og:title\" content=\"Atos tritt Green-Lab-Initiative in Bern bei - Organisator\" \/>\n<meta property=\"og:description\" content=\"Atos ist ab sofort aktives Mitglied der in Bern beheimateten Initiative Green Lab. Im Vordergrund steht die Energieeffizienz.\" \/>\n<meta property=\"og:url\" content=\"https:\/\/www.organisator.ch\/fr\/sustainability\/2021-06-03\/atos-tritt-green-lab-initiative-in-bern-bei\/\" \/>\n<meta property=\"og:site_name\" content=\"Organisator\" \/>\n<meta property=\"article:publisher\" content=\"https:\/\/www.facebook.com\/OrganisatorFachmagazin\" \/>\n<meta property=\"article:published_time\" content=\"2021-06-03T05:30:38+00:00\" \/>\n<meta property=\"article:modified_time\" content=\"2022-02-09T10:06:08+00:00\" \/>\n<meta property=\"og:image\" content=\"https:\/\/www.organisator.ch\/wp-content\/uploads\/2021\/06\/Depositphotos_6857682_s-2019.jpg\" \/>\n\t<meta property=\"og:image:width\" content=\"1000\" \/>\n\t<meta property=\"og:image:height\" content=\"667\" \/>\n\t<meta property=\"og:image:type\" content=\"image\/jpeg\" \/>\n<meta name=\"author\" content=\"roger.straessle\" \/>\n<meta name=\"twitter:card\" content=\"summary_large_image\" \/>\n<script type=\"application\/ld+json\" class=\"yoast-schema-graph\">{\"@context\":\"https:\\\/\\\/schema.org\",\"@graph\":[{\"@type\":\"Article\",\"@id\":\"https:\\\/\\\/www.organisator.ch\\\/sustainability\\\/2021-06-03\\\/atos-tritt-green-lab-initiative-in-bern-bei\\\/#article\",\"isPartOf\":{\"@id\":\"https:\\\/\\\/www.organisator.ch\\\/sustainability\\\/2021-06-03\\\/atos-tritt-green-lab-initiative-in-bern-bei\\\/\"},\"author\":{\"name\":\"roger.straessle\",\"@id\":\"https:\\\/\\\/www.organisator.ch\\\/#\\\/schema\\\/person\\\/a800b8c54e208b160517a7dcc323161d\"},\"headline\":\"Atos tritt Green-Lab-Initiative in Bern bei\",\"datePublished\":\"2021-06-03T05:30:38+00:00\",\"dateModified\":\"2022-02-09T10:06:08+00:00\",\"mainEntityOfPage\":{\"@id\":\"https:\\\/\\\/www.organisator.ch\\\/sustainability\\\/2021-06-03\\\/atos-tritt-green-lab-initiative-in-bern-bei\\\/\"},\"wordCount\":428,\"publisher\":{\"@id\":\"https:\\\/\\\/www.organisator.ch\\\/#organization\"},\"image\":{\"@id\":\"https:\\\/\\\/www.organisator.ch\\\/sustainability\\\/2021-06-03\\\/atos-tritt-green-lab-initiative-in-bern-bei\\\/#primaryimage\"},\"thumbnailUrl\":\"https:\\\/\\\/www.organisator.ch\\\/wp-content\\\/uploads\\\/2021\\\/06\\\/Depositphotos_6857682_s-2019.jpg\",\"keywords\":[\"Atos\",\"Energieeffizienz\",\"Green Lab\",\"GreenBuilding.ch\",\"Initiative\",\"Treibhausgase\"],\"articleSection\":[\"SUSTAINABILITY\"],\"inLanguage\":\"fr-FR\"},{\"@type\":\"WebPage\",\"@id\":\"https:\\\/\\\/www.organisator.ch\\\/sustainability\\\/2021-06-03\\\/atos-tritt-green-lab-initiative-in-bern-bei\\\/\",\"url\":\"https:\\\/\\\/www.organisator.ch\\\/sustainability\\\/2021-06-03\\\/atos-tritt-green-lab-initiative-in-bern-bei\\\/\",\"name\":\"Atos tritt Green-Lab-Initiative in Bern bei - Organisator\",\"isPartOf\":{\"@id\":\"https:\\\/\\\/www.organisator.ch\\\/#website\"},\"primaryImageOfPage\":{\"@id\":\"https:\\\/\\\/www.organisator.ch\\\/sustainability\\\/2021-06-03\\\/atos-tritt-green-lab-initiative-in-bern-bei\\\/#primaryimage\"},\"image\":{\"@id\":\"https:\\\/\\\/www.organisator.ch\\\/sustainability\\\/2021-06-03\\\/atos-tritt-green-lab-initiative-in-bern-bei\\\/#primaryimage\"},\"thumbnailUrl\":\"https:\\\/\\\/www.organisator.ch\\\/wp-content\\\/uploads\\\/2021\\\/06\\\/Depositphotos_6857682_s-2019.jpg\",\"datePublished\":\"2021-06-03T05:30:38+00:00\",\"dateModified\":\"2022-02-09T10:06:08+00:00\",\"description\":\"Atos ist ab sofort aktives Mitglied der in Bern beheimateten Initiative Green Lab. Im Vordergrund steht die Energieeffizienz.\",\"breadcrumb\":{\"@id\":\"https:\\\/\\\/www.organisator.ch\\\/sustainability\\\/2021-06-03\\\/atos-tritt-green-lab-initiative-in-bern-bei\\\/#breadcrumb\"},\"inLanguage\":\"fr-FR\",\"potentialAction\":[{\"@type\":\"ReadAction\",\"target\":[\"https:\\\/\\\/www.organisator.ch\\\/sustainability\\\/2021-06-03\\\/atos-tritt-green-lab-initiative-in-bern-bei\\\/\"]}]},{\"@type\":\"ImageObject\",\"inLanguage\":\"fr-FR\",\"@id\":\"https:\\\/\\\/www.organisator.ch\\\/sustainability\\\/2021-06-03\\\/atos-tritt-green-lab-initiative-in-bern-bei\\\/#primaryimage\",\"url\":\"https:\\\/\\\/www.organisator.ch\\\/wp-content\\\/uploads\\\/2021\\\/06\\\/Depositphotos_6857682_s-2019.jpg\",\"contentUrl\":\"https:\\\/\\\/www.organisator.ch\\\/wp-content\\\/uploads\\\/2021\\\/06\\\/Depositphotos_6857682_s-2019.jpg\",\"width\":1000,\"height\":667,\"caption\":\"\u00a9 Depositphotos, alexraths\"},{\"@type\":\"BreadcrumbList\",\"@id\":\"https:\\\/\\\/www.organisator.ch\\\/sustainability\\\/2021-06-03\\\/atos-tritt-green-lab-initiative-in-bern-bei\\\/#breadcrumb\",\"itemListElement\":[{\"@type\":\"ListItem\",\"position\":1,\"name\":\"Home\",\"item\":\"https:\\\/\\\/www.organisator.ch\\\/\"},{\"@type\":\"ListItem\",\"position\":2,\"name\":\"Atos tritt Green-Lab-Initiative in Bern bei\"}]},{\"@type\":\"WebSite\",\"@id\":\"https:\\\/\\\/www.organisator.ch\\\/#website\",\"url\":\"https:\\\/\\\/www.organisator.ch\\\/\",\"name\":\"Organisator\",\"description\":\"Kompetent. Praxisnah. Der ORGANISATOR bereitet in 10 Ausgaben pro Jahr die wesentlichen Themen f\u00fcr F\u00fchrungskr\u00e4fte von KMU auf.\",\"publisher\":{\"@id\":\"https:\\\/\\\/www.organisator.ch\\\/#organization\"},\"potentialAction\":[{\"@type\":\"SearchAction\",\"target\":{\"@type\":\"EntryPoint\",\"urlTemplate\":\"https:\\\/\\\/www.organisator.ch\\\/?s={search_term_string}\"},\"query-input\":{\"@type\":\"PropertyValueSpecification\",\"valueRequired\":true,\"valueName\":\"search_term_string\"}}],\"inLanguage\":\"fr-FR\"},{\"@type\":\"Organization\",\"@id\":\"https:\\\/\\\/www.organisator.ch\\\/#organization\",\"name\":\"Organisator\",\"url\":\"https:\\\/\\\/www.organisator.ch\\\/\",\"logo\":{\"@type\":\"ImageObject\",\"inLanguage\":\"fr-FR\",\"@id\":\"https:\\\/\\\/www.organisator.ch\\\/#\\\/schema\\\/logo\\\/image\\\/\",\"url\":\"https:\\\/\\\/www.organisator.ch\\\/wp-content\\\/uploads\\\/2022\\\/01\\\/Logo_Organisator_Website.png\",\"contentUrl\":\"https:\\\/\\\/www.organisator.ch\\\/wp-content\\\/uploads\\\/2022\\\/01\\\/Logo_Organisator_Website.png\",\"width\":800,\"height\":77,\"caption\":\"Organisator\"},\"image\":{\"@id\":\"https:\\\/\\\/www.organisator.ch\\\/#\\\/schema\\\/logo\\\/image\\\/\"},\"sameAs\":[\"https:\\\/\\\/www.facebook.com\\\/OrganisatorFachmagazin\",\"https:\\\/\\\/www.linkedin.com\\\/showcase\\\/organisator-das-magazin-fr-kmu\",\"https:\\\/\\\/www.xing.com\\\/news\\\/pages\\\/organisator-ch-695\",\"https:\\\/\\\/www.youtube.com\\\/channel\\\/UCGP2Sq0iWaZwT3BdIAQFYpw\"]},{\"@type\":\"Person\",\"@id\":\"https:\\\/\\\/www.organisator.ch\\\/#\\\/schema\\\/person\\\/a800b8c54e208b160517a7dcc323161d\",\"name\":\"roger.straessle\",\"image\":{\"@type\":\"ImageObject\",\"inLanguage\":\"fr-FR\",\"@id\":\"https:\\\/\\\/secure.gravatar.com\\\/avatar\\\/?s=96&d=mm&r=g\",\"url\":\"https:\\\/\\\/secure.gravatar.com\\\/avatar\\\/?s=96&d=mm&r=g\",\"contentUrl\":\"https:\\\/\\\/secure.gravatar.com\\\/avatar\\\/?s=96&d=mm&r=g\",\"caption\":\"roger.straessle\"},\"url\":\"https:\\\/\\\/www.organisator.ch\\\/fr\\\/author\\\/roger-straessle\\\/\"}]}<\/script>\n<!-- \/ Yoast SEO plugin. -->","yoast_head_json":{"title":"Atos rejoint l'initiative Green Lab \u00e0 Berne - Organisateur","description":"Atos est d\u00e9sormais un membre actif de l'initiative Green Lab, bas\u00e9e \u00e0 Berne. L'accent est mis sur l'efficacit\u00e9 \u00e9nerg\u00e9tique.","robots":{"index":"index","follow":"follow","max-snippet":"max-snippet:-1","max-image-preview":"max-image-preview:large","max-video-preview":"max-video-preview:-1"},"canonical":"https:\/\/www.organisator.ch\/fr\/sustainability\/2021-06-03\/atos-tritt-green-lab-initiative-in-bern-bei\/","og_locale":"fr_FR","og_type":"article","og_title":"Atos tritt Green-Lab-Initiative in Bern bei - Organisator","og_description":"Atos ist ab sofort aktives Mitglied der in Bern beheimateten Initiative Green Lab. Im Vordergrund steht die Energieeffizienz.","og_url":"https:\/\/www.organisator.ch\/fr\/sustainability\/2021-06-03\/atos-tritt-green-lab-initiative-in-bern-bei\/","og_site_name":"Organisator","article_publisher":"https:\/\/www.facebook.com\/OrganisatorFachmagazin","article_published_time":"2021-06-03T05:30:38+00:00","article_modified_time":"2022-02-09T10:06:08+00:00","og_image":[{"width":1000,"height":667,"url":"https:\/\/www.organisator.ch\/wp-content\/uploads\/2021\/06\/Depositphotos_6857682_s-2019.jpg","type":"image\/jpeg"}],"author":"roger.straessle","twitter_card":"summary_large_image","schema":{"@context":"https:\/\/schema.org","@graph":[{"@type":"Article","@id":"https:\/\/www.organisator.ch\/sustainability\/2021-06-03\/atos-tritt-green-lab-initiative-in-bern-bei\/#article","isPartOf":{"@id":"https:\/\/www.organisator.ch\/sustainability\/2021-06-03\/atos-tritt-green-lab-initiative-in-bern-bei\/"},"author":{"name":"roger.straessle","@id":"https:\/\/www.organisator.ch\/#\/schema\/person\/a800b8c54e208b160517a7dcc323161d"},"headline":"Atos tritt Green-Lab-Initiative in Bern bei","datePublished":"2021-06-03T05:30:38+00:00","dateModified":"2022-02-09T10:06:08+00:00","mainEntityOfPage":{"@id":"https:\/\/www.organisator.ch\/sustainability\/2021-06-03\/atos-tritt-green-lab-initiative-in-bern-bei\/"},"wordCount":428,"publisher":{"@id":"https:\/\/www.organisator.ch\/#organization"},"image":{"@id":"https:\/\/www.organisator.ch\/sustainability\/2021-06-03\/atos-tritt-green-lab-initiative-in-bern-bei\/#primaryimage"},"thumbnailUrl":"https:\/\/www.organisator.ch\/wp-content\/uploads\/2021\/06\/Depositphotos_6857682_s-2019.jpg","keywords":["Atos","Energieeffizienz","Green Lab","GreenBuilding.ch","Initiative","Treibhausgase"],"articleSection":["SUSTAINABILITY"],"inLanguage":"fr-FR"},{"@type":"WebPage","@id":"https:\/\/www.organisator.ch\/sustainability\/2021-06-03\/atos-tritt-green-lab-initiative-in-bern-bei\/","url":"https:\/\/www.organisator.ch\/sustainability\/2021-06-03\/atos-tritt-green-lab-initiative-in-bern-bei\/","name":"Atos rejoint l'initiative Green Lab \u00e0 Berne - Organisateur","isPartOf":{"@id":"https:\/\/www.organisator.ch\/#website"},"primaryImageOfPage":{"@id":"https:\/\/www.organisator.ch\/sustainability\/2021-06-03\/atos-tritt-green-lab-initiative-in-bern-bei\/#primaryimage"},"image":{"@id":"https:\/\/www.organisator.ch\/sustainability\/2021-06-03\/atos-tritt-green-lab-initiative-in-bern-bei\/#primaryimage"},"thumbnailUrl":"https:\/\/www.organisator.ch\/wp-content\/uploads\/2021\/06\/Depositphotos_6857682_s-2019.jpg","datePublished":"2021-06-03T05:30:38+00:00","dateModified":"2022-02-09T10:06:08+00:00","description":"Atos est d\u00e9sormais un membre actif de l'initiative Green Lab, bas\u00e9e \u00e0 Berne. L'accent est mis sur l'efficacit\u00e9 \u00e9nerg\u00e9tique.","breadcrumb":{"@id":"https:\/\/www.organisator.ch\/sustainability\/2021-06-03\/atos-tritt-green-lab-initiative-in-bern-bei\/#breadcrumb"},"inLanguage":"fr-FR","potentialAction":[{"@type":"ReadAction","target":["https:\/\/www.organisator.ch\/sustainability\/2021-06-03\/atos-tritt-green-lab-initiative-in-bern-bei\/"]}]},{"@type":"ImageObject","inLanguage":"fr-FR","@id":"https:\/\/www.organisator.ch\/sustainability\/2021-06-03\/atos-tritt-green-lab-initiative-in-bern-bei\/#primaryimage","url":"https:\/\/www.organisator.ch\/wp-content\/uploads\/2021\/06\/Depositphotos_6857682_s-2019.jpg","contentUrl":"https:\/\/www.organisator.ch\/wp-content\/uploads\/2021\/06\/Depositphotos_6857682_s-2019.jpg","width":1000,"height":667,"caption":"\u00a9 Depositphotos, alexraths"},{"@type":"BreadcrumbList","@id":"https:\/\/www.organisator.ch\/sustainability\/2021-06-03\/atos-tritt-green-lab-initiative-in-bern-bei\/#breadcrumb","itemListElement":[{"@type":"ListItem","position":1,"name":"Home","item":"https:\/\/www.organisator.ch\/"},{"@type":"ListItem","position":2,"name":"Atos tritt Green-Lab-Initiative in Bern bei"}]},{"@type":"WebSite","@id":"https:\/\/www.organisator.ch\/#website","url":"https:\/\/www.organisator.ch\/","name":"Organisateur","description":"Comp\u00e9tence et comp\u00e9tence. Proches de la pratique. L'ORGANISATEUR pr\u00e9pare 10 num\u00e9ros par an sur les th\u00e8mes essentiels pour les dirigeants de PME.","publisher":{"@id":"https:\/\/www.organisator.ch\/#organization"},"potentialAction":[{"@type":"SearchAction","target":{"@type":"EntryPoint","urlTemplate":"https:\/\/www.organisator.ch\/?s={search_term_string}"},"query-input":{"@type":"PropertyValueSpecification","valueRequired":true,"valueName":"search_term_string"}}],"inLanguage":"fr-FR"},{"@type":"Organization","@id":"https:\/\/www.organisator.ch\/#organization","name":"Organisateur","url":"https:\/\/www.organisator.ch\/","logo":{"@type":"ImageObject","inLanguage":"fr-FR","@id":"https:\/\/www.organisator.ch\/#\/schema\/logo\/image\/","url":"https:\/\/www.organisator.ch\/wp-content\/uploads\/2022\/01\/Logo_Organisator_Website.png","contentUrl":"https:\/\/www.organisator.ch\/wp-content\/uploads\/2022\/01\/Logo_Organisator_Website.png","width":800,"height":77,"caption":"Organisator"},"image":{"@id":"https:\/\/www.organisator.ch\/#\/schema\/logo\/image\/"},"sameAs":["https:\/\/www.facebook.com\/OrganisatorFachmagazin","https:\/\/www.linkedin.com\/showcase\/organisator-das-magazin-fr-kmu","https:\/\/www.xing.com\/news\/pages\/organisator-ch-695","https:\/\/www.youtube.com\/channel\/UCGP2Sq0iWaZwT3BdIAQFYpw"]},{"@type":"Person","@id":"https:\/\/www.organisator.ch\/#\/schema\/person\/a800b8c54e208b160517a7dcc323161d","name":"roger.straessle","image":{"@type":"ImageObject","inLanguage":"fr-FR","@id":"https:\/\/secure.gravatar.com\/avatar\/?s=96&d=mm&r=g","url":"https:\/\/secure.gravatar.com\/avatar\/?s=96&d=mm&r=g","contentUrl":"https:\/\/secure.gravatar.com\/avatar\/?s=96&d=mm&r=g","caption":"roger.straessle"},"url":"https:\/\/www.organisator.ch\/fr\/author\/roger-straessle\/"}]}},"_links":{"self":[{"href":"https:\/\/www.organisator.ch\/fr\/wp-json\/wp\/v2\/posts\/10286","targetHints":{"allow":["GET"]}}],"collection":[{"href":"https:\/\/www.organisator.ch\/fr\/wp-json\/wp\/v2\/posts"}],"about":[{"href":"https:\/\/www.organisator.ch\/fr\/wp-json\/wp\/v2\/types\/post"}],"author":[{"embeddable":true,"href":"https:\/\/www.organisator.ch\/fr\/wp-json\/wp\/v2\/users\/6"}],"replies":[{"embeddable":true,"href":"https:\/\/www.organisator.ch\/fr\/wp-json\/wp\/v2\/comments?post=10286"}],"version-history":[{"count":1,"href":"https:\/\/www.organisator.ch\/fr\/wp-json\/wp\/v2\/posts\/10286\/revisions"}],"predecessor-version":[{"id":10478,"href":"https:\/\/www.organisator.ch\/fr\/wp-json\/wp\/v2\/posts\/10286\/revisions\/10478"}],"wp:featuredmedia":[{"embeddable":true,"href":"https:\/\/www.organisator.ch\/fr\/wp-json\/wp\/v2\/media\/9801"}],"wp:attachment":[{"href":"https:\/\/www.organisator.ch\/fr\/wp-json\/wp\/v2\/media?parent=10286"}],"wp:term":[{"taxonomy":"category","embeddable":true,"href":"https:\/\/www.organisator.ch\/fr\/wp-json\/wp\/v2\/categories?post=10286"},{"taxonomy":"post_tag","embeddable":true,"href":"https:\/\/www.organisator.ch\/fr\/wp-json\/wp\/v2\/tags?post=10286"}],"curies":[{"name":"wp","href":"https:\/\/api.w.org\/{rel}","templated":true}]}}