{"id":10292,"date":"2021-06-17T15:52:42","date_gmt":"2021-06-17T13:52:42","guid":{"rendered":"https:\/\/www.umweltperspektiven.ch\/?p=4396"},"modified":"2022-02-09T11:06:07","modified_gmt":"2022-02-09T10:06:07","slug":"photovoltaik-windkraft-schweiz-verpasst-den-anschluss","status":"publish","type":"post","link":"https:\/\/www.organisator.ch\/fr\/sustainability\/2021-06-17\/photovoltaik-windkraft-schweiz-verpasst-den-anschluss\/","title":{"rendered":"Photovolta\u00efque &amp; \u00e9olien : la Suisse rate le coche"},"content":{"rendered":"<p><img loading=\"lazy\" decoding=\"async\" class=\"size-medium wp-image-4403 aligncenter\" src=\"\/\/www.umweltperspektiven.ch\/wp-content\/uploads\/2021\/06\/SES-Energiestiftung.jpg\" alt=\"\" width=\"680\" height=\"368\" \/><\/p>\n<p style=\"background: white; margin: 0cm 0cm 12.75pt 0cm;\"><span style=\"font-family: 'Arial',sans-serif; color: black;\">Dans une br\u00e8ve \u00e9tude (voir tout en bas), la <a href=\"\/\/www.energiestiftung.ch\">Fondation SES pour l'\u00e9nergie<\/a> a compar\u00e9 la production d'\u00e9nergie solaire et \u00e9olienne par habitant en Suisse et dans les 27 pays de l'Union europ\u00e9enne (plus la Grande-Bretagne). Conclusion : la Suisse arrive en 24e position, juste devant la R\u00e9publique tch\u00e8que, la Hongrie, la Slov\u00e9nie, la Slovaquie et la Lettonie. Seuls 4,7 pour cent de la consommation d'\u00e9lectricit\u00e9 sont produits dans notre pays \u00e0 l'aide des deux nouvelles technologies renouvelables, peut-on lire. Au Danemark, ce chiffre est de 54 pour cent. En comparaison avec les neuf pays environnants, la Suisse se retrouve \u00e0 l'avant-derni\u00e8re place.<\/span><\/p>\n<h2 style=\"margin-bottom: 12.75pt; background: white;\"><span style=\"font-size: 12.0pt; font-family: 'Arial',sans-serif; color: black;\">Photovolta\u00efque : la CH se classe tout de m\u00eame 8e<\/span><\/h2>\n<p style=\"background: white; font-variant-ligatures: normal; font-variant-caps: normal; orphans: 2; text-align: start; widows: 2; -webkit-text-stroke-width: 0px; text-decoration-thickness: initial; text-decoration-style: initial; text-decoration-color: initial; word-spacing: 0px; margin: 0cm 0cm 12.75pt 0cm;\"><span style=\"font-family: 'Arial',sans-serif; color: black;\">Selon SES, les pays du nord de l'Europe sont en t\u00eate de liste depuis des ann\u00e9es : le Danemark, l'Allemagne et la Su\u00e8de produisent tous plusieurs fois plus d'\u00e9nergie \u00e9olienne que la Suisse. L'Irlande vient de d\u00e9tr\u00f4ner l'Allemagne dans le top 3. Si l'on consid\u00e8re uniquement le photovolta\u00efque, la Suisse se situe tout de m\u00eame au 8e rang : \"Nous sommes ici battus par l'Allemagne, Malte, l'Italie, la Belgique, l'Espagne, la Gr\u00e8ce et les Pays-Bas, donc en partie aussi par des pays plus septentrionaux avec un ensoleillement moindre\", pr\u00e9cise le SES.<\/span><\/p>\n<h2 style=\"margin-bottom: 12.75pt; background: white; orphans: 2; text-align: start; widows: 2; -webkit-text-stroke-width: 0px; text-decoration-thickness: initial; text-decoration-style: initial; text-decoration-color: initial; word-spacing: 0px;\"><span style=\"font-size: 12.0pt; font-family: 'Arial',sans-serif; color: black;\">La nouvelle loi sur l'\u00e9nergie doit mettre l'accent sur le d\u00e9veloppement<\/span><\/h2>\n<p style=\"background: white; font-variant-ligatures: normal; font-variant-caps: normal; orphans: 2; text-align: start; widows: 2; -webkit-text-stroke-width: 0px; text-decoration-thickness: initial; text-decoration-style: initial; text-decoration-color: initial; word-spacing: 0px; margin: 0cm 0cm 12.75pt 0cm;\"><span style=\"font-family: 'Arial',sans-serif; color: black;\">Le Conseil f\u00e9d\u00e9ral pr\u00e9sentera son message sur le nouveau\u00a0<a href=\"\/\/www.admin.ch\/gov\/de\/start\/dokumentation\/medienmitteilungen.msg-id-81068.html\" target=\"_blank\" rel=\"noopener\"><span style=\"color: #524b4a;\">Loi sur l'\u00e9nergie<\/span><\/a>\u00a0devrait \u00eatre pr\u00e9sent\u00e9e en juin. Les attentes sont \u00e9lev\u00e9es. Felix Nipkow, responsable du secteur des \u00e9nergies renouvelables au SES, explique : \"Dans la loi, il faut notamment augmenter clairement les objectifs de d\u00e9veloppement afin qu'ils soient en accord avec les objectifs climatiques. D'ici 2035, nous devons augmenter la production annuelle des nouvelles \u00e9nergies renouvelables de 35 \u00e0 45 t\u00e9rawattheures\".<\/span><\/p>\n<p style=\"background: white; font-variant-ligatures: normal; font-variant-caps: normal; orphans: 2; text-align: start; widows: 2; -webkit-text-stroke-width: 0px; text-decoration-thickness: initial; text-decoration-style: initial; text-decoration-color: initial; word-spacing: 0px; margin: 0cm 0cm 12.75pt 0cm;\"><span style=\"font-family: 'Arial',sans-serif; color: black;\">Cela correspondrait \u00e0 une augmentation d'un facteur 12 \u00e0 17 par rapport \u00e0 la production actuelle. Selon la SES, 311 kilowattheures (kWh) sont aujourd'hui produits par habitant en Suisse \u00e0 partir de l'\u00e9nergie solaire et \u00e9olienne. D'ici 2035, ce chiffre devrait \u00eatre d'environ 4'000 \u00e0 5'000 kWh. L'\u00e9nergie solaire se taillera la part du lion. La loi sur l'\u00e9nergie pourrait cr\u00e9er la s\u00e9curit\u00e9 de planification et d'investissement n\u00e9cessaire \u00e0 cet effet.<\/span><\/p>\n<p style=\"background: white; font-variant-ligatures: normal; font-variant-caps: normal; orphans: 2; text-align: start; widows: 2; -webkit-text-stroke-width: 0px; text-decoration-thickness: initial; text-decoration-style: initial; text-decoration-color: initial; word-spacing: 0px; margin: 0cm 0cm 12.75pt 0cm;\"><em><span style=\"font-family: 'Arial',sans-serif; color: black;\">Source : SES<\/span><\/em><\/p>\n<p style=\"background: white; font-variant-ligatures: normal; font-variant-caps: normal; orphans: 2; text-align: start; widows: 2; -webkit-text-stroke-width: 0px; text-decoration-thickness: initial; text-decoration-style: initial; text-decoration-color: initial; word-spacing: 0px; margin: 0cm 0cm 12.75pt 0cm;\"><em><span style=\"font-family: 'Arial',sans-serif; color: black;\">Cliquez ici pour comparer les pays :\u00a0<\/span><a href=\"\/\/www.umweltperspektiven.ch\/wp-content\/uploads\/2021\/06\/ses21_la\u0308ndervergleich21.pdf\">ses21_comparaison entre pays21<\/a><\/em><\/p>\n<p><em><span style=\"font-family: 'Arial',sans-serif; color: black;\">Cliquez ici pour acc\u00e9der \u00e0 l'\u00e9tude succincte :\u00a0<\/span><a href=\"\/\/www.umweltperspektiven.ch\/wp-content\/uploads\/2021\/06\/20210617_E_Kurzstudie_Laendervergleich_2020.pdf\">20210617_E_Kurzstudie_Laendervergleich_2020<\/a><\/em><\/p>","protected":false},"excerpt":{"rendered":"<p>In einer Kurzstudie (s. ganz unten) hat die SES Energiestiftung die Pro-Kopf-Produktion von Sonnen- und Windenergie in der Schweiz und den 27 Staaten der Europ\u00e4ischen Union (plus Grossbritannien) verglichen. Fazit: Die Schweiz landet auf Platz 24, knapp vor Tschechien, Ungarn, Slowenien, der Slowakei und Lettland. Nur gerade 4,7 Prozent des Stromverbrauchs w\u00fcrden hierzulande mit den [&hellip;]<\/p>\n","protected":false},"author":6,"featured_media":9808,"comment_status":"closed","ping_status":"closed","sticky":false,"template":"","format":"standard","meta":{"_acf_changed":false,"_yoast_wpseo_focuskw":"Photovoltaik","_yoast_wpseo_metadesc":"Im europ\u00e4ischen Vergleich hinkt die Schweiz immer noch den meisten L\u00e4ndern hinterher, was die Pro-Kopf-Produktion von Solar- und Windstrom angeht.","articlekey":"","footnotes":""},"categories":[580],"tags":[1067,1908,2570],"class_list":["post-10292","post","type-post","status-publish","format-standard","has-post-thumbnail","hentry","category-sustainability","tag-energiegesetz","tag-photovoltaik","tag-windkraft"],"acf":[],"yoast_head":"<!-- This site is optimized with the Yoast SEO plugin v27.4 - https:\/\/yoast.com\/product\/yoast-seo-wordpress\/ -->\n<title>Photovoltaik &amp; Windkraft: Schweiz verpasst den Anschluss - Organisator<\/title>\n<meta name=\"description\" content=\"Im europ\u00e4ischen Vergleich hinkt die Schweiz immer noch den meisten L\u00e4ndern hinterher, was die Pro-Kopf-Produktion von Solar- und Windstrom angeht.\" \/>\n<meta name=\"robots\" content=\"index, follow, max-snippet:-1, max-image-preview:large, max-video-preview:-1\" \/>\n<link rel=\"canonical\" href=\"https:\/\/www.organisator.ch\/fr\/sustainability\/2021-06-17\/photovoltaik-windkraft-schweiz-verpasst-den-anschluss\/\" \/>\n<meta property=\"og:locale\" content=\"fr_FR\" \/>\n<meta property=\"og:type\" content=\"article\" \/>\n<meta property=\"og:title\" content=\"Photovoltaik &amp; Windkraft: Schweiz verpasst den Anschluss - Organisator\" \/>\n<meta property=\"og:description\" content=\"Im europ\u00e4ischen Vergleich hinkt die Schweiz immer noch den meisten L\u00e4ndern hinterher, was die Pro-Kopf-Produktion von Solar- und Windstrom angeht.\" \/>\n<meta property=\"og:url\" content=\"https:\/\/www.organisator.ch\/fr\/sustainability\/2021-06-17\/photovoltaik-windkraft-schweiz-verpasst-den-anschluss\/\" \/>\n<meta property=\"og:site_name\" content=\"Organisator\" \/>\n<meta property=\"article:publisher\" content=\"https:\/\/www.facebook.com\/OrganisatorFachmagazin\" \/>\n<meta property=\"article:published_time\" content=\"2021-06-17T13:52:42+00:00\" \/>\n<meta property=\"article:modified_time\" content=\"2022-02-09T10:06:07+00:00\" \/>\n<meta property=\"og:image\" content=\"https:\/\/www.organisator.ch\/wp-content\/uploads\/2021\/06\/Depositphotos_29079123_s-2019.jpg\" \/>\n\t<meta property=\"og:image:width\" content=\"1000\" \/>\n\t<meta property=\"og:image:height\" content=\"667\" \/>\n\t<meta property=\"og:image:type\" content=\"image\/jpeg\" \/>\n<meta name=\"author\" content=\"roger.straessle\" \/>\n<meta name=\"twitter:card\" content=\"summary_large_image\" \/>\n<script type=\"application\/ld+json\" class=\"yoast-schema-graph\">{\"@context\":\"https:\\\/\\\/schema.org\",\"@graph\":[{\"@type\":\"Article\",\"@id\":\"https:\\\/\\\/www.organisator.ch\\\/sustainability\\\/2021-06-17\\\/photovoltaik-windkraft-schweiz-verpasst-den-anschluss\\\/#article\",\"isPartOf\":{\"@id\":\"https:\\\/\\\/www.organisator.ch\\\/sustainability\\\/2021-06-17\\\/photovoltaik-windkraft-schweiz-verpasst-den-anschluss\\\/\"},\"author\":{\"name\":\"roger.straessle\",\"@id\":\"https:\\\/\\\/www.organisator.ch\\\/#\\\/schema\\\/person\\\/a800b8c54e208b160517a7dcc323161d\"},\"headline\":\"Photovoltaik &#038; Windkraft: Schweiz verpasst den Anschluss\",\"datePublished\":\"2021-06-17T13:52:42+00:00\",\"dateModified\":\"2022-02-09T10:06:07+00:00\",\"mainEntityOfPage\":{\"@id\":\"https:\\\/\\\/www.organisator.ch\\\/sustainability\\\/2021-06-17\\\/photovoltaik-windkraft-schweiz-verpasst-den-anschluss\\\/\"},\"wordCount\":320,\"publisher\":{\"@id\":\"https:\\\/\\\/www.organisator.ch\\\/#organization\"},\"image\":{\"@id\":\"https:\\\/\\\/www.organisator.ch\\\/sustainability\\\/2021-06-17\\\/photovoltaik-windkraft-schweiz-verpasst-den-anschluss\\\/#primaryimage\"},\"thumbnailUrl\":\"https:\\\/\\\/www.organisator.ch\\\/wp-content\\\/uploads\\\/2021\\\/06\\\/Depositphotos_29079123_s-2019.jpg\",\"keywords\":[\"Energiegesetz\",\"Photovoltaik\",\"Windkraft\"],\"articleSection\":[\"SUSTAINABILITY\"],\"inLanguage\":\"fr-FR\"},{\"@type\":\"WebPage\",\"@id\":\"https:\\\/\\\/www.organisator.ch\\\/sustainability\\\/2021-06-17\\\/photovoltaik-windkraft-schweiz-verpasst-den-anschluss\\\/\",\"url\":\"https:\\\/\\\/www.organisator.ch\\\/sustainability\\\/2021-06-17\\\/photovoltaik-windkraft-schweiz-verpasst-den-anschluss\\\/\",\"name\":\"Photovoltaik & Windkraft: Schweiz verpasst den Anschluss - Organisator\",\"isPartOf\":{\"@id\":\"https:\\\/\\\/www.organisator.ch\\\/#website\"},\"primaryImageOfPage\":{\"@id\":\"https:\\\/\\\/www.organisator.ch\\\/sustainability\\\/2021-06-17\\\/photovoltaik-windkraft-schweiz-verpasst-den-anschluss\\\/#primaryimage\"},\"image\":{\"@id\":\"https:\\\/\\\/www.organisator.ch\\\/sustainability\\\/2021-06-17\\\/photovoltaik-windkraft-schweiz-verpasst-den-anschluss\\\/#primaryimage\"},\"thumbnailUrl\":\"https:\\\/\\\/www.organisator.ch\\\/wp-content\\\/uploads\\\/2021\\\/06\\\/Depositphotos_29079123_s-2019.jpg\",\"datePublished\":\"2021-06-17T13:52:42+00:00\",\"dateModified\":\"2022-02-09T10:06:07+00:00\",\"description\":\"Im europ\u00e4ischen Vergleich hinkt die Schweiz immer noch den meisten L\u00e4ndern hinterher, was die Pro-Kopf-Produktion von Solar- und Windstrom angeht.\",\"breadcrumb\":{\"@id\":\"https:\\\/\\\/www.organisator.ch\\\/sustainability\\\/2021-06-17\\\/photovoltaik-windkraft-schweiz-verpasst-den-anschluss\\\/#breadcrumb\"},\"inLanguage\":\"fr-FR\",\"potentialAction\":[{\"@type\":\"ReadAction\",\"target\":[\"https:\\\/\\\/www.organisator.ch\\\/sustainability\\\/2021-06-17\\\/photovoltaik-windkraft-schweiz-verpasst-den-anschluss\\\/\"]}]},{\"@type\":\"ImageObject\",\"inLanguage\":\"fr-FR\",\"@id\":\"https:\\\/\\\/www.organisator.ch\\\/sustainability\\\/2021-06-17\\\/photovoltaik-windkraft-schweiz-verpasst-den-anschluss\\\/#primaryimage\",\"url\":\"https:\\\/\\\/www.organisator.ch\\\/wp-content\\\/uploads\\\/2021\\\/06\\\/Depositphotos_29079123_s-2019.jpg\",\"contentUrl\":\"https:\\\/\\\/www.organisator.ch\\\/wp-content\\\/uploads\\\/2021\\\/06\\\/Depositphotos_29079123_s-2019.jpg\",\"width\":1000,\"height\":667,\"caption\":\"\u00a9 Depositphotos, zstockphotos\"},{\"@type\":\"BreadcrumbList\",\"@id\":\"https:\\\/\\\/www.organisator.ch\\\/sustainability\\\/2021-06-17\\\/photovoltaik-windkraft-schweiz-verpasst-den-anschluss\\\/#breadcrumb\",\"itemListElement\":[{\"@type\":\"ListItem\",\"position\":1,\"name\":\"Home\",\"item\":\"https:\\\/\\\/www.organisator.ch\\\/\"},{\"@type\":\"ListItem\",\"position\":2,\"name\":\"Photovoltaik &#038; Windkraft: Schweiz verpasst den Anschluss\"}]},{\"@type\":\"WebSite\",\"@id\":\"https:\\\/\\\/www.organisator.ch\\\/#website\",\"url\":\"https:\\\/\\\/www.organisator.ch\\\/\",\"name\":\"Organisator\",\"description\":\"Kompetent. Praxisnah. Der ORGANISATOR bereitet in 10 Ausgaben pro Jahr die wesentlichen Themen f\u00fcr F\u00fchrungskr\u00e4fte von KMU auf.\",\"publisher\":{\"@id\":\"https:\\\/\\\/www.organisator.ch\\\/#organization\"},\"potentialAction\":[{\"@type\":\"SearchAction\",\"target\":{\"@type\":\"EntryPoint\",\"urlTemplate\":\"https:\\\/\\\/www.organisator.ch\\\/?s={search_term_string}\"},\"query-input\":{\"@type\":\"PropertyValueSpecification\",\"valueRequired\":true,\"valueName\":\"search_term_string\"}}],\"inLanguage\":\"fr-FR\"},{\"@type\":\"Organization\",\"@id\":\"https:\\\/\\\/www.organisator.ch\\\/#organization\",\"name\":\"Organisator\",\"url\":\"https:\\\/\\\/www.organisator.ch\\\/\",\"logo\":{\"@type\":\"ImageObject\",\"inLanguage\":\"fr-FR\",\"@id\":\"https:\\\/\\\/www.organisator.ch\\\/#\\\/schema\\\/logo\\\/image\\\/\",\"url\":\"https:\\\/\\\/www.organisator.ch\\\/wp-content\\\/uploads\\\/2022\\\/01\\\/Logo_Organisator_Website.png\",\"contentUrl\":\"https:\\\/\\\/www.organisator.ch\\\/wp-content\\\/uploads\\\/2022\\\/01\\\/Logo_Organisator_Website.png\",\"width\":800,\"height\":77,\"caption\":\"Organisator\"},\"image\":{\"@id\":\"https:\\\/\\\/www.organisator.ch\\\/#\\\/schema\\\/logo\\\/image\\\/\"},\"sameAs\":[\"https:\\\/\\\/www.facebook.com\\\/OrganisatorFachmagazin\",\"https:\\\/\\\/www.linkedin.com\\\/showcase\\\/organisator-das-magazin-fr-kmu\",\"https:\\\/\\\/www.xing.com\\\/news\\\/pages\\\/organisator-ch-695\",\"https:\\\/\\\/www.youtube.com\\\/channel\\\/UCGP2Sq0iWaZwT3BdIAQFYpw\"]},{\"@type\":\"Person\",\"@id\":\"https:\\\/\\\/www.organisator.ch\\\/#\\\/schema\\\/person\\\/a800b8c54e208b160517a7dcc323161d\",\"name\":\"roger.straessle\",\"image\":{\"@type\":\"ImageObject\",\"inLanguage\":\"fr-FR\",\"@id\":\"https:\\\/\\\/secure.gravatar.com\\\/avatar\\\/?s=96&d=mm&r=g\",\"url\":\"https:\\\/\\\/secure.gravatar.com\\\/avatar\\\/?s=96&d=mm&r=g\",\"contentUrl\":\"https:\\\/\\\/secure.gravatar.com\\\/avatar\\\/?s=96&d=mm&r=g\",\"caption\":\"roger.straessle\"},\"url\":\"https:\\\/\\\/www.organisator.ch\\\/fr\\\/author\\\/roger-straessle\\\/\"}]}<\/script>\n<!-- \/ Yoast SEO plugin. -->","yoast_head_json":{"title":"Photovolta\u00efque &amp; \u00e9olien : la Suisse rate le coche - Organisateur","description":"En comparaison europ\u00e9enne, la Suisse est toujours \u00e0 la tra\u00eene par rapport \u00e0 la plupart des pays en ce qui concerne la production d'\u00e9lectricit\u00e9 solaire et \u00e9olienne par habitant.","robots":{"index":"index","follow":"follow","max-snippet":"max-snippet:-1","max-image-preview":"max-image-preview:large","max-video-preview":"max-video-preview:-1"},"canonical":"https:\/\/www.organisator.ch\/fr\/sustainability\/2021-06-17\/photovoltaik-windkraft-schweiz-verpasst-den-anschluss\/","og_locale":"fr_FR","og_type":"article","og_title":"Photovoltaik & Windkraft: Schweiz verpasst den Anschluss - Organisator","og_description":"Im europ\u00e4ischen Vergleich hinkt die Schweiz immer noch den meisten L\u00e4ndern hinterher, was die Pro-Kopf-Produktion von Solar- und Windstrom angeht.","og_url":"https:\/\/www.organisator.ch\/fr\/sustainability\/2021-06-17\/photovoltaik-windkraft-schweiz-verpasst-den-anschluss\/","og_site_name":"Organisator","article_publisher":"https:\/\/www.facebook.com\/OrganisatorFachmagazin","article_published_time":"2021-06-17T13:52:42+00:00","article_modified_time":"2022-02-09T10:06:07+00:00","og_image":[{"width":1000,"height":667,"url":"https:\/\/www.organisator.ch\/wp-content\/uploads\/2021\/06\/Depositphotos_29079123_s-2019.jpg","type":"image\/jpeg"}],"author":"roger.straessle","twitter_card":"summary_large_image","schema":{"@context":"https:\/\/schema.org","@graph":[{"@type":"Article","@id":"https:\/\/www.organisator.ch\/sustainability\/2021-06-17\/photovoltaik-windkraft-schweiz-verpasst-den-anschluss\/#article","isPartOf":{"@id":"https:\/\/www.organisator.ch\/sustainability\/2021-06-17\/photovoltaik-windkraft-schweiz-verpasst-den-anschluss\/"},"author":{"name":"roger.straessle","@id":"https:\/\/www.organisator.ch\/#\/schema\/person\/a800b8c54e208b160517a7dcc323161d"},"headline":"Photovoltaik &#038; Windkraft: Schweiz verpasst den Anschluss","datePublished":"2021-06-17T13:52:42+00:00","dateModified":"2022-02-09T10:06:07+00:00","mainEntityOfPage":{"@id":"https:\/\/www.organisator.ch\/sustainability\/2021-06-17\/photovoltaik-windkraft-schweiz-verpasst-den-anschluss\/"},"wordCount":320,"publisher":{"@id":"https:\/\/www.organisator.ch\/#organization"},"image":{"@id":"https:\/\/www.organisator.ch\/sustainability\/2021-06-17\/photovoltaik-windkraft-schweiz-verpasst-den-anschluss\/#primaryimage"},"thumbnailUrl":"https:\/\/www.organisator.ch\/wp-content\/uploads\/2021\/06\/Depositphotos_29079123_s-2019.jpg","keywords":["Energiegesetz","Photovoltaik","Windkraft"],"articleSection":["SUSTAINABILITY"],"inLanguage":"fr-FR"},{"@type":"WebPage","@id":"https:\/\/www.organisator.ch\/sustainability\/2021-06-17\/photovoltaik-windkraft-schweiz-verpasst-den-anschluss\/","url":"https:\/\/www.organisator.ch\/sustainability\/2021-06-17\/photovoltaik-windkraft-schweiz-verpasst-den-anschluss\/","name":"Photovolta\u00efque &amp; \u00e9olien : la Suisse rate le coche - Organisateur","isPartOf":{"@id":"https:\/\/www.organisator.ch\/#website"},"primaryImageOfPage":{"@id":"https:\/\/www.organisator.ch\/sustainability\/2021-06-17\/photovoltaik-windkraft-schweiz-verpasst-den-anschluss\/#primaryimage"},"image":{"@id":"https:\/\/www.organisator.ch\/sustainability\/2021-06-17\/photovoltaik-windkraft-schweiz-verpasst-den-anschluss\/#primaryimage"},"thumbnailUrl":"https:\/\/www.organisator.ch\/wp-content\/uploads\/2021\/06\/Depositphotos_29079123_s-2019.jpg","datePublished":"2021-06-17T13:52:42+00:00","dateModified":"2022-02-09T10:06:07+00:00","description":"En comparaison europ\u00e9enne, la Suisse est toujours \u00e0 la tra\u00eene par rapport \u00e0 la plupart des pays en ce qui concerne la production d'\u00e9lectricit\u00e9 solaire et \u00e9olienne par habitant.","breadcrumb":{"@id":"https:\/\/www.organisator.ch\/sustainability\/2021-06-17\/photovoltaik-windkraft-schweiz-verpasst-den-anschluss\/#breadcrumb"},"inLanguage":"fr-FR","potentialAction":[{"@type":"ReadAction","target":["https:\/\/www.organisator.ch\/sustainability\/2021-06-17\/photovoltaik-windkraft-schweiz-verpasst-den-anschluss\/"]}]},{"@type":"ImageObject","inLanguage":"fr-FR","@id":"https:\/\/www.organisator.ch\/sustainability\/2021-06-17\/photovoltaik-windkraft-schweiz-verpasst-den-anschluss\/#primaryimage","url":"https:\/\/www.organisator.ch\/wp-content\/uploads\/2021\/06\/Depositphotos_29079123_s-2019.jpg","contentUrl":"https:\/\/www.organisator.ch\/wp-content\/uploads\/2021\/06\/Depositphotos_29079123_s-2019.jpg","width":1000,"height":667,"caption":"\u00a9 Depositphotos, zstockphotos"},{"@type":"BreadcrumbList","@id":"https:\/\/www.organisator.ch\/sustainability\/2021-06-17\/photovoltaik-windkraft-schweiz-verpasst-den-anschluss\/#breadcrumb","itemListElement":[{"@type":"ListItem","position":1,"name":"Home","item":"https:\/\/www.organisator.ch\/"},{"@type":"ListItem","position":2,"name":"Photovoltaik &#038; Windkraft: Schweiz verpasst den Anschluss"}]},{"@type":"WebSite","@id":"https:\/\/www.organisator.ch\/#website","url":"https:\/\/www.organisator.ch\/","name":"Organisateur","description":"Comp\u00e9tence et comp\u00e9tence. Proches de la pratique. L'ORGANISATEUR pr\u00e9pare 10 num\u00e9ros par an sur les th\u00e8mes essentiels pour les dirigeants de PME.","publisher":{"@id":"https:\/\/www.organisator.ch\/#organization"},"potentialAction":[{"@type":"SearchAction","target":{"@type":"EntryPoint","urlTemplate":"https:\/\/www.organisator.ch\/?s={search_term_string}"},"query-input":{"@type":"PropertyValueSpecification","valueRequired":true,"valueName":"search_term_string"}}],"inLanguage":"fr-FR"},{"@type":"Organization","@id":"https:\/\/www.organisator.ch\/#organization","name":"Organisateur","url":"https:\/\/www.organisator.ch\/","logo":{"@type":"ImageObject","inLanguage":"fr-FR","@id":"https:\/\/www.organisator.ch\/#\/schema\/logo\/image\/","url":"https:\/\/www.organisator.ch\/wp-content\/uploads\/2022\/01\/Logo_Organisator_Website.png","contentUrl":"https:\/\/www.organisator.ch\/wp-content\/uploads\/2022\/01\/Logo_Organisator_Website.png","width":800,"height":77,"caption":"Organisator"},"image":{"@id":"https:\/\/www.organisator.ch\/#\/schema\/logo\/image\/"},"sameAs":["https:\/\/www.facebook.com\/OrganisatorFachmagazin","https:\/\/www.linkedin.com\/showcase\/organisator-das-magazin-fr-kmu","https:\/\/www.xing.com\/news\/pages\/organisator-ch-695","https:\/\/www.youtube.com\/channel\/UCGP2Sq0iWaZwT3BdIAQFYpw"]},{"@type":"Person","@id":"https:\/\/www.organisator.ch\/#\/schema\/person\/a800b8c54e208b160517a7dcc323161d","name":"roger.straessle","image":{"@type":"ImageObject","inLanguage":"fr-FR","@id":"https:\/\/secure.gravatar.com\/avatar\/?s=96&d=mm&r=g","url":"https:\/\/secure.gravatar.com\/avatar\/?s=96&d=mm&r=g","contentUrl":"https:\/\/secure.gravatar.com\/avatar\/?s=96&d=mm&r=g","caption":"roger.straessle"},"url":"https:\/\/www.organisator.ch\/fr\/author\/roger-straessle\/"}]}},"_links":{"self":[{"href":"https:\/\/www.organisator.ch\/fr\/wp-json\/wp\/v2\/posts\/10292","targetHints":{"allow":["GET"]}}],"collection":[{"href":"https:\/\/www.organisator.ch\/fr\/wp-json\/wp\/v2\/posts"}],"about":[{"href":"https:\/\/www.organisator.ch\/fr\/wp-json\/wp\/v2\/types\/post"}],"author":[{"embeddable":true,"href":"https:\/\/www.organisator.ch\/fr\/wp-json\/wp\/v2\/users\/6"}],"replies":[{"embeddable":true,"href":"https:\/\/www.organisator.ch\/fr\/wp-json\/wp\/v2\/comments?post=10292"}],"version-history":[{"count":1,"href":"https:\/\/www.organisator.ch\/fr\/wp-json\/wp\/v2\/posts\/10292\/revisions"}],"predecessor-version":[{"id":10475,"href":"https:\/\/www.organisator.ch\/fr\/wp-json\/wp\/v2\/posts\/10292\/revisions\/10475"}],"wp:featuredmedia":[{"embeddable":true,"href":"https:\/\/www.organisator.ch\/fr\/wp-json\/wp\/v2\/media\/9808"}],"wp:attachment":[{"href":"https:\/\/www.organisator.ch\/fr\/wp-json\/wp\/v2\/media?parent=10292"}],"wp:term":[{"taxonomy":"category","embeddable":true,"href":"https:\/\/www.organisator.ch\/fr\/wp-json\/wp\/v2\/categories?post=10292"},{"taxonomy":"post_tag","embeddable":true,"href":"https:\/\/www.organisator.ch\/fr\/wp-json\/wp\/v2\/tags?post=10292"}],"curies":[{"name":"wp","href":"https:\/\/api.w.org\/{rel}","templated":true}]}}