{"id":10294,"date":"2021-06-19T08:00:20","date_gmt":"2021-06-19T06:00:20","guid":{"rendered":"https:\/\/www.umweltperspektiven.ch\/?p=4414"},"modified":"2022-02-09T11:06:07","modified_gmt":"2022-02-09T10:06:07","slug":"erneuerbare-energien-bund-schlaegt-strompfloecke-ein","status":"publish","type":"post","link":"https:\/\/www.organisator.ch\/fr\/sustainability\/2021-06-19\/erneuerbare-energien-bund-schlaegt-strompfloecke-ein\/","title":{"rendered":"Un approvisionnement en \u00e9lectricit\u00e9 s\u00fbr gr\u00e2ce aux \u00e9nergies renouvelables"},"content":{"rendered":"<figure id=\"attachment_4416\" aria-describedby=\"caption-attachment-4416\" style=\"width: 680px\" class=\"wp-caption aligncenter\"><img loading=\"lazy\" decoding=\"async\" class=\"wp-image-4416 size-medium\" src=\"\/\/www.umweltperspektiven.ch\/wp-content\/uploads\/2021\/06\/Strom-1.jpg\" alt=\"S\u00e9curit\u00e9 de l&#039;approvisionnement en \u00e9lectricit\u00e9, \u00e9nergies renouvelables\" width=\"680\" height=\"406\" \/><figcaption id=\"caption-attachment-4416\" class=\"wp-caption-text\">Photo : R. Str\u00e4ssle<\/figcaption><\/figure>\n<p>&nbsp;<\/p>\n<p style=\"background: white; margin: 0cm 0cm 16.3pt 0cm;\"><span style=\"font-size: 13.0pt; font-family: 'Helvetica','sans-serif'; color: #454545;\">Pour atteindre les objectifs de la Strat\u00e9gie \u00e9nerg\u00e9tique 2050 et de la strat\u00e9gie climatique \u00e0 long terme de la Suisse, il faut une \u00e9lectrification compl\u00e8te dans les secteurs des transports et du chauffage. Pour ce faire, la production nationale d'\u00e9lectricit\u00e9 \u00e0 partir d'\u00e9nergies renouvelables doit \u00eatre d\u00e9velopp\u00e9e rapidement et de mani\u00e8re cons\u00e9quente. La s\u00e9curit\u00e9 du r\u00e9seau et de l'approvisionnement en \u00e9lectricit\u00e9 doit en outre \u00eatre renforc\u00e9e par d'autres mesures sp\u00e9cifiques. Avec la loi f\u00e9d\u00e9rale sur la s\u00e9curit\u00e9 de l'approvisionnement en \u00e9lectricit\u00e9 gr\u00e2ce aux \u00e9nergies renouvelables, le Conseil f\u00e9d\u00e9ral propose les modifications n\u00e9cessaires \u00e0 cet effet dans la loi sur l'\u00e9nergie et la loi sur l'approvisionnement en \u00e9lectricit\u00e9. Il cr\u00e9e ainsi un cadre l\u00e9gal qui donne une s\u00e9curit\u00e9 de planification et des incitations \u00e0 investir pour d\u00e9velopper la production d'\u00e9lectricit\u00e9 renouvelable et l'int\u00e9grer au march\u00e9.<\/span><\/p>\n<h2 style=\"background: white; box-sizing: border-box; font-variant-ligatures: normal; font-variant-caps: normal; orphans: 2; text-align: start; widows: 2; -webkit-text-stroke-width: 0px; text-decoration-thickness: initial; text-decoration-style: initial; text-decoration-color: initial; word-spacing: 0px; margin: 0cm 0cm 16.3pt 0cm;\"><b style=\"box-sizing: border-box;\"><span style=\"font-size: 13.0pt; font-family: 'Helvetica','sans-serif'; color: #454545;\">Principaux contenus du mod\u00e8le<\/span><\/b><\/h2>\n<p style=\"background: white; box-sizing: border-box; font-variant-ligatures: normal; font-variant-caps: normal; orphans: 2; text-align: start; widows: 2; -webkit-text-stroke-width: 0px; text-decoration-thickness: initial; text-decoration-style: initial; text-decoration-color: initial; word-spacing: 0px; margin: 0cm 0cm 16.3pt 0cm;\"><b style=\"box-sizing: border-box;\"><span style=\"font-size: 13.0pt; font-family: 'Helvetica','sans-serif'; color: #454545;\">Valeurs cibles<\/span><\/b><span style=\"font-size: 13.0pt; font-family: 'Helvetica','sans-serif'; color: #454545;\">La loi sur l'\u00e9nergie contient d\u00e9sormais des valeurs cibles contraignantes pour les ann\u00e9es 2035 et 2050. Ces valeurs cibles d\u00e9finissent le d\u00e9veloppement souhait\u00e9 de l'\u00e9nergie hydraulique et des autres \u00e9nergies renouvelables ainsi que la r\u00e9duction de la consommation d'\u00e9nergie et d'\u00e9lectricit\u00e9 par habitant. La loi est ainsi orient\u00e9e de mani\u00e8re plus contraignante vers les objectifs de la s\u00e9curit\u00e9 d'approvisionnement et de la politique climatique, cr\u00e9ant ainsi une s\u00e9curit\u00e9 de planification pour les investissements.<\/span><\/p>\n<p style=\"background: white; box-sizing: border-box; font-variant-ligatures: normal; font-variant-caps: normal; orphans: 2; text-align: start; widows: 2; -webkit-text-stroke-width: 0px; text-decoration-thickness: initial; text-decoration-style: initial; text-decoration-color: initial; word-spacing: 0px; margin: 0cm 0cm 16.3pt 0cm;\"><b style=\"box-sizing: border-box;\"><span style=\"font-size: 13.0pt; font-family: 'Helvetica','sans-serif'; color: #454545;\">Instruments de promotion<\/span><\/b><span style=\"font-size: 13.0pt; font-family: 'Helvetica','sans-serif'; color: #454545;\">Les instruments de promotion actuels pour la production d'\u00e9lectricit\u00e9 renouvelable sont limit\u00e9s \u00e0 fin 2022 et 2030. D\u00e9sormais, ils seront prolong\u00e9s jusqu'en 2035 - en fonction de la valeur cible l\u00e9gale de 2035 - et seront plus proches du march\u00e9. Par exemple, les grandes installations photovolta\u00efques seront encourag\u00e9es par le biais d'appels d'offres concurrentiels. Le syst\u00e8me de r\u00e9tribution du courant inject\u00e9 arrive \u00e0 \u00e9ch\u00e9ance comme pr\u00e9vu et est remplac\u00e9 par des contributions aux investissements. Cela permet d'all\u00e9ger la charge administrative et d'augmenter le nombre d'installations par franc de subvention. Les grandes installations hydro\u00e9lectriques disposent de plus de moyens financiers. Le financement des instruments de soutien continuera \u00e0 \u00eatre assur\u00e9 par le suppl\u00e9ment r\u00e9seau de 2,3 centimes par kilowattheure. Le suppl\u00e9ment r\u00e9seau ne sera pas augment\u00e9, mais sera pr\u00e9lev\u00e9 plus longtemps en cons\u00e9quence.<\/span><\/p>\n<p style=\"background: white; box-sizing: border-box; font-variant-ligatures: normal; font-variant-caps: normal; orphans: 2; text-align: start; widows: 2; -webkit-text-stroke-width: 0px; text-decoration-thickness: initial; text-decoration-style: initial; text-decoration-color: initial; word-spacing: 0px; margin: 0cm 0cm 16.3pt 0cm;\"><b style=\"box-sizing: border-box;\"><span style=\"font-size: 13.0pt; font-family: 'Helvetica','sans-serif'; color: #454545;\">S\u00e9curit\u00e9 d'approvisionnement en \u00e9lectricit\u00e9 \u00e0 plus long terme en hiver<\/span><\/b><span style=\"font-size: 13.0pt; font-family: 'Helvetica','sans-serif'; color: #454545;\">La capacit\u00e9 d'auto-approvisionnement de la Suisse doit \u00eatre maintenue m\u00eame apr\u00e8s l'abandon du nucl\u00e9aire. Pour cela, il faut, en plus de l'augmentation vis\u00e9e de la production d'\u00e9lectricit\u00e9 renouvelable (valeur cible d'ici 2050 : 39 TWh), construire d'ici 2040 d\u00e9j\u00e0 2 TWh de production d'\u00e9lectricit\u00e9 climatiquement neutre, pouvant \u00eatre appel\u00e9e en toute s\u00e9curit\u00e9 en hiver. Le Conseil f\u00e9d\u00e9ral veut financer de telles installations, en priorit\u00e9 les grandes centrales \u00e0 accumulation, par un \"suppl\u00e9ment hiver\". Ce suppl\u00e9ment est d\u00e9j\u00e0 pr\u00e9vu dans la loi sur l'approvisionnement en \u00e9lectricit\u00e9 afin de pr\u00e9venir d'\u00e9ventuels d\u00e9ficits de s\u00e9curit\u00e9 d'approvisionnement. Un montant maximal de 0,2 centime par kilowattheure sera pr\u00e9lev\u00e9 aupr\u00e8s des consommateurs d'\u00e9lectricit\u00e9. En outre, une r\u00e9serve strat\u00e9gique d'\u00e9nergie sera mise en place. En plus des m\u00e9canismes du march\u00e9 de l'\u00e9lectricit\u00e9, elle veillera \u00e0 ce que suffisamment d'\u00e9nergie soit disponible \u00e0 la fin de l'hiver. Par ailleurs, le d\u00e9veloppement rapide des \u00e9nergies renouvelables contribue de plus en plus \u00e0 la s\u00e9curit\u00e9 d'approvisionnement \u00e0 long terme, m\u00eame en hiver.<\/span><\/p>\n<p style=\"background: white; box-sizing: border-box; font-variant-ligatures: normal; font-variant-caps: normal; orphans: 2; text-align: start; widows: 2; -webkit-text-stroke-width: 0px; text-decoration-thickness: initial; text-decoration-style: initial; text-decoration-color: initial; word-spacing: 0px; margin: 0cm 0cm 16.3pt 0cm;\"><b style=\"box-sizing: border-box;\"><span style=\"font-size: 13.0pt; font-family: 'Helvetica','sans-serif'; color: #454545;\">Ouverture du march\u00e9 de l'\u00e9lectricit\u00e9<\/span><\/b><span style=\"font-size: 13.0pt; font-family: 'Helvetica','sans-serif'; color: #454545;\">L'ouverture compl\u00e8te du march\u00e9 de l'\u00e9lectricit\u00e9 renforce la production d'\u00e9lectricit\u00e9 renouvelable d\u00e9centralis\u00e9e. Elle permet des mod\u00e8les commerciaux innovants (par exemple les communaut\u00e9s \u00e9nerg\u00e9tiques), qui ne sont pas autoris\u00e9s aujourd'hui dans le cadre du monopole, et int\u00e8gre ainsi mieux l'\u00e9lectricit\u00e9 renouvelable sur le march\u00e9. Les consommateurs finaux et les utilisateurs finaux qui produisent eux-m\u00eames de l'\u00e9lectricit\u00e9 (prosommateurs), les producteurs et les fournisseurs d'\u00e9lectricit\u00e9 obtiennent ainsi des libert\u00e9s importantes sur le plan \u00e9conomique. Afin de prot\u00e9ger les petits consommateurs finaux tels que les m\u00e9nages contre les abus de prix, l'approvisionnement de base est maintenu. Dans ce cadre, un produit \u00e9lectrique compos\u00e9 exclusivement d'\u00e9nergie renouvelable indig\u00e8ne est propos\u00e9.<\/span><\/p>\n<p style=\"background: white; box-sizing: border-box; font-variant-ligatures: normal; font-variant-caps: normal; orphans: 2; text-align: start; widows: 2; -webkit-text-stroke-width: 0px; text-decoration-thickness: initial; text-decoration-style: initial; text-decoration-color: initial; word-spacing: 0px; margin: 0cm 0cm 16.3pt 0cm;\"><b style=\"box-sizing: border-box;\"><span style=\"font-size: 13.0pt; font-family: 'Helvetica','sans-serif'; color: #454545;\">R\u00e9gulation du r\u00e9seau, donn\u00e9es et m\u00e9trologie<\/span><\/b><span style=\"font-size: 13.0pt; font-family: 'Helvetica','sans-serif'; color: #454545;\">L'utilisation et l'extension des r\u00e9seaux \u00e9lectriques doivent devenir plus rentables. Pour ce faire, le Conseil f\u00e9d\u00e9ral cr\u00e9e les bases l\u00e9gales permettant aux consommateurs finaux et aux exploitants d'installations de stockage d'utiliser leur flexibilit\u00e9 en fonction du syst\u00e8me, et il veille \u00e0 ce que le syst\u00e8me de tarification soit plus conforme au principe de causalit\u00e9. Il cr\u00e9e en outre un cadre r\u00e9glementaire pour l'\u00e9change et la protection des donn\u00e9es ainsi que la mise en place d'une infrastructure nationale de donn\u00e9es \u00e9nerg\u00e9tiques avec un hub de donn\u00e9es. Dans le domaine de la m\u00e9trologie, le Conseil f\u00e9d\u00e9ral clarifie en outre les responsabilit\u00e9s et les libert\u00e9s de choix l\u00e9gales.<\/span><\/p>\n<h2 style=\"background: white; box-sizing: border-box; font-variant-ligatures: normal; font-variant-caps: normal; orphans: 2; text-align: start; widows: 2; -webkit-text-stroke-width: 0px; text-decoration-thickness: initial; text-decoration-style: initial; text-decoration-color: initial; word-spacing: 0px; margin: 0cm 0cm 16.3pt 0cm;\"><b style=\"box-sizing: border-box;\"><span style=\"font-size: 13.0pt; font-family: 'Helvetica','sans-serif'; color: #454545;\">Garantie de la s\u00e9curit\u00e9 d'approvisionnement \u00e0 court terme<\/span><\/b><\/h2>\n<p style=\"background: white; box-sizing: border-box; font-variant-ligatures: normal; font-variant-caps: normal; orphans: 2; text-align: start; widows: 2; -webkit-text-stroke-width: 0px; text-decoration-thickness: initial; text-decoration-style: initial; text-decoration-color: initial; word-spacing: 0px; margin: 0cm 0cm 16.3pt 0cm;\"><span style=\"font-size: 13.0pt; font-family: 'Helvetica','sans-serif'; color: #454545;\">En raison de l'interruption des n\u00e9gociations en vue d'un accord institutionnel avec l'UE, l'accord pr\u00e9vu sur l'\u00e9lectricit\u00e9 ne devrait pas non plus voir le jour dans un d\u00e9lai utile. Le Conseil f\u00e9d\u00e9ral a charg\u00e9 le DETEC d'analyser, en collaboration avec l'ElCom et avec la participation de Swissgrid, les r\u00e9percussions \u00e0 court et moyen terme sur la s\u00e9curit\u00e9 du r\u00e9seau et la s\u00e9curit\u00e9 de l'approvisionnement. En outre, le DETEC et l'ElCom sont d\u00e9j\u00e0 en train d'examiner d'\u00e9ventuelles mesures suppl\u00e9mentaires pour garantir la s\u00e9curit\u00e9 d'approvisionnement \u00e0 court terme. Le DETEC pr\u00e9sentera un rapport \u00e0 ce sujet au Conseil f\u00e9d\u00e9ral vers la fin de l'ann\u00e9e.<\/span><\/p>\n<p style=\"background: white; box-sizing: border-box; font-variant-ligatures: normal; font-variant-caps: normal; orphans: 2; text-align: start; widows: 2; -webkit-text-stroke-width: 0px; text-decoration-thickness: initial; text-decoration-style: initial; text-decoration-color: initial; word-spacing: 0px; margin: 0cm 0cm 16.3pt 0cm;\"><em><span style=\"font-size: 13.0pt; font-family: 'Helvetica','sans-serif'; color: #454545;\">Communiqu\u00e9 de presse de la Conf\u00e9d\u00e9ration<\/span><\/em><\/p>\n<p style=\"background: white; box-sizing: border-box; font-variant-ligatures: normal; font-variant-caps: normal; orphans: 2; text-align: start; widows: 2; -webkit-text-stroke-width: 0px; text-decoration-thickness: initial; text-decoration-style: initial; text-decoration-color: initial; word-spacing: 0px; margin: 0cm 0cm 16.3pt 0cm;\"><em><strong><span style=\"font-size: 13.0pt; font-family: 'Helvetica','sans-serif'; color: #454545;\">Autres th\u00e8mes :<\/span><\/strong><\/em><\/p>\n<p><a href=\"\/\/www.umweltperspektiven.ch\/photovoltaik-windkraft-schweiz-verpasst-den-anschluss\/\"><em>Photovolta\u00efque &amp; \u00e9olien : la Suisse rate le coche<\/em><\/a><\/p>","protected":false},"excerpt":{"rendered":"<p>&nbsp; Um die Ziele der Energiestrategie 2050 und der langfristigen Klimastrategie der Schweiz zu erreichen, braucht es eine umfassende Elektrifizierung im Verkehrs- und W\u00e4rmesektor. Dazu muss die inl\u00e4ndische Stromerzeugung aus erneuerbaren Energien rasch und konsequent ausgebaut werden. Die Netz- und Stromversorgungssicherheit muss zudem mit weiteren spezifischen Massnahmen gest\u00e4rkt werden. Mit dem Bundesgesetz \u00fcber eine sichere [&hellip;]<\/p>\n","protected":false},"author":6,"featured_media":4416,"comment_status":"closed","ping_status":"closed","sticky":false,"template":"","format":"standard","meta":{"_acf_changed":false,"_yoast_wpseo_focuskw":"Stromversorgungssicherheit","_yoast_wpseo_metadesc":"Der Bundesrat hat am 18. Juni 2021 das Bundesgesetz \u00fcber eine sichere Stromversorgung mit erneuerbaren Energien verabschiedet.","articlekey":"","footnotes":""},"categories":[580],"tags":[1120,1211,1412,2227,2228,2469],"class_list":["post-10294","post","type-post","status-publish","format-standard","has-post-thumbnail","hentry","category-sustainability","tag-erneuerbare-energien","tag-foerderinstrument","tag-inlaendische-stromerzeugung","tag-stromversorgungsgesetz","tag-stromversorgungssicherheit","tag-versorgungssicherheit"],"acf":[],"yoast_head":"<!-- This site is optimized with the Yoast SEO plugin v27.5 - https:\/\/yoast.com\/product\/yoast-seo-wordpress\/ -->\n<title>Sichere Stromversorgung mit erneuerbaren Energien - Organisator<\/title>\n<meta name=\"description\" content=\"Der Bundesrat hat am 18. Juni 2021 das Bundesgesetz \u00fcber eine sichere Stromversorgung mit erneuerbaren Energien verabschiedet.\" \/>\n<meta name=\"robots\" content=\"index, follow, max-snippet:-1, max-image-preview:large, max-video-preview:-1\" \/>\n<link rel=\"canonical\" href=\"https:\/\/www.organisator.ch\/fr\/sustainability\/2021-06-19\/erneuerbare-energien-bund-schlaegt-strompfloecke-ein\/\" \/>\n<meta property=\"og:locale\" content=\"fr_FR\" \/>\n<meta property=\"og:type\" content=\"article\" \/>\n<meta property=\"og:title\" content=\"Sichere Stromversorgung mit erneuerbaren Energien - Organisator\" \/>\n<meta property=\"og:description\" content=\"Der Bundesrat hat am 18. Juni 2021 das Bundesgesetz \u00fcber eine sichere Stromversorgung mit erneuerbaren Energien verabschiedet.\" \/>\n<meta property=\"og:url\" content=\"https:\/\/www.organisator.ch\/fr\/sustainability\/2021-06-19\/erneuerbare-energien-bund-schlaegt-strompfloecke-ein\/\" \/>\n<meta property=\"og:site_name\" content=\"Organisator\" \/>\n<meta property=\"article:publisher\" content=\"https:\/\/www.facebook.com\/OrganisatorFachmagazin\" \/>\n<meta property=\"article:published_time\" content=\"2021-06-19T06:00:20+00:00\" \/>\n<meta property=\"article:modified_time\" content=\"2022-02-09T10:06:07+00:00\" \/>\n<meta property=\"og:image\" content=\"https:\/\/www.organisator.ch\/wp-content\/uploads\/2021\/06\/Strom-1-scaled.jpg\" \/>\n\t<meta property=\"og:image:width\" content=\"2560\" \/>\n\t<meta property=\"og:image:height\" content=\"1528\" \/>\n\t<meta property=\"og:image:type\" content=\"image\/jpeg\" \/>\n<meta name=\"author\" content=\"roger.straessle\" \/>\n<meta name=\"twitter:card\" content=\"summary_large_image\" \/>\n<script type=\"application\/ld+json\" class=\"yoast-schema-graph\">{\"@context\":\"https:\\\/\\\/schema.org\",\"@graph\":[{\"@type\":\"Article\",\"@id\":\"https:\\\/\\\/www.organisator.ch\\\/sustainability\\\/2021-06-19\\\/erneuerbare-energien-bund-schlaegt-strompfloecke-ein\\\/#article\",\"isPartOf\":{\"@id\":\"https:\\\/\\\/www.organisator.ch\\\/sustainability\\\/2021-06-19\\\/erneuerbare-energien-bund-schlaegt-strompfloecke-ein\\\/\"},\"author\":{\"name\":\"roger.straessle\",\"@id\":\"https:\\\/\\\/www.organisator.ch\\\/#\\\/schema\\\/person\\\/a800b8c54e208b160517a7dcc323161d\"},\"headline\":\"Sichere Stromversorgung mit erneuerbaren Energien\",\"datePublished\":\"2021-06-19T06:00:20+00:00\",\"dateModified\":\"2022-02-09T10:06:07+00:00\",\"mainEntityOfPage\":{\"@id\":\"https:\\\/\\\/www.organisator.ch\\\/sustainability\\\/2021-06-19\\\/erneuerbare-energien-bund-schlaegt-strompfloecke-ein\\\/\"},\"wordCount\":684,\"publisher\":{\"@id\":\"https:\\\/\\\/www.organisator.ch\\\/#organization\"},\"image\":{\"@id\":\"https:\\\/\\\/www.organisator.ch\\\/sustainability\\\/2021-06-19\\\/erneuerbare-energien-bund-schlaegt-strompfloecke-ein\\\/#primaryimage\"},\"thumbnailUrl\":\"https:\\\/\\\/www.organisator.ch\\\/wp-content\\\/uploads\\\/2021\\\/06\\\/Strom-1-scaled.jpg\",\"keywords\":[\"erneuerbare Energien\",\"F\u00f6rderinstrument\",\"inl\u00e4ndische Stromerzeugung\",\"Stromversorgungsgesetz\",\"Stromversorgungssicherheit\",\"Versorgungssicherheit\"],\"articleSection\":[\"SUSTAINABILITY\"],\"inLanguage\":\"fr-FR\"},{\"@type\":\"WebPage\",\"@id\":\"https:\\\/\\\/www.organisator.ch\\\/sustainability\\\/2021-06-19\\\/erneuerbare-energien-bund-schlaegt-strompfloecke-ein\\\/\",\"url\":\"https:\\\/\\\/www.organisator.ch\\\/sustainability\\\/2021-06-19\\\/erneuerbare-energien-bund-schlaegt-strompfloecke-ein\\\/\",\"name\":\"Sichere Stromversorgung mit erneuerbaren Energien - Organisator\",\"isPartOf\":{\"@id\":\"https:\\\/\\\/www.organisator.ch\\\/#website\"},\"primaryImageOfPage\":{\"@id\":\"https:\\\/\\\/www.organisator.ch\\\/sustainability\\\/2021-06-19\\\/erneuerbare-energien-bund-schlaegt-strompfloecke-ein\\\/#primaryimage\"},\"image\":{\"@id\":\"https:\\\/\\\/www.organisator.ch\\\/sustainability\\\/2021-06-19\\\/erneuerbare-energien-bund-schlaegt-strompfloecke-ein\\\/#primaryimage\"},\"thumbnailUrl\":\"https:\\\/\\\/www.organisator.ch\\\/wp-content\\\/uploads\\\/2021\\\/06\\\/Strom-1-scaled.jpg\",\"datePublished\":\"2021-06-19T06:00:20+00:00\",\"dateModified\":\"2022-02-09T10:06:07+00:00\",\"description\":\"Der Bundesrat hat am 18. Juni 2021 das Bundesgesetz \u00fcber eine sichere Stromversorgung mit erneuerbaren Energien verabschiedet.\",\"breadcrumb\":{\"@id\":\"https:\\\/\\\/www.organisator.ch\\\/sustainability\\\/2021-06-19\\\/erneuerbare-energien-bund-schlaegt-strompfloecke-ein\\\/#breadcrumb\"},\"inLanguage\":\"fr-FR\",\"potentialAction\":[{\"@type\":\"ReadAction\",\"target\":[\"https:\\\/\\\/www.organisator.ch\\\/sustainability\\\/2021-06-19\\\/erneuerbare-energien-bund-schlaegt-strompfloecke-ein\\\/\"]}]},{\"@type\":\"ImageObject\",\"inLanguage\":\"fr-FR\",\"@id\":\"https:\\\/\\\/www.organisator.ch\\\/sustainability\\\/2021-06-19\\\/erneuerbare-energien-bund-schlaegt-strompfloecke-ein\\\/#primaryimage\",\"url\":\"https:\\\/\\\/www.organisator.ch\\\/wp-content\\\/uploads\\\/2021\\\/06\\\/Strom-1-scaled.jpg\",\"contentUrl\":\"https:\\\/\\\/www.organisator.ch\\\/wp-content\\\/uploads\\\/2021\\\/06\\\/Strom-1-scaled.jpg\",\"width\":2560,\"height\":1528,\"caption\":\"Foto: R. Str\u00e4ssle\"},{\"@type\":\"BreadcrumbList\",\"@id\":\"https:\\\/\\\/www.organisator.ch\\\/sustainability\\\/2021-06-19\\\/erneuerbare-energien-bund-schlaegt-strompfloecke-ein\\\/#breadcrumb\",\"itemListElement\":[{\"@type\":\"ListItem\",\"position\":1,\"name\":\"Home\",\"item\":\"https:\\\/\\\/www.organisator.ch\\\/\"},{\"@type\":\"ListItem\",\"position\":2,\"name\":\"Sichere Stromversorgung mit erneuerbaren Energien\"}]},{\"@type\":\"WebSite\",\"@id\":\"https:\\\/\\\/www.organisator.ch\\\/#website\",\"url\":\"https:\\\/\\\/www.organisator.ch\\\/\",\"name\":\"Organisator\",\"description\":\"Kompetent. Praxisnah. Der ORGANISATOR bereitet in 10 Ausgaben pro Jahr die wesentlichen Themen f\u00fcr F\u00fchrungskr\u00e4fte von KMU auf.\",\"publisher\":{\"@id\":\"https:\\\/\\\/www.organisator.ch\\\/#organization\"},\"potentialAction\":[{\"@type\":\"SearchAction\",\"target\":{\"@type\":\"EntryPoint\",\"urlTemplate\":\"https:\\\/\\\/www.organisator.ch\\\/?s={search_term_string}\"},\"query-input\":{\"@type\":\"PropertyValueSpecification\",\"valueRequired\":true,\"valueName\":\"search_term_string\"}}],\"inLanguage\":\"fr-FR\"},{\"@type\":\"Organization\",\"@id\":\"https:\\\/\\\/www.organisator.ch\\\/#organization\",\"name\":\"Organisator\",\"url\":\"https:\\\/\\\/www.organisator.ch\\\/\",\"logo\":{\"@type\":\"ImageObject\",\"inLanguage\":\"fr-FR\",\"@id\":\"https:\\\/\\\/www.organisator.ch\\\/#\\\/schema\\\/logo\\\/image\\\/\",\"url\":\"https:\\\/\\\/www.organisator.ch\\\/wp-content\\\/uploads\\\/2022\\\/01\\\/Logo_Organisator_Website.png\",\"contentUrl\":\"https:\\\/\\\/www.organisator.ch\\\/wp-content\\\/uploads\\\/2022\\\/01\\\/Logo_Organisator_Website.png\",\"width\":800,\"height\":77,\"caption\":\"Organisator\"},\"image\":{\"@id\":\"https:\\\/\\\/www.organisator.ch\\\/#\\\/schema\\\/logo\\\/image\\\/\"},\"sameAs\":[\"https:\\\/\\\/www.facebook.com\\\/OrganisatorFachmagazin\",\"https:\\\/\\\/www.linkedin.com\\\/showcase\\\/organisator-das-magazin-fr-kmu\",\"https:\\\/\\\/www.xing.com\\\/news\\\/pages\\\/organisator-ch-695\",\"https:\\\/\\\/www.youtube.com\\\/channel\\\/UCGP2Sq0iWaZwT3BdIAQFYpw\"]},{\"@type\":\"Person\",\"@id\":\"https:\\\/\\\/www.organisator.ch\\\/#\\\/schema\\\/person\\\/a800b8c54e208b160517a7dcc323161d\",\"name\":\"roger.straessle\",\"image\":{\"@type\":\"ImageObject\",\"inLanguage\":\"fr-FR\",\"@id\":\"https:\\\/\\\/secure.gravatar.com\\\/avatar\\\/?s=96&d=mm&r=g\",\"url\":\"https:\\\/\\\/secure.gravatar.com\\\/avatar\\\/?s=96&d=mm&r=g\",\"contentUrl\":\"https:\\\/\\\/secure.gravatar.com\\\/avatar\\\/?s=96&d=mm&r=g\",\"caption\":\"roger.straessle\"},\"url\":\"https:\\\/\\\/www.organisator.ch\\\/fr\\\/author\\\/roger-straessle\\\/\"}]}<\/script>\n<!-- \/ Yoast SEO plugin. -->","yoast_head_json":{"title":"Un approvisionnement en \u00e9lectricit\u00e9 s\u00fbr gr\u00e2ce aux \u00e9nergies renouvelables - Organisateur","description":"Le 18 juin 2021, le Conseil f\u00e9d\u00e9ral a adopt\u00e9 la loi f\u00e9d\u00e9rale sur la s\u00e9curit\u00e9 de l'approvisionnement en \u00e9lectricit\u00e9 gr\u00e2ce aux \u00e9nergies renouvelables.","robots":{"index":"index","follow":"follow","max-snippet":"max-snippet:-1","max-image-preview":"max-image-preview:large","max-video-preview":"max-video-preview:-1"},"canonical":"https:\/\/www.organisator.ch\/fr\/sustainability\/2021-06-19\/erneuerbare-energien-bund-schlaegt-strompfloecke-ein\/","og_locale":"fr_FR","og_type":"article","og_title":"Sichere Stromversorgung mit erneuerbaren Energien - Organisator","og_description":"Der Bundesrat hat am 18. Juni 2021 das Bundesgesetz \u00fcber eine sichere Stromversorgung mit erneuerbaren Energien verabschiedet.","og_url":"https:\/\/www.organisator.ch\/fr\/sustainability\/2021-06-19\/erneuerbare-energien-bund-schlaegt-strompfloecke-ein\/","og_site_name":"Organisator","article_publisher":"https:\/\/www.facebook.com\/OrganisatorFachmagazin","article_published_time":"2021-06-19T06:00:20+00:00","article_modified_time":"2022-02-09T10:06:07+00:00","og_image":[{"width":2560,"height":1528,"url":"https:\/\/www.organisator.ch\/wp-content\/uploads\/2021\/06\/Strom-1-scaled.jpg","type":"image\/jpeg"}],"author":"roger.straessle","twitter_card":"summary_large_image","schema":{"@context":"https:\/\/schema.org","@graph":[{"@type":"Article","@id":"https:\/\/www.organisator.ch\/sustainability\/2021-06-19\/erneuerbare-energien-bund-schlaegt-strompfloecke-ein\/#article","isPartOf":{"@id":"https:\/\/www.organisator.ch\/sustainability\/2021-06-19\/erneuerbare-energien-bund-schlaegt-strompfloecke-ein\/"},"author":{"name":"roger.straessle","@id":"https:\/\/www.organisator.ch\/#\/schema\/person\/a800b8c54e208b160517a7dcc323161d"},"headline":"Sichere Stromversorgung mit erneuerbaren Energien","datePublished":"2021-06-19T06:00:20+00:00","dateModified":"2022-02-09T10:06:07+00:00","mainEntityOfPage":{"@id":"https:\/\/www.organisator.ch\/sustainability\/2021-06-19\/erneuerbare-energien-bund-schlaegt-strompfloecke-ein\/"},"wordCount":684,"publisher":{"@id":"https:\/\/www.organisator.ch\/#organization"},"image":{"@id":"https:\/\/www.organisator.ch\/sustainability\/2021-06-19\/erneuerbare-energien-bund-schlaegt-strompfloecke-ein\/#primaryimage"},"thumbnailUrl":"https:\/\/www.organisator.ch\/wp-content\/uploads\/2021\/06\/Strom-1-scaled.jpg","keywords":["erneuerbare Energien","F\u00f6rderinstrument","inl\u00e4ndische Stromerzeugung","Stromversorgungsgesetz","Stromversorgungssicherheit","Versorgungssicherheit"],"articleSection":["SUSTAINABILITY"],"inLanguage":"fr-FR"},{"@type":"WebPage","@id":"https:\/\/www.organisator.ch\/sustainability\/2021-06-19\/erneuerbare-energien-bund-schlaegt-strompfloecke-ein\/","url":"https:\/\/www.organisator.ch\/sustainability\/2021-06-19\/erneuerbare-energien-bund-schlaegt-strompfloecke-ein\/","name":"Un approvisionnement en \u00e9lectricit\u00e9 s\u00fbr gr\u00e2ce aux \u00e9nergies renouvelables - Organisateur","isPartOf":{"@id":"https:\/\/www.organisator.ch\/#website"},"primaryImageOfPage":{"@id":"https:\/\/www.organisator.ch\/sustainability\/2021-06-19\/erneuerbare-energien-bund-schlaegt-strompfloecke-ein\/#primaryimage"},"image":{"@id":"https:\/\/www.organisator.ch\/sustainability\/2021-06-19\/erneuerbare-energien-bund-schlaegt-strompfloecke-ein\/#primaryimage"},"thumbnailUrl":"https:\/\/www.organisator.ch\/wp-content\/uploads\/2021\/06\/Strom-1-scaled.jpg","datePublished":"2021-06-19T06:00:20+00:00","dateModified":"2022-02-09T10:06:07+00:00","description":"Le 18 juin 2021, le Conseil f\u00e9d\u00e9ral a adopt\u00e9 la loi f\u00e9d\u00e9rale sur la s\u00e9curit\u00e9 de l'approvisionnement en \u00e9lectricit\u00e9 gr\u00e2ce aux \u00e9nergies renouvelables.","breadcrumb":{"@id":"https:\/\/www.organisator.ch\/sustainability\/2021-06-19\/erneuerbare-energien-bund-schlaegt-strompfloecke-ein\/#breadcrumb"},"inLanguage":"fr-FR","potentialAction":[{"@type":"ReadAction","target":["https:\/\/www.organisator.ch\/sustainability\/2021-06-19\/erneuerbare-energien-bund-schlaegt-strompfloecke-ein\/"]}]},{"@type":"ImageObject","inLanguage":"fr-FR","@id":"https:\/\/www.organisator.ch\/sustainability\/2021-06-19\/erneuerbare-energien-bund-schlaegt-strompfloecke-ein\/#primaryimage","url":"https:\/\/www.organisator.ch\/wp-content\/uploads\/2021\/06\/Strom-1-scaled.jpg","contentUrl":"https:\/\/www.organisator.ch\/wp-content\/uploads\/2021\/06\/Strom-1-scaled.jpg","width":2560,"height":1528,"caption":"Foto: R. Str\u00e4ssle"},{"@type":"BreadcrumbList","@id":"https:\/\/www.organisator.ch\/sustainability\/2021-06-19\/erneuerbare-energien-bund-schlaegt-strompfloecke-ein\/#breadcrumb","itemListElement":[{"@type":"ListItem","position":1,"name":"Home","item":"https:\/\/www.organisator.ch\/"},{"@type":"ListItem","position":2,"name":"Sichere Stromversorgung mit erneuerbaren Energien"}]},{"@type":"WebSite","@id":"https:\/\/www.organisator.ch\/#website","url":"https:\/\/www.organisator.ch\/","name":"Organisateur","description":"Comp\u00e9tence et comp\u00e9tence. Proches de la pratique. L'ORGANISATEUR pr\u00e9pare 10 num\u00e9ros par an sur les th\u00e8mes essentiels pour les dirigeants de PME.","publisher":{"@id":"https:\/\/www.organisator.ch\/#organization"},"potentialAction":[{"@type":"SearchAction","target":{"@type":"EntryPoint","urlTemplate":"https:\/\/www.organisator.ch\/?s={search_term_string}"},"query-input":{"@type":"PropertyValueSpecification","valueRequired":true,"valueName":"search_term_string"}}],"inLanguage":"fr-FR"},{"@type":"Organization","@id":"https:\/\/www.organisator.ch\/#organization","name":"Organisateur","url":"https:\/\/www.organisator.ch\/","logo":{"@type":"ImageObject","inLanguage":"fr-FR","@id":"https:\/\/www.organisator.ch\/#\/schema\/logo\/image\/","url":"https:\/\/www.organisator.ch\/wp-content\/uploads\/2022\/01\/Logo_Organisator_Website.png","contentUrl":"https:\/\/www.organisator.ch\/wp-content\/uploads\/2022\/01\/Logo_Organisator_Website.png","width":800,"height":77,"caption":"Organisator"},"image":{"@id":"https:\/\/www.organisator.ch\/#\/schema\/logo\/image\/"},"sameAs":["https:\/\/www.facebook.com\/OrganisatorFachmagazin","https:\/\/www.linkedin.com\/showcase\/organisator-das-magazin-fr-kmu","https:\/\/www.xing.com\/news\/pages\/organisator-ch-695","https:\/\/www.youtube.com\/channel\/UCGP2Sq0iWaZwT3BdIAQFYpw"]},{"@type":"Person","@id":"https:\/\/www.organisator.ch\/#\/schema\/person\/a800b8c54e208b160517a7dcc323161d","name":"roger.straessle","image":{"@type":"ImageObject","inLanguage":"fr-FR","@id":"https:\/\/secure.gravatar.com\/avatar\/?s=96&d=mm&r=g","url":"https:\/\/secure.gravatar.com\/avatar\/?s=96&d=mm&r=g","contentUrl":"https:\/\/secure.gravatar.com\/avatar\/?s=96&d=mm&r=g","caption":"roger.straessle"},"url":"https:\/\/www.organisator.ch\/fr\/author\/roger-straessle\/"}]}},"_links":{"self":[{"href":"https:\/\/www.organisator.ch\/fr\/wp-json\/wp\/v2\/posts\/10294","targetHints":{"allow":["GET"]}}],"collection":[{"href":"https:\/\/www.organisator.ch\/fr\/wp-json\/wp\/v2\/posts"}],"about":[{"href":"https:\/\/www.organisator.ch\/fr\/wp-json\/wp\/v2\/types\/post"}],"author":[{"embeddable":true,"href":"https:\/\/www.organisator.ch\/fr\/wp-json\/wp\/v2\/users\/6"}],"replies":[{"embeddable":true,"href":"https:\/\/www.organisator.ch\/fr\/wp-json\/wp\/v2\/comments?post=10294"}],"version-history":[{"count":1,"href":"https:\/\/www.organisator.ch\/fr\/wp-json\/wp\/v2\/posts\/10294\/revisions"}],"predecessor-version":[{"id":10473,"href":"https:\/\/www.organisator.ch\/fr\/wp-json\/wp\/v2\/posts\/10294\/revisions\/10473"}],"wp:featuredmedia":[{"embeddable":true,"href":"https:\/\/www.organisator.ch\/fr\/wp-json\/wp\/v2\/media\/4416"}],"wp:attachment":[{"href":"https:\/\/www.organisator.ch\/fr\/wp-json\/wp\/v2\/media?parent=10294"}],"wp:term":[{"taxonomy":"category","embeddable":true,"href":"https:\/\/www.organisator.ch\/fr\/wp-json\/wp\/v2\/categories?post=10294"},{"taxonomy":"post_tag","embeddable":true,"href":"https:\/\/www.organisator.ch\/fr\/wp-json\/wp\/v2\/tags?post=10294"}],"curies":[{"name":"wp","href":"https:\/\/api.w.org\/{rel}","templated":true}]}}