{"id":1030,"date":"2016-08-08T08:46:30","date_gmt":"2016-08-08T06:46:30","guid":{"rendered":"http:\/\/dev.organisator.ch\/?p=1030"},"modified":"2016-08-08T08:46:30","modified_gmt":"2016-08-08T06:46:30","slug":"204-lernende-starten-ihre-laufbahn-bei-der-amag","status":"publish","type":"post","link":"https:\/\/www.organisator.ch\/fr\/human-resources\/hrm\/2016-08-08\/204-lernende-starten-ihre-laufbahn-bei-der-amag\/","title":{"rendered":"204 apprentis commencent leur carri\u00e8re chez AMAG"},"content":{"rendered":"<figure id=\"attachment_1031\" aria-describedby=\"caption-attachment-1031\" style=\"width: 640px\" class=\"wp-caption alignnone\"><img loading=\"lazy\" decoding=\"async\" class=\"size-full wp-image-1031\" src=\"https:\/\/www.organisator.ch\/wp-content\/uploads\/2016\/12\/204-Lernende-starten-ihre-Laufbahn-bei-der-AMAG-organisator.jpg\" alt=\"\" width=\"640\" height=\"360\" srcset=\"https:\/\/www.organisator.ch\/wp-content\/uploads\/2016\/12\/204-Lernende-starten-ihre-Laufbahn-bei-der-AMAG-organisator.jpg 640w, https:\/\/www.organisator.ch\/wp-content\/uploads\/2016\/12\/204-Lernende-starten-ihre-Laufbahn-bei-der-AMAG-organisator-16x9.jpg 16w, https:\/\/www.organisator.ch\/wp-content\/uploads\/2016\/12\/204-Lernende-starten-ihre-Laufbahn-bei-der-AMAG-organisator-311x175.jpg 311w, https:\/\/www.organisator.ch\/wp-content\/uploads\/2016\/12\/204-Lernende-starten-ihre-Laufbahn-bei-der-AMAG-organisator-622x350.jpg 622w, https:\/\/www.organisator.ch\/wp-content\/uploads\/2016\/12\/204-Lernende-starten-ihre-Laufbahn-bei-der-AMAG-organisator-300x169.jpg 300w\" sizes=\"auto, (max-width: 640px) 100vw, 640px\" \/><figcaption id=\"caption-attachment-1031\" class=\"wp-caption-text\">204 apprentis fra\u00eechement dipl\u00f4m\u00e9s au camp d'accueil AMAG 2016 (photo : AMAG)<\/figcaption><\/figure>\n<p>L'importateur automobile AMAG est l'un des plus grands centres de formation de Suisse : les plus de 700 apprentis repr\u00e9sentent environ 13% de tous les collaborateurs de l'entreprise. C'est pourquoi le prestataire de services de mobilit\u00e9 tient \u00e0 ce que tous les apprentis prennent un d\u00e9part impeccable dans leur formation professionnelle. C'est pourquoi chaque ann\u00e9e, les nouveaux apprentis suivent une session d'introduction - l'AMAG Welcome Camp - qui leur fait d\u00e9couvrir le monde AMAG et favorise la dynamique de groupe et le r\u00e9seau.<\/p>\n<p><strong>Des apprentis de toute la Suisse r\u00e9unis en un seul lieu<\/strong><\/p>\n<p>Les jeudi et vendredi 4 et 5 ao\u00fbt, le premier AMAG Welcome Camp national s'est d\u00e9roul\u00e9 \u00e0 l'Umweltarena de Spreitenbach. Au total, 204 apprentis d'AMAG y ont particip\u00e9 : 152 de Suisse al\u00e9manique, 42 de Suisse romande et 10 du Tessin. La grande nouveaut\u00e9 de cette ann\u00e9e est que tous les nouveaux apprentis de toute la Suisse ont \u00e9t\u00e9 invit\u00e9s au m\u00eame \u00e9v\u00e9nement. L'AMAG Academy, l'institut de formation d'AMAG, a remani\u00e9 le programme du Welcome Camp et l'a r\u00e9parti sur deux jours.<\/p>\n<p><strong>La direction accueille les apprentis<\/strong><\/p>\n<p>Au d\u00e9but du programme d'introduction, les jeunes ont \u00e9t\u00e9 accueillis par la direction. Bernhard Soltermann, Managing Director AMAG Import et COO, Jost Eggenberger, Managing Director AMAG Retail, Beatrice Angst, responsable HR Region, ainsi que Gerald Ziegler, responsable AMAG Academy, ont racont\u00e9 la vie professionnelle d'AMAG et adress\u00e9 des mots de motivation aux apprentis. Ensuite, un parcours de postes a permis de d\u00e9couvrir de mani\u00e8re ludique des th\u00e8mes AMAG, tels que l'organisation, les domaines de l'entreprise, la philosophie, l'administration du personnel, etc. Une visite du centre de logistique automobile d'AMAG \u00e0 Birrfeld, o\u00f9 l'on pouvait admirer de nombreux v\u00e9hicules neufs, a compl\u00e9t\u00e9 le programme.<\/p>\n<p><em>Source : <a href=\"http:\/\/www.amag.ch\" target=\"_blank\" rel=\"noreferrer noopener\" data-cke-saved-href=\"http:\/\/www.amag.ch\">AMAG<\/a><\/em><\/p>","protected":false},"excerpt":{"rendered":"<p>Der Automobil-Importeur\u00a0AMAG ist eine der gr\u00f6ssten Ausbildungsst\u00e4tten der Schweiz: Die \u00fcber 700 Lernenden stellen rund 13% aller Mitarbeitenden des Unternehmens\u00a0dar. Deshalb ist es dem Mobilit\u00e4tsdienstleister wichtig, dass alle Lernenden einen einwandfreien Start in ihre Berufsausbildung erhalten. Jedes Jahr absolvieren deshalb die neu eintretenden Lernenden eine Einf\u00fchrungsveranstaltung &#8211; das AMAG Welcome Camp, welche ihnen die AMAG [&hellip;]<\/p>\n","protected":false},"author":1,"featured_media":1031,"comment_status":"open","ping_status":"open","sticky":false,"template":"","format":"standard","meta":{"_acf_changed":false,"_yoast_wpseo_focuskw":"Lernende","_yoast_wpseo_metadesc":"Am Welcome Camp 2016 haben 204 AMAG Lernende teilgenommen. Die j\u00e4hrliche Veranstaltung der AMAG hat dieses Jahr in einem neuen Format stattgefunden.","articlekey":"","footnotes":""},"categories":[26],"tags":[62,254,492],"class_list":["post-1030","post","type-post","status-publish","format-standard","has-post-thumbnail","hentry","category-hrm","tag-aus-weiterbildung","tag-hrm","tag-unternehmen"],"acf":[],"yoast_head":"<!-- This site is optimized with the Yoast SEO plugin v27.4 - https:\/\/yoast.com\/product\/yoast-seo-wordpress\/ -->\n<title>204 Lernende starten ihre Laufbahn bei der AMAG - Organisator<\/title>\n<meta name=\"description\" content=\"Am Welcome Camp 2016 haben 204 AMAG Lernende teilgenommen. Die j\u00e4hrliche Veranstaltung der AMAG hat dieses Jahr in einem neuen Format stattgefunden.\" \/>\n<meta name=\"robots\" content=\"index, follow, max-snippet:-1, max-image-preview:large, max-video-preview:-1\" \/>\n<link rel=\"canonical\" href=\"https:\/\/www.organisator.ch\/fr\/ressources-humaines\/hrm\/2016-08-08\/204-lernende-starten-ihre-laufbahn-bei-der-amag\/\" \/>\n<meta property=\"og:locale\" content=\"fr_FR\" \/>\n<meta property=\"og:type\" content=\"article\" \/>\n<meta property=\"og:title\" content=\"204 Lernende starten ihre Laufbahn bei der AMAG\" \/>\n<meta property=\"og:description\" content=\"Am Welcome Camp 2016 haben 204 AMAG Lernende teilgenommen. Die j\u00e4hrliche Willkommensveranstaltung der AMAG hat dieses Jahr in einem neuen Format stattgefunden.\" \/>\n<meta property=\"og:url\" content=\"https:\/\/www.organisator.ch\/fr\/ressources-humaines\/hrm\/2016-08-08\/204-lernende-starten-ihre-laufbahn-bei-der-amag\/\" \/>\n<meta property=\"og:site_name\" content=\"Organisator\" \/>\n<meta property=\"article:publisher\" content=\"https:\/\/www.facebook.com\/OrganisatorFachmagazin\" \/>\n<meta property=\"article:published_time\" content=\"2016-08-08T06:46:30+00:00\" \/>\n<meta name=\"author\" content=\"admin\" \/>\n<meta name=\"twitter:card\" content=\"summary_large_image\" \/>\n<meta name=\"twitter:image\" content=\"https:\/\/www.organisator.ch\/wp-content\/uploads\/2016\/12\/204-Lernende-starten-ihre-Laufbahn-bei-der-AMAG-organisator.jpg\" \/>\n<script type=\"application\/ld+json\" class=\"yoast-schema-graph\">{\"@context\":\"https:\\\/\\\/schema.org\",\"@graph\":[{\"@type\":\"Article\",\"@id\":\"https:\\\/\\\/www.organisator.ch\\\/human-resources\\\/hrm\\\/2016-08-08\\\/204-lernende-starten-ihre-laufbahn-bei-der-amag\\\/#article\",\"isPartOf\":{\"@id\":\"https:\\\/\\\/www.organisator.ch\\\/human-resources\\\/hrm\\\/2016-08-08\\\/204-lernende-starten-ihre-laufbahn-bei-der-amag\\\/\"},\"author\":{\"name\":\"admin\",\"@id\":\"https:\\\/\\\/www.organisator.ch\\\/#\\\/schema\\\/person\\\/aa2bace6c5c5aad60102004a50c4eb1c\"},\"headline\":\"204 Lernende starten ihre Laufbahn bei der AMAG\",\"datePublished\":\"2016-08-08T06:46:30+00:00\",\"mainEntityOfPage\":{\"@id\":\"https:\\\/\\\/www.organisator.ch\\\/human-resources\\\/hrm\\\/2016-08-08\\\/204-lernende-starten-ihre-laufbahn-bei-der-amag\\\/\"},\"wordCount\":274,\"commentCount\":0,\"publisher\":{\"@id\":\"https:\\\/\\\/www.organisator.ch\\\/#organization\"},\"image\":{\"@id\":\"https:\\\/\\\/www.organisator.ch\\\/human-resources\\\/hrm\\\/2016-08-08\\\/204-lernende-starten-ihre-laufbahn-bei-der-amag\\\/#primaryimage\"},\"thumbnailUrl\":\"https:\\\/\\\/www.organisator.ch\\\/wp-content\\\/uploads\\\/2016\\\/12\\\/204-Lernende-starten-ihre-Laufbahn-bei-der-AMAG-organisator.jpg\",\"keywords\":[\"Aus-\\\/Weiterbildung\",\"HRM\",\"Unternehmen\"],\"articleSection\":[\"HRM\"],\"inLanguage\":\"fr-FR\"},{\"@type\":\"WebPage\",\"@id\":\"https:\\\/\\\/www.organisator.ch\\\/human-resources\\\/hrm\\\/2016-08-08\\\/204-lernende-starten-ihre-laufbahn-bei-der-amag\\\/\",\"url\":\"https:\\\/\\\/www.organisator.ch\\\/human-resources\\\/hrm\\\/2016-08-08\\\/204-lernende-starten-ihre-laufbahn-bei-der-amag\\\/\",\"name\":\"204 Lernende starten ihre Laufbahn bei der AMAG - Organisator\",\"isPartOf\":{\"@id\":\"https:\\\/\\\/www.organisator.ch\\\/#website\"},\"primaryImageOfPage\":{\"@id\":\"https:\\\/\\\/www.organisator.ch\\\/human-resources\\\/hrm\\\/2016-08-08\\\/204-lernende-starten-ihre-laufbahn-bei-der-amag\\\/#primaryimage\"},\"image\":{\"@id\":\"https:\\\/\\\/www.organisator.ch\\\/human-resources\\\/hrm\\\/2016-08-08\\\/204-lernende-starten-ihre-laufbahn-bei-der-amag\\\/#primaryimage\"},\"thumbnailUrl\":\"https:\\\/\\\/www.organisator.ch\\\/wp-content\\\/uploads\\\/2016\\\/12\\\/204-Lernende-starten-ihre-Laufbahn-bei-der-AMAG-organisator.jpg\",\"datePublished\":\"2016-08-08T06:46:30+00:00\",\"description\":\"Am Welcome Camp 2016 haben 204 AMAG Lernende teilgenommen. Die j\u00e4hrliche Veranstaltung der AMAG hat dieses Jahr in einem neuen Format stattgefunden.\",\"breadcrumb\":{\"@id\":\"https:\\\/\\\/www.organisator.ch\\\/human-resources\\\/hrm\\\/2016-08-08\\\/204-lernende-starten-ihre-laufbahn-bei-der-amag\\\/#breadcrumb\"},\"inLanguage\":\"fr-FR\",\"potentialAction\":[{\"@type\":\"ReadAction\",\"target\":[\"https:\\\/\\\/www.organisator.ch\\\/human-resources\\\/hrm\\\/2016-08-08\\\/204-lernende-starten-ihre-laufbahn-bei-der-amag\\\/\"]}]},{\"@type\":\"ImageObject\",\"inLanguage\":\"fr-FR\",\"@id\":\"https:\\\/\\\/www.organisator.ch\\\/human-resources\\\/hrm\\\/2016-08-08\\\/204-lernende-starten-ihre-laufbahn-bei-der-amag\\\/#primaryimage\",\"url\":\"https:\\\/\\\/www.organisator.ch\\\/wp-content\\\/uploads\\\/2016\\\/12\\\/204-Lernende-starten-ihre-Laufbahn-bei-der-AMAG-organisator.jpg\",\"contentUrl\":\"https:\\\/\\\/www.organisator.ch\\\/wp-content\\\/uploads\\\/2016\\\/12\\\/204-Lernende-starten-ihre-Laufbahn-bei-der-AMAG-organisator.jpg\",\"width\":640,\"height\":360,\"caption\":\"204 frischgebackene Lernende am AMAG-Welcome Camp 2016 (Foto: AMAG)\"},{\"@type\":\"BreadcrumbList\",\"@id\":\"https:\\\/\\\/www.organisator.ch\\\/human-resources\\\/hrm\\\/2016-08-08\\\/204-lernende-starten-ihre-laufbahn-bei-der-amag\\\/#breadcrumb\",\"itemListElement\":[{\"@type\":\"ListItem\",\"position\":1,\"name\":\"Home\",\"item\":\"https:\\\/\\\/www.organisator.ch\\\/\"},{\"@type\":\"ListItem\",\"position\":2,\"name\":\"204 Lernende starten ihre Laufbahn bei der AMAG\"}]},{\"@type\":\"WebSite\",\"@id\":\"https:\\\/\\\/www.organisator.ch\\\/#website\",\"url\":\"https:\\\/\\\/www.organisator.ch\\\/\",\"name\":\"Organisator\",\"description\":\"Kompetent. Praxisnah. Der ORGANISATOR bereitet in 10 Ausgaben pro Jahr die wesentlichen Themen f\u00fcr F\u00fchrungskr\u00e4fte von KMU auf.\",\"publisher\":{\"@id\":\"https:\\\/\\\/www.organisator.ch\\\/#organization\"},\"potentialAction\":[{\"@type\":\"SearchAction\",\"target\":{\"@type\":\"EntryPoint\",\"urlTemplate\":\"https:\\\/\\\/www.organisator.ch\\\/?s={search_term_string}\"},\"query-input\":{\"@type\":\"PropertyValueSpecification\",\"valueRequired\":true,\"valueName\":\"search_term_string\"}}],\"inLanguage\":\"fr-FR\"},{\"@type\":\"Organization\",\"@id\":\"https:\\\/\\\/www.organisator.ch\\\/#organization\",\"name\":\"Organisator\",\"url\":\"https:\\\/\\\/www.organisator.ch\\\/\",\"logo\":{\"@type\":\"ImageObject\",\"inLanguage\":\"fr-FR\",\"@id\":\"https:\\\/\\\/www.organisator.ch\\\/#\\\/schema\\\/logo\\\/image\\\/\",\"url\":\"https:\\\/\\\/www.organisator.ch\\\/wp-content\\\/uploads\\\/2022\\\/01\\\/Logo_Organisator_Website.png\",\"contentUrl\":\"https:\\\/\\\/www.organisator.ch\\\/wp-content\\\/uploads\\\/2022\\\/01\\\/Logo_Organisator_Website.png\",\"width\":800,\"height\":77,\"caption\":\"Organisator\"},\"image\":{\"@id\":\"https:\\\/\\\/www.organisator.ch\\\/#\\\/schema\\\/logo\\\/image\\\/\"},\"sameAs\":[\"https:\\\/\\\/www.facebook.com\\\/OrganisatorFachmagazin\",\"https:\\\/\\\/www.linkedin.com\\\/showcase\\\/organisator-das-magazin-fr-kmu\",\"https:\\\/\\\/www.xing.com\\\/news\\\/pages\\\/organisator-ch-695\",\"https:\\\/\\\/www.youtube.com\\\/channel\\\/UCGP2Sq0iWaZwT3BdIAQFYpw\"]},{\"@type\":\"Person\",\"@id\":\"https:\\\/\\\/www.organisator.ch\\\/#\\\/schema\\\/person\\\/aa2bace6c5c5aad60102004a50c4eb1c\",\"name\":\"admin\",\"image\":{\"@type\":\"ImageObject\",\"inLanguage\":\"fr-FR\",\"@id\":\"https:\\\/\\\/secure.gravatar.com\\\/avatar\\\/ae2f4d718e6c49043e314ce431e7e645d646302a24a5ef5a8bc8e3f5a032e319?s=96&d=mm&r=g\",\"url\":\"https:\\\/\\\/secure.gravatar.com\\\/avatar\\\/ae2f4d718e6c49043e314ce431e7e645d646302a24a5ef5a8bc8e3f5a032e319?s=96&d=mm&r=g\",\"contentUrl\":\"https:\\\/\\\/secure.gravatar.com\\\/avatar\\\/ae2f4d718e6c49043e314ce431e7e645d646302a24a5ef5a8bc8e3f5a032e319?s=96&d=mm&r=g\",\"caption\":\"admin\"},\"sameAs\":[\"https:\\\/\\\/www.organisator.ch\"],\"url\":\"https:\\\/\\\/www.organisator.ch\\\/fr\\\/author\\\/admin\\\/\"}]}<\/script>\n<!-- \/ Yoast SEO plugin. -->","yoast_head_json":{"title":"204 apprentis d\u00e9butent leur carri\u00e8re chez AMAG - Organisateur","description":"204 apprentis d'AMAG ont particip\u00e9 au Welcome Camp 2016. L'\u00e9v\u00e9nement annuel d'AMAG s'est d\u00e9roul\u00e9 cette ann\u00e9e sous un nouveau format.","robots":{"index":"index","follow":"follow","max-snippet":"max-snippet:-1","max-image-preview":"max-image-preview:large","max-video-preview":"max-video-preview:-1"},"canonical":"https:\/\/www.organisator.ch\/fr\/ressources-humaines\/hrm\/2016-08-08\/204-lernende-starten-ihre-laufbahn-bei-der-amag\/","og_locale":"fr_FR","og_type":"article","og_title":"204 Lernende starten ihre Laufbahn bei der AMAG","og_description":"Am Welcome Camp 2016 haben 204 AMAG Lernende teilgenommen. Die j\u00e4hrliche Willkommensveranstaltung der AMAG hat dieses Jahr in einem neuen Format stattgefunden.","og_url":"https:\/\/www.organisator.ch\/fr\/ressources-humaines\/hrm\/2016-08-08\/204-lernende-starten-ihre-laufbahn-bei-der-amag\/","og_site_name":"Organisator","article_publisher":"https:\/\/www.facebook.com\/OrganisatorFachmagazin","article_published_time":"2016-08-08T06:46:30+00:00","author":"admin","twitter_card":"summary_large_image","twitter_image":"https:\/\/www.organisator.ch\/wp-content\/uploads\/2016\/12\/204-Lernende-starten-ihre-Laufbahn-bei-der-AMAG-organisator.jpg","schema":{"@context":"https:\/\/schema.org","@graph":[{"@type":"Article","@id":"https:\/\/www.organisator.ch\/human-resources\/hrm\/2016-08-08\/204-lernende-starten-ihre-laufbahn-bei-der-amag\/#article","isPartOf":{"@id":"https:\/\/www.organisator.ch\/human-resources\/hrm\/2016-08-08\/204-lernende-starten-ihre-laufbahn-bei-der-amag\/"},"author":{"name":"admin","@id":"https:\/\/www.organisator.ch\/#\/schema\/person\/aa2bace6c5c5aad60102004a50c4eb1c"},"headline":"204 Lernende starten ihre Laufbahn bei der AMAG","datePublished":"2016-08-08T06:46:30+00:00","mainEntityOfPage":{"@id":"https:\/\/www.organisator.ch\/human-resources\/hrm\/2016-08-08\/204-lernende-starten-ihre-laufbahn-bei-der-amag\/"},"wordCount":274,"commentCount":0,"publisher":{"@id":"https:\/\/www.organisator.ch\/#organization"},"image":{"@id":"https:\/\/www.organisator.ch\/human-resources\/hrm\/2016-08-08\/204-lernende-starten-ihre-laufbahn-bei-der-amag\/#primaryimage"},"thumbnailUrl":"https:\/\/www.organisator.ch\/wp-content\/uploads\/2016\/12\/204-Lernende-starten-ihre-Laufbahn-bei-der-AMAG-organisator.jpg","keywords":["Aus-\/Weiterbildung","HRM","Unternehmen"],"articleSection":["HRM"],"inLanguage":"fr-FR"},{"@type":"WebPage","@id":"https:\/\/www.organisator.ch\/human-resources\/hrm\/2016-08-08\/204-lernende-starten-ihre-laufbahn-bei-der-amag\/","url":"https:\/\/www.organisator.ch\/human-resources\/hrm\/2016-08-08\/204-lernende-starten-ihre-laufbahn-bei-der-amag\/","name":"204 apprentis d\u00e9butent leur carri\u00e8re chez AMAG - Organisateur","isPartOf":{"@id":"https:\/\/www.organisator.ch\/#website"},"primaryImageOfPage":{"@id":"https:\/\/www.organisator.ch\/human-resources\/hrm\/2016-08-08\/204-lernende-starten-ihre-laufbahn-bei-der-amag\/#primaryimage"},"image":{"@id":"https:\/\/www.organisator.ch\/human-resources\/hrm\/2016-08-08\/204-lernende-starten-ihre-laufbahn-bei-der-amag\/#primaryimage"},"thumbnailUrl":"https:\/\/www.organisator.ch\/wp-content\/uploads\/2016\/12\/204-Lernende-starten-ihre-Laufbahn-bei-der-AMAG-organisator.jpg","datePublished":"2016-08-08T06:46:30+00:00","description":"204 apprentis d'AMAG ont particip\u00e9 au Welcome Camp 2016. L'\u00e9v\u00e9nement annuel d'AMAG s'est d\u00e9roul\u00e9 cette ann\u00e9e sous un nouveau format.","breadcrumb":{"@id":"https:\/\/www.organisator.ch\/human-resources\/hrm\/2016-08-08\/204-lernende-starten-ihre-laufbahn-bei-der-amag\/#breadcrumb"},"inLanguage":"fr-FR","potentialAction":[{"@type":"ReadAction","target":["https:\/\/www.organisator.ch\/human-resources\/hrm\/2016-08-08\/204-lernende-starten-ihre-laufbahn-bei-der-amag\/"]}]},{"@type":"ImageObject","inLanguage":"fr-FR","@id":"https:\/\/www.organisator.ch\/human-resources\/hrm\/2016-08-08\/204-lernende-starten-ihre-laufbahn-bei-der-amag\/#primaryimage","url":"https:\/\/www.organisator.ch\/wp-content\/uploads\/2016\/12\/204-Lernende-starten-ihre-Laufbahn-bei-der-AMAG-organisator.jpg","contentUrl":"https:\/\/www.organisator.ch\/wp-content\/uploads\/2016\/12\/204-Lernende-starten-ihre-Laufbahn-bei-der-AMAG-organisator.jpg","width":640,"height":360,"caption":"204 frischgebackene Lernende am AMAG-Welcome Camp 2016 (Foto: AMAG)"},{"@type":"BreadcrumbList","@id":"https:\/\/www.organisator.ch\/human-resources\/hrm\/2016-08-08\/204-lernende-starten-ihre-laufbahn-bei-der-amag\/#breadcrumb","itemListElement":[{"@type":"ListItem","position":1,"name":"Home","item":"https:\/\/www.organisator.ch\/"},{"@type":"ListItem","position":2,"name":"204 Lernende starten ihre Laufbahn bei der AMAG"}]},{"@type":"WebSite","@id":"https:\/\/www.organisator.ch\/#website","url":"https:\/\/www.organisator.ch\/","name":"Organisateur","description":"Comp\u00e9tence et comp\u00e9tence. Proches de la pratique. L'ORGANISATEUR pr\u00e9pare 10 num\u00e9ros par an sur les th\u00e8mes essentiels pour les dirigeants de PME.","publisher":{"@id":"https:\/\/www.organisator.ch\/#organization"},"potentialAction":[{"@type":"SearchAction","target":{"@type":"EntryPoint","urlTemplate":"https:\/\/www.organisator.ch\/?s={search_term_string}"},"query-input":{"@type":"PropertyValueSpecification","valueRequired":true,"valueName":"search_term_string"}}],"inLanguage":"fr-FR"},{"@type":"Organization","@id":"https:\/\/www.organisator.ch\/#organization","name":"Organisateur","url":"https:\/\/www.organisator.ch\/","logo":{"@type":"ImageObject","inLanguage":"fr-FR","@id":"https:\/\/www.organisator.ch\/#\/schema\/logo\/image\/","url":"https:\/\/www.organisator.ch\/wp-content\/uploads\/2022\/01\/Logo_Organisator_Website.png","contentUrl":"https:\/\/www.organisator.ch\/wp-content\/uploads\/2022\/01\/Logo_Organisator_Website.png","width":800,"height":77,"caption":"Organisator"},"image":{"@id":"https:\/\/www.organisator.ch\/#\/schema\/logo\/image\/"},"sameAs":["https:\/\/www.facebook.com\/OrganisatorFachmagazin","https:\/\/www.linkedin.com\/showcase\/organisator-das-magazin-fr-kmu","https:\/\/www.xing.com\/news\/pages\/organisator-ch-695","https:\/\/www.youtube.com\/channel\/UCGP2Sq0iWaZwT3BdIAQFYpw"]},{"@type":"Person","@id":"https:\/\/www.organisator.ch\/#\/schema\/person\/aa2bace6c5c5aad60102004a50c4eb1c","name":"admin","image":{"@type":"ImageObject","inLanguage":"fr-FR","@id":"https:\/\/secure.gravatar.com\/avatar\/ae2f4d718e6c49043e314ce431e7e645d646302a24a5ef5a8bc8e3f5a032e319?s=96&d=mm&r=g","url":"https:\/\/secure.gravatar.com\/avatar\/ae2f4d718e6c49043e314ce431e7e645d646302a24a5ef5a8bc8e3f5a032e319?s=96&d=mm&r=g","contentUrl":"https:\/\/secure.gravatar.com\/avatar\/ae2f4d718e6c49043e314ce431e7e645d646302a24a5ef5a8bc8e3f5a032e319?s=96&d=mm&r=g","caption":"admin"},"sameAs":["https:\/\/www.organisator.ch"],"url":"https:\/\/www.organisator.ch\/fr\/author\/admin\/"}]}},"_links":{"self":[{"href":"https:\/\/www.organisator.ch\/fr\/wp-json\/wp\/v2\/posts\/1030","targetHints":{"allow":["GET"]}}],"collection":[{"href":"https:\/\/www.organisator.ch\/fr\/wp-json\/wp\/v2\/posts"}],"about":[{"href":"https:\/\/www.organisator.ch\/fr\/wp-json\/wp\/v2\/types\/post"}],"author":[{"embeddable":true,"href":"https:\/\/www.organisator.ch\/fr\/wp-json\/wp\/v2\/users\/1"}],"replies":[{"embeddable":true,"href":"https:\/\/www.organisator.ch\/fr\/wp-json\/wp\/v2\/comments?post=1030"}],"version-history":[{"count":0,"href":"https:\/\/www.organisator.ch\/fr\/wp-json\/wp\/v2\/posts\/1030\/revisions"}],"wp:featuredmedia":[{"embeddable":true,"href":"https:\/\/www.organisator.ch\/fr\/wp-json\/wp\/v2\/media\/1031"}],"wp:attachment":[{"href":"https:\/\/www.organisator.ch\/fr\/wp-json\/wp\/v2\/media?parent=1030"}],"wp:term":[{"taxonomy":"category","embeddable":true,"href":"https:\/\/www.organisator.ch\/fr\/wp-json\/wp\/v2\/categories?post=1030"},{"taxonomy":"post_tag","embeddable":true,"href":"https:\/\/www.organisator.ch\/fr\/wp-json\/wp\/v2\/tags?post=1030"}],"curies":[{"name":"wp","href":"https:\/\/api.w.org\/{rel}","templated":true}]}}