{"id":10302,"date":"2021-07-21T11:10:27","date_gmt":"2021-07-21T09:10:27","guid":{"rendered":"https:\/\/www.umweltperspektiven.ch\/?p=4599"},"modified":"2021-07-21T11:10:27","modified_gmt":"2021-07-21T09:10:27","slug":"elektroinstallation","status":"publish","type":"post","link":"https:\/\/www.organisator.ch\/fr\/allgemein\/2021-07-21\/elektroinstallation\/","title":{"rendered":"S\u00e9curit\u00e9 \u00e9lectrique en cas d'inondation"},"content":{"rendered":"<figure id=\"attachment_4600\" aria-describedby=\"caption-attachment-4600\" style=\"width: 680px\" class=\"wp-caption aligncenter\"><img loading=\"lazy\" decoding=\"async\" class=\"wp-image-4600 size-medium\" src=\"\/\/www.umweltperspektiven.ch\/wp-content\/uploads\/2021\/07\/Altst\u00e4tten.png\" alt=\"S\u00e9curit\u00e9 \u00e9lectrique, inondation\" width=\"680\" height=\"380\" \/><figcaption id=\"caption-attachment-4600\" class=\"wp-caption-text\">En cas d'inondation, comme ici \u00e0 Altst\u00e4tten SG, les installations \u00e9lectriques des b\u00e2timents peuvent \u00e9galement \u00eatre endommag\u00e9es. Il faut alors faire attention ! Photo d'archives de la police cantonale de Saint-Gall<\/figcaption><\/figure>\n<p>Il est difficile d'\u00e9viter que les b\u00e2timents et les infrastructures soient touch\u00e9s, non seulement en cas d'inondation, mais aussi en cas de fortes pluies et de sols gorg\u00e9s d'eau. Mais les ruptures de canalisations d'eau peuvent \u00e9galement inonder des locaux. Les sp\u00e9cialistes mettent donc en garde : si des installations \u00e9lectriques se trouvent dans de tels locaux, une extr\u00eame prudence est de mise. En effet, ces installations et \u00e9quipements - par exemple les bo\u00eetiers de raccordement, les r\u00e9partiteurs principaux et les compteurs - repr\u00e9sentent un danger pour les personnes et les animaux. La proximit\u00e9 d'installations \u00e9lectriques inond\u00e9es peut repr\u00e9senter un danger de mort.<\/p>\n<p>Si l'eau a endommag\u00e9 l'installation \u00e9lectrique, le cas est clair : elle ne peut \u00eatre contr\u00f4l\u00e9e et remise en \u00e9tat que ( !) par une entreprise sp\u00e9cialis\u00e9e.<\/p>\n<h2><strong>Gestion d'une installation PV en cas d'inondation<\/strong><\/h2>\n<p>Quiconque produit de l'\u00e9lectricit\u00e9 avec une installation photovolta\u00efque devrait \u00eatre particuli\u00e8rement prudent apr\u00e8s une infiltration d'eau dans le b\u00e2timent, \u00e9crit l'Initiative Elektro+. \"Tant que l'\u00e9lectricit\u00e9 est produite par l'installation sur le toit et que l'onduleur et le raccordement au r\u00e9seau \u00e9lectrique se trouvent dans des zones inond\u00e9es du b\u00e2timent, il existe un risque d'\u00e9lectrocution. C'est pourquoi il est interdit de p\u00e9n\u00e9trer dans les zones inond\u00e9es. Les installations PV devraient donc en principe \u00eatre mises hors service, contr\u00f4l\u00e9es ou ensuite remises en service par un \u00e9lectricien sp\u00e9cialis\u00e9\", peut-on lire dans la fiche d'information \"S\u00e9curit\u00e9 \u00e9lectrique en cas d'inondation\".<\/p>\n<p><em>L'initiative Elektro+ a d\u00e9fini dans une brochure ce \u00e0 quoi il faut faire attention en mati\u00e8re de s\u00e9curit\u00e9 \u00e9lectrique apr\u00e8s une inondation. <a href=\"\/\/www.elektro-plus.com\/downloads\">deux fiches d'information<\/a> rassembl\u00e9s.<\/em><\/p>\n<p>&nbsp;<\/p>\n<p><strong><em>Autres th\u00e8mes :<\/em><\/strong><\/p>\n<p><a href=\"\/\/www.umweltperspektiven.ch\/ein-naturgefahren-check-lohnt-sich\/\"><em>Construire et r\u00e9nover, c'est pr\u00e9voir les risques naturels<\/em><\/a><\/p>\n<p><em>Et enfin, 10 conseils pour bien se comporter en cas d'inondation :\u00a0<\/em><a href=\"\/\/www.umweltperspektiven.ch\/wp-content\/uploads\/2021\/07\/10_tipps_hochwasser.pdf\">10_conseils_contre_les_inondations<\/a><\/p>\n<p>&nbsp;<\/p>","protected":false},"excerpt":{"rendered":"<p>Nicht nur bei Hochwasser, auch bei starken Regenf\u00e4llen und vollgesogenen B\u00f6den l\u00e4sst es sich kaum vermeiden, dass Geb\u00e4ude und Infrastruktur in Mitleidenschaft gezogen werden. Aber auch Wasserrohrbr\u00fcche k\u00f6nnen R\u00e4ume \u00fcberfluten. Fachleute warnen deshalb: Bef\u00e4nden sich in solchen R\u00e4umlichkeiten elektrische Anlagen, sei \u00e4usserste Vorsicht geboten. Denn diese Anlagen und Betriebsmittel \u2013 beispielsweise Hausanschlussk\u00e4sten, Hauptverteiler und Z\u00e4hleranlage [&hellip;]<\/p>\n","protected":false},"author":6,"featured_media":4600,"comment_status":"closed","ping_status":"closed","sticky":false,"template":"","format":"standard","meta":{"_acf_changed":false,"_yoast_wpseo_focuskw":"Elektrosicherheit","_yoast_wpseo_metadesc":"Eine \u00dcberflutung kann auch die Elektroinstallation im Geb\u00e4ude besch\u00e4digen. Diese sollte nur durch einen Fachbetrieb instand gesetzt werden.","articlekey":"","footnotes":""},"categories":[1],"tags":[1042,1812,2342,2517],"class_list":["post-10302","post","type-post","status-publish","format-standard","has-post-thumbnail","hentry","category-allgemein","tag-elektrosicherheit","tag-naturkatastrophe","tag-ueberflutung","tag-wassereinbruch"],"acf":[],"yoast_head":"<!-- This site is optimized with the Yoast SEO plugin v27.4 - https:\/\/yoast.com\/product\/yoast-seo-wordpress\/ -->\n<title>Elektrosicherheit bei \u00dcberflutungen - Organisator<\/title>\n<meta name=\"description\" content=\"Eine \u00dcberflutung kann auch die Elektroinstallation im Geb\u00e4ude besch\u00e4digen. Diese sollte nur durch einen Fachbetrieb instand gesetzt werden.\" \/>\n<meta name=\"robots\" content=\"index, follow, max-snippet:-1, max-image-preview:large, max-video-preview:-1\" \/>\n<link rel=\"canonical\" href=\"https:\/\/www.organisator.ch\/fr\/general\/2021-07-21\/elektroinstallation\/\" \/>\n<meta property=\"og:locale\" content=\"fr_FR\" \/>\n<meta property=\"og:type\" content=\"article\" \/>\n<meta property=\"og:title\" content=\"Elektrosicherheit bei \u00dcberflutungen - Organisator\" \/>\n<meta property=\"og:description\" content=\"Eine \u00dcberflutung kann auch die Elektroinstallation im Geb\u00e4ude besch\u00e4digen. Diese sollte nur durch einen Fachbetrieb instand gesetzt werden.\" \/>\n<meta property=\"og:url\" content=\"https:\/\/www.organisator.ch\/fr\/general\/2021-07-21\/elektroinstallation\/\" \/>\n<meta property=\"og:site_name\" content=\"Organisator\" \/>\n<meta property=\"article:publisher\" content=\"https:\/\/www.facebook.com\/OrganisatorFachmagazin\" \/>\n<meta property=\"article:published_time\" content=\"2021-07-21T09:10:27+00:00\" \/>\n<meta property=\"og:image\" content=\"https:\/\/www.organisator.ch\/wp-content\/uploads\/2021\/07\/Altstaetten-1024x573.png\" \/>\n\t<meta property=\"og:image:width\" content=\"1024\" \/>\n\t<meta property=\"og:image:height\" content=\"573\" \/>\n\t<meta property=\"og:image:type\" content=\"image\/png\" \/>\n<meta name=\"author\" content=\"roger.straessle\" \/>\n<meta name=\"twitter:card\" content=\"summary_large_image\" \/>\n<script type=\"application\/ld+json\" class=\"yoast-schema-graph\">{\"@context\":\"https:\\\/\\\/schema.org\",\"@graph\":[{\"@type\":\"Article\",\"@id\":\"https:\\\/\\\/www.organisator.ch\\\/en\\\/general\\\/2021-07-21\\\/elektroinstallation\\\/#article\",\"isPartOf\":{\"@id\":\"https:\\\/\\\/www.organisator.ch\\\/en\\\/general\\\/2021-07-21\\\/elektroinstallation\\\/\"},\"author\":{\"name\":\"roger.straessle\",\"@id\":\"https:\\\/\\\/www.organisator.ch\\\/#\\\/schema\\\/person\\\/a800b8c54e208b160517a7dcc323161d\"},\"headline\":\"Elektrosicherheit bei \u00dcberflutungen\",\"datePublished\":\"2021-07-21T09:10:27+00:00\",\"mainEntityOfPage\":{\"@id\":\"https:\\\/\\\/www.organisator.ch\\\/en\\\/general\\\/2021-07-21\\\/elektroinstallation\\\/\"},\"wordCount\":281,\"publisher\":{\"@id\":\"https:\\\/\\\/www.organisator.ch\\\/#organization\"},\"image\":{\"@id\":\"https:\\\/\\\/www.organisator.ch\\\/en\\\/general\\\/2021-07-21\\\/elektroinstallation\\\/#primaryimage\"},\"thumbnailUrl\":\"https:\\\/\\\/www.organisator.ch\\\/wp-content\\\/uploads\\\/2021\\\/07\\\/Altstaetten.png\",\"keywords\":[\"Elektrosicherheit\",\"Naturkatastrophe\",\"\u00dcberflutung\",\"Wassereinbruch\"],\"articleSection\":[\"Allgemein\"],\"inLanguage\":\"fr-FR\"},{\"@type\":\"WebPage\",\"@id\":\"https:\\\/\\\/www.organisator.ch\\\/en\\\/general\\\/2021-07-21\\\/elektroinstallation\\\/\",\"url\":\"https:\\\/\\\/www.organisator.ch\\\/en\\\/general\\\/2021-07-21\\\/elektroinstallation\\\/\",\"name\":\"Elektrosicherheit bei \u00dcberflutungen - Organisator\",\"isPartOf\":{\"@id\":\"https:\\\/\\\/www.organisator.ch\\\/#website\"},\"primaryImageOfPage\":{\"@id\":\"https:\\\/\\\/www.organisator.ch\\\/en\\\/general\\\/2021-07-21\\\/elektroinstallation\\\/#primaryimage\"},\"image\":{\"@id\":\"https:\\\/\\\/www.organisator.ch\\\/en\\\/general\\\/2021-07-21\\\/elektroinstallation\\\/#primaryimage\"},\"thumbnailUrl\":\"https:\\\/\\\/www.organisator.ch\\\/wp-content\\\/uploads\\\/2021\\\/07\\\/Altstaetten.png\",\"datePublished\":\"2021-07-21T09:10:27+00:00\",\"description\":\"Eine \u00dcberflutung kann auch die Elektroinstallation im Geb\u00e4ude besch\u00e4digen. Diese sollte nur durch einen Fachbetrieb instand gesetzt werden.\",\"breadcrumb\":{\"@id\":\"https:\\\/\\\/www.organisator.ch\\\/en\\\/general\\\/2021-07-21\\\/elektroinstallation\\\/#breadcrumb\"},\"inLanguage\":\"fr-FR\",\"potentialAction\":[{\"@type\":\"ReadAction\",\"target\":[\"https:\\\/\\\/www.organisator.ch\\\/en\\\/general\\\/2021-07-21\\\/elektroinstallation\\\/\"]}]},{\"@type\":\"ImageObject\",\"inLanguage\":\"fr-FR\",\"@id\":\"https:\\\/\\\/www.organisator.ch\\\/en\\\/general\\\/2021-07-21\\\/elektroinstallation\\\/#primaryimage\",\"url\":\"https:\\\/\\\/www.organisator.ch\\\/wp-content\\\/uploads\\\/2021\\\/07\\\/Altstaetten.png\",\"contentUrl\":\"https:\\\/\\\/www.organisator.ch\\\/wp-content\\\/uploads\\\/2021\\\/07\\\/Altstaetten.png\",\"width\":1430,\"height\":800,\"caption\":\"\u00a9 Archivbild Kapo St.Gallen\"},{\"@type\":\"BreadcrumbList\",\"@id\":\"https:\\\/\\\/www.organisator.ch\\\/en\\\/general\\\/2021-07-21\\\/elektroinstallation\\\/#breadcrumb\",\"itemListElement\":[{\"@type\":\"ListItem\",\"position\":1,\"name\":\"Home\",\"item\":\"https:\\\/\\\/www.organisator.ch\\\/\"},{\"@type\":\"ListItem\",\"position\":2,\"name\":\"Elektrosicherheit bei \u00dcberflutungen\"}]},{\"@type\":\"WebSite\",\"@id\":\"https:\\\/\\\/www.organisator.ch\\\/#website\",\"url\":\"https:\\\/\\\/www.organisator.ch\\\/\",\"name\":\"Organisator\",\"description\":\"Kompetent. Praxisnah. Der ORGANISATOR bereitet in 10 Ausgaben pro Jahr die wesentlichen Themen f\u00fcr F\u00fchrungskr\u00e4fte von KMU auf.\",\"publisher\":{\"@id\":\"https:\\\/\\\/www.organisator.ch\\\/#organization\"},\"potentialAction\":[{\"@type\":\"SearchAction\",\"target\":{\"@type\":\"EntryPoint\",\"urlTemplate\":\"https:\\\/\\\/www.organisator.ch\\\/?s={search_term_string}\"},\"query-input\":{\"@type\":\"PropertyValueSpecification\",\"valueRequired\":true,\"valueName\":\"search_term_string\"}}],\"inLanguage\":\"fr-FR\"},{\"@type\":\"Organization\",\"@id\":\"https:\\\/\\\/www.organisator.ch\\\/#organization\",\"name\":\"Organisator\",\"url\":\"https:\\\/\\\/www.organisator.ch\\\/\",\"logo\":{\"@type\":\"ImageObject\",\"inLanguage\":\"fr-FR\",\"@id\":\"https:\\\/\\\/www.organisator.ch\\\/#\\\/schema\\\/logo\\\/image\\\/\",\"url\":\"https:\\\/\\\/www.organisator.ch\\\/wp-content\\\/uploads\\\/2022\\\/01\\\/Logo_Organisator_Website.png\",\"contentUrl\":\"https:\\\/\\\/www.organisator.ch\\\/wp-content\\\/uploads\\\/2022\\\/01\\\/Logo_Organisator_Website.png\",\"width\":800,\"height\":77,\"caption\":\"Organisator\"},\"image\":{\"@id\":\"https:\\\/\\\/www.organisator.ch\\\/#\\\/schema\\\/logo\\\/image\\\/\"},\"sameAs\":[\"https:\\\/\\\/www.facebook.com\\\/OrganisatorFachmagazin\",\"https:\\\/\\\/www.linkedin.com\\\/showcase\\\/organisator-das-magazin-fr-kmu\",\"https:\\\/\\\/www.xing.com\\\/news\\\/pages\\\/organisator-ch-695\",\"https:\\\/\\\/www.youtube.com\\\/channel\\\/UCGP2Sq0iWaZwT3BdIAQFYpw\"]},{\"@type\":\"Person\",\"@id\":\"https:\\\/\\\/www.organisator.ch\\\/#\\\/schema\\\/person\\\/a800b8c54e208b160517a7dcc323161d\",\"name\":\"roger.straessle\",\"image\":{\"@type\":\"ImageObject\",\"inLanguage\":\"fr-FR\",\"@id\":\"https:\\\/\\\/secure.gravatar.com\\\/avatar\\\/?s=96&d=mm&r=g\",\"url\":\"https:\\\/\\\/secure.gravatar.com\\\/avatar\\\/?s=96&d=mm&r=g\",\"contentUrl\":\"https:\\\/\\\/secure.gravatar.com\\\/avatar\\\/?s=96&d=mm&r=g\",\"caption\":\"roger.straessle\"},\"url\":\"https:\\\/\\\/www.organisator.ch\\\/fr\\\/author\\\/roger-straessle\\\/\"}]}<\/script>\n<!-- \/ Yoast SEO plugin. -->","yoast_head_json":{"title":"S\u00e9curit\u00e9 \u00e9lectrique en cas d'inondation - Organisateur","description":"Une inondation peut \u00e9galement endommager l'installation \u00e9lectrique du b\u00e2timent. Celle-ci ne devrait \u00eatre remise en \u00e9tat que par une entreprise sp\u00e9cialis\u00e9e.","robots":{"index":"index","follow":"follow","max-snippet":"max-snippet:-1","max-image-preview":"max-image-preview:large","max-video-preview":"max-video-preview:-1"},"canonical":"https:\/\/www.organisator.ch\/fr\/general\/2021-07-21\/elektroinstallation\/","og_locale":"fr_FR","og_type":"article","og_title":"Elektrosicherheit bei \u00dcberflutungen - Organisator","og_description":"Eine \u00dcberflutung kann auch die Elektroinstallation im Geb\u00e4ude besch\u00e4digen. Diese sollte nur durch einen Fachbetrieb instand gesetzt werden.","og_url":"https:\/\/www.organisator.ch\/fr\/general\/2021-07-21\/elektroinstallation\/","og_site_name":"Organisator","article_publisher":"https:\/\/www.facebook.com\/OrganisatorFachmagazin","article_published_time":"2021-07-21T09:10:27+00:00","og_image":[{"width":1024,"height":573,"url":"https:\/\/www.organisator.ch\/wp-content\/uploads\/2021\/07\/Altstaetten-1024x573.png","type":"image\/png"}],"author":"roger.straessle","twitter_card":"summary_large_image","schema":{"@context":"https:\/\/schema.org","@graph":[{"@type":"Article","@id":"https:\/\/www.organisator.ch\/en\/general\/2021-07-21\/elektroinstallation\/#article","isPartOf":{"@id":"https:\/\/www.organisator.ch\/en\/general\/2021-07-21\/elektroinstallation\/"},"author":{"name":"roger.straessle","@id":"https:\/\/www.organisator.ch\/#\/schema\/person\/a800b8c54e208b160517a7dcc323161d"},"headline":"Elektrosicherheit bei \u00dcberflutungen","datePublished":"2021-07-21T09:10:27+00:00","mainEntityOfPage":{"@id":"https:\/\/www.organisator.ch\/en\/general\/2021-07-21\/elektroinstallation\/"},"wordCount":281,"publisher":{"@id":"https:\/\/www.organisator.ch\/#organization"},"image":{"@id":"https:\/\/www.organisator.ch\/en\/general\/2021-07-21\/elektroinstallation\/#primaryimage"},"thumbnailUrl":"https:\/\/www.organisator.ch\/wp-content\/uploads\/2021\/07\/Altstaetten.png","keywords":["Elektrosicherheit","Naturkatastrophe","\u00dcberflutung","Wassereinbruch"],"articleSection":["Allgemein"],"inLanguage":"fr-FR"},{"@type":"WebPage","@id":"https:\/\/www.organisator.ch\/en\/general\/2021-07-21\/elektroinstallation\/","url":"https:\/\/www.organisator.ch\/en\/general\/2021-07-21\/elektroinstallation\/","name":"S\u00e9curit\u00e9 \u00e9lectrique en cas d'inondation - Organisateur","isPartOf":{"@id":"https:\/\/www.organisator.ch\/#website"},"primaryImageOfPage":{"@id":"https:\/\/www.organisator.ch\/en\/general\/2021-07-21\/elektroinstallation\/#primaryimage"},"image":{"@id":"https:\/\/www.organisator.ch\/en\/general\/2021-07-21\/elektroinstallation\/#primaryimage"},"thumbnailUrl":"https:\/\/www.organisator.ch\/wp-content\/uploads\/2021\/07\/Altstaetten.png","datePublished":"2021-07-21T09:10:27+00:00","description":"Une inondation peut \u00e9galement endommager l'installation \u00e9lectrique du b\u00e2timent. Celle-ci ne devrait \u00eatre remise en \u00e9tat que par une entreprise sp\u00e9cialis\u00e9e.","breadcrumb":{"@id":"https:\/\/www.organisator.ch\/en\/general\/2021-07-21\/elektroinstallation\/#breadcrumb"},"inLanguage":"fr-FR","potentialAction":[{"@type":"ReadAction","target":["https:\/\/www.organisator.ch\/en\/general\/2021-07-21\/elektroinstallation\/"]}]},{"@type":"ImageObject","inLanguage":"fr-FR","@id":"https:\/\/www.organisator.ch\/en\/general\/2021-07-21\/elektroinstallation\/#primaryimage","url":"https:\/\/www.organisator.ch\/wp-content\/uploads\/2021\/07\/Altstaetten.png","contentUrl":"https:\/\/www.organisator.ch\/wp-content\/uploads\/2021\/07\/Altstaetten.png","width":1430,"height":800,"caption":"\u00a9 Archivbild Kapo St.Gallen"},{"@type":"BreadcrumbList","@id":"https:\/\/www.organisator.ch\/en\/general\/2021-07-21\/elektroinstallation\/#breadcrumb","itemListElement":[{"@type":"ListItem","position":1,"name":"Home","item":"https:\/\/www.organisator.ch\/"},{"@type":"ListItem","position":2,"name":"Elektrosicherheit bei \u00dcberflutungen"}]},{"@type":"WebSite","@id":"https:\/\/www.organisator.ch\/#website","url":"https:\/\/www.organisator.ch\/","name":"Organisateur","description":"Comp\u00e9tence et comp\u00e9tence. Proches de la pratique. L'ORGANISATEUR pr\u00e9pare 10 num\u00e9ros par an sur les th\u00e8mes essentiels pour les dirigeants de PME.","publisher":{"@id":"https:\/\/www.organisator.ch\/#organization"},"potentialAction":[{"@type":"SearchAction","target":{"@type":"EntryPoint","urlTemplate":"https:\/\/www.organisator.ch\/?s={search_term_string}"},"query-input":{"@type":"PropertyValueSpecification","valueRequired":true,"valueName":"search_term_string"}}],"inLanguage":"fr-FR"},{"@type":"Organization","@id":"https:\/\/www.organisator.ch\/#organization","name":"Organisateur","url":"https:\/\/www.organisator.ch\/","logo":{"@type":"ImageObject","inLanguage":"fr-FR","@id":"https:\/\/www.organisator.ch\/#\/schema\/logo\/image\/","url":"https:\/\/www.organisator.ch\/wp-content\/uploads\/2022\/01\/Logo_Organisator_Website.png","contentUrl":"https:\/\/www.organisator.ch\/wp-content\/uploads\/2022\/01\/Logo_Organisator_Website.png","width":800,"height":77,"caption":"Organisator"},"image":{"@id":"https:\/\/www.organisator.ch\/#\/schema\/logo\/image\/"},"sameAs":["https:\/\/www.facebook.com\/OrganisatorFachmagazin","https:\/\/www.linkedin.com\/showcase\/organisator-das-magazin-fr-kmu","https:\/\/www.xing.com\/news\/pages\/organisator-ch-695","https:\/\/www.youtube.com\/channel\/UCGP2Sq0iWaZwT3BdIAQFYpw"]},{"@type":"Person","@id":"https:\/\/www.organisator.ch\/#\/schema\/person\/a800b8c54e208b160517a7dcc323161d","name":"roger.straessle","image":{"@type":"ImageObject","inLanguage":"fr-FR","@id":"https:\/\/secure.gravatar.com\/avatar\/?s=96&d=mm&r=g","url":"https:\/\/secure.gravatar.com\/avatar\/?s=96&d=mm&r=g","contentUrl":"https:\/\/secure.gravatar.com\/avatar\/?s=96&d=mm&r=g","caption":"roger.straessle"},"url":"https:\/\/www.organisator.ch\/fr\/author\/roger-straessle\/"}]}},"_links":{"self":[{"href":"https:\/\/www.organisator.ch\/fr\/wp-json\/wp\/v2\/posts\/10302","targetHints":{"allow":["GET"]}}],"collection":[{"href":"https:\/\/www.organisator.ch\/fr\/wp-json\/wp\/v2\/posts"}],"about":[{"href":"https:\/\/www.organisator.ch\/fr\/wp-json\/wp\/v2\/types\/post"}],"author":[{"embeddable":true,"href":"https:\/\/www.organisator.ch\/fr\/wp-json\/wp\/v2\/users\/6"}],"replies":[{"embeddable":true,"href":"https:\/\/www.organisator.ch\/fr\/wp-json\/wp\/v2\/comments?post=10302"}],"version-history":[{"count":0,"href":"https:\/\/www.organisator.ch\/fr\/wp-json\/wp\/v2\/posts\/10302\/revisions"}],"wp:featuredmedia":[{"embeddable":true,"href":"https:\/\/www.organisator.ch\/fr\/wp-json\/wp\/v2\/media\/4600"}],"wp:attachment":[{"href":"https:\/\/www.organisator.ch\/fr\/wp-json\/wp\/v2\/media?parent=10302"}],"wp:term":[{"taxonomy":"category","embeddable":true,"href":"https:\/\/www.organisator.ch\/fr\/wp-json\/wp\/v2\/categories?post=10302"},{"taxonomy":"post_tag","embeddable":true,"href":"https:\/\/www.organisator.ch\/fr\/wp-json\/wp\/v2\/tags?post=10302"}],"curies":[{"name":"wp","href":"https:\/\/api.w.org\/{rel}","templated":true}]}}