{"id":10304,"date":"2021-07-29T10:05:32","date_gmt":"2021-07-29T08:05:32","guid":{"rendered":"https:\/\/www.umweltperspektiven.ch\/?p=4629"},"modified":"2022-02-09T11:06:45","modified_gmt":"2022-02-09T10:06:45","slug":"erste-unwetterbilanz-schaeden-an-gebaeuden-von-650-mio","status":"publish","type":"post","link":"https:\/\/www.organisator.ch\/fr\/sustainability\/2021-07-29\/erste-unwetterbilanz-schaeden-an-gebaeuden-von-650-mio\/","title":{"rendered":"Dommages aux b\u00e2timents dus aux intemp\u00e9ries \u00e0 hauteur de 650 millions d'euros"},"content":{"rendered":"<figure id=\"attachment_4630\" aria-describedby=\"caption-attachment-4630\" style=\"width: 680px\" class=\"wp-caption alignnone\"><img loading=\"lazy\" decoding=\"async\" class=\"wp-image-4630 size-medium\" src=\"\/\/www.umweltperspektiven.ch\/wp-content\/uploads\/2021\/07\/IMG_20210721_200727526.jpg\" alt=\"Dommages dus aux intemp\u00e9ries, risques naturels \" width=\"680\" height=\"510\" \/><figcaption id=\"caption-attachment-4630\" class=\"wp-caption-text\">Les d\u00e9g\u00e2ts dus aux intemp\u00e9ries peuvent co\u00fbter cher. Photo : R. Str\u00e4ssle<\/figcaption><\/figure>\n<p>Les ph\u00e9nom\u00e8nes naturels peuvent causer des dommages consid\u00e9rables et provoquer beaucoup de souffrance. Les intemp\u00e9ries des mois de juin et juillet 2021 en sont l'illustration. Bien qu'en Suisse, contrairement \u00e0 l'Allemagne ou \u00e0 la Belgique, les cons\u00e9quences des intemp\u00e9ries aient \u00e9t\u00e9 moins graves, les dommages aux b\u00e2timents ont \u00e9t\u00e9 estim\u00e9s \u00e0 650 millions de francs pour les seuls 19 ECA, comme l'\u00e9crit le service de presse de l'Association des \u00e9tablissements cantonaux d'assurance (AEAI). Dans 19 cantons (AG, AR, BE, BL, BS, FR, GL, GR, JU, LU, NE, NW, SG, SH, SO, TG, VD, ZG, ZH), les ECA couvrent entre autres les dommages caus\u00e9s par la gr\u00eale, les hautes eaux et les inondations.<\/p>\n<h2><strong>Assurance automatique et compl\u00e8te<\/strong><\/h2>\n<p>Outre l'incendie, un propri\u00e9taire de b\u00e2timent dans un canton ECAB est automatiquement assur\u00e9 contre les risques naturels tels que les hautes eaux, les inondations, les temp\u00eates, la gr\u00eale, les avalanches, la pression de la neige, les \u00e9boulements de rochers, les chutes de pierres ou les glissements de terrain. Le propri\u00e9taire du b\u00e2timent b\u00e9n\u00e9ficie ainsi d'une couverture d'assurance compl\u00e8te \u00e0 un prix avantageux, selon l'AEAI. Le montant des dommages assur\u00e9s par l'ECAB est pratiquement illimit\u00e9. C'est un avantage d\u00e9cisif par rapport aux autres syst\u00e8mes d'assurance. La couverture d'assurance de l'ECAB est enti\u00e8rement garantie m\u00eame en cas d'\u00e9v\u00e9nements majeurs comme ceux de ces derni\u00e8res semaines.<\/p>\n<h2><strong>La pr\u00e9vention porte ses fruits<\/strong><\/h2>\n<p>En plus de la couverture d'assurance, les ECA, en tant qu'organisations de droit public, apportent une contribution essentielle \u00e0 la pr\u00e9vention des catastrophes naturelles, comme on peut le lire par ailleurs. En effet, d'une part, les mesures de protection modernes et durables co\u00fbteraient moins cher que la gestion d'un sinistre majeur. D'autre part, les investissements dans la pr\u00e9vention prot\u00e8gent les propri\u00e9taires de b\u00e2timents des dommages et de nombreux d\u00e9sagr\u00e9ments. C'est pourquoi il serait particuli\u00e8rement important de tenir compte des dangers naturels lors de la construction ou de la transformation de b\u00e2timents (voir encadr\u00e9 ci-dessous).<\/p>\n<h2><strong>Enseignements tir\u00e9s des ann\u00e9es 2005 et 2007<\/strong><\/h2>\n<p>La protection contre les dangers naturels imminents a \u00e9t\u00e9 renforc\u00e9e apr\u00e8s les \u00e9v\u00e9nements majeurs de 2005, avec une somme totale de dommages aux b\u00e2timents de 880 millions de francs, et de 2007, avec 415 millions de francs suisses. Selon la VKG, les nombreuses mesures de protection des surfaces prises par les pouvoirs publics, la protection des objets par les ECA, mais aussi par les propri\u00e9taires immobiliers, ont eu un impact certain et ont permis de r\u00e9duire la charge des dommages. Toutefois, il n'est jamais possible d'emp\u00eacher totalement les dangers naturels et les dommages qui en d\u00e9coulent. C'est pourquoi il est important d'utiliser \u00e0 temps des syst\u00e8mes d'alerte pr\u00e9coce comme l'application gratuite Alarme-M\u00e9t\u00e9o, qui donne des conseils concrets de comportement et de pr\u00e9vention. Gr\u00e2ce \u00e0 d'autres mesures de protection ax\u00e9es sur le d\u00e9veloppement durable, il sera possible \u00e0 l'avenir d'\u00e9viter ou du moins de r\u00e9duire les d\u00e9marches fastidieuses en cas de sinistres potentiels, conclut le communiqu\u00e9.<\/p>\n<p><em>Source . VKG<\/em><\/p>\n<p>&nbsp;<\/p>\n<blockquote><p><strong>Consulter les risques sur mon site<\/strong><\/p>\n<p>Le risque sur le site peut \u00eatre \u00e9valu\u00e9 \u00e0 <a href=\"\/\/www.schutz-vor-naturgefahren.ch\"><strong>www.schutz-vor-naturgefahren.ch<\/strong><\/a> peuvent \u00eatre consult\u00e9es. Outre la derni\u00e8re carte des risques de gr\u00eale, des cartes relatives \u00e0 d'autres risques naturels tels que les inondations ou le ruissellement de surface sont \u00e9galement disponibles, avec des recommandations de protection correspondantes. Les dommages dus au ruissellement de surface ont augment\u00e9 ces derni\u00e8res ann\u00e9es, comme cet \u00e9t\u00e9.<\/p><\/blockquote>\n<p>&nbsp;<\/p>\n<p><strong><em>Autres th\u00e8mes :<\/em><\/strong><\/p>\n<p><a href=\"\/\/www.umweltperspektiven.ch\/ein-naturgefahren-check-lohnt-sich\/\"><em>Construire et r\u00e9nover, c'est pr\u00e9voir les risques naturels<\/em><\/a><\/p>","protected":false},"excerpt":{"rendered":"<p>Naturereignisse k\u00f6nnen erhebliche Sch\u00e4den verursachen und viel Leid ausl\u00f6sen. Die Unwetter der Sommermonate Juni und Juli 2021 verdeutlichen dies. Obwohl in der Schweiz, im Gegensatz zu Deutschland oder Belgien, die Folgen der Unwetter weniger schlimm waren, entstanden allein bei den 19 KGV gesch\u00e4tzte Geb\u00e4udesch\u00e4den von 650 Millionen Franken, wie die Medienstelle der Vereinigung Kantonaler Geb\u00e4udeversicherungen [&hellip;]<\/p>\n","protected":false},"author":6,"featured_media":9825,"comment_status":"closed","ping_status":"closed","sticky":false,"template":"","format":"standard","meta":{"_acf_changed":false,"_yoast_wpseo_focuskw":"Unwettersch\u00e4den","_yoast_wpseo_metadesc":"Unwetterbilanz: Die 19 Kantonalen Geb\u00e4udeversicherungen gehen von einer Gesamtschadensumme an Geb\u00e4uden von rund 650 Mio. Fr. aus.","articlekey":"","footnotes":""},"categories":[580],"tags":[1487,1809,1810,2413],"class_list":["post-10304","post","type-post","status-publish","format-standard","has-post-thumbnail","hentry","category-sustainability","tag-kgv","tag-naturgefahr","tag-naturgefahren","tag-unwetterschaeden"],"acf":[],"yoast_head":"<!-- This site is optimized with the Yoast SEO plugin v27.4 - https:\/\/yoast.com\/product\/yoast-seo-wordpress\/ -->\n<title>Unwettersch\u00e4den an Geb\u00e4uden in H\u00f6he von 650 Mio. - Organisator<\/title>\n<meta name=\"description\" content=\"Unwetterbilanz: Die 19 Kantonalen Geb\u00e4udeversicherungen gehen von einer Gesamtschadensumme an Geb\u00e4uden von rund 650 Mio. Fr. aus.\" \/>\n<meta name=\"robots\" content=\"index, follow, max-snippet:-1, max-image-preview:large, max-video-preview:-1\" \/>\n<link rel=\"canonical\" href=\"https:\/\/www.organisator.ch\/fr\/sustainability\/2021-07-29\/erste-unwetterbilanz-schaeden-an-gebaeuden-von-650-mio\/\" \/>\n<meta property=\"og:locale\" content=\"fr_FR\" \/>\n<meta property=\"og:type\" content=\"article\" \/>\n<meta property=\"og:title\" content=\"Unwettersch\u00e4den an Geb\u00e4uden in H\u00f6he von 650 Mio. - Organisator\" \/>\n<meta property=\"og:description\" content=\"Unwetterbilanz: Die 19 Kantonalen Geb\u00e4udeversicherungen gehen von einer Gesamtschadensumme an Geb\u00e4uden von rund 650 Mio. Fr. aus.\" \/>\n<meta property=\"og:url\" content=\"https:\/\/www.organisator.ch\/fr\/sustainability\/2021-07-29\/erste-unwetterbilanz-schaeden-an-gebaeuden-von-650-mio\/\" \/>\n<meta property=\"og:site_name\" content=\"Organisator\" \/>\n<meta property=\"article:publisher\" content=\"https:\/\/www.facebook.com\/OrganisatorFachmagazin\" \/>\n<meta property=\"article:published_time\" content=\"2021-07-29T08:05:32+00:00\" \/>\n<meta property=\"article:modified_time\" content=\"2022-02-09T10:06:45+00:00\" \/>\n<meta property=\"og:image\" content=\"https:\/\/www.organisator.ch\/wp-content\/uploads\/2021\/07\/IMG_20210721_200727526-scaled.jpg\" \/>\n\t<meta property=\"og:image:width\" content=\"2560\" \/>\n\t<meta property=\"og:image:height\" content=\"1920\" \/>\n\t<meta property=\"og:image:type\" content=\"image\/jpeg\" \/>\n<meta name=\"author\" content=\"roger.straessle\" \/>\n<meta name=\"twitter:card\" content=\"summary_large_image\" \/>\n<script type=\"application\/ld+json\" class=\"yoast-schema-graph\">{\"@context\":\"https:\\\/\\\/schema.org\",\"@graph\":[{\"@type\":\"Article\",\"@id\":\"https:\\\/\\\/www.organisator.ch\\\/sustainability\\\/2021-07-29\\\/erste-unwetterbilanz-schaeden-an-gebaeuden-von-650-mio\\\/#article\",\"isPartOf\":{\"@id\":\"https:\\\/\\\/www.organisator.ch\\\/sustainability\\\/2021-07-29\\\/erste-unwetterbilanz-schaeden-an-gebaeuden-von-650-mio\\\/\"},\"author\":{\"name\":\"roger.straessle\",\"@id\":\"https:\\\/\\\/www.organisator.ch\\\/#\\\/schema\\\/person\\\/a800b8c54e208b160517a7dcc323161d\"},\"headline\":\"Unwettersch\u00e4den an Geb\u00e4uden in H\u00f6he von 650 Mio.\",\"datePublished\":\"2021-07-29T08:05:32+00:00\",\"dateModified\":\"2022-02-09T10:06:45+00:00\",\"mainEntityOfPage\":{\"@id\":\"https:\\\/\\\/www.organisator.ch\\\/sustainability\\\/2021-07-29\\\/erste-unwetterbilanz-schaeden-an-gebaeuden-von-650-mio\\\/\"},\"wordCount\":469,\"publisher\":{\"@id\":\"https:\\\/\\\/www.organisator.ch\\\/#organization\"},\"image\":{\"@id\":\"https:\\\/\\\/www.organisator.ch\\\/sustainability\\\/2021-07-29\\\/erste-unwetterbilanz-schaeden-an-gebaeuden-von-650-mio\\\/#primaryimage\"},\"thumbnailUrl\":\"https:\\\/\\\/www.organisator.ch\\\/wp-content\\\/uploads\\\/2021\\\/07\\\/IMG_20210721_200727526-scaled.jpg\",\"keywords\":[\"KGV\",\"Naturgefahr\",\"Naturgefahren\",\"Unwettersch\u00e4den\"],\"articleSection\":[\"SUSTAINABILITY\"],\"inLanguage\":\"fr-FR\"},{\"@type\":\"WebPage\",\"@id\":\"https:\\\/\\\/www.organisator.ch\\\/sustainability\\\/2021-07-29\\\/erste-unwetterbilanz-schaeden-an-gebaeuden-von-650-mio\\\/\",\"url\":\"https:\\\/\\\/www.organisator.ch\\\/sustainability\\\/2021-07-29\\\/erste-unwetterbilanz-schaeden-an-gebaeuden-von-650-mio\\\/\",\"name\":\"Unwettersch\u00e4den an Geb\u00e4uden in H\u00f6he von 650 Mio. - Organisator\",\"isPartOf\":{\"@id\":\"https:\\\/\\\/www.organisator.ch\\\/#website\"},\"primaryImageOfPage\":{\"@id\":\"https:\\\/\\\/www.organisator.ch\\\/sustainability\\\/2021-07-29\\\/erste-unwetterbilanz-schaeden-an-gebaeuden-von-650-mio\\\/#primaryimage\"},\"image\":{\"@id\":\"https:\\\/\\\/www.organisator.ch\\\/sustainability\\\/2021-07-29\\\/erste-unwetterbilanz-schaeden-an-gebaeuden-von-650-mio\\\/#primaryimage\"},\"thumbnailUrl\":\"https:\\\/\\\/www.organisator.ch\\\/wp-content\\\/uploads\\\/2021\\\/07\\\/IMG_20210721_200727526-scaled.jpg\",\"datePublished\":\"2021-07-29T08:05:32+00:00\",\"dateModified\":\"2022-02-09T10:06:45+00:00\",\"description\":\"Unwetterbilanz: Die 19 Kantonalen Geb\u00e4udeversicherungen gehen von einer Gesamtschadensumme an Geb\u00e4uden von rund 650 Mio. Fr. aus.\",\"breadcrumb\":{\"@id\":\"https:\\\/\\\/www.organisator.ch\\\/sustainability\\\/2021-07-29\\\/erste-unwetterbilanz-schaeden-an-gebaeuden-von-650-mio\\\/#breadcrumb\"},\"inLanguage\":\"fr-FR\",\"potentialAction\":[{\"@type\":\"ReadAction\",\"target\":[\"https:\\\/\\\/www.organisator.ch\\\/sustainability\\\/2021-07-29\\\/erste-unwetterbilanz-schaeden-an-gebaeuden-von-650-mio\\\/\"]}]},{\"@type\":\"ImageObject\",\"inLanguage\":\"fr-FR\",\"@id\":\"https:\\\/\\\/www.organisator.ch\\\/sustainability\\\/2021-07-29\\\/erste-unwetterbilanz-schaeden-an-gebaeuden-von-650-mio\\\/#primaryimage\",\"url\":\"https:\\\/\\\/www.organisator.ch\\\/wp-content\\\/uploads\\\/2021\\\/07\\\/IMG_20210721_200727526-scaled.jpg\",\"contentUrl\":\"https:\\\/\\\/www.organisator.ch\\\/wp-content\\\/uploads\\\/2021\\\/07\\\/IMG_20210721_200727526-scaled.jpg\",\"width\":2560,\"height\":1920,\"caption\":\"Unwettersch\u00e4den k\u00f6nnen ins Geld gehen. Foto: R. Str\u00e4ssle\"},{\"@type\":\"BreadcrumbList\",\"@id\":\"https:\\\/\\\/www.organisator.ch\\\/sustainability\\\/2021-07-29\\\/erste-unwetterbilanz-schaeden-an-gebaeuden-von-650-mio\\\/#breadcrumb\",\"itemListElement\":[{\"@type\":\"ListItem\",\"position\":1,\"name\":\"Home\",\"item\":\"https:\\\/\\\/www.organisator.ch\\\/\"},{\"@type\":\"ListItem\",\"position\":2,\"name\":\"Unwettersch\u00e4den an Geb\u00e4uden in H\u00f6he von 650 Mio.\"}]},{\"@type\":\"WebSite\",\"@id\":\"https:\\\/\\\/www.organisator.ch\\\/#website\",\"url\":\"https:\\\/\\\/www.organisator.ch\\\/\",\"name\":\"Organisator\",\"description\":\"Kompetent. Praxisnah. Der ORGANISATOR bereitet in 10 Ausgaben pro Jahr die wesentlichen Themen f\u00fcr F\u00fchrungskr\u00e4fte von KMU auf.\",\"publisher\":{\"@id\":\"https:\\\/\\\/www.organisator.ch\\\/#organization\"},\"potentialAction\":[{\"@type\":\"SearchAction\",\"target\":{\"@type\":\"EntryPoint\",\"urlTemplate\":\"https:\\\/\\\/www.organisator.ch\\\/?s={search_term_string}\"},\"query-input\":{\"@type\":\"PropertyValueSpecification\",\"valueRequired\":true,\"valueName\":\"search_term_string\"}}],\"inLanguage\":\"fr-FR\"},{\"@type\":\"Organization\",\"@id\":\"https:\\\/\\\/www.organisator.ch\\\/#organization\",\"name\":\"Organisator\",\"url\":\"https:\\\/\\\/www.organisator.ch\\\/\",\"logo\":{\"@type\":\"ImageObject\",\"inLanguage\":\"fr-FR\",\"@id\":\"https:\\\/\\\/www.organisator.ch\\\/#\\\/schema\\\/logo\\\/image\\\/\",\"url\":\"https:\\\/\\\/www.organisator.ch\\\/wp-content\\\/uploads\\\/2022\\\/01\\\/Logo_Organisator_Website.png\",\"contentUrl\":\"https:\\\/\\\/www.organisator.ch\\\/wp-content\\\/uploads\\\/2022\\\/01\\\/Logo_Organisator_Website.png\",\"width\":800,\"height\":77,\"caption\":\"Organisator\"},\"image\":{\"@id\":\"https:\\\/\\\/www.organisator.ch\\\/#\\\/schema\\\/logo\\\/image\\\/\"},\"sameAs\":[\"https:\\\/\\\/www.facebook.com\\\/OrganisatorFachmagazin\",\"https:\\\/\\\/www.linkedin.com\\\/showcase\\\/organisator-das-magazin-fr-kmu\",\"https:\\\/\\\/www.xing.com\\\/news\\\/pages\\\/organisator-ch-695\",\"https:\\\/\\\/www.youtube.com\\\/channel\\\/UCGP2Sq0iWaZwT3BdIAQFYpw\"]},{\"@type\":\"Person\",\"@id\":\"https:\\\/\\\/www.organisator.ch\\\/#\\\/schema\\\/person\\\/a800b8c54e208b160517a7dcc323161d\",\"name\":\"roger.straessle\",\"image\":{\"@type\":\"ImageObject\",\"inLanguage\":\"fr-FR\",\"@id\":\"https:\\\/\\\/secure.gravatar.com\\\/avatar\\\/?s=96&d=mm&r=g\",\"url\":\"https:\\\/\\\/secure.gravatar.com\\\/avatar\\\/?s=96&d=mm&r=g\",\"contentUrl\":\"https:\\\/\\\/secure.gravatar.com\\\/avatar\\\/?s=96&d=mm&r=g\",\"caption\":\"roger.straessle\"},\"url\":\"https:\\\/\\\/www.organisator.ch\\\/fr\\\/author\\\/roger-straessle\\\/\"}]}<\/script>\n<!-- \/ Yoast SEO plugin. -->","yoast_head_json":{"title":"650 millions d'euros de d\u00e9g\u00e2ts aux b\u00e2timents dus aux intemp\u00e9ries - Organisateur","description":"Bilan des intemp\u00e9ries : les 19 \u00e9tablissements cantonaux d'assurance immobili\u00e8re estiment le montant total des dommages aux b\u00e2timents \u00e0 environ 650 millions de francs.","robots":{"index":"index","follow":"follow","max-snippet":"max-snippet:-1","max-image-preview":"max-image-preview:large","max-video-preview":"max-video-preview:-1"},"canonical":"https:\/\/www.organisator.ch\/fr\/sustainability\/2021-07-29\/erste-unwetterbilanz-schaeden-an-gebaeuden-von-650-mio\/","og_locale":"fr_FR","og_type":"article","og_title":"Unwettersch\u00e4den an Geb\u00e4uden in H\u00f6he von 650 Mio. - Organisator","og_description":"Unwetterbilanz: Die 19 Kantonalen Geb\u00e4udeversicherungen gehen von einer Gesamtschadensumme an Geb\u00e4uden von rund 650 Mio. Fr. aus.","og_url":"https:\/\/www.organisator.ch\/fr\/sustainability\/2021-07-29\/erste-unwetterbilanz-schaeden-an-gebaeuden-von-650-mio\/","og_site_name":"Organisator","article_publisher":"https:\/\/www.facebook.com\/OrganisatorFachmagazin","article_published_time":"2021-07-29T08:05:32+00:00","article_modified_time":"2022-02-09T10:06:45+00:00","og_image":[{"width":2560,"height":1920,"url":"https:\/\/www.organisator.ch\/wp-content\/uploads\/2021\/07\/IMG_20210721_200727526-scaled.jpg","type":"image\/jpeg"}],"author":"roger.straessle","twitter_card":"summary_large_image","schema":{"@context":"https:\/\/schema.org","@graph":[{"@type":"Article","@id":"https:\/\/www.organisator.ch\/sustainability\/2021-07-29\/erste-unwetterbilanz-schaeden-an-gebaeuden-von-650-mio\/#article","isPartOf":{"@id":"https:\/\/www.organisator.ch\/sustainability\/2021-07-29\/erste-unwetterbilanz-schaeden-an-gebaeuden-von-650-mio\/"},"author":{"name":"roger.straessle","@id":"https:\/\/www.organisator.ch\/#\/schema\/person\/a800b8c54e208b160517a7dcc323161d"},"headline":"Unwettersch\u00e4den an Geb\u00e4uden in H\u00f6he von 650 Mio.","datePublished":"2021-07-29T08:05:32+00:00","dateModified":"2022-02-09T10:06:45+00:00","mainEntityOfPage":{"@id":"https:\/\/www.organisator.ch\/sustainability\/2021-07-29\/erste-unwetterbilanz-schaeden-an-gebaeuden-von-650-mio\/"},"wordCount":469,"publisher":{"@id":"https:\/\/www.organisator.ch\/#organization"},"image":{"@id":"https:\/\/www.organisator.ch\/sustainability\/2021-07-29\/erste-unwetterbilanz-schaeden-an-gebaeuden-von-650-mio\/#primaryimage"},"thumbnailUrl":"https:\/\/www.organisator.ch\/wp-content\/uploads\/2021\/07\/IMG_20210721_200727526-scaled.jpg","keywords":["KGV","Naturgefahr","Naturgefahren","Unwettersch\u00e4den"],"articleSection":["SUSTAINABILITY"],"inLanguage":"fr-FR"},{"@type":"WebPage","@id":"https:\/\/www.organisator.ch\/sustainability\/2021-07-29\/erste-unwetterbilanz-schaeden-an-gebaeuden-von-650-mio\/","url":"https:\/\/www.organisator.ch\/sustainability\/2021-07-29\/erste-unwetterbilanz-schaeden-an-gebaeuden-von-650-mio\/","name":"650 millions d'euros de d\u00e9g\u00e2ts aux b\u00e2timents dus aux intemp\u00e9ries - Organisateur","isPartOf":{"@id":"https:\/\/www.organisator.ch\/#website"},"primaryImageOfPage":{"@id":"https:\/\/www.organisator.ch\/sustainability\/2021-07-29\/erste-unwetterbilanz-schaeden-an-gebaeuden-von-650-mio\/#primaryimage"},"image":{"@id":"https:\/\/www.organisator.ch\/sustainability\/2021-07-29\/erste-unwetterbilanz-schaeden-an-gebaeuden-von-650-mio\/#primaryimage"},"thumbnailUrl":"https:\/\/www.organisator.ch\/wp-content\/uploads\/2021\/07\/IMG_20210721_200727526-scaled.jpg","datePublished":"2021-07-29T08:05:32+00:00","dateModified":"2022-02-09T10:06:45+00:00","description":"Bilan des intemp\u00e9ries : les 19 \u00e9tablissements cantonaux d'assurance immobili\u00e8re estiment le montant total des dommages aux b\u00e2timents \u00e0 environ 650 millions de francs.","breadcrumb":{"@id":"https:\/\/www.organisator.ch\/sustainability\/2021-07-29\/erste-unwetterbilanz-schaeden-an-gebaeuden-von-650-mio\/#breadcrumb"},"inLanguage":"fr-FR","potentialAction":[{"@type":"ReadAction","target":["https:\/\/www.organisator.ch\/sustainability\/2021-07-29\/erste-unwetterbilanz-schaeden-an-gebaeuden-von-650-mio\/"]}]},{"@type":"ImageObject","inLanguage":"fr-FR","@id":"https:\/\/www.organisator.ch\/sustainability\/2021-07-29\/erste-unwetterbilanz-schaeden-an-gebaeuden-von-650-mio\/#primaryimage","url":"https:\/\/www.organisator.ch\/wp-content\/uploads\/2021\/07\/IMG_20210721_200727526-scaled.jpg","contentUrl":"https:\/\/www.organisator.ch\/wp-content\/uploads\/2021\/07\/IMG_20210721_200727526-scaled.jpg","width":2560,"height":1920,"caption":"Unwettersch\u00e4den k\u00f6nnen ins Geld gehen. Foto: R. Str\u00e4ssle"},{"@type":"BreadcrumbList","@id":"https:\/\/www.organisator.ch\/sustainability\/2021-07-29\/erste-unwetterbilanz-schaeden-an-gebaeuden-von-650-mio\/#breadcrumb","itemListElement":[{"@type":"ListItem","position":1,"name":"Home","item":"https:\/\/www.organisator.ch\/"},{"@type":"ListItem","position":2,"name":"Unwettersch\u00e4den an Geb\u00e4uden in H\u00f6he von 650 Mio."}]},{"@type":"WebSite","@id":"https:\/\/www.organisator.ch\/#website","url":"https:\/\/www.organisator.ch\/","name":"Organisateur","description":"Comp\u00e9tence et comp\u00e9tence. Proches de la pratique. L'ORGANISATEUR pr\u00e9pare 10 num\u00e9ros par an sur les th\u00e8mes essentiels pour les dirigeants de PME.","publisher":{"@id":"https:\/\/www.organisator.ch\/#organization"},"potentialAction":[{"@type":"SearchAction","target":{"@type":"EntryPoint","urlTemplate":"https:\/\/www.organisator.ch\/?s={search_term_string}"},"query-input":{"@type":"PropertyValueSpecification","valueRequired":true,"valueName":"search_term_string"}}],"inLanguage":"fr-FR"},{"@type":"Organization","@id":"https:\/\/www.organisator.ch\/#organization","name":"Organisateur","url":"https:\/\/www.organisator.ch\/","logo":{"@type":"ImageObject","inLanguage":"fr-FR","@id":"https:\/\/www.organisator.ch\/#\/schema\/logo\/image\/","url":"https:\/\/www.organisator.ch\/wp-content\/uploads\/2022\/01\/Logo_Organisator_Website.png","contentUrl":"https:\/\/www.organisator.ch\/wp-content\/uploads\/2022\/01\/Logo_Organisator_Website.png","width":800,"height":77,"caption":"Organisator"},"image":{"@id":"https:\/\/www.organisator.ch\/#\/schema\/logo\/image\/"},"sameAs":["https:\/\/www.facebook.com\/OrganisatorFachmagazin","https:\/\/www.linkedin.com\/showcase\/organisator-das-magazin-fr-kmu","https:\/\/www.xing.com\/news\/pages\/organisator-ch-695","https:\/\/www.youtube.com\/channel\/UCGP2Sq0iWaZwT3BdIAQFYpw"]},{"@type":"Person","@id":"https:\/\/www.organisator.ch\/#\/schema\/person\/a800b8c54e208b160517a7dcc323161d","name":"roger.straessle","image":{"@type":"ImageObject","inLanguage":"fr-FR","@id":"https:\/\/secure.gravatar.com\/avatar\/?s=96&d=mm&r=g","url":"https:\/\/secure.gravatar.com\/avatar\/?s=96&d=mm&r=g","contentUrl":"https:\/\/secure.gravatar.com\/avatar\/?s=96&d=mm&r=g","caption":"roger.straessle"},"url":"https:\/\/www.organisator.ch\/fr\/author\/roger-straessle\/"}]}},"_links":{"self":[{"href":"https:\/\/www.organisator.ch\/fr\/wp-json\/wp\/v2\/posts\/10304","targetHints":{"allow":["GET"]}}],"collection":[{"href":"https:\/\/www.organisator.ch\/fr\/wp-json\/wp\/v2\/posts"}],"about":[{"href":"https:\/\/www.organisator.ch\/fr\/wp-json\/wp\/v2\/types\/post"}],"author":[{"embeddable":true,"href":"https:\/\/www.organisator.ch\/fr\/wp-json\/wp\/v2\/users\/6"}],"replies":[{"embeddable":true,"href":"https:\/\/www.organisator.ch\/fr\/wp-json\/wp\/v2\/comments?post=10304"}],"version-history":[{"count":1,"href":"https:\/\/www.organisator.ch\/fr\/wp-json\/wp\/v2\/posts\/10304\/revisions"}],"predecessor-version":[{"id":10645,"href":"https:\/\/www.organisator.ch\/fr\/wp-json\/wp\/v2\/posts\/10304\/revisions\/10645"}],"wp:featuredmedia":[{"embeddable":true,"href":"https:\/\/www.organisator.ch\/fr\/wp-json\/wp\/v2\/media\/9825"}],"wp:attachment":[{"href":"https:\/\/www.organisator.ch\/fr\/wp-json\/wp\/v2\/media?parent=10304"}],"wp:term":[{"taxonomy":"category","embeddable":true,"href":"https:\/\/www.organisator.ch\/fr\/wp-json\/wp\/v2\/categories?post=10304"},{"taxonomy":"post_tag","embeddable":true,"href":"https:\/\/www.organisator.ch\/fr\/wp-json\/wp\/v2\/tags?post=10304"}],"curies":[{"name":"wp","href":"https:\/\/api.w.org\/{rel}","templated":true}]}}