{"id":10308,"date":"2021-08-05T14:42:59","date_gmt":"2021-08-05T12:42:59","guid":{"rendered":"https:\/\/www.umweltperspektiven.ch\/?p=4667"},"modified":"2021-08-05T14:42:59","modified_gmt":"2021-08-05T12:42:59","slug":"netto-null-gilt-auch-fuer-den-bodenschutz","status":"publish","type":"post","link":"https:\/\/www.organisator.ch\/fr\/allgemein\/2021-08-05\/netto-null-gilt-auch-fuer-den-bodenschutz\/","title":{"rendered":"Le z\u00e9ro net s'applique aussi \u00e0 la protection des sols"},"content":{"rendered":"<figure id=\"attachment_4668\" aria-describedby=\"caption-attachment-4668\" style=\"width: 680px\" class=\"wp-caption alignnone\"><img loading=\"lazy\" decoding=\"async\" class=\"size-medium wp-image-4668\" src=\"\/\/www.umweltperspektiven.ch\/wp-content\/uploads\/2021\/08\/Foto-8.png\" alt=\"\" width=\"680\" height=\"425\" srcset=\"https:\/\/www.organisator.ch\/wp-content\/uploads\/2021\/08\/Foto-8.png 1024w, https:\/\/www.organisator.ch\/wp-content\/uploads\/2021\/08\/Foto-8-680x425.png 680w, https:\/\/www.organisator.ch\/wp-content\/uploads\/2021\/08\/Foto-8-768x480.png 768w, https:\/\/www.organisator.ch\/wp-content\/uploads\/2021\/08\/Foto-8-18x12.png 18w, https:\/\/www.organisator.ch\/wp-content\/uploads\/2021\/08\/Foto-8-280x175.png 280w, https:\/\/www.organisator.ch\/wp-content\/uploads\/2021\/08\/Foto-8-560x350.png 560w, https:\/\/www.organisator.ch\/wp-content\/uploads\/2021\/08\/Foto-8-920x575.png 920w, https:\/\/www.organisator.ch\/wp-content\/uploads\/2021\/08\/Foto-8-300x188.png 300w\" sizes=\"auto, (max-width: 680px) 100vw, 680px\" \/><figcaption id=\"caption-attachment-4668\" class=\"wp-caption-text\">Elle doit \u00eatre friable et humide, la terre id\u00e9ale qui sera \u00e0 nouveau transform\u00e9e en surface d'assolement. \u00a9 Martin Bichsel<\/figcaption><\/figure>\n<p>En Suisse, les sols subissent de nombreuses atteintes dues aux activit\u00e9s de construction, \u00e0 l'\u00e9rosion ou aux polluants. Pour rem\u00e9dier \u00e0 cette situation, le Conseil f\u00e9d\u00e9ral a adopt\u00e9 en 2020 la Strat\u00e9gie Sol Suisse et l'a concr\u00e9tis\u00e9e par un paquet de mesures. L'objectif principal est d'\u00e9viter toute perte nette de sol en Suisse d'ici 2050.<\/p>\n<p>Dans le nouveau cahier <a href=\"\/\/www.are.admin.ch\/are\/de\/home\/medien-und-publikationen\/forum-raumentwicklung\/forum-raumentwicklung-1-21.html\">\"Forum du d\u00e9veloppement territorial\"<\/a> de l'Office f\u00e9d\u00e9ral du d\u00e9veloppement territorial ARE montre comment un d\u00e9veloppement territorial durable peut contribuer \u00e0 pr\u00e9server les sols \u00e0 long terme . \"Z\u00e9ro net\" s'applique donc aussi, apr\u00e8s la protection du climat, \u00e0 la protection des sols - et cette politique parall\u00e8le n'est pas fortuite, explique clairement Damian Jerjen, directeur de l'Association pour l'am\u00e9nagement du territoire EspaceSuisse, dans son intervention : \"L'am\u00e9nagement du territoire a la responsabilit\u00e9 d'utiliser ses instruments pour la protection du climat et donc de prot\u00e9ger aussi les sols\". En effet, ceux-ci doivent d'une part contribuer au maximum \u00e0 la protection du climat. D'autre part, ils aident \u00e0 s'adapter aux cons\u00e9quences in\u00e9vitables du changement climatique.<\/p>\n<p>Par le pass\u00e9, de nombreuses surfaces ont perdu en qualit\u00e9 en raison de l'action de l'homme. Mais les sols d\u00e9grad\u00e9s ne sont pas n\u00e9cessairement exclus \u00e0 jamais de l'exploitation agricole, comme le montre un texte du canton de Zurich. Les surfaces indicatives pour les sols anthropog\u00e8nes, recens\u00e9es syst\u00e9matiquement, \u00e9num\u00e8rent les endroits o\u00f9 la terre enlev\u00e9e peut \u00eatre valoris\u00e9e et contribuer \u00e9ventuellement \u00e0 la cr\u00e9ation d'une nouvelle surface d'assolement. A l'inverse, la carte permet d'orienter les zonages et les projets de construction de mani\u00e8re \u00e0 \u00e9pargner autant que possible les sols rest\u00e9s naturels.<\/p>\n<p>Dans une interview, Ad\u00e8le Thorens Goumaz, conseill\u00e8re aux Etats (VD) et experte en mati\u00e8re de biodiversit\u00e9, appelle \u00e0 d\u00e9velopper une plus grande expertise sur la qualit\u00e9 des sols. La structure d\u00e9cisionnelle d\u00e9centralis\u00e9e est en outre un casse-t\u00eate qui pose des probl\u00e8mes en mati\u00e8re d'am\u00e9nagement du territoire et de gestion quantitative des sols. Thorens Goumaz propose de commencer par se mettre d'accord sur l'agriculture du futur. \"Ce n'est qu'ensuite que nous devrions travailler sur l'am\u00e9nagement du territoire, et non l'inverse\".<\/p>\n<p>Enfin, le reportage illustre comment, aujourd'hui, apr\u00e8s la fin des travaux du tunnel de base du Ceneri, le chantier utilis\u00e9 pendant 15 ans est renatur\u00e9. D'\u00e9normes masses de terre, qui avaient \u00e9t\u00e9 soigneusement stock\u00e9es temporairement, retrouvent leur parcelle d'origine, sont reconstitu\u00e9es en sol fertile et pourront \u00e0 nouveau \u00eatre utilis\u00e9es pour la culture mara\u00eech\u00e8re dans quelques ann\u00e9es seulement.<\/p>\n<p><em>Source : Office f\u00e9d\u00e9ral du d\u00e9veloppement territorial<\/em><\/p>\n<p>&nbsp;<\/p>","protected":false},"excerpt":{"rendered":"<p>Durch Baut\u00e4tigkeit, Erosion oder Schadstoffe wird der Boden in der Schweiz von vielen Seiten her belastet. Um diesem Umstand entgegenzuwirken, hat der Bundesrat 2020 die Bodenstrategie Schweiz verabschiedet und mit einem Massnahmenpaket konkretisiert. Das Kernanliegen ist es, dass in der Schweiz bis 2050 netto kein Boden mehr verloren geht. Im neuen Heft \u00abForum Raumentwicklung\u00bb des [&hellip;]<\/p>\n","protected":false},"author":6,"featured_media":4668,"comment_status":"closed","ping_status":"closed","sticky":false,"template":"","format":"standard","meta":{"_acf_changed":false,"_yoast_wpseo_focuskw":"Bodenschutz","_yoast_wpseo_metadesc":"Bodenschutz ist wichtig: Das neue Heft \u00abForum Raumentwicklung\u00bb zeigt, wie eine nachhaltige Raumentwicklung den Boden langfristig sch\u00fctzen kann.","articlekey":"","footnotes":""},"categories":[1],"tags":[858,859,1981],"class_list":["post-10308","post","type-post","status-publish","format-standard","has-post-thumbnail","hentry","category-allgemein","tag-boden","tag-bodenschutz","tag-raumplanung"],"acf":[],"yoast_head":"<!-- This site is optimized with the Yoast SEO plugin v27.5 - https:\/\/yoast.com\/product\/yoast-seo-wordpress\/ -->\n<title>Netto null gilt auch f\u00fcr den Bodenschutz - Organisator<\/title>\n<meta name=\"description\" content=\"Bodenschutz ist wichtig: Das neue Heft \u00abForum Raumentwicklung\u00bb zeigt, wie eine nachhaltige Raumentwicklung den Boden langfristig sch\u00fctzen kann.\" \/>\n<meta name=\"robots\" content=\"index, follow, max-snippet:-1, max-image-preview:large, max-video-preview:-1\" \/>\n<link rel=\"canonical\" href=\"https:\/\/www.organisator.ch\/fr\/general\/2021-08-05\/netto-null-gilt-auch-fuer-den-bodenschutz\/\" \/>\n<meta property=\"og:locale\" content=\"fr_FR\" \/>\n<meta property=\"og:type\" content=\"article\" \/>\n<meta property=\"og:title\" content=\"Netto null gilt auch f\u00fcr den Bodenschutz - Organisator\" \/>\n<meta property=\"og:description\" content=\"Bodenschutz ist wichtig: Das neue Heft \u00abForum Raumentwicklung\u00bb zeigt, wie eine nachhaltige Raumentwicklung den Boden langfristig sch\u00fctzen kann.\" \/>\n<meta property=\"og:url\" content=\"https:\/\/www.organisator.ch\/fr\/general\/2021-08-05\/netto-null-gilt-auch-fuer-den-bodenschutz\/\" \/>\n<meta property=\"og:site_name\" content=\"Organisator\" \/>\n<meta property=\"article:publisher\" content=\"https:\/\/www.facebook.com\/OrganisatorFachmagazin\" \/>\n<meta property=\"article:published_time\" content=\"2021-08-05T12:42:59+00:00\" \/>\n<meta property=\"og:image\" content=\"https:\/\/www.organisator.ch\/wp-content\/uploads\/2021\/08\/Foto-8.png\" \/>\n\t<meta property=\"og:image:width\" content=\"1024\" \/>\n\t<meta property=\"og:image:height\" content=\"640\" \/>\n\t<meta property=\"og:image:type\" content=\"image\/png\" \/>\n<meta name=\"author\" content=\"roger.straessle\" \/>\n<meta name=\"twitter:card\" content=\"summary_large_image\" \/>\n<script type=\"application\/ld+json\" class=\"yoast-schema-graph\">{\"@context\":\"https:\\\/\\\/schema.org\",\"@graph\":[{\"@type\":\"Article\",\"@id\":\"https:\\\/\\\/www.organisator.ch\\\/en\\\/general\\\/2021-08-05\\\/netto-null-gilt-auch-fuer-den-bodenschutz\\\/#article\",\"isPartOf\":{\"@id\":\"https:\\\/\\\/www.organisator.ch\\\/en\\\/general\\\/2021-08-05\\\/netto-null-gilt-auch-fuer-den-bodenschutz\\\/\"},\"author\":{\"name\":\"roger.straessle\",\"@id\":\"https:\\\/\\\/www.organisator.ch\\\/#\\\/schema\\\/person\\\/a800b8c54e208b160517a7dcc323161d\"},\"headline\":\"Netto null gilt auch f\u00fcr den Bodenschutz\",\"datePublished\":\"2021-08-05T12:42:59+00:00\",\"mainEntityOfPage\":{\"@id\":\"https:\\\/\\\/www.organisator.ch\\\/en\\\/general\\\/2021-08-05\\\/netto-null-gilt-auch-fuer-den-bodenschutz\\\/\"},\"wordCount\":411,\"publisher\":{\"@id\":\"https:\\\/\\\/www.organisator.ch\\\/#organization\"},\"image\":{\"@id\":\"https:\\\/\\\/www.organisator.ch\\\/en\\\/general\\\/2021-08-05\\\/netto-null-gilt-auch-fuer-den-bodenschutz\\\/#primaryimage\"},\"thumbnailUrl\":\"https:\\\/\\\/www.organisator.ch\\\/wp-content\\\/uploads\\\/2021\\\/08\\\/Foto-8.png\",\"keywords\":[\"Boden\",\"Bodenschutz\",\"Raumplanung\"],\"articleSection\":[\"Allgemein\"],\"inLanguage\":\"fr-FR\"},{\"@type\":\"WebPage\",\"@id\":\"https:\\\/\\\/www.organisator.ch\\\/en\\\/general\\\/2021-08-05\\\/netto-null-gilt-auch-fuer-den-bodenschutz\\\/\",\"url\":\"https:\\\/\\\/www.organisator.ch\\\/en\\\/general\\\/2021-08-05\\\/netto-null-gilt-auch-fuer-den-bodenschutz\\\/\",\"name\":\"Netto null gilt auch f\u00fcr den Bodenschutz - Organisator\",\"isPartOf\":{\"@id\":\"https:\\\/\\\/www.organisator.ch\\\/#website\"},\"primaryImageOfPage\":{\"@id\":\"https:\\\/\\\/www.organisator.ch\\\/en\\\/general\\\/2021-08-05\\\/netto-null-gilt-auch-fuer-den-bodenschutz\\\/#primaryimage\"},\"image\":{\"@id\":\"https:\\\/\\\/www.organisator.ch\\\/en\\\/general\\\/2021-08-05\\\/netto-null-gilt-auch-fuer-den-bodenschutz\\\/#primaryimage\"},\"thumbnailUrl\":\"https:\\\/\\\/www.organisator.ch\\\/wp-content\\\/uploads\\\/2021\\\/08\\\/Foto-8.png\",\"datePublished\":\"2021-08-05T12:42:59+00:00\",\"description\":\"Bodenschutz ist wichtig: Das neue Heft \u00abForum Raumentwicklung\u00bb zeigt, wie eine nachhaltige Raumentwicklung den Boden langfristig sch\u00fctzen kann.\",\"breadcrumb\":{\"@id\":\"https:\\\/\\\/www.organisator.ch\\\/en\\\/general\\\/2021-08-05\\\/netto-null-gilt-auch-fuer-den-bodenschutz\\\/#breadcrumb\"},\"inLanguage\":\"fr-FR\",\"potentialAction\":[{\"@type\":\"ReadAction\",\"target\":[\"https:\\\/\\\/www.organisator.ch\\\/en\\\/general\\\/2021-08-05\\\/netto-null-gilt-auch-fuer-den-bodenschutz\\\/\"]}]},{\"@type\":\"ImageObject\",\"inLanguage\":\"fr-FR\",\"@id\":\"https:\\\/\\\/www.organisator.ch\\\/en\\\/general\\\/2021-08-05\\\/netto-null-gilt-auch-fuer-den-bodenschutz\\\/#primaryimage\",\"url\":\"https:\\\/\\\/www.organisator.ch\\\/wp-content\\\/uploads\\\/2021\\\/08\\\/Foto-8.png\",\"contentUrl\":\"https:\\\/\\\/www.organisator.ch\\\/wp-content\\\/uploads\\\/2021\\\/08\\\/Foto-8.png\",\"width\":1024,\"height\":640,\"caption\":\"Kr\u00fcmelig und feucht soll sie sein, die ideale Erde, die wieder zu einer Fruchtfolgefl\u00e4che verbaut wird. \u00a9\"},{\"@type\":\"BreadcrumbList\",\"@id\":\"https:\\\/\\\/www.organisator.ch\\\/en\\\/general\\\/2021-08-05\\\/netto-null-gilt-auch-fuer-den-bodenschutz\\\/#breadcrumb\",\"itemListElement\":[{\"@type\":\"ListItem\",\"position\":1,\"name\":\"Home\",\"item\":\"https:\\\/\\\/www.organisator.ch\\\/\"},{\"@type\":\"ListItem\",\"position\":2,\"name\":\"Netto null gilt auch f\u00fcr den Bodenschutz\"}]},{\"@type\":\"WebSite\",\"@id\":\"https:\\\/\\\/www.organisator.ch\\\/#website\",\"url\":\"https:\\\/\\\/www.organisator.ch\\\/\",\"name\":\"Organisator\",\"description\":\"Kompetent. Praxisnah. Der ORGANISATOR bereitet in 10 Ausgaben pro Jahr die wesentlichen Themen f\u00fcr F\u00fchrungskr\u00e4fte von KMU auf.\",\"publisher\":{\"@id\":\"https:\\\/\\\/www.organisator.ch\\\/#organization\"},\"potentialAction\":[{\"@type\":\"SearchAction\",\"target\":{\"@type\":\"EntryPoint\",\"urlTemplate\":\"https:\\\/\\\/www.organisator.ch\\\/?s={search_term_string}\"},\"query-input\":{\"@type\":\"PropertyValueSpecification\",\"valueRequired\":true,\"valueName\":\"search_term_string\"}}],\"inLanguage\":\"fr-FR\"},{\"@type\":\"Organization\",\"@id\":\"https:\\\/\\\/www.organisator.ch\\\/#organization\",\"name\":\"Organisator\",\"url\":\"https:\\\/\\\/www.organisator.ch\\\/\",\"logo\":{\"@type\":\"ImageObject\",\"inLanguage\":\"fr-FR\",\"@id\":\"https:\\\/\\\/www.organisator.ch\\\/#\\\/schema\\\/logo\\\/image\\\/\",\"url\":\"https:\\\/\\\/www.organisator.ch\\\/wp-content\\\/uploads\\\/2022\\\/01\\\/Logo_Organisator_Website.png\",\"contentUrl\":\"https:\\\/\\\/www.organisator.ch\\\/wp-content\\\/uploads\\\/2022\\\/01\\\/Logo_Organisator_Website.png\",\"width\":800,\"height\":77,\"caption\":\"Organisator\"},\"image\":{\"@id\":\"https:\\\/\\\/www.organisator.ch\\\/#\\\/schema\\\/logo\\\/image\\\/\"},\"sameAs\":[\"https:\\\/\\\/www.facebook.com\\\/OrganisatorFachmagazin\",\"https:\\\/\\\/www.linkedin.com\\\/showcase\\\/organisator-das-magazin-fr-kmu\",\"https:\\\/\\\/www.xing.com\\\/news\\\/pages\\\/organisator-ch-695\",\"https:\\\/\\\/www.youtube.com\\\/channel\\\/UCGP2Sq0iWaZwT3BdIAQFYpw\"]},{\"@type\":\"Person\",\"@id\":\"https:\\\/\\\/www.organisator.ch\\\/#\\\/schema\\\/person\\\/a800b8c54e208b160517a7dcc323161d\",\"name\":\"roger.straessle\",\"image\":{\"@type\":\"ImageObject\",\"inLanguage\":\"fr-FR\",\"@id\":\"https:\\\/\\\/secure.gravatar.com\\\/avatar\\\/?s=96&d=mm&r=g\",\"url\":\"https:\\\/\\\/secure.gravatar.com\\\/avatar\\\/?s=96&d=mm&r=g\",\"contentUrl\":\"https:\\\/\\\/secure.gravatar.com\\\/avatar\\\/?s=96&d=mm&r=g\",\"caption\":\"roger.straessle\"},\"url\":\"https:\\\/\\\/www.organisator.ch\\\/fr\\\/author\\\/roger-straessle\\\/\"}]}<\/script>\n<!-- \/ Yoast SEO plugin. -->","yoast_head_json":{"title":"Le z\u00e9ro net s'applique aussi \u00e0 la protection des sols - Organisateur","description":"La protection des sols est importante : le nouveau cahier \"Forum du d\u00e9veloppement territorial\" montre comment un d\u00e9veloppement territorial durable peut prot\u00e9ger les sols \u00e0 long terme.","robots":{"index":"index","follow":"follow","max-snippet":"max-snippet:-1","max-image-preview":"max-image-preview:large","max-video-preview":"max-video-preview:-1"},"canonical":"https:\/\/www.organisator.ch\/fr\/general\/2021-08-05\/netto-null-gilt-auch-fuer-den-bodenschutz\/","og_locale":"fr_FR","og_type":"article","og_title":"Netto null gilt auch f\u00fcr den Bodenschutz - Organisator","og_description":"Bodenschutz ist wichtig: Das neue Heft \u00abForum Raumentwicklung\u00bb zeigt, wie eine nachhaltige Raumentwicklung den Boden langfristig sch\u00fctzen kann.","og_url":"https:\/\/www.organisator.ch\/fr\/general\/2021-08-05\/netto-null-gilt-auch-fuer-den-bodenschutz\/","og_site_name":"Organisator","article_publisher":"https:\/\/www.facebook.com\/OrganisatorFachmagazin","article_published_time":"2021-08-05T12:42:59+00:00","og_image":[{"width":1024,"height":640,"url":"https:\/\/www.organisator.ch\/wp-content\/uploads\/2021\/08\/Foto-8.png","type":"image\/png"}],"author":"roger.straessle","twitter_card":"summary_large_image","schema":{"@context":"https:\/\/schema.org","@graph":[{"@type":"Article","@id":"https:\/\/www.organisator.ch\/en\/general\/2021-08-05\/netto-null-gilt-auch-fuer-den-bodenschutz\/#article","isPartOf":{"@id":"https:\/\/www.organisator.ch\/en\/general\/2021-08-05\/netto-null-gilt-auch-fuer-den-bodenschutz\/"},"author":{"name":"roger.straessle","@id":"https:\/\/www.organisator.ch\/#\/schema\/person\/a800b8c54e208b160517a7dcc323161d"},"headline":"Netto null gilt auch f\u00fcr den Bodenschutz","datePublished":"2021-08-05T12:42:59+00:00","mainEntityOfPage":{"@id":"https:\/\/www.organisator.ch\/en\/general\/2021-08-05\/netto-null-gilt-auch-fuer-den-bodenschutz\/"},"wordCount":411,"publisher":{"@id":"https:\/\/www.organisator.ch\/#organization"},"image":{"@id":"https:\/\/www.organisator.ch\/en\/general\/2021-08-05\/netto-null-gilt-auch-fuer-den-bodenschutz\/#primaryimage"},"thumbnailUrl":"https:\/\/www.organisator.ch\/wp-content\/uploads\/2021\/08\/Foto-8.png","keywords":["Boden","Bodenschutz","Raumplanung"],"articleSection":["Allgemein"],"inLanguage":"fr-FR"},{"@type":"WebPage","@id":"https:\/\/www.organisator.ch\/en\/general\/2021-08-05\/netto-null-gilt-auch-fuer-den-bodenschutz\/","url":"https:\/\/www.organisator.ch\/en\/general\/2021-08-05\/netto-null-gilt-auch-fuer-den-bodenschutz\/","name":"Le z\u00e9ro net s'applique aussi \u00e0 la protection des sols - Organisateur","isPartOf":{"@id":"https:\/\/www.organisator.ch\/#website"},"primaryImageOfPage":{"@id":"https:\/\/www.organisator.ch\/en\/general\/2021-08-05\/netto-null-gilt-auch-fuer-den-bodenschutz\/#primaryimage"},"image":{"@id":"https:\/\/www.organisator.ch\/en\/general\/2021-08-05\/netto-null-gilt-auch-fuer-den-bodenschutz\/#primaryimage"},"thumbnailUrl":"https:\/\/www.organisator.ch\/wp-content\/uploads\/2021\/08\/Foto-8.png","datePublished":"2021-08-05T12:42:59+00:00","description":"La protection des sols est importante : le nouveau cahier \"Forum du d\u00e9veloppement territorial\" montre comment un d\u00e9veloppement territorial durable peut prot\u00e9ger les sols \u00e0 long terme.","breadcrumb":{"@id":"https:\/\/www.organisator.ch\/en\/general\/2021-08-05\/netto-null-gilt-auch-fuer-den-bodenschutz\/#breadcrumb"},"inLanguage":"fr-FR","potentialAction":[{"@type":"ReadAction","target":["https:\/\/www.organisator.ch\/en\/general\/2021-08-05\/netto-null-gilt-auch-fuer-den-bodenschutz\/"]}]},{"@type":"ImageObject","inLanguage":"fr-FR","@id":"https:\/\/www.organisator.ch\/en\/general\/2021-08-05\/netto-null-gilt-auch-fuer-den-bodenschutz\/#primaryimage","url":"https:\/\/www.organisator.ch\/wp-content\/uploads\/2021\/08\/Foto-8.png","contentUrl":"https:\/\/www.organisator.ch\/wp-content\/uploads\/2021\/08\/Foto-8.png","width":1024,"height":640,"caption":"Kr\u00fcmelig und feucht soll sie sein, die ideale Erde, die wieder zu einer Fruchtfolgefl\u00e4che verbaut wird. \u00a9"},{"@type":"BreadcrumbList","@id":"https:\/\/www.organisator.ch\/en\/general\/2021-08-05\/netto-null-gilt-auch-fuer-den-bodenschutz\/#breadcrumb","itemListElement":[{"@type":"ListItem","position":1,"name":"Home","item":"https:\/\/www.organisator.ch\/"},{"@type":"ListItem","position":2,"name":"Netto null gilt auch f\u00fcr den Bodenschutz"}]},{"@type":"WebSite","@id":"https:\/\/www.organisator.ch\/#website","url":"https:\/\/www.organisator.ch\/","name":"Organisateur","description":"Comp\u00e9tence et comp\u00e9tence. Proches de la pratique. L'ORGANISATEUR pr\u00e9pare 10 num\u00e9ros par an sur les th\u00e8mes essentiels pour les dirigeants de PME.","publisher":{"@id":"https:\/\/www.organisator.ch\/#organization"},"potentialAction":[{"@type":"SearchAction","target":{"@type":"EntryPoint","urlTemplate":"https:\/\/www.organisator.ch\/?s={search_term_string}"},"query-input":{"@type":"PropertyValueSpecification","valueRequired":true,"valueName":"search_term_string"}}],"inLanguage":"fr-FR"},{"@type":"Organization","@id":"https:\/\/www.organisator.ch\/#organization","name":"Organisateur","url":"https:\/\/www.organisator.ch\/","logo":{"@type":"ImageObject","inLanguage":"fr-FR","@id":"https:\/\/www.organisator.ch\/#\/schema\/logo\/image\/","url":"https:\/\/www.organisator.ch\/wp-content\/uploads\/2022\/01\/Logo_Organisator_Website.png","contentUrl":"https:\/\/www.organisator.ch\/wp-content\/uploads\/2022\/01\/Logo_Organisator_Website.png","width":800,"height":77,"caption":"Organisator"},"image":{"@id":"https:\/\/www.organisator.ch\/#\/schema\/logo\/image\/"},"sameAs":["https:\/\/www.facebook.com\/OrganisatorFachmagazin","https:\/\/www.linkedin.com\/showcase\/organisator-das-magazin-fr-kmu","https:\/\/www.xing.com\/news\/pages\/organisator-ch-695","https:\/\/www.youtube.com\/channel\/UCGP2Sq0iWaZwT3BdIAQFYpw"]},{"@type":"Person","@id":"https:\/\/www.organisator.ch\/#\/schema\/person\/a800b8c54e208b160517a7dcc323161d","name":"roger.straessle","image":{"@type":"ImageObject","inLanguage":"fr-FR","@id":"https:\/\/secure.gravatar.com\/avatar\/?s=96&d=mm&r=g","url":"https:\/\/secure.gravatar.com\/avatar\/?s=96&d=mm&r=g","contentUrl":"https:\/\/secure.gravatar.com\/avatar\/?s=96&d=mm&r=g","caption":"roger.straessle"},"url":"https:\/\/www.organisator.ch\/fr\/author\/roger-straessle\/"}]}},"_links":{"self":[{"href":"https:\/\/www.organisator.ch\/fr\/wp-json\/wp\/v2\/posts\/10308","targetHints":{"allow":["GET"]}}],"collection":[{"href":"https:\/\/www.organisator.ch\/fr\/wp-json\/wp\/v2\/posts"}],"about":[{"href":"https:\/\/www.organisator.ch\/fr\/wp-json\/wp\/v2\/types\/post"}],"author":[{"embeddable":true,"href":"https:\/\/www.organisator.ch\/fr\/wp-json\/wp\/v2\/users\/6"}],"replies":[{"embeddable":true,"href":"https:\/\/www.organisator.ch\/fr\/wp-json\/wp\/v2\/comments?post=10308"}],"version-history":[{"count":0,"href":"https:\/\/www.organisator.ch\/fr\/wp-json\/wp\/v2\/posts\/10308\/revisions"}],"wp:featuredmedia":[{"embeddable":true,"href":"https:\/\/www.organisator.ch\/fr\/wp-json\/wp\/v2\/media\/4668"}],"wp:attachment":[{"href":"https:\/\/www.organisator.ch\/fr\/wp-json\/wp\/v2\/media?parent=10308"}],"wp:term":[{"taxonomy":"category","embeddable":true,"href":"https:\/\/www.organisator.ch\/fr\/wp-json\/wp\/v2\/categories?post=10308"},{"taxonomy":"post_tag","embeddable":true,"href":"https:\/\/www.organisator.ch\/fr\/wp-json\/wp\/v2\/tags?post=10308"}],"curies":[{"name":"wp","href":"https:\/\/api.w.org\/{rel}","templated":true}]}}