{"id":10315,"date":"2021-08-31T07:50:51","date_gmt":"2021-08-31T05:50:51","guid":{"rendered":"https:\/\/www.umweltperspektiven.ch\/?p=4758"},"modified":"2021-08-31T07:50:51","modified_gmt":"2021-08-31T05:50:51","slug":"oberstufe-gymnasien-und-berufsschulen-projektidee-mit-umweltrelevanz-umsetzen","status":"publish","type":"post","link":"https:\/\/www.organisator.ch\/fr\/allgemein\/2021-08-31\/oberstufe-gymnasien-und-berufsschulen-projektidee-mit-umweltrelevanz-umsetzen\/","title":{"rendered":"Coll\u00e8ges, lyc\u00e9es et \u00e9coles professionnelles : id\u00e9e de projet en rapport avec l'environnement"},"content":{"rendered":"<figure id=\"attachment_4760\" aria-describedby=\"caption-attachment-4760\" style=\"width: 625px\" class=\"wp-caption aligncenter\"><img loading=\"lazy\" decoding=\"async\" class=\"wp-image-4760 size-full\" src=\"\/\/www.umweltperspektiven.ch\/wp-content\/uploads\/2021\/08\/Bild_korr.png\" alt=\"Umwelt Arena Schweiz, Education \u00e0 l&#039;environnement\" width=\"625\" height=\"422\" srcset=\"https:\/\/www.organisator.ch\/wp-content\/uploads\/2021\/08\/Bild_korr.png 625w, https:\/\/www.organisator.ch\/wp-content\/uploads\/2021\/08\/Bild_korr-18x12.png 18w, https:\/\/www.organisator.ch\/wp-content\/uploads\/2021\/08\/Bild_korr-259x175.png 259w, https:\/\/www.organisator.ch\/wp-content\/uploads\/2021\/08\/Bild_korr-518x350.png 518w, https:\/\/www.organisator.ch\/wp-content\/uploads\/2021\/08\/Bild_korr-300x203.png 300w\" sizes=\"auto, (max-width: 625px) 100vw, 625px\" \/><figcaption id=\"caption-attachment-4760\" class=\"wp-caption-text\">L'\u00e9ducation \u00e0 l'environnement fait aujourd'hui partie du sac \u00e0 dos de l'\u00e9cole. \u00a9 zVg<\/figcaption><\/figure>\n<p>L'un des objectifs d'Umwelt Arena Schweiz \u00e0 Spreitenbach AG est de promouvoir et de d\u00e9velopper l'\u00e9ducation \u00e0 l'environnement. C'est pourquoi elle propose d\u00e9sormais des ateliers d'une demi-journ\u00e9e \"Les jeunes et la protection du climat\". L'offre est valable pour les classes de l'\u00e9cole secondaire, les gymnases et les \u00e9coles professionnelles et est gratuite (entr\u00e9e comprise, voyage aller-retour non compris).<\/p>\n<p>\"Les jeunes et la protection du climat\" est un atelier interactif, accompagn\u00e9 et anim\u00e9 par l'Ar\u00e8ne de l'Environnement. Les \u00e9l\u00e8ves d\u00e9veloppent une id\u00e9e de projet en rapport avec l'environnement et la mettent directement en pratique. Le programme comprend la pr\u00e9paration en classe, l'atelier sur place ainsi que le suivi, y compris la cl\u00f4ture du projet avec contr\u00f4le des r\u00e9sultats.<\/p>\n<p><em>Une inscription est n\u00e9cessaire. Pri\u00e8re de s'inscrire directement sur le site <a href=\"\/\/www.umweltarena.ch\">www.umweltarena.ch<\/a>, \u00e0 propos de <a href=\"mailto:fuehrungen@umweltarena.ch\">fuehrungen@umweltarena.ch<\/a> ou 056 418 13 13. <\/em><\/p>","protected":false},"excerpt":{"rendered":"<p>Eines der Ziele der Umwelt Arena Schweiz in Spreitenbach AG ist die F\u00f6rderung und Entwicklung der Umweltbildung. Aus diesem Grund bietet sie neu halbt\u00e4gige Workshops \u00abJugend und Klimaschutz\u00bb an. Das Angebot gilt f\u00fcr Schulklassen der Oberstufe, Gymnasien und Berufsschulen und ist unentgeltlich (inklusive Eintritt, exklusive Hin-\/R\u00fcckreise). \u00abJugend und Klimaschutz\u00bb ist ein interaktiver Workshop, begleitet und [&hellip;]<\/p>\n","protected":false},"author":6,"featured_media":4760,"comment_status":"closed","ping_status":"closed","sticky":false,"template":"","format":"standard","meta":{"_acf_changed":false,"_yoast_wpseo_focuskw":"Umwelt Arena Schweiz","_yoast_wpseo_metadesc":"Die Umwelt Arena Schweiz in Spreitenbach AG bietet Workshops mit Umweltrelevanz f\u00fcr Oberstufe, Gymnasien und Berufsschulen kostenlos an","articlekey":"","footnotes":""},"categories":[1],"tags":[2353,2363,539],"class_list":["post-10315","post","type-post","status-publish","format-standard","has-post-thumbnail","hentry","category-allgemein","tag-umwelt-arena-schweiz","tag-umweltbildung","tag-workshop"],"acf":[],"yoast_head":"<!-- This site is optimized with the Yoast SEO plugin v27.5 - https:\/\/yoast.com\/product\/yoast-seo-wordpress\/ -->\n<title>- Organisator<\/title>\n<meta name=\"description\" content=\"Die Umwelt Arena Schweiz in Spreitenbach AG bietet Workshops mit Umweltrelevanz f\u00fcr Oberstufe, Gymnasien und Berufsschulen kostenlos an\" \/>\n<meta name=\"robots\" content=\"index, follow, max-snippet:-1, max-image-preview:large, max-video-preview:-1\" \/>\n<link rel=\"canonical\" href=\"https:\/\/www.organisator.ch\/fr\/general\/2021-08-31\/oberstufe-gymnasien-und-berufsschulen-projektidee-mit-umweltrelevanz-umsetzen\/\" \/>\n<meta property=\"og:locale\" content=\"fr_FR\" \/>\n<meta property=\"og:type\" content=\"article\" \/>\n<meta property=\"og:title\" content=\"- Organisator\" \/>\n<meta property=\"og:description\" content=\"Die Umwelt Arena Schweiz in Spreitenbach AG bietet Workshops mit Umweltrelevanz f\u00fcr Oberstufe, Gymnasien und Berufsschulen kostenlos an\" \/>\n<meta property=\"og:url\" content=\"https:\/\/www.organisator.ch\/fr\/general\/2021-08-31\/oberstufe-gymnasien-und-berufsschulen-projektidee-mit-umweltrelevanz-umsetzen\/\" \/>\n<meta property=\"og:site_name\" content=\"Organisator\" \/>\n<meta property=\"article:publisher\" content=\"https:\/\/www.facebook.com\/OrganisatorFachmagazin\" \/>\n<meta property=\"article:published_time\" content=\"2021-08-31T05:50:51+00:00\" \/>\n<meta property=\"og:image\" content=\"https:\/\/www.organisator.ch\/wp-content\/uploads\/2021\/08\/Bild_korr.png\" \/>\n\t<meta property=\"og:image:width\" content=\"625\" \/>\n\t<meta property=\"og:image:height\" content=\"422\" \/>\n\t<meta property=\"og:image:type\" content=\"image\/png\" \/>\n<meta name=\"author\" content=\"roger.straessle\" \/>\n<meta name=\"twitter:card\" content=\"summary_large_image\" \/>\n<script type=\"application\/ld+json\" class=\"yoast-schema-graph\">{\"@context\":\"https:\\\/\\\/schema.org\",\"@graph\":[{\"@type\":\"Article\",\"@id\":\"https:\\\/\\\/www.organisator.ch\\\/it\\\/generale\\\/2021-08-31\\\/oberstufe-gymnasien-und-berufsschulen-projektidee-mit-umweltrelevanz-umsetzen\\\/#article\",\"isPartOf\":{\"@id\":\"https:\\\/\\\/www.organisator.ch\\\/it\\\/generale\\\/2021-08-31\\\/oberstufe-gymnasien-und-berufsschulen-projektidee-mit-umweltrelevanz-umsetzen\\\/\"},\"author\":{\"name\":\"roger.straessle\",\"@id\":\"https:\\\/\\\/www.organisator.ch\\\/#\\\/schema\\\/person\\\/a800b8c54e208b160517a7dcc323161d\"},\"headline\":\"Oberstufe, Gymnasien und Berufsschulen: Projektidee mit Umweltrelevanz\",\"datePublished\":\"2021-08-31T05:50:51+00:00\",\"mainEntityOfPage\":{\"@id\":\"https:\\\/\\\/www.organisator.ch\\\/it\\\/generale\\\/2021-08-31\\\/oberstufe-gymnasien-und-berufsschulen-projektidee-mit-umweltrelevanz-umsetzen\\\/\"},\"wordCount\":140,\"publisher\":{\"@id\":\"https:\\\/\\\/www.organisator.ch\\\/#organization\"},\"image\":{\"@id\":\"https:\\\/\\\/www.organisator.ch\\\/it\\\/generale\\\/2021-08-31\\\/oberstufe-gymnasien-und-berufsschulen-projektidee-mit-umweltrelevanz-umsetzen\\\/#primaryimage\"},\"thumbnailUrl\":\"https:\\\/\\\/www.organisator.ch\\\/wp-content\\\/uploads\\\/2021\\\/08\\\/Bild_korr.png\",\"keywords\":[\"Umwelt Arena Schweiz\",\"Umweltbildung\",\"Workshop\"],\"articleSection\":[\"Allgemein\"],\"inLanguage\":\"fr-FR\"},{\"@type\":\"WebPage\",\"@id\":\"https:\\\/\\\/www.organisator.ch\\\/it\\\/generale\\\/2021-08-31\\\/oberstufe-gymnasien-und-berufsschulen-projektidee-mit-umweltrelevanz-umsetzen\\\/\",\"url\":\"https:\\\/\\\/www.organisator.ch\\\/it\\\/generale\\\/2021-08-31\\\/oberstufe-gymnasien-und-berufsschulen-projektidee-mit-umweltrelevanz-umsetzen\\\/\",\"name\":\"- Organisator\",\"isPartOf\":{\"@id\":\"https:\\\/\\\/www.organisator.ch\\\/#website\"},\"primaryImageOfPage\":{\"@id\":\"https:\\\/\\\/www.organisator.ch\\\/it\\\/generale\\\/2021-08-31\\\/oberstufe-gymnasien-und-berufsschulen-projektidee-mit-umweltrelevanz-umsetzen\\\/#primaryimage\"},\"image\":{\"@id\":\"https:\\\/\\\/www.organisator.ch\\\/it\\\/generale\\\/2021-08-31\\\/oberstufe-gymnasien-und-berufsschulen-projektidee-mit-umweltrelevanz-umsetzen\\\/#primaryimage\"},\"thumbnailUrl\":\"https:\\\/\\\/www.organisator.ch\\\/wp-content\\\/uploads\\\/2021\\\/08\\\/Bild_korr.png\",\"datePublished\":\"2021-08-31T05:50:51+00:00\",\"description\":\"Die Umwelt Arena Schweiz in Spreitenbach AG bietet Workshops mit Umweltrelevanz f\u00fcr Oberstufe, Gymnasien und Berufsschulen kostenlos an\",\"breadcrumb\":{\"@id\":\"https:\\\/\\\/www.organisator.ch\\\/it\\\/generale\\\/2021-08-31\\\/oberstufe-gymnasien-und-berufsschulen-projektidee-mit-umweltrelevanz-umsetzen\\\/#breadcrumb\"},\"inLanguage\":\"fr-FR\",\"potentialAction\":[{\"@type\":\"ReadAction\",\"target\":[\"https:\\\/\\\/www.organisator.ch\\\/it\\\/generale\\\/2021-08-31\\\/oberstufe-gymnasien-und-berufsschulen-projektidee-mit-umweltrelevanz-umsetzen\\\/\"]}]},{\"@type\":\"ImageObject\",\"inLanguage\":\"fr-FR\",\"@id\":\"https:\\\/\\\/www.organisator.ch\\\/it\\\/generale\\\/2021-08-31\\\/oberstufe-gymnasien-und-berufsschulen-projektidee-mit-umweltrelevanz-umsetzen\\\/#primaryimage\",\"url\":\"https:\\\/\\\/www.organisator.ch\\\/wp-content\\\/uploads\\\/2021\\\/08\\\/Bild_korr.png\",\"contentUrl\":\"https:\\\/\\\/www.organisator.ch\\\/wp-content\\\/uploads\\\/2021\\\/08\\\/Bild_korr.png\",\"width\":625,\"height\":422,\"caption\":\"\u00a9 zVg\"},{\"@type\":\"BreadcrumbList\",\"@id\":\"https:\\\/\\\/www.organisator.ch\\\/it\\\/generale\\\/2021-08-31\\\/oberstufe-gymnasien-und-berufsschulen-projektidee-mit-umweltrelevanz-umsetzen\\\/#breadcrumb\",\"itemListElement\":[{\"@type\":\"ListItem\",\"position\":1,\"name\":\"Home\",\"item\":\"https:\\\/\\\/www.organisator.ch\\\/\"},{\"@type\":\"ListItem\",\"position\":2,\"name\":\"Oberstufe, Gymnasien und Berufsschulen: Projektidee mit Umweltrelevanz\"}]},{\"@type\":\"WebSite\",\"@id\":\"https:\\\/\\\/www.organisator.ch\\\/#website\",\"url\":\"https:\\\/\\\/www.organisator.ch\\\/\",\"name\":\"Organisator\",\"description\":\"Kompetent. Praxisnah. Der ORGANISATOR bereitet in 10 Ausgaben pro Jahr die wesentlichen Themen f\u00fcr F\u00fchrungskr\u00e4fte von KMU auf.\",\"publisher\":{\"@id\":\"https:\\\/\\\/www.organisator.ch\\\/#organization\"},\"potentialAction\":[{\"@type\":\"SearchAction\",\"target\":{\"@type\":\"EntryPoint\",\"urlTemplate\":\"https:\\\/\\\/www.organisator.ch\\\/?s={search_term_string}\"},\"query-input\":{\"@type\":\"PropertyValueSpecification\",\"valueRequired\":true,\"valueName\":\"search_term_string\"}}],\"inLanguage\":\"fr-FR\"},{\"@type\":\"Organization\",\"@id\":\"https:\\\/\\\/www.organisator.ch\\\/#organization\",\"name\":\"Organisator\",\"url\":\"https:\\\/\\\/www.organisator.ch\\\/\",\"logo\":{\"@type\":\"ImageObject\",\"inLanguage\":\"fr-FR\",\"@id\":\"https:\\\/\\\/www.organisator.ch\\\/#\\\/schema\\\/logo\\\/image\\\/\",\"url\":\"https:\\\/\\\/www.organisator.ch\\\/wp-content\\\/uploads\\\/2022\\\/01\\\/Logo_Organisator_Website.png\",\"contentUrl\":\"https:\\\/\\\/www.organisator.ch\\\/wp-content\\\/uploads\\\/2022\\\/01\\\/Logo_Organisator_Website.png\",\"width\":800,\"height\":77,\"caption\":\"Organisator\"},\"image\":{\"@id\":\"https:\\\/\\\/www.organisator.ch\\\/#\\\/schema\\\/logo\\\/image\\\/\"},\"sameAs\":[\"https:\\\/\\\/www.facebook.com\\\/OrganisatorFachmagazin\",\"https:\\\/\\\/www.linkedin.com\\\/showcase\\\/organisator-das-magazin-fr-kmu\",\"https:\\\/\\\/www.xing.com\\\/news\\\/pages\\\/organisator-ch-695\",\"https:\\\/\\\/www.youtube.com\\\/channel\\\/UCGP2Sq0iWaZwT3BdIAQFYpw\"]},{\"@type\":\"Person\",\"@id\":\"https:\\\/\\\/www.organisator.ch\\\/#\\\/schema\\\/person\\\/a800b8c54e208b160517a7dcc323161d\",\"name\":\"roger.straessle\",\"image\":{\"@type\":\"ImageObject\",\"inLanguage\":\"fr-FR\",\"@id\":\"https:\\\/\\\/secure.gravatar.com\\\/avatar\\\/?s=96&d=mm&r=g\",\"url\":\"https:\\\/\\\/secure.gravatar.com\\\/avatar\\\/?s=96&d=mm&r=g\",\"contentUrl\":\"https:\\\/\\\/secure.gravatar.com\\\/avatar\\\/?s=96&d=mm&r=g\",\"caption\":\"roger.straessle\"},\"url\":\"https:\\\/\\\/www.organisator.ch\\\/fr\\\/author\\\/roger-straessle\\\/\"}]}<\/script>\n<!-- \/ Yoast SEO plugin. -->","yoast_head_json":{"title":"- Organisateur","description":"L'Ar\u00e8ne de l'Environnement Suisse \u00e0 Spreitenbach (AG) propose gratuitement des ateliers sur l'environnement pour les \u00e9coles secondaires, les gymnases et les \u00e9coles professionnelles.","robots":{"index":"index","follow":"follow","max-snippet":"max-snippet:-1","max-image-preview":"max-image-preview:large","max-video-preview":"max-video-preview:-1"},"canonical":"https:\/\/www.organisator.ch\/fr\/general\/2021-08-31\/oberstufe-gymnasien-und-berufsschulen-projektidee-mit-umweltrelevanz-umsetzen\/","og_locale":"fr_FR","og_type":"article","og_title":"- Organisator","og_description":"Die Umwelt Arena Schweiz in Spreitenbach AG bietet Workshops mit Umweltrelevanz f\u00fcr Oberstufe, Gymnasien und Berufsschulen kostenlos an","og_url":"https:\/\/www.organisator.ch\/fr\/general\/2021-08-31\/oberstufe-gymnasien-und-berufsschulen-projektidee-mit-umweltrelevanz-umsetzen\/","og_site_name":"Organisator","article_publisher":"https:\/\/www.facebook.com\/OrganisatorFachmagazin","article_published_time":"2021-08-31T05:50:51+00:00","og_image":[{"width":625,"height":422,"url":"https:\/\/www.organisator.ch\/wp-content\/uploads\/2021\/08\/Bild_korr.png","type":"image\/png"}],"author":"roger.straessle","twitter_card":"summary_large_image","schema":{"@context":"https:\/\/schema.org","@graph":[{"@type":"Article","@id":"https:\/\/www.organisator.ch\/it\/generale\/2021-08-31\/oberstufe-gymnasien-und-berufsschulen-projektidee-mit-umweltrelevanz-umsetzen\/#article","isPartOf":{"@id":"https:\/\/www.organisator.ch\/it\/generale\/2021-08-31\/oberstufe-gymnasien-und-berufsschulen-projektidee-mit-umweltrelevanz-umsetzen\/"},"author":{"name":"roger.straessle","@id":"https:\/\/www.organisator.ch\/#\/schema\/person\/a800b8c54e208b160517a7dcc323161d"},"headline":"Oberstufe, Gymnasien und Berufsschulen: Projektidee mit Umweltrelevanz","datePublished":"2021-08-31T05:50:51+00:00","mainEntityOfPage":{"@id":"https:\/\/www.organisator.ch\/it\/generale\/2021-08-31\/oberstufe-gymnasien-und-berufsschulen-projektidee-mit-umweltrelevanz-umsetzen\/"},"wordCount":140,"publisher":{"@id":"https:\/\/www.organisator.ch\/#organization"},"image":{"@id":"https:\/\/www.organisator.ch\/it\/generale\/2021-08-31\/oberstufe-gymnasien-und-berufsschulen-projektidee-mit-umweltrelevanz-umsetzen\/#primaryimage"},"thumbnailUrl":"https:\/\/www.organisator.ch\/wp-content\/uploads\/2021\/08\/Bild_korr.png","keywords":["Umwelt Arena Schweiz","Umweltbildung","Workshop"],"articleSection":["Allgemein"],"inLanguage":"fr-FR"},{"@type":"WebPage","@id":"https:\/\/www.organisator.ch\/it\/generale\/2021-08-31\/oberstufe-gymnasien-und-berufsschulen-projektidee-mit-umweltrelevanz-umsetzen\/","url":"https:\/\/www.organisator.ch\/it\/generale\/2021-08-31\/oberstufe-gymnasien-und-berufsschulen-projektidee-mit-umweltrelevanz-umsetzen\/","name":"- Organisateur","isPartOf":{"@id":"https:\/\/www.organisator.ch\/#website"},"primaryImageOfPage":{"@id":"https:\/\/www.organisator.ch\/it\/generale\/2021-08-31\/oberstufe-gymnasien-und-berufsschulen-projektidee-mit-umweltrelevanz-umsetzen\/#primaryimage"},"image":{"@id":"https:\/\/www.organisator.ch\/it\/generale\/2021-08-31\/oberstufe-gymnasien-und-berufsschulen-projektidee-mit-umweltrelevanz-umsetzen\/#primaryimage"},"thumbnailUrl":"https:\/\/www.organisator.ch\/wp-content\/uploads\/2021\/08\/Bild_korr.png","datePublished":"2021-08-31T05:50:51+00:00","description":"L'Ar\u00e8ne de l'Environnement Suisse \u00e0 Spreitenbach (AG) propose gratuitement des ateliers sur l'environnement pour les \u00e9coles secondaires, les gymnases et les \u00e9coles professionnelles.","breadcrumb":{"@id":"https:\/\/www.organisator.ch\/it\/generale\/2021-08-31\/oberstufe-gymnasien-und-berufsschulen-projektidee-mit-umweltrelevanz-umsetzen\/#breadcrumb"},"inLanguage":"fr-FR","potentialAction":[{"@type":"ReadAction","target":["https:\/\/www.organisator.ch\/it\/generale\/2021-08-31\/oberstufe-gymnasien-und-berufsschulen-projektidee-mit-umweltrelevanz-umsetzen\/"]}]},{"@type":"ImageObject","inLanguage":"fr-FR","@id":"https:\/\/www.organisator.ch\/it\/generale\/2021-08-31\/oberstufe-gymnasien-und-berufsschulen-projektidee-mit-umweltrelevanz-umsetzen\/#primaryimage","url":"https:\/\/www.organisator.ch\/wp-content\/uploads\/2021\/08\/Bild_korr.png","contentUrl":"https:\/\/www.organisator.ch\/wp-content\/uploads\/2021\/08\/Bild_korr.png","width":625,"height":422,"caption":"\u00a9 zVg"},{"@type":"BreadcrumbList","@id":"https:\/\/www.organisator.ch\/it\/generale\/2021-08-31\/oberstufe-gymnasien-und-berufsschulen-projektidee-mit-umweltrelevanz-umsetzen\/#breadcrumb","itemListElement":[{"@type":"ListItem","position":1,"name":"Home","item":"https:\/\/www.organisator.ch\/"},{"@type":"ListItem","position":2,"name":"Oberstufe, Gymnasien und Berufsschulen: Projektidee mit Umweltrelevanz"}]},{"@type":"WebSite","@id":"https:\/\/www.organisator.ch\/#website","url":"https:\/\/www.organisator.ch\/","name":"Organisateur","description":"Comp\u00e9tence et comp\u00e9tence. Proches de la pratique. L'ORGANISATEUR pr\u00e9pare 10 num\u00e9ros par an sur les th\u00e8mes essentiels pour les dirigeants de PME.","publisher":{"@id":"https:\/\/www.organisator.ch\/#organization"},"potentialAction":[{"@type":"SearchAction","target":{"@type":"EntryPoint","urlTemplate":"https:\/\/www.organisator.ch\/?s={search_term_string}"},"query-input":{"@type":"PropertyValueSpecification","valueRequired":true,"valueName":"search_term_string"}}],"inLanguage":"fr-FR"},{"@type":"Organization","@id":"https:\/\/www.organisator.ch\/#organization","name":"Organisateur","url":"https:\/\/www.organisator.ch\/","logo":{"@type":"ImageObject","inLanguage":"fr-FR","@id":"https:\/\/www.organisator.ch\/#\/schema\/logo\/image\/","url":"https:\/\/www.organisator.ch\/wp-content\/uploads\/2022\/01\/Logo_Organisator_Website.png","contentUrl":"https:\/\/www.organisator.ch\/wp-content\/uploads\/2022\/01\/Logo_Organisator_Website.png","width":800,"height":77,"caption":"Organisator"},"image":{"@id":"https:\/\/www.organisator.ch\/#\/schema\/logo\/image\/"},"sameAs":["https:\/\/www.facebook.com\/OrganisatorFachmagazin","https:\/\/www.linkedin.com\/showcase\/organisator-das-magazin-fr-kmu","https:\/\/www.xing.com\/news\/pages\/organisator-ch-695","https:\/\/www.youtube.com\/channel\/UCGP2Sq0iWaZwT3BdIAQFYpw"]},{"@type":"Person","@id":"https:\/\/www.organisator.ch\/#\/schema\/person\/a800b8c54e208b160517a7dcc323161d","name":"roger.straessle","image":{"@type":"ImageObject","inLanguage":"fr-FR","@id":"https:\/\/secure.gravatar.com\/avatar\/?s=96&d=mm&r=g","url":"https:\/\/secure.gravatar.com\/avatar\/?s=96&d=mm&r=g","contentUrl":"https:\/\/secure.gravatar.com\/avatar\/?s=96&d=mm&r=g","caption":"roger.straessle"},"url":"https:\/\/www.organisator.ch\/fr\/author\/roger-straessle\/"}]}},"_links":{"self":[{"href":"https:\/\/www.organisator.ch\/fr\/wp-json\/wp\/v2\/posts\/10315","targetHints":{"allow":["GET"]}}],"collection":[{"href":"https:\/\/www.organisator.ch\/fr\/wp-json\/wp\/v2\/posts"}],"about":[{"href":"https:\/\/www.organisator.ch\/fr\/wp-json\/wp\/v2\/types\/post"}],"author":[{"embeddable":true,"href":"https:\/\/www.organisator.ch\/fr\/wp-json\/wp\/v2\/users\/6"}],"replies":[{"embeddable":true,"href":"https:\/\/www.organisator.ch\/fr\/wp-json\/wp\/v2\/comments?post=10315"}],"version-history":[{"count":0,"href":"https:\/\/www.organisator.ch\/fr\/wp-json\/wp\/v2\/posts\/10315\/revisions"}],"wp:featuredmedia":[{"embeddable":true,"href":"https:\/\/www.organisator.ch\/fr\/wp-json\/wp\/v2\/media\/4760"}],"wp:attachment":[{"href":"https:\/\/www.organisator.ch\/fr\/wp-json\/wp\/v2\/media?parent=10315"}],"wp:term":[{"taxonomy":"category","embeddable":true,"href":"https:\/\/www.organisator.ch\/fr\/wp-json\/wp\/v2\/categories?post=10315"},{"taxonomy":"post_tag","embeddable":true,"href":"https:\/\/www.organisator.ch\/fr\/wp-json\/wp\/v2\/tags?post=10315"}],"curies":[{"name":"wp","href":"https:\/\/api.w.org\/{rel}","templated":true}]}}