{"id":10324,"date":"2021-09-15T11:01:51","date_gmt":"2021-09-15T09:01:51","guid":{"rendered":"https:\/\/www.umweltperspektiven.ch\/?p=4881"},"modified":"2022-02-09T11:09:52","modified_gmt":"2022-02-09T10:09:52","slug":"normungsroadmap-circular-economy-gestartet","status":"publish","type":"post","link":"https:\/\/www.organisator.ch\/fr\/sustainability\/2021-09-15\/normungsroadmap-circular-economy-gestartet\/","title":{"rendered":"Lancement de la feuille de route pour la normalisation Circular Economy"},"content":{"rendered":"<figure id=\"attachment_4882\" aria-describedby=\"caption-attachment-4882\" style=\"width: 680px\" class=\"wp-caption aligncenter\"><img loading=\"lazy\" decoding=\"async\" class=\"wp-image-4882 size-medium\" src=\"\/\/www.umweltperspektiven.ch\/wp-content\/uploads\/2021\/09\/Depositphotos_133297426_s-2019.jpg\" alt=\"\u00c9conomie circulaire, \u00e9conomie circulaire, feuille de route pour la normalisation\" width=\"680\" height=\"454\" srcset=\"https:\/\/www.organisator.ch\/wp-content\/uploads\/2021\/09\/Depositphotos_133297426_s-2019.jpg 1000w, https:\/\/www.organisator.ch\/wp-content\/uploads\/2021\/09\/Depositphotos_133297426_s-2019-680x454.jpg 680w, https:\/\/www.organisator.ch\/wp-content\/uploads\/2021\/09\/Depositphotos_133297426_s-2019-768x512.jpg 768w, https:\/\/www.organisator.ch\/wp-content\/uploads\/2021\/09\/Depositphotos_133297426_s-2019-18x12.jpg 18w, https:\/\/www.organisator.ch\/wp-content\/uploads\/2021\/09\/Depositphotos_133297426_s-2019-262x175.jpg 262w, https:\/\/www.organisator.ch\/wp-content\/uploads\/2021\/09\/Depositphotos_133297426_s-2019-525x350.jpg 525w, https:\/\/www.organisator.ch\/wp-content\/uploads\/2021\/09\/Depositphotos_133297426_s-2019-920x614.jpg 920w, https:\/\/www.organisator.ch\/wp-content\/uploads\/2021\/09\/Depositphotos_133297426_s-2019-300x200.jpg 300w\" sizes=\"auto, (max-width: 680px) 100vw, 680px\" \/><figcaption id=\"caption-attachment-4882\" class=\"wp-caption-text\">Depositphotos, bruesw<\/figcaption><\/figure>\n<p>La feuille de route de la normalisation doit donner une vue d'ensemble du statu quo de la normalisation dans le domaine de l'\u00e9conomie circulaire (\"Circular Economy\"), d\u00e9crire les exigences et les d\u00e9fis pour sept th\u00e8mes prioritaires et identifier et formuler les besoins d'action concrets pour les futures normes et standards. C'est ce qui ressort du communiqu\u00e9 de presse des organismes de normalisation publi\u00e9 le 15 septembre 2021.<\/p>\n<p>Par exemple, les normes et standards n'ont pas encore d\u00e9fini d'exigences concernant les plastiques recycl\u00e9s pour la fabrication de nouveaux produits. De telles exigences pourraient conduire \u00e0 une plus grande utilisation des mati\u00e8res recycl\u00e9es, explique-t-on. La feuille de route pour la normalisation doit permettre d'identifier et de combler ces lacunes afin de s'orienter davantage vers une \u00e9conomie circulaire. L'Institut allemand de normalisation invite \u00e0 cette fin\u00a0<a href=\"\/\/www.din.de\/\">(DIN<\/a>), les\u00a0<a href=\"\/\/www.dke.de\/\">DKE<\/a>\u00a0(Deutsche Kommission Elektrotechnik Elektronik Informationstechnik in DIN und VDE) ainsi que l'association des ing\u00e9nieurs allemands (<a href=\"\/\/www.vdi.de\/\">VDI<\/a>) invite tous les experts int\u00e9ress\u00e9s par l'\u00e9conomie circulaire \u00e0 apporter leurs id\u00e9es et leurs besoins et \u00e0 accompagner ainsi activement la voie vers une \u00e9conomie circulaire.<\/p>\n<h2>Saisir strat\u00e9giquement les besoins en mati\u00e8re de normalisation<\/h2>\n<p>La ministre f\u00e9d\u00e9rale de l'Environnement Svenja Schulze : \"Si l'on prend au s\u00e9rieux l'id\u00e9e d'une \u00e9conomie circulaire, il faut prendre en consid\u00e9ration l'ensemble du cycle de vie des produits - de la conception du produit et de sa recyclabilit\u00e9 \u00e0 l'utilisation de mat\u00e9riaux recycl\u00e9s. Les normes et les standards qui sont respect\u00e9s de mani\u00e8re s\u00fbre et compr\u00e9hensible jouent un grand r\u00f4le \u00e0 cet \u00e9gard. Si tous les acteurs de la cha\u00eene de cr\u00e9ation de valeur peuvent se fier \u00e0 de telles normes, il sera plus facile de boucler les cycles et de pr\u00e9server ainsi le climat et l'environnement\". Christoph Winterhalter, pr\u00e9sident du conseil d'administration du DIN : \"Avec la feuille de route de la normalisation, nous allons recenser de mani\u00e8re strat\u00e9gique les besoins futurs en mati\u00e8re de normalisation et formuler des recommandations d'action concr\u00e8tes pour l'\u00e9tablissement de r\u00e8gles techniques. C'est une \u00e9tape importante pour faire avancer la transformation verte de l'Allemagne et de l'Europe\".<\/p>\n<p>Michael Teigeler, directeur de DKE, souligne l'utilit\u00e9 de la normalisation : \"Les normes et les standards assurent une communication claire entre les diff\u00e9rents acteurs du march\u00e9 dans le circuit et rendent ainsi possible un circuit sans faille. En outre, elles favorisent une large acceptation sociale des produits circulaires et augmentent la rentabilit\u00e9 qui y est associ\u00e9e\".<\/p>\n<h2><strong>Sept th\u00e8mes principaux<\/strong><\/h2>\n<p>La feuille de route pour la normalisation Circular Economy met l'accent sur sept th\u00e8mes prioritaires :<\/p>\n<ul>\n<li>\u00c9lectrotechnique &amp; TIC<\/li>\n<li>Piles<\/li>\n<li>Emballages<\/li>\n<li>Mati\u00e8res plastiques<\/li>\n<li>Textiles<\/li>\n<li>B\u00e2timents et communes<\/li>\n<li>Num\u00e9risation\/mod\u00e8les d'entreprise\/management<\/li>\n<\/ul>\n<p>Celles-ci s'orientent sur les th\u00e8mes prioritaires du plan d'action pour l'\u00e9conomie circulaire de l'UE.<\/p>\n<h2><strong>Plate-forme de collaboration pour les professionnels int\u00e9ress\u00e9s\u00a0<\/strong><\/h2>\n<p>\"Pour l'\u00e9laboration de la feuille de route, nous r\u00e9unissons autour d'une m\u00eame table des repr\u00e9sentants de l'\u00e9conomie, de la science, des pouvoirs publics et de la soci\u00e9t\u00e9 civile. Nous souhaitons donc inviter les experts de l'\u00e9conomie circulaire \u00e0 participer aux sept groupes de travail \u00e0 partir de janvier 2022 et \u00e0 soumettre leurs id\u00e9es \u00e0 la discussion\", explique le Dr. Hans-J\u00fcrgen Sch\u00e4fer, directeur de la soci\u00e9t\u00e9 VDI Materials Engineering. Lors d'une r\u00e9union de lancement le 21 octobre 2021, le DIN, la DKE et la VDI pr\u00e9senteront plus en d\u00e9tail le projet et les th\u00e8mes prioritaires choisis et r\u00e9pondront aux questions sur la participation. Les sp\u00e9cialistes int\u00e9ress\u00e9s peuvent d\u00e8s \u00e0 pr\u00e9sent s'inscrire sur la plateforme de collaboration\u00a0<a href=\"\/\/din.one\/\">DIN.ONE<\/a>\u00a0s'inscrire et recevoir ainsi r\u00e9guli\u00e8rement des informations sur le projet. La publication de la feuille de route de normalisation Circular Economy est pr\u00e9vue pour d\u00e9cembre 2022, comme le pr\u00e9cise le communiqu\u00e9 de presse.<\/p>\n<p><em>Source : DIN<\/em><\/p>\n<blockquote><p><strong>Coordination<\/strong><\/p>\n<p>Le comit\u00e9 consultatif Circular Economy du DIN et du DKE au sein du bureau de coordination pour la protection de l'environnement (KU) coordonne les travaux sur la feuille de route de la normalisation. Il regroupe des leaders et des experts issus d'associations \u00e9conomiques, d'organisations de la soci\u00e9t\u00e9 civile, de la science et d'instituts de recherche ainsi que des pouvoirs publics. Le pr\u00e9sident du comit\u00e9 consultatif est le Dr. jur. Helge Wendenburg, directeur minist\u00e9riel, anciennement minist\u00e8re f\u00e9d\u00e9ral de l'Environnement, de la Protection de la nature et de la S\u00e9curit\u00e9 nucl\u00e9aire. Les vice-pr\u00e9sidents sont le Dr Anna Braune, directrice du d\u00e9partement R&amp;D, Deutsche Gesellschaft f\u00fcr Nachhaltiges Bauen DGNB e. V. et le Dr Jens Giegerich, Manager Technical Regulatory Affairs, Vorwerk Elektrowerke GmbH &amp; Co. KG.<\/p><\/blockquote>\n<p><em><strong>Autres th\u00e8mes :<\/strong><\/em><\/p>\n<p><a href=\"\/\/www.umweltperspektiven.ch\/kreislaufwirtschaft-zertifizierer-lancieren-neues-label\/\"><em>\u00c9conomie circulaire : les certificateurs lancent un nouveau label<\/em><\/a><\/p>\n<p><em><a href=\"\/\/www.umweltperspektiven.ch\/mischabbruch-im-kreislauf-eine-innovation\/\">La d\u00e9molition mixte en circuit ferm\u00e9 - une innovation<\/a><\/em><\/p>","protected":false},"excerpt":{"rendered":"<p>Die Normungs-Roadmap soll einen \u00dcberblick \u00fcber den Status quo der Normung im Bereich Kreislaufwirtschaft (\u201eCircular Economy\u201c) geben, Anforderungen und Herausforderungen f\u00fcr sieben Schwerpunktthemen beschreiben und die konkreten Handlungsbedarfe f\u00fcr zuk\u00fcnftige Normen und Standards identifizieren und formulieren. Das geht aus der am 15. September 2021 ver\u00f6ffentlichten Pressemeldung der Normungsgremien hervor. Zum Beispiel seien in Normen und [&hellip;]<\/p>\n","protected":false},"author":6,"featured_media":4882,"comment_status":"closed","ping_status":"closed","sticky":false,"template":"","format":"standard","meta":{"_acf_changed":false,"_yoast_wpseo_focuskw":"Circular Economy","_yoast_wpseo_metadesc":"Gemeinsam mit dem BMU haben das Deutsche Institut f\u00fcr Normung (DIN) und andere die Arbeit an der Normungsroadmap Circular Economy gestartet.","articlekey":"","footnotes":""},"categories":[580],"tags":[913,594,1846],"class_list":["post-10324","post","type-post","status-publish","format-standard","has-post-thumbnail","hentry","category-sustainability","tag-circular-economy","tag-kreislaufwirtschaft","tag-normungsroadmap"],"acf":[],"yoast_head":"<!-- This site is optimized with the Yoast SEO plugin v27.4 - https:\/\/yoast.com\/product\/yoast-seo-wordpress\/ -->\n<title>Normungs-Roadmap Circular Economy gestartet - Organisator<\/title>\n<meta name=\"description\" content=\"Gemeinsam mit dem BMU haben das Deutsche Institut f\u00fcr Normung (DIN) und andere die Arbeit an der Normungsroadmap Circular Economy gestartet.\" \/>\n<meta name=\"robots\" content=\"index, follow, max-snippet:-1, max-image-preview:large, max-video-preview:-1\" \/>\n<link rel=\"canonical\" href=\"https:\/\/www.organisator.ch\/fr\/sustainability\/2021-09-15\/normungsroadmap-circular-economy-gestartet\/\" \/>\n<meta property=\"og:locale\" content=\"fr_FR\" \/>\n<meta property=\"og:type\" content=\"article\" \/>\n<meta property=\"og:title\" content=\"Normungs-Roadmap Circular Economy gestartet - Organisator\" \/>\n<meta property=\"og:description\" content=\"Gemeinsam mit dem BMU haben das Deutsche Institut f\u00fcr Normung (DIN) und andere die Arbeit an der Normungsroadmap Circular Economy gestartet.\" \/>\n<meta property=\"og:url\" content=\"https:\/\/www.organisator.ch\/fr\/sustainability\/2021-09-15\/normungsroadmap-circular-economy-gestartet\/\" \/>\n<meta property=\"og:site_name\" content=\"Organisator\" \/>\n<meta property=\"article:publisher\" content=\"https:\/\/www.facebook.com\/OrganisatorFachmagazin\" \/>\n<meta property=\"article:published_time\" content=\"2021-09-15T09:01:51+00:00\" \/>\n<meta property=\"article:modified_time\" content=\"2022-02-09T10:09:52+00:00\" \/>\n<meta property=\"og:image\" content=\"https:\/\/www.organisator.ch\/wp-content\/uploads\/2021\/09\/Depositphotos_133297426_s-2019.jpg\" \/>\n\t<meta property=\"og:image:width\" content=\"1000\" \/>\n\t<meta property=\"og:image:height\" content=\"667\" \/>\n\t<meta property=\"og:image:type\" content=\"image\/jpeg\" \/>\n<meta name=\"author\" content=\"roger.straessle\" \/>\n<meta name=\"twitter:card\" content=\"summary_large_image\" \/>\n<script type=\"application\/ld+json\" class=\"yoast-schema-graph\">{\"@context\":\"https:\\\/\\\/schema.org\",\"@graph\":[{\"@type\":\"Article\",\"@id\":\"https:\\\/\\\/www.organisator.ch\\\/sustainability\\\/2021-09-15\\\/normungsroadmap-circular-economy-gestartet\\\/#article\",\"isPartOf\":{\"@id\":\"https:\\\/\\\/www.organisator.ch\\\/sustainability\\\/2021-09-15\\\/normungsroadmap-circular-economy-gestartet\\\/\"},\"author\":{\"name\":\"roger.straessle\",\"@id\":\"https:\\\/\\\/www.organisator.ch\\\/#\\\/schema\\\/person\\\/a800b8c54e208b160517a7dcc323161d\"},\"headline\":\"Normungs-Roadmap Circular Economy gestartet\",\"datePublished\":\"2021-09-15T09:01:51+00:00\",\"dateModified\":\"2022-02-09T10:09:52+00:00\",\"mainEntityOfPage\":{\"@id\":\"https:\\\/\\\/www.organisator.ch\\\/sustainability\\\/2021-09-15\\\/normungsroadmap-circular-economy-gestartet\\\/\"},\"wordCount\":618,\"publisher\":{\"@id\":\"https:\\\/\\\/www.organisator.ch\\\/#organization\"},\"image\":{\"@id\":\"https:\\\/\\\/www.organisator.ch\\\/sustainability\\\/2021-09-15\\\/normungsroadmap-circular-economy-gestartet\\\/#primaryimage\"},\"thumbnailUrl\":\"https:\\\/\\\/www.organisator.ch\\\/wp-content\\\/uploads\\\/2021\\\/09\\\/Depositphotos_133297426_s-2019.jpg\",\"keywords\":[\"Circular Economy\",\"Kreislaufwirtschaft\",\"Normungsroadmap\"],\"articleSection\":[\"SUSTAINABILITY\"],\"inLanguage\":\"fr-FR\"},{\"@type\":\"WebPage\",\"@id\":\"https:\\\/\\\/www.organisator.ch\\\/sustainability\\\/2021-09-15\\\/normungsroadmap-circular-economy-gestartet\\\/\",\"url\":\"https:\\\/\\\/www.organisator.ch\\\/sustainability\\\/2021-09-15\\\/normungsroadmap-circular-economy-gestartet\\\/\",\"name\":\"Normungs-Roadmap Circular Economy gestartet - Organisator\",\"isPartOf\":{\"@id\":\"https:\\\/\\\/www.organisator.ch\\\/#website\"},\"primaryImageOfPage\":{\"@id\":\"https:\\\/\\\/www.organisator.ch\\\/sustainability\\\/2021-09-15\\\/normungsroadmap-circular-economy-gestartet\\\/#primaryimage\"},\"image\":{\"@id\":\"https:\\\/\\\/www.organisator.ch\\\/sustainability\\\/2021-09-15\\\/normungsroadmap-circular-economy-gestartet\\\/#primaryimage\"},\"thumbnailUrl\":\"https:\\\/\\\/www.organisator.ch\\\/wp-content\\\/uploads\\\/2021\\\/09\\\/Depositphotos_133297426_s-2019.jpg\",\"datePublished\":\"2021-09-15T09:01:51+00:00\",\"dateModified\":\"2022-02-09T10:09:52+00:00\",\"description\":\"Gemeinsam mit dem BMU haben das Deutsche Institut f\u00fcr Normung (DIN) und andere die Arbeit an der Normungsroadmap Circular Economy gestartet.\",\"breadcrumb\":{\"@id\":\"https:\\\/\\\/www.organisator.ch\\\/sustainability\\\/2021-09-15\\\/normungsroadmap-circular-economy-gestartet\\\/#breadcrumb\"},\"inLanguage\":\"fr-FR\",\"potentialAction\":[{\"@type\":\"ReadAction\",\"target\":[\"https:\\\/\\\/www.organisator.ch\\\/sustainability\\\/2021-09-15\\\/normungsroadmap-circular-economy-gestartet\\\/\"]}]},{\"@type\":\"ImageObject\",\"inLanguage\":\"fr-FR\",\"@id\":\"https:\\\/\\\/www.organisator.ch\\\/sustainability\\\/2021-09-15\\\/normungsroadmap-circular-economy-gestartet\\\/#primaryimage\",\"url\":\"https:\\\/\\\/www.organisator.ch\\\/wp-content\\\/uploads\\\/2021\\\/09\\\/Depositphotos_133297426_s-2019.jpg\",\"contentUrl\":\"https:\\\/\\\/www.organisator.ch\\\/wp-content\\\/uploads\\\/2021\\\/09\\\/Depositphotos_133297426_s-2019.jpg\",\"width\":1000,\"height\":667,\"caption\":\"\u00a9 Depositphotos, bruesw\"},{\"@type\":\"BreadcrumbList\",\"@id\":\"https:\\\/\\\/www.organisator.ch\\\/sustainability\\\/2021-09-15\\\/normungsroadmap-circular-economy-gestartet\\\/#breadcrumb\",\"itemListElement\":[{\"@type\":\"ListItem\",\"position\":1,\"name\":\"Home\",\"item\":\"https:\\\/\\\/www.organisator.ch\\\/\"},{\"@type\":\"ListItem\",\"position\":2,\"name\":\"Normungs-Roadmap Circular Economy gestartet\"}]},{\"@type\":\"WebSite\",\"@id\":\"https:\\\/\\\/www.organisator.ch\\\/#website\",\"url\":\"https:\\\/\\\/www.organisator.ch\\\/\",\"name\":\"Organisator\",\"description\":\"Kompetent. Praxisnah. Der ORGANISATOR bereitet in 10 Ausgaben pro Jahr die wesentlichen Themen f\u00fcr F\u00fchrungskr\u00e4fte von KMU auf.\",\"publisher\":{\"@id\":\"https:\\\/\\\/www.organisator.ch\\\/#organization\"},\"potentialAction\":[{\"@type\":\"SearchAction\",\"target\":{\"@type\":\"EntryPoint\",\"urlTemplate\":\"https:\\\/\\\/www.organisator.ch\\\/?s={search_term_string}\"},\"query-input\":{\"@type\":\"PropertyValueSpecification\",\"valueRequired\":true,\"valueName\":\"search_term_string\"}}],\"inLanguage\":\"fr-FR\"},{\"@type\":\"Organization\",\"@id\":\"https:\\\/\\\/www.organisator.ch\\\/#organization\",\"name\":\"Organisator\",\"url\":\"https:\\\/\\\/www.organisator.ch\\\/\",\"logo\":{\"@type\":\"ImageObject\",\"inLanguage\":\"fr-FR\",\"@id\":\"https:\\\/\\\/www.organisator.ch\\\/#\\\/schema\\\/logo\\\/image\\\/\",\"url\":\"https:\\\/\\\/www.organisator.ch\\\/wp-content\\\/uploads\\\/2022\\\/01\\\/Logo_Organisator_Website.png\",\"contentUrl\":\"https:\\\/\\\/www.organisator.ch\\\/wp-content\\\/uploads\\\/2022\\\/01\\\/Logo_Organisator_Website.png\",\"width\":800,\"height\":77,\"caption\":\"Organisator\"},\"image\":{\"@id\":\"https:\\\/\\\/www.organisator.ch\\\/#\\\/schema\\\/logo\\\/image\\\/\"},\"sameAs\":[\"https:\\\/\\\/www.facebook.com\\\/OrganisatorFachmagazin\",\"https:\\\/\\\/www.linkedin.com\\\/showcase\\\/organisator-das-magazin-fr-kmu\",\"https:\\\/\\\/www.xing.com\\\/news\\\/pages\\\/organisator-ch-695\",\"https:\\\/\\\/www.youtube.com\\\/channel\\\/UCGP2Sq0iWaZwT3BdIAQFYpw\"]},{\"@type\":\"Person\",\"@id\":\"https:\\\/\\\/www.organisator.ch\\\/#\\\/schema\\\/person\\\/a800b8c54e208b160517a7dcc323161d\",\"name\":\"roger.straessle\",\"image\":{\"@type\":\"ImageObject\",\"inLanguage\":\"fr-FR\",\"@id\":\"https:\\\/\\\/secure.gravatar.com\\\/avatar\\\/?s=96&d=mm&r=g\",\"url\":\"https:\\\/\\\/secure.gravatar.com\\\/avatar\\\/?s=96&d=mm&r=g\",\"contentUrl\":\"https:\\\/\\\/secure.gravatar.com\\\/avatar\\\/?s=96&d=mm&r=g\",\"caption\":\"roger.straessle\"},\"url\":\"https:\\\/\\\/www.organisator.ch\\\/fr\\\/author\\\/roger-straessle\\\/\"}]}<\/script>\n<!-- \/ Yoast SEO plugin. -->","yoast_head_json":{"title":"Lancement de la feuille de route de normalisation Circular Economy - Organisateur","description":"En collaboration avec le BMU, l'Institut allemand de normalisation (DIN) et d'autres ont lanc\u00e9 le travail sur la feuille de route de normalisation Circular Economy.","robots":{"index":"index","follow":"follow","max-snippet":"max-snippet:-1","max-image-preview":"max-image-preview:large","max-video-preview":"max-video-preview:-1"},"canonical":"https:\/\/www.organisator.ch\/fr\/sustainability\/2021-09-15\/normungsroadmap-circular-economy-gestartet\/","og_locale":"fr_FR","og_type":"article","og_title":"Normungs-Roadmap Circular Economy gestartet - Organisator","og_description":"Gemeinsam mit dem BMU haben das Deutsche Institut f\u00fcr Normung (DIN) und andere die Arbeit an der Normungsroadmap Circular Economy gestartet.","og_url":"https:\/\/www.organisator.ch\/fr\/sustainability\/2021-09-15\/normungsroadmap-circular-economy-gestartet\/","og_site_name":"Organisator","article_publisher":"https:\/\/www.facebook.com\/OrganisatorFachmagazin","article_published_time":"2021-09-15T09:01:51+00:00","article_modified_time":"2022-02-09T10:09:52+00:00","og_image":[{"width":1000,"height":667,"url":"https:\/\/www.organisator.ch\/wp-content\/uploads\/2021\/09\/Depositphotos_133297426_s-2019.jpg","type":"image\/jpeg"}],"author":"roger.straessle","twitter_card":"summary_large_image","schema":{"@context":"https:\/\/schema.org","@graph":[{"@type":"Article","@id":"https:\/\/www.organisator.ch\/sustainability\/2021-09-15\/normungsroadmap-circular-economy-gestartet\/#article","isPartOf":{"@id":"https:\/\/www.organisator.ch\/sustainability\/2021-09-15\/normungsroadmap-circular-economy-gestartet\/"},"author":{"name":"roger.straessle","@id":"https:\/\/www.organisator.ch\/#\/schema\/person\/a800b8c54e208b160517a7dcc323161d"},"headline":"Normungs-Roadmap Circular Economy gestartet","datePublished":"2021-09-15T09:01:51+00:00","dateModified":"2022-02-09T10:09:52+00:00","mainEntityOfPage":{"@id":"https:\/\/www.organisator.ch\/sustainability\/2021-09-15\/normungsroadmap-circular-economy-gestartet\/"},"wordCount":618,"publisher":{"@id":"https:\/\/www.organisator.ch\/#organization"},"image":{"@id":"https:\/\/www.organisator.ch\/sustainability\/2021-09-15\/normungsroadmap-circular-economy-gestartet\/#primaryimage"},"thumbnailUrl":"https:\/\/www.organisator.ch\/wp-content\/uploads\/2021\/09\/Depositphotos_133297426_s-2019.jpg","keywords":["Circular Economy","Kreislaufwirtschaft","Normungsroadmap"],"articleSection":["SUSTAINABILITY"],"inLanguage":"fr-FR"},{"@type":"WebPage","@id":"https:\/\/www.organisator.ch\/sustainability\/2021-09-15\/normungsroadmap-circular-economy-gestartet\/","url":"https:\/\/www.organisator.ch\/sustainability\/2021-09-15\/normungsroadmap-circular-economy-gestartet\/","name":"Lancement de la feuille de route de normalisation Circular Economy - Organisateur","isPartOf":{"@id":"https:\/\/www.organisator.ch\/#website"},"primaryImageOfPage":{"@id":"https:\/\/www.organisator.ch\/sustainability\/2021-09-15\/normungsroadmap-circular-economy-gestartet\/#primaryimage"},"image":{"@id":"https:\/\/www.organisator.ch\/sustainability\/2021-09-15\/normungsroadmap-circular-economy-gestartet\/#primaryimage"},"thumbnailUrl":"https:\/\/www.organisator.ch\/wp-content\/uploads\/2021\/09\/Depositphotos_133297426_s-2019.jpg","datePublished":"2021-09-15T09:01:51+00:00","dateModified":"2022-02-09T10:09:52+00:00","description":"En collaboration avec le BMU, l'Institut allemand de normalisation (DIN) et d'autres ont lanc\u00e9 le travail sur la feuille de route de normalisation Circular Economy.","breadcrumb":{"@id":"https:\/\/www.organisator.ch\/sustainability\/2021-09-15\/normungsroadmap-circular-economy-gestartet\/#breadcrumb"},"inLanguage":"fr-FR","potentialAction":[{"@type":"ReadAction","target":["https:\/\/www.organisator.ch\/sustainability\/2021-09-15\/normungsroadmap-circular-economy-gestartet\/"]}]},{"@type":"ImageObject","inLanguage":"fr-FR","@id":"https:\/\/www.organisator.ch\/sustainability\/2021-09-15\/normungsroadmap-circular-economy-gestartet\/#primaryimage","url":"https:\/\/www.organisator.ch\/wp-content\/uploads\/2021\/09\/Depositphotos_133297426_s-2019.jpg","contentUrl":"https:\/\/www.organisator.ch\/wp-content\/uploads\/2021\/09\/Depositphotos_133297426_s-2019.jpg","width":1000,"height":667,"caption":"\u00a9 Depositphotos, bruesw"},{"@type":"BreadcrumbList","@id":"https:\/\/www.organisator.ch\/sustainability\/2021-09-15\/normungsroadmap-circular-economy-gestartet\/#breadcrumb","itemListElement":[{"@type":"ListItem","position":1,"name":"Home","item":"https:\/\/www.organisator.ch\/"},{"@type":"ListItem","position":2,"name":"Normungs-Roadmap Circular Economy gestartet"}]},{"@type":"WebSite","@id":"https:\/\/www.organisator.ch\/#website","url":"https:\/\/www.organisator.ch\/","name":"Organisateur","description":"Comp\u00e9tence et comp\u00e9tence. Proches de la pratique. L'ORGANISATEUR pr\u00e9pare 10 num\u00e9ros par an sur les th\u00e8mes essentiels pour les dirigeants de PME.","publisher":{"@id":"https:\/\/www.organisator.ch\/#organization"},"potentialAction":[{"@type":"SearchAction","target":{"@type":"EntryPoint","urlTemplate":"https:\/\/www.organisator.ch\/?s={search_term_string}"},"query-input":{"@type":"PropertyValueSpecification","valueRequired":true,"valueName":"search_term_string"}}],"inLanguage":"fr-FR"},{"@type":"Organization","@id":"https:\/\/www.organisator.ch\/#organization","name":"Organisateur","url":"https:\/\/www.organisator.ch\/","logo":{"@type":"ImageObject","inLanguage":"fr-FR","@id":"https:\/\/www.organisator.ch\/#\/schema\/logo\/image\/","url":"https:\/\/www.organisator.ch\/wp-content\/uploads\/2022\/01\/Logo_Organisator_Website.png","contentUrl":"https:\/\/www.organisator.ch\/wp-content\/uploads\/2022\/01\/Logo_Organisator_Website.png","width":800,"height":77,"caption":"Organisator"},"image":{"@id":"https:\/\/www.organisator.ch\/#\/schema\/logo\/image\/"},"sameAs":["https:\/\/www.facebook.com\/OrganisatorFachmagazin","https:\/\/www.linkedin.com\/showcase\/organisator-das-magazin-fr-kmu","https:\/\/www.xing.com\/news\/pages\/organisator-ch-695","https:\/\/www.youtube.com\/channel\/UCGP2Sq0iWaZwT3BdIAQFYpw"]},{"@type":"Person","@id":"https:\/\/www.organisator.ch\/#\/schema\/person\/a800b8c54e208b160517a7dcc323161d","name":"roger.straessle","image":{"@type":"ImageObject","inLanguage":"fr-FR","@id":"https:\/\/secure.gravatar.com\/avatar\/?s=96&d=mm&r=g","url":"https:\/\/secure.gravatar.com\/avatar\/?s=96&d=mm&r=g","contentUrl":"https:\/\/secure.gravatar.com\/avatar\/?s=96&d=mm&r=g","caption":"roger.straessle"},"url":"https:\/\/www.organisator.ch\/fr\/author\/roger-straessle\/"}]}},"_links":{"self":[{"href":"https:\/\/www.organisator.ch\/fr\/wp-json\/wp\/v2\/posts\/10324","targetHints":{"allow":["GET"]}}],"collection":[{"href":"https:\/\/www.organisator.ch\/fr\/wp-json\/wp\/v2\/posts"}],"about":[{"href":"https:\/\/www.organisator.ch\/fr\/wp-json\/wp\/v2\/types\/post"}],"author":[{"embeddable":true,"href":"https:\/\/www.organisator.ch\/fr\/wp-json\/wp\/v2\/users\/6"}],"replies":[{"embeddable":true,"href":"https:\/\/www.organisator.ch\/fr\/wp-json\/wp\/v2\/comments?post=10324"}],"version-history":[{"count":1,"href":"https:\/\/www.organisator.ch\/fr\/wp-json\/wp\/v2\/posts\/10324\/revisions"}],"predecessor-version":[{"id":10787,"href":"https:\/\/www.organisator.ch\/fr\/wp-json\/wp\/v2\/posts\/10324\/revisions\/10787"}],"wp:featuredmedia":[{"embeddable":true,"href":"https:\/\/www.organisator.ch\/fr\/wp-json\/wp\/v2\/media\/4882"}],"wp:attachment":[{"href":"https:\/\/www.organisator.ch\/fr\/wp-json\/wp\/v2\/media?parent=10324"}],"wp:term":[{"taxonomy":"category","embeddable":true,"href":"https:\/\/www.organisator.ch\/fr\/wp-json\/wp\/v2\/categories?post=10324"},{"taxonomy":"post_tag","embeddable":true,"href":"https:\/\/www.organisator.ch\/fr\/wp-json\/wp\/v2\/tags?post=10324"}],"curies":[{"name":"wp","href":"https:\/\/api.w.org\/{rel}","templated":true}]}}