{"id":10326,"date":"2021-10-04T08:23:24","date_gmt":"2021-10-04T06:23:24","guid":{"rendered":"https:\/\/www.umweltperspektiven.ch\/?p=4893"},"modified":"2022-02-09T11:06:05","modified_gmt":"2022-02-09T10:06:05","slug":"5-wissensluecken-zum-heizen-der-zukunft","status":"publish","type":"post","link":"https:\/\/www.organisator.ch\/fr\/sustainability\/2021-10-04\/5-wissensluecken-zum-heizen-der-zukunft\/","title":{"rendered":"5 Lacunes dans les connaissances sur les pompes \u00e0 chaleur"},"content":{"rendered":"<p><img loading=\"lazy\" decoding=\"async\" class=\"size-medium wp-image-4894 aligncenter\" src=\"\/\/www.umweltperspektiven.ch\/wp-content\/uploads\/2021\/09\/Grafik_DE.jpg\" alt=\"Pompe \u00e0 chaleur\" width=\"680\" height=\"453\" \/><\/p>\n<p><span style=\"font-size: 10.5pt; font-family: 'Arial',sans-serif;\">\"Nous interrogeons chaque ann\u00e9e la population sur ce qu'elle pense du tournant \u00e9nerg\u00e9tique avec notre moniteur des tendances \u00e9nerg\u00e9tiques\", explique Patrick Drack, directeur de Stiebel Eltron Suisse. \"Les r\u00e9sultats de notre dernier sondage nous ont permis de d\u00e9terminer les cinq principales lacunes des Suisses en mati\u00e8re de connaissances lorsqu'il s'agit de chauffage respectueux du climat et de la technologie d'avenir utilisable \u00e0 cet effet\".<\/span><\/p>\n<p><strong><span style=\"font-size: 10.5pt; font-family: 'Arial',sans-serif;\">Lacune dans les connaissances 1 :<\/span><\/strong><span style=\"font-size: 10.5pt; font-family: 'Arial',sans-serif;\"> Les chauffages par pompe \u00e0 chaleur n'\u00e9mettent pas de CO2 sur place<\/span><\/p>\n<p><span style=\"font-size: 10.5pt; font-family: 'Arial',sans-serif;\">L'\u00e9tude Energie-Trendmonotor Schweiz a r\u00e9v\u00e9l\u00e9 qu'environ une personne interrog\u00e9e sur deux n'est pas encore consciente de l'impact des chauffages par pompe \u00e0 chaleur sur le climat : La technique de la pompe \u00e0 chaleur fonctionne dans les m\u00e9nages sans combustibles fossiles ni processus de combustion. Elle utilise l'\u00e9nergie naturelle du sol, de la nappe phr\u00e9atique ou de l'air ambiant et la transforme en chaleur ambiante et en eau chaude selon le principe d'un \"r\u00e9frig\u00e9rateur invers\u00e9\". Pour fonctionner, le chauffage par pompe \u00e0 chaleur a besoin d'\u00e9lectricit\u00e9, qui est produite en Suisse avec un tr\u00e8s bon bilan CO2. Les syst\u00e8mes fonctionnent \u00e0 100 % sans \u00e9missions avec de l'\u00e9lectricit\u00e9 verte, produite par exemple par une installation photovolta\u00efque sur le toit.\u00a0<\/span><\/p>\n<p><strong><span style=\"font-size: 10.5pt; font-family: 'Arial',sans-serif;\">Lacune dans les connaissances 2<\/span><\/strong><span style=\"font-size: 10.5pt; font-family: 'Arial',sans-serif;\">Pompes \u00e0 chaleur utilisant l'\u00e9lectricit\u00e9 solaire autoproduite<\/span><\/p>\n<p><span style=\"font-size: 10.5pt; font-family: 'Arial',sans-serif;\">Toutefois, 44 % des Suisses ne savent pas encore que le chauffage par pompe \u00e0 chaleur peut \u00eatre directement coupl\u00e9 \u00e0 leur propre installation photovolta\u00efque. Pourtant, cette variante est particuli\u00e8rement avantageuse et respectueuse de l'environnement.\u00a0<\/span><\/p>\n<p><strong><span style=\"font-size: 10.5pt; font-family: 'Arial',sans-serif;\">Lacune dans les connaissances 3<\/span><\/strong><span style=\"font-size: 10.5pt; font-family: 'Arial',sans-serif;\">Une pompe \u00e0 chaleur refroidit en \u00e9t\u00e9\u00a0<\/span><\/p>\n<p><span style=\"font-size: 10.5pt; font-family: 'Arial',sans-serif;\">Pour pr\u00e8s d'une personne sur deux (47 %), la nouveaut\u00e9 est que la pompe \u00e0 chaleur permet de rafra\u00eechir la temp\u00e9rature ambiante en \u00e9t\u00e9. Pour cela, le syst\u00e8me est utilis\u00e9 comme une climatisation et la temp\u00e9rature de l'eau circulant dans le syst\u00e8me de chauffage est abaiss\u00e9e les jours de grande chaleur - sans aucun courant d'air ni bruit parasite.\u00a0<\/span><\/p>\n<p><strong><span style=\"font-size: 10.5pt; font-family: 'Arial',sans-serif;\">Lacune dans les connaissances 4<\/span><\/strong><span style=\"font-size: 10.5pt; font-family: 'Arial',sans-serif;\">: Les pompes \u00e0 chaleur peuvent \u00eatre utilis\u00e9es dans n'importe quelle maison - m\u00eame en cas de r\u00e9novation\u00a0<\/span><\/p>\n<p><span style=\"font-size: 10.5pt; font-family: 'Arial',sans-serif;\">44 % des consommateurs l'ignorent encore : Les pompes \u00e0 chaleur peuvent \u00eatre utilis\u00e9es comme syst\u00e8me de chauffage dans chaque maison, m\u00eame dans les b\u00e2timents anciens qui ne sont pas parfaitement isol\u00e9s. Dans le parc immobilier, elles apportent ainsi une contribution essentielle \u00e0 la r\u00e9duction des \u00e9missions de CO2. Bien entendu, \"moins il y a de pertes d'\u00e9nergie \u00e0 travers l'enveloppe du b\u00e2timent, plus la technique de chauffage respectueuse du climat est efficace\", explique M. Drack. \"C'est pourquoi il vaut la peine, au cas par cas, de demander conseil \u00e0 un sp\u00e9cialiste de l'\u00e9nergie avant de r\u00e9nover\".<\/span><\/p>\n<p><strong><span style=\"font-size: 10.5pt; font-family: 'Arial',sans-serif;\">Manque de connaissances 5<\/span><\/strong><span style=\"font-size: 10.5pt; font-family: 'Arial',sans-serif;\">Les pompes \u00e0 chaleur fonctionnent \u00e9galement en combinaison avec des radiateurs normaux.\u00a0<\/span><\/p>\n<p><span style=\"font-size: 10.5pt; font-family: 'Arial',sans-serif;\">Les pompes \u00e0 chaleur peuvent souvent \u00eatre utilis\u00e9es avec les radiateurs existants et ne n\u00e9cessitent pas forc\u00e9ment un chauffage au sol. Selon l'Energie-Trendmonitor, c'est une nouveaut\u00e9 pour 39 % des personnes interrog\u00e9es. Cela rend cette technique verte tr\u00e8s pratique lors de la r\u00e9novation de b\u00e2timents anciens, car elle peut \u00eatre coupl\u00e9e aux radiateurs, aux radiateurs et au chauffage au sol existants.\u00a0<\/span><\/p>\n<p><span style=\"font-size: 10.5pt; font-family: 'Arial',sans-serif;\">\"Dans tous les cas, une bonne planification et une installation soign\u00e9e sont payantes \u00e0 long terme\", explique Drack. Sur le plan financier, le Programme B\u00e2timents de la Conf\u00e9d\u00e9ration et des cantons encourage le recours aux \u00e9nergies renouvelables :\u00a0<\/span><span style=\"font-size: 10.5pt; font-family: 'Arial',sans-serif;\"><a href=\"\/\/www.dasgebaeudeprogramm.ch\/de\/\" target=\"_blank\" rel=\"noopener\">https:\/\/www.dasgebaeudeprogramm.ch\/de\/<\/a><\/span><\/p>\n<p><span style=\"font-size: 10.5pt; font-family: 'Arial',sans-serif;\">Des informations sur les programmes de soutien actuels pour les pompes \u00e0 chaleur sont disponibles ici :\u00a0<\/span><span style=\"font-size: 10.5pt; font-family: 'Arial',sans-serif;\"><a href=\"\/\/www.stiebel-eltron.ch\/foerderung\" target=\"_blank\" rel=\"noopener\">http:\/\/www.stiebel-eltron.ch\/foerderung<\/a><\/span><\/p>","protected":false},"excerpt":{"rendered":"<p>\u00abWas die Bev\u00f6lkerung \u00fcber die Energiewende denkt, erfragen wir j\u00e4hrlich mit unserem Energie-Trendmonitor\u00bb, sagt Patrick Drack, Gesch\u00e4ftsf\u00fchrer von Stiebel Eltron Schweiz. \u00abMit den Ergebnissen unserer j\u00fcngsten Umfrage haben wir die f\u00fcnf wichtigsten Wissensl\u00fccken der Schweizerinnen und Schweizer ermittelt, wenn es um das klimafreundliche Heizen und die daf\u00fcr einsetzbare Technologie der Zukunft geht.\u00bb Wissensl\u00fccke 1: W\u00e4rmepumpenheizungen [&hellip;]<\/p>\n","protected":false},"author":6,"featured_media":4895,"comment_status":"closed","ping_status":"closed","sticky":false,"template":"","format":"standard","meta":{"_acf_changed":false,"_yoast_wpseo_focuskw":"W\u00e4rmepumpe","_yoast_wpseo_metadesc":"Die Geb\u00e4ude verursachen viel CO2-Emissionen. Wer eine W\u00e4rmepumpe installiert, kann auf umweltfreundliche Energie umstellen.","articlekey":"","footnotes":""},"categories":[580],"tags":[585],"class_list":["post-10326","post","type-post","status-publish","format-standard","has-post-thumbnail","hentry","category-sustainability","tag-waermepumpe"],"acf":[],"yoast_head":"<!-- This site is optimized with the Yoast SEO plugin v27.5 - https:\/\/yoast.com\/product\/yoast-seo-wordpress\/ -->\n<title>5 Wissensl\u00fccken \u00fcber W\u00e4rmepumpen - Organisator<\/title>\n<meta name=\"description\" content=\"Die Geb\u00e4ude verursachen viel CO2-Emissionen. Wer eine W\u00e4rmepumpe installiert, kann auf umweltfreundliche Energie umstellen.\" \/>\n<meta name=\"robots\" content=\"index, follow, max-snippet:-1, max-image-preview:large, max-video-preview:-1\" \/>\n<link rel=\"canonical\" href=\"https:\/\/www.organisator.ch\/fr\/sustainability\/2021-10-04\/5-wissensluecken-zum-heizen-der-zukunft\/\" \/>\n<meta property=\"og:locale\" content=\"fr_FR\" \/>\n<meta property=\"og:type\" content=\"article\" \/>\n<meta property=\"og:title\" content=\"5 Wissensl\u00fccken \u00fcber W\u00e4rmepumpen - Organisator\" \/>\n<meta property=\"og:description\" content=\"Die Geb\u00e4ude verursachen viel CO2-Emissionen. Wer eine W\u00e4rmepumpe installiert, kann auf umweltfreundliche Energie umstellen.\" \/>\n<meta property=\"og:url\" content=\"https:\/\/www.organisator.ch\/fr\/sustainability\/2021-10-04\/5-wissensluecken-zum-heizen-der-zukunft\/\" \/>\n<meta property=\"og:site_name\" content=\"Organisator\" \/>\n<meta property=\"article:publisher\" content=\"https:\/\/www.facebook.com\/OrganisatorFachmagazin\" \/>\n<meta property=\"article:published_time\" content=\"2021-10-04T06:23:24+00:00\" \/>\n<meta property=\"article:modified_time\" content=\"2022-02-09T10:06:05+00:00\" \/>\n<meta property=\"og:image\" content=\"https:\/\/www.organisator.ch\/wp-content\/uploads\/2021\/09\/Luft_WP_aussen-scaled.jpg\" \/>\n\t<meta property=\"og:image:width\" content=\"2560\" \/>\n\t<meta property=\"og:image:height\" content=\"1668\" \/>\n\t<meta property=\"og:image:type\" content=\"image\/jpeg\" \/>\n<meta name=\"author\" content=\"roger.straessle\" \/>\n<meta name=\"twitter:card\" content=\"summary_large_image\" \/>\n<script type=\"application\/ld+json\" class=\"yoast-schema-graph\">{\"@context\":\"https:\\\/\\\/schema.org\",\"@graph\":[{\"@type\":\"Article\",\"@id\":\"https:\\\/\\\/www.organisator.ch\\\/sustainability\\\/2021-10-04\\\/5-wissensluecken-zum-heizen-der-zukunft\\\/#article\",\"isPartOf\":{\"@id\":\"https:\\\/\\\/www.organisator.ch\\\/sustainability\\\/2021-10-04\\\/5-wissensluecken-zum-heizen-der-zukunft\\\/\"},\"author\":{\"name\":\"roger.straessle\",\"@id\":\"https:\\\/\\\/www.organisator.ch\\\/#\\\/schema\\\/person\\\/a800b8c54e208b160517a7dcc323161d\"},\"headline\":\"5 Wissensl\u00fccken \u00fcber W\u00e4rmepumpen\",\"datePublished\":\"2021-10-04T06:23:24+00:00\",\"dateModified\":\"2022-02-09T10:06:05+00:00\",\"mainEntityOfPage\":{\"@id\":\"https:\\\/\\\/www.organisator.ch\\\/sustainability\\\/2021-10-04\\\/5-wissensluecken-zum-heizen-der-zukunft\\\/\"},\"wordCount\":484,\"publisher\":{\"@id\":\"https:\\\/\\\/www.organisator.ch\\\/#organization\"},\"image\":{\"@id\":\"https:\\\/\\\/www.organisator.ch\\\/sustainability\\\/2021-10-04\\\/5-wissensluecken-zum-heizen-der-zukunft\\\/#primaryimage\"},\"thumbnailUrl\":\"https:\\\/\\\/www.organisator.ch\\\/wp-content\\\/uploads\\\/2021\\\/09\\\/Luft_WP_aussen-scaled.jpg\",\"keywords\":[\"W\u00e4rmepumpe\"],\"articleSection\":[\"SUSTAINABILITY\"],\"inLanguage\":\"fr-FR\"},{\"@type\":\"WebPage\",\"@id\":\"https:\\\/\\\/www.organisator.ch\\\/sustainability\\\/2021-10-04\\\/5-wissensluecken-zum-heizen-der-zukunft\\\/\",\"url\":\"https:\\\/\\\/www.organisator.ch\\\/sustainability\\\/2021-10-04\\\/5-wissensluecken-zum-heizen-der-zukunft\\\/\",\"name\":\"5 Wissensl\u00fccken \u00fcber W\u00e4rmepumpen - Organisator\",\"isPartOf\":{\"@id\":\"https:\\\/\\\/www.organisator.ch\\\/#website\"},\"primaryImageOfPage\":{\"@id\":\"https:\\\/\\\/www.organisator.ch\\\/sustainability\\\/2021-10-04\\\/5-wissensluecken-zum-heizen-der-zukunft\\\/#primaryimage\"},\"image\":{\"@id\":\"https:\\\/\\\/www.organisator.ch\\\/sustainability\\\/2021-10-04\\\/5-wissensluecken-zum-heizen-der-zukunft\\\/#primaryimage\"},\"thumbnailUrl\":\"https:\\\/\\\/www.organisator.ch\\\/wp-content\\\/uploads\\\/2021\\\/09\\\/Luft_WP_aussen-scaled.jpg\",\"datePublished\":\"2021-10-04T06:23:24+00:00\",\"dateModified\":\"2022-02-09T10:06:05+00:00\",\"description\":\"Die Geb\u00e4ude verursachen viel CO2-Emissionen. Wer eine W\u00e4rmepumpe installiert, kann auf umweltfreundliche Energie umstellen.\",\"breadcrumb\":{\"@id\":\"https:\\\/\\\/www.organisator.ch\\\/sustainability\\\/2021-10-04\\\/5-wissensluecken-zum-heizen-der-zukunft\\\/#breadcrumb\"},\"inLanguage\":\"fr-FR\",\"potentialAction\":[{\"@type\":\"ReadAction\",\"target\":[\"https:\\\/\\\/www.organisator.ch\\\/sustainability\\\/2021-10-04\\\/5-wissensluecken-zum-heizen-der-zukunft\\\/\"]}]},{\"@type\":\"ImageObject\",\"inLanguage\":\"fr-FR\",\"@id\":\"https:\\\/\\\/www.organisator.ch\\\/sustainability\\\/2021-10-04\\\/5-wissensluecken-zum-heizen-der-zukunft\\\/#primaryimage\",\"url\":\"https:\\\/\\\/www.organisator.ch\\\/wp-content\\\/uploads\\\/2021\\\/09\\\/Luft_WP_aussen-scaled.jpg\",\"contentUrl\":\"https:\\\/\\\/www.organisator.ch\\\/wp-content\\\/uploads\\\/2021\\\/09\\\/Luft_WP_aussen-scaled.jpg\",\"width\":2560,\"height\":1668,\"caption\":\"Umweltfreundlich mit einer W\u00e4rmepumpe heizen. \u00a9 Stiebel Eltron\"},{\"@type\":\"BreadcrumbList\",\"@id\":\"https:\\\/\\\/www.organisator.ch\\\/sustainability\\\/2021-10-04\\\/5-wissensluecken-zum-heizen-der-zukunft\\\/#breadcrumb\",\"itemListElement\":[{\"@type\":\"ListItem\",\"position\":1,\"name\":\"Home\",\"item\":\"https:\\\/\\\/www.organisator.ch\\\/\"},{\"@type\":\"ListItem\",\"position\":2,\"name\":\"5 Wissensl\u00fccken \u00fcber W\u00e4rmepumpen\"}]},{\"@type\":\"WebSite\",\"@id\":\"https:\\\/\\\/www.organisator.ch\\\/#website\",\"url\":\"https:\\\/\\\/www.organisator.ch\\\/\",\"name\":\"Organisator\",\"description\":\"Kompetent. Praxisnah. Der ORGANISATOR bereitet in 10 Ausgaben pro Jahr die wesentlichen Themen f\u00fcr F\u00fchrungskr\u00e4fte von KMU auf.\",\"publisher\":{\"@id\":\"https:\\\/\\\/www.organisator.ch\\\/#organization\"},\"potentialAction\":[{\"@type\":\"SearchAction\",\"target\":{\"@type\":\"EntryPoint\",\"urlTemplate\":\"https:\\\/\\\/www.organisator.ch\\\/?s={search_term_string}\"},\"query-input\":{\"@type\":\"PropertyValueSpecification\",\"valueRequired\":true,\"valueName\":\"search_term_string\"}}],\"inLanguage\":\"fr-FR\"},{\"@type\":\"Organization\",\"@id\":\"https:\\\/\\\/www.organisator.ch\\\/#organization\",\"name\":\"Organisator\",\"url\":\"https:\\\/\\\/www.organisator.ch\\\/\",\"logo\":{\"@type\":\"ImageObject\",\"inLanguage\":\"fr-FR\",\"@id\":\"https:\\\/\\\/www.organisator.ch\\\/#\\\/schema\\\/logo\\\/image\\\/\",\"url\":\"https:\\\/\\\/www.organisator.ch\\\/wp-content\\\/uploads\\\/2022\\\/01\\\/Logo_Organisator_Website.png\",\"contentUrl\":\"https:\\\/\\\/www.organisator.ch\\\/wp-content\\\/uploads\\\/2022\\\/01\\\/Logo_Organisator_Website.png\",\"width\":800,\"height\":77,\"caption\":\"Organisator\"},\"image\":{\"@id\":\"https:\\\/\\\/www.organisator.ch\\\/#\\\/schema\\\/logo\\\/image\\\/\"},\"sameAs\":[\"https:\\\/\\\/www.facebook.com\\\/OrganisatorFachmagazin\",\"https:\\\/\\\/www.linkedin.com\\\/showcase\\\/organisator-das-magazin-fr-kmu\",\"https:\\\/\\\/www.xing.com\\\/news\\\/pages\\\/organisator-ch-695\",\"https:\\\/\\\/www.youtube.com\\\/channel\\\/UCGP2Sq0iWaZwT3BdIAQFYpw\"]},{\"@type\":\"Person\",\"@id\":\"https:\\\/\\\/www.organisator.ch\\\/#\\\/schema\\\/person\\\/a800b8c54e208b160517a7dcc323161d\",\"name\":\"roger.straessle\",\"image\":{\"@type\":\"ImageObject\",\"inLanguage\":\"fr-FR\",\"@id\":\"https:\\\/\\\/secure.gravatar.com\\\/avatar\\\/?s=96&d=mm&r=g\",\"url\":\"https:\\\/\\\/secure.gravatar.com\\\/avatar\\\/?s=96&d=mm&r=g\",\"contentUrl\":\"https:\\\/\\\/secure.gravatar.com\\\/avatar\\\/?s=96&d=mm&r=g\",\"caption\":\"roger.straessle\"},\"url\":\"https:\\\/\\\/www.organisator.ch\\\/fr\\\/author\\\/roger-straessle\\\/\"}]}<\/script>\n<!-- \/ Yoast SEO plugin. -->","yoast_head_json":{"title":"5 Lacunes dans les connaissances sur les pompes \u00e0 chaleur - Organisateur","description":"Les b\u00e2timents g\u00e9n\u00e8rent beaucoup d'\u00e9missions de CO2. Installer une pompe \u00e0 chaleur permet de passer \u00e0 une \u00e9nergie respectueuse de l'environnement.","robots":{"index":"index","follow":"follow","max-snippet":"max-snippet:-1","max-image-preview":"max-image-preview:large","max-video-preview":"max-video-preview:-1"},"canonical":"https:\/\/www.organisator.ch\/fr\/sustainability\/2021-10-04\/5-wissensluecken-zum-heizen-der-zukunft\/","og_locale":"fr_FR","og_type":"article","og_title":"5 Wissensl\u00fccken \u00fcber W\u00e4rmepumpen - Organisator","og_description":"Die Geb\u00e4ude verursachen viel CO2-Emissionen. Wer eine W\u00e4rmepumpe installiert, kann auf umweltfreundliche Energie umstellen.","og_url":"https:\/\/www.organisator.ch\/fr\/sustainability\/2021-10-04\/5-wissensluecken-zum-heizen-der-zukunft\/","og_site_name":"Organisator","article_publisher":"https:\/\/www.facebook.com\/OrganisatorFachmagazin","article_published_time":"2021-10-04T06:23:24+00:00","article_modified_time":"2022-02-09T10:06:05+00:00","og_image":[{"width":2560,"height":1668,"url":"https:\/\/www.organisator.ch\/wp-content\/uploads\/2021\/09\/Luft_WP_aussen-scaled.jpg","type":"image\/jpeg"}],"author":"roger.straessle","twitter_card":"summary_large_image","schema":{"@context":"https:\/\/schema.org","@graph":[{"@type":"Article","@id":"https:\/\/www.organisator.ch\/sustainability\/2021-10-04\/5-wissensluecken-zum-heizen-der-zukunft\/#article","isPartOf":{"@id":"https:\/\/www.organisator.ch\/sustainability\/2021-10-04\/5-wissensluecken-zum-heizen-der-zukunft\/"},"author":{"name":"roger.straessle","@id":"https:\/\/www.organisator.ch\/#\/schema\/person\/a800b8c54e208b160517a7dcc323161d"},"headline":"5 Wissensl\u00fccken \u00fcber W\u00e4rmepumpen","datePublished":"2021-10-04T06:23:24+00:00","dateModified":"2022-02-09T10:06:05+00:00","mainEntityOfPage":{"@id":"https:\/\/www.organisator.ch\/sustainability\/2021-10-04\/5-wissensluecken-zum-heizen-der-zukunft\/"},"wordCount":484,"publisher":{"@id":"https:\/\/www.organisator.ch\/#organization"},"image":{"@id":"https:\/\/www.organisator.ch\/sustainability\/2021-10-04\/5-wissensluecken-zum-heizen-der-zukunft\/#primaryimage"},"thumbnailUrl":"https:\/\/www.organisator.ch\/wp-content\/uploads\/2021\/09\/Luft_WP_aussen-scaled.jpg","keywords":["W\u00e4rmepumpe"],"articleSection":["SUSTAINABILITY"],"inLanguage":"fr-FR"},{"@type":"WebPage","@id":"https:\/\/www.organisator.ch\/sustainability\/2021-10-04\/5-wissensluecken-zum-heizen-der-zukunft\/","url":"https:\/\/www.organisator.ch\/sustainability\/2021-10-04\/5-wissensluecken-zum-heizen-der-zukunft\/","name":"5 Lacunes dans les connaissances sur les pompes \u00e0 chaleur - Organisateur","isPartOf":{"@id":"https:\/\/www.organisator.ch\/#website"},"primaryImageOfPage":{"@id":"https:\/\/www.organisator.ch\/sustainability\/2021-10-04\/5-wissensluecken-zum-heizen-der-zukunft\/#primaryimage"},"image":{"@id":"https:\/\/www.organisator.ch\/sustainability\/2021-10-04\/5-wissensluecken-zum-heizen-der-zukunft\/#primaryimage"},"thumbnailUrl":"https:\/\/www.organisator.ch\/wp-content\/uploads\/2021\/09\/Luft_WP_aussen-scaled.jpg","datePublished":"2021-10-04T06:23:24+00:00","dateModified":"2022-02-09T10:06:05+00:00","description":"Les b\u00e2timents g\u00e9n\u00e8rent beaucoup d'\u00e9missions de CO2. Installer une pompe \u00e0 chaleur permet de passer \u00e0 une \u00e9nergie respectueuse de l'environnement.","breadcrumb":{"@id":"https:\/\/www.organisator.ch\/sustainability\/2021-10-04\/5-wissensluecken-zum-heizen-der-zukunft\/#breadcrumb"},"inLanguage":"fr-FR","potentialAction":[{"@type":"ReadAction","target":["https:\/\/www.organisator.ch\/sustainability\/2021-10-04\/5-wissensluecken-zum-heizen-der-zukunft\/"]}]},{"@type":"ImageObject","inLanguage":"fr-FR","@id":"https:\/\/www.organisator.ch\/sustainability\/2021-10-04\/5-wissensluecken-zum-heizen-der-zukunft\/#primaryimage","url":"https:\/\/www.organisator.ch\/wp-content\/uploads\/2021\/09\/Luft_WP_aussen-scaled.jpg","contentUrl":"https:\/\/www.organisator.ch\/wp-content\/uploads\/2021\/09\/Luft_WP_aussen-scaled.jpg","width":2560,"height":1668,"caption":"Umweltfreundlich mit einer W\u00e4rmepumpe heizen. \u00a9 Stiebel Eltron"},{"@type":"BreadcrumbList","@id":"https:\/\/www.organisator.ch\/sustainability\/2021-10-04\/5-wissensluecken-zum-heizen-der-zukunft\/#breadcrumb","itemListElement":[{"@type":"ListItem","position":1,"name":"Home","item":"https:\/\/www.organisator.ch\/"},{"@type":"ListItem","position":2,"name":"5 Wissensl\u00fccken \u00fcber W\u00e4rmepumpen"}]},{"@type":"WebSite","@id":"https:\/\/www.organisator.ch\/#website","url":"https:\/\/www.organisator.ch\/","name":"Organisateur","description":"Comp\u00e9tence et comp\u00e9tence. Proches de la pratique. L'ORGANISATEUR pr\u00e9pare 10 num\u00e9ros par an sur les th\u00e8mes essentiels pour les dirigeants de PME.","publisher":{"@id":"https:\/\/www.organisator.ch\/#organization"},"potentialAction":[{"@type":"SearchAction","target":{"@type":"EntryPoint","urlTemplate":"https:\/\/www.organisator.ch\/?s={search_term_string}"},"query-input":{"@type":"PropertyValueSpecification","valueRequired":true,"valueName":"search_term_string"}}],"inLanguage":"fr-FR"},{"@type":"Organization","@id":"https:\/\/www.organisator.ch\/#organization","name":"Organisateur","url":"https:\/\/www.organisator.ch\/","logo":{"@type":"ImageObject","inLanguage":"fr-FR","@id":"https:\/\/www.organisator.ch\/#\/schema\/logo\/image\/","url":"https:\/\/www.organisator.ch\/wp-content\/uploads\/2022\/01\/Logo_Organisator_Website.png","contentUrl":"https:\/\/www.organisator.ch\/wp-content\/uploads\/2022\/01\/Logo_Organisator_Website.png","width":800,"height":77,"caption":"Organisator"},"image":{"@id":"https:\/\/www.organisator.ch\/#\/schema\/logo\/image\/"},"sameAs":["https:\/\/www.facebook.com\/OrganisatorFachmagazin","https:\/\/www.linkedin.com\/showcase\/organisator-das-magazin-fr-kmu","https:\/\/www.xing.com\/news\/pages\/organisator-ch-695","https:\/\/www.youtube.com\/channel\/UCGP2Sq0iWaZwT3BdIAQFYpw"]},{"@type":"Person","@id":"https:\/\/www.organisator.ch\/#\/schema\/person\/a800b8c54e208b160517a7dcc323161d","name":"roger.straessle","image":{"@type":"ImageObject","inLanguage":"fr-FR","@id":"https:\/\/secure.gravatar.com\/avatar\/?s=96&d=mm&r=g","url":"https:\/\/secure.gravatar.com\/avatar\/?s=96&d=mm&r=g","contentUrl":"https:\/\/secure.gravatar.com\/avatar\/?s=96&d=mm&r=g","caption":"roger.straessle"},"url":"https:\/\/www.organisator.ch\/fr\/author\/roger-straessle\/"}]}},"_links":{"self":[{"href":"https:\/\/www.organisator.ch\/fr\/wp-json\/wp\/v2\/posts\/10326","targetHints":{"allow":["GET"]}}],"collection":[{"href":"https:\/\/www.organisator.ch\/fr\/wp-json\/wp\/v2\/posts"}],"about":[{"href":"https:\/\/www.organisator.ch\/fr\/wp-json\/wp\/v2\/types\/post"}],"author":[{"embeddable":true,"href":"https:\/\/www.organisator.ch\/fr\/wp-json\/wp\/v2\/users\/6"}],"replies":[{"embeddable":true,"href":"https:\/\/www.organisator.ch\/fr\/wp-json\/wp\/v2\/comments?post=10326"}],"version-history":[{"count":1,"href":"https:\/\/www.organisator.ch\/fr\/wp-json\/wp\/v2\/posts\/10326\/revisions"}],"predecessor-version":[{"id":10456,"href":"https:\/\/www.organisator.ch\/fr\/wp-json\/wp\/v2\/posts\/10326\/revisions\/10456"}],"wp:featuredmedia":[{"embeddable":true,"href":"https:\/\/www.organisator.ch\/fr\/wp-json\/wp\/v2\/media\/4895"}],"wp:attachment":[{"href":"https:\/\/www.organisator.ch\/fr\/wp-json\/wp\/v2\/media?parent=10326"}],"wp:term":[{"taxonomy":"category","embeddable":true,"href":"https:\/\/www.organisator.ch\/fr\/wp-json\/wp\/v2\/categories?post=10326"},{"taxonomy":"post_tag","embeddable":true,"href":"https:\/\/www.organisator.ch\/fr\/wp-json\/wp\/v2\/tags?post=10326"}],"curies":[{"name":"wp","href":"https:\/\/api.w.org\/{rel}","templated":true}]}}