{"id":10329,"date":"2021-09-21T14:50:34","date_gmt":"2021-09-21T12:50:34","guid":{"rendered":"https:\/\/www.umweltperspektiven.ch\/?p=4910"},"modified":"2021-09-21T14:50:34","modified_gmt":"2021-09-21T12:50:34","slug":"schweizer-know-how-an-der-expo-dubai","status":"publish","type":"post","link":"https:\/\/www.organisator.ch\/fr\/allgemein\/2021-09-21\/schweizer-know-how-an-der-expo-dubai\/","title":{"rendered":"Le savoir-faire suisse \u00e0 l'Expo Duba\u00ef"},"content":{"rendered":"<figure id=\"attachment_4911\" aria-describedby=\"caption-attachment-4911\" style=\"width: 680px\" class=\"wp-caption aligncenter\"><img loading=\"lazy\" decoding=\"async\" class=\"size-medium wp-image-4911\" src=\"\/\/www.umweltperspektiven.ch\/wp-content\/uploads\/2021\/09\/ClimateShow_Symbolbild_Dubai.49.png\" alt=\"Swiss Climate Show \" width=\"680\" height=\"463\" \/><figcaption id=\"caption-attachment-4911\" class=\"wp-caption-text\">\u00a9 Unplush<\/figcaption><\/figure>\n<p>Dans les \u00c9mirats, les normes \u00e9conomiques et les m\u0153urs sont diff\u00e9rentes - et pourtant, les choses peuvent aller tr\u00e8s vite en ce qui concerne les nouvelles technologies durables. Les ing\u00e9nieurs des \u00c9mirats arabes unis (EAU) s'int\u00e9ressent par exemple aux solutions de r\u00e9duction du trafic. Dans le cas de Duba\u00ef, ce sont par exemple des capteurs au sol qui coordonnent le flux de v\u00e9hicules et informent des zones de stationnement pleines. Ces capteurs ont \u00e9t\u00e9 d\u00e9velopp\u00e9s par une start-up bas\u00e9e pr\u00e8s de Winterthur.<\/p>\n<p>Mais il existe encore d'autres savoir-faire suisses. Au moins six entreprises - dont Eptes Natura, CleantechAlps, Reballs et les petites entreprises ci-dessous - se pr\u00e9sentent au pavillon suisse de l'Expo de Duba\u00ef.<\/p>\n<h2><strong>Ing\u00e9nierie et conseil en \u00e9nergie <\/strong><\/h2>\n<p>Les r\u00e9seaux de chauffage et de refroidissement urbains, en particulier, rec\u00e8lent un grand potentiel. Des kilom\u00e8tres de syst\u00e8mes \u00e0 quatre conducteurs sont encore install\u00e9s. Selon les cas, la situation g\u00e9ographique, mais aussi un besoin \u00e9nerg\u00e9tique unilat\u00e9ral, limitent l'efficacit\u00e9 et la compacit\u00e9 d'un r\u00e9seau de chaleur. La soci\u00e9t\u00e9 <a href=\"\/\/exergo.ch\">Exergo<\/a> de Sion propose des solutions int\u00e9gr\u00e9es (photovolta\u00efque, pompes \u00e0 chaleur, stockage de batteries et de chaleur, etc.) pour les \u00e9nergies renouvelables. Spin-off de l'\u00c9cole polytechnique f\u00e9d\u00e9rale de Lausanne (EPFL), Exergo excelle dans la mod\u00e9lisation logicielle et l'optimisation des syst\u00e8mes industriels. Mais en mati\u00e8re de solutions pour les \u00e9nergies renouvelables, il n'y a pas de solution standard ni de magie. Les syst\u00e8mes de chauffage urbain sont g\u00e9n\u00e9ralement associ\u00e9s \u00e0 des co\u00fbts \u00e9lev\u00e9s. L'entreprise s'y conna\u00eet en mati\u00e8re de r\u00e9cup\u00e9ration d'\u00e9nergie, de produits sous licence pour les b\u00e2timents connect\u00e9s et de syst\u00e8mes de contr\u00f4le. Mieux encore : gr\u00e2ce \u00e0 leurs offres d'ing\u00e9nierie et de conseil optimis\u00e9es, ils contribuent \u00e0 r\u00e9duire les co\u00fbts.<\/p>\n<h2><strong>Une gestion innovante du recyclage et des d\u00e9chets <\/strong><\/h2>\n<p><a href=\"\/\/www.lethiec.ch\">LeThiec SA<\/a> d'Etoy, pr\u00e8s de Morges, s'est sp\u00e9cialis\u00e9e dans les solutions de recyclage et de gestion des d\u00e9chets. Ainsi, l'entreprise pr\u00e9sente non seulement \u00e0 Duba\u00ef, mais aussi \u00e0 Paris au \"Salon des Achats et de l'Environnement de Travail\" des poubelles de tri \u00e9volutives pour les zones urbaines et les bureaux. L'entreprise s'oriente aussi bien vers le design que vers les exigences techniques de s\u00e9curit\u00e9 (p. ex. protection contre l'incendie, conteneurs verrouillables) et les solutions de tri. Le dernier produit d'Etoy s'appelle \"Cliiink\". Celui-ci r\u00e9compense les retours de consigne par des syst\u00e8mes d'incitation. Pour chaque bouteille en verre retourn\u00e9e, les trieurs assidus b\u00e9n\u00e9ficient de r\u00e9ductions chez les d\u00e9taillants locaux. Actuellement, LeThiec est en train de mettre en place une communaut\u00e9 \"Cliiink\" largement interconnect\u00e9e.<\/p>\n<h2><strong>Optimisation des donn\u00e9es pour la transition \u00e9nerg\u00e9tique <\/strong><\/h2>\n<p>La soci\u00e9t\u00e9 <a href=\"\/\/www.e-nno.ch\">E-nno<\/a> a \u00e9t\u00e9 fond\u00e9e en 2017 \u00e0 Gen\u00e8ve par deux ing\u00e9nieurs, mais dispose de plus de 20 ans d'exp\u00e9rience dans les domaines de l'immobilier, de la construction et de l'\u00e9nergie. Gr\u00e2ce \u00e0 une analyse sophistiqu\u00e9e des donn\u00e9es et \u00e0 des algorithmes d'optimisation, l'entreprise parvient \u00e0 endiguer et \u00e0 r\u00e9duire les impacts environnementaux inutiles des b\u00e2timents - en moyenne, 17 % de la consommation d'\u00e9nergie d'un b\u00e2timent, selon les donn\u00e9es. C'est pourquoi les Genevois souhaitent \u00e9galement cr\u00e9er une situation gagnant-gagnant pour les investisseurs immobiliers \u00e0 Duba\u00ef. Ils mettent leurs donn\u00e9es collect\u00e9es \u00e0 la disposition des professionnels de l'immobilier (pour la collecte et la consolidation des donn\u00e9es, pour la surveillance des b\u00e2timents, etc.) afin de faciliter le travail informatique et administratif et d'acc\u00e9l\u00e9rer la transition \u00e9nerg\u00e9tique.<\/p>\n<h2><strong>Sp\u00e9cialiste financier avec une vue \u00e0 360 degr\u00e9s <\/strong><\/h2>\n<p>Sur place \u00e9galement, Olivier Ferrari et son \u00e9tablissement financier <a href=\"\/\/www.coninco.ch\">Coninco<\/a> dont le si\u00e8ge est \u00e0 Vevey. Ferrari est sp\u00e9cialiste de la finance, auteur et conf\u00e9rencier depuis plus de 30 ans. Son institut financier soutient de nouvelles op\u00e9rations d'investissement et de nouveaux march\u00e9s au service de la gestion institutionnelle, durable et philanthropique. En outre, Coninco soutient des fondations et des institutions ainsi que des entreprises d'ing\u00e9nierie. L'\u00e9tablissement financier est surveill\u00e9 par la FINMA depuis 2012, dispose de processus de gestion solides (ISO 9001:2015) et r\u00e9pond aux exigences de la norme de gestion environnementale ISO 14001:2015.<\/p>\n<h2>La vision du Climate Show<\/h2>\n<p>Frank Eggmann, le consulat g\u00e9n\u00e9ral suisse du Swiss Business Hub, se r\u00e9jouit des nouvelles relations qui se nouent entre le Moyen-Orient et la Suisse. Les entreprises participantes au Swiss Climate Show ont d\u00e9j\u00e0 pu nouer des relations fructueuses au Proche et au Moyen-Orient. \"Apr\u00e8s quelques ann\u00e9es sur le march\u00e9 \u00e9mirien, nous constatons une forte force d'attraction pour les technologies suisses. Dans les \u00c9mirats, et en particulier \u00e0 Duba\u00ef, ce sont les syst\u00e8mes VAC qui consomment beaucoup d'\u00e9nergie. Il est donc int\u00e9ressant de voir comment les entreprises suisses s'impliquent dans les probl\u00e9matiques li\u00e9es \u00e0 la gestion des zones et des b\u00e2timents. Je suis tr\u00e8s heureux de voir les acteurs locaux et les innovateurs suisses s'unir pour faire avancer les objectifs complexes de la soci\u00e9t\u00e9 et de l'environnement\", souligne le consul g\u00e9n\u00e9ral \u00e0 propos de l'Expo \u00e0 Duba\u00ef.<\/p>\n<p>Nadia Plata, la directrice du Swiss Climate Show, se r\u00e9jouit des rencontres avec Frank Eggmann au Swiss Business Council Dubai &amp; Northern Emirates et avec les acteurs du pavillon suisse \u00e0 l'Expo Dubai. \"Malgr\u00e9 une approche ax\u00e9e sur les donn\u00e9es et la technologie, l'\u00e9l\u00e9ment humain reste au c\u0153ur de notre ADN. Cela signifie tout autant que nous faisons face \u00e0 d'autres cultures et d\u00e9fis, que nous investissons dans la formation de sp\u00e9cialistes et de services qualitatifs et que nous impliquons le plus grand nombre possible de partenaires dans les d\u00e9cisions strat\u00e9giques pour la protection de l'environnement et du climat. Notre vision commune et les valeurs auxquelles nous tenons rendent finalement un pays comme la Suisse attractif\".<\/p>\n<p><a href=\"\/\/www.climateshow.ch\/climate-show-tour\/\"><em>Pour en savoir plus sur les diff\u00e9rentes pr\u00e9sentations du Swiss Climate Show \u00e0 Duba\u00ef : Reballs (Circular Economy), Coninco (Sustainable Finance), E-nno (Energy Efficiency &amp; Eco-Buildings), Eptes Natura (Sustainable Medicine) ou Exergo (Renewable Energy), cliquez ici.\u00a0<\/em><\/a><\/p>\n<h5><\/h5>\n<h5><\/h5>","protected":false},"excerpt":{"rendered":"<p>In den Emiraten herrschen andere wirtschaftliche Massst\u00e4be und Sitten \u2013 und doch kann es ganz schnell gehen, was neue, nachhaltige Technologien anbelangt. Die Ingenieure in den Vereinigten Arabischen Emiraten, kurz VAR, interessieren sich zum Beispiel f\u00fcr L\u00f6sungen zur Verkehrsberuhigung. Im Falle von Dubai sind es beispielsweise Bodensensoren, die den Fahrzeugfluss koordinieren und \u00fcber volle Parkzonen [&hellip;]<\/p>\n","protected":false},"author":6,"featured_media":9854,"comment_status":"closed","ping_status":"closed","sticky":false,"template":"","format":"standard","meta":{"_acf_changed":false,"_yoast_wpseo_focuskw":"Climate Show","_yoast_wpseo_metadesc":"Mehrere Schweizer Firmen werden im Oktober an der Swiss Climate Show im House of Switzerland in Dubai zeigen, was sie zu bieten haben.","articlekey":"","footnotes":""},"categories":[1],"tags":[921,1378],"class_list":["post-10329","post","type-post","status-publish","format-standard","has-post-thumbnail","hentry","category-allgemein","tag-climate-show","tag-house-of-switzerland"],"acf":[],"yoast_head":"<!-- This site is optimized with the Yoast SEO plugin v27.5 - https:\/\/yoast.com\/product\/yoast-seo-wordpress\/ -->\n<title>Schweizer Know-how an der Expo Dubai - Organisator<\/title>\n<meta name=\"description\" content=\"Mehrere Schweizer Firmen werden im Oktober an der Swiss Climate Show im House of Switzerland in Dubai zeigen, was sie zu bieten haben.\" \/>\n<meta name=\"robots\" content=\"index, follow, max-snippet:-1, max-image-preview:large, max-video-preview:-1\" \/>\n<link rel=\"canonical\" href=\"https:\/\/www.organisator.ch\/fr\/general\/2021-09-21\/schweizer-know-how-an-der-expo-dubai\/\" \/>\n<meta property=\"og:locale\" content=\"fr_FR\" \/>\n<meta property=\"og:type\" content=\"article\" \/>\n<meta property=\"og:title\" content=\"Schweizer Know-how an der Expo Dubai - Organisator\" \/>\n<meta property=\"og:description\" content=\"Mehrere Schweizer Firmen werden im Oktober an der Swiss Climate Show im House of Switzerland in Dubai zeigen, was sie zu bieten haben.\" \/>\n<meta property=\"og:url\" content=\"https:\/\/www.organisator.ch\/fr\/general\/2021-09-21\/schweizer-know-how-an-der-expo-dubai\/\" \/>\n<meta property=\"og:site_name\" content=\"Organisator\" \/>\n<meta property=\"article:publisher\" content=\"https:\/\/www.facebook.com\/OrganisatorFachmagazin\" \/>\n<meta property=\"article:published_time\" content=\"2021-09-21T12:50:34+00:00\" \/>\n<meta property=\"og:image\" content=\"https:\/\/www.organisator.ch\/wp-content\/uploads\/2021\/09\/ClimateShow_Symbolbild_Dubai.49.png\" \/>\n\t<meta property=\"og:image:width\" content=\"1009\" \/>\n\t<meta property=\"og:image:height\" content=\"687\" \/>\n\t<meta property=\"og:image:type\" content=\"image\/png\" \/>\n<meta name=\"author\" content=\"roger.straessle\" \/>\n<meta name=\"twitter:card\" content=\"summary_large_image\" \/>\n<script type=\"application\/ld+json\" class=\"yoast-schema-graph\">{\"@context\":\"https:\\\/\\\/schema.org\",\"@graph\":[{\"@type\":\"Article\",\"@id\":\"https:\\\/\\\/www.organisator.ch\\\/fr\\\/general\\\/2021-09-21\\\/schweizer-know-how-an-der-expo-dubai\\\/#article\",\"isPartOf\":{\"@id\":\"https:\\\/\\\/www.organisator.ch\\\/fr\\\/general\\\/2021-09-21\\\/schweizer-know-how-an-der-expo-dubai\\\/\"},\"author\":{\"name\":\"roger.straessle\",\"@id\":\"https:\\\/\\\/www.organisator.ch\\\/#\\\/schema\\\/person\\\/a800b8c54e208b160517a7dcc323161d\"},\"headline\":\"Schweizer Know-how an der Expo Dubai\",\"datePublished\":\"2021-09-21T12:50:34+00:00\",\"mainEntityOfPage\":{\"@id\":\"https:\\\/\\\/www.organisator.ch\\\/fr\\\/general\\\/2021-09-21\\\/schweizer-know-how-an-der-expo-dubai\\\/\"},\"wordCount\":821,\"publisher\":{\"@id\":\"https:\\\/\\\/www.organisator.ch\\\/#organization\"},\"image\":{\"@id\":\"https:\\\/\\\/www.organisator.ch\\\/fr\\\/general\\\/2021-09-21\\\/schweizer-know-how-an-der-expo-dubai\\\/#primaryimage\"},\"thumbnailUrl\":\"https:\\\/\\\/www.organisator.ch\\\/wp-content\\\/uploads\\\/2021\\\/09\\\/ClimateShow_Symbolbild_Dubai.49.png\",\"keywords\":[\"Climate Show\",\"House of Switzerland\"],\"articleSection\":[\"Allgemein\"],\"inLanguage\":\"fr-FR\"},{\"@type\":\"WebPage\",\"@id\":\"https:\\\/\\\/www.organisator.ch\\\/fr\\\/general\\\/2021-09-21\\\/schweizer-know-how-an-der-expo-dubai\\\/\",\"url\":\"https:\\\/\\\/www.organisator.ch\\\/fr\\\/general\\\/2021-09-21\\\/schweizer-know-how-an-der-expo-dubai\\\/\",\"name\":\"Schweizer Know-how an der Expo Dubai - Organisator\",\"isPartOf\":{\"@id\":\"https:\\\/\\\/www.organisator.ch\\\/#website\"},\"primaryImageOfPage\":{\"@id\":\"https:\\\/\\\/www.organisator.ch\\\/fr\\\/general\\\/2021-09-21\\\/schweizer-know-how-an-der-expo-dubai\\\/#primaryimage\"},\"image\":{\"@id\":\"https:\\\/\\\/www.organisator.ch\\\/fr\\\/general\\\/2021-09-21\\\/schweizer-know-how-an-der-expo-dubai\\\/#primaryimage\"},\"thumbnailUrl\":\"https:\\\/\\\/www.organisator.ch\\\/wp-content\\\/uploads\\\/2021\\\/09\\\/ClimateShow_Symbolbild_Dubai.49.png\",\"datePublished\":\"2021-09-21T12:50:34+00:00\",\"description\":\"Mehrere Schweizer Firmen werden im Oktober an der Swiss Climate Show im House of Switzerland in Dubai zeigen, was sie zu bieten haben.\",\"breadcrumb\":{\"@id\":\"https:\\\/\\\/www.organisator.ch\\\/fr\\\/general\\\/2021-09-21\\\/schweizer-know-how-an-der-expo-dubai\\\/#breadcrumb\"},\"inLanguage\":\"fr-FR\",\"potentialAction\":[{\"@type\":\"ReadAction\",\"target\":[\"https:\\\/\\\/www.organisator.ch\\\/fr\\\/general\\\/2021-09-21\\\/schweizer-know-how-an-der-expo-dubai\\\/\"]}]},{\"@type\":\"ImageObject\",\"inLanguage\":\"fr-FR\",\"@id\":\"https:\\\/\\\/www.organisator.ch\\\/fr\\\/general\\\/2021-09-21\\\/schweizer-know-how-an-der-expo-dubai\\\/#primaryimage\",\"url\":\"https:\\\/\\\/www.organisator.ch\\\/wp-content\\\/uploads\\\/2021\\\/09\\\/ClimateShow_Symbolbild_Dubai.49.png\",\"contentUrl\":\"https:\\\/\\\/www.organisator.ch\\\/wp-content\\\/uploads\\\/2021\\\/09\\\/ClimateShow_Symbolbild_Dubai.49.png\",\"width\":1009,\"height\":687,\"caption\":\"\u00a9 zVg\"},{\"@type\":\"BreadcrumbList\",\"@id\":\"https:\\\/\\\/www.organisator.ch\\\/fr\\\/general\\\/2021-09-21\\\/schweizer-know-how-an-der-expo-dubai\\\/#breadcrumb\",\"itemListElement\":[{\"@type\":\"ListItem\",\"position\":1,\"name\":\"Home\",\"item\":\"https:\\\/\\\/www.organisator.ch\\\/\"},{\"@type\":\"ListItem\",\"position\":2,\"name\":\"Schweizer Know-how an der Expo Dubai\"}]},{\"@type\":\"WebSite\",\"@id\":\"https:\\\/\\\/www.organisator.ch\\\/#website\",\"url\":\"https:\\\/\\\/www.organisator.ch\\\/\",\"name\":\"Organisator\",\"description\":\"Kompetent. Praxisnah. Der ORGANISATOR bereitet in 10 Ausgaben pro Jahr die wesentlichen Themen f\u00fcr F\u00fchrungskr\u00e4fte von KMU auf.\",\"publisher\":{\"@id\":\"https:\\\/\\\/www.organisator.ch\\\/#organization\"},\"potentialAction\":[{\"@type\":\"SearchAction\",\"target\":{\"@type\":\"EntryPoint\",\"urlTemplate\":\"https:\\\/\\\/www.organisator.ch\\\/?s={search_term_string}\"},\"query-input\":{\"@type\":\"PropertyValueSpecification\",\"valueRequired\":true,\"valueName\":\"search_term_string\"}}],\"inLanguage\":\"fr-FR\"},{\"@type\":\"Organization\",\"@id\":\"https:\\\/\\\/www.organisator.ch\\\/#organization\",\"name\":\"Organisator\",\"url\":\"https:\\\/\\\/www.organisator.ch\\\/\",\"logo\":{\"@type\":\"ImageObject\",\"inLanguage\":\"fr-FR\",\"@id\":\"https:\\\/\\\/www.organisator.ch\\\/#\\\/schema\\\/logo\\\/image\\\/\",\"url\":\"https:\\\/\\\/www.organisator.ch\\\/wp-content\\\/uploads\\\/2022\\\/01\\\/Logo_Organisator_Website.png\",\"contentUrl\":\"https:\\\/\\\/www.organisator.ch\\\/wp-content\\\/uploads\\\/2022\\\/01\\\/Logo_Organisator_Website.png\",\"width\":800,\"height\":77,\"caption\":\"Organisator\"},\"image\":{\"@id\":\"https:\\\/\\\/www.organisator.ch\\\/#\\\/schema\\\/logo\\\/image\\\/\"},\"sameAs\":[\"https:\\\/\\\/www.facebook.com\\\/OrganisatorFachmagazin\",\"https:\\\/\\\/www.linkedin.com\\\/showcase\\\/organisator-das-magazin-fr-kmu\",\"https:\\\/\\\/www.xing.com\\\/news\\\/pages\\\/organisator-ch-695\",\"https:\\\/\\\/www.youtube.com\\\/channel\\\/UCGP2Sq0iWaZwT3BdIAQFYpw\"]},{\"@type\":\"Person\",\"@id\":\"https:\\\/\\\/www.organisator.ch\\\/#\\\/schema\\\/person\\\/a800b8c54e208b160517a7dcc323161d\",\"name\":\"roger.straessle\",\"image\":{\"@type\":\"ImageObject\",\"inLanguage\":\"fr-FR\",\"@id\":\"https:\\\/\\\/secure.gravatar.com\\\/avatar\\\/?s=96&d=mm&r=g\",\"url\":\"https:\\\/\\\/secure.gravatar.com\\\/avatar\\\/?s=96&d=mm&r=g\",\"contentUrl\":\"https:\\\/\\\/secure.gravatar.com\\\/avatar\\\/?s=96&d=mm&r=g\",\"caption\":\"roger.straessle\"},\"url\":\"https:\\\/\\\/www.organisator.ch\\\/fr\\\/author\\\/roger-straessle\\\/\"}]}<\/script>\n<!-- \/ Yoast SEO plugin. -->","yoast_head_json":{"title":"Le savoir-faire suisse \u00e0 l'Expo Duba\u00ef - Organisateur","description":"Plusieurs entreprises suisses montreront en octobre ce qu'elles ont \u00e0 offrir lors du Swiss Climate Show \u00e0 la Maison de la Suisse \u00e0 Duba\u00ef.","robots":{"index":"index","follow":"follow","max-snippet":"max-snippet:-1","max-image-preview":"max-image-preview:large","max-video-preview":"max-video-preview:-1"},"canonical":"https:\/\/www.organisator.ch\/fr\/general\/2021-09-21\/schweizer-know-how-an-der-expo-dubai\/","og_locale":"fr_FR","og_type":"article","og_title":"Schweizer Know-how an der Expo Dubai - Organisator","og_description":"Mehrere Schweizer Firmen werden im Oktober an der Swiss Climate Show im House of Switzerland in Dubai zeigen, was sie zu bieten haben.","og_url":"https:\/\/www.organisator.ch\/fr\/general\/2021-09-21\/schweizer-know-how-an-der-expo-dubai\/","og_site_name":"Organisator","article_publisher":"https:\/\/www.facebook.com\/OrganisatorFachmagazin","article_published_time":"2021-09-21T12:50:34+00:00","og_image":[{"width":1009,"height":687,"url":"https:\/\/www.organisator.ch\/wp-content\/uploads\/2021\/09\/ClimateShow_Symbolbild_Dubai.49.png","type":"image\/png"}],"author":"roger.straessle","twitter_card":"summary_large_image","schema":{"@context":"https:\/\/schema.org","@graph":[{"@type":"Article","@id":"https:\/\/www.organisator.ch\/fr\/general\/2021-09-21\/schweizer-know-how-an-der-expo-dubai\/#article","isPartOf":{"@id":"https:\/\/www.organisator.ch\/fr\/general\/2021-09-21\/schweizer-know-how-an-der-expo-dubai\/"},"author":{"name":"roger.straessle","@id":"https:\/\/www.organisator.ch\/#\/schema\/person\/a800b8c54e208b160517a7dcc323161d"},"headline":"Schweizer Know-how an der Expo Dubai","datePublished":"2021-09-21T12:50:34+00:00","mainEntityOfPage":{"@id":"https:\/\/www.organisator.ch\/fr\/general\/2021-09-21\/schweizer-know-how-an-der-expo-dubai\/"},"wordCount":821,"publisher":{"@id":"https:\/\/www.organisator.ch\/#organization"},"image":{"@id":"https:\/\/www.organisator.ch\/fr\/general\/2021-09-21\/schweizer-know-how-an-der-expo-dubai\/#primaryimage"},"thumbnailUrl":"https:\/\/www.organisator.ch\/wp-content\/uploads\/2021\/09\/ClimateShow_Symbolbild_Dubai.49.png","keywords":["Climate Show","House of Switzerland"],"articleSection":["Allgemein"],"inLanguage":"fr-FR"},{"@type":"WebPage","@id":"https:\/\/www.organisator.ch\/fr\/general\/2021-09-21\/schweizer-know-how-an-der-expo-dubai\/","url":"https:\/\/www.organisator.ch\/fr\/general\/2021-09-21\/schweizer-know-how-an-der-expo-dubai\/","name":"Le savoir-faire suisse \u00e0 l'Expo Duba\u00ef - Organisateur","isPartOf":{"@id":"https:\/\/www.organisator.ch\/#website"},"primaryImageOfPage":{"@id":"https:\/\/www.organisator.ch\/fr\/general\/2021-09-21\/schweizer-know-how-an-der-expo-dubai\/#primaryimage"},"image":{"@id":"https:\/\/www.organisator.ch\/fr\/general\/2021-09-21\/schweizer-know-how-an-der-expo-dubai\/#primaryimage"},"thumbnailUrl":"https:\/\/www.organisator.ch\/wp-content\/uploads\/2021\/09\/ClimateShow_Symbolbild_Dubai.49.png","datePublished":"2021-09-21T12:50:34+00:00","description":"Plusieurs entreprises suisses montreront en octobre ce qu'elles ont \u00e0 offrir lors du Swiss Climate Show \u00e0 la Maison de la Suisse \u00e0 Duba\u00ef.","breadcrumb":{"@id":"https:\/\/www.organisator.ch\/fr\/general\/2021-09-21\/schweizer-know-how-an-der-expo-dubai\/#breadcrumb"},"inLanguage":"fr-FR","potentialAction":[{"@type":"ReadAction","target":["https:\/\/www.organisator.ch\/fr\/general\/2021-09-21\/schweizer-know-how-an-der-expo-dubai\/"]}]},{"@type":"ImageObject","inLanguage":"fr-FR","@id":"https:\/\/www.organisator.ch\/fr\/general\/2021-09-21\/schweizer-know-how-an-der-expo-dubai\/#primaryimage","url":"https:\/\/www.organisator.ch\/wp-content\/uploads\/2021\/09\/ClimateShow_Symbolbild_Dubai.49.png","contentUrl":"https:\/\/www.organisator.ch\/wp-content\/uploads\/2021\/09\/ClimateShow_Symbolbild_Dubai.49.png","width":1009,"height":687,"caption":"\u00a9 zVg"},{"@type":"BreadcrumbList","@id":"https:\/\/www.organisator.ch\/fr\/general\/2021-09-21\/schweizer-know-how-an-der-expo-dubai\/#breadcrumb","itemListElement":[{"@type":"ListItem","position":1,"name":"Home","item":"https:\/\/www.organisator.ch\/"},{"@type":"ListItem","position":2,"name":"Schweizer Know-how an der Expo Dubai"}]},{"@type":"WebSite","@id":"https:\/\/www.organisator.ch\/#website","url":"https:\/\/www.organisator.ch\/","name":"Organisateur","description":"Comp\u00e9tence et comp\u00e9tence. Proches de la pratique. L'ORGANISATEUR pr\u00e9pare 10 num\u00e9ros par an sur les th\u00e8mes essentiels pour les dirigeants de PME.","publisher":{"@id":"https:\/\/www.organisator.ch\/#organization"},"potentialAction":[{"@type":"SearchAction","target":{"@type":"EntryPoint","urlTemplate":"https:\/\/www.organisator.ch\/?s={search_term_string}"},"query-input":{"@type":"PropertyValueSpecification","valueRequired":true,"valueName":"search_term_string"}}],"inLanguage":"fr-FR"},{"@type":"Organization","@id":"https:\/\/www.organisator.ch\/#organization","name":"Organisateur","url":"https:\/\/www.organisator.ch\/","logo":{"@type":"ImageObject","inLanguage":"fr-FR","@id":"https:\/\/www.organisator.ch\/#\/schema\/logo\/image\/","url":"https:\/\/www.organisator.ch\/wp-content\/uploads\/2022\/01\/Logo_Organisator_Website.png","contentUrl":"https:\/\/www.organisator.ch\/wp-content\/uploads\/2022\/01\/Logo_Organisator_Website.png","width":800,"height":77,"caption":"Organisator"},"image":{"@id":"https:\/\/www.organisator.ch\/#\/schema\/logo\/image\/"},"sameAs":["https:\/\/www.facebook.com\/OrganisatorFachmagazin","https:\/\/www.linkedin.com\/showcase\/organisator-das-magazin-fr-kmu","https:\/\/www.xing.com\/news\/pages\/organisator-ch-695","https:\/\/www.youtube.com\/channel\/UCGP2Sq0iWaZwT3BdIAQFYpw"]},{"@type":"Person","@id":"https:\/\/www.organisator.ch\/#\/schema\/person\/a800b8c54e208b160517a7dcc323161d","name":"roger.straessle","image":{"@type":"ImageObject","inLanguage":"fr-FR","@id":"https:\/\/secure.gravatar.com\/avatar\/?s=96&d=mm&r=g","url":"https:\/\/secure.gravatar.com\/avatar\/?s=96&d=mm&r=g","contentUrl":"https:\/\/secure.gravatar.com\/avatar\/?s=96&d=mm&r=g","caption":"roger.straessle"},"url":"https:\/\/www.organisator.ch\/fr\/author\/roger-straessle\/"}]}},"_links":{"self":[{"href":"https:\/\/www.organisator.ch\/fr\/wp-json\/wp\/v2\/posts\/10329","targetHints":{"allow":["GET"]}}],"collection":[{"href":"https:\/\/www.organisator.ch\/fr\/wp-json\/wp\/v2\/posts"}],"about":[{"href":"https:\/\/www.organisator.ch\/fr\/wp-json\/wp\/v2\/types\/post"}],"author":[{"embeddable":true,"href":"https:\/\/www.organisator.ch\/fr\/wp-json\/wp\/v2\/users\/6"}],"replies":[{"embeddable":true,"href":"https:\/\/www.organisator.ch\/fr\/wp-json\/wp\/v2\/comments?post=10329"}],"version-history":[{"count":0,"href":"https:\/\/www.organisator.ch\/fr\/wp-json\/wp\/v2\/posts\/10329\/revisions"}],"wp:featuredmedia":[{"embeddable":true,"href":"https:\/\/www.organisator.ch\/fr\/wp-json\/wp\/v2\/media\/9854"}],"wp:attachment":[{"href":"https:\/\/www.organisator.ch\/fr\/wp-json\/wp\/v2\/media?parent=10329"}],"wp:term":[{"taxonomy":"category","embeddable":true,"href":"https:\/\/www.organisator.ch\/fr\/wp-json\/wp\/v2\/categories?post=10329"},{"taxonomy":"post_tag","embeddable":true,"href":"https:\/\/www.organisator.ch\/fr\/wp-json\/wp\/v2\/tags?post=10329"}],"curies":[{"name":"wp","href":"https:\/\/api.w.org\/{rel}","templated":true}]}}