{"id":1033,"date":"2016-08-05T08:48:04","date_gmt":"2016-08-05T06:48:04","guid":{"rendered":"http:\/\/dev.organisator.ch\/?p=1033"},"modified":"2016-08-05T08:48:04","modified_gmt":"2016-08-05T06:48:04","slug":"workplace-modernisierungen-steigern-produktivitaet-um-ein-vielfaches","status":"publish","type":"post","link":"https:\/\/www.organisator.ch\/fr\/human-resources\/hrm\/2016-08-05\/workplace-modernisierungen-steigern-produktivitaet-um-ein-vielfaches\/","title":{"rendered":"Lieu de travail : les modernisations d\u00e9cuplent la productivit\u00e9"},"content":{"rendered":"<figure id=\"attachment_1034\" aria-describedby=\"caption-attachment-1034\" style=\"width: 680px\" class=\"wp-caption alignnone\"><img loading=\"lazy\" decoding=\"async\" class=\"size-medium wp-image-1034\" src=\"https:\/\/organisator.ch\/wp-content\/uploads\/2016\/12\/Workplace-Modernisierungen-steigern-Produktivit\u00e4t-um-ein-Vielfaches-organisator.jpg\" alt=\"\" width=\"680\" height=\"454\" \/><figcaption id=\"caption-attachment-1034\" class=\"wp-caption-text\">Les employ\u00e9s modernes pr\u00e9f\u00e8rent les appareils et les applications ind\u00e9pendants du lieu. (Image : depositphotos)<\/figcaption><\/figure>\n<p>L'enqu\u00eate de march\u00e9 a \u00e9t\u00e9 men\u00e9e en juin 2016 aupr\u00e8s de 281 organisations. Les responsables informatiques et les travailleurs du savoir interrog\u00e9s ont indiqu\u00e9 pour l'\u00e9tude qu'une modernisation aurait un impact significatif sur la productivit\u00e9 (+38%), les co\u00fbts (-26%) et le Shadow IT (-22%). Les solutions de gestion unifi\u00e9e des terminaux (UEM), telles que celles propos\u00e9es par Matrix42, joueraient un r\u00f4le important \u00e0 cet \u00e9gard.<\/p>\n<p><strong>Simplification gr\u00e2ce \u00e0 une meilleure strat\u00e9gie<\/strong><\/p>\n<p>Il n'en reste pas moins que 45% des personnes interrog\u00e9es voient dans les solutions Matrix42 une simplification du support aux utilisateurs et des droits d'acc\u00e8s, et 41% une r\u00e9duction des co\u00fbts, par exemple gr\u00e2ce \u00e0 une consolidation des outils.<\/p>\n<p>Selon l'\u00e9tude IDC, en raison d'autres questions urgentes, un retard d'investissement s'est form\u00e9 ces derni\u00e8res ann\u00e9es en ce qui concerne les postes de travail informatiques, que les entreprises souhaitent \u00e0 pr\u00e9sent r\u00e9duire davantage. Une strat\u00e9gie d'avenir pour le lieu de travail doit aider \u00e0 augmenter la productivit\u00e9 des collaborateurs, \u00e0 r\u00e9duire les co\u00fbts et \u00e0 rendre la marque employeur plus attrayante pour les jeunes professionnels passionn\u00e9s de technologie.<\/p>\n<p><strong>Des bureaux adapt\u00e9s au style de vie<\/strong><\/p>\n<p>Pour 35% des personnes interrog\u00e9es, la modernisation des postes de travail informatiques est le domaine d'action le plus important des deux prochaines ann\u00e9es ; seule la s\u00e9curit\u00e9 informatique a \u00e9t\u00e9 jug\u00e9e plus urgente (55%). La modernisation est particuli\u00e8rement demand\u00e9e par les jeunes professionnels de la g\u00e9n\u00e9ration Y, qui souhaitent que leur style de vie \"Always on\" se retrouve \u00e9galement dans leur environnement de travail (46%).<\/p>\n<p>\"La mani\u00e8re dont les travailleurs du savoir veulent travailler aujourd'hui est fondamentalement diff\u00e9rente de celle d'autrefois et est en outre soumise \u00e0 des changements constants. Un poste de travail informatique moderne rec\u00e8le un \u00e9norme potentiel de productivit\u00e9 et d'\u00e9conomies. Pour exploiter ce potentiel, les entreprises devraient lib\u00e9rer d\u00e8s maintenant les investissements n\u00e9cessaires, mais retenus jusqu'\u00e0 pr\u00e9sent, faute de quoi elles risquent d'\u00eatre d\u00e9savantag\u00e9es par rapport \u00e0 la concurrence, notamment en ce qui concerne la transformation num\u00e9rique\", explique Mark Alexander Schulte, Senior Consultant chez IDC.<\/p>\n<p>Le consommateur professionnel d'aujourd'hui veut avoir acc\u00e8s \u00e0 l'informatique de l'entreprise \u00e0 tout moment et en tout lieu - avec les meilleures performances et la meilleure disponibilit\u00e9. En m\u00eame temps, l'informatique doit \u00eatre soulag\u00e9e face \u00e0 la diversit\u00e9 croissante des appareils et des syst\u00e8mes d'exploitation\", explique Oliver Bendig, CTO Matrix42.<\/p>\n<p><strong>\u00c9viter une fragmentation croissante<\/strong><\/p>\n<p>45% des personnes interrog\u00e9es souhaitent simplifier l'assistance aux utilisateurs et les droits d'acc\u00e8s gr\u00e2ce \u00e0 une gestion unifi\u00e9e de l'espace de travail. Vient ensuite l'attente d'une r\u00e9duction des co\u00fbts, par exemple gr\u00e2ce \u00e0 la consolidation des outils (41 %). Dans l'ensemble, les exigences envers les offres correspondantes sont \u00e9lev\u00e9es. Matrix42 propose par exemple une suite compl\u00e8te de gestion unifi\u00e9e des terminaux, qui comprend \u00e9galement la gestion des actifs et des licences. Ce qui est nouveau pour les utilisateurs, c'est que la solution est licenci\u00e9e par utilisateur et non par appareil, comme c'est le cas pour d'autres solutions.<\/p>\n<p>Au vu des r\u00e9sultats, IDC recommande d'acc\u00e9l\u00e9rer la modernisation des postes de travail informatiques et de ne pas reporter les investissements. Pour ce faire, les responsables devraient garder un \u0153il attentif sur les pr\u00e9f\u00e9rences des employ\u00e9s actuels et futurs, notamment en ce qui concerne les jeunes professionnels qui constitueront la majorit\u00e9 des travailleurs dans quelques ann\u00e9es. En outre, les responsables informatiques devraient se concentrer davantage sur le d\u00e9veloppement d'applications et de donn\u00e9es ind\u00e9pendantes des appareils et du lieu et se pencher sur les possibilit\u00e9s d'une gestion unifi\u00e9e de l'espace de travail.<\/p>\n<p><a href=\"http:\/\/www.matrix42.com\" target=\"_blank\" rel=\"noreferrer noopener\" data-cke-saved-href=\"http:\/\/www.matrix42.com\">www.matrix42.com<\/a><\/p>","protected":false},"excerpt":{"rendered":"<p>Die Marktbefragung wurde im Juni 2016 in 281 Organisationen durchgef\u00fchrt. Die befragten IT-Verantwortlichen und verantwortlichen Wissensarbeiter gaben f\u00fcr die Studie an, dass sich eine Modernisierung signifikant auf die Produktivit\u00e4t (+38 Prozent), die Kosten (-26 Prozent) und die Schatten-IT (-22 Prozent) auswirken w\u00fcrde. Eine wichtige Rolle w\u00fcrde dabei Unified Endpoint Management (UEM)-L\u00f6sungen zukommen, wie sie Matrix42 [&hellip;]<\/p>\n","protected":false},"author":1,"featured_media":1034,"comment_status":"open","ping_status":"open","sticky":false,"template":"","format":"standard","meta":{"_acf_changed":false,"_yoast_wpseo_focuskw":"Workplace","_yoast_wpseo_metadesc":"Die Workplace-Modernisierung z\u00e4hlt nach der IT-Sicherheit zu den wichtigsten Anforderungen in einem Betrieb. Leider misslingt die Modernisierung.","articlekey":"","footnotes":""},"categories":[26],"tags":[51,254,459],"class_list":["post-1033","post","type-post","status-publish","format-standard","has-post-thumbnail","hentry","category-hrm","tag-arbeitsplatzgestaltung","tag-hrm","tag-studie"],"acf":[],"yoast_head":"<!-- This site is optimized with the Yoast SEO plugin v27.4 - https:\/\/yoast.com\/product\/yoast-seo-wordpress\/ -->\n<title>Workplace: Modernisierungen steigern Produktivit\u00e4t um ein Vielfaches - Organisator<\/title>\n<meta name=\"description\" content=\"Die Workplace-Modernisierung z\u00e4hlt nach der IT-Sicherheit zu den wichtigsten Anforderungen in einem Betrieb. Leider misslingt die Modernisierung.\" \/>\n<meta name=\"robots\" content=\"index, follow, max-snippet:-1, max-image-preview:large, max-video-preview:-1\" \/>\n<link rel=\"canonical\" href=\"https:\/\/www.organisator.ch\/fr\/ressources-humaines\/hrm\/2016-08-05\/workplace-modernisierungen-steigern-produktivitaet-um-ein-vielfaches\/\" \/>\n<meta property=\"og:locale\" content=\"fr_FR\" \/>\n<meta property=\"og:type\" content=\"article\" \/>\n<meta property=\"og:title\" content=\"Workplace: Modernisierungen steigern Produktivit\u00e4t um ein Vielfaches\" \/>\n<meta property=\"og:description\" content=\"Die Workplace-Modernisierung z\u00e4hlt nach der IT-Sicherheit zu den wichtigsten Anforderungen in einem Betrieb. Leider misslingt die Modernisierung, oder sie bleibt \u00fcber Jahre auf der Strecke. Das ist kontraproduktiv. Das f\u00fchrende Marktforschungs- und Beratungsunternehmen International Data Corporation (IDC) hat eine aktuelle Untersuchung zum Thema IT-Arbeitspl\u00e4tze vorgelegt, die Studie wurde u.a. von Matrix42 unterst\u00fctzt.\" \/>\n<meta property=\"og:url\" content=\"https:\/\/www.organisator.ch\/fr\/ressources-humaines\/hrm\/2016-08-05\/workplace-modernisierungen-steigern-produktivitaet-um-ein-vielfaches\/\" \/>\n<meta property=\"og:site_name\" content=\"Organisator\" \/>\n<meta property=\"article:publisher\" content=\"https:\/\/www.facebook.com\/OrganisatorFachmagazin\" \/>\n<meta property=\"article:published_time\" content=\"2016-08-05T06:48:04+00:00\" \/>\n<meta name=\"author\" content=\"admin\" \/>\n<meta name=\"twitter:card\" content=\"summary_large_image\" \/>\n<meta name=\"twitter:image\" content=\"https:\/\/www.organisator.ch\/wp-content\/uploads\/2016\/12\/Workplace-Modernisierungen-steigern-Produktivitaet-um-ein-Vielfaches-organisator.jpg\" \/>\n<script type=\"application\/ld+json\" class=\"yoast-schema-graph\">{\"@context\":\"https:\\\/\\\/schema.org\",\"@graph\":[{\"@type\":\"Article\",\"@id\":\"https:\\\/\\\/www.organisator.ch\\\/human-resources\\\/hrm\\\/2016-08-05\\\/workplace-modernisierungen-steigern-produktivitaet-um-ein-vielfaches\\\/#article\",\"isPartOf\":{\"@id\":\"https:\\\/\\\/www.organisator.ch\\\/human-resources\\\/hrm\\\/2016-08-05\\\/workplace-modernisierungen-steigern-produktivitaet-um-ein-vielfaches\\\/\"},\"author\":{\"name\":\"admin\",\"@id\":\"https:\\\/\\\/www.organisator.ch\\\/#\\\/schema\\\/person\\\/aa2bace6c5c5aad60102004a50c4eb1c\"},\"headline\":\"Workplace: Modernisierungen steigern Produktivit\u00e4t um ein Vielfaches\",\"datePublished\":\"2016-08-05T06:48:04+00:00\",\"mainEntityOfPage\":{\"@id\":\"https:\\\/\\\/www.organisator.ch\\\/human-resources\\\/hrm\\\/2016-08-05\\\/workplace-modernisierungen-steigern-produktivitaet-um-ein-vielfaches\\\/\"},\"wordCount\":497,\"commentCount\":0,\"publisher\":{\"@id\":\"https:\\\/\\\/www.organisator.ch\\\/#organization\"},\"image\":{\"@id\":\"https:\\\/\\\/www.organisator.ch\\\/human-resources\\\/hrm\\\/2016-08-05\\\/workplace-modernisierungen-steigern-produktivitaet-um-ein-vielfaches\\\/#primaryimage\"},\"thumbnailUrl\":\"https:\\\/\\\/www.organisator.ch\\\/wp-content\\\/uploads\\\/2016\\\/12\\\/Workplace-Modernisierungen-steigern-Produktivitaet-um-ein-Vielfaches-organisator.jpg\",\"keywords\":[\"Arbeitsplatzgestaltung\",\"HRM\",\"Studie\"],\"articleSection\":[\"HRM\"],\"inLanguage\":\"fr-FR\"},{\"@type\":\"WebPage\",\"@id\":\"https:\\\/\\\/www.organisator.ch\\\/human-resources\\\/hrm\\\/2016-08-05\\\/workplace-modernisierungen-steigern-produktivitaet-um-ein-vielfaches\\\/\",\"url\":\"https:\\\/\\\/www.organisator.ch\\\/human-resources\\\/hrm\\\/2016-08-05\\\/workplace-modernisierungen-steigern-produktivitaet-um-ein-vielfaches\\\/\",\"name\":\"Workplace: Modernisierungen steigern Produktivit\u00e4t um ein Vielfaches - Organisator\",\"isPartOf\":{\"@id\":\"https:\\\/\\\/www.organisator.ch\\\/#website\"},\"primaryImageOfPage\":{\"@id\":\"https:\\\/\\\/www.organisator.ch\\\/human-resources\\\/hrm\\\/2016-08-05\\\/workplace-modernisierungen-steigern-produktivitaet-um-ein-vielfaches\\\/#primaryimage\"},\"image\":{\"@id\":\"https:\\\/\\\/www.organisator.ch\\\/human-resources\\\/hrm\\\/2016-08-05\\\/workplace-modernisierungen-steigern-produktivitaet-um-ein-vielfaches\\\/#primaryimage\"},\"thumbnailUrl\":\"https:\\\/\\\/www.organisator.ch\\\/wp-content\\\/uploads\\\/2016\\\/12\\\/Workplace-Modernisierungen-steigern-Produktivitaet-um-ein-Vielfaches-organisator.jpg\",\"datePublished\":\"2016-08-05T06:48:04+00:00\",\"description\":\"Die Workplace-Modernisierung z\u00e4hlt nach der IT-Sicherheit zu den wichtigsten Anforderungen in einem Betrieb. Leider misslingt die Modernisierung.\",\"breadcrumb\":{\"@id\":\"https:\\\/\\\/www.organisator.ch\\\/human-resources\\\/hrm\\\/2016-08-05\\\/workplace-modernisierungen-steigern-produktivitaet-um-ein-vielfaches\\\/#breadcrumb\"},\"inLanguage\":\"fr-FR\",\"potentialAction\":[{\"@type\":\"ReadAction\",\"target\":[\"https:\\\/\\\/www.organisator.ch\\\/human-resources\\\/hrm\\\/2016-08-05\\\/workplace-modernisierungen-steigern-produktivitaet-um-ein-vielfaches\\\/\"]}]},{\"@type\":\"ImageObject\",\"inLanguage\":\"fr-FR\",\"@id\":\"https:\\\/\\\/www.organisator.ch\\\/human-resources\\\/hrm\\\/2016-08-05\\\/workplace-modernisierungen-steigern-produktivitaet-um-ein-vielfaches\\\/#primaryimage\",\"url\":\"https:\\\/\\\/www.organisator.ch\\\/wp-content\\\/uploads\\\/2016\\\/12\\\/Workplace-Modernisierungen-steigern-Produktivitaet-um-ein-Vielfaches-organisator.jpg\",\"contentUrl\":\"https:\\\/\\\/www.organisator.ch\\\/wp-content\\\/uploads\\\/2016\\\/12\\\/Workplace-Modernisierungen-steigern-Produktivitaet-um-ein-Vielfaches-organisator.jpg\",\"width\":866,\"height\":578,\"caption\":\"Moderne Angestellte pr\u00e4ferieren ortsunabh\u00e4ngige Ger\u00e4te und Applikationen. (Bild: depositphotos)\"},{\"@type\":\"BreadcrumbList\",\"@id\":\"https:\\\/\\\/www.organisator.ch\\\/human-resources\\\/hrm\\\/2016-08-05\\\/workplace-modernisierungen-steigern-produktivitaet-um-ein-vielfaches\\\/#breadcrumb\",\"itemListElement\":[{\"@type\":\"ListItem\",\"position\":1,\"name\":\"Home\",\"item\":\"https:\\\/\\\/www.organisator.ch\\\/\"},{\"@type\":\"ListItem\",\"position\":2,\"name\":\"Workplace: Modernisierungen steigern Produktivit\u00e4t um ein Vielfaches\"}]},{\"@type\":\"WebSite\",\"@id\":\"https:\\\/\\\/www.organisator.ch\\\/#website\",\"url\":\"https:\\\/\\\/www.organisator.ch\\\/\",\"name\":\"Organisator\",\"description\":\"Kompetent. Praxisnah. Der ORGANISATOR bereitet in 10 Ausgaben pro Jahr die wesentlichen Themen f\u00fcr F\u00fchrungskr\u00e4fte von KMU auf.\",\"publisher\":{\"@id\":\"https:\\\/\\\/www.organisator.ch\\\/#organization\"},\"potentialAction\":[{\"@type\":\"SearchAction\",\"target\":{\"@type\":\"EntryPoint\",\"urlTemplate\":\"https:\\\/\\\/www.organisator.ch\\\/?s={search_term_string}\"},\"query-input\":{\"@type\":\"PropertyValueSpecification\",\"valueRequired\":true,\"valueName\":\"search_term_string\"}}],\"inLanguage\":\"fr-FR\"},{\"@type\":\"Organization\",\"@id\":\"https:\\\/\\\/www.organisator.ch\\\/#organization\",\"name\":\"Organisator\",\"url\":\"https:\\\/\\\/www.organisator.ch\\\/\",\"logo\":{\"@type\":\"ImageObject\",\"inLanguage\":\"fr-FR\",\"@id\":\"https:\\\/\\\/www.organisator.ch\\\/#\\\/schema\\\/logo\\\/image\\\/\",\"url\":\"https:\\\/\\\/www.organisator.ch\\\/wp-content\\\/uploads\\\/2022\\\/01\\\/Logo_Organisator_Website.png\",\"contentUrl\":\"https:\\\/\\\/www.organisator.ch\\\/wp-content\\\/uploads\\\/2022\\\/01\\\/Logo_Organisator_Website.png\",\"width\":800,\"height\":77,\"caption\":\"Organisator\"},\"image\":{\"@id\":\"https:\\\/\\\/www.organisator.ch\\\/#\\\/schema\\\/logo\\\/image\\\/\"},\"sameAs\":[\"https:\\\/\\\/www.facebook.com\\\/OrganisatorFachmagazin\",\"https:\\\/\\\/www.linkedin.com\\\/showcase\\\/organisator-das-magazin-fr-kmu\",\"https:\\\/\\\/www.xing.com\\\/news\\\/pages\\\/organisator-ch-695\",\"https:\\\/\\\/www.youtube.com\\\/channel\\\/UCGP2Sq0iWaZwT3BdIAQFYpw\"]},{\"@type\":\"Person\",\"@id\":\"https:\\\/\\\/www.organisator.ch\\\/#\\\/schema\\\/person\\\/aa2bace6c5c5aad60102004a50c4eb1c\",\"name\":\"admin\",\"image\":{\"@type\":\"ImageObject\",\"inLanguage\":\"fr-FR\",\"@id\":\"https:\\\/\\\/secure.gravatar.com\\\/avatar\\\/ae2f4d718e6c49043e314ce431e7e645d646302a24a5ef5a8bc8e3f5a032e319?s=96&d=mm&r=g\",\"url\":\"https:\\\/\\\/secure.gravatar.com\\\/avatar\\\/ae2f4d718e6c49043e314ce431e7e645d646302a24a5ef5a8bc8e3f5a032e319?s=96&d=mm&r=g\",\"contentUrl\":\"https:\\\/\\\/secure.gravatar.com\\\/avatar\\\/ae2f4d718e6c49043e314ce431e7e645d646302a24a5ef5a8bc8e3f5a032e319?s=96&d=mm&r=g\",\"caption\":\"admin\"},\"sameAs\":[\"https:\\\/\\\/www.organisator.ch\"],\"url\":\"https:\\\/\\\/www.organisator.ch\\\/fr\\\/author\\\/admin\\\/\"}]}<\/script>\n<!-- \/ Yoast SEO plugin. -->","yoast_head_json":{"title":"Workplace : les modernisations d\u00e9cuplent la productivit\u00e9 - Organisator","description":"Apr\u00e8s la s\u00e9curit\u00e9 informatique, la modernisation du lieu de travail fait partie des exigences les plus importantes dans une entreprise. Malheureusement, la modernisation \u00e9choue.","robots":{"index":"index","follow":"follow","max-snippet":"max-snippet:-1","max-image-preview":"max-image-preview:large","max-video-preview":"max-video-preview:-1"},"canonical":"https:\/\/www.organisator.ch\/fr\/ressources-humaines\/hrm\/2016-08-05\/workplace-modernisierungen-steigern-produktivitaet-um-ein-vielfaches\/","og_locale":"fr_FR","og_type":"article","og_title":"Workplace: Modernisierungen steigern Produktivit\u00e4t um ein Vielfaches","og_description":"Die Workplace-Modernisierung z\u00e4hlt nach der IT-Sicherheit zu den wichtigsten Anforderungen in einem Betrieb. Leider misslingt die Modernisierung, oder sie bleibt \u00fcber Jahre auf der Strecke. Das ist kontraproduktiv. Das f\u00fchrende Marktforschungs- und Beratungsunternehmen International Data Corporation (IDC) hat eine aktuelle Untersuchung zum Thema IT-Arbeitspl\u00e4tze vorgelegt, die Studie wurde u.a. von Matrix42 unterst\u00fctzt.","og_url":"https:\/\/www.organisator.ch\/fr\/ressources-humaines\/hrm\/2016-08-05\/workplace-modernisierungen-steigern-produktivitaet-um-ein-vielfaches\/","og_site_name":"Organisator","article_publisher":"https:\/\/www.facebook.com\/OrganisatorFachmagazin","article_published_time":"2016-08-05T06:48:04+00:00","author":"admin","twitter_card":"summary_large_image","twitter_image":"https:\/\/www.organisator.ch\/wp-content\/uploads\/2016\/12\/Workplace-Modernisierungen-steigern-Produktivitaet-um-ein-Vielfaches-organisator.jpg","schema":{"@context":"https:\/\/schema.org","@graph":[{"@type":"Article","@id":"https:\/\/www.organisator.ch\/human-resources\/hrm\/2016-08-05\/workplace-modernisierungen-steigern-produktivitaet-um-ein-vielfaches\/#article","isPartOf":{"@id":"https:\/\/www.organisator.ch\/human-resources\/hrm\/2016-08-05\/workplace-modernisierungen-steigern-produktivitaet-um-ein-vielfaches\/"},"author":{"name":"admin","@id":"https:\/\/www.organisator.ch\/#\/schema\/person\/aa2bace6c5c5aad60102004a50c4eb1c"},"headline":"Workplace: Modernisierungen steigern Produktivit\u00e4t um ein Vielfaches","datePublished":"2016-08-05T06:48:04+00:00","mainEntityOfPage":{"@id":"https:\/\/www.organisator.ch\/human-resources\/hrm\/2016-08-05\/workplace-modernisierungen-steigern-produktivitaet-um-ein-vielfaches\/"},"wordCount":497,"commentCount":0,"publisher":{"@id":"https:\/\/www.organisator.ch\/#organization"},"image":{"@id":"https:\/\/www.organisator.ch\/human-resources\/hrm\/2016-08-05\/workplace-modernisierungen-steigern-produktivitaet-um-ein-vielfaches\/#primaryimage"},"thumbnailUrl":"https:\/\/www.organisator.ch\/wp-content\/uploads\/2016\/12\/Workplace-Modernisierungen-steigern-Produktivitaet-um-ein-Vielfaches-organisator.jpg","keywords":["Arbeitsplatzgestaltung","HRM","Studie"],"articleSection":["HRM"],"inLanguage":"fr-FR"},{"@type":"WebPage","@id":"https:\/\/www.organisator.ch\/human-resources\/hrm\/2016-08-05\/workplace-modernisierungen-steigern-produktivitaet-um-ein-vielfaches\/","url":"https:\/\/www.organisator.ch\/human-resources\/hrm\/2016-08-05\/workplace-modernisierungen-steigern-produktivitaet-um-ein-vielfaches\/","name":"Workplace : les modernisations d\u00e9cuplent la productivit\u00e9 - Organisator","isPartOf":{"@id":"https:\/\/www.organisator.ch\/#website"},"primaryImageOfPage":{"@id":"https:\/\/www.organisator.ch\/human-resources\/hrm\/2016-08-05\/workplace-modernisierungen-steigern-produktivitaet-um-ein-vielfaches\/#primaryimage"},"image":{"@id":"https:\/\/www.organisator.ch\/human-resources\/hrm\/2016-08-05\/workplace-modernisierungen-steigern-produktivitaet-um-ein-vielfaches\/#primaryimage"},"thumbnailUrl":"https:\/\/www.organisator.ch\/wp-content\/uploads\/2016\/12\/Workplace-Modernisierungen-steigern-Produktivitaet-um-ein-Vielfaches-organisator.jpg","datePublished":"2016-08-05T06:48:04+00:00","description":"Apr\u00e8s la s\u00e9curit\u00e9 informatique, la modernisation du lieu de travail fait partie des exigences les plus importantes dans une entreprise. Malheureusement, la modernisation \u00e9choue.","breadcrumb":{"@id":"https:\/\/www.organisator.ch\/human-resources\/hrm\/2016-08-05\/workplace-modernisierungen-steigern-produktivitaet-um-ein-vielfaches\/#breadcrumb"},"inLanguage":"fr-FR","potentialAction":[{"@type":"ReadAction","target":["https:\/\/www.organisator.ch\/human-resources\/hrm\/2016-08-05\/workplace-modernisierungen-steigern-produktivitaet-um-ein-vielfaches\/"]}]},{"@type":"ImageObject","inLanguage":"fr-FR","@id":"https:\/\/www.organisator.ch\/human-resources\/hrm\/2016-08-05\/workplace-modernisierungen-steigern-produktivitaet-um-ein-vielfaches\/#primaryimage","url":"https:\/\/www.organisator.ch\/wp-content\/uploads\/2016\/12\/Workplace-Modernisierungen-steigern-Produktivitaet-um-ein-Vielfaches-organisator.jpg","contentUrl":"https:\/\/www.organisator.ch\/wp-content\/uploads\/2016\/12\/Workplace-Modernisierungen-steigern-Produktivitaet-um-ein-Vielfaches-organisator.jpg","width":866,"height":578,"caption":"Moderne Angestellte pr\u00e4ferieren ortsunabh\u00e4ngige Ger\u00e4te und Applikationen. (Bild: depositphotos)"},{"@type":"BreadcrumbList","@id":"https:\/\/www.organisator.ch\/human-resources\/hrm\/2016-08-05\/workplace-modernisierungen-steigern-produktivitaet-um-ein-vielfaches\/#breadcrumb","itemListElement":[{"@type":"ListItem","position":1,"name":"Home","item":"https:\/\/www.organisator.ch\/"},{"@type":"ListItem","position":2,"name":"Workplace: Modernisierungen steigern Produktivit\u00e4t um ein Vielfaches"}]},{"@type":"WebSite","@id":"https:\/\/www.organisator.ch\/#website","url":"https:\/\/www.organisator.ch\/","name":"Organisateur","description":"Comp\u00e9tence et comp\u00e9tence. Proches de la pratique. L'ORGANISATEUR pr\u00e9pare 10 num\u00e9ros par an sur les th\u00e8mes essentiels pour les dirigeants de PME.","publisher":{"@id":"https:\/\/www.organisator.ch\/#organization"},"potentialAction":[{"@type":"SearchAction","target":{"@type":"EntryPoint","urlTemplate":"https:\/\/www.organisator.ch\/?s={search_term_string}"},"query-input":{"@type":"PropertyValueSpecification","valueRequired":true,"valueName":"search_term_string"}}],"inLanguage":"fr-FR"},{"@type":"Organization","@id":"https:\/\/www.organisator.ch\/#organization","name":"Organisateur","url":"https:\/\/www.organisator.ch\/","logo":{"@type":"ImageObject","inLanguage":"fr-FR","@id":"https:\/\/www.organisator.ch\/#\/schema\/logo\/image\/","url":"https:\/\/www.organisator.ch\/wp-content\/uploads\/2022\/01\/Logo_Organisator_Website.png","contentUrl":"https:\/\/www.organisator.ch\/wp-content\/uploads\/2022\/01\/Logo_Organisator_Website.png","width":800,"height":77,"caption":"Organisator"},"image":{"@id":"https:\/\/www.organisator.ch\/#\/schema\/logo\/image\/"},"sameAs":["https:\/\/www.facebook.com\/OrganisatorFachmagazin","https:\/\/www.linkedin.com\/showcase\/organisator-das-magazin-fr-kmu","https:\/\/www.xing.com\/news\/pages\/organisator-ch-695","https:\/\/www.youtube.com\/channel\/UCGP2Sq0iWaZwT3BdIAQFYpw"]},{"@type":"Person","@id":"https:\/\/www.organisator.ch\/#\/schema\/person\/aa2bace6c5c5aad60102004a50c4eb1c","name":"admin","image":{"@type":"ImageObject","inLanguage":"fr-FR","@id":"https:\/\/secure.gravatar.com\/avatar\/ae2f4d718e6c49043e314ce431e7e645d646302a24a5ef5a8bc8e3f5a032e319?s=96&d=mm&r=g","url":"https:\/\/secure.gravatar.com\/avatar\/ae2f4d718e6c49043e314ce431e7e645d646302a24a5ef5a8bc8e3f5a032e319?s=96&d=mm&r=g","contentUrl":"https:\/\/secure.gravatar.com\/avatar\/ae2f4d718e6c49043e314ce431e7e645d646302a24a5ef5a8bc8e3f5a032e319?s=96&d=mm&r=g","caption":"admin"},"sameAs":["https:\/\/www.organisator.ch"],"url":"https:\/\/www.organisator.ch\/fr\/author\/admin\/"}]}},"_links":{"self":[{"href":"https:\/\/www.organisator.ch\/fr\/wp-json\/wp\/v2\/posts\/1033","targetHints":{"allow":["GET"]}}],"collection":[{"href":"https:\/\/www.organisator.ch\/fr\/wp-json\/wp\/v2\/posts"}],"about":[{"href":"https:\/\/www.organisator.ch\/fr\/wp-json\/wp\/v2\/types\/post"}],"author":[{"embeddable":true,"href":"https:\/\/www.organisator.ch\/fr\/wp-json\/wp\/v2\/users\/1"}],"replies":[{"embeddable":true,"href":"https:\/\/www.organisator.ch\/fr\/wp-json\/wp\/v2\/comments?post=1033"}],"version-history":[{"count":0,"href":"https:\/\/www.organisator.ch\/fr\/wp-json\/wp\/v2\/posts\/1033\/revisions"}],"wp:featuredmedia":[{"embeddable":true,"href":"https:\/\/www.organisator.ch\/fr\/wp-json\/wp\/v2\/media\/1034"}],"wp:attachment":[{"href":"https:\/\/www.organisator.ch\/fr\/wp-json\/wp\/v2\/media?parent=1033"}],"wp:term":[{"taxonomy":"category","embeddable":true,"href":"https:\/\/www.organisator.ch\/fr\/wp-json\/wp\/v2\/categories?post=1033"},{"taxonomy":"post_tag","embeddable":true,"href":"https:\/\/www.organisator.ch\/fr\/wp-json\/wp\/v2\/tags?post=1033"}],"curies":[{"name":"wp","href":"https:\/\/api.w.org\/{rel}","templated":true}]}}