{"id":10340,"date":"2021-11-02T10:35:40","date_gmt":"2021-11-02T09:35:40","guid":{"rendered":"https:\/\/www.umweltperspektiven.ch\/?p=5032"},"modified":"2022-02-09T11:06:04","modified_gmt":"2022-02-09T10:06:04","slug":"peb-gebaeude-als-klimaloesung","status":"publish","type":"post","link":"https:\/\/www.organisator.ch\/fr\/sustainability\/2021-11-02\/peb-gebaeude-als-klimaloesung\/","title":{"rendered":"Les b\u00e2timents PEB comme solution climatique"},"content":{"rendered":"<p>Cette ann\u00e9e, 71 projets solaires ont \u00e9t\u00e9 d\u00e9pos\u00e9s pour le Prix Solaire Suisse. Pr\u00e8s de la moiti\u00e9 des b\u00e2timents candidats sont des b\u00e2timents \u00e0 \u00e9nergie positive (BEP). Ils produisent plus d'\u00e9lectricit\u00e9 respectueuse du climat qu'ils n'en consomment. Une \u00e9nergie qui peut \u00e9galement \u00eatre utilis\u00e9e pour le trafic routier sans \u00e9missions.<\/p>\n<h2><strong>D'excellents exemples<\/strong><\/h2>\n<p>Le 2 novembre 2021, l'Agence Solaire Suisse a r\u00e9compens\u00e9 les meilleurs projets solaires 20212. Nous pr\u00e9sentons bri\u00e8vement trois b\u00e2timents exemplaires.<\/p>\n<figure id=\"attachment_5040\" aria-describedby=\"caption-attachment-5040\" style=\"width: 680px\" class=\"wp-caption alignnone\"><img loading=\"lazy\" decoding=\"async\" class=\"size-medium wp-image-5040\" src=\"\/\/www.umweltperspektiven.ch\/wp-content\/uploads\/2021\/11\/Fl\u00e4sch_Ansicht-von-Norden-\u00fcberarbeitet.jpg\" alt=\"Construction \u00e0 \u00e9nergie positive\" width=\"680\" height=\"510\" \/><figcaption id=\"caption-attachment-5040\" class=\"wp-caption-text\">Le b\u00e2timent polyvalent r\u00e9nov\u00e9 datant de 1975. Image : Prix Solaire Suisse 2021<\/figcaption><\/figure>\n<h2>Exemple 1 - B\u00e2timent polyvalent<\/h2>\n<p>Ce b\u00e2timent polyvalent de Fl\u00e4sch GR, vieux de 45 ans, est devenu un bijou architectural et \u00e9nerg\u00e9tique apr\u00e8s son extension et sa r\u00e9novation. Avant la r\u00e9novation, le b\u00e2timent consommait environ 60 300 kWh par an. Malgr\u00e9 le doublement de la surface de r\u00e9f\u00e9rence \u00e9nerg\u00e9tique de 874 \u00e0 1564 m2, les besoins \u00e9nerg\u00e9tiques n'ont augment\u00e9 que de 5000 kWh\/a. Cela s'explique par la tr\u00e8s bonne isolation. Une installation photovolta\u00efque de 174 kW orient\u00e9e est-ouest a \u00e9t\u00e9 install\u00e9e sur le toit agrandi. Elle produit 179'700 kWh\/a et assure ainsi une auto-alimentation en \u00e9nergie de 275%, ce qui est consid\u00e9rable. L'\u00e9lectricit\u00e9 exc\u00e9dentaire de 114 200 kWh\/a est directement utilis\u00e9e par la clinique Gut voisine, ce qui r\u00e9duit d'un tiers son pr\u00e9l\u00e8vement d'\u00e9lectricit\u00e9 sur le r\u00e9seau. Gr\u00e2ce \u00e0 cette transformation r\u00e9ussie, la commune de Fl\u00e4sch dispose d\u00e9sormais d'un nouveau b\u00e2timent polyvalent qui, avec l'\u00e9cole, valorise l'image de la commune, souligne le jury du Prix Solaire. Il s'agit du projet gagnant dans la cat\u00e9gorie des b\u00e2timents \u00e0 \u00e9nergie positive.<\/p>\n<figure id=\"attachment_5033\" aria-describedby=\"caption-attachment-5033\" style=\"width: 680px\" class=\"wp-caption alignnone\"><img loading=\"lazy\" decoding=\"async\" class=\"size-medium wp-image-5033\" src=\"\/\/www.umweltperspektiven.ch\/wp-content\/uploads\/2021\/11\/H22-cot\u00e9-jardin.jpg\" alt=\"Construction \u00e0 \u00e9nergie positive\" width=\"680\" height=\"422\" \/><figcaption id=\"caption-attachment-5033\" class=\"wp-caption-text\">Le lotissement \u00e0 \u00e9nergie positive \u00e0 Th\u00f4nex GE. Image : Prix solaire suisse 2021<\/figcaption><\/figure>\n<h2>Exemple 2 - Lotissement Minergie-P<\/h2>\n<p>Le lotissement \u00e0 \u00e9nergie positive r\u00e9alis\u00e9 en 2020 \u00e0 Th\u00f4nex GE, compos\u00e9 de quatre immeubles d'habitation Minergie-P, consomme au total 27'600 kWh par an. Gr\u00e2ce \u00e0 une isolation thermique exemplaire (33 \u00e0 38 cm) et des coefficients U de 0,09 \u00e0 0,10 W\/m2K, la consommation d'\u00e9nergie du complexe immobilier est tr\u00e8s faible. L'installation photovolta\u00efque en toiture de 50,7 kW orient\u00e9e est-ouest produit chaque ann\u00e9e 43 300 kWh d'\u00e9lectricit\u00e9 solaire exempte de CO2. L'auto-approvisionnement en \u00e9nergie s'\u00e9l\u00e8ve ainsi \u00e0 157%. L'exc\u00e9dent d'\u00e9lectricit\u00e9 solaire de 15 700 kWh\/a permet d'alimenter en \u00e9nergie solaire non seulement les quatre v\u00e9hicules \u00e9lectriques des habitants, mais aussi sept autres voitures \u00e9lectriques, qui parcourent chacune 12 000 km par an sans \u00e9missions. Au total, elles \u00e9vitent plus de 30 tonnes d'\u00e9missions de CO2 dues au trafic par an.<\/p>\n<h2>Exemple 3 - Immeubles collectifs<\/h2>\n<p>Les deux immeubles collectifs (MFH) Sunn\u00e4pl\u00e4tzli \u00e0 Giswil OW, avec un total de 15 appartements, sont construits de mani\u00e8re durable. Gr\u00e2ce \u00e0 une bonne isolation du toit, ces b\u00e2timents PEB consomment 126'200 kWh\/a. L'installation photovolta\u00efque de 138 kW sur les toits produit 142'800 kWh d'\u00e9lectricit\u00e9 par an. L'auto-approvisionnement \u00e9nerg\u00e9tique du lotissement s'\u00e9l\u00e8ve \u00e0 113%. Une grande partie du bois utilis\u00e9 dans la construction provient de la r\u00e9gion. Le bois utilis\u00e9 pour le chauffage aux copeaux provient \u00e9galement de la r\u00e9gion. L'exc\u00e9dent d'\u00e9lectricit\u00e9 solaire (approvisionnement \u00e9nerg\u00e9tique propre : 113%) de ces deux immeubles permet \u00e0 douze voitures \u00e9lectriques de parcourir chacune 12 000 km par an sans \u00e9missions.<\/p>\n<figure id=\"attachment_5035\" aria-describedby=\"caption-attachment-5035\" style=\"width: 680px\" class=\"wp-caption alignnone\"><img loading=\"lazy\" decoding=\"async\" class=\"size-medium wp-image-5035\" src=\"\/\/www.umweltperspektiven.ch\/wp-content\/uploads\/2021\/11\/PVA-Sunn\u00e4pl\u00e4tzli-Foto-DJI_0788.jpg\" alt=\"Construction \u00e0 \u00e9nergie positive\" width=\"680\" height=\"453\" \/><figcaption id=\"caption-attachment-5035\" class=\"wp-caption-text\">L'exc\u00e9dent d'\u00e9lectricit\u00e9 de ces deux immeubles collectifs PEB \u00e0 Giswil OW permet \u00e0 l'\u00e9quivalent de douze voitures \u00e9lectriques de parcourir chacune 12'ooo km par an. Image : Prix solaire suisse 2021<\/figcaption><\/figure>\n<p><em>Pour plus d'informations sur les produits propos\u00e9s par l'Agence Solaire Suisse <a href=\"\/\/www.solaragentur.ch\/files\/publikationen\/2021-10-28%20Publikation%20def-reduziert.pdf\">projets et personnalit\u00e9s r\u00e9compens\u00e9s<\/a>.<\/em><\/p>\n<p>&nbsp;<\/p>\n<p><strong><em>Autres th\u00e8mes :<\/em><\/strong><\/p>\n<p><em>\u00a0<\/em><em><a href=\"\/\/www.umweltperspektiven.ch\/die-solare-fassade-kommt-leider-nicht-vom-fleck\/\">La fa\u00e7ade solaire ne d\u00e9colle malheureusement pas<\/a><\/em><\/p>\n<p><a href=\"\/\/www.umweltperspektiven.ch\/solarstrom-infrastrukturanlagen-haben-grosses-potenzial\/\"><em>\u00a0<\/em><em>\u00c9lectricit\u00e9 solaire : les installations d'infrastructure ont un grand potentiel<\/em><\/a><\/p>\n<p>&nbsp;<\/p>","protected":false},"excerpt":{"rendered":"<p>F\u00fcr den diesj\u00e4hrigen Schweizer Solarpreis wurden insgesamt 71 Solarprojekte eingereicht. Bei fast der H\u00e4lfte der Geb\u00e4ude-Bewerbungen handelt es sich um einen sogenannten PlusEnergieBau (PEB). Sie produzieren mehr klimafreundlichen Strom als sie selbst ben\u00f6tigen. Energie, die auch in den emissionsfreien Strassenverkehr fliessen kann. Ausgezeichnete Beispiele Am 2. November 2021 war es so weit, die Solar Agentur [&hellip;]<\/p>\n","protected":false},"author":6,"featured_media":5040,"comment_status":"closed","ping_status":"closed","sticky":false,"template":"","format":"standard","meta":{"_acf_changed":false,"_yoast_wpseo_focuskw":"PlusEnergieBau","_yoast_wpseo_metadesc":"Geb\u00e4ude, die mehr Energie produzieren als sie selbst ben\u00f6tigen, sind eine schlaue Klima-L\u00f6sung. Der 31. Solarpreis zeigt beispielhafte Projekte.","articlekey":"","footnotes":""},"categories":[580],"tags":[1930,2148],"class_list":["post-10340","post","type-post","status-publish","format-standard","has-post-thumbnail","hentry","category-sustainability","tag-plusenergiebau","tag-solarpreis-2021"],"acf":[],"yoast_head":"<!-- This site is optimized with the Yoast SEO plugin v27.5 - https:\/\/yoast.com\/product\/yoast-seo-wordpress\/ -->\n<title>PEB-Geb\u00e4ude als Klimal\u00f6sung - Organisator<\/title>\n<meta name=\"description\" content=\"Geb\u00e4ude, die mehr Energie produzieren als sie selbst ben\u00f6tigen, sind eine schlaue Klima-L\u00f6sung. Der 31. Solarpreis zeigt beispielhafte Projekte.\" \/>\n<meta name=\"robots\" content=\"index, follow, max-snippet:-1, max-image-preview:large, max-video-preview:-1\" \/>\n<link rel=\"canonical\" href=\"https:\/\/www.organisator.ch\/fr\/sustainability\/2021-11-02\/peb-gebaeude-als-klimaloesung\/\" \/>\n<meta property=\"og:locale\" content=\"fr_FR\" \/>\n<meta property=\"og:type\" content=\"article\" \/>\n<meta property=\"og:title\" content=\"PEB-Geb\u00e4ude als Klimal\u00f6sung - Organisator\" \/>\n<meta property=\"og:description\" content=\"Geb\u00e4ude, die mehr Energie produzieren als sie selbst ben\u00f6tigen, sind eine schlaue Klima-L\u00f6sung. Der 31. Solarpreis zeigt beispielhafte Projekte.\" \/>\n<meta property=\"og:url\" content=\"https:\/\/www.organisator.ch\/fr\/sustainability\/2021-11-02\/peb-gebaeude-als-klimaloesung\/\" \/>\n<meta property=\"og:site_name\" content=\"Organisator\" \/>\n<meta property=\"article:publisher\" content=\"https:\/\/www.facebook.com\/OrganisatorFachmagazin\" \/>\n<meta property=\"article:published_time\" content=\"2021-11-02T09:35:40+00:00\" \/>\n<meta property=\"article:modified_time\" content=\"2022-02-09T10:06:04+00:00\" \/>\n<meta property=\"og:image\" content=\"https:\/\/www.organisator.ch\/wp-content\/uploads\/2021\/11\/Flaesch_Ansicht-von-Norden-ueberarbeitet-scaled.jpg\" \/>\n\t<meta property=\"og:image:width\" content=\"2560\" \/>\n\t<meta property=\"og:image:height\" content=\"1920\" \/>\n\t<meta property=\"og:image:type\" content=\"image\/jpeg\" \/>\n<meta name=\"author\" content=\"roger.straessle\" \/>\n<meta name=\"twitter:card\" content=\"summary_large_image\" \/>\n<script type=\"application\/ld+json\" class=\"yoast-schema-graph\">{\"@context\":\"https:\\\/\\\/schema.org\",\"@graph\":[{\"@type\":\"Article\",\"@id\":\"https:\\\/\\\/www.organisator.ch\\\/sustainability\\\/2021-11-02\\\/peb-gebaeude-als-klimaloesung\\\/#article\",\"isPartOf\":{\"@id\":\"https:\\\/\\\/www.organisator.ch\\\/sustainability\\\/2021-11-02\\\/peb-gebaeude-als-klimaloesung\\\/\"},\"author\":{\"name\":\"roger.straessle\",\"@id\":\"https:\\\/\\\/www.organisator.ch\\\/#\\\/schema\\\/person\\\/a800b8c54e208b160517a7dcc323161d\"},\"headline\":\"PEB-Geb\u00e4ude als Klimal\u00f6sung\",\"datePublished\":\"2021-11-02T09:35:40+00:00\",\"dateModified\":\"2022-02-09T10:06:04+00:00\",\"mainEntityOfPage\":{\"@id\":\"https:\\\/\\\/www.organisator.ch\\\/sustainability\\\/2021-11-02\\\/peb-gebaeude-als-klimaloesung\\\/\"},\"wordCount\":525,\"publisher\":{\"@id\":\"https:\\\/\\\/www.organisator.ch\\\/#organization\"},\"image\":{\"@id\":\"https:\\\/\\\/www.organisator.ch\\\/sustainability\\\/2021-11-02\\\/peb-gebaeude-als-klimaloesung\\\/#primaryimage\"},\"thumbnailUrl\":\"https:\\\/\\\/www.organisator.ch\\\/wp-content\\\/uploads\\\/2021\\\/11\\\/Flaesch_Ansicht-von-Norden-ueberarbeitet-scaled.jpg\",\"keywords\":[\"PlusEnergieBau\",\"Solarpreis 2021\"],\"articleSection\":[\"SUSTAINABILITY\"],\"inLanguage\":\"fr-FR\"},{\"@type\":\"WebPage\",\"@id\":\"https:\\\/\\\/www.organisator.ch\\\/sustainability\\\/2021-11-02\\\/peb-gebaeude-als-klimaloesung\\\/\",\"url\":\"https:\\\/\\\/www.organisator.ch\\\/sustainability\\\/2021-11-02\\\/peb-gebaeude-als-klimaloesung\\\/\",\"name\":\"PEB-Geb\u00e4ude als Klimal\u00f6sung - Organisator\",\"isPartOf\":{\"@id\":\"https:\\\/\\\/www.organisator.ch\\\/#website\"},\"primaryImageOfPage\":{\"@id\":\"https:\\\/\\\/www.organisator.ch\\\/sustainability\\\/2021-11-02\\\/peb-gebaeude-als-klimaloesung\\\/#primaryimage\"},\"image\":{\"@id\":\"https:\\\/\\\/www.organisator.ch\\\/sustainability\\\/2021-11-02\\\/peb-gebaeude-als-klimaloesung\\\/#primaryimage\"},\"thumbnailUrl\":\"https:\\\/\\\/www.organisator.ch\\\/wp-content\\\/uploads\\\/2021\\\/11\\\/Flaesch_Ansicht-von-Norden-ueberarbeitet-scaled.jpg\",\"datePublished\":\"2021-11-02T09:35:40+00:00\",\"dateModified\":\"2022-02-09T10:06:04+00:00\",\"description\":\"Geb\u00e4ude, die mehr Energie produzieren als sie selbst ben\u00f6tigen, sind eine schlaue Klima-L\u00f6sung. Der 31. Solarpreis zeigt beispielhafte Projekte.\",\"breadcrumb\":{\"@id\":\"https:\\\/\\\/www.organisator.ch\\\/sustainability\\\/2021-11-02\\\/peb-gebaeude-als-klimaloesung\\\/#breadcrumb\"},\"inLanguage\":\"fr-FR\",\"potentialAction\":[{\"@type\":\"ReadAction\",\"target\":[\"https:\\\/\\\/www.organisator.ch\\\/sustainability\\\/2021-11-02\\\/peb-gebaeude-als-klimaloesung\\\/\"]}]},{\"@type\":\"ImageObject\",\"inLanguage\":\"fr-FR\",\"@id\":\"https:\\\/\\\/www.organisator.ch\\\/sustainability\\\/2021-11-02\\\/peb-gebaeude-als-klimaloesung\\\/#primaryimage\",\"url\":\"https:\\\/\\\/www.organisator.ch\\\/wp-content\\\/uploads\\\/2021\\\/11\\\/Flaesch_Ansicht-von-Norden-ueberarbeitet-scaled.jpg\",\"contentUrl\":\"https:\\\/\\\/www.organisator.ch\\\/wp-content\\\/uploads\\\/2021\\\/11\\\/Flaesch_Ansicht-von-Norden-ueberarbeitet-scaled.jpg\",\"width\":2560,\"height\":1920,\"caption\":\"Das sanierte Mehrzweckgeb\u00e4ude aus dem Jahr 1975. Bild: Schweizer Solarpreis\u00a02021\"},{\"@type\":\"BreadcrumbList\",\"@id\":\"https:\\\/\\\/www.organisator.ch\\\/sustainability\\\/2021-11-02\\\/peb-gebaeude-als-klimaloesung\\\/#breadcrumb\",\"itemListElement\":[{\"@type\":\"ListItem\",\"position\":1,\"name\":\"Home\",\"item\":\"https:\\\/\\\/www.organisator.ch\\\/\"},{\"@type\":\"ListItem\",\"position\":2,\"name\":\"PEB-Geb\u00e4ude als Klimal\u00f6sung\"}]},{\"@type\":\"WebSite\",\"@id\":\"https:\\\/\\\/www.organisator.ch\\\/#website\",\"url\":\"https:\\\/\\\/www.organisator.ch\\\/\",\"name\":\"Organisator\",\"description\":\"Kompetent. Praxisnah. Der ORGANISATOR bereitet in 10 Ausgaben pro Jahr die wesentlichen Themen f\u00fcr F\u00fchrungskr\u00e4fte von KMU auf.\",\"publisher\":{\"@id\":\"https:\\\/\\\/www.organisator.ch\\\/#organization\"},\"potentialAction\":[{\"@type\":\"SearchAction\",\"target\":{\"@type\":\"EntryPoint\",\"urlTemplate\":\"https:\\\/\\\/www.organisator.ch\\\/?s={search_term_string}\"},\"query-input\":{\"@type\":\"PropertyValueSpecification\",\"valueRequired\":true,\"valueName\":\"search_term_string\"}}],\"inLanguage\":\"fr-FR\"},{\"@type\":\"Organization\",\"@id\":\"https:\\\/\\\/www.organisator.ch\\\/#organization\",\"name\":\"Organisator\",\"url\":\"https:\\\/\\\/www.organisator.ch\\\/\",\"logo\":{\"@type\":\"ImageObject\",\"inLanguage\":\"fr-FR\",\"@id\":\"https:\\\/\\\/www.organisator.ch\\\/#\\\/schema\\\/logo\\\/image\\\/\",\"url\":\"https:\\\/\\\/www.organisator.ch\\\/wp-content\\\/uploads\\\/2022\\\/01\\\/Logo_Organisator_Website.png\",\"contentUrl\":\"https:\\\/\\\/www.organisator.ch\\\/wp-content\\\/uploads\\\/2022\\\/01\\\/Logo_Organisator_Website.png\",\"width\":800,\"height\":77,\"caption\":\"Organisator\"},\"image\":{\"@id\":\"https:\\\/\\\/www.organisator.ch\\\/#\\\/schema\\\/logo\\\/image\\\/\"},\"sameAs\":[\"https:\\\/\\\/www.facebook.com\\\/OrganisatorFachmagazin\",\"https:\\\/\\\/www.linkedin.com\\\/showcase\\\/organisator-das-magazin-fr-kmu\",\"https:\\\/\\\/www.xing.com\\\/news\\\/pages\\\/organisator-ch-695\",\"https:\\\/\\\/www.youtube.com\\\/channel\\\/UCGP2Sq0iWaZwT3BdIAQFYpw\"]},{\"@type\":\"Person\",\"@id\":\"https:\\\/\\\/www.organisator.ch\\\/#\\\/schema\\\/person\\\/a800b8c54e208b160517a7dcc323161d\",\"name\":\"roger.straessle\",\"image\":{\"@type\":\"ImageObject\",\"inLanguage\":\"fr-FR\",\"@id\":\"https:\\\/\\\/secure.gravatar.com\\\/avatar\\\/?s=96&d=mm&r=g\",\"url\":\"https:\\\/\\\/secure.gravatar.com\\\/avatar\\\/?s=96&d=mm&r=g\",\"contentUrl\":\"https:\\\/\\\/secure.gravatar.com\\\/avatar\\\/?s=96&d=mm&r=g\",\"caption\":\"roger.straessle\"},\"url\":\"https:\\\/\\\/www.organisator.ch\\\/fr\\\/author\\\/roger-straessle\\\/\"}]}<\/script>\n<!-- \/ Yoast SEO plugin. -->","yoast_head_json":{"title":"B\u00e2timent PEB comme solution climatique - Organisateur","description":"Les b\u00e2timents qui produisent plus d'\u00e9nergie qu'ils n'en consomment sont une solution intelligente pour le climat. Le 31e Prix solaire pr\u00e9sente des projets exemplaires.","robots":{"index":"index","follow":"follow","max-snippet":"max-snippet:-1","max-image-preview":"max-image-preview:large","max-video-preview":"max-video-preview:-1"},"canonical":"https:\/\/www.organisator.ch\/fr\/sustainability\/2021-11-02\/peb-gebaeude-als-klimaloesung\/","og_locale":"fr_FR","og_type":"article","og_title":"PEB-Geb\u00e4ude als Klimal\u00f6sung - Organisator","og_description":"Geb\u00e4ude, die mehr Energie produzieren als sie selbst ben\u00f6tigen, sind eine schlaue Klima-L\u00f6sung. Der 31. Solarpreis zeigt beispielhafte Projekte.","og_url":"https:\/\/www.organisator.ch\/fr\/sustainability\/2021-11-02\/peb-gebaeude-als-klimaloesung\/","og_site_name":"Organisator","article_publisher":"https:\/\/www.facebook.com\/OrganisatorFachmagazin","article_published_time":"2021-11-02T09:35:40+00:00","article_modified_time":"2022-02-09T10:06:04+00:00","og_image":[{"width":2560,"height":1920,"url":"https:\/\/www.organisator.ch\/wp-content\/uploads\/2021\/11\/Flaesch_Ansicht-von-Norden-ueberarbeitet-scaled.jpg","type":"image\/jpeg"}],"author":"roger.straessle","twitter_card":"summary_large_image","schema":{"@context":"https:\/\/schema.org","@graph":[{"@type":"Article","@id":"https:\/\/www.organisator.ch\/sustainability\/2021-11-02\/peb-gebaeude-als-klimaloesung\/#article","isPartOf":{"@id":"https:\/\/www.organisator.ch\/sustainability\/2021-11-02\/peb-gebaeude-als-klimaloesung\/"},"author":{"name":"roger.straessle","@id":"https:\/\/www.organisator.ch\/#\/schema\/person\/a800b8c54e208b160517a7dcc323161d"},"headline":"PEB-Geb\u00e4ude als Klimal\u00f6sung","datePublished":"2021-11-02T09:35:40+00:00","dateModified":"2022-02-09T10:06:04+00:00","mainEntityOfPage":{"@id":"https:\/\/www.organisator.ch\/sustainability\/2021-11-02\/peb-gebaeude-als-klimaloesung\/"},"wordCount":525,"publisher":{"@id":"https:\/\/www.organisator.ch\/#organization"},"image":{"@id":"https:\/\/www.organisator.ch\/sustainability\/2021-11-02\/peb-gebaeude-als-klimaloesung\/#primaryimage"},"thumbnailUrl":"https:\/\/www.organisator.ch\/wp-content\/uploads\/2021\/11\/Flaesch_Ansicht-von-Norden-ueberarbeitet-scaled.jpg","keywords":["PlusEnergieBau","Solarpreis 2021"],"articleSection":["SUSTAINABILITY"],"inLanguage":"fr-FR"},{"@type":"WebPage","@id":"https:\/\/www.organisator.ch\/sustainability\/2021-11-02\/peb-gebaeude-als-klimaloesung\/","url":"https:\/\/www.organisator.ch\/sustainability\/2021-11-02\/peb-gebaeude-als-klimaloesung\/","name":"B\u00e2timent PEB comme solution climatique - Organisateur","isPartOf":{"@id":"https:\/\/www.organisator.ch\/#website"},"primaryImageOfPage":{"@id":"https:\/\/www.organisator.ch\/sustainability\/2021-11-02\/peb-gebaeude-als-klimaloesung\/#primaryimage"},"image":{"@id":"https:\/\/www.organisator.ch\/sustainability\/2021-11-02\/peb-gebaeude-als-klimaloesung\/#primaryimage"},"thumbnailUrl":"https:\/\/www.organisator.ch\/wp-content\/uploads\/2021\/11\/Flaesch_Ansicht-von-Norden-ueberarbeitet-scaled.jpg","datePublished":"2021-11-02T09:35:40+00:00","dateModified":"2022-02-09T10:06:04+00:00","description":"Les b\u00e2timents qui produisent plus d'\u00e9nergie qu'ils n'en consomment sont une solution intelligente pour le climat. Le 31e Prix solaire pr\u00e9sente des projets exemplaires.","breadcrumb":{"@id":"https:\/\/www.organisator.ch\/sustainability\/2021-11-02\/peb-gebaeude-als-klimaloesung\/#breadcrumb"},"inLanguage":"fr-FR","potentialAction":[{"@type":"ReadAction","target":["https:\/\/www.organisator.ch\/sustainability\/2021-11-02\/peb-gebaeude-als-klimaloesung\/"]}]},{"@type":"ImageObject","inLanguage":"fr-FR","@id":"https:\/\/www.organisator.ch\/sustainability\/2021-11-02\/peb-gebaeude-als-klimaloesung\/#primaryimage","url":"https:\/\/www.organisator.ch\/wp-content\/uploads\/2021\/11\/Flaesch_Ansicht-von-Norden-ueberarbeitet-scaled.jpg","contentUrl":"https:\/\/www.organisator.ch\/wp-content\/uploads\/2021\/11\/Flaesch_Ansicht-von-Norden-ueberarbeitet-scaled.jpg","width":2560,"height":1920,"caption":"Das sanierte Mehrzweckgeb\u00e4ude aus dem Jahr 1975. Bild: Schweizer Solarpreis\u00a02021"},{"@type":"BreadcrumbList","@id":"https:\/\/www.organisator.ch\/sustainability\/2021-11-02\/peb-gebaeude-als-klimaloesung\/#breadcrumb","itemListElement":[{"@type":"ListItem","position":1,"name":"Home","item":"https:\/\/www.organisator.ch\/"},{"@type":"ListItem","position":2,"name":"PEB-Geb\u00e4ude als Klimal\u00f6sung"}]},{"@type":"WebSite","@id":"https:\/\/www.organisator.ch\/#website","url":"https:\/\/www.organisator.ch\/","name":"Organisateur","description":"Comp\u00e9tence et comp\u00e9tence. Proches de la pratique. L'ORGANISATEUR pr\u00e9pare 10 num\u00e9ros par an sur les th\u00e8mes essentiels pour les dirigeants de PME.","publisher":{"@id":"https:\/\/www.organisator.ch\/#organization"},"potentialAction":[{"@type":"SearchAction","target":{"@type":"EntryPoint","urlTemplate":"https:\/\/www.organisator.ch\/?s={search_term_string}"},"query-input":{"@type":"PropertyValueSpecification","valueRequired":true,"valueName":"search_term_string"}}],"inLanguage":"fr-FR"},{"@type":"Organization","@id":"https:\/\/www.organisator.ch\/#organization","name":"Organisateur","url":"https:\/\/www.organisator.ch\/","logo":{"@type":"ImageObject","inLanguage":"fr-FR","@id":"https:\/\/www.organisator.ch\/#\/schema\/logo\/image\/","url":"https:\/\/www.organisator.ch\/wp-content\/uploads\/2022\/01\/Logo_Organisator_Website.png","contentUrl":"https:\/\/www.organisator.ch\/wp-content\/uploads\/2022\/01\/Logo_Organisator_Website.png","width":800,"height":77,"caption":"Organisator"},"image":{"@id":"https:\/\/www.organisator.ch\/#\/schema\/logo\/image\/"},"sameAs":["https:\/\/www.facebook.com\/OrganisatorFachmagazin","https:\/\/www.linkedin.com\/showcase\/organisator-das-magazin-fr-kmu","https:\/\/www.xing.com\/news\/pages\/organisator-ch-695","https:\/\/www.youtube.com\/channel\/UCGP2Sq0iWaZwT3BdIAQFYpw"]},{"@type":"Person","@id":"https:\/\/www.organisator.ch\/#\/schema\/person\/a800b8c54e208b160517a7dcc323161d","name":"roger.straessle","image":{"@type":"ImageObject","inLanguage":"fr-FR","@id":"https:\/\/secure.gravatar.com\/avatar\/?s=96&d=mm&r=g","url":"https:\/\/secure.gravatar.com\/avatar\/?s=96&d=mm&r=g","contentUrl":"https:\/\/secure.gravatar.com\/avatar\/?s=96&d=mm&r=g","caption":"roger.straessle"},"url":"https:\/\/www.organisator.ch\/fr\/author\/roger-straessle\/"}]}},"_links":{"self":[{"href":"https:\/\/www.organisator.ch\/fr\/wp-json\/wp\/v2\/posts\/10340","targetHints":{"allow":["GET"]}}],"collection":[{"href":"https:\/\/www.organisator.ch\/fr\/wp-json\/wp\/v2\/posts"}],"about":[{"href":"https:\/\/www.organisator.ch\/fr\/wp-json\/wp\/v2\/types\/post"}],"author":[{"embeddable":true,"href":"https:\/\/www.organisator.ch\/fr\/wp-json\/wp\/v2\/users\/6"}],"replies":[{"embeddable":true,"href":"https:\/\/www.organisator.ch\/fr\/wp-json\/wp\/v2\/comments?post=10340"}],"version-history":[{"count":1,"href":"https:\/\/www.organisator.ch\/fr\/wp-json\/wp\/v2\/posts\/10340\/revisions"}],"predecessor-version":[{"id":10450,"href":"https:\/\/www.organisator.ch\/fr\/wp-json\/wp\/v2\/posts\/10340\/revisions\/10450"}],"wp:featuredmedia":[{"embeddable":true,"href":"https:\/\/www.organisator.ch\/fr\/wp-json\/wp\/v2\/media\/5040"}],"wp:attachment":[{"href":"https:\/\/www.organisator.ch\/fr\/wp-json\/wp\/v2\/media?parent=10340"}],"wp:term":[{"taxonomy":"category","embeddable":true,"href":"https:\/\/www.organisator.ch\/fr\/wp-json\/wp\/v2\/categories?post=10340"},{"taxonomy":"post_tag","embeddable":true,"href":"https:\/\/www.organisator.ch\/fr\/wp-json\/wp\/v2\/tags?post=10340"}],"curies":[{"name":"wp","href":"https:\/\/api.w.org\/{rel}","templated":true}]}}