{"id":1049,"date":"2017-07-23T10:49:46","date_gmt":"2017-07-23T08:49:46","guid":{"rendered":"https:\/\/www.umweltperspektiven.ch\/?p=1049"},"modified":"2022-02-09T11:06:56","modified_gmt":"2022-02-09T10:06:56","slug":"hitzewellen-heizen-staedte-noch-staerker-auf","status":"publish","type":"post","link":"https:\/\/www.organisator.ch\/fr\/sustainability\/2017-07-23\/hitzewellen-heizen-staedte-noch-staerker-auf\/","title":{"rendered":"Les vagues de chaleur r\u00e9chauffent encore plus les villes"},"content":{"rendered":"<p>Les zones urbaines sont les plus touch\u00e9es par les vagues de chaleur, car elles pr\u00e9sentent un effet connu sous le nom d'\u00eelot de chaleur urbain (ICU), qui se caract\u00e9rise par des temp\u00e9ratures de l'air plus \u00e9lev\u00e9es que celles des zones rurales. Les \u00eelots de chaleur urbains sont dus \u00e0 des surfaces sombres, par exemple des toits et des rues, qui entra\u00eenent une absorption plus importante de l'\u00e9nergie solaire, un manque de refroidissement par \u00e9vaporation gr\u00e2ce \u00e0 la v\u00e9g\u00e9tation, peu d'espace ouvert et donc un manque d'a\u00e9ration et de refroidissement nocturne.<\/p>\n<p>Les \u00eelots de chaleur urbains sont connus dans plus de 400 villes \u00e0 travers le monde et pr\u00e9sentent une \"surchauffe\" pouvant atteindre sept degr\u00e9s, surtout la nuit. Les vagues de chaleur ne contribuent pas seulement \u00e0 un malaise g\u00e9n\u00e9ral et \u00e0 des nuits blanches, mais peuvent \u00e9galement provoquer des maladies graves, un \u00e9puisement, un coup de chaleur et m\u00eame des d\u00e9c\u00e8s li\u00e9s \u00e0 la chaleur en raison de leurs effets sur le syst\u00e8me cardiovasculaire et respiratoire humain.<\/p>\n<p><strong>800-1000 morts suppl\u00e9mentaires \u00e0 cause de la chaleur<\/strong><\/p>\n<p>La Suisse a connu des vagues de chaleur prononc\u00e9es en 2003 et 2015, les ann\u00e9es o\u00f9 les deux \u00e9t\u00e9s ont \u00e9t\u00e9 les plus chauds depuis plus de 150 ans. Selon une \u00e9tude men\u00e9e en 2016 par des chercheurs de l'Institut tropical et de sant\u00e9 publique suisse \u00e0 B\u00e2le, une augmentation du taux de mortalit\u00e9 de 6,9 % et 5,9 % a \u00e9t\u00e9 estim\u00e9e pour ces \u00e9t\u00e9s, avec 960 et 804 d\u00e9c\u00e8s suppl\u00e9mentaires. Au total, environ 70 000 d\u00e9c\u00e8s suppl\u00e9mentaires ont \u00e9t\u00e9 signal\u00e9s dans toute l'Europe au cours de l'\u00e9t\u00e9 2003.<\/p>\n<p>Les vagues de chaleur peuvent \u00eatre simul\u00e9es \u00e0 l'aide de mod\u00e8les de pr\u00e9vision m\u00e9t\u00e9orologique, mais leur impact sur les villes n'est toujours pas totalement \u00e9lucid\u00e9. C'est pourquoi Jan Carmeliet, professeur de physique du b\u00e2timent \u00e0 l'EPF de Zurich, et Dominik Brunner, un scientifique de l'atmosph\u00e8re \u00e0 l'Empa, ont combin\u00e9 les mod\u00e8les de pr\u00e9vision avec les effets des b\u00e2timents et des routes afin de mieux pr\u00e9voir les temp\u00e9ratures locales de l'air dans les villes. La \"carte thermique\" de Zurich qui en r\u00e9sulte montre les d\u00e9tails de l'\u00eelot de chaleur avec une r\u00e9solution allant jusqu'\u00e0 250 m\u00e8tres :<\/p>\n<figure id=\"attachment_1050\" aria-describedby=\"caption-attachment-1050\" style=\"width: 680px\" class=\"wp-caption alignnone\"><img loading=\"lazy\" decoding=\"async\" class=\"size-medium wp-image-1050\" src=\"\/\/www.umweltperspektiven.ch\/wp-content\/uploads\/2017\/08\/FT_2.jpg\" alt=\"\" width=\"680\" height=\"405\" \/><figcaption id=\"caption-attachment-1050\" class=\"wp-caption-text\">Effet d'\u00eelot de chaleur \u00e0 Zurich pendant la canicule de juin 2017 : plan de la ville de Zurich avec les temp\u00e9ratures moyennes de l'air mod\u00e9lis\u00e9es \u00e0 deux m\u00e8tres au-dessus du sol \u00e0 six heures du matin le 22 juin. (Image : Empa)<\/figcaption><\/figure>\n<p>Les effets de l'IHU sont plus marqu\u00e9s la nuit en raison de l'accumulation de chaleur par les mat\u00e9riaux de construction pendant la journ\u00e9e et de sa lib\u00e9ration pendant la nuit. Gianluca Mussetti, doctorant \u00e0 l'ETH Zurich et \u00e0 l'Empa, a \u00e9tudi\u00e9 les caract\u00e9ristiques de la r\u00e9cente vague de chaleur qui a s\u00e9vi \u00e0 Zurich du 20 au 24 juin 2017. Durant la nuit du 21 au 22 juin, il a observ\u00e9 une intensit\u00e9 de l'IHU de pr\u00e8s de six degr\u00e9s - 1,5 degr\u00e9 de plus que l'intensit\u00e9 de l'IHU de la canicule de 2015. En outre, Mussetti a constat\u00e9 ces jours-l\u00e0 des diff\u00e9rences de temp\u00e9rature allant jusqu'\u00e0 trois degr\u00e9s entre l'endroit le plus frais et l'endroit le plus chaud au sein de l'\u00eelot de chaleur urbain. Il est bien connu que les vagues de chaleur se manifestent surtout dans les \"points chauds\" locaux des villes concern\u00e9es. A Zurich, on observe des temp\u00e9ratures nocturnes particuli\u00e8rement \u00e9lev\u00e9es dans le centre-ville dens\u00e9ment construit, des temp\u00e9ratures relativement plus fra\u00eeches pour les zones proches des lacs, le long de la Limmat et sur les pentes du Z\u00fcriberg, o\u00f9 l'air frais descend des zones plus \u00e9lev\u00e9es pendant la nuit. Les chercheurs ont notamment pu observer un lien entre l'a\u00e9ration urbaine et les temp\u00e9ratures de l'air : Un manque de circulation d'air au centre-ville entra\u00eene une moindre \u00e9vacuation de la chaleur - et donc une intensit\u00e9 plus \u00e9lev\u00e9e de l'IHU.<\/p>\n<p><strong>On recherche des strat\u00e9gies pour att\u00e9nuer les \u00eelots de chaleur urbains<\/strong><\/p>\n<p>Face \u00e0 l'augmentation imminente des vagues de chaleur \u00e0 l'avenir, les citadins du monde entier sont s\u00e9rieusement menac\u00e9s en termes de bien-\u00eatre et de sant\u00e9. C'est pourquoi l'\u00e9tude des \u00eelots de chaleur urbains et l'\u00e9laboration de strat\u00e9gies visant \u00e0 les att\u00e9nuer deviennent de plus en plus importantes pour de nombreux pays et villes concern\u00e9s. Toutefois, pour \u00eatre efficaces, les mesures de lutte contre le changement climatique et les strat\u00e9gies d'att\u00e9nuation de l'effet IHU doivent \u00eatre mises en \u0153uvre et appliqu\u00e9es sur une plus longue p\u00e9riode.<\/p>\n<p>Gr\u00e2ce \u00e0 de futures \u00e9tudes, les chercheurs de l'ETH Zurich et de l'Empa veulent encore mieux comprendre les causes des \u00eelots de chaleur urbains et des points chauds locaux dans les villes. Ils souhaitent en outre d\u00e9velopper des contre-mesures, telles qu'une utilisation accrue de l'eau urbaine en cas de vagues de chaleur, des mesures de refroidissement temporaires comme l'ombrage intelligent ou des syst\u00e8mes de refroidissement sous les rues et les trottoirs.<\/p>","protected":false},"excerpt":{"rendered":"<p>St\u00e4dtische Gebiete sind von Hitzewellen am st\u00e4rksten betroffen, da diese Regionen einen Effekt aufweisen, der als st\u00e4dtische Hitzeinseln (engl. Urban Heat Island, UHI) bekannt ist und der im Vergleich mit der l\u00e4ndlichen Umgebung durch h\u00f6here Lufttemperaturen gekennzeichnet ist. Gr\u00fcnde f\u00fcr st\u00e4dtische Hitzeinseln sind dunkle Oberfl\u00e4chen, z. B. von D\u00e4chern und Strassen, die zu einer h\u00f6heren [&hellip;]<\/p>\n","protected":false},"author":1,"featured_media":1050,"comment_status":"open","ping_status":"open","sticky":false,"template":"","format":"standard","meta":{"_acf_changed":false,"_yoast_wpseo_focuskw":"Hitzeinseln","_yoast_wpseo_metadesc":"In der Stadt ist es im Sommer besonders heiss. Wissenschaftler haben deshalb eine W\u00e4rmekarte f\u00fcr Z\u00fcrich zur Vorhersage lokaler Lufttemperaturen entwickelt.","articlekey":"","footnotes":""},"categories":[580],"tags":[1052,1127,1360,1362,596],"class_list":["post-1049","post","type-post","status-publish","format-standard","has-post-thumbnail","hentry","category-sustainability","tag-empa","tag-eth","tag-hitze","tag-hitzewelle","tag-klima"],"acf":[],"yoast_head":"<!-- This site is optimized with the Yoast SEO plugin v27.4 - https:\/\/yoast.com\/product\/yoast-seo-wordpress\/ -->\n<title>Hitzewellen heizen St\u00e4dte noch st\u00e4rker auf - Organisator<\/title>\n<meta name=\"description\" content=\"In der Stadt ist es im Sommer besonders heiss. Wissenschaftler haben deshalb eine W\u00e4rmekarte f\u00fcr Z\u00fcrich zur Vorhersage lokaler Lufttemperaturen entwickelt.\" \/>\n<meta name=\"robots\" content=\"index, follow, max-snippet:-1, max-image-preview:large, max-video-preview:-1\" \/>\n<link rel=\"canonical\" href=\"https:\/\/www.organisator.ch\/fr\/sustainability\/2017-07-23\/hitzewellen-heizen-staedte-noch-staerker-auf\/\" \/>\n<meta property=\"og:locale\" content=\"fr_FR\" \/>\n<meta property=\"og:type\" content=\"article\" \/>\n<meta property=\"og:title\" content=\"Hitzewellen heizen St\u00e4dte noch st\u00e4rker auf - Organisator\" \/>\n<meta property=\"og:description\" content=\"In der Stadt ist es im Sommer besonders heiss. Wissenschaftler haben deshalb eine W\u00e4rmekarte f\u00fcr Z\u00fcrich zur Vorhersage lokaler Lufttemperaturen entwickelt.\" \/>\n<meta property=\"og:url\" content=\"https:\/\/www.organisator.ch\/fr\/sustainability\/2017-07-23\/hitzewellen-heizen-staedte-noch-staerker-auf\/\" \/>\n<meta property=\"og:site_name\" content=\"Organisator\" \/>\n<meta property=\"article:publisher\" content=\"https:\/\/www.facebook.com\/OrganisatorFachmagazin\" \/>\n<meta property=\"article:published_time\" content=\"2017-07-23T08:49:46+00:00\" \/>\n<meta property=\"article:modified_time\" content=\"2022-02-09T10:06:56+00:00\" \/>\n<meta property=\"og:image\" content=\"https:\/\/www.organisator.ch\/wp-content\/uploads\/2017\/08\/FT_2-scaled.jpg\" \/>\n\t<meta property=\"og:image:width\" content=\"2560\" \/>\n\t<meta property=\"og:image:height\" content=\"1523\" \/>\n\t<meta property=\"og:image:type\" content=\"image\/jpeg\" \/>\n<meta name=\"author\" content=\"admin\" \/>\n<meta name=\"twitter:card\" content=\"summary_large_image\" \/>\n<script type=\"application\/ld+json\" class=\"yoast-schema-graph\">{\"@context\":\"https:\\\/\\\/schema.org\",\"@graph\":[{\"@type\":\"Article\",\"@id\":\"https:\\\/\\\/www.organisator.ch\\\/sustainability\\\/2017-07-23\\\/hitzewellen-heizen-staedte-noch-staerker-auf\\\/#article\",\"isPartOf\":{\"@id\":\"https:\\\/\\\/www.organisator.ch\\\/sustainability\\\/2017-07-23\\\/hitzewellen-heizen-staedte-noch-staerker-auf\\\/\"},\"author\":{\"name\":\"admin\",\"@id\":\"https:\\\/\\\/www.organisator.ch\\\/#\\\/schema\\\/person\\\/aa2bace6c5c5aad60102004a50c4eb1c\"},\"headline\":\"Hitzewellen heizen St\u00e4dte noch st\u00e4rker auf\",\"datePublished\":\"2017-07-23T08:49:46+00:00\",\"dateModified\":\"2022-02-09T10:06:56+00:00\",\"mainEntityOfPage\":{\"@id\":\"https:\\\/\\\/www.organisator.ch\\\/sustainability\\\/2017-07-23\\\/hitzewellen-heizen-staedte-noch-staerker-auf\\\/\"},\"wordCount\":709,\"commentCount\":0,\"publisher\":{\"@id\":\"https:\\\/\\\/www.organisator.ch\\\/#organization\"},\"image\":{\"@id\":\"https:\\\/\\\/www.organisator.ch\\\/sustainability\\\/2017-07-23\\\/hitzewellen-heizen-staedte-noch-staerker-auf\\\/#primaryimage\"},\"thumbnailUrl\":\"https:\\\/\\\/www.organisator.ch\\\/wp-content\\\/uploads\\\/2017\\\/08\\\/FT_2-scaled.jpg\",\"keywords\":[\"Empa\",\"ETH\",\"Hitze\",\"Hitzewelle\",\"KLIMA\"],\"articleSection\":[\"SUSTAINABILITY\"],\"inLanguage\":\"fr-FR\"},{\"@type\":\"WebPage\",\"@id\":\"https:\\\/\\\/www.organisator.ch\\\/sustainability\\\/2017-07-23\\\/hitzewellen-heizen-staedte-noch-staerker-auf\\\/\",\"url\":\"https:\\\/\\\/www.organisator.ch\\\/sustainability\\\/2017-07-23\\\/hitzewellen-heizen-staedte-noch-staerker-auf\\\/\",\"name\":\"Hitzewellen heizen St\u00e4dte noch st\u00e4rker auf - Organisator\",\"isPartOf\":{\"@id\":\"https:\\\/\\\/www.organisator.ch\\\/#website\"},\"primaryImageOfPage\":{\"@id\":\"https:\\\/\\\/www.organisator.ch\\\/sustainability\\\/2017-07-23\\\/hitzewellen-heizen-staedte-noch-staerker-auf\\\/#primaryimage\"},\"image\":{\"@id\":\"https:\\\/\\\/www.organisator.ch\\\/sustainability\\\/2017-07-23\\\/hitzewellen-heizen-staedte-noch-staerker-auf\\\/#primaryimage\"},\"thumbnailUrl\":\"https:\\\/\\\/www.organisator.ch\\\/wp-content\\\/uploads\\\/2017\\\/08\\\/FT_2-scaled.jpg\",\"datePublished\":\"2017-07-23T08:49:46+00:00\",\"dateModified\":\"2022-02-09T10:06:56+00:00\",\"description\":\"In der Stadt ist es im Sommer besonders heiss. Wissenschaftler haben deshalb eine W\u00e4rmekarte f\u00fcr Z\u00fcrich zur Vorhersage lokaler Lufttemperaturen entwickelt.\",\"breadcrumb\":{\"@id\":\"https:\\\/\\\/www.organisator.ch\\\/sustainability\\\/2017-07-23\\\/hitzewellen-heizen-staedte-noch-staerker-auf\\\/#breadcrumb\"},\"inLanguage\":\"fr-FR\",\"potentialAction\":[{\"@type\":\"ReadAction\",\"target\":[\"https:\\\/\\\/www.organisator.ch\\\/sustainability\\\/2017-07-23\\\/hitzewellen-heizen-staedte-noch-staerker-auf\\\/\"]}]},{\"@type\":\"ImageObject\",\"inLanguage\":\"fr-FR\",\"@id\":\"https:\\\/\\\/www.organisator.ch\\\/sustainability\\\/2017-07-23\\\/hitzewellen-heizen-staedte-noch-staerker-auf\\\/#primaryimage\",\"url\":\"https:\\\/\\\/www.organisator.ch\\\/wp-content\\\/uploads\\\/2017\\\/08\\\/FT_2-scaled.jpg\",\"contentUrl\":\"https:\\\/\\\/www.organisator.ch\\\/wp-content\\\/uploads\\\/2017\\\/08\\\/FT_2-scaled.jpg\",\"width\":2560,\"height\":1523,\"caption\":\"Hitzeinseleffekt in Z\u00fcrich w\u00e4hrend der Hitzewelle im Juni 2017: Stadtplan von Z\u00fcrich mit den modellierten mittleren Lufttemperaturen zwei Meter \u00fcber Boden um sechs Uhr morgens am 22. Juni. (Bild: Empa)\"},{\"@type\":\"BreadcrumbList\",\"@id\":\"https:\\\/\\\/www.organisator.ch\\\/sustainability\\\/2017-07-23\\\/hitzewellen-heizen-staedte-noch-staerker-auf\\\/#breadcrumb\",\"itemListElement\":[{\"@type\":\"ListItem\",\"position\":1,\"name\":\"Home\",\"item\":\"https:\\\/\\\/www.organisator.ch\\\/\"},{\"@type\":\"ListItem\",\"position\":2,\"name\":\"Hitzewellen heizen St\u00e4dte noch st\u00e4rker auf\"}]},{\"@type\":\"WebSite\",\"@id\":\"https:\\\/\\\/www.organisator.ch\\\/#website\",\"url\":\"https:\\\/\\\/www.organisator.ch\\\/\",\"name\":\"Organisator\",\"description\":\"Kompetent. Praxisnah. Der ORGANISATOR bereitet in 10 Ausgaben pro Jahr die wesentlichen Themen f\u00fcr F\u00fchrungskr\u00e4fte von KMU auf.\",\"publisher\":{\"@id\":\"https:\\\/\\\/www.organisator.ch\\\/#organization\"},\"potentialAction\":[{\"@type\":\"SearchAction\",\"target\":{\"@type\":\"EntryPoint\",\"urlTemplate\":\"https:\\\/\\\/www.organisator.ch\\\/?s={search_term_string}\"},\"query-input\":{\"@type\":\"PropertyValueSpecification\",\"valueRequired\":true,\"valueName\":\"search_term_string\"}}],\"inLanguage\":\"fr-FR\"},{\"@type\":\"Organization\",\"@id\":\"https:\\\/\\\/www.organisator.ch\\\/#organization\",\"name\":\"Organisator\",\"url\":\"https:\\\/\\\/www.organisator.ch\\\/\",\"logo\":{\"@type\":\"ImageObject\",\"inLanguage\":\"fr-FR\",\"@id\":\"https:\\\/\\\/www.organisator.ch\\\/#\\\/schema\\\/logo\\\/image\\\/\",\"url\":\"https:\\\/\\\/www.organisator.ch\\\/wp-content\\\/uploads\\\/2022\\\/01\\\/Logo_Organisator_Website.png\",\"contentUrl\":\"https:\\\/\\\/www.organisator.ch\\\/wp-content\\\/uploads\\\/2022\\\/01\\\/Logo_Organisator_Website.png\",\"width\":800,\"height\":77,\"caption\":\"Organisator\"},\"image\":{\"@id\":\"https:\\\/\\\/www.organisator.ch\\\/#\\\/schema\\\/logo\\\/image\\\/\"},\"sameAs\":[\"https:\\\/\\\/www.facebook.com\\\/OrganisatorFachmagazin\",\"https:\\\/\\\/www.linkedin.com\\\/showcase\\\/organisator-das-magazin-fr-kmu\",\"https:\\\/\\\/www.xing.com\\\/news\\\/pages\\\/organisator-ch-695\",\"https:\\\/\\\/www.youtube.com\\\/channel\\\/UCGP2Sq0iWaZwT3BdIAQFYpw\"]},{\"@type\":\"Person\",\"@id\":\"https:\\\/\\\/www.organisator.ch\\\/#\\\/schema\\\/person\\\/aa2bace6c5c5aad60102004a50c4eb1c\",\"name\":\"admin\",\"image\":{\"@type\":\"ImageObject\",\"inLanguage\":\"fr-FR\",\"@id\":\"https:\\\/\\\/secure.gravatar.com\\\/avatar\\\/ae2f4d718e6c49043e314ce431e7e645d646302a24a5ef5a8bc8e3f5a032e319?s=96&d=mm&r=g\",\"url\":\"https:\\\/\\\/secure.gravatar.com\\\/avatar\\\/ae2f4d718e6c49043e314ce431e7e645d646302a24a5ef5a8bc8e3f5a032e319?s=96&d=mm&r=g\",\"contentUrl\":\"https:\\\/\\\/secure.gravatar.com\\\/avatar\\\/ae2f4d718e6c49043e314ce431e7e645d646302a24a5ef5a8bc8e3f5a032e319?s=96&d=mm&r=g\",\"caption\":\"admin\"},\"sameAs\":[\"https:\\\/\\\/www.organisator.ch\"],\"url\":\"https:\\\/\\\/www.organisator.ch\\\/fr\\\/author\\\/admin\\\/\"}]}<\/script>\n<!-- \/ Yoast SEO plugin. -->","yoast_head_json":{"title":"Les vagues de chaleur r\u00e9chauffent encore plus les villes - Organisateur","description":"En ville, il fait particuli\u00e8rement chaud en \u00e9t\u00e9. Des scientifiques ont donc mis au point une carte thermique pour Zurich afin de pr\u00e9voir les temp\u00e9ratures locales de l'air.","robots":{"index":"index","follow":"follow","max-snippet":"max-snippet:-1","max-image-preview":"max-image-preview:large","max-video-preview":"max-video-preview:-1"},"canonical":"https:\/\/www.organisator.ch\/fr\/sustainability\/2017-07-23\/hitzewellen-heizen-staedte-noch-staerker-auf\/","og_locale":"fr_FR","og_type":"article","og_title":"Hitzewellen heizen St\u00e4dte noch st\u00e4rker auf - Organisator","og_description":"In der Stadt ist es im Sommer besonders heiss. Wissenschaftler haben deshalb eine W\u00e4rmekarte f\u00fcr Z\u00fcrich zur Vorhersage lokaler Lufttemperaturen entwickelt.","og_url":"https:\/\/www.organisator.ch\/fr\/sustainability\/2017-07-23\/hitzewellen-heizen-staedte-noch-staerker-auf\/","og_site_name":"Organisator","article_publisher":"https:\/\/www.facebook.com\/OrganisatorFachmagazin","article_published_time":"2017-07-23T08:49:46+00:00","article_modified_time":"2022-02-09T10:06:56+00:00","og_image":[{"width":2560,"height":1523,"url":"https:\/\/www.organisator.ch\/wp-content\/uploads\/2017\/08\/FT_2-scaled.jpg","type":"image\/jpeg"}],"author":"admin","twitter_card":"summary_large_image","schema":{"@context":"https:\/\/schema.org","@graph":[{"@type":"Article","@id":"https:\/\/www.organisator.ch\/sustainability\/2017-07-23\/hitzewellen-heizen-staedte-noch-staerker-auf\/#article","isPartOf":{"@id":"https:\/\/www.organisator.ch\/sustainability\/2017-07-23\/hitzewellen-heizen-staedte-noch-staerker-auf\/"},"author":{"name":"admin","@id":"https:\/\/www.organisator.ch\/#\/schema\/person\/aa2bace6c5c5aad60102004a50c4eb1c"},"headline":"Hitzewellen heizen St\u00e4dte noch st\u00e4rker auf","datePublished":"2017-07-23T08:49:46+00:00","dateModified":"2022-02-09T10:06:56+00:00","mainEntityOfPage":{"@id":"https:\/\/www.organisator.ch\/sustainability\/2017-07-23\/hitzewellen-heizen-staedte-noch-staerker-auf\/"},"wordCount":709,"commentCount":0,"publisher":{"@id":"https:\/\/www.organisator.ch\/#organization"},"image":{"@id":"https:\/\/www.organisator.ch\/sustainability\/2017-07-23\/hitzewellen-heizen-staedte-noch-staerker-auf\/#primaryimage"},"thumbnailUrl":"https:\/\/www.organisator.ch\/wp-content\/uploads\/2017\/08\/FT_2-scaled.jpg","keywords":["Empa","ETH","Hitze","Hitzewelle","KLIMA"],"articleSection":["SUSTAINABILITY"],"inLanguage":"fr-FR"},{"@type":"WebPage","@id":"https:\/\/www.organisator.ch\/sustainability\/2017-07-23\/hitzewellen-heizen-staedte-noch-staerker-auf\/","url":"https:\/\/www.organisator.ch\/sustainability\/2017-07-23\/hitzewellen-heizen-staedte-noch-staerker-auf\/","name":"Les vagues de chaleur r\u00e9chauffent encore plus les villes - Organisateur","isPartOf":{"@id":"https:\/\/www.organisator.ch\/#website"},"primaryImageOfPage":{"@id":"https:\/\/www.organisator.ch\/sustainability\/2017-07-23\/hitzewellen-heizen-staedte-noch-staerker-auf\/#primaryimage"},"image":{"@id":"https:\/\/www.organisator.ch\/sustainability\/2017-07-23\/hitzewellen-heizen-staedte-noch-staerker-auf\/#primaryimage"},"thumbnailUrl":"https:\/\/www.organisator.ch\/wp-content\/uploads\/2017\/08\/FT_2-scaled.jpg","datePublished":"2017-07-23T08:49:46+00:00","dateModified":"2022-02-09T10:06:56+00:00","description":"En ville, il fait particuli\u00e8rement chaud en \u00e9t\u00e9. Des scientifiques ont donc mis au point une carte thermique pour Zurich afin de pr\u00e9voir les temp\u00e9ratures locales de l'air.","breadcrumb":{"@id":"https:\/\/www.organisator.ch\/sustainability\/2017-07-23\/hitzewellen-heizen-staedte-noch-staerker-auf\/#breadcrumb"},"inLanguage":"fr-FR","potentialAction":[{"@type":"ReadAction","target":["https:\/\/www.organisator.ch\/sustainability\/2017-07-23\/hitzewellen-heizen-staedte-noch-staerker-auf\/"]}]},{"@type":"ImageObject","inLanguage":"fr-FR","@id":"https:\/\/www.organisator.ch\/sustainability\/2017-07-23\/hitzewellen-heizen-staedte-noch-staerker-auf\/#primaryimage","url":"https:\/\/www.organisator.ch\/wp-content\/uploads\/2017\/08\/FT_2-scaled.jpg","contentUrl":"https:\/\/www.organisator.ch\/wp-content\/uploads\/2017\/08\/FT_2-scaled.jpg","width":2560,"height":1523,"caption":"Hitzeinseleffekt in Z\u00fcrich w\u00e4hrend der Hitzewelle im Juni 2017: Stadtplan von Z\u00fcrich mit den modellierten mittleren Lufttemperaturen zwei Meter \u00fcber Boden um sechs Uhr morgens am 22. Juni. (Bild: Empa)"},{"@type":"BreadcrumbList","@id":"https:\/\/www.organisator.ch\/sustainability\/2017-07-23\/hitzewellen-heizen-staedte-noch-staerker-auf\/#breadcrumb","itemListElement":[{"@type":"ListItem","position":1,"name":"Home","item":"https:\/\/www.organisator.ch\/"},{"@type":"ListItem","position":2,"name":"Hitzewellen heizen St\u00e4dte noch st\u00e4rker auf"}]},{"@type":"WebSite","@id":"https:\/\/www.organisator.ch\/#website","url":"https:\/\/www.organisator.ch\/","name":"Organisateur","description":"Comp\u00e9tence et comp\u00e9tence. Proches de la pratique. L'ORGANISATEUR pr\u00e9pare 10 num\u00e9ros par an sur les th\u00e8mes essentiels pour les dirigeants de PME.","publisher":{"@id":"https:\/\/www.organisator.ch\/#organization"},"potentialAction":[{"@type":"SearchAction","target":{"@type":"EntryPoint","urlTemplate":"https:\/\/www.organisator.ch\/?s={search_term_string}"},"query-input":{"@type":"PropertyValueSpecification","valueRequired":true,"valueName":"search_term_string"}}],"inLanguage":"fr-FR"},{"@type":"Organization","@id":"https:\/\/www.organisator.ch\/#organization","name":"Organisateur","url":"https:\/\/www.organisator.ch\/","logo":{"@type":"ImageObject","inLanguage":"fr-FR","@id":"https:\/\/www.organisator.ch\/#\/schema\/logo\/image\/","url":"https:\/\/www.organisator.ch\/wp-content\/uploads\/2022\/01\/Logo_Organisator_Website.png","contentUrl":"https:\/\/www.organisator.ch\/wp-content\/uploads\/2022\/01\/Logo_Organisator_Website.png","width":800,"height":77,"caption":"Organisator"},"image":{"@id":"https:\/\/www.organisator.ch\/#\/schema\/logo\/image\/"},"sameAs":["https:\/\/www.facebook.com\/OrganisatorFachmagazin","https:\/\/www.linkedin.com\/showcase\/organisator-das-magazin-fr-kmu","https:\/\/www.xing.com\/news\/pages\/organisator-ch-695","https:\/\/www.youtube.com\/channel\/UCGP2Sq0iWaZwT3BdIAQFYpw"]},{"@type":"Person","@id":"https:\/\/www.organisator.ch\/#\/schema\/person\/aa2bace6c5c5aad60102004a50c4eb1c","name":"admin","image":{"@type":"ImageObject","inLanguage":"fr-FR","@id":"https:\/\/secure.gravatar.com\/avatar\/ae2f4d718e6c49043e314ce431e7e645d646302a24a5ef5a8bc8e3f5a032e319?s=96&d=mm&r=g","url":"https:\/\/secure.gravatar.com\/avatar\/ae2f4d718e6c49043e314ce431e7e645d646302a24a5ef5a8bc8e3f5a032e319?s=96&d=mm&r=g","contentUrl":"https:\/\/secure.gravatar.com\/avatar\/ae2f4d718e6c49043e314ce431e7e645d646302a24a5ef5a8bc8e3f5a032e319?s=96&d=mm&r=g","caption":"admin"},"sameAs":["https:\/\/www.organisator.ch"],"url":"https:\/\/www.organisator.ch\/fr\/author\/admin\/"}]}},"_links":{"self":[{"href":"https:\/\/www.organisator.ch\/fr\/wp-json\/wp\/v2\/posts\/1049","targetHints":{"allow":["GET"]}}],"collection":[{"href":"https:\/\/www.organisator.ch\/fr\/wp-json\/wp\/v2\/posts"}],"about":[{"href":"https:\/\/www.organisator.ch\/fr\/wp-json\/wp\/v2\/types\/post"}],"author":[{"embeddable":true,"href":"https:\/\/www.organisator.ch\/fr\/wp-json\/wp\/v2\/users\/1"}],"replies":[{"embeddable":true,"href":"https:\/\/www.organisator.ch\/fr\/wp-json\/wp\/v2\/comments?post=1049"}],"version-history":[{"count":1,"href":"https:\/\/www.organisator.ch\/fr\/wp-json\/wp\/v2\/posts\/1049\/revisions"}],"predecessor-version":[{"id":10732,"href":"https:\/\/www.organisator.ch\/fr\/wp-json\/wp\/v2\/posts\/1049\/revisions\/10732"}],"wp:featuredmedia":[{"embeddable":true,"href":"https:\/\/www.organisator.ch\/fr\/wp-json\/wp\/v2\/media\/1050"}],"wp:attachment":[{"href":"https:\/\/www.organisator.ch\/fr\/wp-json\/wp\/v2\/media?parent=1049"}],"wp:term":[{"taxonomy":"category","embeddable":true,"href":"https:\/\/www.organisator.ch\/fr\/wp-json\/wp\/v2\/categories?post=1049"},{"taxonomy":"post_tag","embeddable":true,"href":"https:\/\/www.organisator.ch\/fr\/wp-json\/wp\/v2\/tags?post=1049"}],"curies":[{"name":"wp","href":"https:\/\/api.w.org\/{rel}","templated":true}]}}