{"id":1057,"date":"2017-08-07T11:50:19","date_gmt":"2017-08-07T09:50:19","guid":{"rendered":"https:\/\/www.umweltperspektiven.ch\/?p=1057"},"modified":"2022-02-09T11:06:56","modified_gmt":"2022-02-09T10:06:56","slug":"eiweissmangel-wegen-co2-emissionen","status":"publish","type":"post","link":"https:\/\/www.organisator.ch\/fr\/sustainability\/2017-08-07\/eiweissmangel-wegen-co2-emissionen\/","title":{"rendered":"Carence en prot\u00e9ines \u00e0 cause des \u00e9missions de CO2"},"content":{"rendered":"<p><img loading=\"lazy\" decoding=\"async\" class=\"alignnone size-medium wp-image-1059\" src=\"\/\/www.umweltperspektiven.ch\/wp-content\/uploads\/2017\/08\/Depositphotos_32727549_l-2015.jpg\" alt=\"\" width=\"680\" height=\"453\" srcset=\"https:\/\/www.organisator.ch\/wp-content\/uploads\/2017\/08\/Depositphotos_32727549_l-2015.jpg 2000w, https:\/\/www.organisator.ch\/wp-content\/uploads\/2017\/08\/Depositphotos_32727549_l-2015-680x453.jpg 680w, https:\/\/www.organisator.ch\/wp-content\/uploads\/2017\/08\/Depositphotos_32727549_l-2015-1024x682.jpg 1024w, https:\/\/www.organisator.ch\/wp-content\/uploads\/2017\/08\/Depositphotos_32727549_l-2015-768x512.jpg 768w, https:\/\/www.organisator.ch\/wp-content\/uploads\/2017\/08\/Depositphotos_32727549_l-2015-1536x1024.jpg 1536w, https:\/\/www.organisator.ch\/wp-content\/uploads\/2017\/08\/Depositphotos_32727549_l-2015-18x12.jpg 18w, https:\/\/www.organisator.ch\/wp-content\/uploads\/2017\/08\/Depositphotos_32727549_l-2015-263x175.jpg 263w, https:\/\/www.organisator.ch\/wp-content\/uploads\/2017\/08\/Depositphotos_32727549_l-2015-525x350.jpg 525w, https:\/\/www.organisator.ch\/wp-content\/uploads\/2017\/08\/Depositphotos_32727549_l-2015-1200x800.jpg 1200w, https:\/\/www.organisator.ch\/wp-content\/uploads\/2017\/08\/Depositphotos_32727549_l-2015-920x613.jpg 920w, https:\/\/www.organisator.ch\/wp-content\/uploads\/2017\/08\/Depositphotos_32727549_l-2015-1400x933.jpg 1400w, https:\/\/www.organisator.ch\/wp-content\/uploads\/2017\/08\/Depositphotos_32727549_l-2015-300x200.jpg 300w\" sizes=\"auto, (max-width: 680px) 100vw, 680px\" \/><\/p>\n<p class=\"FtxtP\">Si les \u00e9missions de CO2 continuent d'augmenter comme pr\u00e9vu, la population de 18 pays perdra plus de cinq pour cent de ses prot\u00e9ines alimentaires d'ici 2050. C'est la conclusion d'une \u00e9tude de la <a href=\"\/\/hsph.harvard.edu\">\u00c9cole de sant\u00e9 publique T.H. Chan de Harvard<\/a>\u00a0de la population. Cela est d\u00fb \u00e0 la baisse de la valeur nutritive du riz, du bl\u00e9 et d'autres aliments de base. Les chercheurs estiment que pr\u00e8s de 150 millions de personnes suppl\u00e9mentaires seront expos\u00e9es au risque de carence en prot\u00e9ines en raison de l'augmentation des niveaux de CO2 dans l'atmosph\u00e8re. Selon le directeur de recherche Samuel Myers, cette \u00e9tude souligne la n\u00e9cessit\u00e9 pour les pays les plus \u00e0 risque de surveiller activement la qualit\u00e9 de leur alimentation. Mais il est surtout n\u00e9cessaire, selon lui, de r\u00e9duire les \u00e9missions de CO2 dues \u00e0 l'activit\u00e9 humaine.<\/p>\n<p class=\"FtxtP\">Dans le monde, 76 pour cent des personnes obtiennent la majorit\u00e9 de leurs prot\u00e9ines quotidiennes des plantes. Afin d'estimer le risque actuel et futur d'une carence en prot\u00e9ines, les chercheurs ont combin\u00e9 les donn\u00e9es d'exp\u00e9riences au cours desquelles les cultures ont \u00e9t\u00e9 expos\u00e9es \u00e0 de fortes concentrations de CO2 avec des informations nutritionnelles mondiales des Nations Unies et des donn\u00e9es sur l'in\u00e9galit\u00e9 des revenus et la d\u00e9mographie. En pr\u00e9sence de concentrations \u00e9lev\u00e9es de CO2, la teneur en prot\u00e9ines du riz, du bl\u00e9, de l'orge et des pommes de terre a diminu\u00e9 respectivement de 7,6 et 7,8, et de 14,1 et 6,4 pour cent.<\/p>\n<p class=\"FtxtP\"><strong><span class=\"FtxtBold\">L'Afrique et l'Asie particuli\u00e8rement touch\u00e9es<\/span><\/strong><\/p>\n<p class=\"FtxtP\">Les r\u00e9sultats de la recherche indiquent des d\u00e9fis persistants pour l'Afrique subsaharienne. Des millions de personnes y souffrent d\u00e9j\u00e0 d'une carence en prot\u00e9ines. Des probl\u00e8mes plus importants sont attendus en Asie du Sud. L'Inde, o\u00f9 le riz et le bl\u00e9 fournissent une grande partie des prot\u00e9ines quotidiennes, en fait partie. L'Inde pourrait perdre 5,3 pour cent des prot\u00e9ines d'une alimentation standard. Cela exposerait 53 millions de personnes \u00e0 un nouveau risque de carence en prot\u00e9ines. Les r\u00e9sultats de la recherche ont \u00e9t\u00e9 publi\u00e9s dans <a href=\"\/\/ehp.niehs.nih.gov\">Perspectives en mati\u00e8re de sant\u00e9 environnementale<\/a>\u00a0publi\u00e9.<\/p>\n<p class=\"FtxtP\"><strong><span class=\"FtxtBold\">La carence en fer augmente \u00e9galement<\/span><\/strong><\/p>\n<p class=\"FtxtP\">Myers est co-auteur d'une autre \u00e9tude. Elle a r\u00e9v\u00e9l\u00e9 que la r\u00e9duction de la teneur en fer des aliments de base due au CO2 risque d'aggraver le probl\u00e8me de la carence en fer d\u00e9j\u00e0 existant dans le monde. Le risque le plus \u00e9lev\u00e9 concerne 354 millions d'enfants de moins de cinq ans et 1,06 milliard de femmes en \u00e2ge de procr\u00e9er dans le monde. Les r\u00e9gions les plus touch\u00e9es sont l'Asie du Sud et l'Afrique du Nord. L'an\u00e9mie est d\u00e9j\u00e0 tr\u00e8s r\u00e9pandue dans ces r\u00e9gions. On s'attend \u00e0 ce que plus de 3,8 pour cent du fer contenu dans les aliments soit perdu en raison de ces effets du CO2. Myers a \u00e9galement \u00e9t\u00e9 co-auteur d'une \u00e9tude qui indiquait d\u00e9j\u00e0 en 2015 que l'augmentation des \u00e9missions de CO2 entra\u00eenerait probablement une carence en zinc chez environ 200 millions de personnes.<\/p>\n<p>Source : communiqu\u00e9 de presse<\/p>","protected":false},"excerpt":{"rendered":"<p>Steigen die CO2-Emissionen weiter wie prognostiziert an, wird die Bev\u00f6lkerung in 18 L\u00e4ndern bis 2050 mehr als f\u00fcnf Prozent ihres Nahrungseiweisses verlieren. Zu diesem Ergebnis ist eine Studie der Harvard T.H. Chan School of Public Health\u00a0gekommen. Verantwortlich daf\u00fcr ist ein Sinken des N\u00e4hrwerts von Reis, Weizen und anderen Grundnahrungsmitteln. Die Forscher gehen davon aus, dass [&hellip;]<\/p>\n","protected":false},"author":1,"featured_media":1059,"comment_status":"open","ping_status":"open","sticky":false,"template":"","format":"standard","meta":{"_acf_changed":false,"_yoast_wpseo_focuskw":"Eiweissmangel","_yoast_wpseo_metadesc":"Erh\u00f6hen sich die CO2-Werte in der Atmosph\u00e4re weiter, droht Millionen von Menschen ein Eiweissmangel. Das zeigen neue Studien.","articlekey":"","footnotes":""},"categories":[580],"tags":[1027,242,596],"class_list":["post-1057","post","type-post","status-publish","format-standard","has-post-thumbnail","hentry","category-sustainability","tag-eiweissmangel","tag-gesundheit","tag-klima"],"acf":[],"yoast_head":"<!-- This site is optimized with the Yoast SEO plugin v27.4 - https:\/\/yoast.com\/product\/yoast-seo-wordpress\/ -->\n<title>Eiweissmangel wegen CO2-Emissionen - Organisator<\/title>\n<meta name=\"description\" content=\"Erh\u00f6hen sich die CO2-Werte in der Atmosph\u00e4re weiter, droht Millionen von Menschen ein Eiweissmangel. Das zeigen neue Studien.\" \/>\n<meta name=\"robots\" content=\"index, follow, max-snippet:-1, max-image-preview:large, max-video-preview:-1\" \/>\n<link rel=\"canonical\" href=\"https:\/\/www.organisator.ch\/fr\/sustainability\/2017-08-07\/eiweissmangel-wegen-co2-emissionen\/\" \/>\n<meta property=\"og:locale\" content=\"fr_FR\" \/>\n<meta property=\"og:type\" content=\"article\" \/>\n<meta property=\"og:title\" content=\"Eiweissmangel wegen CO2-Emissionen - Organisator\" \/>\n<meta property=\"og:description\" content=\"Erh\u00f6hen sich die CO2-Werte in der Atmosph\u00e4re weiter, droht Millionen von Menschen ein Eiweissmangel. Das zeigen neue Studien.\" \/>\n<meta property=\"og:url\" content=\"https:\/\/www.organisator.ch\/fr\/sustainability\/2017-08-07\/eiweissmangel-wegen-co2-emissionen\/\" \/>\n<meta property=\"og:site_name\" content=\"Organisator\" \/>\n<meta property=\"article:publisher\" content=\"https:\/\/www.facebook.com\/OrganisatorFachmagazin\" \/>\n<meta property=\"article:published_time\" content=\"2017-08-07T09:50:19+00:00\" \/>\n<meta property=\"article:modified_time\" content=\"2022-02-09T10:06:56+00:00\" \/>\n<meta property=\"og:image\" content=\"https:\/\/www.organisator.ch\/wp-content\/uploads\/2017\/08\/Depositphotos_32727549_l-2015-1024x682.jpg\" \/>\n\t<meta property=\"og:image:width\" content=\"1024\" \/>\n\t<meta property=\"og:image:height\" content=\"682\" \/>\n\t<meta property=\"og:image:type\" content=\"image\/jpeg\" \/>\n<meta name=\"author\" content=\"admin\" \/>\n<meta name=\"twitter:card\" content=\"summary_large_image\" \/>\n<script type=\"application\/ld+json\" class=\"yoast-schema-graph\">{\"@context\":\"https:\\\/\\\/schema.org\",\"@graph\":[{\"@type\":\"Article\",\"@id\":\"https:\\\/\\\/www.organisator.ch\\\/sustainability\\\/2017-08-07\\\/eiweissmangel-wegen-co2-emissionen\\\/#article\",\"isPartOf\":{\"@id\":\"https:\\\/\\\/www.organisator.ch\\\/sustainability\\\/2017-08-07\\\/eiweissmangel-wegen-co2-emissionen\\\/\"},\"author\":{\"name\":\"admin\",\"@id\":\"https:\\\/\\\/www.organisator.ch\\\/#\\\/schema\\\/person\\\/aa2bace6c5c5aad60102004a50c4eb1c\"},\"headline\":\"Eiweissmangel wegen CO2-Emissionen\",\"datePublished\":\"2017-08-07T09:50:19+00:00\",\"dateModified\":\"2022-02-09T10:06:56+00:00\",\"mainEntityOfPage\":{\"@id\":\"https:\\\/\\\/www.organisator.ch\\\/sustainability\\\/2017-08-07\\\/eiweissmangel-wegen-co2-emissionen\\\/\"},\"wordCount\":403,\"commentCount\":0,\"publisher\":{\"@id\":\"https:\\\/\\\/www.organisator.ch\\\/#organization\"},\"image\":{\"@id\":\"https:\\\/\\\/www.organisator.ch\\\/sustainability\\\/2017-08-07\\\/eiweissmangel-wegen-co2-emissionen\\\/#primaryimage\"},\"thumbnailUrl\":\"https:\\\/\\\/www.organisator.ch\\\/wp-content\\\/uploads\\\/2017\\\/08\\\/Depositphotos_32727549_l-2015.jpg\",\"keywords\":[\"Eiweissmangel\",\"Gesundheit\",\"KLIMA\"],\"articleSection\":[\"SUSTAINABILITY\"],\"inLanguage\":\"fr-FR\"},{\"@type\":\"WebPage\",\"@id\":\"https:\\\/\\\/www.organisator.ch\\\/sustainability\\\/2017-08-07\\\/eiweissmangel-wegen-co2-emissionen\\\/\",\"url\":\"https:\\\/\\\/www.organisator.ch\\\/sustainability\\\/2017-08-07\\\/eiweissmangel-wegen-co2-emissionen\\\/\",\"name\":\"Eiweissmangel wegen CO2-Emissionen - Organisator\",\"isPartOf\":{\"@id\":\"https:\\\/\\\/www.organisator.ch\\\/#website\"},\"primaryImageOfPage\":{\"@id\":\"https:\\\/\\\/www.organisator.ch\\\/sustainability\\\/2017-08-07\\\/eiweissmangel-wegen-co2-emissionen\\\/#primaryimage\"},\"image\":{\"@id\":\"https:\\\/\\\/www.organisator.ch\\\/sustainability\\\/2017-08-07\\\/eiweissmangel-wegen-co2-emissionen\\\/#primaryimage\"},\"thumbnailUrl\":\"https:\\\/\\\/www.organisator.ch\\\/wp-content\\\/uploads\\\/2017\\\/08\\\/Depositphotos_32727549_l-2015.jpg\",\"datePublished\":\"2017-08-07T09:50:19+00:00\",\"dateModified\":\"2022-02-09T10:06:56+00:00\",\"description\":\"Erh\u00f6hen sich die CO2-Werte in der Atmosph\u00e4re weiter, droht Millionen von Menschen ein Eiweissmangel. Das zeigen neue Studien.\",\"breadcrumb\":{\"@id\":\"https:\\\/\\\/www.organisator.ch\\\/sustainability\\\/2017-08-07\\\/eiweissmangel-wegen-co2-emissionen\\\/#breadcrumb\"},\"inLanguage\":\"fr-FR\",\"potentialAction\":[{\"@type\":\"ReadAction\",\"target\":[\"https:\\\/\\\/www.organisator.ch\\\/sustainability\\\/2017-08-07\\\/eiweissmangel-wegen-co2-emissionen\\\/\"]}]},{\"@type\":\"ImageObject\",\"inLanguage\":\"fr-FR\",\"@id\":\"https:\\\/\\\/www.organisator.ch\\\/sustainability\\\/2017-08-07\\\/eiweissmangel-wegen-co2-emissionen\\\/#primaryimage\",\"url\":\"https:\\\/\\\/www.organisator.ch\\\/wp-content\\\/uploads\\\/2017\\\/08\\\/Depositphotos_32727549_l-2015.jpg\",\"contentUrl\":\"https:\\\/\\\/www.organisator.ch\\\/wp-content\\\/uploads\\\/2017\\\/08\\\/Depositphotos_32727549_l-2015.jpg\",\"width\":2000,\"height\":1333},{\"@type\":\"BreadcrumbList\",\"@id\":\"https:\\\/\\\/www.organisator.ch\\\/sustainability\\\/2017-08-07\\\/eiweissmangel-wegen-co2-emissionen\\\/#breadcrumb\",\"itemListElement\":[{\"@type\":\"ListItem\",\"position\":1,\"name\":\"Home\",\"item\":\"https:\\\/\\\/www.organisator.ch\\\/\"},{\"@type\":\"ListItem\",\"position\":2,\"name\":\"Eiweissmangel wegen CO2-Emissionen\"}]},{\"@type\":\"WebSite\",\"@id\":\"https:\\\/\\\/www.organisator.ch\\\/#website\",\"url\":\"https:\\\/\\\/www.organisator.ch\\\/\",\"name\":\"Organisator\",\"description\":\"Kompetent. Praxisnah. Der ORGANISATOR bereitet in 10 Ausgaben pro Jahr die wesentlichen Themen f\u00fcr F\u00fchrungskr\u00e4fte von KMU auf.\",\"publisher\":{\"@id\":\"https:\\\/\\\/www.organisator.ch\\\/#organization\"},\"potentialAction\":[{\"@type\":\"SearchAction\",\"target\":{\"@type\":\"EntryPoint\",\"urlTemplate\":\"https:\\\/\\\/www.organisator.ch\\\/?s={search_term_string}\"},\"query-input\":{\"@type\":\"PropertyValueSpecification\",\"valueRequired\":true,\"valueName\":\"search_term_string\"}}],\"inLanguage\":\"fr-FR\"},{\"@type\":\"Organization\",\"@id\":\"https:\\\/\\\/www.organisator.ch\\\/#organization\",\"name\":\"Organisator\",\"url\":\"https:\\\/\\\/www.organisator.ch\\\/\",\"logo\":{\"@type\":\"ImageObject\",\"inLanguage\":\"fr-FR\",\"@id\":\"https:\\\/\\\/www.organisator.ch\\\/#\\\/schema\\\/logo\\\/image\\\/\",\"url\":\"https:\\\/\\\/www.organisator.ch\\\/wp-content\\\/uploads\\\/2022\\\/01\\\/Logo_Organisator_Website.png\",\"contentUrl\":\"https:\\\/\\\/www.organisator.ch\\\/wp-content\\\/uploads\\\/2022\\\/01\\\/Logo_Organisator_Website.png\",\"width\":800,\"height\":77,\"caption\":\"Organisator\"},\"image\":{\"@id\":\"https:\\\/\\\/www.organisator.ch\\\/#\\\/schema\\\/logo\\\/image\\\/\"},\"sameAs\":[\"https:\\\/\\\/www.facebook.com\\\/OrganisatorFachmagazin\",\"https:\\\/\\\/www.linkedin.com\\\/showcase\\\/organisator-das-magazin-fr-kmu\",\"https:\\\/\\\/www.xing.com\\\/news\\\/pages\\\/organisator-ch-695\",\"https:\\\/\\\/www.youtube.com\\\/channel\\\/UCGP2Sq0iWaZwT3BdIAQFYpw\"]},{\"@type\":\"Person\",\"@id\":\"https:\\\/\\\/www.organisator.ch\\\/#\\\/schema\\\/person\\\/aa2bace6c5c5aad60102004a50c4eb1c\",\"name\":\"admin\",\"image\":{\"@type\":\"ImageObject\",\"inLanguage\":\"fr-FR\",\"@id\":\"https:\\\/\\\/secure.gravatar.com\\\/avatar\\\/ae2f4d718e6c49043e314ce431e7e645d646302a24a5ef5a8bc8e3f5a032e319?s=96&d=mm&r=g\",\"url\":\"https:\\\/\\\/secure.gravatar.com\\\/avatar\\\/ae2f4d718e6c49043e314ce431e7e645d646302a24a5ef5a8bc8e3f5a032e319?s=96&d=mm&r=g\",\"contentUrl\":\"https:\\\/\\\/secure.gravatar.com\\\/avatar\\\/ae2f4d718e6c49043e314ce431e7e645d646302a24a5ef5a8bc8e3f5a032e319?s=96&d=mm&r=g\",\"caption\":\"admin\"},\"sameAs\":[\"https:\\\/\\\/www.organisator.ch\"],\"url\":\"https:\\\/\\\/www.organisator.ch\\\/fr\\\/author\\\/admin\\\/\"}]}<\/script>\n<!-- \/ Yoast SEO plugin. -->","yoast_head_json":{"title":"Manque de prot\u00e9ines \u00e0 cause des \u00e9missions de CO2 - Organisateur","description":"Si les taux de CO2 dans l'atmosph\u00e8re continuent d'augmenter, des millions de personnes risquent de souffrir d'une carence en prot\u00e9ines. C'est ce que montrent de nouvelles \u00e9tudes.","robots":{"index":"index","follow":"follow","max-snippet":"max-snippet:-1","max-image-preview":"max-image-preview:large","max-video-preview":"max-video-preview:-1"},"canonical":"https:\/\/www.organisator.ch\/fr\/sustainability\/2017-08-07\/eiweissmangel-wegen-co2-emissionen\/","og_locale":"fr_FR","og_type":"article","og_title":"Eiweissmangel wegen CO2-Emissionen - Organisator","og_description":"Erh\u00f6hen sich die CO2-Werte in der Atmosph\u00e4re weiter, droht Millionen von Menschen ein Eiweissmangel. Das zeigen neue Studien.","og_url":"https:\/\/www.organisator.ch\/fr\/sustainability\/2017-08-07\/eiweissmangel-wegen-co2-emissionen\/","og_site_name":"Organisator","article_publisher":"https:\/\/www.facebook.com\/OrganisatorFachmagazin","article_published_time":"2017-08-07T09:50:19+00:00","article_modified_time":"2022-02-09T10:06:56+00:00","og_image":[{"width":1024,"height":682,"url":"https:\/\/www.organisator.ch\/wp-content\/uploads\/2017\/08\/Depositphotos_32727549_l-2015-1024x682.jpg","type":"image\/jpeg"}],"author":"admin","twitter_card":"summary_large_image","schema":{"@context":"https:\/\/schema.org","@graph":[{"@type":"Article","@id":"https:\/\/www.organisator.ch\/sustainability\/2017-08-07\/eiweissmangel-wegen-co2-emissionen\/#article","isPartOf":{"@id":"https:\/\/www.organisator.ch\/sustainability\/2017-08-07\/eiweissmangel-wegen-co2-emissionen\/"},"author":{"name":"admin","@id":"https:\/\/www.organisator.ch\/#\/schema\/person\/aa2bace6c5c5aad60102004a50c4eb1c"},"headline":"Eiweissmangel wegen CO2-Emissionen","datePublished":"2017-08-07T09:50:19+00:00","dateModified":"2022-02-09T10:06:56+00:00","mainEntityOfPage":{"@id":"https:\/\/www.organisator.ch\/sustainability\/2017-08-07\/eiweissmangel-wegen-co2-emissionen\/"},"wordCount":403,"commentCount":0,"publisher":{"@id":"https:\/\/www.organisator.ch\/#organization"},"image":{"@id":"https:\/\/www.organisator.ch\/sustainability\/2017-08-07\/eiweissmangel-wegen-co2-emissionen\/#primaryimage"},"thumbnailUrl":"https:\/\/www.organisator.ch\/wp-content\/uploads\/2017\/08\/Depositphotos_32727549_l-2015.jpg","keywords":["Eiweissmangel","Gesundheit","KLIMA"],"articleSection":["SUSTAINABILITY"],"inLanguage":"fr-FR"},{"@type":"WebPage","@id":"https:\/\/www.organisator.ch\/sustainability\/2017-08-07\/eiweissmangel-wegen-co2-emissionen\/","url":"https:\/\/www.organisator.ch\/sustainability\/2017-08-07\/eiweissmangel-wegen-co2-emissionen\/","name":"Manque de prot\u00e9ines \u00e0 cause des \u00e9missions de CO2 - Organisateur","isPartOf":{"@id":"https:\/\/www.organisator.ch\/#website"},"primaryImageOfPage":{"@id":"https:\/\/www.organisator.ch\/sustainability\/2017-08-07\/eiweissmangel-wegen-co2-emissionen\/#primaryimage"},"image":{"@id":"https:\/\/www.organisator.ch\/sustainability\/2017-08-07\/eiweissmangel-wegen-co2-emissionen\/#primaryimage"},"thumbnailUrl":"https:\/\/www.organisator.ch\/wp-content\/uploads\/2017\/08\/Depositphotos_32727549_l-2015.jpg","datePublished":"2017-08-07T09:50:19+00:00","dateModified":"2022-02-09T10:06:56+00:00","description":"Si les taux de CO2 dans l'atmosph\u00e8re continuent d'augmenter, des millions de personnes risquent de souffrir d'une carence en prot\u00e9ines. C'est ce que montrent de nouvelles \u00e9tudes.","breadcrumb":{"@id":"https:\/\/www.organisator.ch\/sustainability\/2017-08-07\/eiweissmangel-wegen-co2-emissionen\/#breadcrumb"},"inLanguage":"fr-FR","potentialAction":[{"@type":"ReadAction","target":["https:\/\/www.organisator.ch\/sustainability\/2017-08-07\/eiweissmangel-wegen-co2-emissionen\/"]}]},{"@type":"ImageObject","inLanguage":"fr-FR","@id":"https:\/\/www.organisator.ch\/sustainability\/2017-08-07\/eiweissmangel-wegen-co2-emissionen\/#primaryimage","url":"https:\/\/www.organisator.ch\/wp-content\/uploads\/2017\/08\/Depositphotos_32727549_l-2015.jpg","contentUrl":"https:\/\/www.organisator.ch\/wp-content\/uploads\/2017\/08\/Depositphotos_32727549_l-2015.jpg","width":2000,"height":1333},{"@type":"BreadcrumbList","@id":"https:\/\/www.organisator.ch\/sustainability\/2017-08-07\/eiweissmangel-wegen-co2-emissionen\/#breadcrumb","itemListElement":[{"@type":"ListItem","position":1,"name":"Home","item":"https:\/\/www.organisator.ch\/"},{"@type":"ListItem","position":2,"name":"Eiweissmangel wegen CO2-Emissionen"}]},{"@type":"WebSite","@id":"https:\/\/www.organisator.ch\/#website","url":"https:\/\/www.organisator.ch\/","name":"Organisateur","description":"Comp\u00e9tence et comp\u00e9tence. Proches de la pratique. L'ORGANISATEUR pr\u00e9pare 10 num\u00e9ros par an sur les th\u00e8mes essentiels pour les dirigeants de PME.","publisher":{"@id":"https:\/\/www.organisator.ch\/#organization"},"potentialAction":[{"@type":"SearchAction","target":{"@type":"EntryPoint","urlTemplate":"https:\/\/www.organisator.ch\/?s={search_term_string}"},"query-input":{"@type":"PropertyValueSpecification","valueRequired":true,"valueName":"search_term_string"}}],"inLanguage":"fr-FR"},{"@type":"Organization","@id":"https:\/\/www.organisator.ch\/#organization","name":"Organisateur","url":"https:\/\/www.organisator.ch\/","logo":{"@type":"ImageObject","inLanguage":"fr-FR","@id":"https:\/\/www.organisator.ch\/#\/schema\/logo\/image\/","url":"https:\/\/www.organisator.ch\/wp-content\/uploads\/2022\/01\/Logo_Organisator_Website.png","contentUrl":"https:\/\/www.organisator.ch\/wp-content\/uploads\/2022\/01\/Logo_Organisator_Website.png","width":800,"height":77,"caption":"Organisator"},"image":{"@id":"https:\/\/www.organisator.ch\/#\/schema\/logo\/image\/"},"sameAs":["https:\/\/www.facebook.com\/OrganisatorFachmagazin","https:\/\/www.linkedin.com\/showcase\/organisator-das-magazin-fr-kmu","https:\/\/www.xing.com\/news\/pages\/organisator-ch-695","https:\/\/www.youtube.com\/channel\/UCGP2Sq0iWaZwT3BdIAQFYpw"]},{"@type":"Person","@id":"https:\/\/www.organisator.ch\/#\/schema\/person\/aa2bace6c5c5aad60102004a50c4eb1c","name":"admin","image":{"@type":"ImageObject","inLanguage":"fr-FR","@id":"https:\/\/secure.gravatar.com\/avatar\/ae2f4d718e6c49043e314ce431e7e645d646302a24a5ef5a8bc8e3f5a032e319?s=96&d=mm&r=g","url":"https:\/\/secure.gravatar.com\/avatar\/ae2f4d718e6c49043e314ce431e7e645d646302a24a5ef5a8bc8e3f5a032e319?s=96&d=mm&r=g","contentUrl":"https:\/\/secure.gravatar.com\/avatar\/ae2f4d718e6c49043e314ce431e7e645d646302a24a5ef5a8bc8e3f5a032e319?s=96&d=mm&r=g","caption":"admin"},"sameAs":["https:\/\/www.organisator.ch"],"url":"https:\/\/www.organisator.ch\/fr\/author\/admin\/"}]}},"_links":{"self":[{"href":"https:\/\/www.organisator.ch\/fr\/wp-json\/wp\/v2\/posts\/1057","targetHints":{"allow":["GET"]}}],"collection":[{"href":"https:\/\/www.organisator.ch\/fr\/wp-json\/wp\/v2\/posts"}],"about":[{"href":"https:\/\/www.organisator.ch\/fr\/wp-json\/wp\/v2\/types\/post"}],"author":[{"embeddable":true,"href":"https:\/\/www.organisator.ch\/fr\/wp-json\/wp\/v2\/users\/1"}],"replies":[{"embeddable":true,"href":"https:\/\/www.organisator.ch\/fr\/wp-json\/wp\/v2\/comments?post=1057"}],"version-history":[{"count":1,"href":"https:\/\/www.organisator.ch\/fr\/wp-json\/wp\/v2\/posts\/1057\/revisions"}],"predecessor-version":[{"id":10731,"href":"https:\/\/www.organisator.ch\/fr\/wp-json\/wp\/v2\/posts\/1057\/revisions\/10731"}],"wp:featuredmedia":[{"embeddable":true,"href":"https:\/\/www.organisator.ch\/fr\/wp-json\/wp\/v2\/media\/1059"}],"wp:attachment":[{"href":"https:\/\/www.organisator.ch\/fr\/wp-json\/wp\/v2\/media?parent=1057"}],"wp:term":[{"taxonomy":"category","embeddable":true,"href":"https:\/\/www.organisator.ch\/fr\/wp-json\/wp\/v2\/categories?post=1057"},{"taxonomy":"post_tag","embeddable":true,"href":"https:\/\/www.organisator.ch\/fr\/wp-json\/wp\/v2\/tags?post=1057"}],"curies":[{"name":"wp","href":"https:\/\/api.w.org\/{rel}","templated":true}]}}