{"id":1085,"date":"2016-12-15T14:13:32","date_gmt":"2016-12-15T13:13:32","guid":{"rendered":"http:\/\/dev.organisator.ch\/?p=1085"},"modified":"2016-12-15T14:13:32","modified_gmt":"2016-12-15T13:13:32","slug":"sparen-bei-oeffentlichen-dienstleistungen-durch-partnerschaften","status":"publish","type":"post","link":"https:\/\/www.organisator.ch\/fr\/management\/2016-12-15\/sparen-bei-oeffentlichen-dienstleistungen-durch-partnerschaften\/","title":{"rendered":"\u00c9conomiser sur les services publics gr\u00e2ce aux partenariats"},"content":{"rendered":"<figure id=\"attachment_1088\" aria-describedby=\"caption-attachment-1088\" style=\"width: 680px\" class=\"wp-caption alignnone\"><a href=\"https:\/\/www.organisator.ch\/wp-content\/uploads\/2016\/12\/Sparen-bei-oeffentlichen-Dienstleistungen-durch-Partnerschaften-organisator.jpg\"><img loading=\"lazy\" decoding=\"async\" class=\"size-medium wp-image-1088\" src=\"https:\/\/organisator.ch\/wp-content\/uploads\/2016\/12\/Sparen-bei-\u00f6ffentlichen-Dienstleistungen-durch-Partnerschaften-organisator.jpg\" alt=\"\" width=\"680\" height=\"453\" \/><\/a><figcaption id=\"caption-attachment-1088\" class=\"wp-caption-text\">Les concepts de partenariat tels que les PPP ouvrent des potentiels d'\u00e9conomie dans les services publics (Image : Robert Kneschke - Fotolia.com)<\/figcaption><\/figure>\n<blockquote><p>Les concepts tels que le PPP englobent la collaboration partenariale entre les pouvoirs publics et l'\u00e9conomie priv\u00e9e et constituent une approche de solution pour l'ex\u00e9cution optimale des t\u00e2ches publiques. Le PPP est d'une part une variante d'achat orient\u00e9e sur le cycle de vie. D'autre part, selon l'usage courant, le PPP englobe \u00e9galement d'autres formes d'ex\u00e9cution de t\u00e2ches en partenariat, qui se distinguent notamment par des caract\u00e9ristiques telles que l'accomplissement d'une t\u00e2che publique en tant qu'objectif, la participation d'au moins un partenaire priv\u00e9 et d'un partenaire public, la fourniture d'une prestation \u00e9conomique, une communaut\u00e9 de responsabilit\u00e9, la mise en commun de ressources (capital, moyens d'exploitation, savoir-faire), etc.<\/p><\/blockquote>\n<p>Depuis le d\u00e9but du si\u00e8cle, les infrastructures publiques sont au c\u0153ur de la discussion sur les PPP. Les domaines de la planification, de la construction, \u00e9ventuellement du financement et de l'exploitation (FM) y jouent un r\u00f4le essentiel. Dans le domaine du b\u00e2timent en particulier, il existe de larges normes et m\u00e9thodes accept\u00e9es au niveau international. L'objectif est dans tous les cas la rentabilit\u00e9 durable sur le cycle de vie ainsi que la garantie du succ\u00e8s gr\u00e2ce \u00e0 une approche partenariale.<\/p>\n<p><strong>D\u00e9veloppement des concepts de partenariat<\/strong><\/p>\n<p>En Suisse, diff\u00e9rents concepts de partenariat existaient d\u00e9j\u00e0 bien avant le mod\u00e8le PPP. On peut citer par exemple les domaines de la m\u00e9t\u00e9orologie et du d\u00e9veloppement territorial, mais aussi les entreprises d'\u00e9conomie mixte.<\/p>\n<p>Face aux d\u00e9fis et \u00e0 la menace d'une surcharge de l'\u00c9tat, la m\u00e9thodologie PPP constitue un excellent moyen de lancer de nouveaux partenariats et d'optimiser les formes de collaboration partenariale, comme l'a expliqu\u00e9 Urs Bolz, expert en PPP et responsable du r\u00e9seau d'experts de l'association.<\/p>\n<p>Les \u00e9l\u00e9ments cl\u00e9s du mod\u00e8le PPP sont que les partenaires publics et priv\u00e9s sont responsables des r\u00e9sultats du produit final et que le projet est ax\u00e9 sur le cycle de vie. Le priv\u00e9 assume explicitement les risques \u00e9conomiques et, gr\u00e2ce \u00e0 des syst\u00e8mes d'incitation appropri\u00e9s, le succ\u00e8s lui est profitable.<\/p>\n<p><strong>Le canton de B\u00e2le-Campagne r\u00e9duit ses co\u00fbts informatiques<\/strong><\/p>\n<p>Ruedi Hausammann, fondateur et partenaire de NOVO Business Consultants AG, a montr\u00e9 les co\u00fbts \u00e9normes engendr\u00e9s par la complexit\u00e9 croissante des technologies de l'information et de la communication (TIC), non seulement pour les projets, mais aussi et surtout pour la maintenance des paysages informatiques. Ainsi, le canton de B\u00e2le-Campagne utilise une vaste plateforme SAP avec environ 50 syst\u00e8mes informatiques en r\u00e9seau pour le traitement des processus de gestion. L'exploitation et le d\u00e9veloppement doivent \u00eatre garantis \u00e0 long terme.<\/p>\n<p>Afin d'am\u00e9liorer la situation globale, tant sur le plan qualitatif qu'\u00e9conomique, le transfert complet de l'exploitation, du support et du d\u00e9veloppement de l'ensemble de la plateforme SAP et des syst\u00e8mes tiers associ\u00e9s a \u00e9t\u00e9 effectu\u00e9 dans le cadre d'un partenariat public-priv\u00e9 avec NOVO, unique en Suisse \u00e0 ce jour. Ce PPP s'oriente sur le cycle de vie, qui est nettement sup\u00e9rieur \u00e0 10 ans pour un environnement SAP. Les deux partenaires forment une communaut\u00e9 de responsabilit\u00e9 et se partagent les risques et les responsabilit\u00e9s en fonction de leurs comp\u00e9tences cl\u00e9s.<\/p>\n<p><strong>Le r\u00e9seau \u00e9nerg\u00e9tique GSG doit augmenter l'efficacit\u00e9 \u00e9nerg\u00e9tique<\/strong><\/p>\n<p>Le r\u00e9seau energienetz GSG (Gossau SG - St.Gallen - Gaiserwald) est une plate-forme r\u00e9gionale pour l'efficacit\u00e9 \u00e9nerg\u00e9tique et des ressources, fond\u00e9e sous la forme d'une soci\u00e9t\u00e9 simple regroupant 31 entreprises locales membres, la commune de Gaiserwald, les cit\u00e9s de l'\u00e9nergie de Gossau et de St.Gall, les fournisseurs d'\u00e9nergie locaux, les associations commerciales et industrielles r\u00e9gionales ainsi que le service de l'\u00e9nergie du canton de St.Gall.<\/p>\n<p>Comme l'a expliqu\u00e9 le coordinateur Andreas Schl\u00e4pfer, l'energienetz GSG veut augmenter l'efficacit\u00e9 \u00e9nerg\u00e9tique de l'entreprise dans la zone industrielle de Gossau Ost - St.Gallen West et r\u00e9duire continuellement la consommation d'\u00e9nergie et les \u00e9missions de CO2. Un autre objectif est la construction d'un r\u00e9seau de chaleur \u00e0 basse temp\u00e9rature (r\u00e9seau d'\u00e9nergie) afin d'utiliser les rejets thermiques exc\u00e9dentaires des processus industriels pour l'approvisionnement en chaleur. En octobre 2016, les initiateurs du projet ont d\u00e9fini un cluster initial pour lequel des cr\u00e9dits-cadres seront demand\u00e9s d\u00e9but 2017 aupr\u00e8s des communes politiques pour la construction.<\/p>\n<p><strong>Science : recherche et d\u00e9veloppement en partenariat<\/strong><\/p>\n<p>La recherche de pointe n\u00e9cessite une excellente infrastructure, comme l'a expliqu\u00e9 le Dr Thomas Brunschwiler d'IBM Reserach. Dans le domaine de la nanotechnologie en particulier, il faut s'attendre \u00e0 des investissements de plusieurs dizaines de millions de francs. Afin de partager ces co\u00fbts initiaux et d'assurer en synergie la masse critique pour l'exploitation, les partenaires de longue date de la recherche, IBM et l'ETH Zurich, ont opt\u00e9 en 2007 pour un mod\u00e8le PPP dans la r\u00e9alisation du \"Binnig und Rohrer Nanotechnologie Center (BRNC)\". IBM a financ\u00e9 l'infrastructure du b\u00e2timent, tandis que les investissements en capital dans les appareils ont \u00e9t\u00e9 partag\u00e9s entre l'ETH et IBM et que l'ETH loue les locaux. Dans ce contexte, la salle blanche est g\u00e9r\u00e9e par le personnel d'IBM et l'ETH contribue aux frais de fonctionnement.<\/p>\n<p>Depuis l'ouverture du BRNC en 2011, le mod\u00e8le PPP s'est r\u00e9v\u00e9l\u00e9 tr\u00e8s fructueux et robuste. Entre-temps, quatre chaires de l'ETH Zurich sont install\u00e9es en permanence \u00e0 R\u00fcschlikon et une premi\u00e8re start-up a d\u00e9j\u00e0 pu \u00eatre cr\u00e9\u00e9e. Le BRNC est un succ\u00e8s unique dans le domaine du PPP des infrastructures de recherche fondamentale en Suisse. Ainsi, IBM peut poursuivre ses recherches de niveau mondial dans le domaine des nanotechnologies \u00e0 R\u00fcschlikon et l'ETH a obtenu, bien des ann\u00e9es plus t\u00f4t, une augmentation de la capacit\u00e9 de son infrastructure de recherche ainsi que l'acc\u00e8s \u00e0 une \u00e9quipe de processus professionnelle. De plus, cette collaboration a permis de renforcer de mani\u00e8re d\u00e9cisive la position de la Suisse dans le paysage international de la recherche.<\/p>\n<p><strong>Partenariats public-priv\u00e9 pour le d\u00e9veloppement (PPDP)<\/strong><\/p>\n<p>Jean-Christophe Favre, conseiller pour les partenariats avec le secteur priv\u00e9 \u00e0 la DDC, a montr\u00e9 comment la collaboration avec le secteur priv\u00e9 peut permettre d'atteindre les objectifs de d\u00e9veloppement durable (ODD). L'Agenda 2030, adopt\u00e9 par la communaut\u00e9 internationale en septembre 2015, ne pourra \u00eatre mis en \u0153uvre que si tous les acteurs s'engagent fortement. Le message sur la coop\u00e9ration internationale 2017-2020 encourage la coop\u00e9ration suisse au d\u00e9veloppement \u00e0 coop\u00e9rer plus \u00e9troitement avec les entreprises afin d'atteindre les objectifs de d\u00e9veloppement durable.<\/p>\n<p>La DDC s'engage dans des partenariats innovants avec le secteur priv\u00e9. Dans le cadre de ceux-ci, chaque partenaire apporte ses comp\u00e9tences et ses ressources pour atteindre un objectif commun, m\u00eame si les int\u00e9r\u00eats respectifs doivent \u00eatre diff\u00e9rents. L'objectif est de d\u00e9velopper des produits et des services pour les plus d\u00e9favoris\u00e9s, comme des micro-assurances contre les catastrophes naturelles, d'influencer le mod\u00e8le d'affaires des entreprises, par exemple en r\u00e9duisant l'empreinte sur l'eau de leurs produits, et de promouvoir le dialogue sur les principes de la conduite responsable des entreprises et les droits de l'homme, par exemple dans le cadre du Pacte mondial. Il devrait ainsi \u00eatre possible d'apporter une contribution durable et de grande envergure \u00e0 la r\u00e9alisation des objectifs de d\u00e9veloppement et \u00e0 la lutte contre la pauvret\u00e9.<\/p>\n<p><em>Plus d'informations : <a href=\"http:\/\/www.ppp-schweiz.ch\/de\/\" target=\"_blank\" rel=\"noreferrer noopener\" data-cke-saved-href=\"http:\/\/www.ppp-schweiz.ch\/de\/\">Association PPP Suisse<\/a><\/em><\/p>","protected":false},"excerpt":{"rendered":"<p>Konzepte wie PPP umfassen die partnerschaftliche Zusammenarbeit zwischen der \u00f6ffentlichen Hand und privater Wirtschaft und ist ein L\u00f6sungsansatz zur optimalen Erf\u00fcllung \u00f6ffentlicher Aufgaben. PPP ist einerseits eine Beschaffungsvariante, die sich am Lebenszyklus orientiert. Dar\u00fcber hinaus umfasst PPP nach dem allgemeinen Sprachgebrauch aber auch weitere Formen der partnerschaftlichen Aufgabenerf\u00fcllung, die sich insbesondere durch Merkmale wie z.B. [&hellip;]<\/p>\n","protected":false},"author":8,"featured_media":1088,"comment_status":"open","ping_status":"open","sticky":false,"template":"","format":"standard","meta":{"_acf_changed":false,"_yoast_wpseo_focuskw":"Partnerschaftskonzepte","_yoast_wpseo_metadesc":"Partnerschaftskonzepte wie PPP er\u00f6ffnen Sparpotenziale bei \u00f6ffentlichen Dienstleistungen, eine Beschaffungsvariante, die sich am Lebenszyklus orientiert.","articlekey":"","footnotes":""},"categories":[28],"tags":[335],"class_list":["post-1085","post","type-post","status-publish","format-standard","has-post-thumbnail","hentry","category-management","tag-management-und-unternehmensfuehrung"],"acf":[],"yoast_head":"<!-- This site is optimized with the Yoast SEO plugin v27.5 - https:\/\/yoast.com\/product\/yoast-seo-wordpress\/ -->\n<title>Sparen bei \u00f6ffentlichen Dienstleistungen durch Partnerschaften - Organisator<\/title>\n<meta name=\"description\" content=\"Partnerschaftskonzepte wie PPP er\u00f6ffnen Sparpotenziale bei \u00f6ffentlichen Dienstleistungen, eine Beschaffungsvariante, die sich am Lebenszyklus orientiert.\" \/>\n<meta name=\"robots\" content=\"index, follow, max-snippet:-1, max-image-preview:large, max-video-preview:-1\" \/>\n<link rel=\"canonical\" href=\"https:\/\/www.organisator.ch\/fr\/gestion-2\/2016-12-15\/sparen-bei-oeffentlichen-dienstleistungen-durch-partnerschaften\/\" \/>\n<meta property=\"og:locale\" content=\"fr_FR\" \/>\n<meta property=\"og:type\" content=\"article\" \/>\n<meta property=\"og:title\" content=\"Sparen bei \u00f6ffentlichen Dienstleistungen durch Partnerschaften - Organisator\" \/>\n<meta property=\"og:description\" content=\"Partnerschaftskonzepte wie PPP er\u00f6ffnen Sparpotenziale bei \u00f6ffentlichen Dienstleistungen, eine Beschaffungsvariante, die sich am Lebenszyklus orientiert.\" \/>\n<meta property=\"og:url\" content=\"https:\/\/www.organisator.ch\/fr\/gestion-2\/2016-12-15\/sparen-bei-oeffentlichen-dienstleistungen-durch-partnerschaften\/\" \/>\n<meta property=\"og:site_name\" content=\"Organisator\" \/>\n<meta property=\"article:publisher\" content=\"https:\/\/www.facebook.com\/OrganisatorFachmagazin\" \/>\n<meta property=\"article:published_time\" content=\"2016-12-15T13:13:32+00:00\" \/>\n<meta property=\"og:image\" content=\"https:\/\/www.organisator.ch\/wp-content\/uploads\/2016\/12\/Sparen-bei-oeffentlichen-Dienstleistungen-durch-Partnerschaften-organisator.jpg\" \/>\n\t<meta property=\"og:image:width\" content=\"849\" \/>\n\t<meta property=\"og:image:height\" content=\"566\" \/>\n\t<meta property=\"og:image:type\" content=\"image\/jpeg\" \/>\n<meta name=\"author\" content=\"galledia\" \/>\n<meta name=\"twitter:card\" content=\"summary_large_image\" \/>\n<meta name=\"twitter:creator\" content=\"@admin\" \/>\n<script type=\"application\/ld+json\" class=\"yoast-schema-graph\">{\"@context\":\"https:\\\/\\\/schema.org\",\"@graph\":[{\"@type\":\"Article\",\"@id\":\"https:\\\/\\\/www.organisator.ch\\\/management\\\/2016-12-15\\\/sparen-bei-oeffentlichen-dienstleistungen-durch-partnerschaften\\\/#article\",\"isPartOf\":{\"@id\":\"https:\\\/\\\/www.organisator.ch\\\/management\\\/2016-12-15\\\/sparen-bei-oeffentlichen-dienstleistungen-durch-partnerschaften\\\/\"},\"author\":{\"name\":\"galledia\",\"@id\":\"https:\\\/\\\/www.organisator.ch\\\/#\\\/schema\\\/person\\\/4e51799071cd2dd1232ac003643ef5f0\"},\"headline\":\"Sparen bei \u00f6ffentlichen Dienstleistungen durch Partnerschaften\",\"datePublished\":\"2016-12-15T13:13:32+00:00\",\"mainEntityOfPage\":{\"@id\":\"https:\\\/\\\/www.organisator.ch\\\/management\\\/2016-12-15\\\/sparen-bei-oeffentlichen-dienstleistungen-durch-partnerschaften\\\/\"},\"wordCount\":992,\"commentCount\":0,\"publisher\":{\"@id\":\"https:\\\/\\\/www.organisator.ch\\\/#organization\"},\"image\":{\"@id\":\"https:\\\/\\\/www.organisator.ch\\\/management\\\/2016-12-15\\\/sparen-bei-oeffentlichen-dienstleistungen-durch-partnerschaften\\\/#primaryimage\"},\"thumbnailUrl\":\"https:\\\/\\\/www.organisator.ch\\\/wp-content\\\/uploads\\\/2016\\\/12\\\/Sparen-bei-oeffentlichen-Dienstleistungen-durch-Partnerschaften-organisator.jpg\",\"keywords\":[\"Management und Unternehmensf\u00fchrung\"],\"articleSection\":[\"MANAGEMENT\"],\"inLanguage\":\"fr-FR\"},{\"@type\":\"WebPage\",\"@id\":\"https:\\\/\\\/www.organisator.ch\\\/management\\\/2016-12-15\\\/sparen-bei-oeffentlichen-dienstleistungen-durch-partnerschaften\\\/\",\"url\":\"https:\\\/\\\/www.organisator.ch\\\/management\\\/2016-12-15\\\/sparen-bei-oeffentlichen-dienstleistungen-durch-partnerschaften\\\/\",\"name\":\"Sparen bei \u00f6ffentlichen Dienstleistungen durch Partnerschaften - Organisator\",\"isPartOf\":{\"@id\":\"https:\\\/\\\/www.organisator.ch\\\/#website\"},\"primaryImageOfPage\":{\"@id\":\"https:\\\/\\\/www.organisator.ch\\\/management\\\/2016-12-15\\\/sparen-bei-oeffentlichen-dienstleistungen-durch-partnerschaften\\\/#primaryimage\"},\"image\":{\"@id\":\"https:\\\/\\\/www.organisator.ch\\\/management\\\/2016-12-15\\\/sparen-bei-oeffentlichen-dienstleistungen-durch-partnerschaften\\\/#primaryimage\"},\"thumbnailUrl\":\"https:\\\/\\\/www.organisator.ch\\\/wp-content\\\/uploads\\\/2016\\\/12\\\/Sparen-bei-oeffentlichen-Dienstleistungen-durch-Partnerschaften-organisator.jpg\",\"datePublished\":\"2016-12-15T13:13:32+00:00\",\"description\":\"Partnerschaftskonzepte wie PPP er\u00f6ffnen Sparpotenziale bei \u00f6ffentlichen Dienstleistungen, eine Beschaffungsvariante, die sich am Lebenszyklus orientiert.\",\"breadcrumb\":{\"@id\":\"https:\\\/\\\/www.organisator.ch\\\/management\\\/2016-12-15\\\/sparen-bei-oeffentlichen-dienstleistungen-durch-partnerschaften\\\/#breadcrumb\"},\"inLanguage\":\"fr-FR\",\"potentialAction\":[{\"@type\":\"ReadAction\",\"target\":[\"https:\\\/\\\/www.organisator.ch\\\/management\\\/2016-12-15\\\/sparen-bei-oeffentlichen-dienstleistungen-durch-partnerschaften\\\/\"]}]},{\"@type\":\"ImageObject\",\"inLanguage\":\"fr-FR\",\"@id\":\"https:\\\/\\\/www.organisator.ch\\\/management\\\/2016-12-15\\\/sparen-bei-oeffentlichen-dienstleistungen-durch-partnerschaften\\\/#primaryimage\",\"url\":\"https:\\\/\\\/www.organisator.ch\\\/wp-content\\\/uploads\\\/2016\\\/12\\\/Sparen-bei-oeffentlichen-Dienstleistungen-durch-Partnerschaften-organisator.jpg\",\"contentUrl\":\"https:\\\/\\\/www.organisator.ch\\\/wp-content\\\/uploads\\\/2016\\\/12\\\/Sparen-bei-oeffentlichen-Dienstleistungen-durch-Partnerschaften-organisator.jpg\",\"width\":849,\"height\":566,\"caption\":\"Partnerschaftskonzepte wie PPP er\u00f6ffnen Sparpotenziale bei \u00f6ffentlichen Dienstleistungen (Bild: Robert Kneschke - Fotolia.com)\"},{\"@type\":\"BreadcrumbList\",\"@id\":\"https:\\\/\\\/www.organisator.ch\\\/management\\\/2016-12-15\\\/sparen-bei-oeffentlichen-dienstleistungen-durch-partnerschaften\\\/#breadcrumb\",\"itemListElement\":[{\"@type\":\"ListItem\",\"position\":1,\"name\":\"Home\",\"item\":\"https:\\\/\\\/www.organisator.ch\\\/\"},{\"@type\":\"ListItem\",\"position\":2,\"name\":\"Sparen bei \u00f6ffentlichen Dienstleistungen durch Partnerschaften\"}]},{\"@type\":\"WebSite\",\"@id\":\"https:\\\/\\\/www.organisator.ch\\\/#website\",\"url\":\"https:\\\/\\\/www.organisator.ch\\\/\",\"name\":\"Organisator\",\"description\":\"Kompetent. Praxisnah. Der ORGANISATOR bereitet in 10 Ausgaben pro Jahr die wesentlichen Themen f\u00fcr F\u00fchrungskr\u00e4fte von KMU auf.\",\"publisher\":{\"@id\":\"https:\\\/\\\/www.organisator.ch\\\/#organization\"},\"potentialAction\":[{\"@type\":\"SearchAction\",\"target\":{\"@type\":\"EntryPoint\",\"urlTemplate\":\"https:\\\/\\\/www.organisator.ch\\\/?s={search_term_string}\"},\"query-input\":{\"@type\":\"PropertyValueSpecification\",\"valueRequired\":true,\"valueName\":\"search_term_string\"}}],\"inLanguage\":\"fr-FR\"},{\"@type\":\"Organization\",\"@id\":\"https:\\\/\\\/www.organisator.ch\\\/#organization\",\"name\":\"Organisator\",\"url\":\"https:\\\/\\\/www.organisator.ch\\\/\",\"logo\":{\"@type\":\"ImageObject\",\"inLanguage\":\"fr-FR\",\"@id\":\"https:\\\/\\\/www.organisator.ch\\\/#\\\/schema\\\/logo\\\/image\\\/\",\"url\":\"https:\\\/\\\/www.organisator.ch\\\/wp-content\\\/uploads\\\/2022\\\/01\\\/Logo_Organisator_Website.png\",\"contentUrl\":\"https:\\\/\\\/www.organisator.ch\\\/wp-content\\\/uploads\\\/2022\\\/01\\\/Logo_Organisator_Website.png\",\"width\":800,\"height\":77,\"caption\":\"Organisator\"},\"image\":{\"@id\":\"https:\\\/\\\/www.organisator.ch\\\/#\\\/schema\\\/logo\\\/image\\\/\"},\"sameAs\":[\"https:\\\/\\\/www.facebook.com\\\/OrganisatorFachmagazin\",\"https:\\\/\\\/www.linkedin.com\\\/showcase\\\/organisator-das-magazin-fr-kmu\",\"https:\\\/\\\/www.xing.com\\\/news\\\/pages\\\/organisator-ch-695\",\"https:\\\/\\\/www.youtube.com\\\/channel\\\/UCGP2Sq0iWaZwT3BdIAQFYpw\"]},{\"@type\":\"Person\",\"@id\":\"https:\\\/\\\/www.organisator.ch\\\/#\\\/schema\\\/person\\\/4e51799071cd2dd1232ac003643ef5f0\",\"name\":\"galledia\",\"image\":{\"@type\":\"ImageObject\",\"inLanguage\":\"fr-FR\",\"@id\":\"https:\\\/\\\/secure.gravatar.com\\\/avatar\\\/78a7f90c01fc2bfc875782a0d4922b37cde2cf184ce347b91316d23cd7f69a36?s=96&d=mm&r=g\",\"url\":\"https:\\\/\\\/secure.gravatar.com\\\/avatar\\\/78a7f90c01fc2bfc875782a0d4922b37cde2cf184ce347b91316d23cd7f69a36?s=96&d=mm&r=g\",\"contentUrl\":\"https:\\\/\\\/secure.gravatar.com\\\/avatar\\\/78a7f90c01fc2bfc875782a0d4922b37cde2cf184ce347b91316d23cd7f69a36?s=96&d=mm&r=g\",\"caption\":\"galledia\"},\"sameAs\":[\"https:\\\/\\\/x.com\\\/admin\"],\"url\":\"https:\\\/\\\/www.organisator.ch\\\/fr\\\/author\\\/galledia\\\/\"}]}<\/script>\n<!-- \/ Yoast SEO plugin. -->","yoast_head_json":{"title":"\u00c9conomiser sur les services publics gr\u00e2ce aux partenariats - Organisateur","description":"Les concepts de partenariat tels que les PPP ouvrent des possibilit\u00e9s d'\u00e9conomies dans les services publics, une variante d'achat ax\u00e9e sur le cycle de vie.","robots":{"index":"index","follow":"follow","max-snippet":"max-snippet:-1","max-image-preview":"max-image-preview:large","max-video-preview":"max-video-preview:-1"},"canonical":"https:\/\/www.organisator.ch\/fr\/gestion-2\/2016-12-15\/sparen-bei-oeffentlichen-dienstleistungen-durch-partnerschaften\/","og_locale":"fr_FR","og_type":"article","og_title":"Sparen bei \u00f6ffentlichen Dienstleistungen durch Partnerschaften - Organisator","og_description":"Partnerschaftskonzepte wie PPP er\u00f6ffnen Sparpotenziale bei \u00f6ffentlichen Dienstleistungen, eine Beschaffungsvariante, die sich am Lebenszyklus orientiert.","og_url":"https:\/\/www.organisator.ch\/fr\/gestion-2\/2016-12-15\/sparen-bei-oeffentlichen-dienstleistungen-durch-partnerschaften\/","og_site_name":"Organisator","article_publisher":"https:\/\/www.facebook.com\/OrganisatorFachmagazin","article_published_time":"2016-12-15T13:13:32+00:00","og_image":[{"width":849,"height":566,"url":"https:\/\/www.organisator.ch\/wp-content\/uploads\/2016\/12\/Sparen-bei-oeffentlichen-Dienstleistungen-durch-Partnerschaften-organisator.jpg","type":"image\/jpeg"}],"author":"galledia","twitter_card":"summary_large_image","twitter_creator":"@admin","schema":{"@context":"https:\/\/schema.org","@graph":[{"@type":"Article","@id":"https:\/\/www.organisator.ch\/management\/2016-12-15\/sparen-bei-oeffentlichen-dienstleistungen-durch-partnerschaften\/#article","isPartOf":{"@id":"https:\/\/www.organisator.ch\/management\/2016-12-15\/sparen-bei-oeffentlichen-dienstleistungen-durch-partnerschaften\/"},"author":{"name":"galledia","@id":"https:\/\/www.organisator.ch\/#\/schema\/person\/4e51799071cd2dd1232ac003643ef5f0"},"headline":"Sparen bei \u00f6ffentlichen Dienstleistungen durch Partnerschaften","datePublished":"2016-12-15T13:13:32+00:00","mainEntityOfPage":{"@id":"https:\/\/www.organisator.ch\/management\/2016-12-15\/sparen-bei-oeffentlichen-dienstleistungen-durch-partnerschaften\/"},"wordCount":992,"commentCount":0,"publisher":{"@id":"https:\/\/www.organisator.ch\/#organization"},"image":{"@id":"https:\/\/www.organisator.ch\/management\/2016-12-15\/sparen-bei-oeffentlichen-dienstleistungen-durch-partnerschaften\/#primaryimage"},"thumbnailUrl":"https:\/\/www.organisator.ch\/wp-content\/uploads\/2016\/12\/Sparen-bei-oeffentlichen-Dienstleistungen-durch-Partnerschaften-organisator.jpg","keywords":["Management und Unternehmensf\u00fchrung"],"articleSection":["MANAGEMENT"],"inLanguage":"fr-FR"},{"@type":"WebPage","@id":"https:\/\/www.organisator.ch\/management\/2016-12-15\/sparen-bei-oeffentlichen-dienstleistungen-durch-partnerschaften\/","url":"https:\/\/www.organisator.ch\/management\/2016-12-15\/sparen-bei-oeffentlichen-dienstleistungen-durch-partnerschaften\/","name":"\u00c9conomiser sur les services publics gr\u00e2ce aux partenariats - Organisateur","isPartOf":{"@id":"https:\/\/www.organisator.ch\/#website"},"primaryImageOfPage":{"@id":"https:\/\/www.organisator.ch\/management\/2016-12-15\/sparen-bei-oeffentlichen-dienstleistungen-durch-partnerschaften\/#primaryimage"},"image":{"@id":"https:\/\/www.organisator.ch\/management\/2016-12-15\/sparen-bei-oeffentlichen-dienstleistungen-durch-partnerschaften\/#primaryimage"},"thumbnailUrl":"https:\/\/www.organisator.ch\/wp-content\/uploads\/2016\/12\/Sparen-bei-oeffentlichen-Dienstleistungen-durch-Partnerschaften-organisator.jpg","datePublished":"2016-12-15T13:13:32+00:00","description":"Les concepts de partenariat tels que les PPP ouvrent des possibilit\u00e9s d'\u00e9conomies dans les services publics, une variante d'achat ax\u00e9e sur le cycle de vie.","breadcrumb":{"@id":"https:\/\/www.organisator.ch\/management\/2016-12-15\/sparen-bei-oeffentlichen-dienstleistungen-durch-partnerschaften\/#breadcrumb"},"inLanguage":"fr-FR","potentialAction":[{"@type":"ReadAction","target":["https:\/\/www.organisator.ch\/management\/2016-12-15\/sparen-bei-oeffentlichen-dienstleistungen-durch-partnerschaften\/"]}]},{"@type":"ImageObject","inLanguage":"fr-FR","@id":"https:\/\/www.organisator.ch\/management\/2016-12-15\/sparen-bei-oeffentlichen-dienstleistungen-durch-partnerschaften\/#primaryimage","url":"https:\/\/www.organisator.ch\/wp-content\/uploads\/2016\/12\/Sparen-bei-oeffentlichen-Dienstleistungen-durch-Partnerschaften-organisator.jpg","contentUrl":"https:\/\/www.organisator.ch\/wp-content\/uploads\/2016\/12\/Sparen-bei-oeffentlichen-Dienstleistungen-durch-Partnerschaften-organisator.jpg","width":849,"height":566,"caption":"Partnerschaftskonzepte wie PPP er\u00f6ffnen Sparpotenziale bei \u00f6ffentlichen Dienstleistungen (Bild: Robert Kneschke - Fotolia.com)"},{"@type":"BreadcrumbList","@id":"https:\/\/www.organisator.ch\/management\/2016-12-15\/sparen-bei-oeffentlichen-dienstleistungen-durch-partnerschaften\/#breadcrumb","itemListElement":[{"@type":"ListItem","position":1,"name":"Home","item":"https:\/\/www.organisator.ch\/"},{"@type":"ListItem","position":2,"name":"Sparen bei \u00f6ffentlichen Dienstleistungen durch Partnerschaften"}]},{"@type":"WebSite","@id":"https:\/\/www.organisator.ch\/#website","url":"https:\/\/www.organisator.ch\/","name":"Organisateur","description":"Comp\u00e9tence et comp\u00e9tence. Proches de la pratique. L'ORGANISATEUR pr\u00e9pare 10 num\u00e9ros par an sur les th\u00e8mes essentiels pour les dirigeants de PME.","publisher":{"@id":"https:\/\/www.organisator.ch\/#organization"},"potentialAction":[{"@type":"SearchAction","target":{"@type":"EntryPoint","urlTemplate":"https:\/\/www.organisator.ch\/?s={search_term_string}"},"query-input":{"@type":"PropertyValueSpecification","valueRequired":true,"valueName":"search_term_string"}}],"inLanguage":"fr-FR"},{"@type":"Organization","@id":"https:\/\/www.organisator.ch\/#organization","name":"Organisateur","url":"https:\/\/www.organisator.ch\/","logo":{"@type":"ImageObject","inLanguage":"fr-FR","@id":"https:\/\/www.organisator.ch\/#\/schema\/logo\/image\/","url":"https:\/\/www.organisator.ch\/wp-content\/uploads\/2022\/01\/Logo_Organisator_Website.png","contentUrl":"https:\/\/www.organisator.ch\/wp-content\/uploads\/2022\/01\/Logo_Organisator_Website.png","width":800,"height":77,"caption":"Organisator"},"image":{"@id":"https:\/\/www.organisator.ch\/#\/schema\/logo\/image\/"},"sameAs":["https:\/\/www.facebook.com\/OrganisatorFachmagazin","https:\/\/www.linkedin.com\/showcase\/organisator-das-magazin-fr-kmu","https:\/\/www.xing.com\/news\/pages\/organisator-ch-695","https:\/\/www.youtube.com\/channel\/UCGP2Sq0iWaZwT3BdIAQFYpw"]},{"@type":"Person","@id":"https:\/\/www.organisator.ch\/#\/schema\/person\/4e51799071cd2dd1232ac003643ef5f0","name":"galledia","image":{"@type":"ImageObject","inLanguage":"fr-FR","@id":"https:\/\/secure.gravatar.com\/avatar\/78a7f90c01fc2bfc875782a0d4922b37cde2cf184ce347b91316d23cd7f69a36?s=96&d=mm&r=g","url":"https:\/\/secure.gravatar.com\/avatar\/78a7f90c01fc2bfc875782a0d4922b37cde2cf184ce347b91316d23cd7f69a36?s=96&d=mm&r=g","contentUrl":"https:\/\/secure.gravatar.com\/avatar\/78a7f90c01fc2bfc875782a0d4922b37cde2cf184ce347b91316d23cd7f69a36?s=96&d=mm&r=g","caption":"galledia"},"sameAs":["https:\/\/x.com\/admin"],"url":"https:\/\/www.organisator.ch\/fr\/author\/galledia\/"}]}},"_links":{"self":[{"href":"https:\/\/www.organisator.ch\/fr\/wp-json\/wp\/v2\/posts\/1085","targetHints":{"allow":["GET"]}}],"collection":[{"href":"https:\/\/www.organisator.ch\/fr\/wp-json\/wp\/v2\/posts"}],"about":[{"href":"https:\/\/www.organisator.ch\/fr\/wp-json\/wp\/v2\/types\/post"}],"author":[{"embeddable":true,"href":"https:\/\/www.organisator.ch\/fr\/wp-json\/wp\/v2\/users\/8"}],"replies":[{"embeddable":true,"href":"https:\/\/www.organisator.ch\/fr\/wp-json\/wp\/v2\/comments?post=1085"}],"version-history":[{"count":0,"href":"https:\/\/www.organisator.ch\/fr\/wp-json\/wp\/v2\/posts\/1085\/revisions"}],"wp:featuredmedia":[{"embeddable":true,"href":"https:\/\/www.organisator.ch\/fr\/wp-json\/wp\/v2\/media\/1088"}],"wp:attachment":[{"href":"https:\/\/www.organisator.ch\/fr\/wp-json\/wp\/v2\/media?parent=1085"}],"wp:term":[{"taxonomy":"category","embeddable":true,"href":"https:\/\/www.organisator.ch\/fr\/wp-json\/wp\/v2\/categories?post=1085"},{"taxonomy":"post_tag","embeddable":true,"href":"https:\/\/www.organisator.ch\/fr\/wp-json\/wp\/v2\/tags?post=1085"}],"curies":[{"name":"wp","href":"https:\/\/api.w.org\/{rel}","templated":true}]}}