{"id":1094,"date":"2016-12-19T14:20:45","date_gmt":"2016-12-19T13:20:45","guid":{"rendered":"http:\/\/dev.organisator.ch\/?p=1094"},"modified":"2016-12-19T14:20:45","modified_gmt":"2016-12-19T13:20:45","slug":"trends-in-der-it-sicherheit-oft-kontraproduktiv","status":"publish","type":"post","link":"https:\/\/www.organisator.ch\/fr\/allgemein\/2016-12-19\/trends-in-der-it-sicherheit-oft-kontraproduktiv\/","title":{"rendered":"Tendances en mati\u00e8re de s\u00e9curit\u00e9 informatique : souvent contre-productives"},"content":{"rendered":"<figure id=\"attachment_1095\" aria-describedby=\"caption-attachment-1095\" style=\"width: 319px\" class=\"wp-caption alignnone\"><a href=\"https:\/\/www.organisator.ch\/wp-content\/uploads\/2016\/12\/Trends-in-der-IT-Sicherheit-Oft-kontraproduktiv-organisator.jpg\"><img loading=\"lazy\" decoding=\"async\" class=\"size-full wp-image-1095\" src=\"https:\/\/www.organisator.ch\/wp-content\/uploads\/2016\/12\/Trends-in-der-IT-Sicherheit-Oft-kontraproduktiv-organisator.jpg\" alt=\"\" width=\"319\" height=\"473\" srcset=\"https:\/\/www.organisator.ch\/wp-content\/uploads\/2016\/12\/Trends-in-der-IT-Sicherheit-Oft-kontraproduktiv-organisator.jpg 319w, https:\/\/www.organisator.ch\/wp-content\/uploads\/2016\/12\/Trends-in-der-IT-Sicherheit-Oft-kontraproduktiv-organisator-8x12.jpg 8w, https:\/\/www.organisator.ch\/wp-content\/uploads\/2016\/12\/Trends-in-der-IT-Sicherheit-Oft-kontraproduktiv-organisator-118x175.jpg 118w, https:\/\/www.organisator.ch\/wp-content\/uploads\/2016\/12\/Trends-in-der-IT-Sicherheit-Oft-kontraproduktiv-organisator-236x350.jpg 236w, https:\/\/www.organisator.ch\/wp-content\/uploads\/2016\/12\/Trends-in-der-IT-Sicherheit-Oft-kontraproduktiv-organisator-300x445.jpg 300w\" sizes=\"auto, (max-width: 319px) 100vw, 319px\" \/><\/a><figcaption id=\"caption-attachment-1095\" class=\"wp-caption-text\">Patrick Schraut, expert en s\u00e9curit\u00e9 chez NTT Security (Image : NTT Security)<\/figcaption><\/figure>\n<p>Tous les ans, divers fournisseurs de solutions pour la s\u00e9curit\u00e9 informatique se poursuivent en analysant les tendances. Mais NTT Security (Switzerland) AG, qui fait partie du groupe NTT, d\u00e9clare : pas de tendances pour 2017. Le sp\u00e9cialiste de la s\u00e9curit\u00e9 de l'information et de la gestion des risques ne croit pas aux tendances en mati\u00e8re de s\u00e9curit\u00e9 informatique. Au lieu de prendre des mesures ponctuelles, les entreprises devraient enfin mettre en place une strat\u00e9gie \u00e0 long terme pour leur protection de base. Suivre des tendances concr\u00e8tes est m\u00eame contre-productif dans cette situation, fait savoir l'entreprise.<\/p>\n<p><strong>D'abord faire ses devoirs...<\/strong><\/p>\n<p>\"La recherche annuelle de tendances en mati\u00e8re de s\u00e9curit\u00e9 informatique est avant tout l'expression d'un bon travail de lobbying de la part des fabricants respectifs ; cela ne contribue en rien \u00e0 l'am\u00e9lioration de la situation en mati\u00e8re de s\u00e9curit\u00e9\", estime l'expert en s\u00e9curit\u00e9 Patrick Schraut de NTT Security. \"Ceux qui agissent d\u00e9j\u00e0 au plus haut niveau en mati\u00e8re de s\u00e9curit\u00e9 peuvent tout au plus r\u00e9fl\u00e9chir \u00e0 de telles tendances. Mais la plupart des entreprises n'ont m\u00eame pas encore fait leurs devoirs de l'ann\u00e9e derni\u00e8re\".<\/p>\n<p><strong>De nombreuses entreprises ne disposent pas d'une protection de base compl\u00e8te<\/strong><\/p>\n<p>Selon NTT Security, les entreprises doivent d'abord assurer une protection de base compl\u00e8te. Mais la grande majorit\u00e9 des entreprises en est encore tr\u00e8s \u00e9loign\u00e9e, car dans environ 90% des entreprises, cette protection de base est lacunaire. Les entreprises se laissent alors s\u00e9duire par ce que l'on appelle les tendances et prennent des mesures ponctuelles. Elles mettent en place des projets \u00e0 court terme et investissent beaucoup d'argent dans de nouveaux outils qui ciblent certes un vecteur d'attaque concret, mais qui n\u00e9gligent in\u00e9vitablement le reste.<\/p>\n<p>\"La s\u00e9curit\u00e9 informatique n'est pas \u00e9tablie par des projets isol\u00e9s\", conclut Patrick Schraut, \"mais par des strat\u00e9gies \u00e0 long terme. En ce sens, je pense m\u00eame que de telles tendances sont contre-productives\".<\/p>\n<p><em>Source et informations compl\u00e9mentaires : <a href=\"http:\/\/www.nttsecurity.com\" data-cke-saved-href=\"http:\/\/www.nttsecurity.com\">www.nttsecurity.com<\/a><\/em><\/p>","protected":false},"excerpt":{"rendered":"<p>Alle Jahre wieder jagen sich diverse L\u00f6sungsanbieter f\u00fcr IT-Security mit Trendanalysen. Doch NTT Security (Switzerland) AG, Teil der NTT Group,\u00a0sagt:\u00a0Keine Trends f\u00fcr 2017.\u00a0Der Spezialist f\u00fcr Informationssicherheit und Risikomanagement h\u00e4lt nichts vom Blick auf Trends in der IT-Sicherheit. Statt punktueller Massnahmen sollten die Unternehmen endlich eine langfristige Strategie f\u00fcr ihren Grundschutz aufbauen. Konkreten Trends zu folgen,\u00a0sei [&hellip;]<\/p>\n","protected":false},"author":8,"featured_media":1095,"comment_status":"open","ping_status":"open","sticky":false,"template":"","format":"standard","meta":{"_acf_changed":false,"_yoast_wpseo_focuskw":"Trends in der IT-Sicherheit: Oft kontraproduktiv","_yoast_wpseo_metadesc":"","articlekey":"","footnotes":""},"categories":[1],"tags":[260,288],"class_list":["post-1094","post","type-post","status-publish","format-standard","has-post-thumbnail","hentry","category-allgemein","tag-ict-sicherheit","tag-it-business-software"],"acf":[],"yoast_head":"<!-- This site is optimized with the Yoast SEO plugin v27.4 - https:\/\/yoast.com\/product\/yoast-seo-wordpress\/ -->\n<title>Trends in der IT-Sicherheit: Oft kontraproduktiv - Organisator<\/title>\n<meta name=\"robots\" content=\"index, follow, max-snippet:-1, max-image-preview:large, max-video-preview:-1\" \/>\n<link rel=\"canonical\" href=\"https:\/\/www.organisator.ch\/fr\/general\/2016-12-19\/trends-in-der-it-sicherheit-oft-kontraproduktiv\/\" \/>\n<meta property=\"og:locale\" content=\"fr_FR\" \/>\n<meta property=\"og:type\" content=\"article\" \/>\n<meta property=\"og:title\" content=\"Trends in der IT-Sicherheit: Oft kontraproduktiv - Organisator\" \/>\n<meta property=\"og:description\" content=\"Alle Jahre wieder jagen sich diverse L\u00f6sungsanbieter f\u00fcr IT-Security mit Trendanalysen. Doch NTT Security (Switzerland) AG, Teil der NTT Group,\u00a0sagt:\u00a0Keine Trends f\u00fcr 2017.\u00a0Der Spezialist f\u00fcr Informationssicherheit und Risikomanagement h\u00e4lt nichts vom Blick auf Trends in der IT-Sicherheit. Statt punktueller Massnahmen sollten die Unternehmen endlich eine langfristige Strategie f\u00fcr ihren Grundschutz aufbauen. Konkreten Trends zu folgen,\u00a0sei [&hellip;]\" \/>\n<meta property=\"og:url\" content=\"https:\/\/www.organisator.ch\/fr\/general\/2016-12-19\/trends-in-der-it-sicherheit-oft-kontraproduktiv\/\" \/>\n<meta property=\"og:site_name\" content=\"Organisator\" \/>\n<meta property=\"article:publisher\" content=\"https:\/\/www.facebook.com\/OrganisatorFachmagazin\" \/>\n<meta property=\"article:published_time\" content=\"2016-12-19T13:20:45+00:00\" \/>\n<meta property=\"og:image\" content=\"https:\/\/www.organisator.ch\/wp-content\/uploads\/2016\/12\/Trends-in-der-IT-Sicherheit-Oft-kontraproduktiv-organisator.jpg\" \/>\n\t<meta property=\"og:image:width\" content=\"319\" \/>\n\t<meta property=\"og:image:height\" content=\"473\" \/>\n\t<meta property=\"og:image:type\" content=\"image\/jpeg\" \/>\n<meta name=\"author\" content=\"galledia\" \/>\n<meta name=\"twitter:card\" content=\"summary_large_image\" \/>\n<meta name=\"twitter:creator\" content=\"@admin\" \/>\n<script type=\"application\/ld+json\" class=\"yoast-schema-graph\">{\"@context\":\"https:\\\/\\\/schema.org\",\"@graph\":[{\"@type\":\"Article\",\"@id\":\"https:\\\/\\\/www.organisator.ch\\\/de\\\/allgemein\\\/2016-12-19\\\/trends-in-der-it-sicherheit-oft-kontraproduktiv\\\/#article\",\"isPartOf\":{\"@id\":\"https:\\\/\\\/www.organisator.ch\\\/de\\\/allgemein\\\/2016-12-19\\\/trends-in-der-it-sicherheit-oft-kontraproduktiv\\\/\"},\"author\":{\"name\":\"galledia\",\"@id\":\"https:\\\/\\\/www.organisator.ch\\\/#\\\/schema\\\/person\\\/4e51799071cd2dd1232ac003643ef5f0\"},\"headline\":\"Trends in der IT-Sicherheit: Oft kontraproduktiv\",\"datePublished\":\"2016-12-19T13:20:45+00:00\",\"mainEntityOfPage\":{\"@id\":\"https:\\\/\\\/www.organisator.ch\\\/de\\\/allgemein\\\/2016-12-19\\\/trends-in-der-it-sicherheit-oft-kontraproduktiv\\\/\"},\"wordCount\":292,\"commentCount\":0,\"publisher\":{\"@id\":\"https:\\\/\\\/www.organisator.ch\\\/#organization\"},\"image\":{\"@id\":\"https:\\\/\\\/www.organisator.ch\\\/de\\\/allgemein\\\/2016-12-19\\\/trends-in-der-it-sicherheit-oft-kontraproduktiv\\\/#primaryimage\"},\"thumbnailUrl\":\"https:\\\/\\\/www.organisator.ch\\\/wp-content\\\/uploads\\\/2016\\\/12\\\/Trends-in-der-IT-Sicherheit-Oft-kontraproduktiv-organisator.jpg\",\"keywords\":[\"ICT-Sicherheit\",\"IT &amp; Business Software\"],\"articleSection\":[\"Allgemein\"],\"inLanguage\":\"fr-FR\"},{\"@type\":\"WebPage\",\"@id\":\"https:\\\/\\\/www.organisator.ch\\\/de\\\/allgemein\\\/2016-12-19\\\/trends-in-der-it-sicherheit-oft-kontraproduktiv\\\/\",\"url\":\"https:\\\/\\\/www.organisator.ch\\\/de\\\/allgemein\\\/2016-12-19\\\/trends-in-der-it-sicherheit-oft-kontraproduktiv\\\/\",\"name\":\"Trends in der IT-Sicherheit: Oft kontraproduktiv - Organisator\",\"isPartOf\":{\"@id\":\"https:\\\/\\\/www.organisator.ch\\\/#website\"},\"primaryImageOfPage\":{\"@id\":\"https:\\\/\\\/www.organisator.ch\\\/de\\\/allgemein\\\/2016-12-19\\\/trends-in-der-it-sicherheit-oft-kontraproduktiv\\\/#primaryimage\"},\"image\":{\"@id\":\"https:\\\/\\\/www.organisator.ch\\\/de\\\/allgemein\\\/2016-12-19\\\/trends-in-der-it-sicherheit-oft-kontraproduktiv\\\/#primaryimage\"},\"thumbnailUrl\":\"https:\\\/\\\/www.organisator.ch\\\/wp-content\\\/uploads\\\/2016\\\/12\\\/Trends-in-der-IT-Sicherheit-Oft-kontraproduktiv-organisator.jpg\",\"datePublished\":\"2016-12-19T13:20:45+00:00\",\"breadcrumb\":{\"@id\":\"https:\\\/\\\/www.organisator.ch\\\/de\\\/allgemein\\\/2016-12-19\\\/trends-in-der-it-sicherheit-oft-kontraproduktiv\\\/#breadcrumb\"},\"inLanguage\":\"fr-FR\",\"potentialAction\":[{\"@type\":\"ReadAction\",\"target\":[\"https:\\\/\\\/www.organisator.ch\\\/de\\\/allgemein\\\/2016-12-19\\\/trends-in-der-it-sicherheit-oft-kontraproduktiv\\\/\"]}]},{\"@type\":\"ImageObject\",\"inLanguage\":\"fr-FR\",\"@id\":\"https:\\\/\\\/www.organisator.ch\\\/de\\\/allgemein\\\/2016-12-19\\\/trends-in-der-it-sicherheit-oft-kontraproduktiv\\\/#primaryimage\",\"url\":\"https:\\\/\\\/www.organisator.ch\\\/wp-content\\\/uploads\\\/2016\\\/12\\\/Trends-in-der-IT-Sicherheit-Oft-kontraproduktiv-organisator.jpg\",\"contentUrl\":\"https:\\\/\\\/www.organisator.ch\\\/wp-content\\\/uploads\\\/2016\\\/12\\\/Trends-in-der-IT-Sicherheit-Oft-kontraproduktiv-organisator.jpg\",\"width\":319,\"height\":473,\"caption\":\"Patrick Schraut, Sicherheitsexperte von NTT Security (Bild: NTT Security)\"},{\"@type\":\"BreadcrumbList\",\"@id\":\"https:\\\/\\\/www.organisator.ch\\\/de\\\/allgemein\\\/2016-12-19\\\/trends-in-der-it-sicherheit-oft-kontraproduktiv\\\/#breadcrumb\",\"itemListElement\":[{\"@type\":\"ListItem\",\"position\":1,\"name\":\"Home\",\"item\":\"https:\\\/\\\/www.organisator.ch\\\/\"},{\"@type\":\"ListItem\",\"position\":2,\"name\":\"Trends in der IT-Sicherheit: Oft kontraproduktiv\"}]},{\"@type\":\"WebSite\",\"@id\":\"https:\\\/\\\/www.organisator.ch\\\/#website\",\"url\":\"https:\\\/\\\/www.organisator.ch\\\/\",\"name\":\"Organisator\",\"description\":\"Kompetent. Praxisnah. Der ORGANISATOR bereitet in 10 Ausgaben pro Jahr die wesentlichen Themen f\u00fcr F\u00fchrungskr\u00e4fte von KMU auf.\",\"publisher\":{\"@id\":\"https:\\\/\\\/www.organisator.ch\\\/#organization\"},\"potentialAction\":[{\"@type\":\"SearchAction\",\"target\":{\"@type\":\"EntryPoint\",\"urlTemplate\":\"https:\\\/\\\/www.organisator.ch\\\/?s={search_term_string}\"},\"query-input\":{\"@type\":\"PropertyValueSpecification\",\"valueRequired\":true,\"valueName\":\"search_term_string\"}}],\"inLanguage\":\"fr-FR\"},{\"@type\":\"Organization\",\"@id\":\"https:\\\/\\\/www.organisator.ch\\\/#organization\",\"name\":\"Organisator\",\"url\":\"https:\\\/\\\/www.organisator.ch\\\/\",\"logo\":{\"@type\":\"ImageObject\",\"inLanguage\":\"fr-FR\",\"@id\":\"https:\\\/\\\/www.organisator.ch\\\/#\\\/schema\\\/logo\\\/image\\\/\",\"url\":\"https:\\\/\\\/www.organisator.ch\\\/wp-content\\\/uploads\\\/2022\\\/01\\\/Logo_Organisator_Website.png\",\"contentUrl\":\"https:\\\/\\\/www.organisator.ch\\\/wp-content\\\/uploads\\\/2022\\\/01\\\/Logo_Organisator_Website.png\",\"width\":800,\"height\":77,\"caption\":\"Organisator\"},\"image\":{\"@id\":\"https:\\\/\\\/www.organisator.ch\\\/#\\\/schema\\\/logo\\\/image\\\/\"},\"sameAs\":[\"https:\\\/\\\/www.facebook.com\\\/OrganisatorFachmagazin\",\"https:\\\/\\\/www.linkedin.com\\\/showcase\\\/organisator-das-magazin-fr-kmu\",\"https:\\\/\\\/www.xing.com\\\/news\\\/pages\\\/organisator-ch-695\",\"https:\\\/\\\/www.youtube.com\\\/channel\\\/UCGP2Sq0iWaZwT3BdIAQFYpw\"]},{\"@type\":\"Person\",\"@id\":\"https:\\\/\\\/www.organisator.ch\\\/#\\\/schema\\\/person\\\/4e51799071cd2dd1232ac003643ef5f0\",\"name\":\"galledia\",\"image\":{\"@type\":\"ImageObject\",\"inLanguage\":\"fr-FR\",\"@id\":\"https:\\\/\\\/secure.gravatar.com\\\/avatar\\\/78a7f90c01fc2bfc875782a0d4922b37cde2cf184ce347b91316d23cd7f69a36?s=96&d=mm&r=g\",\"url\":\"https:\\\/\\\/secure.gravatar.com\\\/avatar\\\/78a7f90c01fc2bfc875782a0d4922b37cde2cf184ce347b91316d23cd7f69a36?s=96&d=mm&r=g\",\"contentUrl\":\"https:\\\/\\\/secure.gravatar.com\\\/avatar\\\/78a7f90c01fc2bfc875782a0d4922b37cde2cf184ce347b91316d23cd7f69a36?s=96&d=mm&r=g\",\"caption\":\"galledia\"},\"sameAs\":[\"https:\\\/\\\/x.com\\\/admin\"],\"url\":\"https:\\\/\\\/www.organisator.ch\\\/fr\\\/author\\\/galledia\\\/\"}]}<\/script>\n<!-- \/ Yoast SEO plugin. -->","yoast_head_json":{"title":"Tendances en mati\u00e8re de s\u00e9curit\u00e9 informatique : souvent contre-productives - Organisateur","robots":{"index":"index","follow":"follow","max-snippet":"max-snippet:-1","max-image-preview":"max-image-preview:large","max-video-preview":"max-video-preview:-1"},"canonical":"https:\/\/www.organisator.ch\/fr\/general\/2016-12-19\/trends-in-der-it-sicherheit-oft-kontraproduktiv\/","og_locale":"fr_FR","og_type":"article","og_title":"Trends in der IT-Sicherheit: Oft kontraproduktiv - Organisator","og_description":"Alle Jahre wieder jagen sich diverse L\u00f6sungsanbieter f\u00fcr IT-Security mit Trendanalysen. Doch NTT Security (Switzerland) AG, Teil der NTT Group,\u00a0sagt:\u00a0Keine Trends f\u00fcr 2017.\u00a0Der Spezialist f\u00fcr Informationssicherheit und Risikomanagement h\u00e4lt nichts vom Blick auf Trends in der IT-Sicherheit. Statt punktueller Massnahmen sollten die Unternehmen endlich eine langfristige Strategie f\u00fcr ihren Grundschutz aufbauen. Konkreten Trends zu folgen,\u00a0sei [&hellip;]","og_url":"https:\/\/www.organisator.ch\/fr\/general\/2016-12-19\/trends-in-der-it-sicherheit-oft-kontraproduktiv\/","og_site_name":"Organisator","article_publisher":"https:\/\/www.facebook.com\/OrganisatorFachmagazin","article_published_time":"2016-12-19T13:20:45+00:00","og_image":[{"width":319,"height":473,"url":"https:\/\/www.organisator.ch\/wp-content\/uploads\/2016\/12\/Trends-in-der-IT-Sicherheit-Oft-kontraproduktiv-organisator.jpg","type":"image\/jpeg"}],"author":"galledia","twitter_card":"summary_large_image","twitter_creator":"@admin","schema":{"@context":"https:\/\/schema.org","@graph":[{"@type":"Article","@id":"https:\/\/www.organisator.ch\/de\/allgemein\/2016-12-19\/trends-in-der-it-sicherheit-oft-kontraproduktiv\/#article","isPartOf":{"@id":"https:\/\/www.organisator.ch\/de\/allgemein\/2016-12-19\/trends-in-der-it-sicherheit-oft-kontraproduktiv\/"},"author":{"name":"galledia","@id":"https:\/\/www.organisator.ch\/#\/schema\/person\/4e51799071cd2dd1232ac003643ef5f0"},"headline":"Trends in der IT-Sicherheit: Oft kontraproduktiv","datePublished":"2016-12-19T13:20:45+00:00","mainEntityOfPage":{"@id":"https:\/\/www.organisator.ch\/de\/allgemein\/2016-12-19\/trends-in-der-it-sicherheit-oft-kontraproduktiv\/"},"wordCount":292,"commentCount":0,"publisher":{"@id":"https:\/\/www.organisator.ch\/#organization"},"image":{"@id":"https:\/\/www.organisator.ch\/de\/allgemein\/2016-12-19\/trends-in-der-it-sicherheit-oft-kontraproduktiv\/#primaryimage"},"thumbnailUrl":"https:\/\/www.organisator.ch\/wp-content\/uploads\/2016\/12\/Trends-in-der-IT-Sicherheit-Oft-kontraproduktiv-organisator.jpg","keywords":["ICT-Sicherheit","IT &amp; Business Software"],"articleSection":["Allgemein"],"inLanguage":"fr-FR"},{"@type":"WebPage","@id":"https:\/\/www.organisator.ch\/de\/allgemein\/2016-12-19\/trends-in-der-it-sicherheit-oft-kontraproduktiv\/","url":"https:\/\/www.organisator.ch\/de\/allgemein\/2016-12-19\/trends-in-der-it-sicherheit-oft-kontraproduktiv\/","name":"Tendances en mati\u00e8re de s\u00e9curit\u00e9 informatique : souvent contre-productives - Organisateur","isPartOf":{"@id":"https:\/\/www.organisator.ch\/#website"},"primaryImageOfPage":{"@id":"https:\/\/www.organisator.ch\/de\/allgemein\/2016-12-19\/trends-in-der-it-sicherheit-oft-kontraproduktiv\/#primaryimage"},"image":{"@id":"https:\/\/www.organisator.ch\/de\/allgemein\/2016-12-19\/trends-in-der-it-sicherheit-oft-kontraproduktiv\/#primaryimage"},"thumbnailUrl":"https:\/\/www.organisator.ch\/wp-content\/uploads\/2016\/12\/Trends-in-der-IT-Sicherheit-Oft-kontraproduktiv-organisator.jpg","datePublished":"2016-12-19T13:20:45+00:00","breadcrumb":{"@id":"https:\/\/www.organisator.ch\/de\/allgemein\/2016-12-19\/trends-in-der-it-sicherheit-oft-kontraproduktiv\/#breadcrumb"},"inLanguage":"fr-FR","potentialAction":[{"@type":"ReadAction","target":["https:\/\/www.organisator.ch\/de\/allgemein\/2016-12-19\/trends-in-der-it-sicherheit-oft-kontraproduktiv\/"]}]},{"@type":"ImageObject","inLanguage":"fr-FR","@id":"https:\/\/www.organisator.ch\/de\/allgemein\/2016-12-19\/trends-in-der-it-sicherheit-oft-kontraproduktiv\/#primaryimage","url":"https:\/\/www.organisator.ch\/wp-content\/uploads\/2016\/12\/Trends-in-der-IT-Sicherheit-Oft-kontraproduktiv-organisator.jpg","contentUrl":"https:\/\/www.organisator.ch\/wp-content\/uploads\/2016\/12\/Trends-in-der-IT-Sicherheit-Oft-kontraproduktiv-organisator.jpg","width":319,"height":473,"caption":"Patrick Schraut, Sicherheitsexperte von NTT Security (Bild: NTT Security)"},{"@type":"BreadcrumbList","@id":"https:\/\/www.organisator.ch\/de\/allgemein\/2016-12-19\/trends-in-der-it-sicherheit-oft-kontraproduktiv\/#breadcrumb","itemListElement":[{"@type":"ListItem","position":1,"name":"Home","item":"https:\/\/www.organisator.ch\/"},{"@type":"ListItem","position":2,"name":"Trends in der IT-Sicherheit: Oft kontraproduktiv"}]},{"@type":"WebSite","@id":"https:\/\/www.organisator.ch\/#website","url":"https:\/\/www.organisator.ch\/","name":"Organisateur","description":"Comp\u00e9tence et comp\u00e9tence. Proches de la pratique. L'ORGANISATEUR pr\u00e9pare 10 num\u00e9ros par an sur les th\u00e8mes essentiels pour les dirigeants de PME.","publisher":{"@id":"https:\/\/www.organisator.ch\/#organization"},"potentialAction":[{"@type":"SearchAction","target":{"@type":"EntryPoint","urlTemplate":"https:\/\/www.organisator.ch\/?s={search_term_string}"},"query-input":{"@type":"PropertyValueSpecification","valueRequired":true,"valueName":"search_term_string"}}],"inLanguage":"fr-FR"},{"@type":"Organization","@id":"https:\/\/www.organisator.ch\/#organization","name":"Organisateur","url":"https:\/\/www.organisator.ch\/","logo":{"@type":"ImageObject","inLanguage":"fr-FR","@id":"https:\/\/www.organisator.ch\/#\/schema\/logo\/image\/","url":"https:\/\/www.organisator.ch\/wp-content\/uploads\/2022\/01\/Logo_Organisator_Website.png","contentUrl":"https:\/\/www.organisator.ch\/wp-content\/uploads\/2022\/01\/Logo_Organisator_Website.png","width":800,"height":77,"caption":"Organisator"},"image":{"@id":"https:\/\/www.organisator.ch\/#\/schema\/logo\/image\/"},"sameAs":["https:\/\/www.facebook.com\/OrganisatorFachmagazin","https:\/\/www.linkedin.com\/showcase\/organisator-das-magazin-fr-kmu","https:\/\/www.xing.com\/news\/pages\/organisator-ch-695","https:\/\/www.youtube.com\/channel\/UCGP2Sq0iWaZwT3BdIAQFYpw"]},{"@type":"Person","@id":"https:\/\/www.organisator.ch\/#\/schema\/person\/4e51799071cd2dd1232ac003643ef5f0","name":"galledia","image":{"@type":"ImageObject","inLanguage":"fr-FR","@id":"https:\/\/secure.gravatar.com\/avatar\/78a7f90c01fc2bfc875782a0d4922b37cde2cf184ce347b91316d23cd7f69a36?s=96&d=mm&r=g","url":"https:\/\/secure.gravatar.com\/avatar\/78a7f90c01fc2bfc875782a0d4922b37cde2cf184ce347b91316d23cd7f69a36?s=96&d=mm&r=g","contentUrl":"https:\/\/secure.gravatar.com\/avatar\/78a7f90c01fc2bfc875782a0d4922b37cde2cf184ce347b91316d23cd7f69a36?s=96&d=mm&r=g","caption":"galledia"},"sameAs":["https:\/\/x.com\/admin"],"url":"https:\/\/www.organisator.ch\/fr\/author\/galledia\/"}]}},"_links":{"self":[{"href":"https:\/\/www.organisator.ch\/fr\/wp-json\/wp\/v2\/posts\/1094","targetHints":{"allow":["GET"]}}],"collection":[{"href":"https:\/\/www.organisator.ch\/fr\/wp-json\/wp\/v2\/posts"}],"about":[{"href":"https:\/\/www.organisator.ch\/fr\/wp-json\/wp\/v2\/types\/post"}],"author":[{"embeddable":true,"href":"https:\/\/www.organisator.ch\/fr\/wp-json\/wp\/v2\/users\/8"}],"replies":[{"embeddable":true,"href":"https:\/\/www.organisator.ch\/fr\/wp-json\/wp\/v2\/comments?post=1094"}],"version-history":[{"count":0,"href":"https:\/\/www.organisator.ch\/fr\/wp-json\/wp\/v2\/posts\/1094\/revisions"}],"wp:featuredmedia":[{"embeddable":true,"href":"https:\/\/www.organisator.ch\/fr\/wp-json\/wp\/v2\/media\/1095"}],"wp:attachment":[{"href":"https:\/\/www.organisator.ch\/fr\/wp-json\/wp\/v2\/media?parent=1094"}],"wp:term":[{"taxonomy":"category","embeddable":true,"href":"https:\/\/www.organisator.ch\/fr\/wp-json\/wp\/v2\/categories?post=1094"},{"taxonomy":"post_tag","embeddable":true,"href":"https:\/\/www.organisator.ch\/fr\/wp-json\/wp\/v2\/tags?post=1094"}],"curies":[{"name":"wp","href":"https:\/\/api.w.org\/{rel}","templated":true}]}}