{"id":1109,"date":"2017-08-15T16:15:32","date_gmt":"2017-08-15T14:15:32","guid":{"rendered":"https:\/\/www.umweltperspektiven.ch\/?p=1109"},"modified":"2017-08-15T16:15:32","modified_gmt":"2017-08-15T14:15:32","slug":"smartes-kontrollsystem-belauscht-bienen","status":"publish","type":"post","link":"https:\/\/www.organisator.ch\/fr\/allgemein\/2017-08-15\/smartes-kontrollsystem-belauscht-bienen\/","title":{"rendered":"Syst\u00e8me intelligent de surveillance des abeilles"},"content":{"rendered":"<figure id=\"attachment_1110\" aria-describedby=\"caption-attachment-1110\" style=\"width: 680px\" class=\"wp-caption alignnone\"><img loading=\"lazy\" decoding=\"async\" class=\"wp-image-1110 size-medium\" src=\"\/\/www.umweltperspektiven.ch\/wp-content\/uploads\/2017\/08\/Smartes-Kontrollsystem-belauscht-Bienen-up-umweltperspektiven.jpg\" alt=\"\" width=\"680\" height=\"453\" \/><figcaption id=\"caption-attachment-1110\" class=\"wp-caption-text\">Pooyanfar utilise un nouveau syst\u00e8me de contr\u00f4le des ruchers (photo symbole : depositphotos)<\/figcaption><\/figure>\n<p>Le syst\u00e8me de surveillance des abeilles ne fait rien d'autre que \"d'\u00e9couter\" les abeilles. Cependant, la technologie surveille - pour le moment - 20 000 abeilles et \u00e9galement ce qu'elles \"se disent\" entre elles afin de v\u00e9rifier leur sant\u00e9.<\/p>\n<p><strong>\u00c9couter les abeilles<\/strong><\/p>\n<p>Des capteurs sp\u00e9ciaux sont plac\u00e9s sur la paroi d'une ruche. Ils sont \u00e9quip\u00e9s de microphones et d'acc\u00e9l\u00e9rom\u00e8tres afin de recueillir des d\u00e9tails sur les sons \u00e9mis par les abeilles. Outre les bruits, ils mesurent \u00e9galement les vibrations, la temp\u00e9rature et l'humidit\u00e9 dans la ruche. Ils peuvent ainsi r\u00e9agir imm\u00e9diatement en cas de comportement anormal.<\/p>\n<p>\"Pour comprendre la communication des abeilles, il faut se focaliser sur les ph\u00e9romones ou les sons. Avec ce syst\u00e8me de surveillance, nous ne collectons pas seulement des donn\u00e9es en temps r\u00e9el, nous pouvons aussi surveiller ce que les abeilles se communiquent entre elles. Par exemple, des informations sur la recherche de nourriture, si elles doivent se formater dans l'essaim ou si la reine des abeilles est dans la ruche\", explique Pooyanfar. Pour en savoir plus, consultez ce <a href=\"\/\/www.sfu.ca\/fas\/news-and-outreach\/years\/2017\/technology-tracks-bee-talk-to-help-improve-honey-bee-health.html\">Contribution<\/a><\/p>\n<p><strong>Utilisation saisonni\u00e8re dans un premier temps<\/strong><\/p>\n<p>Le syst\u00e8me high-tech intelligent sera d'abord utilis\u00e9 pendant l'\u00e9t\u00e9. Il y a toutefois de bonnes chances pour que la technique soit \u00e9tablie \u00e0 grande \u00e9chelle. En effet, les syst\u00e8mes actuels fournissent des informations moins d\u00e9taill\u00e9es, mais interrompent l'activit\u00e9 des abeilles pendant environ 24 heures \u00e0 chaque ouverture de la ruche. Afin de permettre \u00e0 un plus grand nombre d'apiculteurs de mieux surveiller leurs essaims, Pooyanfar veut fabriquer lui-m\u00eame les capteurs.<\/p>\n<p><strong>Les abeilles restent une denr\u00e9e rare<\/strong><\/p>\n<p>La population d'abeilles a diminu\u00e9 de 30 % au cours de la derni\u00e8re d\u00e9cennie, c'est pourquoi il est important d'am\u00e9liorer la compr\u00e9hension et les connaissances relatives \u00e0 l'abeille domestique. Surtout parce que celle-ci influence fortement l'environnement en pollinisant les cultures et les fleurs. De nombreuses souches d'abeilles se sont d\u00e9j\u00e0 effondr\u00e9es. Pour minimiser la mortalit\u00e9 des abeilles \u00e0 long terme, de nouvelles technologies comme celle-ci sont n\u00e9cessaires.<\/p>\n<p><a href=\"\/\/www.sfu.ca\">www.sfu.ca<\/a><\/p>\n<p>&nbsp;<\/p>\n<figure id=\"attachment_1111\" aria-describedby=\"caption-attachment-1111\" style=\"width: 680px\" class=\"wp-caption alignnone\"><img loading=\"lazy\" decoding=\"async\" class=\"size-medium wp-image-1111\" src=\"\/\/www.umweltperspektiven.ch\/wp-content\/uploads\/2017\/08\/Bienen-kontrolle-Umweltperspektiven-UP.jpg\" alt=\"\" width=\"680\" height=\"453\" srcset=\"https:\/\/www.organisator.ch\/wp-content\/uploads\/2017\/08\/Bienen-kontrolle-Umweltperspektiven-UP.jpg 1280w, https:\/\/www.organisator.ch\/wp-content\/uploads\/2017\/08\/Bienen-kontrolle-Umweltperspektiven-UP-680x453.jpg 680w, https:\/\/www.organisator.ch\/wp-content\/uploads\/2017\/08\/Bienen-kontrolle-Umweltperspektiven-UP-1024x682.jpg 1024w, https:\/\/www.organisator.ch\/wp-content\/uploads\/2017\/08\/Bienen-kontrolle-Umweltperspektiven-UP-768x512.jpg 768w, https:\/\/www.organisator.ch\/wp-content\/uploads\/2017\/08\/Bienen-kontrolle-Umweltperspektiven-UP-18x12.jpg 18w, https:\/\/www.organisator.ch\/wp-content\/uploads\/2017\/08\/Bienen-kontrolle-Umweltperspektiven-UP-263x175.jpg 263w, https:\/\/www.organisator.ch\/wp-content\/uploads\/2017\/08\/Bienen-kontrolle-Umweltperspektiven-UP-525x350.jpg 525w, https:\/\/www.organisator.ch\/wp-content\/uploads\/2017\/08\/Bienen-kontrolle-Umweltperspektiven-UP-1200x800.jpg 1200w, https:\/\/www.organisator.ch\/wp-content\/uploads\/2017\/08\/Bienen-kontrolle-Umweltperspektiven-UP-920x613.jpg 920w, https:\/\/www.organisator.ch\/wp-content\/uploads\/2017\/08\/Bienen-kontrolle-Umweltperspektiven-UP-300x200.jpg 300w\" sizes=\"auto, (max-width: 680px) 100vw, 680px\" \/><figcaption id=\"caption-attachment-1111\" class=\"wp-caption-text\">Oldooz Pooyanfar, \u00e9tudiante en ing\u00e9nierie des syst\u00e8mes m\u00e9catroniques \u00e0 la SFU, en mission pour la sant\u00e9 des abeilles. (Image : zVg)<\/figcaption><\/figure>","protected":false},"excerpt":{"rendered":"<p>Das Bienen\u00fcberwachungssystem macht nichts anderes als Bienen &#8222;belauschen&#8220;. Die Technologie \u00fcberwacht jedoch &#8211; im Moment &#8211; 20&#8217;000 Bienen und auch das, was sie zueinander &#8222;sagen&#8220;, um deren Gesundheit zu \u00fcberpr\u00fcfen. Bienen belauschen Spezielle Sensoren werden an der Wand eines Bienenstocks platziert. Diese sind mit Mikrofonen und Beschleunigungsmessern ausgestattet, um Details \u00fcber die Ger\u00e4usche der Bienen [&hellip;]<\/p>\n","protected":false},"author":5,"featured_media":9508,"comment_status":"open","ping_status":"open","sticky":false,"template":"","format":"standard","meta":{"_acf_changed":false,"_yoast_wpseo_focuskw":"Bienen\u00fcberwachungssystem","_yoast_wpseo_metadesc":"Ein neues Bienen\u00fcberwachungssystem von Oldooz Pooyanfar macht es m\u00f6glich, Bienenbest\u00e4nde in Echtzeit zu \u00fcberwachen, um ihre Kommunikation zu analysieren.","articlekey":"","footnotes":""},"categories":[1],"tags":[2133,2344],"class_list":["post-1109","post","type-post","status-publish","format-standard","has-post-thumbnail","hentry","category-allgemein","tag-smarte-kontrolle","tag-ueberwachung"],"acf":[],"yoast_head":"<!-- This site is optimized with the Yoast SEO plugin v27.5 - https:\/\/yoast.com\/product\/yoast-seo-wordpress\/ -->\n<title>Smartes Bienen\u00fcberwachungssystem - Organisator<\/title>\n<meta name=\"description\" content=\"Ein neues Bienen\u00fcberwachungssystem von Oldooz Pooyanfar macht es m\u00f6glich, Bienenbest\u00e4nde in Echtzeit zu \u00fcberwachen, um ihre Kommunikation zu analysieren.\" \/>\n<meta name=\"robots\" content=\"index, follow, max-snippet:-1, max-image-preview:large, max-video-preview:-1\" \/>\n<link rel=\"canonical\" href=\"https:\/\/www.organisator.ch\/fr\/general\/2017-08-15\/smartes-kontrollsystem-belauscht-bienen\/\" \/>\n<meta property=\"og:locale\" content=\"fr_FR\" \/>\n<meta property=\"og:type\" content=\"article\" \/>\n<meta property=\"og:title\" content=\"Smartes Bienen\u00fcberwachungssystem - Organisator\" \/>\n<meta property=\"og:description\" content=\"Ein neues Bienen\u00fcberwachungssystem von Oldooz Pooyanfar macht es m\u00f6glich, Bienenbest\u00e4nde in Echtzeit zu \u00fcberwachen, um ihre Kommunikation zu analysieren.\" \/>\n<meta property=\"og:url\" content=\"https:\/\/www.organisator.ch\/fr\/general\/2017-08-15\/smartes-kontrollsystem-belauscht-bienen\/\" \/>\n<meta property=\"og:site_name\" content=\"Organisator\" \/>\n<meta property=\"article:publisher\" content=\"https:\/\/www.facebook.com\/OrganisatorFachmagazin\" \/>\n<meta property=\"article:published_time\" content=\"2017-08-15T14:15:32+00:00\" \/>\n<meta property=\"og:image\" content=\"https:\/\/www.organisator.ch\/wp-content\/uploads\/2017\/08\/Smartes-Kontrollsystem-belauscht-Bienen-up-umweltperspektiven.jpg\" \/>\n\t<meta property=\"og:image:width\" content=\"1000\" \/>\n\t<meta property=\"og:image:height\" content=\"666\" \/>\n\t<meta property=\"og:image:type\" content=\"image\/jpeg\" \/>\n<meta name=\"author\" content=\"michael.merz\" \/>\n<meta name=\"twitter:card\" content=\"summary_large_image\" \/>\n<script type=\"application\/ld+json\" class=\"yoast-schema-graph\">{\"@context\":\"https:\\\/\\\/schema.org\",\"@graph\":[{\"@type\":\"Article\",\"@id\":\"https:\\\/\\\/www.organisator.ch\\\/fr\\\/general\\\/2017-08-15\\\/smartes-kontrollsystem-belauscht-bienen\\\/#article\",\"isPartOf\":{\"@id\":\"https:\\\/\\\/www.organisator.ch\\\/fr\\\/general\\\/2017-08-15\\\/smartes-kontrollsystem-belauscht-bienen\\\/\"},\"author\":{\"name\":\"michael.merz\",\"@id\":\"https:\\\/\\\/www.organisator.ch\\\/#\\\/schema\\\/person\\\/134708ca9321c57b0362cceb7948ffbd\"},\"headline\":\"Smartes Bienen\u00fcberwachungssystem\",\"datePublished\":\"2017-08-15T14:15:32+00:00\",\"mainEntityOfPage\":{\"@id\":\"https:\\\/\\\/www.organisator.ch\\\/fr\\\/general\\\/2017-08-15\\\/smartes-kontrollsystem-belauscht-bienen\\\/\"},\"wordCount\":330,\"commentCount\":0,\"publisher\":{\"@id\":\"https:\\\/\\\/www.organisator.ch\\\/#organization\"},\"image\":{\"@id\":\"https:\\\/\\\/www.organisator.ch\\\/fr\\\/general\\\/2017-08-15\\\/smartes-kontrollsystem-belauscht-bienen\\\/#primaryimage\"},\"thumbnailUrl\":\"https:\\\/\\\/www.organisator.ch\\\/wp-content\\\/uploads\\\/2017\\\/08\\\/Smartes-Kontrollsystem-belauscht-Bienen-up-umweltperspektiven.jpg\",\"keywords\":[\"Smarte Kontrolle\",\"\u00dcberwachung\"],\"articleSection\":[\"Allgemein\"],\"inLanguage\":\"fr-FR\"},{\"@type\":\"WebPage\",\"@id\":\"https:\\\/\\\/www.organisator.ch\\\/fr\\\/general\\\/2017-08-15\\\/smartes-kontrollsystem-belauscht-bienen\\\/\",\"url\":\"https:\\\/\\\/www.organisator.ch\\\/fr\\\/general\\\/2017-08-15\\\/smartes-kontrollsystem-belauscht-bienen\\\/\",\"name\":\"Smartes Bienen\u00fcberwachungssystem - Organisator\",\"isPartOf\":{\"@id\":\"https:\\\/\\\/www.organisator.ch\\\/#website\"},\"primaryImageOfPage\":{\"@id\":\"https:\\\/\\\/www.organisator.ch\\\/fr\\\/general\\\/2017-08-15\\\/smartes-kontrollsystem-belauscht-bienen\\\/#primaryimage\"},\"image\":{\"@id\":\"https:\\\/\\\/www.organisator.ch\\\/fr\\\/general\\\/2017-08-15\\\/smartes-kontrollsystem-belauscht-bienen\\\/#primaryimage\"},\"thumbnailUrl\":\"https:\\\/\\\/www.organisator.ch\\\/wp-content\\\/uploads\\\/2017\\\/08\\\/Smartes-Kontrollsystem-belauscht-Bienen-up-umweltperspektiven.jpg\",\"datePublished\":\"2017-08-15T14:15:32+00:00\",\"description\":\"Ein neues Bienen\u00fcberwachungssystem von Oldooz Pooyanfar macht es m\u00f6glich, Bienenbest\u00e4nde in Echtzeit zu \u00fcberwachen, um ihre Kommunikation zu analysieren.\",\"breadcrumb\":{\"@id\":\"https:\\\/\\\/www.organisator.ch\\\/fr\\\/general\\\/2017-08-15\\\/smartes-kontrollsystem-belauscht-bienen\\\/#breadcrumb\"},\"inLanguage\":\"fr-FR\",\"potentialAction\":[{\"@type\":\"ReadAction\",\"target\":[\"https:\\\/\\\/www.organisator.ch\\\/fr\\\/general\\\/2017-08-15\\\/smartes-kontrollsystem-belauscht-bienen\\\/\"]}]},{\"@type\":\"ImageObject\",\"inLanguage\":\"fr-FR\",\"@id\":\"https:\\\/\\\/www.organisator.ch\\\/fr\\\/general\\\/2017-08-15\\\/smartes-kontrollsystem-belauscht-bienen\\\/#primaryimage\",\"url\":\"https:\\\/\\\/www.organisator.ch\\\/wp-content\\\/uploads\\\/2017\\\/08\\\/Smartes-Kontrollsystem-belauscht-Bienen-up-umweltperspektiven.jpg\",\"contentUrl\":\"https:\\\/\\\/www.organisator.ch\\\/wp-content\\\/uploads\\\/2017\\\/08\\\/Smartes-Kontrollsystem-belauscht-Bienen-up-umweltperspektiven.jpg\",\"width\":1000,\"height\":666,\"caption\":\"Pooyanfar setzt ein neues System zur Kontrolle von Bienenst\u00e4nde ein (Symbolfoto: depositphotos)\"},{\"@type\":\"BreadcrumbList\",\"@id\":\"https:\\\/\\\/www.organisator.ch\\\/fr\\\/general\\\/2017-08-15\\\/smartes-kontrollsystem-belauscht-bienen\\\/#breadcrumb\",\"itemListElement\":[{\"@type\":\"ListItem\",\"position\":1,\"name\":\"Home\",\"item\":\"https:\\\/\\\/www.organisator.ch\\\/\"},{\"@type\":\"ListItem\",\"position\":2,\"name\":\"Smartes Bienen\u00fcberwachungssystem\"}]},{\"@type\":\"WebSite\",\"@id\":\"https:\\\/\\\/www.organisator.ch\\\/#website\",\"url\":\"https:\\\/\\\/www.organisator.ch\\\/\",\"name\":\"Organisator\",\"description\":\"Kompetent. Praxisnah. Der ORGANISATOR bereitet in 10 Ausgaben pro Jahr die wesentlichen Themen f\u00fcr F\u00fchrungskr\u00e4fte von KMU auf.\",\"publisher\":{\"@id\":\"https:\\\/\\\/www.organisator.ch\\\/#organization\"},\"potentialAction\":[{\"@type\":\"SearchAction\",\"target\":{\"@type\":\"EntryPoint\",\"urlTemplate\":\"https:\\\/\\\/www.organisator.ch\\\/?s={search_term_string}\"},\"query-input\":{\"@type\":\"PropertyValueSpecification\",\"valueRequired\":true,\"valueName\":\"search_term_string\"}}],\"inLanguage\":\"fr-FR\"},{\"@type\":\"Organization\",\"@id\":\"https:\\\/\\\/www.organisator.ch\\\/#organization\",\"name\":\"Organisator\",\"url\":\"https:\\\/\\\/www.organisator.ch\\\/\",\"logo\":{\"@type\":\"ImageObject\",\"inLanguage\":\"fr-FR\",\"@id\":\"https:\\\/\\\/www.organisator.ch\\\/#\\\/schema\\\/logo\\\/image\\\/\",\"url\":\"https:\\\/\\\/www.organisator.ch\\\/wp-content\\\/uploads\\\/2022\\\/01\\\/Logo_Organisator_Website.png\",\"contentUrl\":\"https:\\\/\\\/www.organisator.ch\\\/wp-content\\\/uploads\\\/2022\\\/01\\\/Logo_Organisator_Website.png\",\"width\":800,\"height\":77,\"caption\":\"Organisator\"},\"image\":{\"@id\":\"https:\\\/\\\/www.organisator.ch\\\/#\\\/schema\\\/logo\\\/image\\\/\"},\"sameAs\":[\"https:\\\/\\\/www.facebook.com\\\/OrganisatorFachmagazin\",\"https:\\\/\\\/www.linkedin.com\\\/showcase\\\/organisator-das-magazin-fr-kmu\",\"https:\\\/\\\/www.xing.com\\\/news\\\/pages\\\/organisator-ch-695\",\"https:\\\/\\\/www.youtube.com\\\/channel\\\/UCGP2Sq0iWaZwT3BdIAQFYpw\"]},{\"@type\":\"Person\",\"@id\":\"https:\\\/\\\/www.organisator.ch\\\/#\\\/schema\\\/person\\\/134708ca9321c57b0362cceb7948ffbd\",\"name\":\"michael.merz\",\"image\":{\"@type\":\"ImageObject\",\"inLanguage\":\"fr-FR\",\"@id\":\"https:\\\/\\\/secure.gravatar.com\\\/avatar\\\/?s=96&d=mm&r=g\",\"url\":\"https:\\\/\\\/secure.gravatar.com\\\/avatar\\\/?s=96&d=mm&r=g\",\"contentUrl\":\"https:\\\/\\\/secure.gravatar.com\\\/avatar\\\/?s=96&d=mm&r=g\",\"caption\":\"michael.merz\"},\"url\":\"https:\\\/\\\/www.organisator.ch\\\/fr\\\/author\\\/michael-merz\\\/\"}]}<\/script>\n<!-- \/ Yoast SEO plugin. -->","yoast_head_json":{"title":"Syst\u00e8me intelligent de surveillance des abeilles - Organisateur","description":"Un nouveau syst\u00e8me de surveillance des abeilles d'Oldooz Pooyanfar permet de surveiller les populations d'abeilles en temps r\u00e9el afin d'analyser leur communication.","robots":{"index":"index","follow":"follow","max-snippet":"max-snippet:-1","max-image-preview":"max-image-preview:large","max-video-preview":"max-video-preview:-1"},"canonical":"https:\/\/www.organisator.ch\/fr\/general\/2017-08-15\/smartes-kontrollsystem-belauscht-bienen\/","og_locale":"fr_FR","og_type":"article","og_title":"Smartes Bienen\u00fcberwachungssystem - Organisator","og_description":"Ein neues Bienen\u00fcberwachungssystem von Oldooz Pooyanfar macht es m\u00f6glich, Bienenbest\u00e4nde in Echtzeit zu \u00fcberwachen, um ihre Kommunikation zu analysieren.","og_url":"https:\/\/www.organisator.ch\/fr\/general\/2017-08-15\/smartes-kontrollsystem-belauscht-bienen\/","og_site_name":"Organisator","article_publisher":"https:\/\/www.facebook.com\/OrganisatorFachmagazin","article_published_time":"2017-08-15T14:15:32+00:00","og_image":[{"width":1000,"height":666,"url":"https:\/\/www.organisator.ch\/wp-content\/uploads\/2017\/08\/Smartes-Kontrollsystem-belauscht-Bienen-up-umweltperspektiven.jpg","type":"image\/jpeg"}],"author":"michael.merz","twitter_card":"summary_large_image","schema":{"@context":"https:\/\/schema.org","@graph":[{"@type":"Article","@id":"https:\/\/www.organisator.ch\/fr\/general\/2017-08-15\/smartes-kontrollsystem-belauscht-bienen\/#article","isPartOf":{"@id":"https:\/\/www.organisator.ch\/fr\/general\/2017-08-15\/smartes-kontrollsystem-belauscht-bienen\/"},"author":{"name":"michael.merz","@id":"https:\/\/www.organisator.ch\/#\/schema\/person\/134708ca9321c57b0362cceb7948ffbd"},"headline":"Smartes Bienen\u00fcberwachungssystem","datePublished":"2017-08-15T14:15:32+00:00","mainEntityOfPage":{"@id":"https:\/\/www.organisator.ch\/fr\/general\/2017-08-15\/smartes-kontrollsystem-belauscht-bienen\/"},"wordCount":330,"commentCount":0,"publisher":{"@id":"https:\/\/www.organisator.ch\/#organization"},"image":{"@id":"https:\/\/www.organisator.ch\/fr\/general\/2017-08-15\/smartes-kontrollsystem-belauscht-bienen\/#primaryimage"},"thumbnailUrl":"https:\/\/www.organisator.ch\/wp-content\/uploads\/2017\/08\/Smartes-Kontrollsystem-belauscht-Bienen-up-umweltperspektiven.jpg","keywords":["Smarte Kontrolle","\u00dcberwachung"],"articleSection":["Allgemein"],"inLanguage":"fr-FR"},{"@type":"WebPage","@id":"https:\/\/www.organisator.ch\/fr\/general\/2017-08-15\/smartes-kontrollsystem-belauscht-bienen\/","url":"https:\/\/www.organisator.ch\/fr\/general\/2017-08-15\/smartes-kontrollsystem-belauscht-bienen\/","name":"Syst\u00e8me intelligent de surveillance des abeilles - Organisateur","isPartOf":{"@id":"https:\/\/www.organisator.ch\/#website"},"primaryImageOfPage":{"@id":"https:\/\/www.organisator.ch\/fr\/general\/2017-08-15\/smartes-kontrollsystem-belauscht-bienen\/#primaryimage"},"image":{"@id":"https:\/\/www.organisator.ch\/fr\/general\/2017-08-15\/smartes-kontrollsystem-belauscht-bienen\/#primaryimage"},"thumbnailUrl":"https:\/\/www.organisator.ch\/wp-content\/uploads\/2017\/08\/Smartes-Kontrollsystem-belauscht-Bienen-up-umweltperspektiven.jpg","datePublished":"2017-08-15T14:15:32+00:00","description":"Un nouveau syst\u00e8me de surveillance des abeilles d'Oldooz Pooyanfar permet de surveiller les populations d'abeilles en temps r\u00e9el afin d'analyser leur communication.","breadcrumb":{"@id":"https:\/\/www.organisator.ch\/fr\/general\/2017-08-15\/smartes-kontrollsystem-belauscht-bienen\/#breadcrumb"},"inLanguage":"fr-FR","potentialAction":[{"@type":"ReadAction","target":["https:\/\/www.organisator.ch\/fr\/general\/2017-08-15\/smartes-kontrollsystem-belauscht-bienen\/"]}]},{"@type":"ImageObject","inLanguage":"fr-FR","@id":"https:\/\/www.organisator.ch\/fr\/general\/2017-08-15\/smartes-kontrollsystem-belauscht-bienen\/#primaryimage","url":"https:\/\/www.organisator.ch\/wp-content\/uploads\/2017\/08\/Smartes-Kontrollsystem-belauscht-Bienen-up-umweltperspektiven.jpg","contentUrl":"https:\/\/www.organisator.ch\/wp-content\/uploads\/2017\/08\/Smartes-Kontrollsystem-belauscht-Bienen-up-umweltperspektiven.jpg","width":1000,"height":666,"caption":"Pooyanfar setzt ein neues System zur Kontrolle von Bienenst\u00e4nde ein (Symbolfoto: depositphotos)"},{"@type":"BreadcrumbList","@id":"https:\/\/www.organisator.ch\/fr\/general\/2017-08-15\/smartes-kontrollsystem-belauscht-bienen\/#breadcrumb","itemListElement":[{"@type":"ListItem","position":1,"name":"Home","item":"https:\/\/www.organisator.ch\/"},{"@type":"ListItem","position":2,"name":"Smartes Bienen\u00fcberwachungssystem"}]},{"@type":"WebSite","@id":"https:\/\/www.organisator.ch\/#website","url":"https:\/\/www.organisator.ch\/","name":"Organisateur","description":"Comp\u00e9tence et comp\u00e9tence. Proches de la pratique. L'ORGANISATEUR pr\u00e9pare 10 num\u00e9ros par an sur les th\u00e8mes essentiels pour les dirigeants de PME.","publisher":{"@id":"https:\/\/www.organisator.ch\/#organization"},"potentialAction":[{"@type":"SearchAction","target":{"@type":"EntryPoint","urlTemplate":"https:\/\/www.organisator.ch\/?s={search_term_string}"},"query-input":{"@type":"PropertyValueSpecification","valueRequired":true,"valueName":"search_term_string"}}],"inLanguage":"fr-FR"},{"@type":"Organization","@id":"https:\/\/www.organisator.ch\/#organization","name":"Organisateur","url":"https:\/\/www.organisator.ch\/","logo":{"@type":"ImageObject","inLanguage":"fr-FR","@id":"https:\/\/www.organisator.ch\/#\/schema\/logo\/image\/","url":"https:\/\/www.organisator.ch\/wp-content\/uploads\/2022\/01\/Logo_Organisator_Website.png","contentUrl":"https:\/\/www.organisator.ch\/wp-content\/uploads\/2022\/01\/Logo_Organisator_Website.png","width":800,"height":77,"caption":"Organisator"},"image":{"@id":"https:\/\/www.organisator.ch\/#\/schema\/logo\/image\/"},"sameAs":["https:\/\/www.facebook.com\/OrganisatorFachmagazin","https:\/\/www.linkedin.com\/showcase\/organisator-das-magazin-fr-kmu","https:\/\/www.xing.com\/news\/pages\/organisator-ch-695","https:\/\/www.youtube.com\/channel\/UCGP2Sq0iWaZwT3BdIAQFYpw"]},{"@type":"Person","@id":"https:\/\/www.organisator.ch\/#\/schema\/person\/134708ca9321c57b0362cceb7948ffbd","name":"michael.merz","image":{"@type":"ImageObject","inLanguage":"fr-FR","@id":"https:\/\/secure.gravatar.com\/avatar\/?s=96&d=mm&r=g","url":"https:\/\/secure.gravatar.com\/avatar\/?s=96&d=mm&r=g","contentUrl":"https:\/\/secure.gravatar.com\/avatar\/?s=96&d=mm&r=g","caption":"michael.merz"},"url":"https:\/\/www.organisator.ch\/fr\/author\/michael-merz\/"}]}},"_links":{"self":[{"href":"https:\/\/www.organisator.ch\/fr\/wp-json\/wp\/v2\/posts\/1109","targetHints":{"allow":["GET"]}}],"collection":[{"href":"https:\/\/www.organisator.ch\/fr\/wp-json\/wp\/v2\/posts"}],"about":[{"href":"https:\/\/www.organisator.ch\/fr\/wp-json\/wp\/v2\/types\/post"}],"author":[{"embeddable":true,"href":"https:\/\/www.organisator.ch\/fr\/wp-json\/wp\/v2\/users\/5"}],"replies":[{"embeddable":true,"href":"https:\/\/www.organisator.ch\/fr\/wp-json\/wp\/v2\/comments?post=1109"}],"version-history":[{"count":0,"href":"https:\/\/www.organisator.ch\/fr\/wp-json\/wp\/v2\/posts\/1109\/revisions"}],"wp:featuredmedia":[{"embeddable":true,"href":"https:\/\/www.organisator.ch\/fr\/wp-json\/wp\/v2\/media\/9508"}],"wp:attachment":[{"href":"https:\/\/www.organisator.ch\/fr\/wp-json\/wp\/v2\/media?parent=1109"}],"wp:term":[{"taxonomy":"category","embeddable":true,"href":"https:\/\/www.organisator.ch\/fr\/wp-json\/wp\/v2\/categories?post=1109"},{"taxonomy":"post_tag","embeddable":true,"href":"https:\/\/www.organisator.ch\/fr\/wp-json\/wp\/v2\/tags?post=1109"}],"curies":[{"name":"wp","href":"https:\/\/api.w.org\/{rel}","templated":true}]}}