{"id":11115,"date":"2022-02-01T14:06:58","date_gmt":"2022-02-01T13:06:58","guid":{"rendered":"https:\/\/www.werbewoche.ch\/?p=164795"},"modified":"2022-08-02T14:37:23","modified_gmt":"2022-08-02T12:37:23","slug":"too-good-to-go-ramseier-wird-zum-waste-warrior-brand","status":"publish","type":"post","link":"https:\/\/www.organisator.ch\/fr\/marketing\/2022-02-01\/too-good-to-go-ramseier-wird-zum-waste-warrior-brand\/","title":{"rendered":"Too Good To Go : Ramseier devient une marque Waste Warrior"},"content":{"rendered":"<figure id=\"attachment_164796\" class=\"wp-caption aligncenter\" style=\"width: 978px\" aria-describedby=\"caption-attachment-164796\"><img class=\"aligncenter wp-image-164796 size-full\" src=\"https:\/\/www.werbewoche.ch\/wp-content\/uploads\/2022\/02\/ramseier-wird-waste-warrior-brand-tgtg-werbewoche-muk.jpg\" alt=\"Marque Waste Warrior\" width=\"978\" height=\"733\" \/><figcaption id=\"caption-attachment-164796\" class=\"wp-caption-text\">Gr\u00e2ce \u00e0 une collaboration plus \u00e9troite avec Too Good To Go, Ramseier Suisse veut agir encore plus fortement contre le gaspillage alimentaire. (Image : Ramseier Suisse)<\/figcaption><\/figure>\r\nSelon un communiqu\u00e9 publi\u00e9 mardi, Ramseier rejoint une association lanc\u00e9e par Too Good To Go et regroupant des entreprises qui luttent ensemble contre le gaspillage alimentaire.\r\n\r\nSelon le communiqu\u00e9, l'entreprise utilise d\u00e9j\u00e0 depuis 2021 l'application de Too Good To Go, qui permet aux clients d'acheter des aliments et des boissons restants \u00e0 prix r\u00e9duit. Selon le communiqu\u00e9, l'entreprise veut d\u00e9sormais former son personnel sur ce th\u00e8me et communiquer davantage vers l'ext\u00e9rieur sur ses efforts dans la lutte contre le gaspillage alimentaire. Pour ce faire, Ramseier s'associe \u00e0 Too Good To Go dans les domaines de l'engagement interne, de la communication externe et des mesures. <em>(SDA\/swi)<\/em>\r\n\r\nLe post <a href=\"https:\/\/www.werbewoche.ch\/de\/marketing\/marken\/2022-02-01\/too-good-to-go-ramseier-wird-zum-waste-warrior-brand\/\" rel=\"nofollow\">Too Good To Go : Ramseier devient une marque Waste Warrior<\/a> appeared first on <a href=\"https:\/\/www.werbewoche.ch\/de\" rel=\"nofollow\">Semaine publicitaire m&amp;k<\/a>.","protected":false},"excerpt":{"rendered":"<p>Ramseier tritt laut einer Mitteilung vom Dienstag einer von Too Good To Go lancierten Vereinigung von Unternehmen bei, die gemeinsam gegen Lebensmittelverschwendung k\u00e4mpfen. Das Unternehmen setzt laut Mitteilung schon seit 2021 auf die App von Too Good To Go, mit der Kunden \u00fcbriggebliebene Lebensmittel und Getr\u00e4nke verg\u00fcnstigt kaufen k\u00f6nnen. Laut der Meldung will das Unternehmen [\u2026]<\/p>\n<p>The post <a rel=\"nofollow\" href=\"https:\/\/www.werbewoche.ch\/de\/marketing\/marken\/2022-02-01\/too-good-to-go-ramseier-wird-zum-waste-warrior-brand\/\">Too Good To Go: Ramseier wird zum Waste-Warrior-Brand<\/a> appeared first on <a rel=\"nofollow\" href=\"https:\/\/www.werbewoche.ch\/de\">Werbewoche m&amp;k<\/a>.<\/p>\n","protected":false},"author":8,"featured_media":0,"comment_status":"closed","ping_status":"closed","sticky":false,"template":"","format":"standard","meta":{"_acf_changed":false,"_yoast_wpseo_focuskw":"Waste-Warrior-Brand","_yoast_wpseo_metadesc":"Der zur Fenaco-Gruppe geh\u00f6rende Getr\u00e4nkeproduzent Ramseier Suisse arbeitet k\u00fcnftig noch st\u00e4rker mit der Initiative \u00abToo Good To Go\u00bb zusammen.","articlekey":"","footnotes":""},"categories":[29],"tags":[3275],"class_list":["post-11115","post","type-post","status-publish","format-standard","hentry","category-marketing","tag-waste-warrior-brand"],"acf":[],"yoast_head":"<!-- This site is optimized with the Yoast SEO plugin v27.5 - https:\/\/yoast.com\/product\/yoast-seo-wordpress\/ -->\n<title>Too Good To Go: Ramseier wird zum Waste-Warrior-Brand - Organisator<\/title>\n<meta name=\"description\" content=\"Der zur Fenaco-Gruppe geh\u00f6rende Getr\u00e4nkeproduzent Ramseier Suisse arbeitet k\u00fcnftig noch st\u00e4rker mit der Initiative \u00abToo Good To Go\u00bb zusammen.\" \/>\n<meta name=\"robots\" content=\"index, follow, max-snippet:-1, max-image-preview:large, max-video-preview:-1\" \/>\n<link rel=\"canonical\" href=\"https:\/\/www.werbewoche.ch\/de\/marketing\/marken\/2022-02-01\/too-good-to-go-ramseier-wird-zum-waste-warrior-brand\/\" \/>\n<meta property=\"og:locale\" content=\"fr_FR\" \/>\n<meta property=\"og:type\" content=\"article\" \/>\n<meta property=\"og:title\" content=\"Too Good To Go: Ramseier wird zum Waste-Warrior-Brand - Organisator\" \/>\n<meta property=\"og:description\" content=\"Der zur Fenaco-Gruppe geh\u00f6rende Getr\u00e4nkeproduzent Ramseier Suisse arbeitet k\u00fcnftig noch st\u00e4rker mit der Initiative \u00abToo Good To Go\u00bb zusammen.\" \/>\n<meta property=\"og:url\" content=\"https:\/\/www.werbewoche.ch\/de\/marketing\/marken\/2022-02-01\/too-good-to-go-ramseier-wird-zum-waste-warrior-brand\/\" \/>\n<meta property=\"og:site_name\" content=\"Organisator\" \/>\n<meta property=\"article:publisher\" content=\"https:\/\/www.facebook.com\/OrganisatorFachmagazin\" \/>\n<meta property=\"article:published_time\" content=\"2022-02-01T13:06:58+00:00\" \/>\n<meta property=\"article:modified_time\" content=\"2022-08-02T12:37:23+00:00\" \/>\n<meta property=\"og:image\" content=\"https:\/\/www.werbewoche.ch\/wp-content\/uploads\/2022\/02\/ramseier-wird-waste-warrior-brand-tgtg-werbewoche-muk.jpg\" \/>\n<meta name=\"author\" content=\"galledia\" \/>\n<meta name=\"twitter:card\" content=\"summary_large_image\" \/>\n<meta name=\"twitter:creator\" content=\"@admin\" \/>\n<script type=\"application\/ld+json\" class=\"yoast-schema-graph\">{\"@context\":\"https:\\\/\\\/schema.org\",\"@graph\":[{\"@type\":\"Article\",\"@id\":\"https:\\\/\\\/www.werbewoche.ch\\\/de\\\/marketing\\\/marken\\\/2022-02-01\\\/too-good-to-go-ramseier-wird-zum-waste-warrior-brand\\\/#article\",\"isPartOf\":{\"@id\":\"https:\\\/\\\/www.organisator.ch\\\/marketing\\\/2022-02-01\\\/too-good-to-go-ramseier-wird-zum-waste-warrior-brand\\\/\"},\"author\":{\"name\":\"galledia\",\"@id\":\"https:\\\/\\\/www.organisator.ch\\\/#\\\/schema\\\/person\\\/4e51799071cd2dd1232ac003643ef5f0\"},\"headline\":\"Too Good To Go: Ramseier wird zum Waste-Warrior-Brand\",\"datePublished\":\"2022-02-01T13:06:58+00:00\",\"dateModified\":\"2022-08-02T12:37:23+00:00\",\"mainEntityOfPage\":{\"@id\":\"https:\\\/\\\/www.organisator.ch\\\/marketing\\\/2022-02-01\\\/too-good-to-go-ramseier-wird-zum-waste-warrior-brand\\\/\"},\"wordCount\":146,\"publisher\":{\"@id\":\"https:\\\/\\\/www.organisator.ch\\\/#organization\"},\"image\":{\"@id\":\"https:\\\/\\\/www.werbewoche.ch\\\/de\\\/marketing\\\/marken\\\/2022-02-01\\\/too-good-to-go-ramseier-wird-zum-waste-warrior-brand\\\/#primaryimage\"},\"thumbnailUrl\":\"https:\\\/\\\/www.werbewoche.ch\\\/wp-content\\\/uploads\\\/2022\\\/02\\\/ramseier-wird-waste-warrior-brand-tgtg-werbewoche-muk.jpg\",\"keywords\":[\"Waste-Warrior-Brand\"],\"articleSection\":[\"MARKETING\"],\"inLanguage\":\"fr-FR\"},{\"@type\":\"WebPage\",\"@id\":\"https:\\\/\\\/www.organisator.ch\\\/marketing\\\/2022-02-01\\\/too-good-to-go-ramseier-wird-zum-waste-warrior-brand\\\/\",\"url\":\"https:\\\/\\\/www.werbewoche.ch\\\/de\\\/marketing\\\/marken\\\/2022-02-01\\\/too-good-to-go-ramseier-wird-zum-waste-warrior-brand\\\/\",\"name\":\"Too Good To Go: Ramseier wird zum Waste-Warrior-Brand - Organisator\",\"isPartOf\":{\"@id\":\"https:\\\/\\\/www.organisator.ch\\\/#website\"},\"primaryImageOfPage\":{\"@id\":\"https:\\\/\\\/www.werbewoche.ch\\\/de\\\/marketing\\\/marken\\\/2022-02-01\\\/too-good-to-go-ramseier-wird-zum-waste-warrior-brand\\\/#primaryimage\"},\"image\":{\"@id\":\"https:\\\/\\\/www.werbewoche.ch\\\/de\\\/marketing\\\/marken\\\/2022-02-01\\\/too-good-to-go-ramseier-wird-zum-waste-warrior-brand\\\/#primaryimage\"},\"thumbnailUrl\":\"https:\\\/\\\/www.werbewoche.ch\\\/wp-content\\\/uploads\\\/2022\\\/02\\\/ramseier-wird-waste-warrior-brand-tgtg-werbewoche-muk.jpg\",\"datePublished\":\"2022-02-01T13:06:58+00:00\",\"dateModified\":\"2022-08-02T12:37:23+00:00\",\"description\":\"Der zur Fenaco-Gruppe geh\u00f6rende Getr\u00e4nkeproduzent Ramseier Suisse arbeitet k\u00fcnftig noch st\u00e4rker mit der Initiative \u00abToo Good To Go\u00bb zusammen.\",\"breadcrumb\":{\"@id\":\"https:\\\/\\\/www.werbewoche.ch\\\/de\\\/marketing\\\/marken\\\/2022-02-01\\\/too-good-to-go-ramseier-wird-zum-waste-warrior-brand\\\/#breadcrumb\"},\"inLanguage\":\"fr-FR\",\"potentialAction\":[{\"@type\":\"ReadAction\",\"target\":[\"https:\\\/\\\/www.werbewoche.ch\\\/de\\\/marketing\\\/marken\\\/2022-02-01\\\/too-good-to-go-ramseier-wird-zum-waste-warrior-brand\\\/\"]}]},{\"@type\":\"ImageObject\",\"inLanguage\":\"fr-FR\",\"@id\":\"https:\\\/\\\/www.werbewoche.ch\\\/de\\\/marketing\\\/marken\\\/2022-02-01\\\/too-good-to-go-ramseier-wird-zum-waste-warrior-brand\\\/#primaryimage\",\"url\":\"https:\\\/\\\/www.werbewoche.ch\\\/wp-content\\\/uploads\\\/2022\\\/02\\\/ramseier-wird-waste-warrior-brand-tgtg-werbewoche-muk.jpg\",\"contentUrl\":\"https:\\\/\\\/www.werbewoche.ch\\\/wp-content\\\/uploads\\\/2022\\\/02\\\/ramseier-wird-waste-warrior-brand-tgtg-werbewoche-muk.jpg\"},{\"@type\":\"BreadcrumbList\",\"@id\":\"https:\\\/\\\/www.werbewoche.ch\\\/de\\\/marketing\\\/marken\\\/2022-02-01\\\/too-good-to-go-ramseier-wird-zum-waste-warrior-brand\\\/#breadcrumb\",\"itemListElement\":[{\"@type\":\"ListItem\",\"position\":1,\"name\":\"Home\",\"item\":\"https:\\\/\\\/www.organisator.ch\\\/\"},{\"@type\":\"ListItem\",\"position\":2,\"name\":\"Too Good To Go: Ramseier wird zum Waste-Warrior-Brand\"}]},{\"@type\":\"WebSite\",\"@id\":\"https:\\\/\\\/www.organisator.ch\\\/#website\",\"url\":\"https:\\\/\\\/www.organisator.ch\\\/\",\"name\":\"Organisator\",\"description\":\"Kompetent. Praxisnah. Der ORGANISATOR bereitet in 10 Ausgaben pro Jahr die wesentlichen Themen f\u00fcr F\u00fchrungskr\u00e4fte von KMU auf.\",\"publisher\":{\"@id\":\"https:\\\/\\\/www.organisator.ch\\\/#organization\"},\"potentialAction\":[{\"@type\":\"SearchAction\",\"target\":{\"@type\":\"EntryPoint\",\"urlTemplate\":\"https:\\\/\\\/www.organisator.ch\\\/?s={search_term_string}\"},\"query-input\":{\"@type\":\"PropertyValueSpecification\",\"valueRequired\":true,\"valueName\":\"search_term_string\"}}],\"inLanguage\":\"fr-FR\"},{\"@type\":\"Organization\",\"@id\":\"https:\\\/\\\/www.organisator.ch\\\/#organization\",\"name\":\"Organisator\",\"url\":\"https:\\\/\\\/www.organisator.ch\\\/\",\"logo\":{\"@type\":\"ImageObject\",\"inLanguage\":\"fr-FR\",\"@id\":\"https:\\\/\\\/www.organisator.ch\\\/#\\\/schema\\\/logo\\\/image\\\/\",\"url\":\"https:\\\/\\\/www.organisator.ch\\\/wp-content\\\/uploads\\\/2022\\\/01\\\/Logo_Organisator_Website.png\",\"contentUrl\":\"https:\\\/\\\/www.organisator.ch\\\/wp-content\\\/uploads\\\/2022\\\/01\\\/Logo_Organisator_Website.png\",\"width\":800,\"height\":77,\"caption\":\"Organisator\"},\"image\":{\"@id\":\"https:\\\/\\\/www.organisator.ch\\\/#\\\/schema\\\/logo\\\/image\\\/\"},\"sameAs\":[\"https:\\\/\\\/www.facebook.com\\\/OrganisatorFachmagazin\",\"https:\\\/\\\/www.linkedin.com\\\/showcase\\\/organisator-das-magazin-fr-kmu\",\"https:\\\/\\\/www.xing.com\\\/news\\\/pages\\\/organisator-ch-695\",\"https:\\\/\\\/www.youtube.com\\\/channel\\\/UCGP2Sq0iWaZwT3BdIAQFYpw\"]},{\"@type\":\"Person\",\"@id\":\"https:\\\/\\\/www.organisator.ch\\\/#\\\/schema\\\/person\\\/4e51799071cd2dd1232ac003643ef5f0\",\"name\":\"galledia\",\"image\":{\"@type\":\"ImageObject\",\"inLanguage\":\"fr-FR\",\"@id\":\"https:\\\/\\\/secure.gravatar.com\\\/avatar\\\/78a7f90c01fc2bfc875782a0d4922b37cde2cf184ce347b91316d23cd7f69a36?s=96&d=mm&r=g\",\"url\":\"https:\\\/\\\/secure.gravatar.com\\\/avatar\\\/78a7f90c01fc2bfc875782a0d4922b37cde2cf184ce347b91316d23cd7f69a36?s=96&d=mm&r=g\",\"contentUrl\":\"https:\\\/\\\/secure.gravatar.com\\\/avatar\\\/78a7f90c01fc2bfc875782a0d4922b37cde2cf184ce347b91316d23cd7f69a36?s=96&d=mm&r=g\",\"caption\":\"galledia\"},\"sameAs\":[\"https:\\\/\\\/x.com\\\/admin\"],\"url\":\"https:\\\/\\\/www.organisator.ch\\\/fr\\\/author\\\/galledia\\\/\"}]}<\/script>\n<!-- \/ Yoast SEO plugin. -->","yoast_head_json":{"title":"Too Good To Go : Ramseier devient une marque Waste Warrior - Organisateur","description":"Le producteur de boissons Ramseier Suisse, qui appartient au groupe Fenaco, collaborera \u00e0 l'avenir encore plus \u00e9troitement avec l'initiative \"Too Good To Go\".","robots":{"index":"index","follow":"follow","max-snippet":"max-snippet:-1","max-image-preview":"max-image-preview:large","max-video-preview":"max-video-preview:-1"},"canonical":"https:\/\/www.werbewoche.ch\/de\/marketing\/marken\/2022-02-01\/too-good-to-go-ramseier-wird-zum-waste-warrior-brand\/","og_locale":"fr_FR","og_type":"article","og_title":"Too Good To Go: Ramseier wird zum Waste-Warrior-Brand - Organisator","og_description":"Der zur Fenaco-Gruppe geh\u00f6rende Getr\u00e4nkeproduzent Ramseier Suisse arbeitet k\u00fcnftig noch st\u00e4rker mit der Initiative \u00abToo Good To Go\u00bb zusammen.","og_url":"https:\/\/www.werbewoche.ch\/de\/marketing\/marken\/2022-02-01\/too-good-to-go-ramseier-wird-zum-waste-warrior-brand\/","og_site_name":"Organisator","article_publisher":"https:\/\/www.facebook.com\/OrganisatorFachmagazin","article_published_time":"2022-02-01T13:06:58+00:00","article_modified_time":"2022-08-02T12:37:23+00:00","og_image":[{"url":"https:\/\/www.werbewoche.ch\/wp-content\/uploads\/2022\/02\/ramseier-wird-waste-warrior-brand-tgtg-werbewoche-muk.jpg","type":"","width":"","height":""}],"author":"galledia","twitter_card":"summary_large_image","twitter_creator":"@admin","schema":{"@context":"https:\/\/schema.org","@graph":[{"@type":"Article","@id":"https:\/\/www.werbewoche.ch\/de\/marketing\/marken\/2022-02-01\/too-good-to-go-ramseier-wird-zum-waste-warrior-brand\/#article","isPartOf":{"@id":"https:\/\/www.organisator.ch\/marketing\/2022-02-01\/too-good-to-go-ramseier-wird-zum-waste-warrior-brand\/"},"author":{"name":"galledia","@id":"https:\/\/www.organisator.ch\/#\/schema\/person\/4e51799071cd2dd1232ac003643ef5f0"},"headline":"Too Good To Go: Ramseier wird zum Waste-Warrior-Brand","datePublished":"2022-02-01T13:06:58+00:00","dateModified":"2022-08-02T12:37:23+00:00","mainEntityOfPage":{"@id":"https:\/\/www.organisator.ch\/marketing\/2022-02-01\/too-good-to-go-ramseier-wird-zum-waste-warrior-brand\/"},"wordCount":146,"publisher":{"@id":"https:\/\/www.organisator.ch\/#organization"},"image":{"@id":"https:\/\/www.werbewoche.ch\/de\/marketing\/marken\/2022-02-01\/too-good-to-go-ramseier-wird-zum-waste-warrior-brand\/#primaryimage"},"thumbnailUrl":"https:\/\/www.werbewoche.ch\/wp-content\/uploads\/2022\/02\/ramseier-wird-waste-warrior-brand-tgtg-werbewoche-muk.jpg","keywords":["Waste-Warrior-Brand"],"articleSection":["MARKETING"],"inLanguage":"fr-FR"},{"@type":"WebPage","@id":"https:\/\/www.organisator.ch\/marketing\/2022-02-01\/too-good-to-go-ramseier-wird-zum-waste-warrior-brand\/","url":"https:\/\/www.werbewoche.ch\/de\/marketing\/marken\/2022-02-01\/too-good-to-go-ramseier-wird-zum-waste-warrior-brand\/","name":"Too Good To Go : Ramseier devient une marque Waste Warrior - Organisateur","isPartOf":{"@id":"https:\/\/www.organisator.ch\/#website"},"primaryImageOfPage":{"@id":"https:\/\/www.werbewoche.ch\/de\/marketing\/marken\/2022-02-01\/too-good-to-go-ramseier-wird-zum-waste-warrior-brand\/#primaryimage"},"image":{"@id":"https:\/\/www.werbewoche.ch\/de\/marketing\/marken\/2022-02-01\/too-good-to-go-ramseier-wird-zum-waste-warrior-brand\/#primaryimage"},"thumbnailUrl":"https:\/\/www.werbewoche.ch\/wp-content\/uploads\/2022\/02\/ramseier-wird-waste-warrior-brand-tgtg-werbewoche-muk.jpg","datePublished":"2022-02-01T13:06:58+00:00","dateModified":"2022-08-02T12:37:23+00:00","description":"Le producteur de boissons Ramseier Suisse, qui appartient au groupe Fenaco, collaborera \u00e0 l'avenir encore plus \u00e9troitement avec l'initiative \"Too Good To Go\".","breadcrumb":{"@id":"https:\/\/www.werbewoche.ch\/de\/marketing\/marken\/2022-02-01\/too-good-to-go-ramseier-wird-zum-waste-warrior-brand\/#breadcrumb"},"inLanguage":"fr-FR","potentialAction":[{"@type":"ReadAction","target":["https:\/\/www.werbewoche.ch\/de\/marketing\/marken\/2022-02-01\/too-good-to-go-ramseier-wird-zum-waste-warrior-brand\/"]}]},{"@type":"ImageObject","inLanguage":"fr-FR","@id":"https:\/\/www.werbewoche.ch\/de\/marketing\/marken\/2022-02-01\/too-good-to-go-ramseier-wird-zum-waste-warrior-brand\/#primaryimage","url":"https:\/\/www.werbewoche.ch\/wp-content\/uploads\/2022\/02\/ramseier-wird-waste-warrior-brand-tgtg-werbewoche-muk.jpg","contentUrl":"https:\/\/www.werbewoche.ch\/wp-content\/uploads\/2022\/02\/ramseier-wird-waste-warrior-brand-tgtg-werbewoche-muk.jpg"},{"@type":"BreadcrumbList","@id":"https:\/\/www.werbewoche.ch\/de\/marketing\/marken\/2022-02-01\/too-good-to-go-ramseier-wird-zum-waste-warrior-brand\/#breadcrumb","itemListElement":[{"@type":"ListItem","position":1,"name":"Home","item":"https:\/\/www.organisator.ch\/"},{"@type":"ListItem","position":2,"name":"Too Good To Go: Ramseier wird zum Waste-Warrior-Brand"}]},{"@type":"WebSite","@id":"https:\/\/www.organisator.ch\/#website","url":"https:\/\/www.organisator.ch\/","name":"Organisateur","description":"Comp\u00e9tence et comp\u00e9tence. Proches de la pratique. L'ORGANISATEUR pr\u00e9pare 10 num\u00e9ros par an sur les th\u00e8mes essentiels pour les dirigeants de PME.","publisher":{"@id":"https:\/\/www.organisator.ch\/#organization"},"potentialAction":[{"@type":"SearchAction","target":{"@type":"EntryPoint","urlTemplate":"https:\/\/www.organisator.ch\/?s={search_term_string}"},"query-input":{"@type":"PropertyValueSpecification","valueRequired":true,"valueName":"search_term_string"}}],"inLanguage":"fr-FR"},{"@type":"Organization","@id":"https:\/\/www.organisator.ch\/#organization","name":"Organisateur","url":"https:\/\/www.organisator.ch\/","logo":{"@type":"ImageObject","inLanguage":"fr-FR","@id":"https:\/\/www.organisator.ch\/#\/schema\/logo\/image\/","url":"https:\/\/www.organisator.ch\/wp-content\/uploads\/2022\/01\/Logo_Organisator_Website.png","contentUrl":"https:\/\/www.organisator.ch\/wp-content\/uploads\/2022\/01\/Logo_Organisator_Website.png","width":800,"height":77,"caption":"Organisator"},"image":{"@id":"https:\/\/www.organisator.ch\/#\/schema\/logo\/image\/"},"sameAs":["https:\/\/www.facebook.com\/OrganisatorFachmagazin","https:\/\/www.linkedin.com\/showcase\/organisator-das-magazin-fr-kmu","https:\/\/www.xing.com\/news\/pages\/organisator-ch-695","https:\/\/www.youtube.com\/channel\/UCGP2Sq0iWaZwT3BdIAQFYpw"]},{"@type":"Person","@id":"https:\/\/www.organisator.ch\/#\/schema\/person\/4e51799071cd2dd1232ac003643ef5f0","name":"galledia","image":{"@type":"ImageObject","inLanguage":"fr-FR","@id":"https:\/\/secure.gravatar.com\/avatar\/78a7f90c01fc2bfc875782a0d4922b37cde2cf184ce347b91316d23cd7f69a36?s=96&d=mm&r=g","url":"https:\/\/secure.gravatar.com\/avatar\/78a7f90c01fc2bfc875782a0d4922b37cde2cf184ce347b91316d23cd7f69a36?s=96&d=mm&r=g","contentUrl":"https:\/\/secure.gravatar.com\/avatar\/78a7f90c01fc2bfc875782a0d4922b37cde2cf184ce347b91316d23cd7f69a36?s=96&d=mm&r=g","caption":"galledia"},"sameAs":["https:\/\/x.com\/admin"],"url":"https:\/\/www.organisator.ch\/fr\/author\/galledia\/"}]}},"_links":{"self":[{"href":"https:\/\/www.organisator.ch\/fr\/wp-json\/wp\/v2\/posts\/11115","targetHints":{"allow":["GET"]}}],"collection":[{"href":"https:\/\/www.organisator.ch\/fr\/wp-json\/wp\/v2\/posts"}],"about":[{"href":"https:\/\/www.organisator.ch\/fr\/wp-json\/wp\/v2\/types\/post"}],"author":[{"embeddable":true,"href":"https:\/\/www.organisator.ch\/fr\/wp-json\/wp\/v2\/users\/8"}],"replies":[{"embeddable":true,"href":"https:\/\/www.organisator.ch\/fr\/wp-json\/wp\/v2\/comments?post=11115"}],"version-history":[{"count":3,"href":"https:\/\/www.organisator.ch\/fr\/wp-json\/wp\/v2\/posts\/11115\/revisions"}],"predecessor-version":[{"id":16220,"href":"https:\/\/www.organisator.ch\/fr\/wp-json\/wp\/v2\/posts\/11115\/revisions\/16220"}],"wp:attachment":[{"href":"https:\/\/www.organisator.ch\/fr\/wp-json\/wp\/v2\/media?parent=11115"}],"wp:term":[{"taxonomy":"category","embeddable":true,"href":"https:\/\/www.organisator.ch\/fr\/wp-json\/wp\/v2\/categories?post=11115"},{"taxonomy":"post_tag","embeddable":true,"href":"https:\/\/www.organisator.ch\/fr\/wp-json\/wp\/v2\/tags?post=11115"}],"curies":[{"name":"wp","href":"https:\/\/api.w.org\/{rel}","templated":true}]}}