{"id":11119,"date":"2022-02-08T09:19:01","date_gmt":"2022-02-08T08:19:01","guid":{"rendered":"https:\/\/www.m-q.ch\/?p=15924"},"modified":"2022-08-02T14:06:27","modified_gmt":"2022-08-02T12:06:27","slug":"bosch-rexroth-arbeitet-an-der-fabrik-der-zukunft","status":"publish","type":"post","link":"https:\/\/www.organisator.ch\/fr\/operational-excellence\/2022-02-08\/bosch-rexroth-arbeitet-an-der-fabrik-der-zukunft\/","title":{"rendered":"Bosch Rexroth travaille sur l'usine du futur"},"content":{"rendered":"<figure id=\"attachment_15925\" class=\"wp-caption alignnone\" style=\"width: 680px\" aria-describedby=\"caption-attachment-15925\"><img class=\"alignnone wp-image-15925 size-full\" src=\"https:\/\/www.m-q.ch\/wp-content\/uploads\/2022\/02\/Bosch-Rexroth-arbeitet-an-der-Fabrik-der-Zukunft_MQ.jpg\" alt=\"Bosch Rexroth\" width=\"680\" height=\"465\" \/><figcaption id=\"caption-attachment-15925\" class=\"wp-caption-text\">Usine mod\u00e8le de Bosch Rexroth \u00e0 Ulm. (Image : zVg \/ Bosch Rexroth)<\/figcaption><\/figure>\r\nBosch Rexroth, sp\u00e9cialiste des technologies d'entra\u00eenement et de commande, d\u00e9finit l'\"usine du futur\" : \"De notre point de vue, l'usine du futur est hautement transformable. Seuls les murs, le sol et le plafond ont leur place fixe - tout le reste est mobile. Les lignes de montage sont modulaires et les machines peuvent se transformer en nouvelles lignes en fonction des besoins. Tout est connect\u00e9 sans fil et communique via 5G. L'alimentation est assur\u00e9e par un syst\u00e8me de charge inductive par le sol\", explique Thomas Fechner, responsable de la Business Unit Automation &amp; Electrification Solutions chez Bosch Rexroth.\r\n<h3>L'engagement de Bosch Rexroth dans la Smart Electronic Factory<\/h3>\r\nUne telle vision se nourrit d'un travail de recherche et de d\u00e9veloppement cons\u00e9quent. C'est pourquoi Bosch Rexroth s'engage \u00e9galement dans des centres de comp\u00e9tences transversaux. L'entreprise est ainsi membre du <a href=\"http:\/\/www.smartelectronicfactory.de\/\">SEF Smart Electronic Factory e.V.<\/a> Il s'agit d'une initiative Industrie 4.0 d'instituts de recherche et d'entreprises renomm\u00e9es qui souhaitent ouvrir la voie de la num\u00e9risation aux PME industrielles allemandes. La SEF Smart Electronic Factory e.V. est une association fond\u00e9e en 2015 qui d\u00e9veloppe des solutions compatibles avec l'industrie 4.0 - en se concentrant sur les exigences des PME. Dans la Smart Electronic Factory, une usine \u00e9lectronique situ\u00e9e \u00e0 Limburg a. d. Lahn (Allemagne), des sc\u00e9narios et des applications Industrie 4.0 sont d\u00e9velopp\u00e9s et test\u00e9s dans des conditions de production r\u00e9elles.\r\n\r\nThomas Fechner explique : \"Au sein de SEF Smart Electronic Factory e.V., les comp\u00e9tences d'entreprises de diff\u00e9rentes sp\u00e9cialisations convergent et des solutions globales peuvent ainsi voir le jour. Une attention particuli\u00e8re est accord\u00e9e au fait que les entreprises peuvent obtenir rapidement des avantages de num\u00e9risation gr\u00e2ce \u00e0 ces solutions - avec une vue d'ensemble\".\r\n<h3>Industrie 4.0 : pas une question de \"si\", mais de \"comment\".<\/h3>\r\nBosch Rexroth se consid\u00e8re comme un pionnier lorsqu'il s'agit de trouver des solutions pour l'usine num\u00e9ris\u00e9e. L'automatisation des usines est l'un de ses points forts. L'entreprise a par exemple d\u00e9velopp\u00e9 la plateforme d'automatisation ctrlX AUTOMATION et a ainsi inaugur\u00e9 un changement de paradigme. La plateforme d\u00e9passe les fronti\u00e8res classiques entre la commande des machines, le monde informatique et l'Internet des objets. Elle dispose de standards ouverts de bout en bout, d'une technologie de programmation d'applications, permet une ing\u00e9nierie bas\u00e9e sur le web et une connexion IoT compl\u00e8te. Gr\u00e2ce \u00e0 l'\u00e9cosyst\u00e8me, les applications de Bosch Rexroth et de ses partenaires sont disponibles pour toutes les t\u00e2ches d'automatisation. En outre, Bosch Rexroth propose de nombreux autres produits, solutions et services pour la transformation num\u00e9rique de l'usine et aide ainsi les fabricants \u00e0 rendre leur production plus flexible et plus durable.\r\n\r\n\"La num\u00e9risation va continuer \u00e0 modifier le monde de la production de mani\u00e8re significative. Bosch Rexroth et tous les autres membres de notre association Industrie 4.0 se sont donn\u00e9 pour mission de soutenir les entreprises en leur proposant des solutions qui ne n\u00e9cessitent pas de savoir-faire suppl\u00e9mentaire en mati\u00e8re de num\u00e9risation, mais qui permettent d'all\u00e9ger la charge de travail et de supprimer les obstacles. Il ne s'agit plus de savoir si l'industrie 4.0 doit \u00eatre mise en \u0153uvre, mais comment. Et nous souhaitons apporter une contribution pr\u00e9cieuse \u00e0 cet \u00e9gard\", explique Maria Christina Bienek, directrice de l'association SEF Smart Electronic Factory e.V. \"Nous sommes convaincus qu'il s'agit l\u00e0 d'un objectif important.\r\n\r\nLa contribution <a href=\"https:\/\/www.m-q.ch\/de\/bosch-rexroth-arbeitet-an-der-fabrik-der-zukunft\/\" rel=\"nofollow\">Bosch Rexroth travaille sur l'usine du futur<\/a> est d'abord apparu sur <a href=\"https:\/\/www.m-q.ch\/de\/\" rel=\"nofollow\">MQ Gestion et qualit\u00e9<\/a>.\n<p class=\"syndicated-attribution\">Cet article est paru initialement sur m-q.ch - <a href=\"https:\/\/www.m-q.ch\/de\/bosch-rexroth-arbeitet-an-der-fabrik-der-zukunft\/\" target=\"_blank\">https:\/\/www.m-q.ch\/de\/bosch-rexroth-arbeitet-an-der-fabrik-der-zukunft\/<\/a><\/p>","protected":false},"excerpt":{"rendered":"<p>Bosch Rexroth, Spezialist f\u00fcr Antriebs- und Steuerungstechnologien, definiert die \u201eFactory of the Future\u201c: \u201eAus unserer Sicht ist die Fabrik der Zukunft hochgradig verwandlungsf\u00e4hig. Nur die W\u00e4nde, der Boden und die Decke haben ihren festen Platz \u2013 alles andere ist mobil. Die Montagelinien sind modular aufgebaut und die Maschinen k\u00f6nnen sich je nach Bedarf zu neuen [\u2026]<\/p>\n<p>Der Beitrag <a rel=\"nofollow\" href=\"https:\/\/www.m-q.ch\/de\/bosch-rexroth-arbeitet-an-der-fabrik-der-zukunft\/\">Bosch Rexroth arbeitet an der Fabrik der Zukunft<\/a> erschien zuerst auf <a rel=\"nofollow\" href=\"https:\/\/www.m-q.ch\/de\/\">MQ Management und Qualit\u00e4t<\/a>.<\/p>\n","protected":false},"author":8,"featured_media":0,"comment_status":"closed","ping_status":"closed","sticky":false,"template":"","format":"standard","meta":{"_acf_changed":false,"_yoast_wpseo_focuskw":"Bosch Rexroth","_yoast_wpseo_metadesc":"Die Fabrik der Zukunft ist hochvariabel und konnektiv. Im Zentrum stehen softwarebasierte, automatisierte und miteinander vernetzte L\u00f6sungen.","articlekey":"","footnotes":""},"categories":[582],"tags":[3269,2636],"class_list":["post-11119","post","type-post","status-publish","format-standard","hentry","category-operational-excellence","tag-bosch-rexroth","tag-industrieautomation"],"acf":[],"yoast_head":"<!-- This site is optimized with the Yoast SEO plugin v27.5 - https:\/\/yoast.com\/product\/yoast-seo-wordpress\/ -->\n<title>Bosch Rexroth arbeitet an der Fabrik der Zukunft - Organisator<\/title>\n<meta name=\"description\" content=\"Die Fabrik der Zukunft ist hochvariabel und konnektiv. Im Zentrum stehen softwarebasierte, automatisierte und miteinander vernetzte L\u00f6sungen.\" \/>\n<meta name=\"robots\" content=\"index, follow, max-snippet:-1, max-image-preview:large, max-video-preview:-1\" \/>\n<link rel=\"canonical\" href=\"https:\/\/www.m-q.ch\/de\/bosch-rexroth-arbeitet-an-der-fabrik-der-zukunft\/\" \/>\n<meta property=\"og:locale\" content=\"fr_FR\" \/>\n<meta property=\"og:type\" content=\"article\" \/>\n<meta property=\"og:title\" content=\"Bosch Rexroth arbeitet an der Fabrik der Zukunft - Organisator\" \/>\n<meta property=\"og:description\" content=\"Die Fabrik der Zukunft ist hochvariabel und konnektiv. Im Zentrum stehen softwarebasierte, automatisierte und miteinander vernetzte L\u00f6sungen.\" \/>\n<meta property=\"og:url\" content=\"https:\/\/www.m-q.ch\/de\/bosch-rexroth-arbeitet-an-der-fabrik-der-zukunft\/\" \/>\n<meta property=\"og:site_name\" content=\"Organisator\" \/>\n<meta property=\"article:publisher\" content=\"https:\/\/www.facebook.com\/OrganisatorFachmagazin\" \/>\n<meta property=\"article:published_time\" content=\"2022-02-08T08:19:01+00:00\" \/>\n<meta property=\"article:modified_time\" content=\"2022-08-02T12:06:27+00:00\" \/>\n<meta property=\"og:image\" content=\"https:\/\/www.m-q.ch\/wp-content\/uploads\/2022\/02\/Bosch-Rexroth-arbeitet-an-der-Fabrik-der-Zukunft_MQ.jpg\" \/>\n<meta name=\"author\" content=\"galledia\" \/>\n<meta name=\"twitter:card\" content=\"summary_large_image\" \/>\n<meta name=\"twitter:creator\" content=\"@admin\" \/>\n<script type=\"application\/ld+json\" class=\"yoast-schema-graph\">{\"@context\":\"https:\\\/\\\/schema.org\",\"@graph\":[{\"@type\":\"Article\",\"@id\":\"https:\\\/\\\/www.m-q.ch\\\/de\\\/bosch-rexroth-arbeitet-an-der-fabrik-der-zukunft\\\/#article\",\"isPartOf\":{\"@id\":\"https:\\\/\\\/www.organisator.ch\\\/operational-excellence\\\/2022-02-08\\\/bosch-rexroth-arbeitet-an-der-fabrik-der-zukunft\\\/\"},\"author\":{\"name\":\"galledia\",\"@id\":\"https:\\\/\\\/www.organisator.ch\\\/#\\\/schema\\\/person\\\/4e51799071cd2dd1232ac003643ef5f0\"},\"headline\":\"Bosch Rexroth arbeitet an der Fabrik der Zukunft\",\"datePublished\":\"2022-02-08T08:19:01+00:00\",\"dateModified\":\"2022-08-02T12:06:27+00:00\",\"mainEntityOfPage\":{\"@id\":\"https:\\\/\\\/www.organisator.ch\\\/operational-excellence\\\/2022-02-08\\\/bosch-rexroth-arbeitet-an-der-fabrik-der-zukunft\\\/\"},\"wordCount\":501,\"publisher\":{\"@id\":\"https:\\\/\\\/www.organisator.ch\\\/#organization\"},\"image\":{\"@id\":\"https:\\\/\\\/www.m-q.ch\\\/de\\\/bosch-rexroth-arbeitet-an-der-fabrik-der-zukunft\\\/#primaryimage\"},\"thumbnailUrl\":\"https:\\\/\\\/www.m-q.ch\\\/wp-content\\\/uploads\\\/2022\\\/02\\\/Bosch-Rexroth-arbeitet-an-der-Fabrik-der-Zukunft_MQ.jpg\",\"keywords\":[\"Bosch Rexroth\",\"Industrieautomation\"],\"articleSection\":[\"OPERATIONAL EXCELLENCE\"],\"inLanguage\":\"fr-FR\"},{\"@type\":\"WebPage\",\"@id\":\"https:\\\/\\\/www.organisator.ch\\\/operational-excellence\\\/2022-02-08\\\/bosch-rexroth-arbeitet-an-der-fabrik-der-zukunft\\\/\",\"url\":\"https:\\\/\\\/www.m-q.ch\\\/de\\\/bosch-rexroth-arbeitet-an-der-fabrik-der-zukunft\\\/\",\"name\":\"Bosch Rexroth arbeitet an der Fabrik der Zukunft - Organisator\",\"isPartOf\":{\"@id\":\"https:\\\/\\\/www.organisator.ch\\\/#website\"},\"primaryImageOfPage\":{\"@id\":\"https:\\\/\\\/www.m-q.ch\\\/de\\\/bosch-rexroth-arbeitet-an-der-fabrik-der-zukunft\\\/#primaryimage\"},\"image\":{\"@id\":\"https:\\\/\\\/www.m-q.ch\\\/de\\\/bosch-rexroth-arbeitet-an-der-fabrik-der-zukunft\\\/#primaryimage\"},\"thumbnailUrl\":\"https:\\\/\\\/www.m-q.ch\\\/wp-content\\\/uploads\\\/2022\\\/02\\\/Bosch-Rexroth-arbeitet-an-der-Fabrik-der-Zukunft_MQ.jpg\",\"datePublished\":\"2022-02-08T08:19:01+00:00\",\"dateModified\":\"2022-08-02T12:06:27+00:00\",\"description\":\"Die Fabrik der Zukunft ist hochvariabel und konnektiv. Im Zentrum stehen softwarebasierte, automatisierte und miteinander vernetzte L\u00f6sungen.\",\"breadcrumb\":{\"@id\":\"https:\\\/\\\/www.m-q.ch\\\/de\\\/bosch-rexroth-arbeitet-an-der-fabrik-der-zukunft\\\/#breadcrumb\"},\"inLanguage\":\"fr-FR\",\"potentialAction\":[{\"@type\":\"ReadAction\",\"target\":[\"https:\\\/\\\/www.m-q.ch\\\/de\\\/bosch-rexroth-arbeitet-an-der-fabrik-der-zukunft\\\/\"]}]},{\"@type\":\"ImageObject\",\"inLanguage\":\"fr-FR\",\"@id\":\"https:\\\/\\\/www.m-q.ch\\\/de\\\/bosch-rexroth-arbeitet-an-der-fabrik-der-zukunft\\\/#primaryimage\",\"url\":\"https:\\\/\\\/www.m-q.ch\\\/wp-content\\\/uploads\\\/2022\\\/02\\\/Bosch-Rexroth-arbeitet-an-der-Fabrik-der-Zukunft_MQ.jpg\",\"contentUrl\":\"https:\\\/\\\/www.m-q.ch\\\/wp-content\\\/uploads\\\/2022\\\/02\\\/Bosch-Rexroth-arbeitet-an-der-Fabrik-der-Zukunft_MQ.jpg\"},{\"@type\":\"BreadcrumbList\",\"@id\":\"https:\\\/\\\/www.m-q.ch\\\/de\\\/bosch-rexroth-arbeitet-an-der-fabrik-der-zukunft\\\/#breadcrumb\",\"itemListElement\":[{\"@type\":\"ListItem\",\"position\":1,\"name\":\"Home\",\"item\":\"https:\\\/\\\/www.organisator.ch\\\/\"},{\"@type\":\"ListItem\",\"position\":2,\"name\":\"Bosch Rexroth arbeitet an der Fabrik der Zukunft\"}]},{\"@type\":\"WebSite\",\"@id\":\"https:\\\/\\\/www.organisator.ch\\\/#website\",\"url\":\"https:\\\/\\\/www.organisator.ch\\\/\",\"name\":\"Organisator\",\"description\":\"Kompetent. Praxisnah. Der ORGANISATOR bereitet in 10 Ausgaben pro Jahr die wesentlichen Themen f\u00fcr F\u00fchrungskr\u00e4fte von KMU auf.\",\"publisher\":{\"@id\":\"https:\\\/\\\/www.organisator.ch\\\/#organization\"},\"potentialAction\":[{\"@type\":\"SearchAction\",\"target\":{\"@type\":\"EntryPoint\",\"urlTemplate\":\"https:\\\/\\\/www.organisator.ch\\\/?s={search_term_string}\"},\"query-input\":{\"@type\":\"PropertyValueSpecification\",\"valueRequired\":true,\"valueName\":\"search_term_string\"}}],\"inLanguage\":\"fr-FR\"},{\"@type\":\"Organization\",\"@id\":\"https:\\\/\\\/www.organisator.ch\\\/#organization\",\"name\":\"Organisator\",\"url\":\"https:\\\/\\\/www.organisator.ch\\\/\",\"logo\":{\"@type\":\"ImageObject\",\"inLanguage\":\"fr-FR\",\"@id\":\"https:\\\/\\\/www.organisator.ch\\\/#\\\/schema\\\/logo\\\/image\\\/\",\"url\":\"https:\\\/\\\/www.organisator.ch\\\/wp-content\\\/uploads\\\/2022\\\/01\\\/Logo_Organisator_Website.png\",\"contentUrl\":\"https:\\\/\\\/www.organisator.ch\\\/wp-content\\\/uploads\\\/2022\\\/01\\\/Logo_Organisator_Website.png\",\"width\":800,\"height\":77,\"caption\":\"Organisator\"},\"image\":{\"@id\":\"https:\\\/\\\/www.organisator.ch\\\/#\\\/schema\\\/logo\\\/image\\\/\"},\"sameAs\":[\"https:\\\/\\\/www.facebook.com\\\/OrganisatorFachmagazin\",\"https:\\\/\\\/www.linkedin.com\\\/showcase\\\/organisator-das-magazin-fr-kmu\",\"https:\\\/\\\/www.xing.com\\\/news\\\/pages\\\/organisator-ch-695\",\"https:\\\/\\\/www.youtube.com\\\/channel\\\/UCGP2Sq0iWaZwT3BdIAQFYpw\"]},{\"@type\":\"Person\",\"@id\":\"https:\\\/\\\/www.organisator.ch\\\/#\\\/schema\\\/person\\\/4e51799071cd2dd1232ac003643ef5f0\",\"name\":\"galledia\",\"image\":{\"@type\":\"ImageObject\",\"inLanguage\":\"fr-FR\",\"@id\":\"https:\\\/\\\/secure.gravatar.com\\\/avatar\\\/78a7f90c01fc2bfc875782a0d4922b37cde2cf184ce347b91316d23cd7f69a36?s=96&d=mm&r=g\",\"url\":\"https:\\\/\\\/secure.gravatar.com\\\/avatar\\\/78a7f90c01fc2bfc875782a0d4922b37cde2cf184ce347b91316d23cd7f69a36?s=96&d=mm&r=g\",\"contentUrl\":\"https:\\\/\\\/secure.gravatar.com\\\/avatar\\\/78a7f90c01fc2bfc875782a0d4922b37cde2cf184ce347b91316d23cd7f69a36?s=96&d=mm&r=g\",\"caption\":\"galledia\"},\"sameAs\":[\"https:\\\/\\\/x.com\\\/admin\"],\"url\":\"https:\\\/\\\/www.organisator.ch\\\/fr\\\/author\\\/galledia\\\/\"}]}<\/script>\n<!-- \/ Yoast SEO plugin. -->","yoast_head_json":{"title":"Bosch Rexroth travaille sur l'usine du futur - Organisateur","description":"L'usine du futur est hautement variable et connect\u00e9e. Au c\u0153ur de celle-ci se trouvent des solutions logicielles, automatis\u00e9es et interconnect\u00e9es.","robots":{"index":"index","follow":"follow","max-snippet":"max-snippet:-1","max-image-preview":"max-image-preview:large","max-video-preview":"max-video-preview:-1"},"canonical":"https:\/\/www.m-q.ch\/de\/bosch-rexroth-arbeitet-an-der-fabrik-der-zukunft\/","og_locale":"fr_FR","og_type":"article","og_title":"Bosch Rexroth arbeitet an der Fabrik der Zukunft - Organisator","og_description":"Die Fabrik der Zukunft ist hochvariabel und konnektiv. Im Zentrum stehen softwarebasierte, automatisierte und miteinander vernetzte L\u00f6sungen.","og_url":"https:\/\/www.m-q.ch\/de\/bosch-rexroth-arbeitet-an-der-fabrik-der-zukunft\/","og_site_name":"Organisator","article_publisher":"https:\/\/www.facebook.com\/OrganisatorFachmagazin","article_published_time":"2022-02-08T08:19:01+00:00","article_modified_time":"2022-08-02T12:06:27+00:00","og_image":[{"url":"https:\/\/www.m-q.ch\/wp-content\/uploads\/2022\/02\/Bosch-Rexroth-arbeitet-an-der-Fabrik-der-Zukunft_MQ.jpg","type":"","width":"","height":""}],"author":"galledia","twitter_card":"summary_large_image","twitter_creator":"@admin","schema":{"@context":"https:\/\/schema.org","@graph":[{"@type":"Article","@id":"https:\/\/www.m-q.ch\/de\/bosch-rexroth-arbeitet-an-der-fabrik-der-zukunft\/#article","isPartOf":{"@id":"https:\/\/www.organisator.ch\/operational-excellence\/2022-02-08\/bosch-rexroth-arbeitet-an-der-fabrik-der-zukunft\/"},"author":{"name":"galledia","@id":"https:\/\/www.organisator.ch\/#\/schema\/person\/4e51799071cd2dd1232ac003643ef5f0"},"headline":"Bosch Rexroth arbeitet an der Fabrik der Zukunft","datePublished":"2022-02-08T08:19:01+00:00","dateModified":"2022-08-02T12:06:27+00:00","mainEntityOfPage":{"@id":"https:\/\/www.organisator.ch\/operational-excellence\/2022-02-08\/bosch-rexroth-arbeitet-an-der-fabrik-der-zukunft\/"},"wordCount":501,"publisher":{"@id":"https:\/\/www.organisator.ch\/#organization"},"image":{"@id":"https:\/\/www.m-q.ch\/de\/bosch-rexroth-arbeitet-an-der-fabrik-der-zukunft\/#primaryimage"},"thumbnailUrl":"https:\/\/www.m-q.ch\/wp-content\/uploads\/2022\/02\/Bosch-Rexroth-arbeitet-an-der-Fabrik-der-Zukunft_MQ.jpg","keywords":["Bosch Rexroth","Industrieautomation"],"articleSection":["OPERATIONAL EXCELLENCE"],"inLanguage":"fr-FR"},{"@type":"WebPage","@id":"https:\/\/www.organisator.ch\/operational-excellence\/2022-02-08\/bosch-rexroth-arbeitet-an-der-fabrik-der-zukunft\/","url":"https:\/\/www.m-q.ch\/de\/bosch-rexroth-arbeitet-an-der-fabrik-der-zukunft\/","name":"Bosch Rexroth travaille sur l'usine du futur - Organisateur","isPartOf":{"@id":"https:\/\/www.organisator.ch\/#website"},"primaryImageOfPage":{"@id":"https:\/\/www.m-q.ch\/de\/bosch-rexroth-arbeitet-an-der-fabrik-der-zukunft\/#primaryimage"},"image":{"@id":"https:\/\/www.m-q.ch\/de\/bosch-rexroth-arbeitet-an-der-fabrik-der-zukunft\/#primaryimage"},"thumbnailUrl":"https:\/\/www.m-q.ch\/wp-content\/uploads\/2022\/02\/Bosch-Rexroth-arbeitet-an-der-Fabrik-der-Zukunft_MQ.jpg","datePublished":"2022-02-08T08:19:01+00:00","dateModified":"2022-08-02T12:06:27+00:00","description":"L'usine du futur est hautement variable et connect\u00e9e. Au c\u0153ur de celle-ci se trouvent des solutions logicielles, automatis\u00e9es et interconnect\u00e9es.","breadcrumb":{"@id":"https:\/\/www.m-q.ch\/de\/bosch-rexroth-arbeitet-an-der-fabrik-der-zukunft\/#breadcrumb"},"inLanguage":"fr-FR","potentialAction":[{"@type":"ReadAction","target":["https:\/\/www.m-q.ch\/de\/bosch-rexroth-arbeitet-an-der-fabrik-der-zukunft\/"]}]},{"@type":"ImageObject","inLanguage":"fr-FR","@id":"https:\/\/www.m-q.ch\/de\/bosch-rexroth-arbeitet-an-der-fabrik-der-zukunft\/#primaryimage","url":"https:\/\/www.m-q.ch\/wp-content\/uploads\/2022\/02\/Bosch-Rexroth-arbeitet-an-der-Fabrik-der-Zukunft_MQ.jpg","contentUrl":"https:\/\/www.m-q.ch\/wp-content\/uploads\/2022\/02\/Bosch-Rexroth-arbeitet-an-der-Fabrik-der-Zukunft_MQ.jpg"},{"@type":"BreadcrumbList","@id":"https:\/\/www.m-q.ch\/de\/bosch-rexroth-arbeitet-an-der-fabrik-der-zukunft\/#breadcrumb","itemListElement":[{"@type":"ListItem","position":1,"name":"Home","item":"https:\/\/www.organisator.ch\/"},{"@type":"ListItem","position":2,"name":"Bosch Rexroth arbeitet an der Fabrik der Zukunft"}]},{"@type":"WebSite","@id":"https:\/\/www.organisator.ch\/#website","url":"https:\/\/www.organisator.ch\/","name":"Organisateur","description":"Comp\u00e9tence et comp\u00e9tence. Proches de la pratique. L'ORGANISATEUR pr\u00e9pare 10 num\u00e9ros par an sur les th\u00e8mes essentiels pour les dirigeants de PME.","publisher":{"@id":"https:\/\/www.organisator.ch\/#organization"},"potentialAction":[{"@type":"SearchAction","target":{"@type":"EntryPoint","urlTemplate":"https:\/\/www.organisator.ch\/?s={search_term_string}"},"query-input":{"@type":"PropertyValueSpecification","valueRequired":true,"valueName":"search_term_string"}}],"inLanguage":"fr-FR"},{"@type":"Organization","@id":"https:\/\/www.organisator.ch\/#organization","name":"Organisateur","url":"https:\/\/www.organisator.ch\/","logo":{"@type":"ImageObject","inLanguage":"fr-FR","@id":"https:\/\/www.organisator.ch\/#\/schema\/logo\/image\/","url":"https:\/\/www.organisator.ch\/wp-content\/uploads\/2022\/01\/Logo_Organisator_Website.png","contentUrl":"https:\/\/www.organisator.ch\/wp-content\/uploads\/2022\/01\/Logo_Organisator_Website.png","width":800,"height":77,"caption":"Organisator"},"image":{"@id":"https:\/\/www.organisator.ch\/#\/schema\/logo\/image\/"},"sameAs":["https:\/\/www.facebook.com\/OrganisatorFachmagazin","https:\/\/www.linkedin.com\/showcase\/organisator-das-magazin-fr-kmu","https:\/\/www.xing.com\/news\/pages\/organisator-ch-695","https:\/\/www.youtube.com\/channel\/UCGP2Sq0iWaZwT3BdIAQFYpw"]},{"@type":"Person","@id":"https:\/\/www.organisator.ch\/#\/schema\/person\/4e51799071cd2dd1232ac003643ef5f0","name":"galledia","image":{"@type":"ImageObject","inLanguage":"fr-FR","@id":"https:\/\/secure.gravatar.com\/avatar\/78a7f90c01fc2bfc875782a0d4922b37cde2cf184ce347b91316d23cd7f69a36?s=96&d=mm&r=g","url":"https:\/\/secure.gravatar.com\/avatar\/78a7f90c01fc2bfc875782a0d4922b37cde2cf184ce347b91316d23cd7f69a36?s=96&d=mm&r=g","contentUrl":"https:\/\/secure.gravatar.com\/avatar\/78a7f90c01fc2bfc875782a0d4922b37cde2cf184ce347b91316d23cd7f69a36?s=96&d=mm&r=g","caption":"galledia"},"sameAs":["https:\/\/x.com\/admin"],"url":"https:\/\/www.organisator.ch\/fr\/author\/galledia\/"}]}},"_links":{"self":[{"href":"https:\/\/www.organisator.ch\/fr\/wp-json\/wp\/v2\/posts\/11119","targetHints":{"allow":["GET"]}}],"collection":[{"href":"https:\/\/www.organisator.ch\/fr\/wp-json\/wp\/v2\/posts"}],"about":[{"href":"https:\/\/www.organisator.ch\/fr\/wp-json\/wp\/v2\/types\/post"}],"author":[{"embeddable":true,"href":"https:\/\/www.organisator.ch\/fr\/wp-json\/wp\/v2\/users\/8"}],"replies":[{"embeddable":true,"href":"https:\/\/www.organisator.ch\/fr\/wp-json\/wp\/v2\/comments?post=11119"}],"version-history":[{"count":5,"href":"https:\/\/www.organisator.ch\/fr\/wp-json\/wp\/v2\/posts\/11119\/revisions"}],"predecessor-version":[{"id":16204,"href":"https:\/\/www.organisator.ch\/fr\/wp-json\/wp\/v2\/posts\/11119\/revisions\/16204"}],"wp:attachment":[{"href":"https:\/\/www.organisator.ch\/fr\/wp-json\/wp\/v2\/media?parent=11119"}],"wp:term":[{"taxonomy":"category","embeddable":true,"href":"https:\/\/www.organisator.ch\/fr\/wp-json\/wp\/v2\/categories?post=11119"},{"taxonomy":"post_tag","embeddable":true,"href":"https:\/\/www.organisator.ch\/fr\/wp-json\/wp\/v2\/tags?post=11119"}],"curies":[{"name":"wp","href":"https:\/\/api.w.org\/{rel}","templated":true}]}}