{"id":11122,"date":"2022-01-28T14:20:11","date_gmt":"2022-01-28T13:20:11","guid":{"rendered":"https:\/\/www.m-q.ch\/?p=15840"},"modified":"2022-08-02T14:39:31","modified_gmt":"2022-08-02T12:39:31","slug":"datenschutztag-2022-die-3-2-1-1-0-regel-fuer-backups","status":"publish","type":"post","link":"https:\/\/www.organisator.ch\/fr\/operational-excellence\/2022-01-28\/datenschutztag-2022-die-3-2-1-1-0-regel-fuer-backups\/","title":{"rendered":"Journ\u00e9e de la protection des donn\u00e9es 2022 : la r\u00e8gle des 3-2-1-1-0 pour les sauvegardes"},"content":{"rendered":"<figure id=\"attachment_15841\" class=\"wp-caption alignnone\" style=\"width: 680px\" aria-describedby=\"caption-attachment-15841\"><img class=\"alignnone wp-image-15841 size-full\" src=\"https:\/\/www.m-q.ch\/wp-content\/uploads\/2022\/01\/Datenschutztag-2022-die-3-2-1-1-0-Regel-fuer-Backups_MQ.jpg\" alt=\"Journ\u00e9e de la protection des donn\u00e9es 2022\" width=\"680\" height=\"453\" \/><figcaption id=\"caption-attachment-15841\" class=\"wp-caption-text\">A l'occasion de la Journ\u00e9e de la protection des donn\u00e9es 2022, Rick Vanover, expert de Veeam, recommande vivement la r\u00e8gle du 3-2-1-1-0. (Image : Veeam)<\/figcaption><\/figure>\r\nLa nouvelle ann\u00e9e n'a que quelques semaines - et d\u00e9j\u00e0 de nombreux cas de ransomware sont \u00e0 nouveau connus. Le renforcement de la ligne de d\u00e9fense n'emp\u00eache pas forc\u00e9ment les attaques, mais d\u00e9molit le mod\u00e8le commercial des pirates. Les syst\u00e8mes attaqu\u00e9s sont en effet remis en ligne en l'espace de quelques minutes, avec les donn\u00e9es actuelles. C'est pourquoi la r\u00e8gle de sauvegarde \u00e9tendue 3-2-1-1-0 est \u00e0 privil\u00e9gier. Toutes les entreprises devraient l'introduire et l'appliquer en 2022. La r\u00e8gle 3-2-1-1-0 est consid\u00e9r\u00e9e comme une bonne pratique importante pour les entreprises qui souhaitent maintenir des niveaux de service tr\u00e8s \u00e9lev\u00e9s tout en se prot\u00e9geant contre les pertes de donn\u00e9es.\r\n<h2><strong>3 : Conservez au moins trois copies de vos donn\u00e9es<\/strong><\/h2>\r\nEn plus des donn\u00e9es primaires, il devrait y avoir au moins deux autres fichiers de sauvegarde pour \u00eatre suffisamment prot\u00e9g\u00e9. La probabilit\u00e9 que quelque chose \"tourne mal\" sur trois appareils en m\u00eame temps est beaucoup plus faible que sur deux appareils - surtout si, comme c'est souvent le cas, la sauvegarde primaire se trouve \u00e0 proximit\u00e9 des donn\u00e9es primaires. En cas de catastrophe, les donn\u00e9es primaires et la sauvegarde primaire pourraient \u00eatre perdues. La sauvegarde secondaire ne devrait donc pas se trouver \u00e0 proximit\u00e9 imm\u00e9diate des donn\u00e9es primaires.\r\n<h2><strong>2 : Enregistrer les sauvegardes sur deux supports diff\u00e9rents<\/strong><\/h2>\r\nIl est recommand\u00e9 de sauvegarder l'une des copies de sauvegarde sur un disque dur interne et l'autre copie sur un support de stockage amovible (bande, disque dur externe, stockage dans le nuage).\r\n\r\nSi les deux versions de la copie de sauvegarde sont conserv\u00e9es sur le m\u00eame type de support de stockage, le risque de perdre toutes les donn\u00e9es de sauvegarde en cas de panne ou de cyber-attaque augmente.\r\n\r\nUne autre solution consiste \u00e0 placer la sauvegarde primaire sur les disques durs internes d'un serveur physique et la sauvegarde secondaire sur les disques durs internes d'un NAS, les disques durs des deux syst\u00e8mes devant \u00eatre de marque, de taille et de type diff\u00e9rents.\r\n<h2><strong>1 : Conservez au moins une copie de sauvegarde en dehors du site.<\/strong><\/h2>\r\nAu moins une copie de sauvegarde ne devrait pas \u00eatre conserv\u00e9e \u00e0 l'endroit o\u00f9 se trouvent les donn\u00e9es primaires et la sauvegarde primaire. En effet, en cas de catastrophe (naturelle) - comme un incendie ou une inondation - tout ce qui se trouve \u00e0 cet endroit pourrait \u00eatre d\u00e9truit. Par cons\u00e9quent, si les donn\u00e9es primaires, la sauvegarde primaire et la sauvegarde secondaire sont toutes conserv\u00e9es dans le m\u00eame \u00e9tablissement, elles seront perdues \u00e0 jamais.\r\n\r\nLes entreprises qui ne disposent pas de plusieurs sites peuvent stocker une copie de leurs donn\u00e9es de sauvegarde dans un nuage priv\u00e9 via un fournisseur de services ou dans le nuage public.\r\n<h2><strong>1 : Enregistrez au moins une copie hors ligne<\/strong><\/h2>\r\nIl est recommand\u00e9 de conserver au moins une copie de sauvegarde hors ligne, c'est-\u00e0-dire s\u00e9par\u00e9e du r\u00e9seau et de toute infrastructure informatique. Des exemples de supports hors ligne sont les disques durs externes rotatifs USB, les bandes analogiques et les m\u00e9moires d'objets dont la fonctionnalit\u00e9 est l'inalt\u00e9rabilit\u00e9.\r\n\r\nEn effet, si un pirate informatique parvient \u00e0 acc\u00e9der \u00e0 l'environnement informatique, tout ce qui se trouve sur le r\u00e9seau est potentiellement vuln\u00e9rable. Pour prot\u00e9ger totalement les donn\u00e9es, la copie hors ligne doit \u00eatre prot\u00e9g\u00e9e par une cl\u00e9 de cryptage afin d'emp\u00eacher les menaces externes ou internes d'y acc\u00e9der via le r\u00e9seau. C'est ce que l'on appelle commun\u00e9ment la sauvegarde \"air-gapped\".\r\n<h2><strong>0 : Assurez-vous que vos sauvegardes sont exemptes d'erreurs<\/strong><\/h2>\r\nLa qualit\u00e9 des sauvegardes d\u00e9pend de la m\u00e9thode utilis\u00e9e pour les v\u00e9rifier. Premi\u00e8rement, les sauvegardes doivent \u00eatre surveill\u00e9es quotidiennement afin de d\u00e9tecter les erreurs et de les corriger le plus rapidement possible. Deuxi\u00e8mement, il convient de s'assurer que les donn\u00e9es peuvent \u00eatre restaur\u00e9es \u00e0 partir de la sauvegarde en effectuant des tests de restauration \u00e0 intervalles r\u00e9guliers.\r\n<h2>Adopter la r\u00e8gle du 3-2-1-1-0<\/h2>\r\nLa r\u00e8gle 3-2-1-1-0 est une \u00e9volution logique de la r\u00e8gle plus connue 3-2-1, con\u00e7ue par le photographe de renomm\u00e9e mondiale Peter Krogh. Cette r\u00e8gle originale stipule qu'il faut toujours conserver trois copies des donn\u00e9es sur deux supports diff\u00e9rents et une copie hors site. Compte tenu de l'ampleur et de la diversit\u00e9 des menaces qui p\u00e8sent sur la continuit\u00e9 des activit\u00e9s dans l'\u00e9conomie num\u00e9rique, cette directive devrait \u00eatre consid\u00e9r\u00e9e comme un point de d\u00e9part. Pour atteindre le haut niveau de r\u00e9silience exig\u00e9 par le paysage des menaces de plus en plus volatile, les entreprises doivent ajouter un 1 et un 0 suppl\u00e9mentaires. Non seulement une copie doit \u00eatre conserv\u00e9e en dehors de l'entreprise, mais une copie hors ligne doit \u00e9galement \u00eatre cr\u00e9\u00e9e, qui est inalt\u00e9rable - en gardant toujours \u00e0 l'esprit qu'il ne doit pas y avoir de surprises dues \u00e0 des erreurs lors de la r\u00e9cup\u00e9ration des donn\u00e9es. Il faut donc utiliser une solution de v\u00e9rification de la restauration pour \u00eatre s\u00fbr que toutes les donn\u00e9es stock\u00e9es peuvent \u00eatre int\u00e9gralement restaur\u00e9es dans les plus brefs d\u00e9lais.\r\n\r\n<em>Source : <a href=\"http:\/\/www.veeam.com\/\">Veeam<\/a><\/em>\r\n\r\nLa contribution <a href=\"https:\/\/www.m-q.ch\/de\/datenschutztag-2022-die-3-2-1-1-0-regel-fuer-backups\/\" rel=\"nofollow\">Journ\u00e9e de la protection des donn\u00e9es 2022 : la r\u00e8gle des 3-2-1-1-0 pour les sauvegardes<\/a> est d'abord apparu sur <a href=\"https:\/\/www.m-q.ch\/de\/\" rel=\"nofollow\">MQ Gestion et qualit\u00e9<\/a>.\n<p class=\"syndicated-attribution\">Cet article est paru initialement sur m-q.ch - <a href=\"https:\/\/www.m-q.ch\/de\/datenschutztag-2022-die-3-2-1-1-0-regel-fuer-backups\/\" target=\"_blank\">https:\/\/www.m-q.ch\/de\/datenschutztag-2022-die-3-2-1-1-0-regel-fuer-backups\/<\/a><\/p>","protected":false},"excerpt":{"rendered":"<p>Das neue Jahr ist erst wenige Wochen alt \u2013 und bereits sind wieder zahlreiche Ransomware-F\u00e4lle bekannt. Die St\u00e4rkung der Verteidigungslinie verhindert zwar nicht unbedingt Attacken, sondern demoliert das Gesch\u00e4ftsmodell der Hacker. Angegriffene Systeme sind n\u00e4mlich innert Minuten wieder online, mit aktuellem Datenbestand. Deshalb ist die erweiterte 3-2-1-1-0 Backup-Regel zu favorisieren. Alle Unternehmen sollten diese 2022 [\u2026]<\/p>\n<p>Der Beitrag <a rel=\"nofollow\" href=\"https:\/\/www.m-q.ch\/de\/datenschutztag-2022-die-3-2-1-1-0-regel-fuer-backups\/\">Datenschutztag 2022: die 3-2-1-1-0 Regel f\u00fcr Backups<\/a> erschien zuerst auf <a rel=\"nofollow\" href=\"https:\/\/www.m-q.ch\/de\/\">MQ Management und Qualit\u00e4t<\/a>.<\/p>\n","protected":false},"author":8,"featured_media":0,"comment_status":"closed","ping_status":"closed","sticky":false,"template":"","format":"standard","meta":{"_acf_changed":false,"_yoast_wpseo_focuskw":"Datenschutztag 2022","_yoast_wpseo_metadesc":"28. Januar 2022: der j\u00e4hrliche Datenschutztag ist ein guter Anlass, um die 3-2-1-1-0 Regel in Erinnerung zu rufen.","articlekey":"","footnotes":""},"categories":[582],"tags":[3276],"class_list":["post-11122","post","type-post","status-publish","format-standard","hentry","category-operational-excellence","tag-datenschutztag-2022"],"acf":[],"yoast_head":"<!-- This site is optimized with the Yoast SEO plugin v27.4 - https:\/\/yoast.com\/product\/yoast-seo-wordpress\/ -->\n<title>Datenschutztag 2022: die 3-2-1-1-0 Regel f\u00fcr Backups - Organisator<\/title>\n<meta name=\"description\" content=\"28. Januar 2022: der j\u00e4hrliche Datenschutztag ist ein guter Anlass, um die 3-2-1-1-0 Regel in Erinnerung zu rufen.\" \/>\n<meta name=\"robots\" content=\"index, follow, max-snippet:-1, max-image-preview:large, max-video-preview:-1\" \/>\n<link rel=\"canonical\" href=\"https:\/\/www.m-q.ch\/de\/datenschutztag-2022-die-3-2-1-1-0-regel-fuer-backups\/\" \/>\n<meta property=\"og:locale\" content=\"fr_FR\" \/>\n<meta property=\"og:type\" content=\"article\" \/>\n<meta property=\"og:title\" content=\"Datenschutztag 2022: die 3-2-1-1-0 Regel f\u00fcr Backups - Organisator\" \/>\n<meta property=\"og:description\" content=\"28. Januar 2022: der j\u00e4hrliche Datenschutztag ist ein guter Anlass, um die 3-2-1-1-0 Regel in Erinnerung zu rufen.\" \/>\n<meta property=\"og:url\" content=\"https:\/\/www.m-q.ch\/de\/datenschutztag-2022-die-3-2-1-1-0-regel-fuer-backups\/\" \/>\n<meta property=\"og:site_name\" content=\"Organisator\" \/>\n<meta property=\"article:publisher\" content=\"https:\/\/www.facebook.com\/OrganisatorFachmagazin\" \/>\n<meta property=\"article:published_time\" content=\"2022-01-28T13:20:11+00:00\" \/>\n<meta property=\"article:modified_time\" content=\"2022-08-02T12:39:31+00:00\" \/>\n<meta property=\"og:image\" content=\"https:\/\/www.m-q.ch\/wp-content\/uploads\/2022\/01\/Datenschutztag-2022-die-3-2-1-1-0-Regel-fuer-Backups_MQ.jpg\" \/>\n<meta name=\"author\" content=\"galledia\" \/>\n<meta name=\"twitter:card\" content=\"summary_large_image\" \/>\n<meta name=\"twitter:creator\" content=\"@admin\" \/>\n<script type=\"application\/ld+json\" class=\"yoast-schema-graph\">{\"@context\":\"https:\\\/\\\/schema.org\",\"@graph\":[{\"@type\":\"Article\",\"@id\":\"https:\\\/\\\/www.m-q.ch\\\/de\\\/datenschutztag-2022-die-3-2-1-1-0-regel-fuer-backups\\\/#article\",\"isPartOf\":{\"@id\":\"https:\\\/\\\/www.organisator.ch\\\/operational-excellence\\\/2022-01-28\\\/datenschutztag-2022-die-3-2-1-1-0-regel-fuer-backups\\\/\"},\"author\":{\"name\":\"galledia\",\"@id\":\"https:\\\/\\\/www.organisator.ch\\\/#\\\/schema\\\/person\\\/4e51799071cd2dd1232ac003643ef5f0\"},\"headline\":\"Datenschutztag 2022: die 3-2-1-1-0 Regel f\u00fcr Backups\",\"datePublished\":\"2022-01-28T13:20:11+00:00\",\"dateModified\":\"2022-08-02T12:39:31+00:00\",\"mainEntityOfPage\":{\"@id\":\"https:\\\/\\\/www.organisator.ch\\\/operational-excellence\\\/2022-01-28\\\/datenschutztag-2022-die-3-2-1-1-0-regel-fuer-backups\\\/\"},\"wordCount\":773,\"publisher\":{\"@id\":\"https:\\\/\\\/www.organisator.ch\\\/#organization\"},\"image\":{\"@id\":\"https:\\\/\\\/www.m-q.ch\\\/de\\\/datenschutztag-2022-die-3-2-1-1-0-regel-fuer-backups\\\/#primaryimage\"},\"thumbnailUrl\":\"https:\\\/\\\/www.m-q.ch\\\/wp-content\\\/uploads\\\/2022\\\/01\\\/Datenschutztag-2022-die-3-2-1-1-0-Regel-fuer-Backups_MQ.jpg\",\"keywords\":[\"Datenschutztag 2022\"],\"articleSection\":[\"OPERATIONAL EXCELLENCE\"],\"inLanguage\":\"fr-FR\"},{\"@type\":\"WebPage\",\"@id\":\"https:\\\/\\\/www.organisator.ch\\\/operational-excellence\\\/2022-01-28\\\/datenschutztag-2022-die-3-2-1-1-0-regel-fuer-backups\\\/\",\"url\":\"https:\\\/\\\/www.m-q.ch\\\/de\\\/datenschutztag-2022-die-3-2-1-1-0-regel-fuer-backups\\\/\",\"name\":\"Datenschutztag 2022: die 3-2-1-1-0 Regel f\u00fcr Backups - Organisator\",\"isPartOf\":{\"@id\":\"https:\\\/\\\/www.organisator.ch\\\/#website\"},\"primaryImageOfPage\":{\"@id\":\"https:\\\/\\\/www.m-q.ch\\\/de\\\/datenschutztag-2022-die-3-2-1-1-0-regel-fuer-backups\\\/#primaryimage\"},\"image\":{\"@id\":\"https:\\\/\\\/www.m-q.ch\\\/de\\\/datenschutztag-2022-die-3-2-1-1-0-regel-fuer-backups\\\/#primaryimage\"},\"thumbnailUrl\":\"https:\\\/\\\/www.m-q.ch\\\/wp-content\\\/uploads\\\/2022\\\/01\\\/Datenschutztag-2022-die-3-2-1-1-0-Regel-fuer-Backups_MQ.jpg\",\"datePublished\":\"2022-01-28T13:20:11+00:00\",\"dateModified\":\"2022-08-02T12:39:31+00:00\",\"description\":\"28. Januar 2022: der j\u00e4hrliche Datenschutztag ist ein guter Anlass, um die 3-2-1-1-0 Regel in Erinnerung zu rufen.\",\"breadcrumb\":{\"@id\":\"https:\\\/\\\/www.m-q.ch\\\/de\\\/datenschutztag-2022-die-3-2-1-1-0-regel-fuer-backups\\\/#breadcrumb\"},\"inLanguage\":\"fr-FR\",\"potentialAction\":[{\"@type\":\"ReadAction\",\"target\":[\"https:\\\/\\\/www.m-q.ch\\\/de\\\/datenschutztag-2022-die-3-2-1-1-0-regel-fuer-backups\\\/\"]}]},{\"@type\":\"ImageObject\",\"inLanguage\":\"fr-FR\",\"@id\":\"https:\\\/\\\/www.m-q.ch\\\/de\\\/datenschutztag-2022-die-3-2-1-1-0-regel-fuer-backups\\\/#primaryimage\",\"url\":\"https:\\\/\\\/www.m-q.ch\\\/wp-content\\\/uploads\\\/2022\\\/01\\\/Datenschutztag-2022-die-3-2-1-1-0-Regel-fuer-Backups_MQ.jpg\",\"contentUrl\":\"https:\\\/\\\/www.m-q.ch\\\/wp-content\\\/uploads\\\/2022\\\/01\\\/Datenschutztag-2022-die-3-2-1-1-0-Regel-fuer-Backups_MQ.jpg\"},{\"@type\":\"BreadcrumbList\",\"@id\":\"https:\\\/\\\/www.m-q.ch\\\/de\\\/datenschutztag-2022-die-3-2-1-1-0-regel-fuer-backups\\\/#breadcrumb\",\"itemListElement\":[{\"@type\":\"ListItem\",\"position\":1,\"name\":\"Home\",\"item\":\"https:\\\/\\\/www.organisator.ch\\\/\"},{\"@type\":\"ListItem\",\"position\":2,\"name\":\"Datenschutztag 2022: die 3-2-1-1-0 Regel f\u00fcr Backups\"}]},{\"@type\":\"WebSite\",\"@id\":\"https:\\\/\\\/www.organisator.ch\\\/#website\",\"url\":\"https:\\\/\\\/www.organisator.ch\\\/\",\"name\":\"Organisator\",\"description\":\"Kompetent. Praxisnah. Der ORGANISATOR bereitet in 10 Ausgaben pro Jahr die wesentlichen Themen f\u00fcr F\u00fchrungskr\u00e4fte von KMU auf.\",\"publisher\":{\"@id\":\"https:\\\/\\\/www.organisator.ch\\\/#organization\"},\"potentialAction\":[{\"@type\":\"SearchAction\",\"target\":{\"@type\":\"EntryPoint\",\"urlTemplate\":\"https:\\\/\\\/www.organisator.ch\\\/?s={search_term_string}\"},\"query-input\":{\"@type\":\"PropertyValueSpecification\",\"valueRequired\":true,\"valueName\":\"search_term_string\"}}],\"inLanguage\":\"fr-FR\"},{\"@type\":\"Organization\",\"@id\":\"https:\\\/\\\/www.organisator.ch\\\/#organization\",\"name\":\"Organisator\",\"url\":\"https:\\\/\\\/www.organisator.ch\\\/\",\"logo\":{\"@type\":\"ImageObject\",\"inLanguage\":\"fr-FR\",\"@id\":\"https:\\\/\\\/www.organisator.ch\\\/#\\\/schema\\\/logo\\\/image\\\/\",\"url\":\"https:\\\/\\\/www.organisator.ch\\\/wp-content\\\/uploads\\\/2022\\\/01\\\/Logo_Organisator_Website.png\",\"contentUrl\":\"https:\\\/\\\/www.organisator.ch\\\/wp-content\\\/uploads\\\/2022\\\/01\\\/Logo_Organisator_Website.png\",\"width\":800,\"height\":77,\"caption\":\"Organisator\"},\"image\":{\"@id\":\"https:\\\/\\\/www.organisator.ch\\\/#\\\/schema\\\/logo\\\/image\\\/\"},\"sameAs\":[\"https:\\\/\\\/www.facebook.com\\\/OrganisatorFachmagazin\",\"https:\\\/\\\/www.linkedin.com\\\/showcase\\\/organisator-das-magazin-fr-kmu\",\"https:\\\/\\\/www.xing.com\\\/news\\\/pages\\\/organisator-ch-695\",\"https:\\\/\\\/www.youtube.com\\\/channel\\\/UCGP2Sq0iWaZwT3BdIAQFYpw\"]},{\"@type\":\"Person\",\"@id\":\"https:\\\/\\\/www.organisator.ch\\\/#\\\/schema\\\/person\\\/4e51799071cd2dd1232ac003643ef5f0\",\"name\":\"galledia\",\"image\":{\"@type\":\"ImageObject\",\"inLanguage\":\"fr-FR\",\"@id\":\"https:\\\/\\\/secure.gravatar.com\\\/avatar\\\/78a7f90c01fc2bfc875782a0d4922b37cde2cf184ce347b91316d23cd7f69a36?s=96&d=mm&r=g\",\"url\":\"https:\\\/\\\/secure.gravatar.com\\\/avatar\\\/78a7f90c01fc2bfc875782a0d4922b37cde2cf184ce347b91316d23cd7f69a36?s=96&d=mm&r=g\",\"contentUrl\":\"https:\\\/\\\/secure.gravatar.com\\\/avatar\\\/78a7f90c01fc2bfc875782a0d4922b37cde2cf184ce347b91316d23cd7f69a36?s=96&d=mm&r=g\",\"caption\":\"galledia\"},\"sameAs\":[\"https:\\\/\\\/x.com\\\/admin\"],\"url\":\"https:\\\/\\\/www.organisator.ch\\\/fr\\\/author\\\/galledia\\\/\"}]}<\/script>\n<!-- \/ Yoast SEO plugin. -->","yoast_head_json":{"title":"Journ\u00e9e de la protection des donn\u00e9es 2022 : la r\u00e8gle des 3-2-1-1-0 pour les sauvegardes - Organisateur","description":"28 janvier 2022 : la journ\u00e9e annuelle de la protection des donn\u00e9es est une bonne occasion de rappeler la r\u00e8gle des 3-2-1-1-0.","robots":{"index":"index","follow":"follow","max-snippet":"max-snippet:-1","max-image-preview":"max-image-preview:large","max-video-preview":"max-video-preview:-1"},"canonical":"https:\/\/www.m-q.ch\/de\/datenschutztag-2022-die-3-2-1-1-0-regel-fuer-backups\/","og_locale":"fr_FR","og_type":"article","og_title":"Datenschutztag 2022: die 3-2-1-1-0 Regel f\u00fcr Backups - Organisator","og_description":"28. Januar 2022: der j\u00e4hrliche Datenschutztag ist ein guter Anlass, um die 3-2-1-1-0 Regel in Erinnerung zu rufen.","og_url":"https:\/\/www.m-q.ch\/de\/datenschutztag-2022-die-3-2-1-1-0-regel-fuer-backups\/","og_site_name":"Organisator","article_publisher":"https:\/\/www.facebook.com\/OrganisatorFachmagazin","article_published_time":"2022-01-28T13:20:11+00:00","article_modified_time":"2022-08-02T12:39:31+00:00","og_image":[{"url":"https:\/\/www.m-q.ch\/wp-content\/uploads\/2022\/01\/Datenschutztag-2022-die-3-2-1-1-0-Regel-fuer-Backups_MQ.jpg","type":"","width":"","height":""}],"author":"galledia","twitter_card":"summary_large_image","twitter_creator":"@admin","schema":{"@context":"https:\/\/schema.org","@graph":[{"@type":"Article","@id":"https:\/\/www.m-q.ch\/de\/datenschutztag-2022-die-3-2-1-1-0-regel-fuer-backups\/#article","isPartOf":{"@id":"https:\/\/www.organisator.ch\/operational-excellence\/2022-01-28\/datenschutztag-2022-die-3-2-1-1-0-regel-fuer-backups\/"},"author":{"name":"galledia","@id":"https:\/\/www.organisator.ch\/#\/schema\/person\/4e51799071cd2dd1232ac003643ef5f0"},"headline":"Datenschutztag 2022: die 3-2-1-1-0 Regel f\u00fcr Backups","datePublished":"2022-01-28T13:20:11+00:00","dateModified":"2022-08-02T12:39:31+00:00","mainEntityOfPage":{"@id":"https:\/\/www.organisator.ch\/operational-excellence\/2022-01-28\/datenschutztag-2022-die-3-2-1-1-0-regel-fuer-backups\/"},"wordCount":773,"publisher":{"@id":"https:\/\/www.organisator.ch\/#organization"},"image":{"@id":"https:\/\/www.m-q.ch\/de\/datenschutztag-2022-die-3-2-1-1-0-regel-fuer-backups\/#primaryimage"},"thumbnailUrl":"https:\/\/www.m-q.ch\/wp-content\/uploads\/2022\/01\/Datenschutztag-2022-die-3-2-1-1-0-Regel-fuer-Backups_MQ.jpg","keywords":["Datenschutztag 2022"],"articleSection":["OPERATIONAL EXCELLENCE"],"inLanguage":"fr-FR"},{"@type":"WebPage","@id":"https:\/\/www.organisator.ch\/operational-excellence\/2022-01-28\/datenschutztag-2022-die-3-2-1-1-0-regel-fuer-backups\/","url":"https:\/\/www.m-q.ch\/de\/datenschutztag-2022-die-3-2-1-1-0-regel-fuer-backups\/","name":"Journ\u00e9e de la protection des donn\u00e9es 2022 : la r\u00e8gle des 3-2-1-1-0 pour les sauvegardes - Organisateur","isPartOf":{"@id":"https:\/\/www.organisator.ch\/#website"},"primaryImageOfPage":{"@id":"https:\/\/www.m-q.ch\/de\/datenschutztag-2022-die-3-2-1-1-0-regel-fuer-backups\/#primaryimage"},"image":{"@id":"https:\/\/www.m-q.ch\/de\/datenschutztag-2022-die-3-2-1-1-0-regel-fuer-backups\/#primaryimage"},"thumbnailUrl":"https:\/\/www.m-q.ch\/wp-content\/uploads\/2022\/01\/Datenschutztag-2022-die-3-2-1-1-0-Regel-fuer-Backups_MQ.jpg","datePublished":"2022-01-28T13:20:11+00:00","dateModified":"2022-08-02T12:39:31+00:00","description":"28 janvier 2022 : la journ\u00e9e annuelle de la protection des donn\u00e9es est une bonne occasion de rappeler la r\u00e8gle des 3-2-1-1-0.","breadcrumb":{"@id":"https:\/\/www.m-q.ch\/de\/datenschutztag-2022-die-3-2-1-1-0-regel-fuer-backups\/#breadcrumb"},"inLanguage":"fr-FR","potentialAction":[{"@type":"ReadAction","target":["https:\/\/www.m-q.ch\/de\/datenschutztag-2022-die-3-2-1-1-0-regel-fuer-backups\/"]}]},{"@type":"ImageObject","inLanguage":"fr-FR","@id":"https:\/\/www.m-q.ch\/de\/datenschutztag-2022-die-3-2-1-1-0-regel-fuer-backups\/#primaryimage","url":"https:\/\/www.m-q.ch\/wp-content\/uploads\/2022\/01\/Datenschutztag-2022-die-3-2-1-1-0-Regel-fuer-Backups_MQ.jpg","contentUrl":"https:\/\/www.m-q.ch\/wp-content\/uploads\/2022\/01\/Datenschutztag-2022-die-3-2-1-1-0-Regel-fuer-Backups_MQ.jpg"},{"@type":"BreadcrumbList","@id":"https:\/\/www.m-q.ch\/de\/datenschutztag-2022-die-3-2-1-1-0-regel-fuer-backups\/#breadcrumb","itemListElement":[{"@type":"ListItem","position":1,"name":"Home","item":"https:\/\/www.organisator.ch\/"},{"@type":"ListItem","position":2,"name":"Datenschutztag 2022: die 3-2-1-1-0 Regel f\u00fcr Backups"}]},{"@type":"WebSite","@id":"https:\/\/www.organisator.ch\/#website","url":"https:\/\/www.organisator.ch\/","name":"Organisateur","description":"Comp\u00e9tence et comp\u00e9tence. Proches de la pratique. L'ORGANISATEUR pr\u00e9pare 10 num\u00e9ros par an sur les th\u00e8mes essentiels pour les dirigeants de PME.","publisher":{"@id":"https:\/\/www.organisator.ch\/#organization"},"potentialAction":[{"@type":"SearchAction","target":{"@type":"EntryPoint","urlTemplate":"https:\/\/www.organisator.ch\/?s={search_term_string}"},"query-input":{"@type":"PropertyValueSpecification","valueRequired":true,"valueName":"search_term_string"}}],"inLanguage":"fr-FR"},{"@type":"Organization","@id":"https:\/\/www.organisator.ch\/#organization","name":"Organisateur","url":"https:\/\/www.organisator.ch\/","logo":{"@type":"ImageObject","inLanguage":"fr-FR","@id":"https:\/\/www.organisator.ch\/#\/schema\/logo\/image\/","url":"https:\/\/www.organisator.ch\/wp-content\/uploads\/2022\/01\/Logo_Organisator_Website.png","contentUrl":"https:\/\/www.organisator.ch\/wp-content\/uploads\/2022\/01\/Logo_Organisator_Website.png","width":800,"height":77,"caption":"Organisator"},"image":{"@id":"https:\/\/www.organisator.ch\/#\/schema\/logo\/image\/"},"sameAs":["https:\/\/www.facebook.com\/OrganisatorFachmagazin","https:\/\/www.linkedin.com\/showcase\/organisator-das-magazin-fr-kmu","https:\/\/www.xing.com\/news\/pages\/organisator-ch-695","https:\/\/www.youtube.com\/channel\/UCGP2Sq0iWaZwT3BdIAQFYpw"]},{"@type":"Person","@id":"https:\/\/www.organisator.ch\/#\/schema\/person\/4e51799071cd2dd1232ac003643ef5f0","name":"galledia","image":{"@type":"ImageObject","inLanguage":"fr-FR","@id":"https:\/\/secure.gravatar.com\/avatar\/78a7f90c01fc2bfc875782a0d4922b37cde2cf184ce347b91316d23cd7f69a36?s=96&d=mm&r=g","url":"https:\/\/secure.gravatar.com\/avatar\/78a7f90c01fc2bfc875782a0d4922b37cde2cf184ce347b91316d23cd7f69a36?s=96&d=mm&r=g","contentUrl":"https:\/\/secure.gravatar.com\/avatar\/78a7f90c01fc2bfc875782a0d4922b37cde2cf184ce347b91316d23cd7f69a36?s=96&d=mm&r=g","caption":"galledia"},"sameAs":["https:\/\/x.com\/admin"],"url":"https:\/\/www.organisator.ch\/fr\/author\/galledia\/"}]}},"_links":{"self":[{"href":"https:\/\/www.organisator.ch\/fr\/wp-json\/wp\/v2\/posts\/11122","targetHints":{"allow":["GET"]}}],"collection":[{"href":"https:\/\/www.organisator.ch\/fr\/wp-json\/wp\/v2\/posts"}],"about":[{"href":"https:\/\/www.organisator.ch\/fr\/wp-json\/wp\/v2\/types\/post"}],"author":[{"embeddable":true,"href":"https:\/\/www.organisator.ch\/fr\/wp-json\/wp\/v2\/users\/8"}],"replies":[{"embeddable":true,"href":"https:\/\/www.organisator.ch\/fr\/wp-json\/wp\/v2\/comments?post=11122"}],"version-history":[{"count":4,"href":"https:\/\/www.organisator.ch\/fr\/wp-json\/wp\/v2\/posts\/11122\/revisions"}],"predecessor-version":[{"id":16222,"href":"https:\/\/www.organisator.ch\/fr\/wp-json\/wp\/v2\/posts\/11122\/revisions\/16222"}],"wp:attachment":[{"href":"https:\/\/www.organisator.ch\/fr\/wp-json\/wp\/v2\/media?parent=11122"}],"wp:term":[{"taxonomy":"category","embeddable":true,"href":"https:\/\/www.organisator.ch\/fr\/wp-json\/wp\/v2\/categories?post=11122"},{"taxonomy":"post_tag","embeddable":true,"href":"https:\/\/www.organisator.ch\/fr\/wp-json\/wp\/v2\/tags?post=11122"}],"curies":[{"name":"wp","href":"https:\/\/api.w.org\/{rel}","templated":true}]}}