{"id":1115,"date":"2016-10-26T15:45:52","date_gmt":"2016-10-26T13:45:52","guid":{"rendered":"http:\/\/dev.organisator.ch\/?p=1115"},"modified":"2016-10-26T15:45:52","modified_gmt":"2016-10-26T13:45:52","slug":"zeitintensive-arbeiten-in-die-cloud-auslagern","status":"publish","type":"post","link":"https:\/\/www.organisator.ch\/fr\/management\/it\/2016-10-26\/zeitintensive-arbeiten-in-die-cloud-auslagern\/","title":{"rendered":"Externaliser les t\u00e2ches chronophages dans le cloud"},"content":{"rendered":"<figure id=\"attachment_1116\" aria-describedby=\"caption-attachment-1116\" style=\"width: 680px\" class=\"wp-caption alignnone\"><a href=\"https:\/\/www.organisator.ch\/wp-content\/uploads\/2016\/12\/Zeitintensive-Arbeiten-in-die-Cloud-auslagern-organisator.jpg\"><img loading=\"lazy\" decoding=\"async\" class=\"size-medium wp-image-1116\" src=\"https:\/\/organisator.ch\/wp-content\/uploads\/2016\/12\/Zeitintensive-Arbeiten-in-die-Cloud-auslagern-organisator.jpg\" alt=\"\" width=\"680\" height=\"454\" srcset=\"https:\/\/www.organisator.ch\/wp-content\/uploads\/2016\/12\/Zeitintensive-Arbeiten-in-die-Cloud-auslagern-organisator.jpg 1000w, https:\/\/www.organisator.ch\/wp-content\/uploads\/2016\/12\/Zeitintensive-Arbeiten-in-die-Cloud-auslagern-organisator-680x454.jpg 680w, https:\/\/www.organisator.ch\/wp-content\/uploads\/2016\/12\/Zeitintensive-Arbeiten-in-die-Cloud-auslagern-organisator-768x512.jpg 768w, https:\/\/www.organisator.ch\/wp-content\/uploads\/2016\/12\/Zeitintensive-Arbeiten-in-die-Cloud-auslagern-organisator-16x12.jpg 16w, https:\/\/www.organisator.ch\/wp-content\/uploads\/2016\/12\/Zeitintensive-Arbeiten-in-die-Cloud-auslagern-organisator-262x175.jpg 262w, https:\/\/www.organisator.ch\/wp-content\/uploads\/2016\/12\/Zeitintensive-Arbeiten-in-die-Cloud-auslagern-organisator-525x350.jpg 525w, https:\/\/www.organisator.ch\/wp-content\/uploads\/2016\/12\/Zeitintensive-Arbeiten-in-die-Cloud-auslagern-organisator-920x614.jpg 920w, https:\/\/www.organisator.ch\/wp-content\/uploads\/2016\/12\/Zeitintensive-Arbeiten-in-die-Cloud-auslagern-organisator-300x200.jpg 300w\" sizes=\"auto, (max-width: 680px) 100vw, 680px\" \/><\/a><figcaption id=\"caption-attachment-1116\" class=\"wp-caption-text\">Externaliser les t\u00e2ches chronophages dans le cloud<\/figcaption><\/figure>\n<p><strong>Un mod\u00e8le de libre-service plut\u00f4t qu'un helpdesk<\/strong><\/p>\n<p>Les sp\u00e9cialistes informatiques des PME consacrent beaucoup de temps \u00e0 la r\u00e9solution des probl\u00e8mes des clients et des collaborateurs internes. Qu'il s'agisse de r\u00e9initialiser des mots de passe ou de rendre \u00e0 nouveau fonctionnels des comptes de messagerie bloqu\u00e9s : Pour d\u00e9charger le sp\u00e9cialiste informatique, de tels services peuvent \u00eatre externalis\u00e9s et pris en charge par le sp\u00e9cialiste du cloud. Gr\u00e2ce \u00e0 la mise en place de plateformes de libre-service, les collaborateurs et les clients b\u00e9n\u00e9ficient d'une plus grande autonomie et peuvent effectuer eux-m\u00eames des t\u00e2ches simples. Cela permet d'\u00e9viter les incidents, de r\u00e9duire les co\u00fbts et de permettre au personnel informatique de se consacrer \u00e0 nouveau \u00e0 des t\u00e2ches plus complexes. En outre, il est int\u00e9ressant d'externaliser les t\u00e2ches chronophages dans le cloud. Le meilleur exemple est la migration du serveur de messagerie vers le cloud : la sauvegarde est de la responsabilit\u00e9 du partenaire cloud, et l'externalisation permet de soulager les besoins internes de stockage et de r\u00e9duire la probabilit\u00e9 d'un crash du serveur.<\/p>\n<p><strong>\"Managed Cloud\" comme mot magique<\/strong><\/p>\n<p>Les petites et moyennes entreprises emploient souvent un g\u00e9n\u00e9raliste qui s'occupe de tous les aspects du cloud. Pour un sp\u00e9cialiste suppl\u00e9mentaire qui s'occupe par exemple de la s\u00e9curit\u00e9, du big data ou de la boutique en ligne, l'argent manque, ce qui n'est pas sans cons\u00e9quence. Des ressources limit\u00e9es peuvent avoir pour cons\u00e9quence qu'en cas d'urgence, il n'est pas possible de r\u00e9agir assez rapidement \u00e0 une faille de s\u00e9curit\u00e9 ou que la client\u00e8le ne re\u00e7oit pas le service souhait\u00e9 dans la boutique en ligne. C'est l\u00e0 qu'intervient le \"Managed Cloud\" : une solution parfaitement adapt\u00e9e aux besoins de la PME, cr\u00e9\u00e9e et exploit\u00e9e par le fournisseur de cloud. L'entreprise dispose d'un interlocuteur personnel disponible \u00e0 tout moment, ce qui lui permet de se concentrer sur son activit\u00e9 principale sans avoir \u00e0 s'occuper des d\u00e9tails techniques.<\/p>\n<p><strong>Mod\u00e8les de facturation transparents<\/strong><\/p>\n<p>Les avantages du cloud sont \u00e9vidents. Mais il faut un partenaire de confiance et comp\u00e9tent. Il est important qu'il ne facture que les prestations effectivement acquises. Cela signifie que la PME n'ach\u00e8te que l'infrastructure n\u00e9cessaire pour que l'acc\u00e8s soit s\u00e9curis\u00e9 et que les pics de volume puissent \u00eatre enti\u00e8rement couverts. Si la charge de travail est plus \u00e9lev\u00e9e, des ressources suppl\u00e9mentaires sont lib\u00e9r\u00e9es et les prestations sont augment\u00e9es. La facturation se fait \u00e0 l'heure. Dans ce cas, il vaut la peine de collaborer avec un fournisseur de cloud international qui peut, si n\u00e9cessaire, mettre \u00e0 disposition les ressources n\u00e9cessaires - que ce soit dans le pays ou \u00e0 l'\u00e9tranger - sans probl\u00e8me et instantan\u00e9ment.<\/p>\n<p>rackspace\u00a0<a href=\"https:\/\/www.rackspace.com\/de\" target=\"_blank\" rel=\"noopener\">https:\/\/www.rackspace.com\/de<\/a><\/p>","protected":false},"excerpt":{"rendered":"<p>Self-Service-Modell statt Helpdesk IT-Spezialisten in KMU wenden viel Zeit auf, um Probleme von Kunden und internen Mitarbeitenden zu l\u00f6sen. Ob Passw\u00f6rter zur\u00fcckzusetzen oder blockierte E-Mail-Konten wieder funktionsf\u00e4hig zu machen: Um den IT-Spezialisten zu entlasten, k\u00f6nnen solche Dienstleistungen ausgelagert und vom Cloud-Spezialisten \u00fcbernommen werden. Durch den Aufbau von Self-Service-Plattformen erhalten Mitarbeitende und Kunden mehr Autonomie und [&hellip;]<\/p>\n","protected":false},"author":8,"featured_media":1116,"comment_status":"open","ping_status":"open","sticky":false,"template":"","format":"standard","meta":{"_acf_changed":false,"_yoast_wpseo_focuskw":"Zeitintensive Arbeiten in die Cloud auslagern","_yoast_wpseo_metadesc":"IT-Abteilungen von KMU fehlt es oft an Ressourcen f\u00fcr strategische Aufgaben, agiert wird vor allem reaktiv, neue L\u00f6sungen und Innovationen kommen schlicht zu kurz. Das muss nicht sein, denn mehrere Alternativen zum traditionellen Outsourcing helfen den KMU, auch in einem kompetitiven Umfeld langfristig zu bestehen. L\u00f6sungsm\u00f6glichkeiten bietet hierzu auch die Cloud.","articlekey":"","footnotes":""},"categories":[27],"tags":[286],"class_list":["post-1115","post","type-post","status-publish","format-standard","has-post-thumbnail","hentry","category-it","tag-it"],"acf":[],"yoast_head":"<!-- This site is optimized with the Yoast SEO plugin v27.5 - https:\/\/yoast.com\/product\/yoast-seo-wordpress\/ -->\n<title>Zeitintensive Arbeiten in die Cloud auslagern - Organisator<\/title>\n<meta name=\"description\" content=\"IT-Abteilungen von KMU fehlt es oft an Ressourcen f\u00fcr strategische Aufgaben, agiert wird vor allem reaktiv, neue L\u00f6sungen und Innovationen kommen schlicht zu kurz. Das muss nicht sein, denn mehrere Alternativen zum traditionellen Outsourcing helfen den KMU, auch in einem kompetitiven Umfeld langfristig zu bestehen. L\u00f6sungsm\u00f6glichkeiten bietet hierzu auch die Cloud.\" \/>\n<meta name=\"robots\" content=\"index, follow, max-snippet:-1, max-image-preview:large, max-video-preview:-1\" \/>\n<link rel=\"canonical\" href=\"https:\/\/www.organisator.ch\/fr\/gestion-2\/it\/2016-10-26\/zeitintensive-arbeiten-in-die-cloud-auslagern\/\" \/>\n<meta property=\"og:locale\" content=\"fr_FR\" \/>\n<meta property=\"og:type\" content=\"article\" \/>\n<meta property=\"og:title\" content=\"Zeitintensive Arbeiten in die Cloud auslagern\" \/>\n<meta property=\"og:description\" content=\"IT-Abteilungen von KMU fehlt es oft an Ressourcen f\u00fcr strategische Aufgaben, agiert wird vor allem reaktiv, neue L\u00f6sungen und Innovationen kommen schlicht zu kurz. Das muss nicht sein, denn mehrere Alternativen zum traditionellen Outsourcing helfen den KMU, auch in einem kompetitiven Umfeld langfristig zu bestehen. L\u00f6sungsm\u00f6glichkeiten bietet hierzu auch die Cloud.\" \/>\n<meta property=\"og:url\" content=\"https:\/\/www.organisator.ch\/fr\/gestion-2\/it\/2016-10-26\/zeitintensive-arbeiten-in-die-cloud-auslagern\/\" \/>\n<meta property=\"og:site_name\" content=\"Organisator\" \/>\n<meta property=\"article:publisher\" content=\"https:\/\/www.facebook.com\/OrganisatorFachmagazin\" \/>\n<meta property=\"article:published_time\" content=\"2016-10-26T13:45:52+00:00\" \/>\n<meta name=\"author\" content=\"galledia\" \/>\n<meta name=\"twitter:card\" content=\"summary_large_image\" \/>\n<meta name=\"twitter:title\" content=\"Zeitintensive Arbeiten in die Cloud auslagern\" \/>\n<meta name=\"twitter:description\" content=\"IT-Abteilungen von KMU fehlt es oft an Ressourcen f\u00fcr strategische Aufgaben, agiert wird vor allem reaktiv, neue L\u00f6sungen und Innovationen kommen schlicht zu kurz. Das muss nicht sein, denn mehrere Alternativen zum traditionellen Outsourcing helfen den KMU, auch in einem kompetitiven Umfeld langfristig zu bestehen. L\u00f6sungsm\u00f6glichkeiten bietet hierzu auch die Cloud.\" \/>\n<meta name=\"twitter:image\" content=\"http:\/\/dev.organisator.ch\/wp-content\/uploads\/2016\/12\/Zeitintensive-Arbeiten-in-die-Cloud-auslagern-organisator.jpg\" \/>\n<meta name=\"twitter:creator\" content=\"@admin\" \/>\n<script type=\"application\/ld+json\" class=\"yoast-schema-graph\">{\"@context\":\"https:\\\/\\\/schema.org\",\"@graph\":[{\"@type\":\"Article\",\"@id\":\"https:\\\/\\\/www.organisator.ch\\\/management\\\/it\\\/2016-10-26\\\/zeitintensive-arbeiten-in-die-cloud-auslagern\\\/#article\",\"isPartOf\":{\"@id\":\"https:\\\/\\\/www.organisator.ch\\\/management\\\/it\\\/2016-10-26\\\/zeitintensive-arbeiten-in-die-cloud-auslagern\\\/\"},\"author\":{\"name\":\"galledia\",\"@id\":\"https:\\\/\\\/www.organisator.ch\\\/#\\\/schema\\\/person\\\/4e51799071cd2dd1232ac003643ef5f0\"},\"headline\":\"Zeitintensive Arbeiten in die Cloud auslagern\",\"datePublished\":\"2016-10-26T13:45:52+00:00\",\"mainEntityOfPage\":{\"@id\":\"https:\\\/\\\/www.organisator.ch\\\/management\\\/it\\\/2016-10-26\\\/zeitintensive-arbeiten-in-die-cloud-auslagern\\\/\"},\"wordCount\":401,\"commentCount\":0,\"publisher\":{\"@id\":\"https:\\\/\\\/www.organisator.ch\\\/#organization\"},\"image\":{\"@id\":\"https:\\\/\\\/www.organisator.ch\\\/management\\\/it\\\/2016-10-26\\\/zeitintensive-arbeiten-in-die-cloud-auslagern\\\/#primaryimage\"},\"thumbnailUrl\":\"https:\\\/\\\/www.organisator.ch\\\/wp-content\\\/uploads\\\/2016\\\/12\\\/Zeitintensive-Arbeiten-in-die-Cloud-auslagern-organisator.jpg\",\"keywords\":[\"IT\"],\"articleSection\":[\"IT\"],\"inLanguage\":\"fr-FR\"},{\"@type\":\"WebPage\",\"@id\":\"https:\\\/\\\/www.organisator.ch\\\/management\\\/it\\\/2016-10-26\\\/zeitintensive-arbeiten-in-die-cloud-auslagern\\\/\",\"url\":\"https:\\\/\\\/www.organisator.ch\\\/management\\\/it\\\/2016-10-26\\\/zeitintensive-arbeiten-in-die-cloud-auslagern\\\/\",\"name\":\"Zeitintensive Arbeiten in die Cloud auslagern - Organisator\",\"isPartOf\":{\"@id\":\"https:\\\/\\\/www.organisator.ch\\\/#website\"},\"primaryImageOfPage\":{\"@id\":\"https:\\\/\\\/www.organisator.ch\\\/management\\\/it\\\/2016-10-26\\\/zeitintensive-arbeiten-in-die-cloud-auslagern\\\/#primaryimage\"},\"image\":{\"@id\":\"https:\\\/\\\/www.organisator.ch\\\/management\\\/it\\\/2016-10-26\\\/zeitintensive-arbeiten-in-die-cloud-auslagern\\\/#primaryimage\"},\"thumbnailUrl\":\"https:\\\/\\\/www.organisator.ch\\\/wp-content\\\/uploads\\\/2016\\\/12\\\/Zeitintensive-Arbeiten-in-die-Cloud-auslagern-organisator.jpg\",\"datePublished\":\"2016-10-26T13:45:52+00:00\",\"description\":\"IT-Abteilungen von KMU fehlt es oft an Ressourcen f\u00fcr strategische Aufgaben, agiert wird vor allem reaktiv, neue L\u00f6sungen und Innovationen kommen schlicht zu kurz. Das muss nicht sein, denn mehrere Alternativen zum traditionellen Outsourcing helfen den KMU, auch in einem kompetitiven Umfeld langfristig zu bestehen. L\u00f6sungsm\u00f6glichkeiten bietet hierzu auch die Cloud.\",\"breadcrumb\":{\"@id\":\"https:\\\/\\\/www.organisator.ch\\\/management\\\/it\\\/2016-10-26\\\/zeitintensive-arbeiten-in-die-cloud-auslagern\\\/#breadcrumb\"},\"inLanguage\":\"fr-FR\",\"potentialAction\":[{\"@type\":\"ReadAction\",\"target\":[\"https:\\\/\\\/www.organisator.ch\\\/management\\\/it\\\/2016-10-26\\\/zeitintensive-arbeiten-in-die-cloud-auslagern\\\/\"]}]},{\"@type\":\"ImageObject\",\"inLanguage\":\"fr-FR\",\"@id\":\"https:\\\/\\\/www.organisator.ch\\\/management\\\/it\\\/2016-10-26\\\/zeitintensive-arbeiten-in-die-cloud-auslagern\\\/#primaryimage\",\"url\":\"https:\\\/\\\/www.organisator.ch\\\/wp-content\\\/uploads\\\/2016\\\/12\\\/Zeitintensive-Arbeiten-in-die-Cloud-auslagern-organisator.jpg\",\"contentUrl\":\"https:\\\/\\\/www.organisator.ch\\\/wp-content\\\/uploads\\\/2016\\\/12\\\/Zeitintensive-Arbeiten-in-die-Cloud-auslagern-organisator.jpg\",\"width\":1000,\"height\":667,\"caption\":\"Zeitintensive Arbeiten in die Cloud auslagern\"},{\"@type\":\"BreadcrumbList\",\"@id\":\"https:\\\/\\\/www.organisator.ch\\\/management\\\/it\\\/2016-10-26\\\/zeitintensive-arbeiten-in-die-cloud-auslagern\\\/#breadcrumb\",\"itemListElement\":[{\"@type\":\"ListItem\",\"position\":1,\"name\":\"Home\",\"item\":\"https:\\\/\\\/www.organisator.ch\\\/\"},{\"@type\":\"ListItem\",\"position\":2,\"name\":\"Zeitintensive Arbeiten in die Cloud auslagern\"}]},{\"@type\":\"WebSite\",\"@id\":\"https:\\\/\\\/www.organisator.ch\\\/#website\",\"url\":\"https:\\\/\\\/www.organisator.ch\\\/\",\"name\":\"Organisator\",\"description\":\"Kompetent. Praxisnah. Der ORGANISATOR bereitet in 10 Ausgaben pro Jahr die wesentlichen Themen f\u00fcr F\u00fchrungskr\u00e4fte von KMU auf.\",\"publisher\":{\"@id\":\"https:\\\/\\\/www.organisator.ch\\\/#organization\"},\"potentialAction\":[{\"@type\":\"SearchAction\",\"target\":{\"@type\":\"EntryPoint\",\"urlTemplate\":\"https:\\\/\\\/www.organisator.ch\\\/?s={search_term_string}\"},\"query-input\":{\"@type\":\"PropertyValueSpecification\",\"valueRequired\":true,\"valueName\":\"search_term_string\"}}],\"inLanguage\":\"fr-FR\"},{\"@type\":\"Organization\",\"@id\":\"https:\\\/\\\/www.organisator.ch\\\/#organization\",\"name\":\"Organisator\",\"url\":\"https:\\\/\\\/www.organisator.ch\\\/\",\"logo\":{\"@type\":\"ImageObject\",\"inLanguage\":\"fr-FR\",\"@id\":\"https:\\\/\\\/www.organisator.ch\\\/#\\\/schema\\\/logo\\\/image\\\/\",\"url\":\"https:\\\/\\\/www.organisator.ch\\\/wp-content\\\/uploads\\\/2022\\\/01\\\/Logo_Organisator_Website.png\",\"contentUrl\":\"https:\\\/\\\/www.organisator.ch\\\/wp-content\\\/uploads\\\/2022\\\/01\\\/Logo_Organisator_Website.png\",\"width\":800,\"height\":77,\"caption\":\"Organisator\"},\"image\":{\"@id\":\"https:\\\/\\\/www.organisator.ch\\\/#\\\/schema\\\/logo\\\/image\\\/\"},\"sameAs\":[\"https:\\\/\\\/www.facebook.com\\\/OrganisatorFachmagazin\",\"https:\\\/\\\/www.linkedin.com\\\/showcase\\\/organisator-das-magazin-fr-kmu\",\"https:\\\/\\\/www.xing.com\\\/news\\\/pages\\\/organisator-ch-695\",\"https:\\\/\\\/www.youtube.com\\\/channel\\\/UCGP2Sq0iWaZwT3BdIAQFYpw\"]},{\"@type\":\"Person\",\"@id\":\"https:\\\/\\\/www.organisator.ch\\\/#\\\/schema\\\/person\\\/4e51799071cd2dd1232ac003643ef5f0\",\"name\":\"galledia\",\"image\":{\"@type\":\"ImageObject\",\"inLanguage\":\"fr-FR\",\"@id\":\"https:\\\/\\\/secure.gravatar.com\\\/avatar\\\/78a7f90c01fc2bfc875782a0d4922b37cde2cf184ce347b91316d23cd7f69a36?s=96&d=mm&r=g\",\"url\":\"https:\\\/\\\/secure.gravatar.com\\\/avatar\\\/78a7f90c01fc2bfc875782a0d4922b37cde2cf184ce347b91316d23cd7f69a36?s=96&d=mm&r=g\",\"contentUrl\":\"https:\\\/\\\/secure.gravatar.com\\\/avatar\\\/78a7f90c01fc2bfc875782a0d4922b37cde2cf184ce347b91316d23cd7f69a36?s=96&d=mm&r=g\",\"caption\":\"galledia\"},\"sameAs\":[\"https:\\\/\\\/x.com\\\/admin\"],\"url\":\"https:\\\/\\\/www.organisator.ch\\\/fr\\\/author\\\/galledia\\\/\"}]}<\/script>\n<!-- \/ Yoast SEO plugin. -->","yoast_head_json":{"title":"Externaliser les t\u00e2ches chronophages vers le cloud - Organisateur","description":"Les d\u00e9partements informatiques des PME manquent souvent de ressources pour les t\u00e2ches strat\u00e9giques, agissent surtout de mani\u00e8re r\u00e9active, les nouvelles solutions et les innovations sont tout simplement n\u00e9glig\u00e9es. Ce n'est pas une fatalit\u00e9, car plusieurs alternatives \u00e0 l'externalisation traditionnelle aident les PME \u00e0 s'imposer \u00e0 long terme dans un environnement concurrentiel. Le cloud offre \u00e9galement des solutions.","robots":{"index":"index","follow":"follow","max-snippet":"max-snippet:-1","max-image-preview":"max-image-preview:large","max-video-preview":"max-video-preview:-1"},"canonical":"https:\/\/www.organisator.ch\/fr\/gestion-2\/it\/2016-10-26\/zeitintensive-arbeiten-in-die-cloud-auslagern\/","og_locale":"fr_FR","og_type":"article","og_title":"Zeitintensive Arbeiten in die Cloud auslagern","og_description":"IT-Abteilungen von KMU fehlt es oft an Ressourcen f\u00fcr strategische Aufgaben, agiert wird vor allem reaktiv, neue L\u00f6sungen und Innovationen kommen schlicht zu kurz. Das muss nicht sein, denn mehrere Alternativen zum traditionellen Outsourcing helfen den KMU, auch in einem kompetitiven Umfeld langfristig zu bestehen. L\u00f6sungsm\u00f6glichkeiten bietet hierzu auch die Cloud.","og_url":"https:\/\/www.organisator.ch\/fr\/gestion-2\/it\/2016-10-26\/zeitintensive-arbeiten-in-die-cloud-auslagern\/","og_site_name":"Organisator","article_publisher":"https:\/\/www.facebook.com\/OrganisatorFachmagazin","article_published_time":"2016-10-26T13:45:52+00:00","author":"galledia","twitter_card":"summary_large_image","twitter_title":"Zeitintensive Arbeiten in die Cloud auslagern","twitter_description":"IT-Abteilungen von KMU fehlt es oft an Ressourcen f\u00fcr strategische Aufgaben, agiert wird vor allem reaktiv, neue L\u00f6sungen und Innovationen kommen schlicht zu kurz. Das muss nicht sein, denn mehrere Alternativen zum traditionellen Outsourcing helfen den KMU, auch in einem kompetitiven Umfeld langfristig zu bestehen. L\u00f6sungsm\u00f6glichkeiten bietet hierzu auch die Cloud.","twitter_image":"http:\/\/dev.organisator.ch\/wp-content\/uploads\/2016\/12\/Zeitintensive-Arbeiten-in-die-Cloud-auslagern-organisator.jpg","twitter_creator":"@admin","schema":{"@context":"https:\/\/schema.org","@graph":[{"@type":"Article","@id":"https:\/\/www.organisator.ch\/management\/it\/2016-10-26\/zeitintensive-arbeiten-in-die-cloud-auslagern\/#article","isPartOf":{"@id":"https:\/\/www.organisator.ch\/management\/it\/2016-10-26\/zeitintensive-arbeiten-in-die-cloud-auslagern\/"},"author":{"name":"galledia","@id":"https:\/\/www.organisator.ch\/#\/schema\/person\/4e51799071cd2dd1232ac003643ef5f0"},"headline":"Zeitintensive Arbeiten in die Cloud auslagern","datePublished":"2016-10-26T13:45:52+00:00","mainEntityOfPage":{"@id":"https:\/\/www.organisator.ch\/management\/it\/2016-10-26\/zeitintensive-arbeiten-in-die-cloud-auslagern\/"},"wordCount":401,"commentCount":0,"publisher":{"@id":"https:\/\/www.organisator.ch\/#organization"},"image":{"@id":"https:\/\/www.organisator.ch\/management\/it\/2016-10-26\/zeitintensive-arbeiten-in-die-cloud-auslagern\/#primaryimage"},"thumbnailUrl":"https:\/\/www.organisator.ch\/wp-content\/uploads\/2016\/12\/Zeitintensive-Arbeiten-in-die-Cloud-auslagern-organisator.jpg","keywords":["IT"],"articleSection":["IT"],"inLanguage":"fr-FR"},{"@type":"WebPage","@id":"https:\/\/www.organisator.ch\/management\/it\/2016-10-26\/zeitintensive-arbeiten-in-die-cloud-auslagern\/","url":"https:\/\/www.organisator.ch\/management\/it\/2016-10-26\/zeitintensive-arbeiten-in-die-cloud-auslagern\/","name":"Externaliser les t\u00e2ches chronophages vers le cloud - Organisateur","isPartOf":{"@id":"https:\/\/www.organisator.ch\/#website"},"primaryImageOfPage":{"@id":"https:\/\/www.organisator.ch\/management\/it\/2016-10-26\/zeitintensive-arbeiten-in-die-cloud-auslagern\/#primaryimage"},"image":{"@id":"https:\/\/www.organisator.ch\/management\/it\/2016-10-26\/zeitintensive-arbeiten-in-die-cloud-auslagern\/#primaryimage"},"thumbnailUrl":"https:\/\/www.organisator.ch\/wp-content\/uploads\/2016\/12\/Zeitintensive-Arbeiten-in-die-Cloud-auslagern-organisator.jpg","datePublished":"2016-10-26T13:45:52+00:00","description":"Les d\u00e9partements informatiques des PME manquent souvent de ressources pour les t\u00e2ches strat\u00e9giques, agissent surtout de mani\u00e8re r\u00e9active, les nouvelles solutions et les innovations sont tout simplement n\u00e9glig\u00e9es. Ce n'est pas une fatalit\u00e9, car plusieurs alternatives \u00e0 l'externalisation traditionnelle aident les PME \u00e0 s'imposer \u00e0 long terme dans un environnement concurrentiel. Le cloud offre \u00e9galement des solutions.","breadcrumb":{"@id":"https:\/\/www.organisator.ch\/management\/it\/2016-10-26\/zeitintensive-arbeiten-in-die-cloud-auslagern\/#breadcrumb"},"inLanguage":"fr-FR","potentialAction":[{"@type":"ReadAction","target":["https:\/\/www.organisator.ch\/management\/it\/2016-10-26\/zeitintensive-arbeiten-in-die-cloud-auslagern\/"]}]},{"@type":"ImageObject","inLanguage":"fr-FR","@id":"https:\/\/www.organisator.ch\/management\/it\/2016-10-26\/zeitintensive-arbeiten-in-die-cloud-auslagern\/#primaryimage","url":"https:\/\/www.organisator.ch\/wp-content\/uploads\/2016\/12\/Zeitintensive-Arbeiten-in-die-Cloud-auslagern-organisator.jpg","contentUrl":"https:\/\/www.organisator.ch\/wp-content\/uploads\/2016\/12\/Zeitintensive-Arbeiten-in-die-Cloud-auslagern-organisator.jpg","width":1000,"height":667,"caption":"Zeitintensive Arbeiten in die Cloud auslagern"},{"@type":"BreadcrumbList","@id":"https:\/\/www.organisator.ch\/management\/it\/2016-10-26\/zeitintensive-arbeiten-in-die-cloud-auslagern\/#breadcrumb","itemListElement":[{"@type":"ListItem","position":1,"name":"Home","item":"https:\/\/www.organisator.ch\/"},{"@type":"ListItem","position":2,"name":"Zeitintensive Arbeiten in die Cloud auslagern"}]},{"@type":"WebSite","@id":"https:\/\/www.organisator.ch\/#website","url":"https:\/\/www.organisator.ch\/","name":"Organisateur","description":"Comp\u00e9tence et comp\u00e9tence. Proches de la pratique. L'ORGANISATEUR pr\u00e9pare 10 num\u00e9ros par an sur les th\u00e8mes essentiels pour les dirigeants de PME.","publisher":{"@id":"https:\/\/www.organisator.ch\/#organization"},"potentialAction":[{"@type":"SearchAction","target":{"@type":"EntryPoint","urlTemplate":"https:\/\/www.organisator.ch\/?s={search_term_string}"},"query-input":{"@type":"PropertyValueSpecification","valueRequired":true,"valueName":"search_term_string"}}],"inLanguage":"fr-FR"},{"@type":"Organization","@id":"https:\/\/www.organisator.ch\/#organization","name":"Organisateur","url":"https:\/\/www.organisator.ch\/","logo":{"@type":"ImageObject","inLanguage":"fr-FR","@id":"https:\/\/www.organisator.ch\/#\/schema\/logo\/image\/","url":"https:\/\/www.organisator.ch\/wp-content\/uploads\/2022\/01\/Logo_Organisator_Website.png","contentUrl":"https:\/\/www.organisator.ch\/wp-content\/uploads\/2022\/01\/Logo_Organisator_Website.png","width":800,"height":77,"caption":"Organisator"},"image":{"@id":"https:\/\/www.organisator.ch\/#\/schema\/logo\/image\/"},"sameAs":["https:\/\/www.facebook.com\/OrganisatorFachmagazin","https:\/\/www.linkedin.com\/showcase\/organisator-das-magazin-fr-kmu","https:\/\/www.xing.com\/news\/pages\/organisator-ch-695","https:\/\/www.youtube.com\/channel\/UCGP2Sq0iWaZwT3BdIAQFYpw"]},{"@type":"Person","@id":"https:\/\/www.organisator.ch\/#\/schema\/person\/4e51799071cd2dd1232ac003643ef5f0","name":"galledia","image":{"@type":"ImageObject","inLanguage":"fr-FR","@id":"https:\/\/secure.gravatar.com\/avatar\/78a7f90c01fc2bfc875782a0d4922b37cde2cf184ce347b91316d23cd7f69a36?s=96&d=mm&r=g","url":"https:\/\/secure.gravatar.com\/avatar\/78a7f90c01fc2bfc875782a0d4922b37cde2cf184ce347b91316d23cd7f69a36?s=96&d=mm&r=g","contentUrl":"https:\/\/secure.gravatar.com\/avatar\/78a7f90c01fc2bfc875782a0d4922b37cde2cf184ce347b91316d23cd7f69a36?s=96&d=mm&r=g","caption":"galledia"},"sameAs":["https:\/\/x.com\/admin"],"url":"https:\/\/www.organisator.ch\/fr\/author\/galledia\/"}]}},"_links":{"self":[{"href":"https:\/\/www.organisator.ch\/fr\/wp-json\/wp\/v2\/posts\/1115","targetHints":{"allow":["GET"]}}],"collection":[{"href":"https:\/\/www.organisator.ch\/fr\/wp-json\/wp\/v2\/posts"}],"about":[{"href":"https:\/\/www.organisator.ch\/fr\/wp-json\/wp\/v2\/types\/post"}],"author":[{"embeddable":true,"href":"https:\/\/www.organisator.ch\/fr\/wp-json\/wp\/v2\/users\/8"}],"replies":[{"embeddable":true,"href":"https:\/\/www.organisator.ch\/fr\/wp-json\/wp\/v2\/comments?post=1115"}],"version-history":[{"count":0,"href":"https:\/\/www.organisator.ch\/fr\/wp-json\/wp\/v2\/posts\/1115\/revisions"}],"wp:featuredmedia":[{"embeddable":true,"href":"https:\/\/www.organisator.ch\/fr\/wp-json\/wp\/v2\/media\/1116"}],"wp:attachment":[{"href":"https:\/\/www.organisator.ch\/fr\/wp-json\/wp\/v2\/media?parent=1115"}],"wp:term":[{"taxonomy":"category","embeddable":true,"href":"https:\/\/www.organisator.ch\/fr\/wp-json\/wp\/v2\/categories?post=1115"},{"taxonomy":"post_tag","embeddable":true,"href":"https:\/\/www.organisator.ch\/fr\/wp-json\/wp\/v2\/tags?post=1115"}],"curies":[{"name":"wp","href":"https:\/\/api.w.org\/{rel}","templated":true}]}}