{"id":11170,"date":"2022-02-10T10:06:42","date_gmt":"2022-02-10T09:06:42","guid":{"rendered":"https:\/\/www.werbewoche.ch\/?p=165209"},"modified":"2022-08-01T15:19:26","modified_gmt":"2022-08-01T13:19:26","slug":"bike-kingdom-lenzerheide-lanciert-mountainbike-podcast","status":"publish","type":"post","link":"https:\/\/www.organisator.ch\/fr\/marketing\/2022-02-10\/bike-kingdom-lenzerheide-lanciert-mountainbike-podcast\/","title":{"rendered":"Bike Kingdom Lenzerheide lance un podcast sur le VTT"},"content":{"rendered":"<img class=\"aligncenter wp-image-165210 size-full\" src=\"https:\/\/www.werbewoche.ch\/wp-content\/uploads\/2022\/02\/dirty-talk-das-neue-podcast-format-aus-dem-bike-kingdom-lenzerheide-9660897.jpg\" alt=\"Lenzerheide\" width=\"1200\" height=\"800\" \/>\r\n\r\nSelon un communiqu\u00e9 de la r\u00e9gion de vacances de Lenzerheide, il s'agit de l'un des premiers podcasts de la sc\u00e8ne suisse du VTT.\r\n\r\n\"Les podcasts jouissent d'une grande popularit\u00e9. De plus en plus de personnes recherchent le divertissement et l'information sous forme de podcasts. Il n'y a pratiquement plus aucun sujet qui n'ait pas encore fait l'objet d'un podcast\", explique Marc Schl\u00fcssel, directeur touristique ad interim de la r\u00e9gion de vacances de Lenzerheide. \"Il nous tenait donc \u00e0 c\u0153ur depuis longtemps de cr\u00e9er un podcast pour le VTT suisse. Avec Dario Linder en tant qu'anchorman vers\u00e9 dans le v\u00e9lo, nous avons la personne id\u00e9ale pour donner \u00e0 l'ensemble la valeur de divertissement qui convient\".\r\n\r\n<strong>Premier \u00e9pisode avec Thomas \"Frischi\" Frischknecht<\/strong>\r\n\r\nDans la premi\u00e8re \u00e9dition du podcast de VTT \"Dirty Talk\", la l\u00e9gende suisse du VTT Thomas \"Frischi\" Frischknecht est \u00e0 l'honneur. Il pratiquait d\u00e9j\u00e0 le VTT alors que cette discipline n'existait pas encore vraiment en Suisse.\r\n\r\nLe podcast de VTT \"Dirty Talk\" peut \u00eatre \u00e9cout\u00e9 sur toutes les plates-formes de podcast courantes.","protected":false},"excerpt":{"rendered":"<p>Bei dem Podcast handle es sich einer Mitteilung der Ferienregion Lenzerheide zufolge um einen der ersten Podcasts in der Schweizer Mountainbike-Szene. \u00abPodcast erfreuen sich grosser Beliebtheit. Immer mehr Leute suchen die Unterhaltung und Information in Form von Podcasts. Mittlerweile gibt es kaum ein Thema, zu dem noch kein Podcast vorhanden ist\u00bb, erkl\u00e4rt Marc Schl\u00fcssel, Tourismusdirektor [\u2026]<\/p>\n","protected":false},"author":8,"featured_media":0,"comment_status":"closed","ping_status":"closed","sticky":false,"template":"","format":"standard","meta":{"_acf_changed":false,"_yoast_wpseo_focuskw":"Lenzerheide","_yoast_wpseo_metadesc":"Das Bike Kingdom Lenzerheide und Talkmaster Dario Linder spannen zusammen. Im Mountainbike-Podcast \u00abDirty Talk\u00bb l\u00e4dt Linder zu Interviews, Streitgespr\u00e4chen oder auch lockeren Gespr\u00e4chsrunden ein.","articlekey":"","footnotes":""},"categories":[29],"tags":[2644,2645],"class_list":["post-11170","post","type-post","status-publish","format-standard","hentry","category-marketing","tag-lenzerheide","tag-podcast"],"acf":[],"yoast_head":"<!-- This site is optimized with the Yoast SEO plugin v27.5 - https:\/\/yoast.com\/product\/yoast-seo-wordpress\/ -->\n<title>Bike Kingdom Lenzerheide lanciert Mountainbike-Podcast - Organisator<\/title>\n<meta name=\"description\" content=\"Das Bike Kingdom Lenzerheide und Talkmaster Dario Linder spannen zusammen. Im Mountainbike-Podcast \u00abDirty Talk\u00bb l\u00e4dt Linder zu Interviews, Streitgespr\u00e4chen oder auch lockeren Gespr\u00e4chsrunden ein.\" \/>\n<meta name=\"robots\" content=\"index, follow, max-snippet:-1, max-image-preview:large, max-video-preview:-1\" \/>\n<link rel=\"canonical\" href=\"https:\/\/www.werbewoche.ch\/de\/marketing\/2022-02-10\/bike-kingdom-lenzerheide-lanciert-mountainbike-podcast\/\" \/>\n<meta property=\"og:locale\" content=\"fr_FR\" \/>\n<meta property=\"og:type\" content=\"article\" \/>\n<meta property=\"og:title\" content=\"Bike Kingdom Lenzerheide lanciert Mountainbike-Podcast - Organisator\" \/>\n<meta property=\"og:description\" content=\"Das Bike Kingdom Lenzerheide und Talkmaster Dario Linder spannen zusammen. Im Mountainbike-Podcast \u00abDirty Talk\u00bb l\u00e4dt Linder zu Interviews, Streitgespr\u00e4chen oder auch lockeren Gespr\u00e4chsrunden ein.\" \/>\n<meta property=\"og:url\" content=\"https:\/\/www.werbewoche.ch\/de\/marketing\/2022-02-10\/bike-kingdom-lenzerheide-lanciert-mountainbike-podcast\/\" \/>\n<meta property=\"og:site_name\" content=\"Organisator\" \/>\n<meta property=\"article:publisher\" content=\"https:\/\/www.facebook.com\/OrganisatorFachmagazin\" \/>\n<meta property=\"article:published_time\" content=\"2022-02-10T09:06:42+00:00\" \/>\n<meta property=\"article:modified_time\" content=\"2022-08-01T13:19:26+00:00\" \/>\n<meta property=\"og:image\" content=\"https:\/\/www.werbewoche.ch\/wp-content\/uploads\/2022\/02\/dirty-talk-das-neue-podcast-format-aus-dem-bike-kingdom-lenzerheide-9660897.jpg\" \/>\n<meta name=\"author\" content=\"galledia\" \/>\n<meta name=\"twitter:card\" content=\"summary_large_image\" \/>\n<meta name=\"twitter:creator\" content=\"@admin\" \/>\n<script type=\"application\/ld+json\" class=\"yoast-schema-graph\">{\"@context\":\"https:\\\/\\\/schema.org\",\"@graph\":[{\"@type\":\"Article\",\"@id\":\"https:\\\/\\\/www.werbewoche.ch\\\/de\\\/marketing\\\/2022-02-10\\\/bike-kingdom-lenzerheide-lanciert-mountainbike-podcast\\\/#article\",\"isPartOf\":{\"@id\":\"https:\\\/\\\/www.organisator.ch\\\/marketing\\\/2022-02-10\\\/bike-kingdom-lenzerheide-lanciert-mountainbike-podcast\\\/\"},\"author\":{\"name\":\"galledia\",\"@id\":\"https:\\\/\\\/www.organisator.ch\\\/#\\\/schema\\\/person\\\/4e51799071cd2dd1232ac003643ef5f0\"},\"headline\":\"Bike Kingdom Lenzerheide lanciert Mountainbike-Podcast\",\"datePublished\":\"2022-02-10T09:06:42+00:00\",\"dateModified\":\"2022-08-01T13:19:26+00:00\",\"mainEntityOfPage\":{\"@id\":\"https:\\\/\\\/www.organisator.ch\\\/marketing\\\/2022-02-10\\\/bike-kingdom-lenzerheide-lanciert-mountainbike-podcast\\\/\"},\"wordCount\":158,\"publisher\":{\"@id\":\"https:\\\/\\\/www.organisator.ch\\\/#organization\"},\"image\":{\"@id\":\"https:\\\/\\\/www.werbewoche.ch\\\/de\\\/marketing\\\/2022-02-10\\\/bike-kingdom-lenzerheide-lanciert-mountainbike-podcast\\\/#primaryimage\"},\"thumbnailUrl\":\"https:\\\/\\\/www.werbewoche.ch\\\/wp-content\\\/uploads\\\/2022\\\/02\\\/dirty-talk-das-neue-podcast-format-aus-dem-bike-kingdom-lenzerheide-9660897.jpg\",\"keywords\":[\"Lenzerheide\",\"Podcast\"],\"articleSection\":[\"MARKETING\"],\"inLanguage\":\"fr-FR\"},{\"@type\":\"WebPage\",\"@id\":\"https:\\\/\\\/www.organisator.ch\\\/marketing\\\/2022-02-10\\\/bike-kingdom-lenzerheide-lanciert-mountainbike-podcast\\\/\",\"url\":\"https:\\\/\\\/www.werbewoche.ch\\\/de\\\/marketing\\\/2022-02-10\\\/bike-kingdom-lenzerheide-lanciert-mountainbike-podcast\\\/\",\"name\":\"Bike Kingdom Lenzerheide lanciert Mountainbike-Podcast - Organisator\",\"isPartOf\":{\"@id\":\"https:\\\/\\\/www.organisator.ch\\\/#website\"},\"primaryImageOfPage\":{\"@id\":\"https:\\\/\\\/www.werbewoche.ch\\\/de\\\/marketing\\\/2022-02-10\\\/bike-kingdom-lenzerheide-lanciert-mountainbike-podcast\\\/#primaryimage\"},\"image\":{\"@id\":\"https:\\\/\\\/www.werbewoche.ch\\\/de\\\/marketing\\\/2022-02-10\\\/bike-kingdom-lenzerheide-lanciert-mountainbike-podcast\\\/#primaryimage\"},\"thumbnailUrl\":\"https:\\\/\\\/www.werbewoche.ch\\\/wp-content\\\/uploads\\\/2022\\\/02\\\/dirty-talk-das-neue-podcast-format-aus-dem-bike-kingdom-lenzerheide-9660897.jpg\",\"datePublished\":\"2022-02-10T09:06:42+00:00\",\"dateModified\":\"2022-08-01T13:19:26+00:00\",\"description\":\"Das Bike Kingdom Lenzerheide und Talkmaster Dario Linder spannen zusammen. Im Mountainbike-Podcast \u00abDirty Talk\u00bb l\u00e4dt Linder zu Interviews, Streitgespr\u00e4chen oder auch lockeren Gespr\u00e4chsrunden ein.\",\"breadcrumb\":{\"@id\":\"https:\\\/\\\/www.werbewoche.ch\\\/de\\\/marketing\\\/2022-02-10\\\/bike-kingdom-lenzerheide-lanciert-mountainbike-podcast\\\/#breadcrumb\"},\"inLanguage\":\"fr-FR\",\"potentialAction\":[{\"@type\":\"ReadAction\",\"target\":[\"https:\\\/\\\/www.werbewoche.ch\\\/de\\\/marketing\\\/2022-02-10\\\/bike-kingdom-lenzerheide-lanciert-mountainbike-podcast\\\/\"]}]},{\"@type\":\"ImageObject\",\"inLanguage\":\"fr-FR\",\"@id\":\"https:\\\/\\\/www.werbewoche.ch\\\/de\\\/marketing\\\/2022-02-10\\\/bike-kingdom-lenzerheide-lanciert-mountainbike-podcast\\\/#primaryimage\",\"url\":\"https:\\\/\\\/www.werbewoche.ch\\\/wp-content\\\/uploads\\\/2022\\\/02\\\/dirty-talk-das-neue-podcast-format-aus-dem-bike-kingdom-lenzerheide-9660897.jpg\",\"contentUrl\":\"https:\\\/\\\/www.werbewoche.ch\\\/wp-content\\\/uploads\\\/2022\\\/02\\\/dirty-talk-das-neue-podcast-format-aus-dem-bike-kingdom-lenzerheide-9660897.jpg\"},{\"@type\":\"BreadcrumbList\",\"@id\":\"https:\\\/\\\/www.werbewoche.ch\\\/de\\\/marketing\\\/2022-02-10\\\/bike-kingdom-lenzerheide-lanciert-mountainbike-podcast\\\/#breadcrumb\",\"itemListElement\":[{\"@type\":\"ListItem\",\"position\":1,\"name\":\"Home\",\"item\":\"https:\\\/\\\/www.organisator.ch\\\/\"},{\"@type\":\"ListItem\",\"position\":2,\"name\":\"Bike Kingdom Lenzerheide lanciert Mountainbike-Podcast\"}]},{\"@type\":\"WebSite\",\"@id\":\"https:\\\/\\\/www.organisator.ch\\\/#website\",\"url\":\"https:\\\/\\\/www.organisator.ch\\\/\",\"name\":\"Organisator\",\"description\":\"Kompetent. Praxisnah. Der ORGANISATOR bereitet in 10 Ausgaben pro Jahr die wesentlichen Themen f\u00fcr F\u00fchrungskr\u00e4fte von KMU auf.\",\"publisher\":{\"@id\":\"https:\\\/\\\/www.organisator.ch\\\/#organization\"},\"potentialAction\":[{\"@type\":\"SearchAction\",\"target\":{\"@type\":\"EntryPoint\",\"urlTemplate\":\"https:\\\/\\\/www.organisator.ch\\\/?s={search_term_string}\"},\"query-input\":{\"@type\":\"PropertyValueSpecification\",\"valueRequired\":true,\"valueName\":\"search_term_string\"}}],\"inLanguage\":\"fr-FR\"},{\"@type\":\"Organization\",\"@id\":\"https:\\\/\\\/www.organisator.ch\\\/#organization\",\"name\":\"Organisator\",\"url\":\"https:\\\/\\\/www.organisator.ch\\\/\",\"logo\":{\"@type\":\"ImageObject\",\"inLanguage\":\"fr-FR\",\"@id\":\"https:\\\/\\\/www.organisator.ch\\\/#\\\/schema\\\/logo\\\/image\\\/\",\"url\":\"https:\\\/\\\/www.organisator.ch\\\/wp-content\\\/uploads\\\/2022\\\/01\\\/Logo_Organisator_Website.png\",\"contentUrl\":\"https:\\\/\\\/www.organisator.ch\\\/wp-content\\\/uploads\\\/2022\\\/01\\\/Logo_Organisator_Website.png\",\"width\":800,\"height\":77,\"caption\":\"Organisator\"},\"image\":{\"@id\":\"https:\\\/\\\/www.organisator.ch\\\/#\\\/schema\\\/logo\\\/image\\\/\"},\"sameAs\":[\"https:\\\/\\\/www.facebook.com\\\/OrganisatorFachmagazin\",\"https:\\\/\\\/www.linkedin.com\\\/showcase\\\/organisator-das-magazin-fr-kmu\",\"https:\\\/\\\/www.xing.com\\\/news\\\/pages\\\/organisator-ch-695\",\"https:\\\/\\\/www.youtube.com\\\/channel\\\/UCGP2Sq0iWaZwT3BdIAQFYpw\"]},{\"@type\":\"Person\",\"@id\":\"https:\\\/\\\/www.organisator.ch\\\/#\\\/schema\\\/person\\\/4e51799071cd2dd1232ac003643ef5f0\",\"name\":\"galledia\",\"image\":{\"@type\":\"ImageObject\",\"inLanguage\":\"fr-FR\",\"@id\":\"https:\\\/\\\/secure.gravatar.com\\\/avatar\\\/78a7f90c01fc2bfc875782a0d4922b37cde2cf184ce347b91316d23cd7f69a36?s=96&d=mm&r=g\",\"url\":\"https:\\\/\\\/secure.gravatar.com\\\/avatar\\\/78a7f90c01fc2bfc875782a0d4922b37cde2cf184ce347b91316d23cd7f69a36?s=96&d=mm&r=g\",\"contentUrl\":\"https:\\\/\\\/secure.gravatar.com\\\/avatar\\\/78a7f90c01fc2bfc875782a0d4922b37cde2cf184ce347b91316d23cd7f69a36?s=96&d=mm&r=g\",\"caption\":\"galledia\"},\"sameAs\":[\"https:\\\/\\\/x.com\\\/admin\"],\"url\":\"https:\\\/\\\/www.organisator.ch\\\/fr\\\/author\\\/galledia\\\/\"}]}<\/script>\n<!-- \/ Yoast SEO plugin. -->","yoast_head_json":{"title":"Bike Kingdom Lenzerheide lance un podcast sur le VTT - Organisateur","description":"Le Bike Kingdom Lenzerheide et l'animateur de talk-shows Dario Linder s'associent. Dans le podcast de VTT \"Dirty Talk\", Linder invite \u00e0 des interviews, des d\u00e9bats contradictoires ou encore des tables rondes d\u00e9contract\u00e9es.","robots":{"index":"index","follow":"follow","max-snippet":"max-snippet:-1","max-image-preview":"max-image-preview:large","max-video-preview":"max-video-preview:-1"},"canonical":"https:\/\/www.werbewoche.ch\/de\/marketing\/2022-02-10\/bike-kingdom-lenzerheide-lanciert-mountainbike-podcast\/","og_locale":"fr_FR","og_type":"article","og_title":"Bike Kingdom Lenzerheide lanciert Mountainbike-Podcast - Organisator","og_description":"Das Bike Kingdom Lenzerheide und Talkmaster Dario Linder spannen zusammen. Im Mountainbike-Podcast \u00abDirty Talk\u00bb l\u00e4dt Linder zu Interviews, Streitgespr\u00e4chen oder auch lockeren Gespr\u00e4chsrunden ein.","og_url":"https:\/\/www.werbewoche.ch\/de\/marketing\/2022-02-10\/bike-kingdom-lenzerheide-lanciert-mountainbike-podcast\/","og_site_name":"Organisator","article_publisher":"https:\/\/www.facebook.com\/OrganisatorFachmagazin","article_published_time":"2022-02-10T09:06:42+00:00","article_modified_time":"2022-08-01T13:19:26+00:00","og_image":[{"url":"https:\/\/www.werbewoche.ch\/wp-content\/uploads\/2022\/02\/dirty-talk-das-neue-podcast-format-aus-dem-bike-kingdom-lenzerheide-9660897.jpg","type":"","width":"","height":""}],"author":"galledia","twitter_card":"summary_large_image","twitter_creator":"@admin","schema":{"@context":"https:\/\/schema.org","@graph":[{"@type":"Article","@id":"https:\/\/www.werbewoche.ch\/de\/marketing\/2022-02-10\/bike-kingdom-lenzerheide-lanciert-mountainbike-podcast\/#article","isPartOf":{"@id":"https:\/\/www.organisator.ch\/marketing\/2022-02-10\/bike-kingdom-lenzerheide-lanciert-mountainbike-podcast\/"},"author":{"name":"galledia","@id":"https:\/\/www.organisator.ch\/#\/schema\/person\/4e51799071cd2dd1232ac003643ef5f0"},"headline":"Bike Kingdom Lenzerheide lanciert Mountainbike-Podcast","datePublished":"2022-02-10T09:06:42+00:00","dateModified":"2022-08-01T13:19:26+00:00","mainEntityOfPage":{"@id":"https:\/\/www.organisator.ch\/marketing\/2022-02-10\/bike-kingdom-lenzerheide-lanciert-mountainbike-podcast\/"},"wordCount":158,"publisher":{"@id":"https:\/\/www.organisator.ch\/#organization"},"image":{"@id":"https:\/\/www.werbewoche.ch\/de\/marketing\/2022-02-10\/bike-kingdom-lenzerheide-lanciert-mountainbike-podcast\/#primaryimage"},"thumbnailUrl":"https:\/\/www.werbewoche.ch\/wp-content\/uploads\/2022\/02\/dirty-talk-das-neue-podcast-format-aus-dem-bike-kingdom-lenzerheide-9660897.jpg","keywords":["Lenzerheide","Podcast"],"articleSection":["MARKETING"],"inLanguage":"fr-FR"},{"@type":"WebPage","@id":"https:\/\/www.organisator.ch\/marketing\/2022-02-10\/bike-kingdom-lenzerheide-lanciert-mountainbike-podcast\/","url":"https:\/\/www.werbewoche.ch\/de\/marketing\/2022-02-10\/bike-kingdom-lenzerheide-lanciert-mountainbike-podcast\/","name":"Bike Kingdom Lenzerheide lance un podcast sur le VTT - Organisateur","isPartOf":{"@id":"https:\/\/www.organisator.ch\/#website"},"primaryImageOfPage":{"@id":"https:\/\/www.werbewoche.ch\/de\/marketing\/2022-02-10\/bike-kingdom-lenzerheide-lanciert-mountainbike-podcast\/#primaryimage"},"image":{"@id":"https:\/\/www.werbewoche.ch\/de\/marketing\/2022-02-10\/bike-kingdom-lenzerheide-lanciert-mountainbike-podcast\/#primaryimage"},"thumbnailUrl":"https:\/\/www.werbewoche.ch\/wp-content\/uploads\/2022\/02\/dirty-talk-das-neue-podcast-format-aus-dem-bike-kingdom-lenzerheide-9660897.jpg","datePublished":"2022-02-10T09:06:42+00:00","dateModified":"2022-08-01T13:19:26+00:00","description":"Le Bike Kingdom Lenzerheide et l'animateur de talk-shows Dario Linder s'associent. Dans le podcast de VTT \"Dirty Talk\", Linder invite \u00e0 des interviews, des d\u00e9bats contradictoires ou encore des tables rondes d\u00e9contract\u00e9es.","breadcrumb":{"@id":"https:\/\/www.werbewoche.ch\/de\/marketing\/2022-02-10\/bike-kingdom-lenzerheide-lanciert-mountainbike-podcast\/#breadcrumb"},"inLanguage":"fr-FR","potentialAction":[{"@type":"ReadAction","target":["https:\/\/www.werbewoche.ch\/de\/marketing\/2022-02-10\/bike-kingdom-lenzerheide-lanciert-mountainbike-podcast\/"]}]},{"@type":"ImageObject","inLanguage":"fr-FR","@id":"https:\/\/www.werbewoche.ch\/de\/marketing\/2022-02-10\/bike-kingdom-lenzerheide-lanciert-mountainbike-podcast\/#primaryimage","url":"https:\/\/www.werbewoche.ch\/wp-content\/uploads\/2022\/02\/dirty-talk-das-neue-podcast-format-aus-dem-bike-kingdom-lenzerheide-9660897.jpg","contentUrl":"https:\/\/www.werbewoche.ch\/wp-content\/uploads\/2022\/02\/dirty-talk-das-neue-podcast-format-aus-dem-bike-kingdom-lenzerheide-9660897.jpg"},{"@type":"BreadcrumbList","@id":"https:\/\/www.werbewoche.ch\/de\/marketing\/2022-02-10\/bike-kingdom-lenzerheide-lanciert-mountainbike-podcast\/#breadcrumb","itemListElement":[{"@type":"ListItem","position":1,"name":"Home","item":"https:\/\/www.organisator.ch\/"},{"@type":"ListItem","position":2,"name":"Bike Kingdom Lenzerheide lanciert Mountainbike-Podcast"}]},{"@type":"WebSite","@id":"https:\/\/www.organisator.ch\/#website","url":"https:\/\/www.organisator.ch\/","name":"Organisateur","description":"Comp\u00e9tence et comp\u00e9tence. Proches de la pratique. L'ORGANISATEUR pr\u00e9pare 10 num\u00e9ros par an sur les th\u00e8mes essentiels pour les dirigeants de PME.","publisher":{"@id":"https:\/\/www.organisator.ch\/#organization"},"potentialAction":[{"@type":"SearchAction","target":{"@type":"EntryPoint","urlTemplate":"https:\/\/www.organisator.ch\/?s={search_term_string}"},"query-input":{"@type":"PropertyValueSpecification","valueRequired":true,"valueName":"search_term_string"}}],"inLanguage":"fr-FR"},{"@type":"Organization","@id":"https:\/\/www.organisator.ch\/#organization","name":"Organisateur","url":"https:\/\/www.organisator.ch\/","logo":{"@type":"ImageObject","inLanguage":"fr-FR","@id":"https:\/\/www.organisator.ch\/#\/schema\/logo\/image\/","url":"https:\/\/www.organisator.ch\/wp-content\/uploads\/2022\/01\/Logo_Organisator_Website.png","contentUrl":"https:\/\/www.organisator.ch\/wp-content\/uploads\/2022\/01\/Logo_Organisator_Website.png","width":800,"height":77,"caption":"Organisator"},"image":{"@id":"https:\/\/www.organisator.ch\/#\/schema\/logo\/image\/"},"sameAs":["https:\/\/www.facebook.com\/OrganisatorFachmagazin","https:\/\/www.linkedin.com\/showcase\/organisator-das-magazin-fr-kmu","https:\/\/www.xing.com\/news\/pages\/organisator-ch-695","https:\/\/www.youtube.com\/channel\/UCGP2Sq0iWaZwT3BdIAQFYpw"]},{"@type":"Person","@id":"https:\/\/www.organisator.ch\/#\/schema\/person\/4e51799071cd2dd1232ac003643ef5f0","name":"galledia","image":{"@type":"ImageObject","inLanguage":"fr-FR","@id":"https:\/\/secure.gravatar.com\/avatar\/78a7f90c01fc2bfc875782a0d4922b37cde2cf184ce347b91316d23cd7f69a36?s=96&d=mm&r=g","url":"https:\/\/secure.gravatar.com\/avatar\/78a7f90c01fc2bfc875782a0d4922b37cde2cf184ce347b91316d23cd7f69a36?s=96&d=mm&r=g","contentUrl":"https:\/\/secure.gravatar.com\/avatar\/78a7f90c01fc2bfc875782a0d4922b37cde2cf184ce347b91316d23cd7f69a36?s=96&d=mm&r=g","caption":"galledia"},"sameAs":["https:\/\/x.com\/admin"],"url":"https:\/\/www.organisator.ch\/fr\/author\/galledia\/"}]}},"_links":{"self":[{"href":"https:\/\/www.organisator.ch\/fr\/wp-json\/wp\/v2\/posts\/11170","targetHints":{"allow":["GET"]}}],"collection":[{"href":"https:\/\/www.organisator.ch\/fr\/wp-json\/wp\/v2\/posts"}],"about":[{"href":"https:\/\/www.organisator.ch\/fr\/wp-json\/wp\/v2\/types\/post"}],"author":[{"embeddable":true,"href":"https:\/\/www.organisator.ch\/fr\/wp-json\/wp\/v2\/users\/8"}],"replies":[{"embeddable":true,"href":"https:\/\/www.organisator.ch\/fr\/wp-json\/wp\/v2\/comments?post=11170"}],"version-history":[{"count":3,"href":"https:\/\/www.organisator.ch\/fr\/wp-json\/wp\/v2\/posts\/11170\/revisions"}],"predecessor-version":[{"id":16099,"href":"https:\/\/www.organisator.ch\/fr\/wp-json\/wp\/v2\/posts\/11170\/revisions\/16099"}],"wp:attachment":[{"href":"https:\/\/www.organisator.ch\/fr\/wp-json\/wp\/v2\/media?parent=11170"}],"wp:term":[{"taxonomy":"category","embeddable":true,"href":"https:\/\/www.organisator.ch\/fr\/wp-json\/wp\/v2\/categories?post=11170"},{"taxonomy":"post_tag","embeddable":true,"href":"https:\/\/www.organisator.ch\/fr\/wp-json\/wp\/v2\/tags?post=11170"}],"curies":[{"name":"wp","href":"https:\/\/api.w.org\/{rel}","templated":true}]}}