{"id":11173,"date":"2022-02-10T15:46:12","date_gmt":"2022-02-10T14:46:12","guid":{"rendered":"https:\/\/www.werbewoche.ch\/?p=165234"},"modified":"2022-08-01T15:03:35","modified_gmt":"2022-08-01T13:03:35","slug":"dachcom-verpasst-cyberlink-einen-dunklen-anstrich","status":"publish","type":"post","link":"https:\/\/www.organisator.ch\/fr\/marketing\/2022-02-10\/dachcom-verpasst-cyberlink-einen-dunklen-anstrich\/","title":{"rendered":"Dachcom donne une couleur sombre \u00e0 Cyberlink"},"content":{"rendered":"<img class=\"aligncenter wp-image-165239 size-full\" src=\"https:\/\/www.werbewoche.ch\/wp-content\/uploads\/2022\/02\/1-Cyberlink_Keysujet_3840x2160px.jpg\" alt=\"Dachcom\" width=\"1200\" height=\"675\" \/>\r\n\r\nLe service de cloud et de connectivit\u00e9 Cyberlink a \u00e9t\u00e9 r\u00e9compens\u00e9 par le classement Telekom de <em>Bilan<\/em> a d\u00e9j\u00e0 \u00e9t\u00e9 \u00e9lu quatre fois de suite meilleur fournisseur d'Internet et de r\u00e9seaux d'entreprise pour les clients professionnels.\r\n\r\n<a href=\"https:\/\/www.werbewoche.ch\/de\/marketing\/marken\/2022-02-10\/dachcom-verpasst-cyberlink-einen-dunklen-anstrich\/attachment\/2-cyberlink_branding_3840x2160px\/\"><img class=\"attachment-full alignnone\" src=\"https:\/\/www.werbewoche.ch\/wp-content\/uploads\/2022\/02\/2-Cyberlink_Branding_3840x2160px.jpg\" alt=\"Dachcom\" width=\"1200\" height=\"675\" \/><\/a>\r\n<a href=\"https:\/\/www.werbewoche.ch\/de\/marketing\/marken\/2022-02-10\/dachcom-verpasst-cyberlink-einen-dunklen-anstrich\/attachment\/3-cyberlink_design_3840x2160px\/\"><img class=\"attachment-full alignnone\" src=\"https:\/\/www.werbewoche.ch\/wp-content\/uploads\/2022\/02\/3-Cyberlink_Design_3840x2160px.jpg\" alt=\"Dachcom\" width=\"1200\" height=\"675\" \/><\/a>\r\n\r\nDachcom a cr\u00e9\u00e9 pour l'entreprise une nouvelle image de marque avec des visuels cl\u00e9s efficaces, en mettant l'accent sur la visualisation de la mise en r\u00e9seau et des messages cl\u00e9s concis, et a con\u00e7u et r\u00e9alis\u00e9 techniquement la relance du site web.\r\n\r\nLe nouvel univers visuel doit permettre de faire vivre Cyberlink de mani\u00e8re frappante. Le design cr\u00e9atif remani\u00e9, y compris la typographie, repr\u00e9sente graphiquement le portefeuille de prestations des services de cloud et de connectivit\u00e9.\r\n\r\nL'int\u00e9gration active des collaborateurs dans le domaine de la photographie, en tenant compte des principes de base du Creative Design, doit permettre de cr\u00e9er de la confiance et de la proximit\u00e9. Des quotes \u00e9loquentes mettent en outre en sc\u00e8ne les comp\u00e9tences en mati\u00e8re de solutions et les qualit\u00e9s de faiseurs des collaborateurs pour la client\u00e8le.\r\n\r\n<a href=\"https:\/\/www.werbewoche.ch\/de\/marketing\/marken\/2022-02-10\/dachcom-verpasst-cyberlink-einen-dunklen-anstrich\/attachment\/4-cyberlink_1140-x-1324-home-teaser\/\"><img class=\"attachment-full alignnone\" src=\"https:\/\/www.werbewoche.ch\/wp-content\/uploads\/2022\/02\/4-Cyberlink_1140-x-1324-Home-Teaser.jpg\" alt=\"Dachcom\" width=\"1200\" height=\"1394\" \/><\/a>\r\n<a href=\"https:\/\/www.werbewoche.ch\/de\/marketing\/marken\/2022-02-10\/dachcom-verpasst-cyberlink-einen-dunklen-anstrich\/attachment\/5-cyberlink_kommunikation_web2_3840x2160px\/\"><img class=\"attachment-full alignnone\" src=\"https:\/\/www.werbewoche.ch\/wp-content\/uploads\/2022\/02\/5-Cyberlink_Kommunikation_Web2_3840x2160px.jpg\" alt=\"Dachcom\" width=\"1200\" height=\"675\" \/><\/a>\r\n\r\nAvec des structures claires et un design coh\u00e9rent, le site web mis en \u0153uvre sur la base de la plateforme d'exp\u00e9rience num\u00e9rique Pimcore emprunte de nouvelles voies. Les outils durables sous forme de modules CMS individuels doivent garantir une conception autonome et attrayante du contenu et des pages de renvoi. Le nouveau site web doit ainsi offrir une exp\u00e9rience utilisateur convaincante et renforcer la position de Cyberlink en tant que partenaire comp\u00e9tent et proche pour le cloud et la connectivit\u00e9.\r\n\r\n<a href=\"https:\/\/www.werbewoche.ch\/de\/marketing\/marken\/2022-02-10\/dachcom-verpasst-cyberlink-einen-dunklen-anstrich\/attachment\/6-cyberlink_kommunikation_web3_3840x2160px\/\"><img class=\"attachment-full alignnone\" src=\"https:\/\/www.werbewoche.ch\/wp-content\/uploads\/2022\/02\/6-Cyberlink_Kommunikation_Web3_3840x2160px.jpg\" alt=\"Dachcom\" width=\"1200\" height=\"675\" \/><\/a>\r\n<a href=\"https:\/\/www.werbewoche.ch\/de\/marketing\/marken\/2022-02-10\/dachcom-verpasst-cyberlink-einen-dunklen-anstrich\/attachment\/7-cyberlink_kommunikation_web5_3840x2160px\/\"><img class=\"attachment-full alignnone\" src=\"https:\/\/www.werbewoche.ch\/wp-content\/uploads\/2022\/02\/7-Cyberlink_Kommunikation_Web5_3840x2160px.jpg\" alt=\"Dachcom\" width=\"1200\" height=\"675\" \/><\/a>\r\n\r\n<hr \/>\r\n\r\n<strong>Responsable chez Cyberlink :<\/strong> Beat Tinner (CEO \/ CA), Simon Anderegg (CFO \/ CMO), Thomas Kn\u00fcsel (COO), Stefan Ulrich (CSO). <strong>Agence responsable :<\/strong> Com de toit.","protected":false},"excerpt":{"rendered":"<p>Der Cloud- und Connectivity-Service Cyberlink wurde im Telekom-Rating von Bilanz bereits vier Mal in Folge zum besten Internet- und Corporate-Network-Anbieter f\u00fcr Firmenkunden gew\u00e4hlt. Dachcom hat f\u00fcr das Unternehmen ein neues Branding mit wirkungsvollen Keyvisuals mit Fokus auf der Visualisierung der Vernetzung und pr\u00e4gnanten Kernbotschaften geschaffen, sowie den Relaunch der Website konzipiert und technisch umgesetzt. Mit [\u2026]<\/p>\n","protected":false},"author":8,"featured_media":0,"comment_status":"closed","ping_status":"closed","sticky":false,"template":"","format":"standard","meta":{"_acf_changed":false,"_yoast_wpseo_focuskw":"Dachcom","_yoast_wpseo_metadesc":"Cyberlink wagt einen neuen Webauftritt \u2013 fast ganz in schwarz. Der mutige Auftritt wurde von Dachcom konzipiert und umgesetzt.","articlekey":"","footnotes":""},"categories":[29],"tags":[2646],"class_list":["post-11173","post","type-post","status-publish","format-standard","hentry","category-marketing","tag-dachcom"],"acf":[],"yoast_head":"<!-- This site is optimized with the Yoast SEO plugin v27.5 - https:\/\/yoast.com\/product\/yoast-seo-wordpress\/ -->\n<title>Dachcom verpasst Cyberlink einen dunklen Anstrich - Organisator<\/title>\n<meta name=\"description\" content=\"Cyberlink wagt einen neuen Webauftritt \u2013 fast ganz in schwarz. Der mutige Auftritt wurde von Dachcom konzipiert und umgesetzt.\" \/>\n<meta name=\"robots\" content=\"index, follow, max-snippet:-1, max-image-preview:large, max-video-preview:-1\" \/>\n<link rel=\"canonical\" href=\"https:\/\/www.werbewoche.ch\/de\/marketing\/marken\/2022-02-10\/dachcom-verpasst-cyberlink-einen-dunklen-anstrich\/\" \/>\n<meta property=\"og:locale\" content=\"fr_FR\" \/>\n<meta property=\"og:type\" content=\"article\" \/>\n<meta property=\"og:title\" content=\"Dachcom verpasst Cyberlink einen dunklen Anstrich - Organisator\" \/>\n<meta property=\"og:description\" content=\"Cyberlink wagt einen neuen Webauftritt \u2013 fast ganz in schwarz. Der mutige Auftritt wurde von Dachcom konzipiert und umgesetzt.\" \/>\n<meta property=\"og:url\" content=\"https:\/\/www.werbewoche.ch\/de\/marketing\/marken\/2022-02-10\/dachcom-verpasst-cyberlink-einen-dunklen-anstrich\/\" \/>\n<meta property=\"og:site_name\" content=\"Organisator\" \/>\n<meta property=\"article:publisher\" content=\"https:\/\/www.facebook.com\/OrganisatorFachmagazin\" \/>\n<meta property=\"article:published_time\" content=\"2022-02-10T14:46:12+00:00\" \/>\n<meta property=\"article:modified_time\" content=\"2022-08-01T13:03:35+00:00\" \/>\n<meta property=\"og:image\" content=\"https:\/\/www.werbewoche.ch\/wp-content\/uploads\/2022\/02\/1-Cyberlink_Keysujet_3840x2160px.jpg\" \/>\n<meta name=\"author\" content=\"galledia\" \/>\n<meta name=\"twitter:card\" content=\"summary_large_image\" \/>\n<meta name=\"twitter:creator\" content=\"@admin\" \/>\n<script type=\"application\/ld+json\" class=\"yoast-schema-graph\">{\"@context\":\"https:\\\/\\\/schema.org\",\"@graph\":[{\"@type\":\"Article\",\"@id\":\"https:\\\/\\\/www.werbewoche.ch\\\/de\\\/marketing\\\/marken\\\/2022-02-10\\\/dachcom-verpasst-cyberlink-einen-dunklen-anstrich\\\/#article\",\"isPartOf\":{\"@id\":\"https:\\\/\\\/www.organisator.ch\\\/marketing\\\/2022-02-10\\\/dachcom-verpasst-cyberlink-einen-dunklen-anstrich\\\/\"},\"author\":{\"name\":\"galledia\",\"@id\":\"https:\\\/\\\/www.organisator.ch\\\/#\\\/schema\\\/person\\\/4e51799071cd2dd1232ac003643ef5f0\"},\"headline\":\"Dachcom verpasst Cyberlink einen dunklen Anstrich\",\"datePublished\":\"2022-02-10T14:46:12+00:00\",\"dateModified\":\"2022-08-01T13:03:35+00:00\",\"mainEntityOfPage\":{\"@id\":\"https:\\\/\\\/www.organisator.ch\\\/marketing\\\/2022-02-10\\\/dachcom-verpasst-cyberlink-einen-dunklen-anstrich\\\/\"},\"wordCount\":218,\"publisher\":{\"@id\":\"https:\\\/\\\/www.organisator.ch\\\/#organization\"},\"image\":{\"@id\":\"https:\\\/\\\/www.werbewoche.ch\\\/de\\\/marketing\\\/marken\\\/2022-02-10\\\/dachcom-verpasst-cyberlink-einen-dunklen-anstrich\\\/#primaryimage\"},\"thumbnailUrl\":\"https:\\\/\\\/www.werbewoche.ch\\\/wp-content\\\/uploads\\\/2022\\\/02\\\/1-Cyberlink_Keysujet_3840x2160px.jpg\",\"keywords\":[\"Dachcom\"],\"articleSection\":[\"MARKETING\"],\"inLanguage\":\"fr-FR\"},{\"@type\":\"WebPage\",\"@id\":\"https:\\\/\\\/www.organisator.ch\\\/marketing\\\/2022-02-10\\\/dachcom-verpasst-cyberlink-einen-dunklen-anstrich\\\/\",\"url\":\"https:\\\/\\\/www.werbewoche.ch\\\/de\\\/marketing\\\/marken\\\/2022-02-10\\\/dachcom-verpasst-cyberlink-einen-dunklen-anstrich\\\/\",\"name\":\"Dachcom verpasst Cyberlink einen dunklen Anstrich - Organisator\",\"isPartOf\":{\"@id\":\"https:\\\/\\\/www.organisator.ch\\\/#website\"},\"primaryImageOfPage\":{\"@id\":\"https:\\\/\\\/www.werbewoche.ch\\\/de\\\/marketing\\\/marken\\\/2022-02-10\\\/dachcom-verpasst-cyberlink-einen-dunklen-anstrich\\\/#primaryimage\"},\"image\":{\"@id\":\"https:\\\/\\\/www.werbewoche.ch\\\/de\\\/marketing\\\/marken\\\/2022-02-10\\\/dachcom-verpasst-cyberlink-einen-dunklen-anstrich\\\/#primaryimage\"},\"thumbnailUrl\":\"https:\\\/\\\/www.werbewoche.ch\\\/wp-content\\\/uploads\\\/2022\\\/02\\\/1-Cyberlink_Keysujet_3840x2160px.jpg\",\"datePublished\":\"2022-02-10T14:46:12+00:00\",\"dateModified\":\"2022-08-01T13:03:35+00:00\",\"description\":\"Cyberlink wagt einen neuen Webauftritt \u2013 fast ganz in schwarz. Der mutige Auftritt wurde von Dachcom konzipiert und umgesetzt.\",\"breadcrumb\":{\"@id\":\"https:\\\/\\\/www.werbewoche.ch\\\/de\\\/marketing\\\/marken\\\/2022-02-10\\\/dachcom-verpasst-cyberlink-einen-dunklen-anstrich\\\/#breadcrumb\"},\"inLanguage\":\"fr-FR\",\"potentialAction\":[{\"@type\":\"ReadAction\",\"target\":[\"https:\\\/\\\/www.werbewoche.ch\\\/de\\\/marketing\\\/marken\\\/2022-02-10\\\/dachcom-verpasst-cyberlink-einen-dunklen-anstrich\\\/\"]}]},{\"@type\":\"ImageObject\",\"inLanguage\":\"fr-FR\",\"@id\":\"https:\\\/\\\/www.werbewoche.ch\\\/de\\\/marketing\\\/marken\\\/2022-02-10\\\/dachcom-verpasst-cyberlink-einen-dunklen-anstrich\\\/#primaryimage\",\"url\":\"https:\\\/\\\/www.werbewoche.ch\\\/wp-content\\\/uploads\\\/2022\\\/02\\\/1-Cyberlink_Keysujet_3840x2160px.jpg\",\"contentUrl\":\"https:\\\/\\\/www.werbewoche.ch\\\/wp-content\\\/uploads\\\/2022\\\/02\\\/1-Cyberlink_Keysujet_3840x2160px.jpg\"},{\"@type\":\"BreadcrumbList\",\"@id\":\"https:\\\/\\\/www.werbewoche.ch\\\/de\\\/marketing\\\/marken\\\/2022-02-10\\\/dachcom-verpasst-cyberlink-einen-dunklen-anstrich\\\/#breadcrumb\",\"itemListElement\":[{\"@type\":\"ListItem\",\"position\":1,\"name\":\"Home\",\"item\":\"https:\\\/\\\/www.organisator.ch\\\/\"},{\"@type\":\"ListItem\",\"position\":2,\"name\":\"Dachcom verpasst Cyberlink einen dunklen Anstrich\"}]},{\"@type\":\"WebSite\",\"@id\":\"https:\\\/\\\/www.organisator.ch\\\/#website\",\"url\":\"https:\\\/\\\/www.organisator.ch\\\/\",\"name\":\"Organisator\",\"description\":\"Kompetent. Praxisnah. Der ORGANISATOR bereitet in 10 Ausgaben pro Jahr die wesentlichen Themen f\u00fcr F\u00fchrungskr\u00e4fte von KMU auf.\",\"publisher\":{\"@id\":\"https:\\\/\\\/www.organisator.ch\\\/#organization\"},\"potentialAction\":[{\"@type\":\"SearchAction\",\"target\":{\"@type\":\"EntryPoint\",\"urlTemplate\":\"https:\\\/\\\/www.organisator.ch\\\/?s={search_term_string}\"},\"query-input\":{\"@type\":\"PropertyValueSpecification\",\"valueRequired\":true,\"valueName\":\"search_term_string\"}}],\"inLanguage\":\"fr-FR\"},{\"@type\":\"Organization\",\"@id\":\"https:\\\/\\\/www.organisator.ch\\\/#organization\",\"name\":\"Organisator\",\"url\":\"https:\\\/\\\/www.organisator.ch\\\/\",\"logo\":{\"@type\":\"ImageObject\",\"inLanguage\":\"fr-FR\",\"@id\":\"https:\\\/\\\/www.organisator.ch\\\/#\\\/schema\\\/logo\\\/image\\\/\",\"url\":\"https:\\\/\\\/www.organisator.ch\\\/wp-content\\\/uploads\\\/2022\\\/01\\\/Logo_Organisator_Website.png\",\"contentUrl\":\"https:\\\/\\\/www.organisator.ch\\\/wp-content\\\/uploads\\\/2022\\\/01\\\/Logo_Organisator_Website.png\",\"width\":800,\"height\":77,\"caption\":\"Organisator\"},\"image\":{\"@id\":\"https:\\\/\\\/www.organisator.ch\\\/#\\\/schema\\\/logo\\\/image\\\/\"},\"sameAs\":[\"https:\\\/\\\/www.facebook.com\\\/OrganisatorFachmagazin\",\"https:\\\/\\\/www.linkedin.com\\\/showcase\\\/organisator-das-magazin-fr-kmu\",\"https:\\\/\\\/www.xing.com\\\/news\\\/pages\\\/organisator-ch-695\",\"https:\\\/\\\/www.youtube.com\\\/channel\\\/UCGP2Sq0iWaZwT3BdIAQFYpw\"]},{\"@type\":\"Person\",\"@id\":\"https:\\\/\\\/www.organisator.ch\\\/#\\\/schema\\\/person\\\/4e51799071cd2dd1232ac003643ef5f0\",\"name\":\"galledia\",\"image\":{\"@type\":\"ImageObject\",\"inLanguage\":\"fr-FR\",\"@id\":\"https:\\\/\\\/secure.gravatar.com\\\/avatar\\\/78a7f90c01fc2bfc875782a0d4922b37cde2cf184ce347b91316d23cd7f69a36?s=96&d=mm&r=g\",\"url\":\"https:\\\/\\\/secure.gravatar.com\\\/avatar\\\/78a7f90c01fc2bfc875782a0d4922b37cde2cf184ce347b91316d23cd7f69a36?s=96&d=mm&r=g\",\"contentUrl\":\"https:\\\/\\\/secure.gravatar.com\\\/avatar\\\/78a7f90c01fc2bfc875782a0d4922b37cde2cf184ce347b91316d23cd7f69a36?s=96&d=mm&r=g\",\"caption\":\"galledia\"},\"sameAs\":[\"https:\\\/\\\/x.com\\\/admin\"],\"url\":\"https:\\\/\\\/www.organisator.ch\\\/fr\\\/author\\\/galledia\\\/\"}]}<\/script>\n<!-- \/ Yoast SEO plugin. -->","yoast_head_json":{"title":"Dachcom donne une couleur sombre \u00e0 Cyberlink - Organisateur","description":"Cyberlink ose une nouvelle pr\u00e9sence sur le web - presque enti\u00e8rement en noir. Cette pr\u00e9sentation audacieuse a \u00e9t\u00e9 con\u00e7ue et r\u00e9alis\u00e9e par Dachcom.","robots":{"index":"index","follow":"follow","max-snippet":"max-snippet:-1","max-image-preview":"max-image-preview:large","max-video-preview":"max-video-preview:-1"},"canonical":"https:\/\/www.werbewoche.ch\/de\/marketing\/marken\/2022-02-10\/dachcom-verpasst-cyberlink-einen-dunklen-anstrich\/","og_locale":"fr_FR","og_type":"article","og_title":"Dachcom verpasst Cyberlink einen dunklen Anstrich - Organisator","og_description":"Cyberlink wagt einen neuen Webauftritt \u2013 fast ganz in schwarz. Der mutige Auftritt wurde von Dachcom konzipiert und umgesetzt.","og_url":"https:\/\/www.werbewoche.ch\/de\/marketing\/marken\/2022-02-10\/dachcom-verpasst-cyberlink-einen-dunklen-anstrich\/","og_site_name":"Organisator","article_publisher":"https:\/\/www.facebook.com\/OrganisatorFachmagazin","article_published_time":"2022-02-10T14:46:12+00:00","article_modified_time":"2022-08-01T13:03:35+00:00","og_image":[{"url":"https:\/\/www.werbewoche.ch\/wp-content\/uploads\/2022\/02\/1-Cyberlink_Keysujet_3840x2160px.jpg","type":"","width":"","height":""}],"author":"galledia","twitter_card":"summary_large_image","twitter_creator":"@admin","schema":{"@context":"https:\/\/schema.org","@graph":[{"@type":"Article","@id":"https:\/\/www.werbewoche.ch\/de\/marketing\/marken\/2022-02-10\/dachcom-verpasst-cyberlink-einen-dunklen-anstrich\/#article","isPartOf":{"@id":"https:\/\/www.organisator.ch\/marketing\/2022-02-10\/dachcom-verpasst-cyberlink-einen-dunklen-anstrich\/"},"author":{"name":"galledia","@id":"https:\/\/www.organisator.ch\/#\/schema\/person\/4e51799071cd2dd1232ac003643ef5f0"},"headline":"Dachcom verpasst Cyberlink einen dunklen Anstrich","datePublished":"2022-02-10T14:46:12+00:00","dateModified":"2022-08-01T13:03:35+00:00","mainEntityOfPage":{"@id":"https:\/\/www.organisator.ch\/marketing\/2022-02-10\/dachcom-verpasst-cyberlink-einen-dunklen-anstrich\/"},"wordCount":218,"publisher":{"@id":"https:\/\/www.organisator.ch\/#organization"},"image":{"@id":"https:\/\/www.werbewoche.ch\/de\/marketing\/marken\/2022-02-10\/dachcom-verpasst-cyberlink-einen-dunklen-anstrich\/#primaryimage"},"thumbnailUrl":"https:\/\/www.werbewoche.ch\/wp-content\/uploads\/2022\/02\/1-Cyberlink_Keysujet_3840x2160px.jpg","keywords":["Dachcom"],"articleSection":["MARKETING"],"inLanguage":"fr-FR"},{"@type":"WebPage","@id":"https:\/\/www.organisator.ch\/marketing\/2022-02-10\/dachcom-verpasst-cyberlink-einen-dunklen-anstrich\/","url":"https:\/\/www.werbewoche.ch\/de\/marketing\/marken\/2022-02-10\/dachcom-verpasst-cyberlink-einen-dunklen-anstrich\/","name":"Dachcom donne une couleur sombre \u00e0 Cyberlink - Organisateur","isPartOf":{"@id":"https:\/\/www.organisator.ch\/#website"},"primaryImageOfPage":{"@id":"https:\/\/www.werbewoche.ch\/de\/marketing\/marken\/2022-02-10\/dachcom-verpasst-cyberlink-einen-dunklen-anstrich\/#primaryimage"},"image":{"@id":"https:\/\/www.werbewoche.ch\/de\/marketing\/marken\/2022-02-10\/dachcom-verpasst-cyberlink-einen-dunklen-anstrich\/#primaryimage"},"thumbnailUrl":"https:\/\/www.werbewoche.ch\/wp-content\/uploads\/2022\/02\/1-Cyberlink_Keysujet_3840x2160px.jpg","datePublished":"2022-02-10T14:46:12+00:00","dateModified":"2022-08-01T13:03:35+00:00","description":"Cyberlink ose une nouvelle pr\u00e9sence sur le web - presque enti\u00e8rement en noir. Cette pr\u00e9sentation audacieuse a \u00e9t\u00e9 con\u00e7ue et r\u00e9alis\u00e9e par Dachcom.","breadcrumb":{"@id":"https:\/\/www.werbewoche.ch\/de\/marketing\/marken\/2022-02-10\/dachcom-verpasst-cyberlink-einen-dunklen-anstrich\/#breadcrumb"},"inLanguage":"fr-FR","potentialAction":[{"@type":"ReadAction","target":["https:\/\/www.werbewoche.ch\/de\/marketing\/marken\/2022-02-10\/dachcom-verpasst-cyberlink-einen-dunklen-anstrich\/"]}]},{"@type":"ImageObject","inLanguage":"fr-FR","@id":"https:\/\/www.werbewoche.ch\/de\/marketing\/marken\/2022-02-10\/dachcom-verpasst-cyberlink-einen-dunklen-anstrich\/#primaryimage","url":"https:\/\/www.werbewoche.ch\/wp-content\/uploads\/2022\/02\/1-Cyberlink_Keysujet_3840x2160px.jpg","contentUrl":"https:\/\/www.werbewoche.ch\/wp-content\/uploads\/2022\/02\/1-Cyberlink_Keysujet_3840x2160px.jpg"},{"@type":"BreadcrumbList","@id":"https:\/\/www.werbewoche.ch\/de\/marketing\/marken\/2022-02-10\/dachcom-verpasst-cyberlink-einen-dunklen-anstrich\/#breadcrumb","itemListElement":[{"@type":"ListItem","position":1,"name":"Home","item":"https:\/\/www.organisator.ch\/"},{"@type":"ListItem","position":2,"name":"Dachcom verpasst Cyberlink einen dunklen Anstrich"}]},{"@type":"WebSite","@id":"https:\/\/www.organisator.ch\/#website","url":"https:\/\/www.organisator.ch\/","name":"Organisateur","description":"Comp\u00e9tence et comp\u00e9tence. Proches de la pratique. L'ORGANISATEUR pr\u00e9pare 10 num\u00e9ros par an sur les th\u00e8mes essentiels pour les dirigeants de PME.","publisher":{"@id":"https:\/\/www.organisator.ch\/#organization"},"potentialAction":[{"@type":"SearchAction","target":{"@type":"EntryPoint","urlTemplate":"https:\/\/www.organisator.ch\/?s={search_term_string}"},"query-input":{"@type":"PropertyValueSpecification","valueRequired":true,"valueName":"search_term_string"}}],"inLanguage":"fr-FR"},{"@type":"Organization","@id":"https:\/\/www.organisator.ch\/#organization","name":"Organisateur","url":"https:\/\/www.organisator.ch\/","logo":{"@type":"ImageObject","inLanguage":"fr-FR","@id":"https:\/\/www.organisator.ch\/#\/schema\/logo\/image\/","url":"https:\/\/www.organisator.ch\/wp-content\/uploads\/2022\/01\/Logo_Organisator_Website.png","contentUrl":"https:\/\/www.organisator.ch\/wp-content\/uploads\/2022\/01\/Logo_Organisator_Website.png","width":800,"height":77,"caption":"Organisator"},"image":{"@id":"https:\/\/www.organisator.ch\/#\/schema\/logo\/image\/"},"sameAs":["https:\/\/www.facebook.com\/OrganisatorFachmagazin","https:\/\/www.linkedin.com\/showcase\/organisator-das-magazin-fr-kmu","https:\/\/www.xing.com\/news\/pages\/organisator-ch-695","https:\/\/www.youtube.com\/channel\/UCGP2Sq0iWaZwT3BdIAQFYpw"]},{"@type":"Person","@id":"https:\/\/www.organisator.ch\/#\/schema\/person\/4e51799071cd2dd1232ac003643ef5f0","name":"galledia","image":{"@type":"ImageObject","inLanguage":"fr-FR","@id":"https:\/\/secure.gravatar.com\/avatar\/78a7f90c01fc2bfc875782a0d4922b37cde2cf184ce347b91316d23cd7f69a36?s=96&d=mm&r=g","url":"https:\/\/secure.gravatar.com\/avatar\/78a7f90c01fc2bfc875782a0d4922b37cde2cf184ce347b91316d23cd7f69a36?s=96&d=mm&r=g","contentUrl":"https:\/\/secure.gravatar.com\/avatar\/78a7f90c01fc2bfc875782a0d4922b37cde2cf184ce347b91316d23cd7f69a36?s=96&d=mm&r=g","caption":"galledia"},"sameAs":["https:\/\/x.com\/admin"],"url":"https:\/\/www.organisator.ch\/fr\/author\/galledia\/"}]}},"_links":{"self":[{"href":"https:\/\/www.organisator.ch\/fr\/wp-json\/wp\/v2\/posts\/11173","targetHints":{"allow":["GET"]}}],"collection":[{"href":"https:\/\/www.organisator.ch\/fr\/wp-json\/wp\/v2\/posts"}],"about":[{"href":"https:\/\/www.organisator.ch\/fr\/wp-json\/wp\/v2\/types\/post"}],"author":[{"embeddable":true,"href":"https:\/\/www.organisator.ch\/fr\/wp-json\/wp\/v2\/users\/8"}],"replies":[{"embeddable":true,"href":"https:\/\/www.organisator.ch\/fr\/wp-json\/wp\/v2\/comments?post=11173"}],"version-history":[{"count":4,"href":"https:\/\/www.organisator.ch\/fr\/wp-json\/wp\/v2\/posts\/11173\/revisions"}],"predecessor-version":[{"id":16091,"href":"https:\/\/www.organisator.ch\/fr\/wp-json\/wp\/v2\/posts\/11173\/revisions\/16091"}],"wp:attachment":[{"href":"https:\/\/www.organisator.ch\/fr\/wp-json\/wp\/v2\/media?parent=11173"}],"wp:term":[{"taxonomy":"category","embeddable":true,"href":"https:\/\/www.organisator.ch\/fr\/wp-json\/wp\/v2\/categories?post=11173"},{"taxonomy":"post_tag","embeddable":true,"href":"https:\/\/www.organisator.ch\/fr\/wp-json\/wp\/v2\/tags?post=11173"}],"curies":[{"name":"wp","href":"https:\/\/api.w.org\/{rel}","templated":true}]}}