{"id":11175,"date":"2022-02-10T15:09:26","date_gmt":"2022-02-10T14:09:26","guid":{"rendered":"https:\/\/www.werbewoche.ch\/?p=165231"},"modified":"2022-08-01T15:54:26","modified_gmt":"2022-08-01T13:54:26","slug":"langsame-erholung-des-tourismus-in-basel-dank-schweizer-gaesten","status":"publish","type":"post","link":"https:\/\/www.organisator.ch\/fr\/marketing\/2022-02-10\/langsame-erholung-des-tourismus-in-basel-dank-schweizer-gaesten\/","title":{"rendered":"Lente reprise du tourisme \u00e0 B\u00e2le gr\u00e2ce aux visiteurs suisses"},"content":{"rendered":"<figure id=\"attachment_165232\" class=\"wp-caption aligncenter\" style=\"width: 1024px\" aria-describedby=\"caption-attachment-165232\"><img class=\"aligncenter wp-image-165232 size-full\" src=\"https:\/\/www.werbewoche.ch\/wp-content\/uploads\/2022\/02\/art-basel-keystone-kefalas.jpg\" alt=\"Tourisme\" width=\"1024\" height=\"768\" \/><figcaption id=\"caption-attachment-165232\" class=\"wp-caption-text\">Art Basel a assur\u00e9 le meilleur taux d'occupation dans les h\u00f4tels b\u00e2lois durant l'ann\u00e9e touristique 2021. (Image : Keystone\/Georgios Kefalas)<\/figcaption><\/figure>\r\nEn 2021, les h\u00f4tels b\u00e2lois ont enregistr\u00e9 784'607 nuit\u00e9es. C'est presque 44 pour cent de plus que l'ann\u00e9e pr\u00e9c\u00e9dente, qui entrera toutefois dans l'histoire comme une ann\u00e9e catastrophique, et pas seulement pour le tourisme \u00e0 B\u00e2le. Le taux d'occupation des chambres des 66 \u00e9tablissements h\u00f4teliers (+3), qui s'\u00e9l\u00e8ve en moyenne \u00e0 35%, se situe lui aussi toujours \u00e0 un niveau bas.\r\n\r\n\"Le plus gros est derri\u00e8re nous\", a d\u00e9clar\u00e9 Daniel Egloff, directeur de B\u00e2le Tourisme, lors d'une conf\u00e9rence de presse jeudi. Mais on est encore loin de la normalit\u00e9. Avec une augmentation des nuit\u00e9es de pr\u00e8s de 43,7%, B\u00e2le a fait mieux que les villes de r\u00e9f\u00e9rence que sont Zurich, Berne, Saint-Gall, Lausanne et Gen\u00e8ve, qui ont enregistr\u00e9 une hausse moyenne de 21,4%.\r\n\r\nEgloff a mentionn\u00e9 un point r\u00e9jouissant : les visiteurs suisses ont enregistr\u00e9 une croissance marqu\u00e9e de pr\u00e8s de 44%. Ils ont comptabilis\u00e9 plus de la moiti\u00e9 de toutes les nuit\u00e9es et ont m\u00eame \u00e9tabli des records pour les mois d'ao\u00fbt \u00e0 octobre. Sans surprise, la valeur des nuit\u00e9es des visiteurs d'Am\u00e9rique et d'Asie ne s'est gu\u00e8re redress\u00e9e, alors que les h\u00f4tes des pays europ\u00e9ens reprennent lentement le chemin de B\u00e2le.\r\n<h3>L'essor du tourisme de loisirs<\/h3>\r\nLe fait que le taux d'occupation des h\u00f4tels ait \u00e9t\u00e9 nettement plus \u00e9lev\u00e9 le week-end que les jours ouvrables est le signe, selon Egloff, que la reprise est surtout due au tourisme de loisirs.\r\n\r\nPour le moment, le tourisme d'affaires, de foires et de congr\u00e8s est encore en difficult\u00e9. Et dans ce domaine, les perspectives \u00e0 moyen terme sont encore incertaines : dans le secteur des affaires, les outils de communication num\u00e9riques, qui sont d\u00e9sormais utilis\u00e9s de mani\u00e8re plus intensive, devraient avoir un effet durable sur les voyages.\r\n\r\nDans le domaine du tourisme de foire, les responsables ne s'attendent pas non plus \u00e0 une reprise \u00e0 100 %, compte tenu de la crise de l'exploitant de foires et salons MCH Group. B\u00e2le Tourisme s'engagera toutefois activement pour une croissance du tourisme de congr\u00e8s.\r\n\r\nSur la base de ces objectifs, B\u00e2le Tourisme s'attend \u00e0 une augmentation mod\u00e9r\u00e9e du nombre de nuit\u00e9es de 10 \u00e0 20 % pour l'ann\u00e9e 2022 en cours.\r\n\r\nIl est r\u00e9jouissant de constater qu'en raison des bonnes perspectives li\u00e9es \u00e0 la pand\u00e9mie Covid 19, B\u00e2le pourra proposer un grand nombre d'\u00e9v\u00e9nements de premier plan : On a mentionn\u00e9 le report de la foire Swissbau, le festival de musique militaire Basel Tattoo, les Swiss Indoors et aussi Art Basel, qui avait d\u00e9j\u00e0 fait grimper le taux d'occupation des chambres au plus haut niveau de la journ\u00e9e l'ann\u00e9e derni\u00e8re.\r\n\r\nOutre la F\u00eate f\u00e9d\u00e9rale de lutte suisse et des jeux alpestres \u00e0 Pratteln (BL), les expositions des mus\u00e9es b\u00e2lois ont \u00e9galement fait partie des \u00e9v\u00e9nements phares. Avec l'exposition Mondrian \u00e0 la Fondation Beyeler et El Greco\/Picasso au Kunstmuseum Basel, deux expositions \u00e0 succ\u00e8s figurent au programme annuel. <em>(SDA)<\/em>","protected":false},"excerpt":{"rendered":"<p>Um Jahr 2021 haben die Basler Hotels 784\u2019607 Logiern\u00e4chte verbucht. Das waren fast 44 Prozent mehr als im Vorjahr, das allerdings als Katastrophenjahr in die Geschichte wohl nicht nur des Tourismus in Basel eingehen wird. Auch die Zimmerauslastung der 66 Hotelbetriebe (+3) von durchschnittlich 35 Prozent bewegte sich noch immer auf einem tiefen Niveau. \u00abDas [\u2026]<\/p>\n","protected":false},"author":8,"featured_media":0,"comment_status":"closed","ping_status":"closed","sticky":false,"template":"","format":"standard","meta":{"_acf_changed":false,"_yoast_wpseo_focuskw":"Tourismus","_yoast_wpseo_metadesc":"Dank eines Zuwachses an Schweizer G\u00e4sten hat sich der Tourismus in Basel im zweiten Pandemiejahr 2021 etwas erholt.","articlekey":"","footnotes":""},"categories":[29],"tags":[2647,2317],"class_list":["post-11175","post","type-post","status-publish","format-standard","hentry","category-marketing","tag-basel-tourismus","tag-tourismus"],"acf":[],"yoast_head":"<!-- This site is optimized with the Yoast SEO plugin v27.4 - https:\/\/yoast.com\/product\/yoast-seo-wordpress\/ -->\n<title>Langsame Erholung des Tourismus in Basel dank Schweizer G\u00e4sten - Organisator<\/title>\n<meta name=\"description\" content=\"Dank eines Zuwachses an Schweizer G\u00e4sten hat sich der Tourismus in Basel im zweiten Pandemiejahr 2021 etwas erholt.\" \/>\n<meta name=\"robots\" content=\"index, follow, max-snippet:-1, max-image-preview:large, max-video-preview:-1\" \/>\n<link rel=\"canonical\" href=\"https:\/\/www.werbewoche.ch\/de\/marketing\/2022-02-10\/langsame-erholung-des-tourismus-in-basel-dank-schweizer-gaesten\/\" \/>\n<meta property=\"og:locale\" content=\"fr_FR\" \/>\n<meta property=\"og:type\" content=\"article\" \/>\n<meta property=\"og:title\" content=\"Langsame Erholung des Tourismus in Basel dank Schweizer G\u00e4sten - Organisator\" \/>\n<meta property=\"og:description\" content=\"Dank eines Zuwachses an Schweizer G\u00e4sten hat sich der Tourismus in Basel im zweiten Pandemiejahr 2021 etwas erholt.\" \/>\n<meta property=\"og:url\" content=\"https:\/\/www.werbewoche.ch\/de\/marketing\/2022-02-10\/langsame-erholung-des-tourismus-in-basel-dank-schweizer-gaesten\/\" \/>\n<meta property=\"og:site_name\" content=\"Organisator\" \/>\n<meta property=\"article:publisher\" content=\"https:\/\/www.facebook.com\/OrganisatorFachmagazin\" \/>\n<meta property=\"article:published_time\" content=\"2022-02-10T14:09:26+00:00\" \/>\n<meta property=\"article:modified_time\" content=\"2022-08-01T13:54:26+00:00\" \/>\n<meta property=\"og:image\" content=\"https:\/\/www.werbewoche.ch\/wp-content\/uploads\/2022\/02\/art-basel-keystone-kefalas.jpg\" \/>\n<meta name=\"author\" content=\"galledia\" \/>\n<meta name=\"twitter:card\" content=\"summary_large_image\" \/>\n<meta name=\"twitter:creator\" content=\"@admin\" \/>\n<script type=\"application\/ld+json\" class=\"yoast-schema-graph\">{\"@context\":\"https:\\\/\\\/schema.org\",\"@graph\":[{\"@type\":\"Article\",\"@id\":\"https:\\\/\\\/www.werbewoche.ch\\\/de\\\/marketing\\\/2022-02-10\\\/langsame-erholung-des-tourismus-in-basel-dank-schweizer-gaesten\\\/#article\",\"isPartOf\":{\"@id\":\"https:\\\/\\\/www.organisator.ch\\\/marketing\\\/2022-02-10\\\/langsame-erholung-des-tourismus-in-basel-dank-schweizer-gaesten\\\/\"},\"author\":{\"name\":\"galledia\",\"@id\":\"https:\\\/\\\/www.organisator.ch\\\/#\\\/schema\\\/person\\\/4e51799071cd2dd1232ac003643ef5f0\"},\"headline\":\"Langsame Erholung des Tourismus in Basel dank Schweizer G\u00e4sten\",\"datePublished\":\"2022-02-10T14:09:26+00:00\",\"dateModified\":\"2022-08-01T13:54:26+00:00\",\"mainEntityOfPage\":{\"@id\":\"https:\\\/\\\/www.organisator.ch\\\/marketing\\\/2022-02-10\\\/langsame-erholung-des-tourismus-in-basel-dank-schweizer-gaesten\\\/\"},\"wordCount\":446,\"publisher\":{\"@id\":\"https:\\\/\\\/www.organisator.ch\\\/#organization\"},\"image\":{\"@id\":\"https:\\\/\\\/www.werbewoche.ch\\\/de\\\/marketing\\\/2022-02-10\\\/langsame-erholung-des-tourismus-in-basel-dank-schweizer-gaesten\\\/#primaryimage\"},\"thumbnailUrl\":\"https:\\\/\\\/www.werbewoche.ch\\\/wp-content\\\/uploads\\\/2022\\\/02\\\/art-basel-keystone-kefalas.jpg\",\"keywords\":[\"Basel Tourismus\",\"Tourismus\"],\"articleSection\":[\"MARKETING\"],\"inLanguage\":\"fr-FR\"},{\"@type\":\"WebPage\",\"@id\":\"https:\\\/\\\/www.organisator.ch\\\/marketing\\\/2022-02-10\\\/langsame-erholung-des-tourismus-in-basel-dank-schweizer-gaesten\\\/\",\"url\":\"https:\\\/\\\/www.werbewoche.ch\\\/de\\\/marketing\\\/2022-02-10\\\/langsame-erholung-des-tourismus-in-basel-dank-schweizer-gaesten\\\/\",\"name\":\"Langsame Erholung des Tourismus in Basel dank Schweizer G\u00e4sten - Organisator\",\"isPartOf\":{\"@id\":\"https:\\\/\\\/www.organisator.ch\\\/#website\"},\"primaryImageOfPage\":{\"@id\":\"https:\\\/\\\/www.werbewoche.ch\\\/de\\\/marketing\\\/2022-02-10\\\/langsame-erholung-des-tourismus-in-basel-dank-schweizer-gaesten\\\/#primaryimage\"},\"image\":{\"@id\":\"https:\\\/\\\/www.werbewoche.ch\\\/de\\\/marketing\\\/2022-02-10\\\/langsame-erholung-des-tourismus-in-basel-dank-schweizer-gaesten\\\/#primaryimage\"},\"thumbnailUrl\":\"https:\\\/\\\/www.werbewoche.ch\\\/wp-content\\\/uploads\\\/2022\\\/02\\\/art-basel-keystone-kefalas.jpg\",\"datePublished\":\"2022-02-10T14:09:26+00:00\",\"dateModified\":\"2022-08-01T13:54:26+00:00\",\"description\":\"Dank eines Zuwachses an Schweizer G\u00e4sten hat sich der Tourismus in Basel im zweiten Pandemiejahr 2021 etwas erholt.\",\"breadcrumb\":{\"@id\":\"https:\\\/\\\/www.werbewoche.ch\\\/de\\\/marketing\\\/2022-02-10\\\/langsame-erholung-des-tourismus-in-basel-dank-schweizer-gaesten\\\/#breadcrumb\"},\"inLanguage\":\"fr-FR\",\"potentialAction\":[{\"@type\":\"ReadAction\",\"target\":[\"https:\\\/\\\/www.werbewoche.ch\\\/de\\\/marketing\\\/2022-02-10\\\/langsame-erholung-des-tourismus-in-basel-dank-schweizer-gaesten\\\/\"]}]},{\"@type\":\"ImageObject\",\"inLanguage\":\"fr-FR\",\"@id\":\"https:\\\/\\\/www.werbewoche.ch\\\/de\\\/marketing\\\/2022-02-10\\\/langsame-erholung-des-tourismus-in-basel-dank-schweizer-gaesten\\\/#primaryimage\",\"url\":\"https:\\\/\\\/www.werbewoche.ch\\\/wp-content\\\/uploads\\\/2022\\\/02\\\/art-basel-keystone-kefalas.jpg\",\"contentUrl\":\"https:\\\/\\\/www.werbewoche.ch\\\/wp-content\\\/uploads\\\/2022\\\/02\\\/art-basel-keystone-kefalas.jpg\"},{\"@type\":\"BreadcrumbList\",\"@id\":\"https:\\\/\\\/www.werbewoche.ch\\\/de\\\/marketing\\\/2022-02-10\\\/langsame-erholung-des-tourismus-in-basel-dank-schweizer-gaesten\\\/#breadcrumb\",\"itemListElement\":[{\"@type\":\"ListItem\",\"position\":1,\"name\":\"Home\",\"item\":\"https:\\\/\\\/www.organisator.ch\\\/\"},{\"@type\":\"ListItem\",\"position\":2,\"name\":\"Langsame Erholung des Tourismus in Basel dank Schweizer G\u00e4sten\"}]},{\"@type\":\"WebSite\",\"@id\":\"https:\\\/\\\/www.organisator.ch\\\/#website\",\"url\":\"https:\\\/\\\/www.organisator.ch\\\/\",\"name\":\"Organisator\",\"description\":\"Kompetent. Praxisnah. Der ORGANISATOR bereitet in 10 Ausgaben pro Jahr die wesentlichen Themen f\u00fcr F\u00fchrungskr\u00e4fte von KMU auf.\",\"publisher\":{\"@id\":\"https:\\\/\\\/www.organisator.ch\\\/#organization\"},\"potentialAction\":[{\"@type\":\"SearchAction\",\"target\":{\"@type\":\"EntryPoint\",\"urlTemplate\":\"https:\\\/\\\/www.organisator.ch\\\/?s={search_term_string}\"},\"query-input\":{\"@type\":\"PropertyValueSpecification\",\"valueRequired\":true,\"valueName\":\"search_term_string\"}}],\"inLanguage\":\"fr-FR\"},{\"@type\":\"Organization\",\"@id\":\"https:\\\/\\\/www.organisator.ch\\\/#organization\",\"name\":\"Organisator\",\"url\":\"https:\\\/\\\/www.organisator.ch\\\/\",\"logo\":{\"@type\":\"ImageObject\",\"inLanguage\":\"fr-FR\",\"@id\":\"https:\\\/\\\/www.organisator.ch\\\/#\\\/schema\\\/logo\\\/image\\\/\",\"url\":\"https:\\\/\\\/www.organisator.ch\\\/wp-content\\\/uploads\\\/2022\\\/01\\\/Logo_Organisator_Website.png\",\"contentUrl\":\"https:\\\/\\\/www.organisator.ch\\\/wp-content\\\/uploads\\\/2022\\\/01\\\/Logo_Organisator_Website.png\",\"width\":800,\"height\":77,\"caption\":\"Organisator\"},\"image\":{\"@id\":\"https:\\\/\\\/www.organisator.ch\\\/#\\\/schema\\\/logo\\\/image\\\/\"},\"sameAs\":[\"https:\\\/\\\/www.facebook.com\\\/OrganisatorFachmagazin\",\"https:\\\/\\\/www.linkedin.com\\\/showcase\\\/organisator-das-magazin-fr-kmu\",\"https:\\\/\\\/www.xing.com\\\/news\\\/pages\\\/organisator-ch-695\",\"https:\\\/\\\/www.youtube.com\\\/channel\\\/UCGP2Sq0iWaZwT3BdIAQFYpw\"]},{\"@type\":\"Person\",\"@id\":\"https:\\\/\\\/www.organisator.ch\\\/#\\\/schema\\\/person\\\/4e51799071cd2dd1232ac003643ef5f0\",\"name\":\"galledia\",\"image\":{\"@type\":\"ImageObject\",\"inLanguage\":\"fr-FR\",\"@id\":\"https:\\\/\\\/secure.gravatar.com\\\/avatar\\\/78a7f90c01fc2bfc875782a0d4922b37cde2cf184ce347b91316d23cd7f69a36?s=96&d=mm&r=g\",\"url\":\"https:\\\/\\\/secure.gravatar.com\\\/avatar\\\/78a7f90c01fc2bfc875782a0d4922b37cde2cf184ce347b91316d23cd7f69a36?s=96&d=mm&r=g\",\"contentUrl\":\"https:\\\/\\\/secure.gravatar.com\\\/avatar\\\/78a7f90c01fc2bfc875782a0d4922b37cde2cf184ce347b91316d23cd7f69a36?s=96&d=mm&r=g\",\"caption\":\"galledia\"},\"sameAs\":[\"https:\\\/\\\/x.com\\\/admin\"],\"url\":\"https:\\\/\\\/www.organisator.ch\\\/fr\\\/author\\\/galledia\\\/\"}]}<\/script>\n<!-- \/ Yoast SEO plugin. -->","yoast_head_json":{"title":"Lente reprise du tourisme \u00e0 B\u00e2le gr\u00e2ce aux visiteurs suisses - Organisateur","description":"Gr\u00e2ce \u00e0 une augmentation du nombre de visiteurs suisses, le tourisme \u00e0 B\u00e2le s'est quelque peu r\u00e9tabli en 2021, deuxi\u00e8me ann\u00e9e de la pand\u00e9mie.","robots":{"index":"index","follow":"follow","max-snippet":"max-snippet:-1","max-image-preview":"max-image-preview:large","max-video-preview":"max-video-preview:-1"},"canonical":"https:\/\/www.werbewoche.ch\/de\/marketing\/2022-02-10\/langsame-erholung-des-tourismus-in-basel-dank-schweizer-gaesten\/","og_locale":"fr_FR","og_type":"article","og_title":"Langsame Erholung des Tourismus in Basel dank Schweizer G\u00e4sten - Organisator","og_description":"Dank eines Zuwachses an Schweizer G\u00e4sten hat sich der Tourismus in Basel im zweiten Pandemiejahr 2021 etwas erholt.","og_url":"https:\/\/www.werbewoche.ch\/de\/marketing\/2022-02-10\/langsame-erholung-des-tourismus-in-basel-dank-schweizer-gaesten\/","og_site_name":"Organisator","article_publisher":"https:\/\/www.facebook.com\/OrganisatorFachmagazin","article_published_time":"2022-02-10T14:09:26+00:00","article_modified_time":"2022-08-01T13:54:26+00:00","og_image":[{"url":"https:\/\/www.werbewoche.ch\/wp-content\/uploads\/2022\/02\/art-basel-keystone-kefalas.jpg","type":"","width":"","height":""}],"author":"galledia","twitter_card":"summary_large_image","twitter_creator":"@admin","schema":{"@context":"https:\/\/schema.org","@graph":[{"@type":"Article","@id":"https:\/\/www.werbewoche.ch\/de\/marketing\/2022-02-10\/langsame-erholung-des-tourismus-in-basel-dank-schweizer-gaesten\/#article","isPartOf":{"@id":"https:\/\/www.organisator.ch\/marketing\/2022-02-10\/langsame-erholung-des-tourismus-in-basel-dank-schweizer-gaesten\/"},"author":{"name":"galledia","@id":"https:\/\/www.organisator.ch\/#\/schema\/person\/4e51799071cd2dd1232ac003643ef5f0"},"headline":"Langsame Erholung des Tourismus in Basel dank Schweizer G\u00e4sten","datePublished":"2022-02-10T14:09:26+00:00","dateModified":"2022-08-01T13:54:26+00:00","mainEntityOfPage":{"@id":"https:\/\/www.organisator.ch\/marketing\/2022-02-10\/langsame-erholung-des-tourismus-in-basel-dank-schweizer-gaesten\/"},"wordCount":446,"publisher":{"@id":"https:\/\/www.organisator.ch\/#organization"},"image":{"@id":"https:\/\/www.werbewoche.ch\/de\/marketing\/2022-02-10\/langsame-erholung-des-tourismus-in-basel-dank-schweizer-gaesten\/#primaryimage"},"thumbnailUrl":"https:\/\/www.werbewoche.ch\/wp-content\/uploads\/2022\/02\/art-basel-keystone-kefalas.jpg","keywords":["Basel Tourismus","Tourismus"],"articleSection":["MARKETING"],"inLanguage":"fr-FR"},{"@type":"WebPage","@id":"https:\/\/www.organisator.ch\/marketing\/2022-02-10\/langsame-erholung-des-tourismus-in-basel-dank-schweizer-gaesten\/","url":"https:\/\/www.werbewoche.ch\/de\/marketing\/2022-02-10\/langsame-erholung-des-tourismus-in-basel-dank-schweizer-gaesten\/","name":"Lente reprise du tourisme \u00e0 B\u00e2le gr\u00e2ce aux visiteurs suisses - Organisateur","isPartOf":{"@id":"https:\/\/www.organisator.ch\/#website"},"primaryImageOfPage":{"@id":"https:\/\/www.werbewoche.ch\/de\/marketing\/2022-02-10\/langsame-erholung-des-tourismus-in-basel-dank-schweizer-gaesten\/#primaryimage"},"image":{"@id":"https:\/\/www.werbewoche.ch\/de\/marketing\/2022-02-10\/langsame-erholung-des-tourismus-in-basel-dank-schweizer-gaesten\/#primaryimage"},"thumbnailUrl":"https:\/\/www.werbewoche.ch\/wp-content\/uploads\/2022\/02\/art-basel-keystone-kefalas.jpg","datePublished":"2022-02-10T14:09:26+00:00","dateModified":"2022-08-01T13:54:26+00:00","description":"Gr\u00e2ce \u00e0 une augmentation du nombre de visiteurs suisses, le tourisme \u00e0 B\u00e2le s'est quelque peu r\u00e9tabli en 2021, deuxi\u00e8me ann\u00e9e de la pand\u00e9mie.","breadcrumb":{"@id":"https:\/\/www.werbewoche.ch\/de\/marketing\/2022-02-10\/langsame-erholung-des-tourismus-in-basel-dank-schweizer-gaesten\/#breadcrumb"},"inLanguage":"fr-FR","potentialAction":[{"@type":"ReadAction","target":["https:\/\/www.werbewoche.ch\/de\/marketing\/2022-02-10\/langsame-erholung-des-tourismus-in-basel-dank-schweizer-gaesten\/"]}]},{"@type":"ImageObject","inLanguage":"fr-FR","@id":"https:\/\/www.werbewoche.ch\/de\/marketing\/2022-02-10\/langsame-erholung-des-tourismus-in-basel-dank-schweizer-gaesten\/#primaryimage","url":"https:\/\/www.werbewoche.ch\/wp-content\/uploads\/2022\/02\/art-basel-keystone-kefalas.jpg","contentUrl":"https:\/\/www.werbewoche.ch\/wp-content\/uploads\/2022\/02\/art-basel-keystone-kefalas.jpg"},{"@type":"BreadcrumbList","@id":"https:\/\/www.werbewoche.ch\/de\/marketing\/2022-02-10\/langsame-erholung-des-tourismus-in-basel-dank-schweizer-gaesten\/#breadcrumb","itemListElement":[{"@type":"ListItem","position":1,"name":"Home","item":"https:\/\/www.organisator.ch\/"},{"@type":"ListItem","position":2,"name":"Langsame Erholung des Tourismus in Basel dank Schweizer G\u00e4sten"}]},{"@type":"WebSite","@id":"https:\/\/www.organisator.ch\/#website","url":"https:\/\/www.organisator.ch\/","name":"Organisateur","description":"Comp\u00e9tence et comp\u00e9tence. Proches de la pratique. L'ORGANISATEUR pr\u00e9pare 10 num\u00e9ros par an sur les th\u00e8mes essentiels pour les dirigeants de PME.","publisher":{"@id":"https:\/\/www.organisator.ch\/#organization"},"potentialAction":[{"@type":"SearchAction","target":{"@type":"EntryPoint","urlTemplate":"https:\/\/www.organisator.ch\/?s={search_term_string}"},"query-input":{"@type":"PropertyValueSpecification","valueRequired":true,"valueName":"search_term_string"}}],"inLanguage":"fr-FR"},{"@type":"Organization","@id":"https:\/\/www.organisator.ch\/#organization","name":"Organisateur","url":"https:\/\/www.organisator.ch\/","logo":{"@type":"ImageObject","inLanguage":"fr-FR","@id":"https:\/\/www.organisator.ch\/#\/schema\/logo\/image\/","url":"https:\/\/www.organisator.ch\/wp-content\/uploads\/2022\/01\/Logo_Organisator_Website.png","contentUrl":"https:\/\/www.organisator.ch\/wp-content\/uploads\/2022\/01\/Logo_Organisator_Website.png","width":800,"height":77,"caption":"Organisator"},"image":{"@id":"https:\/\/www.organisator.ch\/#\/schema\/logo\/image\/"},"sameAs":["https:\/\/www.facebook.com\/OrganisatorFachmagazin","https:\/\/www.linkedin.com\/showcase\/organisator-das-magazin-fr-kmu","https:\/\/www.xing.com\/news\/pages\/organisator-ch-695","https:\/\/www.youtube.com\/channel\/UCGP2Sq0iWaZwT3BdIAQFYpw"]},{"@type":"Person","@id":"https:\/\/www.organisator.ch\/#\/schema\/person\/4e51799071cd2dd1232ac003643ef5f0","name":"galledia","image":{"@type":"ImageObject","inLanguage":"fr-FR","@id":"https:\/\/secure.gravatar.com\/avatar\/78a7f90c01fc2bfc875782a0d4922b37cde2cf184ce347b91316d23cd7f69a36?s=96&d=mm&r=g","url":"https:\/\/secure.gravatar.com\/avatar\/78a7f90c01fc2bfc875782a0d4922b37cde2cf184ce347b91316d23cd7f69a36?s=96&d=mm&r=g","contentUrl":"https:\/\/secure.gravatar.com\/avatar\/78a7f90c01fc2bfc875782a0d4922b37cde2cf184ce347b91316d23cd7f69a36?s=96&d=mm&r=g","caption":"galledia"},"sameAs":["https:\/\/x.com\/admin"],"url":"https:\/\/www.organisator.ch\/fr\/author\/galledia\/"}]}},"_links":{"self":[{"href":"https:\/\/www.organisator.ch\/fr\/wp-json\/wp\/v2\/posts\/11175","targetHints":{"allow":["GET"]}}],"collection":[{"href":"https:\/\/www.organisator.ch\/fr\/wp-json\/wp\/v2\/posts"}],"about":[{"href":"https:\/\/www.organisator.ch\/fr\/wp-json\/wp\/v2\/types\/post"}],"author":[{"embeddable":true,"href":"https:\/\/www.organisator.ch\/fr\/wp-json\/wp\/v2\/users\/8"}],"replies":[{"embeddable":true,"href":"https:\/\/www.organisator.ch\/fr\/wp-json\/wp\/v2\/comments?post=11175"}],"version-history":[{"count":3,"href":"https:\/\/www.organisator.ch\/fr\/wp-json\/wp\/v2\/posts\/11175\/revisions"}],"predecessor-version":[{"id":16115,"href":"https:\/\/www.organisator.ch\/fr\/wp-json\/wp\/v2\/posts\/11175\/revisions\/16115"}],"wp:attachment":[{"href":"https:\/\/www.organisator.ch\/fr\/wp-json\/wp\/v2\/media?parent=11175"}],"wp:term":[{"taxonomy":"category","embeddable":true,"href":"https:\/\/www.organisator.ch\/fr\/wp-json\/wp\/v2\/categories?post=11175"},{"taxonomy":"post_tag","embeddable":true,"href":"https:\/\/www.organisator.ch\/fr\/wp-json\/wp\/v2\/tags?post=11175"}],"curies":[{"name":"wp","href":"https:\/\/api.w.org\/{rel}","templated":true}]}}