{"id":11178,"date":"2022-02-10T23:49:37","date_gmt":"2022-02-10T22:49:37","guid":{"rendered":"https:\/\/www.werbewoche.ch\/?p=165256"},"modified":"2022-08-03T11:04:55","modified_gmt":"2022-08-03T09:04:55","slug":"was-bedeutet-eigentlich-evp","status":"publish","type":"post","link":"https:\/\/www.organisator.ch\/fr\/marketing\/2022-02-10\/was-bedeutet-eigentlich-evp\/","title":{"rendered":"Que signifie au juste... \"PPE\" ?"},"content":{"rendered":"<img class=\"aligncenter wp-image-158930 size-full\" src=\"https:\/\/www.werbewoche.ch\/wp-content\/uploads\/2021\/10\/kolumne_pnp_wasnedeuteteigentlich.jpg\" alt=\"PEV\" width=\"1200\" height=\"801\" \/>\r\n\r\nJuste \u00e0 temps pour les \u00e9lections, un sigle fait des ravages dans les d\u00e9partements marketing et les agences, ou plut\u00f4t dans les d\u00e9partements des ressources humaines de ces entreprises : EVP.\r\n\r\nTandis que sa grande s\u0153ur, le PDC, a depuis longtemps adapt\u00e9 son nom au courant dominant et s'appelle tout simplement \"Parti \u00e9vang\u00e9lique suisse\". <em>Le centre<\/em> le PPE (Evangelische Volkspartei), fond\u00e9 en 1917, reste fid\u00e8le \u00e0 son orientation chr\u00e9tienne r\u00e9form\u00e9e et \u00e0 son nom. Jusqu'\u00e0 pr\u00e9sent, les deux voies ont toutefois conduit \u00e0 un succ\u00e8s \u00e9lectoral mod\u00e9r\u00e9. Mais ce n'est pas le sujet ici. Avec <em>PEV<\/em> il s'agit de l'Employee Value Proposition, qui est actuellement sur toutes les l\u00e8vres.\r\n<h3>L'argent et la c\u00e9l\u00e9brit\u00e9 ne font pas le bonheur<\/h3>\r\nAutrefois, il suffisait d'un salaire confortable et de la perspective de gagner quelques cubes de marbre pour attirer les bons \u00e9l\u00e9ments. Aujourd'hui, c'est l'ensemble du package - la PPE donc - qui doit \u00eatre adapt\u00e9 si une entreprise veut attirer des professionnels hautement sp\u00e9cialis\u00e9s.\r\n\r\nBien s\u00fbr, il y a toujours des gens qui veulent gagner beaucoup d'argent rapidement et remporter des prix, mais cette esp\u00e8ce s'\u00e9teint lentement. La main-d'\u0153uvre actuelle exige des entreprises d'autres incitations. \"What's in for me ?\" se demande-t-elle, faisant r\u00e9f\u00e9rence \u00e0 l'argent comme un aspect parmi d'autres (et un aspect qui, en Suisse, pays prosp\u00e8re, est moins important qu'ailleurs). Ce qui compte aujourd'hui, c'est plut\u00f4t la flexibilit\u00e9 dans le choix du temps, du lieu et de la charge de travail ainsi que la taille de l'espace pour d\u00e9velopper ses propres capacit\u00e9s et sa personnalit\u00e9.\r\n\r\nPour que tout cela soit garanti, la culture d'entreprise occupe une grande partie du package. Cela signifie que les valeurs et l'estime de l'\u00e9quipe et des cadres sont plus importantes que le montant du salaire. Ce n'est pas une t\u00e2che facile, surtout pour les cadres qui d\u00e9finissent leur identit\u00e9 en fonction de ce dernier. Et dans un secteur o\u00f9 la hi\u00e9rarchie et les titres sont presque aussi profond\u00e9ment ancr\u00e9s que dans l'industrie financi\u00e8re conservatrice - m\u00eame si l'emballage est plus d\u00e9contract\u00e9 -, il est plus difficile d'\u00e9tablir une PPE v\u00e9cue que de la r\u00e9citer sur quelques diapositives. Il ne suffit pas non plus d'organiser quelques rooftop-party et de penser que c'est termin\u00e9.\r\n\r\nNon, une Employee Value Proposition attrayante exige tout d'une entreprise et de son organisation. Transparence, flexibilit\u00e9 et curiosit\u00e9. Si elle ne propose pas cela, elle aura peut-\u00eatre encore des commandes, mais plus de collaborateurs pour les ex\u00e9cuter. Aujourd'hui, les bons professionnels choisissent leurs employeurs. Ce qui nous ram\u00e8ne \u00e0 la politique : C'est le \"peuple\" qui choisit les politiciens - et non l'inverse.\r\n\r\n<hr \/>\r\n\r\n<em>* <strong>Benno Maggi\u00a0<\/strong>est cofondateur et CEO de Partner &amp; Partner. Il \u00e9coute depuis plus de 30 ans dans le secteur et d\u00e9couvre ainsi pour nous des mots et des expressions qui peuvent \u00eatre utilis\u00e9s soit pour small talk, soit pour faire l'important, soit pour s'\u00e9nerver, soit pour jouer au Scrabble, soit tout simplement pour le plaisir.<\/em>","protected":false},"excerpt":{"rendered":"<p>Rechtzeitig zu den Wahlen treibt ein K\u00fcrzel sein Unwesen in den Marketing-Abteilungen und Agenturen, beziehungsweise vor allem in den Personalabteilungen dieser Unternehmen: EVP. W\u00e4hrend die grosse Schwester CVP ihren Namen l\u00e4ngst auf Mainstream getrimmt hat und sich schlicht Die Mitte nennt, bleibt die 1917 gegr\u00fcndete EVP (Evangelische Volkspartei) ihrer reformiert christlichen Ausrichtung und Namensgebung treu. [\u2026]<\/p>\n","protected":false},"author":8,"featured_media":0,"comment_status":"closed","ping_status":"closed","sticky":false,"template":"","format":"standard","meta":{"_acf_changed":false,"_yoast_wpseo_focuskw":"EVP","_yoast_wpseo_metadesc":"Benno Maggi erkl\u00e4rt in seiner Kolumne \u00abWas bedeutet eigentlich...?\u00bb Begriffe aus dem Marketing- und Kommunikationsbereich.","articlekey":"","footnotes":""},"categories":[29],"tags":[3308],"class_list":["post-11178","post","type-post","status-publish","format-standard","hentry","category-marketing","tag-evp"],"acf":[],"yoast_head":"<!-- This site is optimized with the Yoast SEO plugin v27.5 - https:\/\/yoast.com\/product\/yoast-seo-wordpress\/ -->\n<title>Was bedeutet eigentlich\u2026 \u00abEVP\u00bb? - Organisator<\/title>\n<meta name=\"description\" content=\"Benno Maggi erkl\u00e4rt in seiner Kolumne \u00abWas bedeutet eigentlich...?\u00bb Begriffe aus dem Marketing- und Kommunikationsbereich.\" \/>\n<meta name=\"robots\" content=\"index, follow, max-snippet:-1, max-image-preview:large, max-video-preview:-1\" \/>\n<link rel=\"canonical\" href=\"https:\/\/www.werbewoche.ch\/de\/marketing\/was-bedeutet-eigentlich\/2022-02-10\/was-bedeutet-eigentlich-evp\/\" \/>\n<meta property=\"og:locale\" content=\"fr_FR\" \/>\n<meta property=\"og:type\" content=\"article\" \/>\n<meta property=\"og:title\" content=\"Was bedeutet eigentlich\u2026 \u00abEVP\u00bb? - Organisator\" \/>\n<meta property=\"og:description\" content=\"Benno Maggi erkl\u00e4rt in seiner Kolumne \u00abWas bedeutet eigentlich...?\u00bb Begriffe aus dem Marketing- und Kommunikationsbereich.\" \/>\n<meta property=\"og:url\" content=\"https:\/\/www.werbewoche.ch\/de\/marketing\/was-bedeutet-eigentlich\/2022-02-10\/was-bedeutet-eigentlich-evp\/\" \/>\n<meta property=\"og:site_name\" content=\"Organisator\" \/>\n<meta property=\"article:publisher\" content=\"https:\/\/www.facebook.com\/OrganisatorFachmagazin\" \/>\n<meta property=\"article:published_time\" content=\"2022-02-10T22:49:37+00:00\" \/>\n<meta property=\"article:modified_time\" content=\"2022-08-03T09:04:55+00:00\" \/>\n<meta property=\"og:image\" content=\"https:\/\/www.werbewoche.ch\/wp-content\/uploads\/2021\/10\/kolumne_pnp_wasnedeuteteigentlich.jpg\" \/>\n<meta name=\"author\" content=\"galledia\" \/>\n<meta name=\"twitter:card\" content=\"summary_large_image\" \/>\n<meta name=\"twitter:creator\" content=\"@admin\" \/>\n<script type=\"application\/ld+json\" class=\"yoast-schema-graph\">{\"@context\":\"https:\\\/\\\/schema.org\",\"@graph\":[{\"@type\":\"Article\",\"@id\":\"https:\\\/\\\/www.werbewoche.ch\\\/de\\\/marketing\\\/was-bedeutet-eigentlich\\\/2022-02-10\\\/was-bedeutet-eigentlich-evp\\\/#article\",\"isPartOf\":{\"@id\":\"https:\\\/\\\/www.organisator.ch\\\/marketing\\\/2022-02-10\\\/was-bedeutet-eigentlich-evp\\\/\"},\"author\":{\"name\":\"galledia\",\"@id\":\"https:\\\/\\\/www.organisator.ch\\\/#\\\/schema\\\/person\\\/4e51799071cd2dd1232ac003643ef5f0\"},\"headline\":\"Was bedeutet eigentlich\u2026 \u00abEVP\u00bb?\",\"datePublished\":\"2022-02-10T22:49:37+00:00\",\"dateModified\":\"2022-08-03T09:04:55+00:00\",\"mainEntityOfPage\":{\"@id\":\"https:\\\/\\\/www.organisator.ch\\\/marketing\\\/2022-02-10\\\/was-bedeutet-eigentlich-evp\\\/\"},\"wordCount\":448,\"publisher\":{\"@id\":\"https:\\\/\\\/www.organisator.ch\\\/#organization\"},\"image\":{\"@id\":\"https:\\\/\\\/www.werbewoche.ch\\\/de\\\/marketing\\\/was-bedeutet-eigentlich\\\/2022-02-10\\\/was-bedeutet-eigentlich-evp\\\/#primaryimage\"},\"thumbnailUrl\":\"https:\\\/\\\/www.werbewoche.ch\\\/wp-content\\\/uploads\\\/2021\\\/10\\\/kolumne_pnp_wasnedeuteteigentlich.jpg\",\"keywords\":[\"EVP\"],\"articleSection\":[\"MARKETING\"],\"inLanguage\":\"fr-FR\"},{\"@type\":\"WebPage\",\"@id\":\"https:\\\/\\\/www.organisator.ch\\\/marketing\\\/2022-02-10\\\/was-bedeutet-eigentlich-evp\\\/\",\"url\":\"https:\\\/\\\/www.werbewoche.ch\\\/de\\\/marketing\\\/was-bedeutet-eigentlich\\\/2022-02-10\\\/was-bedeutet-eigentlich-evp\\\/\",\"name\":\"Was bedeutet eigentlich\u2026 \u00abEVP\u00bb? - Organisator\",\"isPartOf\":{\"@id\":\"https:\\\/\\\/www.organisator.ch\\\/#website\"},\"primaryImageOfPage\":{\"@id\":\"https:\\\/\\\/www.werbewoche.ch\\\/de\\\/marketing\\\/was-bedeutet-eigentlich\\\/2022-02-10\\\/was-bedeutet-eigentlich-evp\\\/#primaryimage\"},\"image\":{\"@id\":\"https:\\\/\\\/www.werbewoche.ch\\\/de\\\/marketing\\\/was-bedeutet-eigentlich\\\/2022-02-10\\\/was-bedeutet-eigentlich-evp\\\/#primaryimage\"},\"thumbnailUrl\":\"https:\\\/\\\/www.werbewoche.ch\\\/wp-content\\\/uploads\\\/2021\\\/10\\\/kolumne_pnp_wasnedeuteteigentlich.jpg\",\"datePublished\":\"2022-02-10T22:49:37+00:00\",\"dateModified\":\"2022-08-03T09:04:55+00:00\",\"description\":\"Benno Maggi erkl\u00e4rt in seiner Kolumne \u00abWas bedeutet eigentlich...?\u00bb Begriffe aus dem Marketing- und Kommunikationsbereich.\",\"breadcrumb\":{\"@id\":\"https:\\\/\\\/www.werbewoche.ch\\\/de\\\/marketing\\\/was-bedeutet-eigentlich\\\/2022-02-10\\\/was-bedeutet-eigentlich-evp\\\/#breadcrumb\"},\"inLanguage\":\"fr-FR\",\"potentialAction\":[{\"@type\":\"ReadAction\",\"target\":[\"https:\\\/\\\/www.werbewoche.ch\\\/de\\\/marketing\\\/was-bedeutet-eigentlich\\\/2022-02-10\\\/was-bedeutet-eigentlich-evp\\\/\"]}]},{\"@type\":\"ImageObject\",\"inLanguage\":\"fr-FR\",\"@id\":\"https:\\\/\\\/www.werbewoche.ch\\\/de\\\/marketing\\\/was-bedeutet-eigentlich\\\/2022-02-10\\\/was-bedeutet-eigentlich-evp\\\/#primaryimage\",\"url\":\"https:\\\/\\\/www.werbewoche.ch\\\/wp-content\\\/uploads\\\/2021\\\/10\\\/kolumne_pnp_wasnedeuteteigentlich.jpg\",\"contentUrl\":\"https:\\\/\\\/www.werbewoche.ch\\\/wp-content\\\/uploads\\\/2021\\\/10\\\/kolumne_pnp_wasnedeuteteigentlich.jpg\"},{\"@type\":\"BreadcrumbList\",\"@id\":\"https:\\\/\\\/www.werbewoche.ch\\\/de\\\/marketing\\\/was-bedeutet-eigentlich\\\/2022-02-10\\\/was-bedeutet-eigentlich-evp\\\/#breadcrumb\",\"itemListElement\":[{\"@type\":\"ListItem\",\"position\":1,\"name\":\"Home\",\"item\":\"https:\\\/\\\/www.organisator.ch\\\/\"},{\"@type\":\"ListItem\",\"position\":2,\"name\":\"Was bedeutet eigentlich\u2026 \u00abEVP\u00bb?\"}]},{\"@type\":\"WebSite\",\"@id\":\"https:\\\/\\\/www.organisator.ch\\\/#website\",\"url\":\"https:\\\/\\\/www.organisator.ch\\\/\",\"name\":\"Organisator\",\"description\":\"Kompetent. Praxisnah. Der ORGANISATOR bereitet in 10 Ausgaben pro Jahr die wesentlichen Themen f\u00fcr F\u00fchrungskr\u00e4fte von KMU auf.\",\"publisher\":{\"@id\":\"https:\\\/\\\/www.organisator.ch\\\/#organization\"},\"potentialAction\":[{\"@type\":\"SearchAction\",\"target\":{\"@type\":\"EntryPoint\",\"urlTemplate\":\"https:\\\/\\\/www.organisator.ch\\\/?s={search_term_string}\"},\"query-input\":{\"@type\":\"PropertyValueSpecification\",\"valueRequired\":true,\"valueName\":\"search_term_string\"}}],\"inLanguage\":\"fr-FR\"},{\"@type\":\"Organization\",\"@id\":\"https:\\\/\\\/www.organisator.ch\\\/#organization\",\"name\":\"Organisator\",\"url\":\"https:\\\/\\\/www.organisator.ch\\\/\",\"logo\":{\"@type\":\"ImageObject\",\"inLanguage\":\"fr-FR\",\"@id\":\"https:\\\/\\\/www.organisator.ch\\\/#\\\/schema\\\/logo\\\/image\\\/\",\"url\":\"https:\\\/\\\/www.organisator.ch\\\/wp-content\\\/uploads\\\/2022\\\/01\\\/Logo_Organisator_Website.png\",\"contentUrl\":\"https:\\\/\\\/www.organisator.ch\\\/wp-content\\\/uploads\\\/2022\\\/01\\\/Logo_Organisator_Website.png\",\"width\":800,\"height\":77,\"caption\":\"Organisator\"},\"image\":{\"@id\":\"https:\\\/\\\/www.organisator.ch\\\/#\\\/schema\\\/logo\\\/image\\\/\"},\"sameAs\":[\"https:\\\/\\\/www.facebook.com\\\/OrganisatorFachmagazin\",\"https:\\\/\\\/www.linkedin.com\\\/showcase\\\/organisator-das-magazin-fr-kmu\",\"https:\\\/\\\/www.xing.com\\\/news\\\/pages\\\/organisator-ch-695\",\"https:\\\/\\\/www.youtube.com\\\/channel\\\/UCGP2Sq0iWaZwT3BdIAQFYpw\"]},{\"@type\":\"Person\",\"@id\":\"https:\\\/\\\/www.organisator.ch\\\/#\\\/schema\\\/person\\\/4e51799071cd2dd1232ac003643ef5f0\",\"name\":\"galledia\",\"image\":{\"@type\":\"ImageObject\",\"inLanguage\":\"fr-FR\",\"@id\":\"https:\\\/\\\/secure.gravatar.com\\\/avatar\\\/78a7f90c01fc2bfc875782a0d4922b37cde2cf184ce347b91316d23cd7f69a36?s=96&d=mm&r=g\",\"url\":\"https:\\\/\\\/secure.gravatar.com\\\/avatar\\\/78a7f90c01fc2bfc875782a0d4922b37cde2cf184ce347b91316d23cd7f69a36?s=96&d=mm&r=g\",\"contentUrl\":\"https:\\\/\\\/secure.gravatar.com\\\/avatar\\\/78a7f90c01fc2bfc875782a0d4922b37cde2cf184ce347b91316d23cd7f69a36?s=96&d=mm&r=g\",\"caption\":\"galledia\"},\"sameAs\":[\"https:\\\/\\\/x.com\\\/admin\"],\"url\":\"https:\\\/\\\/www.organisator.ch\\\/fr\\\/author\\\/galledia\\\/\"}]}<\/script>\n<!-- \/ Yoast SEO plugin. -->","yoast_head_json":{"title":"Que signifie au juste... \"PPE\" ? - Organisateur","description":"Benno Maggi explique dans sa chronique \"Que signifie en fait...\" ? des termes utilis\u00e9s dans le domaine du marketing et de la communication.","robots":{"index":"index","follow":"follow","max-snippet":"max-snippet:-1","max-image-preview":"max-image-preview:large","max-video-preview":"max-video-preview:-1"},"canonical":"https:\/\/www.werbewoche.ch\/de\/marketing\/was-bedeutet-eigentlich\/2022-02-10\/was-bedeutet-eigentlich-evp\/","og_locale":"fr_FR","og_type":"article","og_title":"Was bedeutet eigentlich\u2026 \u00abEVP\u00bb? - Organisator","og_description":"Benno Maggi erkl\u00e4rt in seiner Kolumne \u00abWas bedeutet eigentlich...?\u00bb Begriffe aus dem Marketing- und Kommunikationsbereich.","og_url":"https:\/\/www.werbewoche.ch\/de\/marketing\/was-bedeutet-eigentlich\/2022-02-10\/was-bedeutet-eigentlich-evp\/","og_site_name":"Organisator","article_publisher":"https:\/\/www.facebook.com\/OrganisatorFachmagazin","article_published_time":"2022-02-10T22:49:37+00:00","article_modified_time":"2022-08-03T09:04:55+00:00","og_image":[{"url":"https:\/\/www.werbewoche.ch\/wp-content\/uploads\/2021\/10\/kolumne_pnp_wasnedeuteteigentlich.jpg","type":"","width":"","height":""}],"author":"galledia","twitter_card":"summary_large_image","twitter_creator":"@admin","schema":{"@context":"https:\/\/schema.org","@graph":[{"@type":"Article","@id":"https:\/\/www.werbewoche.ch\/de\/marketing\/was-bedeutet-eigentlich\/2022-02-10\/was-bedeutet-eigentlich-evp\/#article","isPartOf":{"@id":"https:\/\/www.organisator.ch\/marketing\/2022-02-10\/was-bedeutet-eigentlich-evp\/"},"author":{"name":"galledia","@id":"https:\/\/www.organisator.ch\/#\/schema\/person\/4e51799071cd2dd1232ac003643ef5f0"},"headline":"Was bedeutet eigentlich\u2026 \u00abEVP\u00bb?","datePublished":"2022-02-10T22:49:37+00:00","dateModified":"2022-08-03T09:04:55+00:00","mainEntityOfPage":{"@id":"https:\/\/www.organisator.ch\/marketing\/2022-02-10\/was-bedeutet-eigentlich-evp\/"},"wordCount":448,"publisher":{"@id":"https:\/\/www.organisator.ch\/#organization"},"image":{"@id":"https:\/\/www.werbewoche.ch\/de\/marketing\/was-bedeutet-eigentlich\/2022-02-10\/was-bedeutet-eigentlich-evp\/#primaryimage"},"thumbnailUrl":"https:\/\/www.werbewoche.ch\/wp-content\/uploads\/2021\/10\/kolumne_pnp_wasnedeuteteigentlich.jpg","keywords":["EVP"],"articleSection":["MARKETING"],"inLanguage":"fr-FR"},{"@type":"WebPage","@id":"https:\/\/www.organisator.ch\/marketing\/2022-02-10\/was-bedeutet-eigentlich-evp\/","url":"https:\/\/www.werbewoche.ch\/de\/marketing\/was-bedeutet-eigentlich\/2022-02-10\/was-bedeutet-eigentlich-evp\/","name":"Que signifie au juste... \"PPE\" ? - Organisateur","isPartOf":{"@id":"https:\/\/www.organisator.ch\/#website"},"primaryImageOfPage":{"@id":"https:\/\/www.werbewoche.ch\/de\/marketing\/was-bedeutet-eigentlich\/2022-02-10\/was-bedeutet-eigentlich-evp\/#primaryimage"},"image":{"@id":"https:\/\/www.werbewoche.ch\/de\/marketing\/was-bedeutet-eigentlich\/2022-02-10\/was-bedeutet-eigentlich-evp\/#primaryimage"},"thumbnailUrl":"https:\/\/www.werbewoche.ch\/wp-content\/uploads\/2021\/10\/kolumne_pnp_wasnedeuteteigentlich.jpg","datePublished":"2022-02-10T22:49:37+00:00","dateModified":"2022-08-03T09:04:55+00:00","description":"Benno Maggi explique dans sa chronique \"Que signifie en fait...\" ? des termes utilis\u00e9s dans le domaine du marketing et de la communication.","breadcrumb":{"@id":"https:\/\/www.werbewoche.ch\/de\/marketing\/was-bedeutet-eigentlich\/2022-02-10\/was-bedeutet-eigentlich-evp\/#breadcrumb"},"inLanguage":"fr-FR","potentialAction":[{"@type":"ReadAction","target":["https:\/\/www.werbewoche.ch\/de\/marketing\/was-bedeutet-eigentlich\/2022-02-10\/was-bedeutet-eigentlich-evp\/"]}]},{"@type":"ImageObject","inLanguage":"fr-FR","@id":"https:\/\/www.werbewoche.ch\/de\/marketing\/was-bedeutet-eigentlich\/2022-02-10\/was-bedeutet-eigentlich-evp\/#primaryimage","url":"https:\/\/www.werbewoche.ch\/wp-content\/uploads\/2021\/10\/kolumne_pnp_wasnedeuteteigentlich.jpg","contentUrl":"https:\/\/www.werbewoche.ch\/wp-content\/uploads\/2021\/10\/kolumne_pnp_wasnedeuteteigentlich.jpg"},{"@type":"BreadcrumbList","@id":"https:\/\/www.werbewoche.ch\/de\/marketing\/was-bedeutet-eigentlich\/2022-02-10\/was-bedeutet-eigentlich-evp\/#breadcrumb","itemListElement":[{"@type":"ListItem","position":1,"name":"Home","item":"https:\/\/www.organisator.ch\/"},{"@type":"ListItem","position":2,"name":"Was bedeutet eigentlich\u2026 \u00abEVP\u00bb?"}]},{"@type":"WebSite","@id":"https:\/\/www.organisator.ch\/#website","url":"https:\/\/www.organisator.ch\/","name":"Organisateur","description":"Comp\u00e9tence et comp\u00e9tence. Proches de la pratique. L'ORGANISATEUR pr\u00e9pare 10 num\u00e9ros par an sur les th\u00e8mes essentiels pour les dirigeants de PME.","publisher":{"@id":"https:\/\/www.organisator.ch\/#organization"},"potentialAction":[{"@type":"SearchAction","target":{"@type":"EntryPoint","urlTemplate":"https:\/\/www.organisator.ch\/?s={search_term_string}"},"query-input":{"@type":"PropertyValueSpecification","valueRequired":true,"valueName":"search_term_string"}}],"inLanguage":"fr-FR"},{"@type":"Organization","@id":"https:\/\/www.organisator.ch\/#organization","name":"Organisateur","url":"https:\/\/www.organisator.ch\/","logo":{"@type":"ImageObject","inLanguage":"fr-FR","@id":"https:\/\/www.organisator.ch\/#\/schema\/logo\/image\/","url":"https:\/\/www.organisator.ch\/wp-content\/uploads\/2022\/01\/Logo_Organisator_Website.png","contentUrl":"https:\/\/www.organisator.ch\/wp-content\/uploads\/2022\/01\/Logo_Organisator_Website.png","width":800,"height":77,"caption":"Organisator"},"image":{"@id":"https:\/\/www.organisator.ch\/#\/schema\/logo\/image\/"},"sameAs":["https:\/\/www.facebook.com\/OrganisatorFachmagazin","https:\/\/www.linkedin.com\/showcase\/organisator-das-magazin-fr-kmu","https:\/\/www.xing.com\/news\/pages\/organisator-ch-695","https:\/\/www.youtube.com\/channel\/UCGP2Sq0iWaZwT3BdIAQFYpw"]},{"@type":"Person","@id":"https:\/\/www.organisator.ch\/#\/schema\/person\/4e51799071cd2dd1232ac003643ef5f0","name":"galledia","image":{"@type":"ImageObject","inLanguage":"fr-FR","@id":"https:\/\/secure.gravatar.com\/avatar\/78a7f90c01fc2bfc875782a0d4922b37cde2cf184ce347b91316d23cd7f69a36?s=96&d=mm&r=g","url":"https:\/\/secure.gravatar.com\/avatar\/78a7f90c01fc2bfc875782a0d4922b37cde2cf184ce347b91316d23cd7f69a36?s=96&d=mm&r=g","contentUrl":"https:\/\/secure.gravatar.com\/avatar\/78a7f90c01fc2bfc875782a0d4922b37cde2cf184ce347b91316d23cd7f69a36?s=96&d=mm&r=g","caption":"galledia"},"sameAs":["https:\/\/x.com\/admin"],"url":"https:\/\/www.organisator.ch\/fr\/author\/galledia\/"}]}},"_links":{"self":[{"href":"https:\/\/www.organisator.ch\/fr\/wp-json\/wp\/v2\/posts\/11178","targetHints":{"allow":["GET"]}}],"collection":[{"href":"https:\/\/www.organisator.ch\/fr\/wp-json\/wp\/v2\/posts"}],"about":[{"href":"https:\/\/www.organisator.ch\/fr\/wp-json\/wp\/v2\/types\/post"}],"author":[{"embeddable":true,"href":"https:\/\/www.organisator.ch\/fr\/wp-json\/wp\/v2\/users\/8"}],"replies":[{"embeddable":true,"href":"https:\/\/www.organisator.ch\/fr\/wp-json\/wp\/v2\/comments?post=11178"}],"version-history":[{"count":3,"href":"https:\/\/www.organisator.ch\/fr\/wp-json\/wp\/v2\/posts\/11178\/revisions"}],"predecessor-version":[{"id":16324,"href":"https:\/\/www.organisator.ch\/fr\/wp-json\/wp\/v2\/posts\/11178\/revisions\/16324"}],"wp:attachment":[{"href":"https:\/\/www.organisator.ch\/fr\/wp-json\/wp\/v2\/media?parent=11178"}],"wp:term":[{"taxonomy":"category","embeddable":true,"href":"https:\/\/www.organisator.ch\/fr\/wp-json\/wp\/v2\/categories?post=11178"},{"taxonomy":"post_tag","embeddable":true,"href":"https:\/\/www.organisator.ch\/fr\/wp-json\/wp\/v2\/tags?post=11178"}],"curies":[{"name":"wp","href":"https:\/\/api.w.org\/{rel}","templated":true}]}}