{"id":11217,"date":"2022-02-14T15:25:18","date_gmt":"2022-02-14T14:25:18","guid":{"rendered":"https:\/\/www.organisator.ch\/?p=11217"},"modified":"2022-08-03T10:23:42","modified_gmt":"2022-08-03T08:23:42","slug":"achtung-wissensverlust-die-babyboomer-gehen-in-pension","status":"publish","type":"post","link":"https:\/\/www.organisator.ch\/fr\/abo\/2022-02-14\/achtung-wissensverlust-die-babyboomer-gehen-in-pension\/","title":{"rendered":"Attention \u00e0 la perte de savoir : les baby-boomers partent \u00e0 la retraite"},"content":{"rendered":"<div class=\"swpm-post-not-logged-in-msg\">Vous devez \u00eatre connect\u00e9 pour voir ce contenu. Veuillez <a class=\"swpm-login-link\" href=\"https:\/\/www.organisator.ch\/login\/\">Se connecter<\/a>. Pas un membre ? <a href=\"https:\/\/www.organisator.ch\/shop\/\">Nous Rejoindre<\/a><\/div>","protected":false},"excerpt":{"rendered":"<p>Vous devez \u00eatre connect\u00e9 pour voir ce contenu. Veuillez vous connecter. Vous n'\u00eates pas membre ? Nous Rejoindre<\/p>","protected":false},"author":1,"featured_media":11218,"comment_status":"closed","ping_status":"closed","sticky":false,"template":"","format":"standard","meta":{"_acf_changed":false,"_yoast_wpseo_focuskw":"Babyboomer","_yoast_wpseo_metadesc":"Wissenstr\u00e4ger vieler Unternehmen gehen in den n\u00e4chsten Jahren in Pension. Daher ist es jetzt dringend an der Zeit, als F\u00fchrungskraft zu reagieren und sich den unsch\u00e4tzbaren Erfahrungsschatz dieser Mitarbeiter zu sichern: Denn der Fachkr\u00e4ftemangel spitzt sich ab 2023 noch zu.","articlekey":"","footnotes":""},"categories":[578,579,28],"tags":[2653,68],"class_list":["post-11217","post","type-post","status-publish","format-standard","has-post-thumbnail","hentry","category-abo","category-human-resources","category-management","tag-ausgabe-11-12-2021","tag-babyboomer"],"acf":[],"yoast_head":"<!-- This site is optimized with the Yoast SEO plugin v27.5 - https:\/\/yoast.com\/product\/yoast-seo-wordpress\/ -->\n<title>Achtung Wissensverlust: Die Babyboomer gehen in Pension - Organisator<\/title>\n<meta name=\"description\" content=\"Wissenstr\u00e4ger vieler Unternehmen gehen in den n\u00e4chsten Jahren in Pension. Daher ist es jetzt dringend an der Zeit, als F\u00fchrungskraft zu reagieren und sich den unsch\u00e4tzbaren Erfahrungsschatz dieser Mitarbeiter zu sichern: Denn der Fachkr\u00e4ftemangel spitzt sich ab 2023 noch zu.\" \/>\n<meta name=\"robots\" content=\"index, follow, max-snippet:-1, max-image-preview:large, max-video-preview:-1\" \/>\n<link rel=\"canonical\" href=\"https:\/\/www.organisator.ch\/fr\/gestion-2\/2022-02-14\/achtung-wissensverlust-die-babyboomer-gehen-in-pension\/\" \/>\n<meta property=\"og:locale\" content=\"fr_FR\" \/>\n<meta property=\"og:type\" content=\"article\" \/>\n<meta property=\"og:title\" content=\"Achtung Wissensverlust: Die Babyboomer gehen in Pension - Organisator\" \/>\n<meta property=\"og:description\" content=\"Wissenstr\u00e4ger vieler Unternehmen gehen in den n\u00e4chsten Jahren in Pension. Daher ist es jetzt dringend an der Zeit, als F\u00fchrungskraft zu reagieren und sich den unsch\u00e4tzbaren Erfahrungsschatz dieser Mitarbeiter zu sichern: Denn der Fachkr\u00e4ftemangel spitzt sich ab 2023 noch zu.\" \/>\n<meta property=\"og:url\" content=\"https:\/\/www.organisator.ch\/fr\/gestion-2\/2022-02-14\/achtung-wissensverlust-die-babyboomer-gehen-in-pension\/\" \/>\n<meta property=\"og:site_name\" content=\"Organisator\" \/>\n<meta property=\"article:publisher\" content=\"https:\/\/www.facebook.com\/OrganisatorFachmagazin\" \/>\n<meta property=\"article:published_time\" content=\"2022-02-14T14:25:18+00:00\" \/>\n<meta property=\"article:modified_time\" content=\"2022-08-03T08:23:42+00:00\" \/>\n<meta property=\"og:image\" content=\"https:\/\/www.organisator.ch\/wp-content\/uploads\/2022\/02\/Organisator-Achtung-Wissensverlust-Die-Babyboomer-gehen-in-Pension.jpg\" \/>\n\t<meta property=\"og:image:width\" content=\"925\" \/>\n\t<meta property=\"og:image:height\" content=\"550\" \/>\n\t<meta property=\"og:image:type\" content=\"image\/jpeg\" \/>\n<meta name=\"author\" content=\"admin\" \/>\n<meta name=\"twitter:card\" content=\"summary_large_image\" \/>\n<script type=\"application\/ld+json\" class=\"yoast-schema-graph\">{\"@context\":\"https:\\\/\\\/schema.org\",\"@graph\":[{\"@type\":\"Article\",\"@id\":\"https:\\\/\\\/www.organisator.ch\\\/management\\\/2022-02-14\\\/achtung-wissensverlust-die-babyboomer-gehen-in-pension\\\/#article\",\"isPartOf\":{\"@id\":\"https:\\\/\\\/www.organisator.ch\\\/management\\\/2022-02-14\\\/achtung-wissensverlust-die-babyboomer-gehen-in-pension\\\/\"},\"author\":{\"name\":\"admin\",\"@id\":\"https:\\\/\\\/www.organisator.ch\\\/#\\\/schema\\\/person\\\/aa2bace6c5c5aad60102004a50c4eb1c\"},\"headline\":\"Achtung Wissensverlust: Die Babyboomer gehen in Pension\",\"datePublished\":\"2022-02-14T14:25:18+00:00\",\"dateModified\":\"2022-08-03T08:23:42+00:00\",\"mainEntityOfPage\":{\"@id\":\"https:\\\/\\\/www.organisator.ch\\\/management\\\/2022-02-14\\\/achtung-wissensverlust-die-babyboomer-gehen-in-pension\\\/\"},\"wordCount\":705,\"publisher\":{\"@id\":\"https:\\\/\\\/www.organisator.ch\\\/#organization\"},\"image\":{\"@id\":\"https:\\\/\\\/www.organisator.ch\\\/management\\\/2022-02-14\\\/achtung-wissensverlust-die-babyboomer-gehen-in-pension\\\/#primaryimage\"},\"thumbnailUrl\":\"https:\\\/\\\/www.organisator.ch\\\/wp-content\\\/uploads\\\/2022\\\/02\\\/Organisator-Achtung-Wissensverlust-Die-Babyboomer-gehen-in-Pension.jpg\",\"keywords\":[\"Ausgabe 11-12\\\/2021\",\"Babyboomer\"],\"articleSection\":[\"ABO+\",\"HUMAN RESOURCES\",\"MANAGEMENT\"],\"inLanguage\":\"fr-FR\"},{\"@type\":\"WebPage\",\"@id\":\"https:\\\/\\\/www.organisator.ch\\\/management\\\/2022-02-14\\\/achtung-wissensverlust-die-babyboomer-gehen-in-pension\\\/\",\"url\":\"https:\\\/\\\/www.organisator.ch\\\/management\\\/2022-02-14\\\/achtung-wissensverlust-die-babyboomer-gehen-in-pension\\\/\",\"name\":\"Achtung Wissensverlust: Die Babyboomer gehen in Pension - Organisator\",\"isPartOf\":{\"@id\":\"https:\\\/\\\/www.organisator.ch\\\/#website\"},\"primaryImageOfPage\":{\"@id\":\"https:\\\/\\\/www.organisator.ch\\\/management\\\/2022-02-14\\\/achtung-wissensverlust-die-babyboomer-gehen-in-pension\\\/#primaryimage\"},\"image\":{\"@id\":\"https:\\\/\\\/www.organisator.ch\\\/management\\\/2022-02-14\\\/achtung-wissensverlust-die-babyboomer-gehen-in-pension\\\/#primaryimage\"},\"thumbnailUrl\":\"https:\\\/\\\/www.organisator.ch\\\/wp-content\\\/uploads\\\/2022\\\/02\\\/Organisator-Achtung-Wissensverlust-Die-Babyboomer-gehen-in-Pension.jpg\",\"datePublished\":\"2022-02-14T14:25:18+00:00\",\"dateModified\":\"2022-08-03T08:23:42+00:00\",\"description\":\"Wissenstr\u00e4ger vieler Unternehmen gehen in den n\u00e4chsten Jahren in Pension. Daher ist es jetzt dringend an der Zeit, als F\u00fchrungskraft zu reagieren und sich den unsch\u00e4tzbaren Erfahrungsschatz dieser Mitarbeiter zu sichern: Denn der Fachkr\u00e4ftemangel spitzt sich ab 2023 noch zu.\",\"breadcrumb\":{\"@id\":\"https:\\\/\\\/www.organisator.ch\\\/management\\\/2022-02-14\\\/achtung-wissensverlust-die-babyboomer-gehen-in-pension\\\/#breadcrumb\"},\"inLanguage\":\"fr-FR\",\"potentialAction\":[{\"@type\":\"ReadAction\",\"target\":[\"https:\\\/\\\/www.organisator.ch\\\/management\\\/2022-02-14\\\/achtung-wissensverlust-die-babyboomer-gehen-in-pension\\\/\"]}]},{\"@type\":\"ImageObject\",\"inLanguage\":\"fr-FR\",\"@id\":\"https:\\\/\\\/www.organisator.ch\\\/management\\\/2022-02-14\\\/achtung-wissensverlust-die-babyboomer-gehen-in-pension\\\/#primaryimage\",\"url\":\"https:\\\/\\\/www.organisator.ch\\\/wp-content\\\/uploads\\\/2022\\\/02\\\/Organisator-Achtung-Wissensverlust-Die-Babyboomer-gehen-in-Pension.jpg\",\"contentUrl\":\"https:\\\/\\\/www.organisator.ch\\\/wp-content\\\/uploads\\\/2022\\\/02\\\/Organisator-Achtung-Wissensverlust-Die-Babyboomer-gehen-in-Pension.jpg\",\"width\":925,\"height\":550,\"caption\":\"Demografische Entwicklung der n\u00e4chsten Jahre. Bild: BUNDESAMT F\u00dcR STATISTIK\"},{\"@type\":\"BreadcrumbList\",\"@id\":\"https:\\\/\\\/www.organisator.ch\\\/management\\\/2022-02-14\\\/achtung-wissensverlust-die-babyboomer-gehen-in-pension\\\/#breadcrumb\",\"itemListElement\":[{\"@type\":\"ListItem\",\"position\":1,\"name\":\"Home\",\"item\":\"https:\\\/\\\/www.organisator.ch\\\/\"},{\"@type\":\"ListItem\",\"position\":2,\"name\":\"Achtung Wissensverlust: Die Babyboomer gehen in Pension\"}]},{\"@type\":\"WebSite\",\"@id\":\"https:\\\/\\\/www.organisator.ch\\\/#website\",\"url\":\"https:\\\/\\\/www.organisator.ch\\\/\",\"name\":\"Organisator\",\"description\":\"Kompetent. Praxisnah. Der ORGANISATOR bereitet in 10 Ausgaben pro Jahr die wesentlichen Themen f\u00fcr F\u00fchrungskr\u00e4fte von KMU auf.\",\"publisher\":{\"@id\":\"https:\\\/\\\/www.organisator.ch\\\/#organization\"},\"potentialAction\":[{\"@type\":\"SearchAction\",\"target\":{\"@type\":\"EntryPoint\",\"urlTemplate\":\"https:\\\/\\\/www.organisator.ch\\\/?s={search_term_string}\"},\"query-input\":{\"@type\":\"PropertyValueSpecification\",\"valueRequired\":true,\"valueName\":\"search_term_string\"}}],\"inLanguage\":\"fr-FR\"},{\"@type\":\"Organization\",\"@id\":\"https:\\\/\\\/www.organisator.ch\\\/#organization\",\"name\":\"Organisator\",\"url\":\"https:\\\/\\\/www.organisator.ch\\\/\",\"logo\":{\"@type\":\"ImageObject\",\"inLanguage\":\"fr-FR\",\"@id\":\"https:\\\/\\\/www.organisator.ch\\\/#\\\/schema\\\/logo\\\/image\\\/\",\"url\":\"https:\\\/\\\/www.organisator.ch\\\/wp-content\\\/uploads\\\/2022\\\/01\\\/Logo_Organisator_Website.png\",\"contentUrl\":\"https:\\\/\\\/www.organisator.ch\\\/wp-content\\\/uploads\\\/2022\\\/01\\\/Logo_Organisator_Website.png\",\"width\":800,\"height\":77,\"caption\":\"Organisator\"},\"image\":{\"@id\":\"https:\\\/\\\/www.organisator.ch\\\/#\\\/schema\\\/logo\\\/image\\\/\"},\"sameAs\":[\"https:\\\/\\\/www.facebook.com\\\/OrganisatorFachmagazin\",\"https:\\\/\\\/www.linkedin.com\\\/showcase\\\/organisator-das-magazin-fr-kmu\",\"https:\\\/\\\/www.xing.com\\\/news\\\/pages\\\/organisator-ch-695\",\"https:\\\/\\\/www.youtube.com\\\/channel\\\/UCGP2Sq0iWaZwT3BdIAQFYpw\"]},{\"@type\":\"Person\",\"@id\":\"https:\\\/\\\/www.organisator.ch\\\/#\\\/schema\\\/person\\\/aa2bace6c5c5aad60102004a50c4eb1c\",\"name\":\"admin\",\"image\":{\"@type\":\"ImageObject\",\"inLanguage\":\"fr-FR\",\"@id\":\"https:\\\/\\\/secure.gravatar.com\\\/avatar\\\/ae2f4d718e6c49043e314ce431e7e645d646302a24a5ef5a8bc8e3f5a032e319?s=96&d=mm&r=g\",\"url\":\"https:\\\/\\\/secure.gravatar.com\\\/avatar\\\/ae2f4d718e6c49043e314ce431e7e645d646302a24a5ef5a8bc8e3f5a032e319?s=96&d=mm&r=g\",\"contentUrl\":\"https:\\\/\\\/secure.gravatar.com\\\/avatar\\\/ae2f4d718e6c49043e314ce431e7e645d646302a24a5ef5a8bc8e3f5a032e319?s=96&d=mm&r=g\",\"caption\":\"admin\"},\"sameAs\":[\"https:\\\/\\\/www.organisator.ch\"],\"url\":\"https:\\\/\\\/www.organisator.ch\\\/fr\\\/author\\\/admin\\\/\"}]}<\/script>\n<!-- \/ Yoast SEO plugin. -->","yoast_head_json":{"title":"Attention \u00e0 la perte de savoir : les baby-boomers partent \u00e0 la retraite - Organisateur","description":"Les d\u00e9tenteurs de savoir de nombreuses entreprises partiront \u00e0 la retraite dans les ann\u00e9es \u00e0 venir. Il est donc urgent pour les cadres de r\u00e9agir et de s'assurer de la richesse inestimable de l'exp\u00e9rience de ces collaborateurs : Car la p\u00e9nurie de personnel qualifi\u00e9 s'accentuera encore \u00e0 partir de 2023.","robots":{"index":"index","follow":"follow","max-snippet":"max-snippet:-1","max-image-preview":"max-image-preview:large","max-video-preview":"max-video-preview:-1"},"canonical":"https:\/\/www.organisator.ch\/fr\/gestion-2\/2022-02-14\/achtung-wissensverlust-die-babyboomer-gehen-in-pension\/","og_locale":"fr_FR","og_type":"article","og_title":"Achtung Wissensverlust: Die Babyboomer gehen in Pension - Organisator","og_description":"Wissenstr\u00e4ger vieler Unternehmen gehen in den n\u00e4chsten Jahren in Pension. Daher ist es jetzt dringend an der Zeit, als F\u00fchrungskraft zu reagieren und sich den unsch\u00e4tzbaren Erfahrungsschatz dieser Mitarbeiter zu sichern: Denn der Fachkr\u00e4ftemangel spitzt sich ab 2023 noch zu.","og_url":"https:\/\/www.organisator.ch\/fr\/gestion-2\/2022-02-14\/achtung-wissensverlust-die-babyboomer-gehen-in-pension\/","og_site_name":"Organisator","article_publisher":"https:\/\/www.facebook.com\/OrganisatorFachmagazin","article_published_time":"2022-02-14T14:25:18+00:00","article_modified_time":"2022-08-03T08:23:42+00:00","og_image":[{"width":925,"height":550,"url":"https:\/\/www.organisator.ch\/wp-content\/uploads\/2022\/02\/Organisator-Achtung-Wissensverlust-Die-Babyboomer-gehen-in-Pension.jpg","type":"image\/jpeg"}],"author":"admin","twitter_card":"summary_large_image","schema":{"@context":"https:\/\/schema.org","@graph":[{"@type":"Article","@id":"https:\/\/www.organisator.ch\/management\/2022-02-14\/achtung-wissensverlust-die-babyboomer-gehen-in-pension\/#article","isPartOf":{"@id":"https:\/\/www.organisator.ch\/management\/2022-02-14\/achtung-wissensverlust-die-babyboomer-gehen-in-pension\/"},"author":{"name":"admin","@id":"https:\/\/www.organisator.ch\/#\/schema\/person\/aa2bace6c5c5aad60102004a50c4eb1c"},"headline":"Achtung Wissensverlust: Die Babyboomer gehen in Pension","datePublished":"2022-02-14T14:25:18+00:00","dateModified":"2022-08-03T08:23:42+00:00","mainEntityOfPage":{"@id":"https:\/\/www.organisator.ch\/management\/2022-02-14\/achtung-wissensverlust-die-babyboomer-gehen-in-pension\/"},"wordCount":705,"publisher":{"@id":"https:\/\/www.organisator.ch\/#organization"},"image":{"@id":"https:\/\/www.organisator.ch\/management\/2022-02-14\/achtung-wissensverlust-die-babyboomer-gehen-in-pension\/#primaryimage"},"thumbnailUrl":"https:\/\/www.organisator.ch\/wp-content\/uploads\/2022\/02\/Organisator-Achtung-Wissensverlust-Die-Babyboomer-gehen-in-Pension.jpg","keywords":["Ausgabe 11-12\/2021","Babyboomer"],"articleSection":["ABO+","HUMAN RESOURCES","MANAGEMENT"],"inLanguage":"fr-FR"},{"@type":"WebPage","@id":"https:\/\/www.organisator.ch\/management\/2022-02-14\/achtung-wissensverlust-die-babyboomer-gehen-in-pension\/","url":"https:\/\/www.organisator.ch\/management\/2022-02-14\/achtung-wissensverlust-die-babyboomer-gehen-in-pension\/","name":"Attention \u00e0 la perte de savoir : les baby-boomers partent \u00e0 la retraite - Organisateur","isPartOf":{"@id":"https:\/\/www.organisator.ch\/#website"},"primaryImageOfPage":{"@id":"https:\/\/www.organisator.ch\/management\/2022-02-14\/achtung-wissensverlust-die-babyboomer-gehen-in-pension\/#primaryimage"},"image":{"@id":"https:\/\/www.organisator.ch\/management\/2022-02-14\/achtung-wissensverlust-die-babyboomer-gehen-in-pension\/#primaryimage"},"thumbnailUrl":"https:\/\/www.organisator.ch\/wp-content\/uploads\/2022\/02\/Organisator-Achtung-Wissensverlust-Die-Babyboomer-gehen-in-Pension.jpg","datePublished":"2022-02-14T14:25:18+00:00","dateModified":"2022-08-03T08:23:42+00:00","description":"Les d\u00e9tenteurs de savoir de nombreuses entreprises partiront \u00e0 la retraite dans les ann\u00e9es \u00e0 venir. Il est donc urgent pour les cadres de r\u00e9agir et de s'assurer de la richesse inestimable de l'exp\u00e9rience de ces collaborateurs : Car la p\u00e9nurie de personnel qualifi\u00e9 s'accentuera encore \u00e0 partir de 2023.","breadcrumb":{"@id":"https:\/\/www.organisator.ch\/management\/2022-02-14\/achtung-wissensverlust-die-babyboomer-gehen-in-pension\/#breadcrumb"},"inLanguage":"fr-FR","potentialAction":[{"@type":"ReadAction","target":["https:\/\/www.organisator.ch\/management\/2022-02-14\/achtung-wissensverlust-die-babyboomer-gehen-in-pension\/"]}]},{"@type":"ImageObject","inLanguage":"fr-FR","@id":"https:\/\/www.organisator.ch\/management\/2022-02-14\/achtung-wissensverlust-die-babyboomer-gehen-in-pension\/#primaryimage","url":"https:\/\/www.organisator.ch\/wp-content\/uploads\/2022\/02\/Organisator-Achtung-Wissensverlust-Die-Babyboomer-gehen-in-Pension.jpg","contentUrl":"https:\/\/www.organisator.ch\/wp-content\/uploads\/2022\/02\/Organisator-Achtung-Wissensverlust-Die-Babyboomer-gehen-in-Pension.jpg","width":925,"height":550,"caption":"Demografische Entwicklung der n\u00e4chsten Jahre. Bild: BUNDESAMT F\u00dcR STATISTIK"},{"@type":"BreadcrumbList","@id":"https:\/\/www.organisator.ch\/management\/2022-02-14\/achtung-wissensverlust-die-babyboomer-gehen-in-pension\/#breadcrumb","itemListElement":[{"@type":"ListItem","position":1,"name":"Home","item":"https:\/\/www.organisator.ch\/"},{"@type":"ListItem","position":2,"name":"Achtung Wissensverlust: Die Babyboomer gehen in Pension"}]},{"@type":"WebSite","@id":"https:\/\/www.organisator.ch\/#website","url":"https:\/\/www.organisator.ch\/","name":"Organisateur","description":"Comp\u00e9tence et comp\u00e9tence. Proches de la pratique. L'ORGANISATEUR pr\u00e9pare 10 num\u00e9ros par an sur les th\u00e8mes essentiels pour les dirigeants de PME.","publisher":{"@id":"https:\/\/www.organisator.ch\/#organization"},"potentialAction":[{"@type":"SearchAction","target":{"@type":"EntryPoint","urlTemplate":"https:\/\/www.organisator.ch\/?s={search_term_string}"},"query-input":{"@type":"PropertyValueSpecification","valueRequired":true,"valueName":"search_term_string"}}],"inLanguage":"fr-FR"},{"@type":"Organization","@id":"https:\/\/www.organisator.ch\/#organization","name":"Organisateur","url":"https:\/\/www.organisator.ch\/","logo":{"@type":"ImageObject","inLanguage":"fr-FR","@id":"https:\/\/www.organisator.ch\/#\/schema\/logo\/image\/","url":"https:\/\/www.organisator.ch\/wp-content\/uploads\/2022\/01\/Logo_Organisator_Website.png","contentUrl":"https:\/\/www.organisator.ch\/wp-content\/uploads\/2022\/01\/Logo_Organisator_Website.png","width":800,"height":77,"caption":"Organisator"},"image":{"@id":"https:\/\/www.organisator.ch\/#\/schema\/logo\/image\/"},"sameAs":["https:\/\/www.facebook.com\/OrganisatorFachmagazin","https:\/\/www.linkedin.com\/showcase\/organisator-das-magazin-fr-kmu","https:\/\/www.xing.com\/news\/pages\/organisator-ch-695","https:\/\/www.youtube.com\/channel\/UCGP2Sq0iWaZwT3BdIAQFYpw"]},{"@type":"Person","@id":"https:\/\/www.organisator.ch\/#\/schema\/person\/aa2bace6c5c5aad60102004a50c4eb1c","name":"admin","image":{"@type":"ImageObject","inLanguage":"fr-FR","@id":"https:\/\/secure.gravatar.com\/avatar\/ae2f4d718e6c49043e314ce431e7e645d646302a24a5ef5a8bc8e3f5a032e319?s=96&d=mm&r=g","url":"https:\/\/secure.gravatar.com\/avatar\/ae2f4d718e6c49043e314ce431e7e645d646302a24a5ef5a8bc8e3f5a032e319?s=96&d=mm&r=g","contentUrl":"https:\/\/secure.gravatar.com\/avatar\/ae2f4d718e6c49043e314ce431e7e645d646302a24a5ef5a8bc8e3f5a032e319?s=96&d=mm&r=g","caption":"admin"},"sameAs":["https:\/\/www.organisator.ch"],"url":"https:\/\/www.organisator.ch\/fr\/author\/admin\/"}]}},"_links":{"self":[{"href":"https:\/\/www.organisator.ch\/fr\/wp-json\/wp\/v2\/posts\/11217","targetHints":{"allow":["GET"]}}],"collection":[{"href":"https:\/\/www.organisator.ch\/fr\/wp-json\/wp\/v2\/posts"}],"about":[{"href":"https:\/\/www.organisator.ch\/fr\/wp-json\/wp\/v2\/types\/post"}],"author":[{"embeddable":true,"href":"https:\/\/www.organisator.ch\/fr\/wp-json\/wp\/v2\/users\/1"}],"replies":[{"embeddable":true,"href":"https:\/\/www.organisator.ch\/fr\/wp-json\/wp\/v2\/comments?post=11217"}],"version-history":[{"count":3,"href":"https:\/\/www.organisator.ch\/fr\/wp-json\/wp\/v2\/posts\/11217\/revisions"}],"predecessor-version":[{"id":16309,"href":"https:\/\/www.organisator.ch\/fr\/wp-json\/wp\/v2\/posts\/11217\/revisions\/16309"}],"wp:featuredmedia":[{"embeddable":true,"href":"https:\/\/www.organisator.ch\/fr\/wp-json\/wp\/v2\/media\/11218"}],"wp:attachment":[{"href":"https:\/\/www.organisator.ch\/fr\/wp-json\/wp\/v2\/media?parent=11217"}],"wp:term":[{"taxonomy":"category","embeddable":true,"href":"https:\/\/www.organisator.ch\/fr\/wp-json\/wp\/v2\/categories?post=11217"},{"taxonomy":"post_tag","embeddable":true,"href":"https:\/\/www.organisator.ch\/fr\/wp-json\/wp\/v2\/tags?post=11217"}],"curies":[{"name":"wp","href":"https:\/\/api.w.org\/{rel}","templated":true}]}}