{"id":11304,"date":"2022-03-01T00:01:22","date_gmt":"2022-02-28T23:01:22","guid":{"rendered":"https:\/\/www.organisator.ch\/?p=11304"},"modified":"2022-03-11T10:35:38","modified_gmt":"2022-03-11T09:35:38","slug":"wenn-das-mitarbeiter-offboarding-zur-sicherheitsluecke-wird","status":"publish","type":"post","link":"https:\/\/www.organisator.ch\/fr\/abo\/2022-03-01\/wenn-das-mitarbeiter-offboarding-zur-sicherheitsluecke-wird\/","title":{"rendered":"Quand l'offboarding des collaborateurs devient une faille de s\u00e9curit\u00e9"},"content":{"rendered":"<figure id=\"attachment_11305\" aria-describedby=\"caption-attachment-11305\" style=\"width: 950px\" class=\"wp-caption alignnone\"><img loading=\"lazy\" decoding=\"async\" class=\"size-full wp-image-11305\" src=\"https:\/\/www.organisator.ch\/wp-content\/uploads\/2022\/02\/Organisator-Wenn-das-Mitarbeiter-Offboarding-zur-Sicherheitsluecke-wird.jpg\" alt=\"\" width=\"950\" height=\"550\" srcset=\"https:\/\/www.organisator.ch\/wp-content\/uploads\/2022\/02\/Organisator-Wenn-das-Mitarbeiter-Offboarding-zur-Sicherheitsluecke-wird.jpg 950w, https:\/\/www.organisator.ch\/wp-content\/uploads\/2022\/02\/Organisator-Wenn-das-Mitarbeiter-Offboarding-zur-Sicherheitsluecke-wird-680x394.jpg 680w, https:\/\/www.organisator.ch\/wp-content\/uploads\/2022\/02\/Organisator-Wenn-das-Mitarbeiter-Offboarding-zur-Sicherheitsluecke-wird-768x445.jpg 768w, https:\/\/www.organisator.ch\/wp-content\/uploads\/2022\/02\/Organisator-Wenn-das-Mitarbeiter-Offboarding-zur-Sicherheitsluecke-wird-18x10.jpg 18w, https:\/\/www.organisator.ch\/wp-content\/uploads\/2022\/02\/Organisator-Wenn-das-Mitarbeiter-Offboarding-zur-Sicherheitsluecke-wird-302x175.jpg 302w, https:\/\/www.organisator.ch\/wp-content\/uploads\/2022\/02\/Organisator-Wenn-das-Mitarbeiter-Offboarding-zur-Sicherheitsluecke-wird-605x350.jpg 605w, https:\/\/www.organisator.ch\/wp-content\/uploads\/2022\/02\/Organisator-Wenn-das-Mitarbeiter-Offboarding-zur-Sicherheitsluecke-wird-920x533.jpg 920w, https:\/\/www.organisator.ch\/wp-content\/uploads\/2022\/02\/Organisator-Wenn-das-Mitarbeiter-Offboarding-zur-Sicherheitsluecke-wird-300x174.jpg 300w\" sizes=\"auto, (max-width: 950px) 100vw, 950px\" \/><figcaption id=\"caption-attachment-11305\" class=\"wp-caption-text\">Copier rapidement quelques donn\u00e9es sur la cl\u00e9 USB personnelle avant de quitter d\u00e9finitivement l'entreprise : L'offboarding des collaborateurs peut s'av\u00e9rer \u00eatre un risque pour la s\u00e9curit\u00e9 informatique (image symbolique).<br \/>Image : \u00a9 UNSPLASH.COM<\/figcaption><\/figure>\n<p>Le r\u00e9veil brutal apr\u00e8s le licenciement : Dans un cas r\u00e9cent, une employ\u00e9e d'une coop\u00e9rative de cr\u00e9dit am\u00e9ricaine a d\u00e9truit 21 Go de donn\u00e9es confidentielles apr\u00e8s avoir \u00e9t\u00e9 licenci\u00e9e. Bien qu'elle ait d\u00e9j\u00e0 \u00e9t\u00e9 per\u00e7ue comme un danger potentiel, le service informatique avait d\u00e9sactiv\u00e9 son acc\u00e8s au r\u00e9seau trop tard. Pendant environ 40 minutes, la personne a pu acc\u00e9der \u00e0 distance au serveur de fichiers et supprimer des donn\u00e9es. Les dommages se sont \u00e9lev\u00e9s \u00e0 10 000 dollars am\u00e9ricains. Ce n'est pas un cas isol\u00e9, comme le montre le Ponemon Institute dans son \u00e9tude \"Insider Threats Report 2020\". Les presque 1000 entreprises interrog\u00e9es dans le monde entier ont indiqu\u00e9 que pr\u00e8s d'un incident de s\u00e9curit\u00e9 sur quatre provoqu\u00e9 par des collaborateurs reposait sur des motifs criminels, le vol de donn\u00e9es de connexion \u00e9tant pr\u00e9sent dans 14 % des cas. Le fait qu'un incident sur six ne soit \"que\" d\u00fb \u00e0 la n\u00e9gligence n'am\u00e9liore pas la situation. Chaque incident co\u00fbte en fin de compte du temps et de l'argent pour r\u00e9parer les d\u00e9g\u00e2ts.<\/p>\n<h2>De la peccadille analogique au d\u00e9lit num\u00e9rique<\/h2>\n<p>De toute \u00e9vidence, l'\u00e9poque o\u00f9 les sortants m\u00e9contents volaient des crayons ou g\u00e9raient malicieusement des dossiers est r\u00e9volue. Aujourd'hui, des informations num\u00e9riques sensibles sont copi\u00e9es en secret, des contacts professionnels sont emport\u00e9s et, dans le pire des cas, des fichiers sont manipul\u00e9s ou supprim\u00e9s sur le r\u00e9seau. La peccadille du monde analogique se r\u00e9v\u00e8le \u00eatre un d\u00e9lit dans le monde num\u00e9rique.<\/p>\n<p>Ces exemples montrent clairement que le plus grand soin doit \u00eatre apport\u00e9 \u00e0 l'offboarding - et le d\u00e9partement de la s\u00e9curit\u00e9 informatique joue ici un r\u00f4le plus important qu'on ne le pensait jusqu'\u00e0 pr\u00e9sent. Aujourd'hui, il ne suffit plus de r\u00e9cup\u00e9rer les cartes \u00e0 puce des collaborateurs, les outils de travail (de l'ordinateur portable au smartphone) et de d\u00e9sactiver la bo\u00eete aux lettres \u00e9lectronique. Il faut \u00e9galement modifier ou fermer tous les acc\u00e8s aux messageries, aux outils, aux services de cloud ou aux r\u00e9seaux. Cette mesure n'est pas encore int\u00e9gr\u00e9e dans les check-lists de d\u00e9sengagement de nombreuses entreprises, ou alors seulement de mani\u00e8re rudimentaire.<\/p>\n<p>La situation devient vraiment critique lorsque les collaborateurs ont pris la d\u00e9cision de quitter l'entreprise bien avant. Dans la pratique, le probl\u00e8me de la \"d\u00e9mission interne\" se r\u00e9percute directement sur le comportement en mati\u00e8re de s\u00e9curit\u00e9 : Ainsi, ces personnes ne sont souvent plus tr\u00e8s attentives aux politiques de s\u00e9curit\u00e9, elles sont moins vigilantes dans le traitement des e-mails ou divulguent des donn\u00e9es sensibles. Dans le pire des cas, ce comportement repr\u00e9sente un \u00e9norme potentiel de risque sur une longue p\u00e9riode. Les experts comparent ces acteurs \u00e0 ce que l'on appelle les d\u00e9linquants internes, qui doivent \u00eatre consid\u00e9r\u00e9s comme un risque pour la s\u00e9curit\u00e9 en raison d'un comportement d\u00e9lib\u00e9r\u00e9ment n\u00e9gligent ou d'intentions criminelles. L'Agence de cybers\u00e9curit\u00e9 de l'Union europ\u00e9enne (ENISA) a reconnu le probl\u00e8me des d\u00e9linquants internes et les a inclus dans sa liste des 15 principales menaces.<\/p>\n<h2>Quand les informations privil\u00e9gi\u00e9es sont exploit\u00e9es ...<\/h2>\n<p>Mais cela ne s'arr\u00eate pas l\u00e0. M\u00eame apr\u00e8s leur d\u00e9part, les ex-employ\u00e9s restent une source de danger. Ainsi, Ruag a signal\u00e9 en mai 2021 une pr\u00e9tendue attaque de pirates informatiques sur ses propres syst\u00e8mes informatiques. Et la recherche de traces a stup\u00e9fi\u00e9 les experts : Les fichiers journaux ne contenaient aucune trace d'une attaque. L'hypoth\u00e8se que d'anciens membres de l'entreprise en \u00e9taient responsables gr\u00e2ce \u00e0 leurs connaissances internes s'est rapidement impos\u00e9e. Dans ce contexte, l'offboarding des collaborateurs devrait absolument \u00eatre int\u00e9gr\u00e9 dans la gestion des risques informatiques. Actuellement, cela se fait encore plus rarement que la prise en compte du d\u00e9part des collaborateurs du point de vue de la s\u00e9curit\u00e9. Dans de nombreuses entreprises, la gestion des risques traite en priorit\u00e9 la s\u00e9curit\u00e9 physique de l'informatique. C'est tout \u00e0 fait correct, car la plupart des risques r\u00e9sultent des dangers qui menacent tous les appareils num\u00e9riques utilis\u00e9s. Toutefois, les \"facteurs mous\" susceptibles de provoquer un incident de s\u00e9curit\u00e9 sont de plus en plus souvent mis en avant. Il s'agit en premier lieu du collaborateur en g\u00e9n\u00e9ral, qui influence le niveau de s\u00e9curit\u00e9 de l'entreprise par son comportement. Mais les sup\u00e9rieurs hi\u00e9rarchiques et m\u00eame les administrateurs repr\u00e9sentent \u00e9galement un risque s'ils mettent en place des processus de mani\u00e8re incorrecte ou s'ils communiquent de mani\u00e8re ambigu\u00eb. Ou - comme dans le cas du d\u00e9part de collaborateurs - la s\u00e9curit\u00e9 informatique n'est pas enti\u00e8rement prise en compte dans le processus. Une gestion des risques r\u00e9ussie d\u00e9pend de l'\u00e9valuation de tous les risques.<\/p>\n<h2>Offboarding s\u00e9curis\u00e9 : petite liste de contr\u00f4le pour la s\u00e9curit\u00e9 informatique<\/h2>\n<p>Les dirigeants d'entreprise seraient bien avis\u00e9s de r\u00e9viser rapidement le processus de d\u00e9sengagement en mati\u00e8re de s\u00e9curit\u00e9 informatique. Souvent, il suffit d'\u00e9tendre les listes de contr\u00f4le existantes ou d'adapter les directives \u00e0 la situation. Les experts recommandent en outre d'\u00e9largir la gestion des risques aux dangers li\u00e9s au d\u00e9part des collaborateurs. Cela permet d'\u00e9viter efficacement les dommages financiers et les pertes de r\u00e9putation caus\u00e9s par les ex-coll\u00e8gues qui quittent l'entreprise.<br \/>\nEn outre, les responsables informatiques doivent absolument utiliser ces processus de base :<\/p>\n<ul>\n<li>R\u00e9voquer les droits d'acc\u00e8s et r\u00e9initialiser les mots de passe pour toutes les applications et tous les services<\/li>\n<li>Bloquer l'acc\u00e8s au b\u00e2timent<\/li>\n<li>R\u00e9cup\u00e9rer tous les appareils physiques de l'entreprise<\/li>\n<li>Emp\u00eacher les transferts d'e-mails et les partages de fichiers<\/li>\n<li>Attribuer des licences \u00e0 d'autres utilisateurs<\/li>\n<li>Organiser un entretien final pour v\u00e9rifier l'absence de comportement suspect<\/li>\n<li>V\u00e9rification finale des outils de surveillance\/enregistrement des activit\u00e9s inhabituelles.<\/li>\n<li>Intervention du service des ressources humaines ou d'un avocat si des activit\u00e9s suspectes sont constat\u00e9es<\/li>\n<\/ul>\n<h2>Auteur<\/h2>\n<p>Michael Klatte travaille en tant que responsable des relations publiques pour ESET Allemagne depuis 2008. Son domaine d'activit\u00e9 comprend la communication d'entreprise et la communication B2B dans la r\u00e9gion DACH. ESET est une entreprise europ\u00e9enne qui d\u00e9veloppe des logiciels de s\u00e9curit\u00e9 d\u00e9j\u00e0 utilis\u00e9s par plus de 110 millions d'utilisateurs.<br \/>\n&gt; <a href=\"https:\/\/www.eset.com\/ch-de\/\">www.eset.ch<\/a><\/p>","protected":false},"excerpt":{"rendered":"<p>Nach der Entlassung das b\u00f6se Erwachen: In einem aktuellen Fall vernichtete eine Mitarbeiterin einer US-amerikanischen Kreditgenossenschaft 21 GB vertraulicher Daten, nachdem ihr gek\u00fcndigt worden war. Obwohl sie bereits als potenzielle Gefahr wahrgenommen wurde, hatte die IT ihren Netzwerkzugriff zu sp\u00e4t deaktiviert. Etwa 40 Minuten lang konnte die Person remote auf den Dateiserver zugreifen und Daten [&hellip;]<\/p>\n","protected":false},"author":1,"featured_media":11305,"comment_status":"closed","ping_status":"closed","sticky":false,"template":"","format":"standard","meta":{"_acf_changed":false,"_yoast_wpseo_focuskw":"Mitarbeiter-Offboarding","_yoast_wpseo_metadesc":"Bei Mitarbeiter-Offboarding wird die IT-Sicherheit zu selten konsultiert: Sicherheitslecks und unerw\u00fcnschter Datenabfluss sind die Folge.","articlekey":"","footnotes":""},"categories":[578,582],"tags":[2649,254,260],"class_list":["post-11304","post","type-post","status-publish","format-standard","has-post-thumbnail","hentry","category-abo","category-operational-excellence","tag-ausgabe-1-2-2022","tag-hrm","tag-ict-sicherheit"],"acf":[],"yoast_head":"<!-- This site is optimized with the Yoast SEO plugin v27.5 - https:\/\/yoast.com\/product\/yoast-seo-wordpress\/ -->\n<title>Wenn das Mitarbeiter-Offboarding zur Sicherheitsl\u00fccke wird - Organisator<\/title>\n<meta name=\"description\" content=\"Bei Mitarbeiter-Offboarding wird die IT-Sicherheit zu selten konsultiert: Sicherheitslecks und unerw\u00fcnschter Datenabfluss sind die Folge.\" \/>\n<meta name=\"robots\" content=\"index, follow, max-snippet:-1, max-image-preview:large, max-video-preview:-1\" \/>\n<link rel=\"canonical\" href=\"https:\/\/www.organisator.ch\/fr\/abonnement\/2022-03-01\/wenn-das-mitarbeiter-offboarding-zur-sicherheitsluecke-wird\/\" \/>\n<meta property=\"og:locale\" content=\"fr_FR\" \/>\n<meta property=\"og:type\" content=\"article\" \/>\n<meta property=\"og:title\" content=\"Wenn das Mitarbeiter-Offboarding zur Sicherheitsl\u00fccke wird - Organisator\" \/>\n<meta property=\"og:description\" content=\"Bei Mitarbeiter-Offboarding wird die IT-Sicherheit zu selten konsultiert: Sicherheitslecks und unerw\u00fcnschter Datenabfluss sind die Folge.\" \/>\n<meta property=\"og:url\" content=\"https:\/\/www.organisator.ch\/fr\/abonnement\/2022-03-01\/wenn-das-mitarbeiter-offboarding-zur-sicherheitsluecke-wird\/\" \/>\n<meta property=\"og:site_name\" content=\"Organisator\" \/>\n<meta property=\"article:publisher\" content=\"https:\/\/www.facebook.com\/OrganisatorFachmagazin\" \/>\n<meta property=\"article:published_time\" content=\"2022-02-28T23:01:22+00:00\" \/>\n<meta property=\"article:modified_time\" content=\"2022-03-11T09:35:38+00:00\" \/>\n<meta property=\"og:image\" content=\"https:\/\/www.organisator.ch\/wp-content\/uploads\/2022\/02\/Organisator-Wenn-das-Mitarbeiter-Offboarding-zur-Sicherheitsluecke-wird.jpg\" \/>\n\t<meta property=\"og:image:width\" content=\"950\" \/>\n\t<meta property=\"og:image:height\" content=\"550\" \/>\n\t<meta property=\"og:image:type\" content=\"image\/jpeg\" \/>\n<meta name=\"author\" content=\"admin\" \/>\n<meta name=\"twitter:card\" content=\"summary_large_image\" \/>\n<script type=\"application\/ld+json\" class=\"yoast-schema-graph\">{\"@context\":\"https:\\\/\\\/schema.org\",\"@graph\":[{\"@type\":\"Article\",\"@id\":\"https:\\\/\\\/www.organisator.ch\\\/abo\\\/2022-03-01\\\/wenn-das-mitarbeiter-offboarding-zur-sicherheitsluecke-wird\\\/#article\",\"isPartOf\":{\"@id\":\"https:\\\/\\\/www.organisator.ch\\\/abo\\\/2022-03-01\\\/wenn-das-mitarbeiter-offboarding-zur-sicherheitsluecke-wird\\\/\"},\"author\":{\"name\":\"admin\",\"@id\":\"https:\\\/\\\/www.organisator.ch\\\/#\\\/schema\\\/person\\\/aa2bace6c5c5aad60102004a50c4eb1c\"},\"headline\":\"Wenn das Mitarbeiter-Offboarding zur Sicherheitsl\u00fccke wird\",\"datePublished\":\"2022-02-28T23:01:22+00:00\",\"dateModified\":\"2022-03-11T09:35:38+00:00\",\"mainEntityOfPage\":{\"@id\":\"https:\\\/\\\/www.organisator.ch\\\/abo\\\/2022-03-01\\\/wenn-das-mitarbeiter-offboarding-zur-sicherheitsluecke-wird\\\/\"},\"wordCount\":831,\"publisher\":{\"@id\":\"https:\\\/\\\/www.organisator.ch\\\/#organization\"},\"image\":{\"@id\":\"https:\\\/\\\/www.organisator.ch\\\/abo\\\/2022-03-01\\\/wenn-das-mitarbeiter-offboarding-zur-sicherheitsluecke-wird\\\/#primaryimage\"},\"thumbnailUrl\":\"https:\\\/\\\/www.organisator.ch\\\/wp-content\\\/uploads\\\/2022\\\/02\\\/Organisator-Wenn-das-Mitarbeiter-Offboarding-zur-Sicherheitsluecke-wird.jpg\",\"keywords\":[\"Ausgabe 1-2\\\/2022\",\"HRM\",\"ICT-Sicherheit\"],\"articleSection\":[\"ABO+\",\"OPERATIONAL EXCELLENCE\"],\"inLanguage\":\"fr-FR\"},{\"@type\":\"WebPage\",\"@id\":\"https:\\\/\\\/www.organisator.ch\\\/abo\\\/2022-03-01\\\/wenn-das-mitarbeiter-offboarding-zur-sicherheitsluecke-wird\\\/\",\"url\":\"https:\\\/\\\/www.organisator.ch\\\/abo\\\/2022-03-01\\\/wenn-das-mitarbeiter-offboarding-zur-sicherheitsluecke-wird\\\/\",\"name\":\"Wenn das Mitarbeiter-Offboarding zur Sicherheitsl\u00fccke wird - Organisator\",\"isPartOf\":{\"@id\":\"https:\\\/\\\/www.organisator.ch\\\/#website\"},\"primaryImageOfPage\":{\"@id\":\"https:\\\/\\\/www.organisator.ch\\\/abo\\\/2022-03-01\\\/wenn-das-mitarbeiter-offboarding-zur-sicherheitsluecke-wird\\\/#primaryimage\"},\"image\":{\"@id\":\"https:\\\/\\\/www.organisator.ch\\\/abo\\\/2022-03-01\\\/wenn-das-mitarbeiter-offboarding-zur-sicherheitsluecke-wird\\\/#primaryimage\"},\"thumbnailUrl\":\"https:\\\/\\\/www.organisator.ch\\\/wp-content\\\/uploads\\\/2022\\\/02\\\/Organisator-Wenn-das-Mitarbeiter-Offboarding-zur-Sicherheitsluecke-wird.jpg\",\"datePublished\":\"2022-02-28T23:01:22+00:00\",\"dateModified\":\"2022-03-11T09:35:38+00:00\",\"description\":\"Bei Mitarbeiter-Offboarding wird die IT-Sicherheit zu selten konsultiert: Sicherheitslecks und unerw\u00fcnschter Datenabfluss sind die Folge.\",\"breadcrumb\":{\"@id\":\"https:\\\/\\\/www.organisator.ch\\\/abo\\\/2022-03-01\\\/wenn-das-mitarbeiter-offboarding-zur-sicherheitsluecke-wird\\\/#breadcrumb\"},\"inLanguage\":\"fr-FR\",\"potentialAction\":[{\"@type\":\"ReadAction\",\"target\":[\"https:\\\/\\\/www.organisator.ch\\\/abo\\\/2022-03-01\\\/wenn-das-mitarbeiter-offboarding-zur-sicherheitsluecke-wird\\\/\"]}]},{\"@type\":\"ImageObject\",\"inLanguage\":\"fr-FR\",\"@id\":\"https:\\\/\\\/www.organisator.ch\\\/abo\\\/2022-03-01\\\/wenn-das-mitarbeiter-offboarding-zur-sicherheitsluecke-wird\\\/#primaryimage\",\"url\":\"https:\\\/\\\/www.organisator.ch\\\/wp-content\\\/uploads\\\/2022\\\/02\\\/Organisator-Wenn-das-Mitarbeiter-Offboarding-zur-Sicherheitsluecke-wird.jpg\",\"contentUrl\":\"https:\\\/\\\/www.organisator.ch\\\/wp-content\\\/uploads\\\/2022\\\/02\\\/Organisator-Wenn-das-Mitarbeiter-Offboarding-zur-Sicherheitsluecke-wird.jpg\",\"width\":950,\"height\":550,\"caption\":\"Noch schnell ein paar Daten auf den privaten USB-Stick kopieren, bevor man das Unternehmen endg\u00fcltig verl\u00e4sst: Das Offboarding von Mitarbeitenden kann sich als IT-Sicherheitsrisiko entpuppen (Symbolbild). Bild: \u00a9 UNSPLASH.COM\"},{\"@type\":\"BreadcrumbList\",\"@id\":\"https:\\\/\\\/www.organisator.ch\\\/abo\\\/2022-03-01\\\/wenn-das-mitarbeiter-offboarding-zur-sicherheitsluecke-wird\\\/#breadcrumb\",\"itemListElement\":[{\"@type\":\"ListItem\",\"position\":1,\"name\":\"Home\",\"item\":\"https:\\\/\\\/www.organisator.ch\\\/\"},{\"@type\":\"ListItem\",\"position\":2,\"name\":\"Wenn das Mitarbeiter-Offboarding zur Sicherheitsl\u00fccke wird\"}]},{\"@type\":\"WebSite\",\"@id\":\"https:\\\/\\\/www.organisator.ch\\\/#website\",\"url\":\"https:\\\/\\\/www.organisator.ch\\\/\",\"name\":\"Organisator\",\"description\":\"Kompetent. Praxisnah. Der ORGANISATOR bereitet in 10 Ausgaben pro Jahr die wesentlichen Themen f\u00fcr F\u00fchrungskr\u00e4fte von KMU auf.\",\"publisher\":{\"@id\":\"https:\\\/\\\/www.organisator.ch\\\/#organization\"},\"potentialAction\":[{\"@type\":\"SearchAction\",\"target\":{\"@type\":\"EntryPoint\",\"urlTemplate\":\"https:\\\/\\\/www.organisator.ch\\\/?s={search_term_string}\"},\"query-input\":{\"@type\":\"PropertyValueSpecification\",\"valueRequired\":true,\"valueName\":\"search_term_string\"}}],\"inLanguage\":\"fr-FR\"},{\"@type\":\"Organization\",\"@id\":\"https:\\\/\\\/www.organisator.ch\\\/#organization\",\"name\":\"Organisator\",\"url\":\"https:\\\/\\\/www.organisator.ch\\\/\",\"logo\":{\"@type\":\"ImageObject\",\"inLanguage\":\"fr-FR\",\"@id\":\"https:\\\/\\\/www.organisator.ch\\\/#\\\/schema\\\/logo\\\/image\\\/\",\"url\":\"https:\\\/\\\/www.organisator.ch\\\/wp-content\\\/uploads\\\/2022\\\/01\\\/Logo_Organisator_Website.png\",\"contentUrl\":\"https:\\\/\\\/www.organisator.ch\\\/wp-content\\\/uploads\\\/2022\\\/01\\\/Logo_Organisator_Website.png\",\"width\":800,\"height\":77,\"caption\":\"Organisator\"},\"image\":{\"@id\":\"https:\\\/\\\/www.organisator.ch\\\/#\\\/schema\\\/logo\\\/image\\\/\"},\"sameAs\":[\"https:\\\/\\\/www.facebook.com\\\/OrganisatorFachmagazin\",\"https:\\\/\\\/www.linkedin.com\\\/showcase\\\/organisator-das-magazin-fr-kmu\",\"https:\\\/\\\/www.xing.com\\\/news\\\/pages\\\/organisator-ch-695\",\"https:\\\/\\\/www.youtube.com\\\/channel\\\/UCGP2Sq0iWaZwT3BdIAQFYpw\"]},{\"@type\":\"Person\",\"@id\":\"https:\\\/\\\/www.organisator.ch\\\/#\\\/schema\\\/person\\\/aa2bace6c5c5aad60102004a50c4eb1c\",\"name\":\"admin\",\"image\":{\"@type\":\"ImageObject\",\"inLanguage\":\"fr-FR\",\"@id\":\"https:\\\/\\\/secure.gravatar.com\\\/avatar\\\/ae2f4d718e6c49043e314ce431e7e645d646302a24a5ef5a8bc8e3f5a032e319?s=96&d=mm&r=g\",\"url\":\"https:\\\/\\\/secure.gravatar.com\\\/avatar\\\/ae2f4d718e6c49043e314ce431e7e645d646302a24a5ef5a8bc8e3f5a032e319?s=96&d=mm&r=g\",\"contentUrl\":\"https:\\\/\\\/secure.gravatar.com\\\/avatar\\\/ae2f4d718e6c49043e314ce431e7e645d646302a24a5ef5a8bc8e3f5a032e319?s=96&d=mm&r=g\",\"caption\":\"admin\"},\"sameAs\":[\"https:\\\/\\\/www.organisator.ch\"],\"url\":\"https:\\\/\\\/www.organisator.ch\\\/fr\\\/author\\\/admin\\\/\"}]}<\/script>\n<!-- \/ Yoast SEO plugin. -->","yoast_head_json":{"title":"Quand l'offboarding des collaborateurs devient une faille de s\u00e9curit\u00e9 - Organisateur","description":"Lors de l'offboarding des collaborateurs, la s\u00e9curit\u00e9 informatique n'est que trop rarement consult\u00e9e : il en r\u00e9sulte des fuites de s\u00e9curit\u00e9 et des fuites de donn\u00e9es non souhait\u00e9es.","robots":{"index":"index","follow":"follow","max-snippet":"max-snippet:-1","max-image-preview":"max-image-preview:large","max-video-preview":"max-video-preview:-1"},"canonical":"https:\/\/www.organisator.ch\/fr\/abonnement\/2022-03-01\/wenn-das-mitarbeiter-offboarding-zur-sicherheitsluecke-wird\/","og_locale":"fr_FR","og_type":"article","og_title":"Wenn das Mitarbeiter-Offboarding zur Sicherheitsl\u00fccke wird - Organisator","og_description":"Bei Mitarbeiter-Offboarding wird die IT-Sicherheit zu selten konsultiert: Sicherheitslecks und unerw\u00fcnschter Datenabfluss sind die Folge.","og_url":"https:\/\/www.organisator.ch\/fr\/abonnement\/2022-03-01\/wenn-das-mitarbeiter-offboarding-zur-sicherheitsluecke-wird\/","og_site_name":"Organisator","article_publisher":"https:\/\/www.facebook.com\/OrganisatorFachmagazin","article_published_time":"2022-02-28T23:01:22+00:00","article_modified_time":"2022-03-11T09:35:38+00:00","og_image":[{"width":950,"height":550,"url":"https:\/\/www.organisator.ch\/wp-content\/uploads\/2022\/02\/Organisator-Wenn-das-Mitarbeiter-Offboarding-zur-Sicherheitsluecke-wird.jpg","type":"image\/jpeg"}],"author":"admin","twitter_card":"summary_large_image","schema":{"@context":"https:\/\/schema.org","@graph":[{"@type":"Article","@id":"https:\/\/www.organisator.ch\/abo\/2022-03-01\/wenn-das-mitarbeiter-offboarding-zur-sicherheitsluecke-wird\/#article","isPartOf":{"@id":"https:\/\/www.organisator.ch\/abo\/2022-03-01\/wenn-das-mitarbeiter-offboarding-zur-sicherheitsluecke-wird\/"},"author":{"name":"admin","@id":"https:\/\/www.organisator.ch\/#\/schema\/person\/aa2bace6c5c5aad60102004a50c4eb1c"},"headline":"Wenn das Mitarbeiter-Offboarding zur Sicherheitsl\u00fccke wird","datePublished":"2022-02-28T23:01:22+00:00","dateModified":"2022-03-11T09:35:38+00:00","mainEntityOfPage":{"@id":"https:\/\/www.organisator.ch\/abo\/2022-03-01\/wenn-das-mitarbeiter-offboarding-zur-sicherheitsluecke-wird\/"},"wordCount":831,"publisher":{"@id":"https:\/\/www.organisator.ch\/#organization"},"image":{"@id":"https:\/\/www.organisator.ch\/abo\/2022-03-01\/wenn-das-mitarbeiter-offboarding-zur-sicherheitsluecke-wird\/#primaryimage"},"thumbnailUrl":"https:\/\/www.organisator.ch\/wp-content\/uploads\/2022\/02\/Organisator-Wenn-das-Mitarbeiter-Offboarding-zur-Sicherheitsluecke-wird.jpg","keywords":["Ausgabe 1-2\/2022","HRM","ICT-Sicherheit"],"articleSection":["ABO+","OPERATIONAL EXCELLENCE"],"inLanguage":"fr-FR"},{"@type":"WebPage","@id":"https:\/\/www.organisator.ch\/abo\/2022-03-01\/wenn-das-mitarbeiter-offboarding-zur-sicherheitsluecke-wird\/","url":"https:\/\/www.organisator.ch\/abo\/2022-03-01\/wenn-das-mitarbeiter-offboarding-zur-sicherheitsluecke-wird\/","name":"Quand l'offboarding des collaborateurs devient une faille de s\u00e9curit\u00e9 - Organisateur","isPartOf":{"@id":"https:\/\/www.organisator.ch\/#website"},"primaryImageOfPage":{"@id":"https:\/\/www.organisator.ch\/abo\/2022-03-01\/wenn-das-mitarbeiter-offboarding-zur-sicherheitsluecke-wird\/#primaryimage"},"image":{"@id":"https:\/\/www.organisator.ch\/abo\/2022-03-01\/wenn-das-mitarbeiter-offboarding-zur-sicherheitsluecke-wird\/#primaryimage"},"thumbnailUrl":"https:\/\/www.organisator.ch\/wp-content\/uploads\/2022\/02\/Organisator-Wenn-das-Mitarbeiter-Offboarding-zur-Sicherheitsluecke-wird.jpg","datePublished":"2022-02-28T23:01:22+00:00","dateModified":"2022-03-11T09:35:38+00:00","description":"Lors de l'offboarding des collaborateurs, la s\u00e9curit\u00e9 informatique n'est que trop rarement consult\u00e9e : il en r\u00e9sulte des fuites de s\u00e9curit\u00e9 et des fuites de donn\u00e9es non souhait\u00e9es.","breadcrumb":{"@id":"https:\/\/www.organisator.ch\/abo\/2022-03-01\/wenn-das-mitarbeiter-offboarding-zur-sicherheitsluecke-wird\/#breadcrumb"},"inLanguage":"fr-FR","potentialAction":[{"@type":"ReadAction","target":["https:\/\/www.organisator.ch\/abo\/2022-03-01\/wenn-das-mitarbeiter-offboarding-zur-sicherheitsluecke-wird\/"]}]},{"@type":"ImageObject","inLanguage":"fr-FR","@id":"https:\/\/www.organisator.ch\/abo\/2022-03-01\/wenn-das-mitarbeiter-offboarding-zur-sicherheitsluecke-wird\/#primaryimage","url":"https:\/\/www.organisator.ch\/wp-content\/uploads\/2022\/02\/Organisator-Wenn-das-Mitarbeiter-Offboarding-zur-Sicherheitsluecke-wird.jpg","contentUrl":"https:\/\/www.organisator.ch\/wp-content\/uploads\/2022\/02\/Organisator-Wenn-das-Mitarbeiter-Offboarding-zur-Sicherheitsluecke-wird.jpg","width":950,"height":550,"caption":"Noch schnell ein paar Daten auf den privaten USB-Stick kopieren, bevor man das Unternehmen endg\u00fcltig verl\u00e4sst: Das Offboarding von Mitarbeitenden kann sich als IT-Sicherheitsrisiko entpuppen (Symbolbild). Bild: \u00a9 UNSPLASH.COM"},{"@type":"BreadcrumbList","@id":"https:\/\/www.organisator.ch\/abo\/2022-03-01\/wenn-das-mitarbeiter-offboarding-zur-sicherheitsluecke-wird\/#breadcrumb","itemListElement":[{"@type":"ListItem","position":1,"name":"Home","item":"https:\/\/www.organisator.ch\/"},{"@type":"ListItem","position":2,"name":"Wenn das Mitarbeiter-Offboarding zur Sicherheitsl\u00fccke wird"}]},{"@type":"WebSite","@id":"https:\/\/www.organisator.ch\/#website","url":"https:\/\/www.organisator.ch\/","name":"Organisateur","description":"Comp\u00e9tence et comp\u00e9tence. Proches de la pratique. L'ORGANISATEUR pr\u00e9pare 10 num\u00e9ros par an sur les th\u00e8mes essentiels pour les dirigeants de PME.","publisher":{"@id":"https:\/\/www.organisator.ch\/#organization"},"potentialAction":[{"@type":"SearchAction","target":{"@type":"EntryPoint","urlTemplate":"https:\/\/www.organisator.ch\/?s={search_term_string}"},"query-input":{"@type":"PropertyValueSpecification","valueRequired":true,"valueName":"search_term_string"}}],"inLanguage":"fr-FR"},{"@type":"Organization","@id":"https:\/\/www.organisator.ch\/#organization","name":"Organisateur","url":"https:\/\/www.organisator.ch\/","logo":{"@type":"ImageObject","inLanguage":"fr-FR","@id":"https:\/\/www.organisator.ch\/#\/schema\/logo\/image\/","url":"https:\/\/www.organisator.ch\/wp-content\/uploads\/2022\/01\/Logo_Organisator_Website.png","contentUrl":"https:\/\/www.organisator.ch\/wp-content\/uploads\/2022\/01\/Logo_Organisator_Website.png","width":800,"height":77,"caption":"Organisator"},"image":{"@id":"https:\/\/www.organisator.ch\/#\/schema\/logo\/image\/"},"sameAs":["https:\/\/www.facebook.com\/OrganisatorFachmagazin","https:\/\/www.linkedin.com\/showcase\/organisator-das-magazin-fr-kmu","https:\/\/www.xing.com\/news\/pages\/organisator-ch-695","https:\/\/www.youtube.com\/channel\/UCGP2Sq0iWaZwT3BdIAQFYpw"]},{"@type":"Person","@id":"https:\/\/www.organisator.ch\/#\/schema\/person\/aa2bace6c5c5aad60102004a50c4eb1c","name":"admin","image":{"@type":"ImageObject","inLanguage":"fr-FR","@id":"https:\/\/secure.gravatar.com\/avatar\/ae2f4d718e6c49043e314ce431e7e645d646302a24a5ef5a8bc8e3f5a032e319?s=96&d=mm&r=g","url":"https:\/\/secure.gravatar.com\/avatar\/ae2f4d718e6c49043e314ce431e7e645d646302a24a5ef5a8bc8e3f5a032e319?s=96&d=mm&r=g","contentUrl":"https:\/\/secure.gravatar.com\/avatar\/ae2f4d718e6c49043e314ce431e7e645d646302a24a5ef5a8bc8e3f5a032e319?s=96&d=mm&r=g","caption":"admin"},"sameAs":["https:\/\/www.organisator.ch"],"url":"https:\/\/www.organisator.ch\/fr\/author\/admin\/"}]}},"_links":{"self":[{"href":"https:\/\/www.organisator.ch\/fr\/wp-json\/wp\/v2\/posts\/11304","targetHints":{"allow":["GET"]}}],"collection":[{"href":"https:\/\/www.organisator.ch\/fr\/wp-json\/wp\/v2\/posts"}],"about":[{"href":"https:\/\/www.organisator.ch\/fr\/wp-json\/wp\/v2\/types\/post"}],"author":[{"embeddable":true,"href":"https:\/\/www.organisator.ch\/fr\/wp-json\/wp\/v2\/users\/1"}],"replies":[{"embeddable":true,"href":"https:\/\/www.organisator.ch\/fr\/wp-json\/wp\/v2\/comments?post=11304"}],"version-history":[{"count":3,"href":"https:\/\/www.organisator.ch\/fr\/wp-json\/wp\/v2\/posts\/11304\/revisions"}],"predecessor-version":[{"id":12104,"href":"https:\/\/www.organisator.ch\/fr\/wp-json\/wp\/v2\/posts\/11304\/revisions\/12104"}],"wp:featuredmedia":[{"embeddable":true,"href":"https:\/\/www.organisator.ch\/fr\/wp-json\/wp\/v2\/media\/11305"}],"wp:attachment":[{"href":"https:\/\/www.organisator.ch\/fr\/wp-json\/wp\/v2\/media?parent=11304"}],"wp:term":[{"taxonomy":"category","embeddable":true,"href":"https:\/\/www.organisator.ch\/fr\/wp-json\/wp\/v2\/categories?post=11304"},{"taxonomy":"post_tag","embeddable":true,"href":"https:\/\/www.organisator.ch\/fr\/wp-json\/wp\/v2\/tags?post=11304"}],"curies":[{"name":"wp","href":"https:\/\/api.w.org\/{rel}","templated":true}]}}