{"id":1133,"date":"2016-10-11T16:17:49","date_gmt":"2016-10-11T14:17:49","guid":{"rendered":"http:\/\/dev.organisator.ch\/?p=1133"},"modified":"2016-10-11T16:17:49","modified_gmt":"2016-10-11T14:17:49","slug":"vom-technischen-kaufmann-ueber-die-selbststaendigkeit-zum-geschaeftsfuehrer","status":"publish","type":"post","link":"https:\/\/www.organisator.ch\/fr\/human-resources\/hrm\/2016-10-11\/vom-technischen-kaufmann-ueber-die-selbststaendigkeit-zum-geschaeftsfuehrer\/","title":{"rendered":"Du technico-commercial au directeur g\u00e9n\u00e9ral en passant par l'ind\u00e9pendance"},"content":{"rendered":"<figure id=\"attachment_1135\" aria-describedby=\"caption-attachment-1135\" style=\"width: 680px\" class=\"wp-caption alignnone\"><a href=\"https:\/\/www.organisator.ch\/wp-content\/uploads\/2016\/12\/Vom-Technischen-Kaufmann-ueber-die-Selbststaendigkeit-zum-Geschaeftsfuehrer-organisator.jpg\"><img loading=\"lazy\" decoding=\"async\" class=\"size-medium wp-image-1135\" src=\"https:\/\/organisator.ch\/wp-content\/uploads\/2016\/12\/Vom-Technischen-Kaufmann-\u00fcber-die-Selbstst\u00e4ndigkeit-zum-Gesch\u00e4ftsf\u00fchrer-organisator.jpg\" alt=\"\" width=\"680\" height=\"328\" \/><\/a><figcaption id=\"caption-attachment-1135\" class=\"wp-caption-text\">Pour tous les sens : la grotte d'eau sal\u00e9e des bains thermaux de Zurzach.<\/figcaption><\/figure>\n<p><em>Monsieur Keller, la figure de Papa Moll ne passe pas inaper\u00e7ue aux bains thermaux de Zurzach. Comment cette association a-t-elle vu le jour ?<\/em><\/p>\n<p><em>Dominik Keller :<\/em> C'est ainsi que cela s'est pass\u00e9 : La cr\u00e9atrice de Papa Moll, Edith Oppenheim-Jonas, a \u00e9t\u00e9 charg\u00e9e en 1952 par Pro Juventute de d\u00e9velopper des bandes dessin\u00e9es. Elle vivait pr\u00e8s d'ici et ses histoires ont depuis enthousiasm\u00e9 petits et grands. Nos racines communes ont donn\u00e9 l'impulsion pour une coop\u00e9ration. C'est ainsi que nous avons repris le th\u00e8me de Papa Moll dans l'espace bain des enfants. Et \u00e0 c\u00f4t\u00e9 du restaurant, il y a le mus\u00e9e Papa Moll, qui s'adresse aussi bien aux petits qu'aux grands : on y trouve des peintures et des pinceaux originaux d'Edith Oppenheim-Jonas, et bien s\u00fbr, le livre correspondant, intitul\u00e9 \"Papa Moll va se baigner\", ne manque pas.<\/p>\n<p><em>Qui devrait visiter les bains thermaux de Zurzach et pourquoi ?<\/em><\/p>\n<p>Tous ceux qui cherchent \u00e0 se reposer, \u00e0 se d\u00e9tendre et \u00e0 passer un bon moment. Les p\u00e8res fondateurs des thermes voulaient proposer des bains pour le peuple. Nous sommes rest\u00e9s fid\u00e8les \u00e0 cette id\u00e9e de base. L'entr\u00e9e ne co\u00fbte que 19 francs pour deux heures, mais nos clients peuvent utiliser toutes les installations. Ce qui \u00e9tait autrefois un bain pour le peuple est aujourd'hui une oasis de bien-\u00eatre pour le peuple.<\/p>\n<p><em>Monsieur Keller, quelle est votre vision ?<\/em><\/p>\n<p>En r\u00e9sum\u00e9 : nous voulons devenir le num\u00e9ro 1 des bains thermaux wellness et donc le fournisseur total d'une destination sant\u00e9 et d\u00e9tente pour toute la famille : Le p\u00e8re fait par exemple un bilan m\u00e9tabolique, les enfants s'amusent chez Papa Moll et la m\u00e8re se fait dorloter dans l'espace cosm\u00e9tique. L'objectif de chacun d'entre nous devrait \u00eatre de maintenir sa qualit\u00e9 de vie jusqu'\u00e0 un \u00e2ge avanc\u00e9. Nous allons tellement vite que nous ne sentons plus notre corps et notre esprit. Mais lorsque l'on est allong\u00e9 dans une eau \u00e0 36 degr\u00e9s, les effets sont magnifiques et font remonter \u00e0 la surface les souvenirs de la p\u00e9riode pr\u00e9natale, lorsque l'on \u00e9tait dans le liquide amniotique. Ce savoir est nouveau - nous n'en sommes encore qu'au d\u00e9but, mais les effets sont frappants.<\/p>\n<p><em>Parlons un peu de votre parcours. Pourquoi avez-vous choisi de devenir technico-commercial il y a 20 ans ?<\/em><\/p>\n<p>Mes coll\u00e8gues avaient commenc\u00e9 un an auparavant et ne tarissaient pas d'\u00e9loges sur le TC depuis. C'est ainsi que j'y suis venu. Mais les professeurs aussi \u00e9taient des \"fans\" ! Le professeur d'\u00e9conomie, par exemple, d\u00e9coupait toujours un article du journal \"Cash\", sur lequel nous nous penchions ensuite. L'association Anavant a r\u00e9ussi \u00e0 faire de nous des fans ! Cela s'explique certainement aussi par le fait que l'examen est difficile et que la fiert\u00e9 est grande pour tous ceux qui le r\u00e9ussissent.<\/p>\n<p><em>Qu'avez-vous fait pendant les premi\u00e8res ann\u00e9es apr\u00e8s le TC ?<\/em><\/p>\n<p>J'ai cr\u00e9\u00e9 une soci\u00e9t\u00e9 de conseil et une entreprise dans le domaine des solariums et du bien-\u00eatre. Gr\u00e2ce au CT, la cr\u00e9ation de chaque entreprise s'est av\u00e9r\u00e9e plus simple et la formation m'a donn\u00e9 beaucoup d'assurance pour la gestion exigeante de l'entreprise.<\/p>\n<p><em>Quelle est l'influence de la conclusion de la CT \u00e0 l'\u00e9poque sur votre fonction actuelle de directeur g\u00e9n\u00e9ral ?<\/em><\/p>\n<p>L'avantage de tous les CT est leur vision globale. En effet, les CT ont b\u00e9n\u00e9fici\u00e9 au pr\u00e9alable d'une formation pratique. C'est aussi le cas pour moi. Je peux parler d'\u00e9gal \u00e0 \u00e9gal avec l'ensemble des 135 collaborateurs, bien que je ne sois pas un sp\u00e9cialiste de quoi que ce soit - ce n'est pas non plus n\u00e9cessaire en tant que directeur. On m'a propos\u00e9 le poste actuel parce qu'en tant qu'ind\u00e9pendant, je voulais vendre des appareils de fitness au centre thermal pour quelques milliers de francs. Mais en tant que CT, on peut voir et penser plus loin que le bout de son nez. C'est pourquoi je n'ai pas propos\u00e9 d'appareils de fitness, mais un concept. Cela a fait mouche et, bien que je n'aie pas encore 30 ans et que je sois donc plut\u00f4t trop jeune, j'ai relev\u00e9 le d\u00e9fi avec le CT derri\u00e8re moi. Au d\u00e9part, je pensais m'engager pour 2 ou 3 ans, mais c'est devenu 17 ans entre-temps.<\/p>\n<p><em>Vous souvenez-vous de l'examen de CT ?<\/em><\/p>\n<p>Oui, surtout \u00e0 l'atmosph\u00e8re nerveuse qui r\u00e9gnait dans cette grande salle \u00e0 B\u00e2le. Le soir, nous \u00e9tions tellement frustr\u00e9s par la difficult\u00e9 des questions que nous sommes mont\u00e9s sur le toit de l'h\u00f4tel, d'o\u00f9 nous avons saut\u00e9 dans la piscine ! Les gens ont d\u00fb penser que nous \u00e9tions des suicidaires !<\/p>\n<p><em>Y a-t-il aujourd'hui encore des situations dans votre vie quotidienne que vous pouvez relier \u00e0 la formation de CT ?<\/em><\/p>\n<p>Il y en a toujours. En fait, \u00e0 chaque fois qu'il s'agit de remettre les choses en question, de formuler des questions et de r\u00e9fl\u00e9chir \u00e0 des th\u00e8mes.<\/p>\n<p><em>Qui devrait, selon vous, faire le TC ?<\/em><\/p>\n<p>En fait, toute personne qui a une bonne formation technique de base et qui souhaite se mettre \u00e0 son compte ou qui aspire \u00e0 une fonction de direction. Notre pays compte aujourd'hui beaucoup trop de sp\u00e9cialistes et beaucoup trop peu de g\u00e9n\u00e9ralistes qui voient les choses dans leur ensemble. Gr\u00e2ce au TC, les interactions entre toutes les sp\u00e9cialit\u00e9s deviennent plus compr\u00e9hensibles et r\u00e9alisables. En raison de la formation pratique, les \u00e9tudiants en TC en profitent d\u00e8s le d\u00e9but de leur formation en associant la th\u00e9orie \u00e0 la pratique.<\/p>\n<p><em>Pensez-vous pouvoir r\u00e9ussir aujourd'hui l'examen de CT avec une note de 4 en improvisant ?<\/em><\/p>\n<p>Je ne sais pas, \u00e0 l'oral je m'en sortirais probablement bien, mais \u00e0 l'\u00e9crit plus vraiment (rires).<\/p>\n<p>Bad Zurzach\u00a0<a href=\"http:\/\/www.thermalbad.ch\" target=\"_blank\" rel=\"noopener\">http:\/\/www.thermalbad.ch<\/a><\/p>\n<p>ANAVANT\u00a0<a href=\"http:\/\/www.anavant.ch\/de\" target=\"_blank\" rel=\"noopener\">http:\/\/www.anavant.ch\/de<\/a><\/p>\n<p>Dominik Keller a rejoint Thermalbad Zurzach AG en 1998 en tant que directeur. Il a d\u00e9velopp\u00e9 l'entreprise, qui est pass\u00e9e de 45 \u00e0 plus de 135 employ\u00e9s aujourd'hui. Au total, plus de 40 millions de francs suisses ont \u00e9t\u00e9 investis durant cette p\u00e9riode. L'ancien ferblantier a\u00e9ronautique a obtenu son brevet f\u00e9d\u00e9ral de technicien sup\u00e9rieur en 1995.<\/p>\n<p>La durabilit\u00e9 tient \u00e0 c\u0153ur \u00e0 Dominik Keller. Sous sa direction, les thermes de Zurzach ont par exemple compl\u00e8tement renonc\u00e9 au chauffage au mazout et donc \u00e0 plus d'un million de litres de mazout par an. En lieu et place, une installation \u00e0 copeaux de bois respectueuse de l'environnement, coupl\u00e9e \u00e0 un syst\u00e8me de r\u00e9cup\u00e9ration de chaleur, fournit de l'\u00e9nergie. Le Thermalbad Zurzach exploite en tant que filiale l'unique Airport Fitness &amp; Wellnesscenter \u00e0 l'a\u00e9roport de Zurich ainsi qu'un nouveau projet \u00e0 Baden - toujours avec la philosophie \"par des hommes pour des hommes\".<\/p>","protected":false},"excerpt":{"rendered":"<p>Herr Keller, die Figur von Papa Moll ist nicht zu \u00fcbersehen im Thermalbad Zurzach. Wie kam es zu dieser Verbindung? Dominik Keller: Das kam so: Die Erfinderin von Papa Moll, Edith Oppenheim-Jonas, wurde 1952 von Pro Juventute beauftragt, Comics zu entwickeln. Sie lebte hier in der N\u00e4he, und ihre Geschichten begeistern seither Gross und Klein. [&hellip;]<\/p>\n","protected":false},"author":8,"featured_media":0,"comment_status":"open","ping_status":"open","sticky":false,"template":"","format":"standard","meta":{"_acf_changed":false,"_yoast_wpseo_focuskw":"Vom Technischen Kaufmann \u00fcber die Selbstst\u00e4ndigkeit zum Gesch\u00e4ftsf\u00fchrer","_yoast_wpseo_metadesc":"Das schweizweit bekannte Thermalbad Zurzach versteht es, mit \u00fcberraschenden Ideen auf sich aufmerksam zu machen und der ganzen Familie viel Badespass zu bieten. Der Gesch\u00e4ftsf\u00fchrer Dominik Keller verr\u00e4t mehr zu seiner Vision und zu seinem Werdegang.","articlekey":"","footnotes":""},"categories":[26],"tags":[62,254],"class_list":["post-1133","post","type-post","status-publish","format-standard","hentry","category-hrm","tag-aus-weiterbildung","tag-hrm"],"acf":[],"yoast_head":"<!-- This site is optimized with the Yoast SEO plugin v27.4 - https:\/\/yoast.com\/product\/yoast-seo-wordpress\/ -->\n<title>Vom Technischen Kaufmann \u00fcber die Selbstst\u00e4ndigkeit zum Gesch\u00e4ftsf\u00fchrer - Organisator<\/title>\n<meta name=\"description\" content=\"Das schweizweit bekannte Thermalbad Zurzach versteht es, mit \u00fcberraschenden Ideen auf sich aufmerksam zu machen und der ganzen Familie viel Badespass zu bieten. Der Gesch\u00e4ftsf\u00fchrer Dominik Keller verr\u00e4t mehr zu seiner Vision und zu seinem Werdegang.\" \/>\n<meta name=\"robots\" content=\"index, follow, max-snippet:-1, max-image-preview:large, max-video-preview:-1\" \/>\n<link rel=\"canonical\" href=\"https:\/\/www.organisator.ch\/fr\/ressources-humaines\/hrm\/2016-10-11\/vom-technischen-kaufmann-ueber-die-selbststaendigkeit-zum-geschaeftsfuehrer\/\" \/>\n<meta property=\"og:locale\" content=\"fr_FR\" \/>\n<meta property=\"og:type\" content=\"article\" \/>\n<meta property=\"og:title\" content=\"Vom Technischen Kaufmann \u00fcber die Selbstst\u00e4ndigkeit zum Gesch\u00e4ftsf\u00fchrer\" \/>\n<meta property=\"og:description\" content=\"Das schweizweit bekannte Thermalbad Zurzach versteht es, mit \u00fcberraschenden Ideen auf sich aufmerksam zu machen und der ganzen Familie viel Badespass zu bieten. Der Gesch\u00e4ftsf\u00fchrer Dominik Keller verr\u00e4t mehr zu seiner Vision und zu seinem Werdegang.\" \/>\n<meta property=\"og:url\" content=\"https:\/\/www.organisator.ch\/fr\/ressources-humaines\/hrm\/2016-10-11\/vom-technischen-kaufmann-ueber-die-selbststaendigkeit-zum-geschaeftsfuehrer\/\" \/>\n<meta property=\"og:site_name\" content=\"Organisator\" \/>\n<meta property=\"article:publisher\" content=\"https:\/\/www.facebook.com\/OrganisatorFachmagazin\" \/>\n<meta property=\"article:published_time\" content=\"2016-10-11T14:17:49+00:00\" \/>\n<meta name=\"author\" content=\"galledia\" \/>\n<meta name=\"twitter:card\" content=\"summary_large_image\" \/>\n<meta name=\"twitter:title\" content=\"Vom Technischen Kaufmann \u00fcber die Selbstst\u00e4ndigkeit zum Gesch\u00e4ftsf\u00fchrer\" \/>\n<meta name=\"twitter:description\" content=\"Das schweizweit bekannte Thermalbad Zurzach versteht es, mit \u00fcberraschenden Ideen auf sich aufmerksam zu machen und der ganzen Familie viel Badespass zu bieten. Der Gesch\u00e4ftsf\u00fchrer Dominik Keller verr\u00e4t mehr zu seiner Vision und zu seinem Werdegang.\" \/>\n<meta name=\"twitter:creator\" content=\"@admin\" \/>\n<script type=\"application\/ld+json\" class=\"yoast-schema-graph\">{\"@context\":\"https:\\\/\\\/schema.org\",\"@graph\":[{\"@type\":\"Article\",\"@id\":\"https:\\\/\\\/www.organisator.ch\\\/human-resources\\\/hrm\\\/2016-10-11\\\/vom-technischen-kaufmann-ueber-die-selbststaendigkeit-zum-geschaeftsfuehrer\\\/#article\",\"isPartOf\":{\"@id\":\"https:\\\/\\\/www.organisator.ch\\\/human-resources\\\/hrm\\\/2016-10-11\\\/vom-technischen-kaufmann-ueber-die-selbststaendigkeit-zum-geschaeftsfuehrer\\\/\"},\"author\":{\"name\":\"galledia\",\"@id\":\"https:\\\/\\\/www.organisator.ch\\\/#\\\/schema\\\/person\\\/4e51799071cd2dd1232ac003643ef5f0\"},\"headline\":\"Vom Technischen Kaufmann \u00fcber die Selbstst\u00e4ndigkeit zum Gesch\u00e4ftsf\u00fchrer\",\"datePublished\":\"2016-10-11T14:17:49+00:00\",\"mainEntityOfPage\":{\"@id\":\"https:\\\/\\\/www.organisator.ch\\\/human-resources\\\/hrm\\\/2016-10-11\\\/vom-technischen-kaufmann-ueber-die-selbststaendigkeit-zum-geschaeftsfuehrer\\\/\"},\"wordCount\":969,\"commentCount\":0,\"publisher\":{\"@id\":\"https:\\\/\\\/www.organisator.ch\\\/#organization\"},\"keywords\":[\"Aus-\\\/Weiterbildung\",\"HRM\"],\"articleSection\":[\"HRM\"],\"inLanguage\":\"fr-FR\"},{\"@type\":\"WebPage\",\"@id\":\"https:\\\/\\\/www.organisator.ch\\\/human-resources\\\/hrm\\\/2016-10-11\\\/vom-technischen-kaufmann-ueber-die-selbststaendigkeit-zum-geschaeftsfuehrer\\\/\",\"url\":\"https:\\\/\\\/www.organisator.ch\\\/human-resources\\\/hrm\\\/2016-10-11\\\/vom-technischen-kaufmann-ueber-die-selbststaendigkeit-zum-geschaeftsfuehrer\\\/\",\"name\":\"Vom Technischen Kaufmann \u00fcber die Selbstst\u00e4ndigkeit zum Gesch\u00e4ftsf\u00fchrer - Organisator\",\"isPartOf\":{\"@id\":\"https:\\\/\\\/www.organisator.ch\\\/#website\"},\"datePublished\":\"2016-10-11T14:17:49+00:00\",\"description\":\"Das schweizweit bekannte Thermalbad Zurzach versteht es, mit \u00fcberraschenden Ideen auf sich aufmerksam zu machen und der ganzen Familie viel Badespass zu bieten. Der Gesch\u00e4ftsf\u00fchrer Dominik Keller verr\u00e4t mehr zu seiner Vision und zu seinem Werdegang.\",\"breadcrumb\":{\"@id\":\"https:\\\/\\\/www.organisator.ch\\\/human-resources\\\/hrm\\\/2016-10-11\\\/vom-technischen-kaufmann-ueber-die-selbststaendigkeit-zum-geschaeftsfuehrer\\\/#breadcrumb\"},\"inLanguage\":\"fr-FR\",\"potentialAction\":[{\"@type\":\"ReadAction\",\"target\":[\"https:\\\/\\\/www.organisator.ch\\\/human-resources\\\/hrm\\\/2016-10-11\\\/vom-technischen-kaufmann-ueber-die-selbststaendigkeit-zum-geschaeftsfuehrer\\\/\"]}]},{\"@type\":\"BreadcrumbList\",\"@id\":\"https:\\\/\\\/www.organisator.ch\\\/human-resources\\\/hrm\\\/2016-10-11\\\/vom-technischen-kaufmann-ueber-die-selbststaendigkeit-zum-geschaeftsfuehrer\\\/#breadcrumb\",\"itemListElement\":[{\"@type\":\"ListItem\",\"position\":1,\"name\":\"Home\",\"item\":\"https:\\\/\\\/www.organisator.ch\\\/\"},{\"@type\":\"ListItem\",\"position\":2,\"name\":\"Vom Technischen Kaufmann \u00fcber die Selbstst\u00e4ndigkeit zum Gesch\u00e4ftsf\u00fchrer\"}]},{\"@type\":\"WebSite\",\"@id\":\"https:\\\/\\\/www.organisator.ch\\\/#website\",\"url\":\"https:\\\/\\\/www.organisator.ch\\\/\",\"name\":\"Organisator\",\"description\":\"Kompetent. Praxisnah. Der ORGANISATOR bereitet in 10 Ausgaben pro Jahr die wesentlichen Themen f\u00fcr F\u00fchrungskr\u00e4fte von KMU auf.\",\"publisher\":{\"@id\":\"https:\\\/\\\/www.organisator.ch\\\/#organization\"},\"potentialAction\":[{\"@type\":\"SearchAction\",\"target\":{\"@type\":\"EntryPoint\",\"urlTemplate\":\"https:\\\/\\\/www.organisator.ch\\\/?s={search_term_string}\"},\"query-input\":{\"@type\":\"PropertyValueSpecification\",\"valueRequired\":true,\"valueName\":\"search_term_string\"}}],\"inLanguage\":\"fr-FR\"},{\"@type\":\"Organization\",\"@id\":\"https:\\\/\\\/www.organisator.ch\\\/#organization\",\"name\":\"Organisator\",\"url\":\"https:\\\/\\\/www.organisator.ch\\\/\",\"logo\":{\"@type\":\"ImageObject\",\"inLanguage\":\"fr-FR\",\"@id\":\"https:\\\/\\\/www.organisator.ch\\\/#\\\/schema\\\/logo\\\/image\\\/\",\"url\":\"https:\\\/\\\/www.organisator.ch\\\/wp-content\\\/uploads\\\/2022\\\/01\\\/Logo_Organisator_Website.png\",\"contentUrl\":\"https:\\\/\\\/www.organisator.ch\\\/wp-content\\\/uploads\\\/2022\\\/01\\\/Logo_Organisator_Website.png\",\"width\":800,\"height\":77,\"caption\":\"Organisator\"},\"image\":{\"@id\":\"https:\\\/\\\/www.organisator.ch\\\/#\\\/schema\\\/logo\\\/image\\\/\"},\"sameAs\":[\"https:\\\/\\\/www.facebook.com\\\/OrganisatorFachmagazin\",\"https:\\\/\\\/www.linkedin.com\\\/showcase\\\/organisator-das-magazin-fr-kmu\",\"https:\\\/\\\/www.xing.com\\\/news\\\/pages\\\/organisator-ch-695\",\"https:\\\/\\\/www.youtube.com\\\/channel\\\/UCGP2Sq0iWaZwT3BdIAQFYpw\"]},{\"@type\":\"Person\",\"@id\":\"https:\\\/\\\/www.organisator.ch\\\/#\\\/schema\\\/person\\\/4e51799071cd2dd1232ac003643ef5f0\",\"name\":\"galledia\",\"image\":{\"@type\":\"ImageObject\",\"inLanguage\":\"fr-FR\",\"@id\":\"https:\\\/\\\/secure.gravatar.com\\\/avatar\\\/78a7f90c01fc2bfc875782a0d4922b37cde2cf184ce347b91316d23cd7f69a36?s=96&d=mm&r=g\",\"url\":\"https:\\\/\\\/secure.gravatar.com\\\/avatar\\\/78a7f90c01fc2bfc875782a0d4922b37cde2cf184ce347b91316d23cd7f69a36?s=96&d=mm&r=g\",\"contentUrl\":\"https:\\\/\\\/secure.gravatar.com\\\/avatar\\\/78a7f90c01fc2bfc875782a0d4922b37cde2cf184ce347b91316d23cd7f69a36?s=96&d=mm&r=g\",\"caption\":\"galledia\"},\"sameAs\":[\"https:\\\/\\\/x.com\\\/admin\"],\"url\":\"https:\\\/\\\/www.organisator.ch\\\/fr\\\/author\\\/galledia\\\/\"}]}<\/script>\n<!-- \/ Yoast SEO plugin. -->","yoast_head_json":{"title":"Du technico-commercial au g\u00e9rant d'entreprise en passant par l'ind\u00e9pendance - organisateur","description":"Les bains thermaux de Zurzach, connus dans toute la Suisse, savent attirer l'attention avec des id\u00e9es surprenantes et offrir \u00e0 toute la famille de nombreux plaisirs aquatiques. Le directeur Dominik Keller nous en dit plus sur sa vision et son parcours.","robots":{"index":"index","follow":"follow","max-snippet":"max-snippet:-1","max-image-preview":"max-image-preview:large","max-video-preview":"max-video-preview:-1"},"canonical":"https:\/\/www.organisator.ch\/fr\/ressources-humaines\/hrm\/2016-10-11\/vom-technischen-kaufmann-ueber-die-selbststaendigkeit-zum-geschaeftsfuehrer\/","og_locale":"fr_FR","og_type":"article","og_title":"Vom Technischen Kaufmann \u00fcber die Selbstst\u00e4ndigkeit zum Gesch\u00e4ftsf\u00fchrer","og_description":"Das schweizweit bekannte Thermalbad Zurzach versteht es, mit \u00fcberraschenden Ideen auf sich aufmerksam zu machen und der ganzen Familie viel Badespass zu bieten. Der Gesch\u00e4ftsf\u00fchrer Dominik Keller verr\u00e4t mehr zu seiner Vision und zu seinem Werdegang.","og_url":"https:\/\/www.organisator.ch\/fr\/ressources-humaines\/hrm\/2016-10-11\/vom-technischen-kaufmann-ueber-die-selbststaendigkeit-zum-geschaeftsfuehrer\/","og_site_name":"Organisator","article_publisher":"https:\/\/www.facebook.com\/OrganisatorFachmagazin","article_published_time":"2016-10-11T14:17:49+00:00","author":"galledia","twitter_card":"summary_large_image","twitter_title":"Vom Technischen Kaufmann \u00fcber die Selbstst\u00e4ndigkeit zum Gesch\u00e4ftsf\u00fchrer","twitter_description":"Das schweizweit bekannte Thermalbad Zurzach versteht es, mit \u00fcberraschenden Ideen auf sich aufmerksam zu machen und der ganzen Familie viel Badespass zu bieten. Der Gesch\u00e4ftsf\u00fchrer Dominik Keller verr\u00e4t mehr zu seiner Vision und zu seinem Werdegang.","twitter_creator":"@admin","schema":{"@context":"https:\/\/schema.org","@graph":[{"@type":"Article","@id":"https:\/\/www.organisator.ch\/human-resources\/hrm\/2016-10-11\/vom-technischen-kaufmann-ueber-die-selbststaendigkeit-zum-geschaeftsfuehrer\/#article","isPartOf":{"@id":"https:\/\/www.organisator.ch\/human-resources\/hrm\/2016-10-11\/vom-technischen-kaufmann-ueber-die-selbststaendigkeit-zum-geschaeftsfuehrer\/"},"author":{"name":"galledia","@id":"https:\/\/www.organisator.ch\/#\/schema\/person\/4e51799071cd2dd1232ac003643ef5f0"},"headline":"Vom Technischen Kaufmann \u00fcber die Selbstst\u00e4ndigkeit zum Gesch\u00e4ftsf\u00fchrer","datePublished":"2016-10-11T14:17:49+00:00","mainEntityOfPage":{"@id":"https:\/\/www.organisator.ch\/human-resources\/hrm\/2016-10-11\/vom-technischen-kaufmann-ueber-die-selbststaendigkeit-zum-geschaeftsfuehrer\/"},"wordCount":969,"commentCount":0,"publisher":{"@id":"https:\/\/www.organisator.ch\/#organization"},"keywords":["Aus-\/Weiterbildung","HRM"],"articleSection":["HRM"],"inLanguage":"fr-FR"},{"@type":"WebPage","@id":"https:\/\/www.organisator.ch\/human-resources\/hrm\/2016-10-11\/vom-technischen-kaufmann-ueber-die-selbststaendigkeit-zum-geschaeftsfuehrer\/","url":"https:\/\/www.organisator.ch\/human-resources\/hrm\/2016-10-11\/vom-technischen-kaufmann-ueber-die-selbststaendigkeit-zum-geschaeftsfuehrer\/","name":"Du technico-commercial au g\u00e9rant d'entreprise en passant par l'ind\u00e9pendance - organisateur","isPartOf":{"@id":"https:\/\/www.organisator.ch\/#website"},"datePublished":"2016-10-11T14:17:49+00:00","description":"Les bains thermaux de Zurzach, connus dans toute la Suisse, savent attirer l'attention avec des id\u00e9es surprenantes et offrir \u00e0 toute la famille de nombreux plaisirs aquatiques. Le directeur Dominik Keller nous en dit plus sur sa vision et son parcours.","breadcrumb":{"@id":"https:\/\/www.organisator.ch\/human-resources\/hrm\/2016-10-11\/vom-technischen-kaufmann-ueber-die-selbststaendigkeit-zum-geschaeftsfuehrer\/#breadcrumb"},"inLanguage":"fr-FR","potentialAction":[{"@type":"ReadAction","target":["https:\/\/www.organisator.ch\/human-resources\/hrm\/2016-10-11\/vom-technischen-kaufmann-ueber-die-selbststaendigkeit-zum-geschaeftsfuehrer\/"]}]},{"@type":"BreadcrumbList","@id":"https:\/\/www.organisator.ch\/human-resources\/hrm\/2016-10-11\/vom-technischen-kaufmann-ueber-die-selbststaendigkeit-zum-geschaeftsfuehrer\/#breadcrumb","itemListElement":[{"@type":"ListItem","position":1,"name":"Home","item":"https:\/\/www.organisator.ch\/"},{"@type":"ListItem","position":2,"name":"Vom Technischen Kaufmann \u00fcber die Selbstst\u00e4ndigkeit zum Gesch\u00e4ftsf\u00fchrer"}]},{"@type":"WebSite","@id":"https:\/\/www.organisator.ch\/#website","url":"https:\/\/www.organisator.ch\/","name":"Organisateur","description":"Comp\u00e9tence et comp\u00e9tence. Proches de la pratique. L'ORGANISATEUR pr\u00e9pare 10 num\u00e9ros par an sur les th\u00e8mes essentiels pour les dirigeants de PME.","publisher":{"@id":"https:\/\/www.organisator.ch\/#organization"},"potentialAction":[{"@type":"SearchAction","target":{"@type":"EntryPoint","urlTemplate":"https:\/\/www.organisator.ch\/?s={search_term_string}"},"query-input":{"@type":"PropertyValueSpecification","valueRequired":true,"valueName":"search_term_string"}}],"inLanguage":"fr-FR"},{"@type":"Organization","@id":"https:\/\/www.organisator.ch\/#organization","name":"Organisateur","url":"https:\/\/www.organisator.ch\/","logo":{"@type":"ImageObject","inLanguage":"fr-FR","@id":"https:\/\/www.organisator.ch\/#\/schema\/logo\/image\/","url":"https:\/\/www.organisator.ch\/wp-content\/uploads\/2022\/01\/Logo_Organisator_Website.png","contentUrl":"https:\/\/www.organisator.ch\/wp-content\/uploads\/2022\/01\/Logo_Organisator_Website.png","width":800,"height":77,"caption":"Organisator"},"image":{"@id":"https:\/\/www.organisator.ch\/#\/schema\/logo\/image\/"},"sameAs":["https:\/\/www.facebook.com\/OrganisatorFachmagazin","https:\/\/www.linkedin.com\/showcase\/organisator-das-magazin-fr-kmu","https:\/\/www.xing.com\/news\/pages\/organisator-ch-695","https:\/\/www.youtube.com\/channel\/UCGP2Sq0iWaZwT3BdIAQFYpw"]},{"@type":"Person","@id":"https:\/\/www.organisator.ch\/#\/schema\/person\/4e51799071cd2dd1232ac003643ef5f0","name":"galledia","image":{"@type":"ImageObject","inLanguage":"fr-FR","@id":"https:\/\/secure.gravatar.com\/avatar\/78a7f90c01fc2bfc875782a0d4922b37cde2cf184ce347b91316d23cd7f69a36?s=96&d=mm&r=g","url":"https:\/\/secure.gravatar.com\/avatar\/78a7f90c01fc2bfc875782a0d4922b37cde2cf184ce347b91316d23cd7f69a36?s=96&d=mm&r=g","contentUrl":"https:\/\/secure.gravatar.com\/avatar\/78a7f90c01fc2bfc875782a0d4922b37cde2cf184ce347b91316d23cd7f69a36?s=96&d=mm&r=g","caption":"galledia"},"sameAs":["https:\/\/x.com\/admin"],"url":"https:\/\/www.organisator.ch\/fr\/author\/galledia\/"}]}},"_links":{"self":[{"href":"https:\/\/www.organisator.ch\/fr\/wp-json\/wp\/v2\/posts\/1133","targetHints":{"allow":["GET"]}}],"collection":[{"href":"https:\/\/www.organisator.ch\/fr\/wp-json\/wp\/v2\/posts"}],"about":[{"href":"https:\/\/www.organisator.ch\/fr\/wp-json\/wp\/v2\/types\/post"}],"author":[{"embeddable":true,"href":"https:\/\/www.organisator.ch\/fr\/wp-json\/wp\/v2\/users\/8"}],"replies":[{"embeddable":true,"href":"https:\/\/www.organisator.ch\/fr\/wp-json\/wp\/v2\/comments?post=1133"}],"version-history":[{"count":0,"href":"https:\/\/www.organisator.ch\/fr\/wp-json\/wp\/v2\/posts\/1133\/revisions"}],"wp:attachment":[{"href":"https:\/\/www.organisator.ch\/fr\/wp-json\/wp\/v2\/media?parent=1133"}],"wp:term":[{"taxonomy":"category","embeddable":true,"href":"https:\/\/www.organisator.ch\/fr\/wp-json\/wp\/v2\/categories?post=1133"},{"taxonomy":"post_tag","embeddable":true,"href":"https:\/\/www.organisator.ch\/fr\/wp-json\/wp\/v2\/tags?post=1133"}],"curies":[{"name":"wp","href":"https:\/\/api.w.org\/{rel}","templated":true}]}}