{"id":11370,"date":"2022-02-16T14:35:33","date_gmt":"2022-02-16T13:35:33","guid":{"rendered":"https:\/\/www.m-q.ch\/?p=15970"},"modified":"2022-08-02T13:47:54","modified_gmt":"2022-08-02T11:47:54","slug":"rechenzentren-globaler-markt-wird-wachsen","status":"publish","type":"post","link":"https:\/\/www.organisator.ch\/fr\/operational-excellence\/2022-02-16\/rechenzentren-globaler-markt-wird-wachsen\/","title":{"rendered":"Centres de donn\u00e9es : le march\u00e9 mondial va cro\u00eetre"},"content":{"rendered":"<figure id=\"attachment_15971\" class=\"wp-caption alignnone\" style=\"width: 680px\" aria-describedby=\"caption-attachment-15971\"><img class=\"alignnone wp-image-15971 size-full\" src=\"https:\/\/www.m-q.ch\/wp-content\/uploads\/2022\/02\/Rechenzentren-Globaler-Markt-wird-wachsen_MQ.jpg\" alt=\"Centres de donn\u00e9es\" width=\"680\" height=\"455\" \/><figcaption id=\"caption-attachment-15971\" class=\"wp-caption-text\">Les analystes pr\u00e9voient que le march\u00e9 des centres de donn\u00e9es continuera \u00e0 cro\u00eetre en 2022. (Image : imgix \/ Unsplash.com)<\/figcaption><\/figure>\r\nSelon les analystes de Turner &amp; Townsend, 95 % des op\u00e9rateurs de centres de donn\u00e9es s'attendent \u00e0 une augmentation de la demande de services de centres de donn\u00e9es. 2022 devrait \u00eatre une meilleure ann\u00e9e pour eux que 2021. 70 % pensent que le march\u00e9 des centres de donn\u00e9es est pratiquement \u00e0 l'abri de la r\u00e9cession. Selon le dernier \"Data Center Cost Index\" du cabinet d'analystes Turner &amp; Townsend, les avis sont toutefois partag\u00e9s sur la mani\u00e8re dont les centres de donn\u00e9es vont g\u00e9rer la transition verte. La num\u00e9risation croissante des processus d'entreprise et la popularit\u00e9 grandissante de l'Internet des objets (IoT) devraient notamment \u00eatre les moteurs de la croissance du secteur.\r\n<h3><strong>Adaptation aux r\u00e9glementations climatiques\u00a0<\/strong><\/h3>\r\nSelon les analystes, l'un des plus grands d\u00e9fis pour le secteur est d'adapter l'infrastructure informatique actuelle et les installations de centres de donn\u00e9es existantes aux nouvelles r\u00e9glementations climatiques. Malgr\u00e9 une conscience environnementale \u00e9lev\u00e9e, seuls 40% du secteur pensent que leurs centres de donn\u00e9es ne produiront pas de CO2 au cours des cinq prochaines ann\u00e9es (z\u00e9ro net). En outre, selon l'indice, les avis sont partag\u00e9s sur la question de savoir si les op\u00e9rateurs savent vraiment comment r\u00e9duire efficacement les \u00e9missions de CO2. En raison de la crise climatique, la pression augmente pour r\u00e9duire la consommation d'\u00e9nergie des centres de donn\u00e9es. En r\u00e9ponse, certains op\u00e9rateurs tentent de se pr\u00e9parer \u00e0 une transformation verte du secteur, de la base vers le sommet. Les analystes citent comme exemple l'initiative \"Pacte climatiquement neutre pour les centres de donn\u00e9es\". Parmi les participants, on trouve notamment Microsoft, Google ou SAP. Un autre exemple de la mani\u00e8re dont les centres de donn\u00e9es peuvent contribuer \u00e0 la r\u00e9duction des \u00e9missions de CO2 a \u00e9t\u00e9 \u00e9voqu\u00e9 dans le rapport. <a href=\"https:\/\/www.m-q.ch\/de\/energieverbund-fuer-die-region-airport-city\/\">r\u00e9cemment rapport\u00e9 ici<\/a>.\r\n<h3><strong>Les march\u00e9s populaires font face \u00e0 leurs premiers probl\u00e8mes<\/strong><\/h3>\r\nLa construction de nouveaux \u00e9tablissements elle-m\u00eame constituera \u00e9galement un d\u00e9fi. Dans les endroits les plus convoit\u00e9s comme Tokyo, Zurich ou le march\u00e9 FLAP-D (Francfort, Londres, Amsterdam, Paris, Dublin), la demande de biens immobiliers d\u00e9passe l'offre. A cela s'ajoute le fait que la mise \u00e0 disposition d'\u00e9nergie se fait rare. En 2019 d\u00e9j\u00e0, un rapport de l'Irish Academy of Engineering indiquait que la demande croissante de services centralis\u00e9s \u00e0 Dublin n\u00e9cessiterait une extension de l'infrastructure \u00e9nerg\u00e9tique de la ville. Les co\u00fbts \u00e9taient alors estim\u00e9s \u00e0 9 milliards de dollars sur huit ans.\r\n\r\nEn ce qui concerne les co\u00fbts d'investissement, la capitale du Japon est actuellement la plus ch\u00e8re, selon l'indice Turner &amp; Townsend. Statistiquement, les centres de donn\u00e9es doivent y d\u00e9penser 12,5 dollars US pour chaque watt d'\u00e9lectricit\u00e9 consomm\u00e9. Le deuxi\u00e8me site de centre de donn\u00e9es le plus cher est le leader de l'ann\u00e9e derni\u00e8re - Zurich. Le co\u00fbt moyen dans cette ville suisse est de 12,0 dollars US\/watt. Elle est suivie par la Silicon Valley, avec un co\u00fbt moyen de 10,3 dollars US\/watt. Les auteurs de l'indice soulignent que l'augmentation des co\u00fbts influence l'int\u00e9r\u00eat \u00e0 investir dans des march\u00e9s moins chers et en d\u00e9veloppement. La Pologne, par exemple, se r\u00e9v\u00e8le \u00eatre un site attractif pour les centres de donn\u00e9es, notamment en termes de prix. \"Le march\u00e9 polonais des centres de donn\u00e9es est attractif pour de nombreux investisseurs \u00e9trangers. Dans les discussions que nous menons, il appara\u00eet clairement que nous avons un bon emplacement au centre de l'Europe, une infrastructure informatique de qualit\u00e9 et des co\u00fbts immobiliers et \u00e9nerg\u00e9tiques relativement bas par rapport \u00e0 FLAP-D et Zurich\", d\u00e9clare Wojciech Stramski, CEO de Beyond.pl, un op\u00e9rateur de centres de donn\u00e9es aliment\u00e9s \u00e0 100 % par de l'\u00e9lectricit\u00e9 verte.\r\n<h3><strong>Des goulots d'\u00e9tranglement dans la cha\u00eene d'approvisionnement et des prix plus \u00e9lev\u00e9s retardent la construction de nouveaux centres de donn\u00e9es<\/strong><\/h3>\r\nLa situation sur le march\u00e9 de la construction constitue un d\u00e9fi suppl\u00e9mentaire pour les op\u00e9rateurs de centres de donn\u00e9es. 87% des entreprises interrog\u00e9es par Turner &amp; Townsend ont d\u00e9clar\u00e9 que les p\u00e9nuries de mat\u00e9riaux entra\u00eenaient des retards dans la construction des centres de donn\u00e9es. A cela s'ajoute la hausse des prix des mat\u00e9riaux de construction. En Europe, les prix de l'acier auraient plus que doubl\u00e9 au cours des 12 derniers mois. C'est pourquoi les analystes indiquent qu'il est de plus en plus populaire d'am\u00e9liorer les installations et les b\u00e2timents existants plut\u00f4t que d'investir dans des centres de donn\u00e9es enti\u00e8rement nouveaux. Mais selon les experts, cette approche pr\u00e9sente aussi des inconv\u00e9nients. En effet, de nombreuses salles de serveurs se trouvent dans des b\u00e2timents anciens qui n'ont pas \u00e9t\u00e9 con\u00e7us de mani\u00e8re id\u00e9ale en termes de maintenance des infrastructures informatiques critiques et d'efficacit\u00e9 \u00e9nerg\u00e9tique, car ces questions n'\u00e9taient pas au premier plan au moment de la construction. Une nouvelle construction en \"rase campagne\" semble alors \u00eatre la solution la plus optimale.\r\n\r\n<strong>R\u00e9f\u00e9rence de la source :<\/strong>\r\n<ul>\r\n \t<li><a href=\"https:\/\/www.turnerandtownsend.com\/en\/perspectives\/data-centre-cost-index-2021\/\">https:\/\/www.turnerandtownsend.com\/en\/perspectives\/data-centre-cost-index-2021\/<\/a><\/li>\r\n \t<li><a href=\"https:\/\/www.computerweekly.com\/feature\/Dublin-in-distress-Power-supply-issues-threaten-growth-of-Europes-second-biggest-datacentre-hub\">https:\/\/www.computerweekly.com\/feature\/Dublin-in-distress-Power-supply-issues-threaten-growth-of-Europes-second-biggest-datacentre-hub<\/a><\/li>\r\n \t<li><a href=\"https:\/\/www.computerweekly.com\/news\/252469328\/Irelands-power-network-needs-9bn-investment-by-2027-to-sustain-datacentre-sector-claims-report\">https:\/\/www.computerweekly.com\/news\/252469328\/Irelands-power-network-needs-9bn-investment-by-2027-to-sustain-datacentre-sector-claims-report<\/a><\/li>\r\n \t<li><a href=\"http:\/\/www.beyond.pl\/en\">www.beyond.pl\/<\/a><u>fr<\/u><\/li>\r\n<\/ul>\n<p class=\"syndicated-attribution\">Cet article est paru initialement sur m-q.ch - <a href=\"https:\/\/www.m-q.ch\/de\/rechenzentren-globaler-markt-wird-wachsen\/\" target=\"_blank\">https:\/\/www.m-q.ch\/de\/rechenzentren-globaler-markt-wird-wachsen\/<\/a><\/p>","protected":false},"excerpt":{"rendered":"<p>Den Analysten von Turner &amp; Townsend zufolge erwarten 95 % der Betreiber von Rechenzentren eine steigende Nachfrage nach Rechenzentrumsdienstleistungen. 2022 soll ein besseres Jahr f\u00fcr sie werden als 2021. 70 % glauben, dass der Markt f\u00fcr Rechenzentren praktisch rezessionssicher ist. Laut dem j\u00fcngsten \u201e\u201eData Center Cost Index\u201c des Analystenhauses Turner &amp; Townsend sind die Meinungen [\u2026]<\/p>\n","protected":false},"author":8,"featured_media":0,"comment_status":"closed","ping_status":"closed","sticky":false,"template":"","format":"standard","meta":{"_acf_changed":false,"_yoast_wpseo_focuskw":"Rechenzentren","_yoast_wpseo_metadesc":"Ein weiteres gutes Jahr f\u00fcr Rechenzentrumsbetreiber steht bevor: 95 % der Betreiber von Rechenzentren erwarten eine steigende Nachfrage nach Rechenzentrumsdienstleistungen.","articlekey":"","footnotes":""},"categories":[582],"tags":[2660],"class_list":["post-11370","post","type-post","status-publish","format-standard","hentry","category-operational-excellence","tag-rechenzentren"],"acf":[],"yoast_head":"<!-- This site is optimized with the Yoast SEO plugin v27.4 - https:\/\/yoast.com\/product\/yoast-seo-wordpress\/ -->\n<title>Rechenzentren: Globaler Markt wird wachsen - Organisator<\/title>\n<meta name=\"description\" content=\"Ein weiteres gutes Jahr f\u00fcr Rechenzentrumsbetreiber steht bevor: 95 % der Betreiber von Rechenzentren erwarten eine steigende Nachfrage nach Rechenzentrumsdienstleistungen.\" \/>\n<meta name=\"robots\" content=\"index, follow, max-snippet:-1, max-image-preview:large, max-video-preview:-1\" \/>\n<link rel=\"canonical\" href=\"https:\/\/www.m-q.ch\/de\/rechenzentren-globaler-markt-wird-wachsen\/\" \/>\n<meta property=\"og:locale\" content=\"fr_FR\" \/>\n<meta property=\"og:type\" content=\"article\" \/>\n<meta property=\"og:title\" content=\"Rechenzentren: Globaler Markt wird wachsen - Organisator\" \/>\n<meta property=\"og:description\" content=\"Ein weiteres gutes Jahr f\u00fcr Rechenzentrumsbetreiber steht bevor: 95 % der Betreiber von Rechenzentren erwarten eine steigende Nachfrage nach Rechenzentrumsdienstleistungen.\" \/>\n<meta property=\"og:url\" content=\"https:\/\/www.m-q.ch\/de\/rechenzentren-globaler-markt-wird-wachsen\/\" \/>\n<meta property=\"og:site_name\" content=\"Organisator\" \/>\n<meta property=\"article:publisher\" content=\"https:\/\/www.facebook.com\/OrganisatorFachmagazin\" \/>\n<meta property=\"article:published_time\" content=\"2022-02-16T13:35:33+00:00\" \/>\n<meta property=\"article:modified_time\" content=\"2022-08-02T11:47:54+00:00\" \/>\n<meta property=\"og:image\" content=\"https:\/\/www.m-q.ch\/wp-content\/uploads\/2022\/02\/Rechenzentren-Globaler-Markt-wird-wachsen_MQ.jpg\" \/>\n<meta name=\"author\" content=\"galledia\" \/>\n<meta name=\"twitter:card\" content=\"summary_large_image\" \/>\n<meta name=\"twitter:creator\" content=\"@admin\" \/>\n<script type=\"application\/ld+json\" class=\"yoast-schema-graph\">{\"@context\":\"https:\\\/\\\/schema.org\",\"@graph\":[{\"@type\":\"Article\",\"@id\":\"https:\\\/\\\/www.m-q.ch\\\/de\\\/rechenzentren-globaler-markt-wird-wachsen\\\/#article\",\"isPartOf\":{\"@id\":\"https:\\\/\\\/www.organisator.ch\\\/operational-excellence\\\/2022-02-16\\\/rechenzentren-globaler-markt-wird-wachsen\\\/\"},\"author\":{\"name\":\"galledia\",\"@id\":\"https:\\\/\\\/www.organisator.ch\\\/#\\\/schema\\\/person\\\/4e51799071cd2dd1232ac003643ef5f0\"},\"headline\":\"Rechenzentren: Globaler Markt wird wachsen\",\"datePublished\":\"2022-02-16T13:35:33+00:00\",\"dateModified\":\"2022-08-02T11:47:54+00:00\",\"mainEntityOfPage\":{\"@id\":\"https:\\\/\\\/www.organisator.ch\\\/operational-excellence\\\/2022-02-16\\\/rechenzentren-globaler-markt-wird-wachsen\\\/\"},\"wordCount\":687,\"publisher\":{\"@id\":\"https:\\\/\\\/www.organisator.ch\\\/#organization\"},\"image\":{\"@id\":\"https:\\\/\\\/www.m-q.ch\\\/de\\\/rechenzentren-globaler-markt-wird-wachsen\\\/#primaryimage\"},\"thumbnailUrl\":\"https:\\\/\\\/www.m-q.ch\\\/wp-content\\\/uploads\\\/2022\\\/02\\\/Rechenzentren-Globaler-Markt-wird-wachsen_MQ.jpg\",\"keywords\":[\"Rechenzentren\"],\"articleSection\":[\"OPERATIONAL EXCELLENCE\"],\"inLanguage\":\"fr-FR\"},{\"@type\":\"WebPage\",\"@id\":\"https:\\\/\\\/www.organisator.ch\\\/operational-excellence\\\/2022-02-16\\\/rechenzentren-globaler-markt-wird-wachsen\\\/\",\"url\":\"https:\\\/\\\/www.m-q.ch\\\/de\\\/rechenzentren-globaler-markt-wird-wachsen\\\/\",\"name\":\"Rechenzentren: Globaler Markt wird wachsen - Organisator\",\"isPartOf\":{\"@id\":\"https:\\\/\\\/www.organisator.ch\\\/#website\"},\"primaryImageOfPage\":{\"@id\":\"https:\\\/\\\/www.m-q.ch\\\/de\\\/rechenzentren-globaler-markt-wird-wachsen\\\/#primaryimage\"},\"image\":{\"@id\":\"https:\\\/\\\/www.m-q.ch\\\/de\\\/rechenzentren-globaler-markt-wird-wachsen\\\/#primaryimage\"},\"thumbnailUrl\":\"https:\\\/\\\/www.m-q.ch\\\/wp-content\\\/uploads\\\/2022\\\/02\\\/Rechenzentren-Globaler-Markt-wird-wachsen_MQ.jpg\",\"datePublished\":\"2022-02-16T13:35:33+00:00\",\"dateModified\":\"2022-08-02T11:47:54+00:00\",\"description\":\"Ein weiteres gutes Jahr f\u00fcr Rechenzentrumsbetreiber steht bevor: 95 % der Betreiber von Rechenzentren erwarten eine steigende Nachfrage nach Rechenzentrumsdienstleistungen.\",\"breadcrumb\":{\"@id\":\"https:\\\/\\\/www.m-q.ch\\\/de\\\/rechenzentren-globaler-markt-wird-wachsen\\\/#breadcrumb\"},\"inLanguage\":\"fr-FR\",\"potentialAction\":[{\"@type\":\"ReadAction\",\"target\":[\"https:\\\/\\\/www.m-q.ch\\\/de\\\/rechenzentren-globaler-markt-wird-wachsen\\\/\"]}]},{\"@type\":\"ImageObject\",\"inLanguage\":\"fr-FR\",\"@id\":\"https:\\\/\\\/www.m-q.ch\\\/de\\\/rechenzentren-globaler-markt-wird-wachsen\\\/#primaryimage\",\"url\":\"https:\\\/\\\/www.m-q.ch\\\/wp-content\\\/uploads\\\/2022\\\/02\\\/Rechenzentren-Globaler-Markt-wird-wachsen_MQ.jpg\",\"contentUrl\":\"https:\\\/\\\/www.m-q.ch\\\/wp-content\\\/uploads\\\/2022\\\/02\\\/Rechenzentren-Globaler-Markt-wird-wachsen_MQ.jpg\"},{\"@type\":\"BreadcrumbList\",\"@id\":\"https:\\\/\\\/www.m-q.ch\\\/de\\\/rechenzentren-globaler-markt-wird-wachsen\\\/#breadcrumb\",\"itemListElement\":[{\"@type\":\"ListItem\",\"position\":1,\"name\":\"Home\",\"item\":\"https:\\\/\\\/www.organisator.ch\\\/\"},{\"@type\":\"ListItem\",\"position\":2,\"name\":\"Rechenzentren: Globaler Markt wird wachsen\"}]},{\"@type\":\"WebSite\",\"@id\":\"https:\\\/\\\/www.organisator.ch\\\/#website\",\"url\":\"https:\\\/\\\/www.organisator.ch\\\/\",\"name\":\"Organisator\",\"description\":\"Kompetent. Praxisnah. Der ORGANISATOR bereitet in 10 Ausgaben pro Jahr die wesentlichen Themen f\u00fcr F\u00fchrungskr\u00e4fte von KMU auf.\",\"publisher\":{\"@id\":\"https:\\\/\\\/www.organisator.ch\\\/#organization\"},\"potentialAction\":[{\"@type\":\"SearchAction\",\"target\":{\"@type\":\"EntryPoint\",\"urlTemplate\":\"https:\\\/\\\/www.organisator.ch\\\/?s={search_term_string}\"},\"query-input\":{\"@type\":\"PropertyValueSpecification\",\"valueRequired\":true,\"valueName\":\"search_term_string\"}}],\"inLanguage\":\"fr-FR\"},{\"@type\":\"Organization\",\"@id\":\"https:\\\/\\\/www.organisator.ch\\\/#organization\",\"name\":\"Organisator\",\"url\":\"https:\\\/\\\/www.organisator.ch\\\/\",\"logo\":{\"@type\":\"ImageObject\",\"inLanguage\":\"fr-FR\",\"@id\":\"https:\\\/\\\/www.organisator.ch\\\/#\\\/schema\\\/logo\\\/image\\\/\",\"url\":\"https:\\\/\\\/www.organisator.ch\\\/wp-content\\\/uploads\\\/2022\\\/01\\\/Logo_Organisator_Website.png\",\"contentUrl\":\"https:\\\/\\\/www.organisator.ch\\\/wp-content\\\/uploads\\\/2022\\\/01\\\/Logo_Organisator_Website.png\",\"width\":800,\"height\":77,\"caption\":\"Organisator\"},\"image\":{\"@id\":\"https:\\\/\\\/www.organisator.ch\\\/#\\\/schema\\\/logo\\\/image\\\/\"},\"sameAs\":[\"https:\\\/\\\/www.facebook.com\\\/OrganisatorFachmagazin\",\"https:\\\/\\\/www.linkedin.com\\\/showcase\\\/organisator-das-magazin-fr-kmu\",\"https:\\\/\\\/www.xing.com\\\/news\\\/pages\\\/organisator-ch-695\",\"https:\\\/\\\/www.youtube.com\\\/channel\\\/UCGP2Sq0iWaZwT3BdIAQFYpw\"]},{\"@type\":\"Person\",\"@id\":\"https:\\\/\\\/www.organisator.ch\\\/#\\\/schema\\\/person\\\/4e51799071cd2dd1232ac003643ef5f0\",\"name\":\"galledia\",\"image\":{\"@type\":\"ImageObject\",\"inLanguage\":\"fr-FR\",\"@id\":\"https:\\\/\\\/secure.gravatar.com\\\/avatar\\\/78a7f90c01fc2bfc875782a0d4922b37cde2cf184ce347b91316d23cd7f69a36?s=96&d=mm&r=g\",\"url\":\"https:\\\/\\\/secure.gravatar.com\\\/avatar\\\/78a7f90c01fc2bfc875782a0d4922b37cde2cf184ce347b91316d23cd7f69a36?s=96&d=mm&r=g\",\"contentUrl\":\"https:\\\/\\\/secure.gravatar.com\\\/avatar\\\/78a7f90c01fc2bfc875782a0d4922b37cde2cf184ce347b91316d23cd7f69a36?s=96&d=mm&r=g\",\"caption\":\"galledia\"},\"sameAs\":[\"https:\\\/\\\/x.com\\\/admin\"],\"url\":\"https:\\\/\\\/www.organisator.ch\\\/fr\\\/author\\\/galledia\\\/\"}]}<\/script>\n<!-- \/ Yoast SEO plugin. -->","yoast_head_json":{"title":"Centres de donn\u00e9es : le march\u00e9 mondial va cro\u00eetre - Organisateur","description":"Une autre bonne ann\u00e9e s'annonce pour les op\u00e9rateurs de centres de donn\u00e9es : 95 % des op\u00e9rateurs de centres de donn\u00e9es s'attendent \u00e0 une augmentation de la demande de services de centres de donn\u00e9es.","robots":{"index":"index","follow":"follow","max-snippet":"max-snippet:-1","max-image-preview":"max-image-preview:large","max-video-preview":"max-video-preview:-1"},"canonical":"https:\/\/www.m-q.ch\/de\/rechenzentren-globaler-markt-wird-wachsen\/","og_locale":"fr_FR","og_type":"article","og_title":"Rechenzentren: Globaler Markt wird wachsen - Organisator","og_description":"Ein weiteres gutes Jahr f\u00fcr Rechenzentrumsbetreiber steht bevor: 95 % der Betreiber von Rechenzentren erwarten eine steigende Nachfrage nach Rechenzentrumsdienstleistungen.","og_url":"https:\/\/www.m-q.ch\/de\/rechenzentren-globaler-markt-wird-wachsen\/","og_site_name":"Organisator","article_publisher":"https:\/\/www.facebook.com\/OrganisatorFachmagazin","article_published_time":"2022-02-16T13:35:33+00:00","article_modified_time":"2022-08-02T11:47:54+00:00","og_image":[{"url":"https:\/\/www.m-q.ch\/wp-content\/uploads\/2022\/02\/Rechenzentren-Globaler-Markt-wird-wachsen_MQ.jpg","type":"","width":"","height":""}],"author":"galledia","twitter_card":"summary_large_image","twitter_creator":"@admin","schema":{"@context":"https:\/\/schema.org","@graph":[{"@type":"Article","@id":"https:\/\/www.m-q.ch\/de\/rechenzentren-globaler-markt-wird-wachsen\/#article","isPartOf":{"@id":"https:\/\/www.organisator.ch\/operational-excellence\/2022-02-16\/rechenzentren-globaler-markt-wird-wachsen\/"},"author":{"name":"galledia","@id":"https:\/\/www.organisator.ch\/#\/schema\/person\/4e51799071cd2dd1232ac003643ef5f0"},"headline":"Rechenzentren: Globaler Markt wird wachsen","datePublished":"2022-02-16T13:35:33+00:00","dateModified":"2022-08-02T11:47:54+00:00","mainEntityOfPage":{"@id":"https:\/\/www.organisator.ch\/operational-excellence\/2022-02-16\/rechenzentren-globaler-markt-wird-wachsen\/"},"wordCount":687,"publisher":{"@id":"https:\/\/www.organisator.ch\/#organization"},"image":{"@id":"https:\/\/www.m-q.ch\/de\/rechenzentren-globaler-markt-wird-wachsen\/#primaryimage"},"thumbnailUrl":"https:\/\/www.m-q.ch\/wp-content\/uploads\/2022\/02\/Rechenzentren-Globaler-Markt-wird-wachsen_MQ.jpg","keywords":["Rechenzentren"],"articleSection":["OPERATIONAL EXCELLENCE"],"inLanguage":"fr-FR"},{"@type":"WebPage","@id":"https:\/\/www.organisator.ch\/operational-excellence\/2022-02-16\/rechenzentren-globaler-markt-wird-wachsen\/","url":"https:\/\/www.m-q.ch\/de\/rechenzentren-globaler-markt-wird-wachsen\/","name":"Centres de donn\u00e9es : le march\u00e9 mondial va cro\u00eetre - Organisateur","isPartOf":{"@id":"https:\/\/www.organisator.ch\/#website"},"primaryImageOfPage":{"@id":"https:\/\/www.m-q.ch\/de\/rechenzentren-globaler-markt-wird-wachsen\/#primaryimage"},"image":{"@id":"https:\/\/www.m-q.ch\/de\/rechenzentren-globaler-markt-wird-wachsen\/#primaryimage"},"thumbnailUrl":"https:\/\/www.m-q.ch\/wp-content\/uploads\/2022\/02\/Rechenzentren-Globaler-Markt-wird-wachsen_MQ.jpg","datePublished":"2022-02-16T13:35:33+00:00","dateModified":"2022-08-02T11:47:54+00:00","description":"Une autre bonne ann\u00e9e s'annonce pour les op\u00e9rateurs de centres de donn\u00e9es : 95 % des op\u00e9rateurs de centres de donn\u00e9es s'attendent \u00e0 une augmentation de la demande de services de centres de donn\u00e9es.","breadcrumb":{"@id":"https:\/\/www.m-q.ch\/de\/rechenzentren-globaler-markt-wird-wachsen\/#breadcrumb"},"inLanguage":"fr-FR","potentialAction":[{"@type":"ReadAction","target":["https:\/\/www.m-q.ch\/de\/rechenzentren-globaler-markt-wird-wachsen\/"]}]},{"@type":"ImageObject","inLanguage":"fr-FR","@id":"https:\/\/www.m-q.ch\/de\/rechenzentren-globaler-markt-wird-wachsen\/#primaryimage","url":"https:\/\/www.m-q.ch\/wp-content\/uploads\/2022\/02\/Rechenzentren-Globaler-Markt-wird-wachsen_MQ.jpg","contentUrl":"https:\/\/www.m-q.ch\/wp-content\/uploads\/2022\/02\/Rechenzentren-Globaler-Markt-wird-wachsen_MQ.jpg"},{"@type":"BreadcrumbList","@id":"https:\/\/www.m-q.ch\/de\/rechenzentren-globaler-markt-wird-wachsen\/#breadcrumb","itemListElement":[{"@type":"ListItem","position":1,"name":"Home","item":"https:\/\/www.organisator.ch\/"},{"@type":"ListItem","position":2,"name":"Rechenzentren: Globaler Markt wird wachsen"}]},{"@type":"WebSite","@id":"https:\/\/www.organisator.ch\/#website","url":"https:\/\/www.organisator.ch\/","name":"Organisateur","description":"Comp\u00e9tence et comp\u00e9tence. Proches de la pratique. L'ORGANISATEUR pr\u00e9pare 10 num\u00e9ros par an sur les th\u00e8mes essentiels pour les dirigeants de PME.","publisher":{"@id":"https:\/\/www.organisator.ch\/#organization"},"potentialAction":[{"@type":"SearchAction","target":{"@type":"EntryPoint","urlTemplate":"https:\/\/www.organisator.ch\/?s={search_term_string}"},"query-input":{"@type":"PropertyValueSpecification","valueRequired":true,"valueName":"search_term_string"}}],"inLanguage":"fr-FR"},{"@type":"Organization","@id":"https:\/\/www.organisator.ch\/#organization","name":"Organisateur","url":"https:\/\/www.organisator.ch\/","logo":{"@type":"ImageObject","inLanguage":"fr-FR","@id":"https:\/\/www.organisator.ch\/#\/schema\/logo\/image\/","url":"https:\/\/www.organisator.ch\/wp-content\/uploads\/2022\/01\/Logo_Organisator_Website.png","contentUrl":"https:\/\/www.organisator.ch\/wp-content\/uploads\/2022\/01\/Logo_Organisator_Website.png","width":800,"height":77,"caption":"Organisator"},"image":{"@id":"https:\/\/www.organisator.ch\/#\/schema\/logo\/image\/"},"sameAs":["https:\/\/www.facebook.com\/OrganisatorFachmagazin","https:\/\/www.linkedin.com\/showcase\/organisator-das-magazin-fr-kmu","https:\/\/www.xing.com\/news\/pages\/organisator-ch-695","https:\/\/www.youtube.com\/channel\/UCGP2Sq0iWaZwT3BdIAQFYpw"]},{"@type":"Person","@id":"https:\/\/www.organisator.ch\/#\/schema\/person\/4e51799071cd2dd1232ac003643ef5f0","name":"galledia","image":{"@type":"ImageObject","inLanguage":"fr-FR","@id":"https:\/\/secure.gravatar.com\/avatar\/78a7f90c01fc2bfc875782a0d4922b37cde2cf184ce347b91316d23cd7f69a36?s=96&d=mm&r=g","url":"https:\/\/secure.gravatar.com\/avatar\/78a7f90c01fc2bfc875782a0d4922b37cde2cf184ce347b91316d23cd7f69a36?s=96&d=mm&r=g","contentUrl":"https:\/\/secure.gravatar.com\/avatar\/78a7f90c01fc2bfc875782a0d4922b37cde2cf184ce347b91316d23cd7f69a36?s=96&d=mm&r=g","caption":"galledia"},"sameAs":["https:\/\/x.com\/admin"],"url":"https:\/\/www.organisator.ch\/fr\/author\/galledia\/"}]}},"_links":{"self":[{"href":"https:\/\/www.organisator.ch\/fr\/wp-json\/wp\/v2\/posts\/11370","targetHints":{"allow":["GET"]}}],"collection":[{"href":"https:\/\/www.organisator.ch\/fr\/wp-json\/wp\/v2\/posts"}],"about":[{"href":"https:\/\/www.organisator.ch\/fr\/wp-json\/wp\/v2\/types\/post"}],"author":[{"embeddable":true,"href":"https:\/\/www.organisator.ch\/fr\/wp-json\/wp\/v2\/users\/8"}],"replies":[{"embeddable":true,"href":"https:\/\/www.organisator.ch\/fr\/wp-json\/wp\/v2\/comments?post=11370"}],"version-history":[{"count":4,"href":"https:\/\/www.organisator.ch\/fr\/wp-json\/wp\/v2\/posts\/11370\/revisions"}],"predecessor-version":[{"id":16186,"href":"https:\/\/www.organisator.ch\/fr\/wp-json\/wp\/v2\/posts\/11370\/revisions\/16186"}],"wp:attachment":[{"href":"https:\/\/www.organisator.ch\/fr\/wp-json\/wp\/v2\/media?parent=11370"}],"wp:term":[{"taxonomy":"category","embeddable":true,"href":"https:\/\/www.organisator.ch\/fr\/wp-json\/wp\/v2\/categories?post=11370"},{"taxonomy":"post_tag","embeddable":true,"href":"https:\/\/www.organisator.ch\/fr\/wp-json\/wp\/v2\/tags?post=11370"}],"curies":[{"name":"wp","href":"https:\/\/api.w.org\/{rel}","templated":true}]}}