{"id":11416,"date":"2022-02-21T07:37:30","date_gmt":"2022-02-21T06:37:30","guid":{"rendered":"https:\/\/www.m-q.ch\/?p=15890"},"modified":"2022-08-01T12:37:46","modified_gmt":"2022-08-01T10:37:46","slug":"swiss-ethics-award-2022-fuenf-ethische-und-nachhaltige-projekte-2","status":"publish","type":"post","link":"https:\/\/www.organisator.ch\/fr\/operational-excellence\/2022-02-21\/swiss-ethics-award-2022-fuenf-ethische-und-nachhaltige-projekte-2\/","title":{"rendered":"Swiss Ethics Award 2022 : Cinq projets \u00e9thiques et durables"},"content":{"rendered":"<figure id=\"attachment_15892\" class=\"wp-caption alignnone\" style=\"width: 925px\" aria-describedby=\"caption-attachment-15892\"><img class=\"alignnone wp-image-15892 size-full\" src=\"https:\/\/www.m-q.ch\/wp-content\/uploads\/2022\/02\/mq-management-qualitaet-Swiss-Ethics-Award-2022-Fuenf-ethische-und-nachhaltige-Projekte.jpg\" alt=\"Prix suisse de l&#039;\u00e9thique 2022\" width=\"925\" height=\"617\" \/><figcaption id=\"caption-attachment-15892\" class=\"wp-caption-text\">Aper\u00e7u des projets nomin\u00e9s pour le Swiss Ethics Award 2022, dans le sens des aiguilles d'une montre : Bioenergie Frauenfeld, Tide Ocean, Happy Hazelnut, Recycling-Paradies, Hunziker Partner AG. (Photos : Energie360\u00b0 AG, Unsplash.com, Hunziker Partner, yourharvest, Recycling Paradies)<\/figcaption><\/figure>\r\nUne reconnaissance pour des prestations \u00e9thiques exceptionnelles dans l'\u00e9conomie : c'est le Swiss Ethics Award qui sera d\u00e9cern\u00e9 le 11 mai 2022 par le Swiss Excellence Forum. La remise du Swiss Ethics Award 2022 aura lieu dans le cadre du Future Leadership Forum au KKL Lucerne.\r\n<h2>Le mod\u00e8le \u00e9thique suisse<\/h2>\r\nDerri\u00e8re le Swiss Ethics Award se cache le Swiss Ethics Model, une m\u00e9thode d'\u00e9valuation et de d\u00e9veloppement de la performance \u00e9thique des organisations dans l'\u00e9conomie, l'administration et la soci\u00e9t\u00e9. Ce mod\u00e8le a \u00e9t\u00e9 d\u00e9velopp\u00e9 sur une base scientifique et est \u00e9troitement li\u00e9 aux Objectifs de d\u00e9veloppement durable de l'ONU. Le Swiss Ethics Model peut \u00eatre utilis\u00e9 comme instrument de pilotage pour atteindre ces objectifs de durabilit\u00e9. Dans l'ensemble, le mod\u00e8le associe des normes \u00e9thiques \u00e0 une approche syst\u00e9mique du management et vise \u00e0 cr\u00e9er des avantages durables pour sa propre organisation ainsi que pour les parties prenantes concern\u00e9es.\r\n<h2>Les cinq projets nomin\u00e9s pour le Swiss Ethics Award 2022<\/h2>\r\nC'est dans cet esprit que le jury a examin\u00e9 les projets soumis pour le Swiss Ethics Award. Le d\u00e9lai de candidature pour les entreprises et les organisations \u00e9tait fix\u00e9 \u00e0 fin septembre 2021. Parmi les projets re\u00e7us, le jury a nomm\u00e9 les cinq meilleurs. Le vainqueur de l'Award sera d\u00e9sign\u00e9 le 11 mai 2022 au KKL de Lucerne.\r\n<ul>\r\n \t<li>Energie 360\u00b0 AG, Zurich : Centrale de chauffage au bois positive pour le climat \"Bioenergie Frauenfeld\". Energie360\u00b0 et Sucre Suisse SA ont cr\u00e9\u00e9 Bioenergie Frauenfeld afin de produire de l'\u00e9nergie renouvelable avec une centrale de chauffage au bois positive pour le climat : Du gaz de bois est produit \u00e0 partir de r\u00e9sidus de bois, ce qui permet d'alimenter des g\u00e9n\u00e9rateurs de chaleur et d'\u00e9lectricit\u00e9. Le charbon issu de la gaz\u00e9ification du bois peut \u00eatre utilis\u00e9 dans l'agriculture pour am\u00e9liorer les sols ou comme additif alimentaire. Le carbone n'est ainsi pas rejet\u00e9 dans l'atmosph\u00e8re sous forme de CO2. Ainsi, la centrale de chauffage au bois a un effet n\u00e9gatif sur le CO2 et donc positif sur le climat.<\/li>\r\n \t<li>Hunziker Partner AG, Winterthour : l'entreprise familiale fond\u00e9e en 1932 peut \u00e0 juste titre \u00eatre consid\u00e9r\u00e9e comme une entreprise pionni\u00e8re en mati\u00e8re de gestion d'entreprise durable et a d\u00e9j\u00e0 pu remporter divers prix, comme le Esprix Swiss Award for Excellence. Dans son projet actuel, Hunziker Partner AG s'engage pour une \u00e9conomie de march\u00e9 \u00e9co-sociale et pour le d\u00e9veloppement de ses collaborateurs. Avec le\r\n\"Hunziker Campus\", un concept de formation a \u00e9t\u00e9 cr\u00e9\u00e9, dans le cadre duquel les apprentis et les collaborateurs ne se d\u00e9veloppent pas seulement sur le plan professionnel, mais acqui\u00e8rent \u00e9galement des connaissances dans les domaines des ressources, de la soci\u00e9t\u00e9 et de l'\u00eatre humain.<\/li>\r\n \t<li>Recycling-Paradies AG avec projet\r\n\"Au paradis, retour \u00e0 ma vie autonome\", Reinach AG : Recycling-Paradies s'engage pour une gestion durable des ressources et propose des possibilit\u00e9s d'\u00e9limination simples. Avec le projet \"Im Paradies zur\u00fcck in mein eigenst\u00e4ndiges Leben\", l'entreprise familiale permet \u00e0 des personnes handicap\u00e9es, issues de l'immigration ou souffrant d'une addiction de retrouver une structure r\u00e9guli\u00e8re gr\u00e2ce \u00e0 un emploi et de retrouver leur place dans la soci\u00e9t\u00e9.<\/li>\r\n \t<li>Tide Ocean SA avec #tide ocean material\u00ae, B\u00e2le : ce projet vise \u00e0 lutter contre la pollution des mers par les d\u00e9chets plastiques, notamment en Asie du Sud-Est. L\u00e0-bas, les p\u00eacheurs qui ont perdu leur source de revenus initiale ramassent le plastique dans la mer et sont indemnis\u00e9s \u00e0 hauteur de dix fois le prix du march\u00e9. Le plastique collect\u00e9 est tri\u00e9 et trait\u00e9 dans des entreprises sociales. Le plastique collect\u00e9 est r\u00e9introduit dans le cycle des mat\u00e9riaux, sous forme de produits plus durables comme par exemple des montres, des sols, des chaises ou sous forme de granul\u00e9s de plastique pour l'industrie de transformation du plastique.<\/li>\r\n \t<li>yourharvest AG avec \"Happy Hazelnut Project\", Baden : yourharvest est un partenaire d'approvisionnement pour les aliments v\u00e9g\u00e9taux du monde entier. Le projet\r\n\"Happy Hazelnut\" concerne la production de noisettes en Turquie dans le respect de la soci\u00e9t\u00e9 et de l'environnement. Le travail des enfants et les conditions difficiles dans lesquelles vivent les r\u00e9coltants constituent souvent un contexte probl\u00e9matique pour les noisettes disponibles dans notre commerce. Yourharvest s'engage d\u00e9sormais contre le travail des enfants et pour de meilleures conditions de travail. Ainsi, des normes de culture sociales et \u00e9cologiques ont \u00e9t\u00e9 fix\u00e9es pour les agriculteurs, la tra\u00e7abilit\u00e9 est garantie et des conditions de travail correctes et agr\u00e9ables sont assur\u00e9es. Un organisme de contr\u00f4le externe v\u00e9rifie chaque ann\u00e9e le respect des normes Happy Hazelnut.<\/li>\r\n<\/ul>\r\n<h2>Forum pour une gestion d'entreprise orient\u00e9e vers l'avenir<\/h2>\r\nSelon Werner von Allmen (voir l'interview ci-dessous), la durabilit\u00e9 - ou plut\u00f4t la viabilit\u00e9 - est plus que jamais un principe de gestion central. C'est pourquoi le \"Future Leadership Forum\" et la remise du Swiss Ethics Award du 11 mai 2022 seront consacr\u00e9s \u00e0 la gestion d'entreprise orient\u00e9e vers l'avenir. Des invit\u00e9s de marque, tels que l'historien Dr Philipp Blom ou la spationaute Prof. em. Kathrin Altwegg, le j\u00e9suite Dr Christian Rutishauser et Michael Brenner, membre de l'Executive Board de Weleda, discuteront des d\u00e9fis actuels du futur. Les inscriptions sont possibles d\u00e8s maintenant sur <a href=\"https:\/\/www.swiss-excellence-forum.ch\/de\/\">www.swiss-excellence-forum.ch<\/a>\n<p class=\"syndicated-attribution\">Cet article est paru initialement sur m-q.ch - <a href=\"https:\/\/www.m-q.ch\/de\/swiss-ethics-award-2022-fuenf-ethische-und-nachhaltige-projekte\/\" target=\"_blank\">https:\/\/www.m-q.ch\/de\/swiss-ethics-award-2022-fuenf-ethische-und-nachhaltige-projekte\/<\/a><\/p>","protected":false},"excerpt":{"rendered":"<p>Eine Anerkennung f\u00fcr herausragende ethische Leistungen in der Wirtschaft: Das ist der Swiss Ethics Award, der am 11. Mai 2022 durch das Swiss Excellence Forum verliehen wird. Die \u00dcbergabe des Swiss Ethics Award 2022 erfolgt im Rahmen des Future Leadership Forums im KKL Luzern. Das Swiss Ethics Model Hinter dem Swiss Ethics Award steht mit [\u2026]<\/p>\n","protected":false},"author":8,"featured_media":0,"comment_status":"closed","ping_status":"closed","sticky":false,"template":"","format":"standard","meta":{"_acf_changed":false,"_yoast_wpseo_focuskw":"Swiss Ethics Award 2022","_yoast_wpseo_metadesc":"Dieses Jahr wird zum zehnten Mal der Swiss Ethics Award verliehen. Mit dieser Auszeichnung werden im Zweijahresrhythmus ethische Projekte der Wirtschaft gew\u00fcrdigt.","articlekey":"","footnotes":""},"categories":[582],"tags":[3219],"class_list":["post-11416","post","type-post","status-publish","format-standard","hentry","category-operational-excellence","tag-swiss-ethics-award-2022"],"acf":[],"yoast_head":"<!-- This site is optimized with the Yoast SEO plugin v27.4 - https:\/\/yoast.com\/product\/yoast-seo-wordpress\/ -->\n<title>Swiss Ethics Award 2022: F\u00fcnf ethische und nachhaltige Projekte - Organisator<\/title>\n<meta name=\"description\" content=\"Dieses Jahr wird zum zehnten Mal der Swiss Ethics Award verliehen. Mit dieser Auszeichnung werden im Zweijahresrhythmus ethische Projekte der Wirtschaft gew\u00fcrdigt.\" \/>\n<meta name=\"robots\" content=\"index, follow, max-snippet:-1, max-image-preview:large, max-video-preview:-1\" \/>\n<link rel=\"canonical\" href=\"https:\/\/www.m-q.ch\/de\/swiss-ethics-award-2022-fuenf-ethische-und-nachhaltige-projekte\/\" \/>\n<meta property=\"og:locale\" content=\"fr_FR\" \/>\n<meta property=\"og:type\" content=\"article\" \/>\n<meta property=\"og:title\" content=\"Swiss Ethics Award 2022: F\u00fcnf ethische und nachhaltige Projekte - Organisator\" \/>\n<meta property=\"og:description\" content=\"Dieses Jahr wird zum zehnten Mal der Swiss Ethics Award verliehen. Mit dieser Auszeichnung werden im Zweijahresrhythmus ethische Projekte der Wirtschaft gew\u00fcrdigt.\" \/>\n<meta property=\"og:url\" content=\"https:\/\/www.m-q.ch\/de\/swiss-ethics-award-2022-fuenf-ethische-und-nachhaltige-projekte\/\" \/>\n<meta property=\"og:site_name\" content=\"Organisator\" \/>\n<meta property=\"article:publisher\" content=\"https:\/\/www.facebook.com\/OrganisatorFachmagazin\" \/>\n<meta property=\"article:published_time\" content=\"2022-02-21T06:37:30+00:00\" \/>\n<meta property=\"article:modified_time\" content=\"2022-08-01T10:37:46+00:00\" \/>\n<meta property=\"og:image\" content=\"https:\/\/www.m-q.ch\/wp-content\/uploads\/2022\/02\/mq-management-qualitaet-Swiss-Ethics-Award-2022-Fuenf-ethische-und-nachhaltige-Projekte.jpg\" \/>\n<meta name=\"author\" content=\"galledia\" \/>\n<meta name=\"twitter:card\" content=\"summary_large_image\" \/>\n<meta name=\"twitter:creator\" content=\"@admin\" \/>\n<script type=\"application\/ld+json\" class=\"yoast-schema-graph\">{\"@context\":\"https:\\\/\\\/schema.org\",\"@graph\":[{\"@type\":\"Article\",\"@id\":\"https:\\\/\\\/www.m-q.ch\\\/de\\\/swiss-ethics-award-2022-fuenf-ethische-und-nachhaltige-projekte\\\/#article\",\"isPartOf\":{\"@id\":\"https:\\\/\\\/www.organisator.ch\\\/operational-excellence\\\/2022-02-21\\\/swiss-ethics-award-2022-fuenf-ethische-und-nachhaltige-projekte-2\\\/\"},\"author\":{\"name\":\"galledia\",\"@id\":\"https:\\\/\\\/www.organisator.ch\\\/#\\\/schema\\\/person\\\/4e51799071cd2dd1232ac003643ef5f0\"},\"headline\":\"Swiss Ethics Award 2022: F\u00fcnf ethische und nachhaltige Projekte\",\"datePublished\":\"2022-02-21T06:37:30+00:00\",\"dateModified\":\"2022-08-01T10:37:46+00:00\",\"mainEntityOfPage\":{\"@id\":\"https:\\\/\\\/www.organisator.ch\\\/operational-excellence\\\/2022-02-21\\\/swiss-ethics-award-2022-fuenf-ethische-und-nachhaltige-projekte-2\\\/\"},\"wordCount\":786,\"publisher\":{\"@id\":\"https:\\\/\\\/www.organisator.ch\\\/#organization\"},\"image\":{\"@id\":\"https:\\\/\\\/www.m-q.ch\\\/de\\\/swiss-ethics-award-2022-fuenf-ethische-und-nachhaltige-projekte\\\/#primaryimage\"},\"thumbnailUrl\":\"https:\\\/\\\/www.m-q.ch\\\/wp-content\\\/uploads\\\/2022\\\/02\\\/mq-management-qualitaet-Swiss-Ethics-Award-2022-Fuenf-ethische-und-nachhaltige-Projekte.jpg\",\"keywords\":[\"Swiss Ethics Award 2022\"],\"articleSection\":[\"OPERATIONAL EXCELLENCE\"],\"inLanguage\":\"fr-FR\"},{\"@type\":\"WebPage\",\"@id\":\"https:\\\/\\\/www.organisator.ch\\\/operational-excellence\\\/2022-02-21\\\/swiss-ethics-award-2022-fuenf-ethische-und-nachhaltige-projekte-2\\\/\",\"url\":\"https:\\\/\\\/www.m-q.ch\\\/de\\\/swiss-ethics-award-2022-fuenf-ethische-und-nachhaltige-projekte\\\/\",\"name\":\"Swiss Ethics Award 2022: F\u00fcnf ethische und nachhaltige Projekte - Organisator\",\"isPartOf\":{\"@id\":\"https:\\\/\\\/www.organisator.ch\\\/#website\"},\"primaryImageOfPage\":{\"@id\":\"https:\\\/\\\/www.m-q.ch\\\/de\\\/swiss-ethics-award-2022-fuenf-ethische-und-nachhaltige-projekte\\\/#primaryimage\"},\"image\":{\"@id\":\"https:\\\/\\\/www.m-q.ch\\\/de\\\/swiss-ethics-award-2022-fuenf-ethische-und-nachhaltige-projekte\\\/#primaryimage\"},\"thumbnailUrl\":\"https:\\\/\\\/www.m-q.ch\\\/wp-content\\\/uploads\\\/2022\\\/02\\\/mq-management-qualitaet-Swiss-Ethics-Award-2022-Fuenf-ethische-und-nachhaltige-Projekte.jpg\",\"datePublished\":\"2022-02-21T06:37:30+00:00\",\"dateModified\":\"2022-08-01T10:37:46+00:00\",\"description\":\"Dieses Jahr wird zum zehnten Mal der Swiss Ethics Award verliehen. Mit dieser Auszeichnung werden im Zweijahresrhythmus ethische Projekte der Wirtschaft gew\u00fcrdigt.\",\"breadcrumb\":{\"@id\":\"https:\\\/\\\/www.m-q.ch\\\/de\\\/swiss-ethics-award-2022-fuenf-ethische-und-nachhaltige-projekte\\\/#breadcrumb\"},\"inLanguage\":\"fr-FR\",\"potentialAction\":[{\"@type\":\"ReadAction\",\"target\":[\"https:\\\/\\\/www.m-q.ch\\\/de\\\/swiss-ethics-award-2022-fuenf-ethische-und-nachhaltige-projekte\\\/\"]}]},{\"@type\":\"ImageObject\",\"inLanguage\":\"fr-FR\",\"@id\":\"https:\\\/\\\/www.m-q.ch\\\/de\\\/swiss-ethics-award-2022-fuenf-ethische-und-nachhaltige-projekte\\\/#primaryimage\",\"url\":\"https:\\\/\\\/www.m-q.ch\\\/wp-content\\\/uploads\\\/2022\\\/02\\\/mq-management-qualitaet-Swiss-Ethics-Award-2022-Fuenf-ethische-und-nachhaltige-Projekte.jpg\",\"contentUrl\":\"https:\\\/\\\/www.m-q.ch\\\/wp-content\\\/uploads\\\/2022\\\/02\\\/mq-management-qualitaet-Swiss-Ethics-Award-2022-Fuenf-ethische-und-nachhaltige-Projekte.jpg\"},{\"@type\":\"BreadcrumbList\",\"@id\":\"https:\\\/\\\/www.m-q.ch\\\/de\\\/swiss-ethics-award-2022-fuenf-ethische-und-nachhaltige-projekte\\\/#breadcrumb\",\"itemListElement\":[{\"@type\":\"ListItem\",\"position\":1,\"name\":\"Home\",\"item\":\"https:\\\/\\\/www.organisator.ch\\\/\"},{\"@type\":\"ListItem\",\"position\":2,\"name\":\"Swiss Ethics Award 2022: F\u00fcnf ethische und nachhaltige Projekte\"}]},{\"@type\":\"WebSite\",\"@id\":\"https:\\\/\\\/www.organisator.ch\\\/#website\",\"url\":\"https:\\\/\\\/www.organisator.ch\\\/\",\"name\":\"Organisator\",\"description\":\"Kompetent. Praxisnah. Der ORGANISATOR bereitet in 10 Ausgaben pro Jahr die wesentlichen Themen f\u00fcr F\u00fchrungskr\u00e4fte von KMU auf.\",\"publisher\":{\"@id\":\"https:\\\/\\\/www.organisator.ch\\\/#organization\"},\"potentialAction\":[{\"@type\":\"SearchAction\",\"target\":{\"@type\":\"EntryPoint\",\"urlTemplate\":\"https:\\\/\\\/www.organisator.ch\\\/?s={search_term_string}\"},\"query-input\":{\"@type\":\"PropertyValueSpecification\",\"valueRequired\":true,\"valueName\":\"search_term_string\"}}],\"inLanguage\":\"fr-FR\"},{\"@type\":\"Organization\",\"@id\":\"https:\\\/\\\/www.organisator.ch\\\/#organization\",\"name\":\"Organisator\",\"url\":\"https:\\\/\\\/www.organisator.ch\\\/\",\"logo\":{\"@type\":\"ImageObject\",\"inLanguage\":\"fr-FR\",\"@id\":\"https:\\\/\\\/www.organisator.ch\\\/#\\\/schema\\\/logo\\\/image\\\/\",\"url\":\"https:\\\/\\\/www.organisator.ch\\\/wp-content\\\/uploads\\\/2022\\\/01\\\/Logo_Organisator_Website.png\",\"contentUrl\":\"https:\\\/\\\/www.organisator.ch\\\/wp-content\\\/uploads\\\/2022\\\/01\\\/Logo_Organisator_Website.png\",\"width\":800,\"height\":77,\"caption\":\"Organisator\"},\"image\":{\"@id\":\"https:\\\/\\\/www.organisator.ch\\\/#\\\/schema\\\/logo\\\/image\\\/\"},\"sameAs\":[\"https:\\\/\\\/www.facebook.com\\\/OrganisatorFachmagazin\",\"https:\\\/\\\/www.linkedin.com\\\/showcase\\\/organisator-das-magazin-fr-kmu\",\"https:\\\/\\\/www.xing.com\\\/news\\\/pages\\\/organisator-ch-695\",\"https:\\\/\\\/www.youtube.com\\\/channel\\\/UCGP2Sq0iWaZwT3BdIAQFYpw\"]},{\"@type\":\"Person\",\"@id\":\"https:\\\/\\\/www.organisator.ch\\\/#\\\/schema\\\/person\\\/4e51799071cd2dd1232ac003643ef5f0\",\"name\":\"galledia\",\"image\":{\"@type\":\"ImageObject\",\"inLanguage\":\"fr-FR\",\"@id\":\"https:\\\/\\\/secure.gravatar.com\\\/avatar\\\/78a7f90c01fc2bfc875782a0d4922b37cde2cf184ce347b91316d23cd7f69a36?s=96&d=mm&r=g\",\"url\":\"https:\\\/\\\/secure.gravatar.com\\\/avatar\\\/78a7f90c01fc2bfc875782a0d4922b37cde2cf184ce347b91316d23cd7f69a36?s=96&d=mm&r=g\",\"contentUrl\":\"https:\\\/\\\/secure.gravatar.com\\\/avatar\\\/78a7f90c01fc2bfc875782a0d4922b37cde2cf184ce347b91316d23cd7f69a36?s=96&d=mm&r=g\",\"caption\":\"galledia\"},\"sameAs\":[\"https:\\\/\\\/x.com\\\/admin\"],\"url\":\"https:\\\/\\\/www.organisator.ch\\\/fr\\\/author\\\/galledia\\\/\"}]}<\/script>\n<!-- \/ Yoast SEO plugin. -->","yoast_head_json":{"title":"Swiss Ethics Award 2022 : Cinq projets \u00e9thiques et durables - Organisateur","description":"Cette ann\u00e9e, le Swiss Ethics Award est d\u00e9cern\u00e9 pour la dixi\u00e8me fois. Cette distinction r\u00e9compense tous les deux ans des projets \u00e9thiques de l'\u00e9conomie.","robots":{"index":"index","follow":"follow","max-snippet":"max-snippet:-1","max-image-preview":"max-image-preview:large","max-video-preview":"max-video-preview:-1"},"canonical":"https:\/\/www.m-q.ch\/de\/swiss-ethics-award-2022-fuenf-ethische-und-nachhaltige-projekte\/","og_locale":"fr_FR","og_type":"article","og_title":"Swiss Ethics Award 2022: F\u00fcnf ethische und nachhaltige Projekte - Organisator","og_description":"Dieses Jahr wird zum zehnten Mal der Swiss Ethics Award verliehen. Mit dieser Auszeichnung werden im Zweijahresrhythmus ethische Projekte der Wirtschaft gew\u00fcrdigt.","og_url":"https:\/\/www.m-q.ch\/de\/swiss-ethics-award-2022-fuenf-ethische-und-nachhaltige-projekte\/","og_site_name":"Organisator","article_publisher":"https:\/\/www.facebook.com\/OrganisatorFachmagazin","article_published_time":"2022-02-21T06:37:30+00:00","article_modified_time":"2022-08-01T10:37:46+00:00","og_image":[{"url":"https:\/\/www.m-q.ch\/wp-content\/uploads\/2022\/02\/mq-management-qualitaet-Swiss-Ethics-Award-2022-Fuenf-ethische-und-nachhaltige-Projekte.jpg","type":"","width":"","height":""}],"author":"galledia","twitter_card":"summary_large_image","twitter_creator":"@admin","schema":{"@context":"https:\/\/schema.org","@graph":[{"@type":"Article","@id":"https:\/\/www.m-q.ch\/de\/swiss-ethics-award-2022-fuenf-ethische-und-nachhaltige-projekte\/#article","isPartOf":{"@id":"https:\/\/www.organisator.ch\/operational-excellence\/2022-02-21\/swiss-ethics-award-2022-fuenf-ethische-und-nachhaltige-projekte-2\/"},"author":{"name":"galledia","@id":"https:\/\/www.organisator.ch\/#\/schema\/person\/4e51799071cd2dd1232ac003643ef5f0"},"headline":"Swiss Ethics Award 2022: F\u00fcnf ethische und nachhaltige Projekte","datePublished":"2022-02-21T06:37:30+00:00","dateModified":"2022-08-01T10:37:46+00:00","mainEntityOfPage":{"@id":"https:\/\/www.organisator.ch\/operational-excellence\/2022-02-21\/swiss-ethics-award-2022-fuenf-ethische-und-nachhaltige-projekte-2\/"},"wordCount":786,"publisher":{"@id":"https:\/\/www.organisator.ch\/#organization"},"image":{"@id":"https:\/\/www.m-q.ch\/de\/swiss-ethics-award-2022-fuenf-ethische-und-nachhaltige-projekte\/#primaryimage"},"thumbnailUrl":"https:\/\/www.m-q.ch\/wp-content\/uploads\/2022\/02\/mq-management-qualitaet-Swiss-Ethics-Award-2022-Fuenf-ethische-und-nachhaltige-Projekte.jpg","keywords":["Swiss Ethics Award 2022"],"articleSection":["OPERATIONAL EXCELLENCE"],"inLanguage":"fr-FR"},{"@type":"WebPage","@id":"https:\/\/www.organisator.ch\/operational-excellence\/2022-02-21\/swiss-ethics-award-2022-fuenf-ethische-und-nachhaltige-projekte-2\/","url":"https:\/\/www.m-q.ch\/de\/swiss-ethics-award-2022-fuenf-ethische-und-nachhaltige-projekte\/","name":"Swiss Ethics Award 2022 : Cinq projets \u00e9thiques et durables - Organisateur","isPartOf":{"@id":"https:\/\/www.organisator.ch\/#website"},"primaryImageOfPage":{"@id":"https:\/\/www.m-q.ch\/de\/swiss-ethics-award-2022-fuenf-ethische-und-nachhaltige-projekte\/#primaryimage"},"image":{"@id":"https:\/\/www.m-q.ch\/de\/swiss-ethics-award-2022-fuenf-ethische-und-nachhaltige-projekte\/#primaryimage"},"thumbnailUrl":"https:\/\/www.m-q.ch\/wp-content\/uploads\/2022\/02\/mq-management-qualitaet-Swiss-Ethics-Award-2022-Fuenf-ethische-und-nachhaltige-Projekte.jpg","datePublished":"2022-02-21T06:37:30+00:00","dateModified":"2022-08-01T10:37:46+00:00","description":"Cette ann\u00e9e, le Swiss Ethics Award est d\u00e9cern\u00e9 pour la dixi\u00e8me fois. Cette distinction r\u00e9compense tous les deux ans des projets \u00e9thiques de l'\u00e9conomie.","breadcrumb":{"@id":"https:\/\/www.m-q.ch\/de\/swiss-ethics-award-2022-fuenf-ethische-und-nachhaltige-projekte\/#breadcrumb"},"inLanguage":"fr-FR","potentialAction":[{"@type":"ReadAction","target":["https:\/\/www.m-q.ch\/de\/swiss-ethics-award-2022-fuenf-ethische-und-nachhaltige-projekte\/"]}]},{"@type":"ImageObject","inLanguage":"fr-FR","@id":"https:\/\/www.m-q.ch\/de\/swiss-ethics-award-2022-fuenf-ethische-und-nachhaltige-projekte\/#primaryimage","url":"https:\/\/www.m-q.ch\/wp-content\/uploads\/2022\/02\/mq-management-qualitaet-Swiss-Ethics-Award-2022-Fuenf-ethische-und-nachhaltige-Projekte.jpg","contentUrl":"https:\/\/www.m-q.ch\/wp-content\/uploads\/2022\/02\/mq-management-qualitaet-Swiss-Ethics-Award-2022-Fuenf-ethische-und-nachhaltige-Projekte.jpg"},{"@type":"BreadcrumbList","@id":"https:\/\/www.m-q.ch\/de\/swiss-ethics-award-2022-fuenf-ethische-und-nachhaltige-projekte\/#breadcrumb","itemListElement":[{"@type":"ListItem","position":1,"name":"Home","item":"https:\/\/www.organisator.ch\/"},{"@type":"ListItem","position":2,"name":"Swiss Ethics Award 2022: F\u00fcnf ethische und nachhaltige Projekte"}]},{"@type":"WebSite","@id":"https:\/\/www.organisator.ch\/#website","url":"https:\/\/www.organisator.ch\/","name":"Organisateur","description":"Comp\u00e9tence et comp\u00e9tence. Proches de la pratique. L'ORGANISATEUR pr\u00e9pare 10 num\u00e9ros par an sur les th\u00e8mes essentiels pour les dirigeants de PME.","publisher":{"@id":"https:\/\/www.organisator.ch\/#organization"},"potentialAction":[{"@type":"SearchAction","target":{"@type":"EntryPoint","urlTemplate":"https:\/\/www.organisator.ch\/?s={search_term_string}"},"query-input":{"@type":"PropertyValueSpecification","valueRequired":true,"valueName":"search_term_string"}}],"inLanguage":"fr-FR"},{"@type":"Organization","@id":"https:\/\/www.organisator.ch\/#organization","name":"Organisateur","url":"https:\/\/www.organisator.ch\/","logo":{"@type":"ImageObject","inLanguage":"fr-FR","@id":"https:\/\/www.organisator.ch\/#\/schema\/logo\/image\/","url":"https:\/\/www.organisator.ch\/wp-content\/uploads\/2022\/01\/Logo_Organisator_Website.png","contentUrl":"https:\/\/www.organisator.ch\/wp-content\/uploads\/2022\/01\/Logo_Organisator_Website.png","width":800,"height":77,"caption":"Organisator"},"image":{"@id":"https:\/\/www.organisator.ch\/#\/schema\/logo\/image\/"},"sameAs":["https:\/\/www.facebook.com\/OrganisatorFachmagazin","https:\/\/www.linkedin.com\/showcase\/organisator-das-magazin-fr-kmu","https:\/\/www.xing.com\/news\/pages\/organisator-ch-695","https:\/\/www.youtube.com\/channel\/UCGP2Sq0iWaZwT3BdIAQFYpw"]},{"@type":"Person","@id":"https:\/\/www.organisator.ch\/#\/schema\/person\/4e51799071cd2dd1232ac003643ef5f0","name":"galledia","image":{"@type":"ImageObject","inLanguage":"fr-FR","@id":"https:\/\/secure.gravatar.com\/avatar\/78a7f90c01fc2bfc875782a0d4922b37cde2cf184ce347b91316d23cd7f69a36?s=96&d=mm&r=g","url":"https:\/\/secure.gravatar.com\/avatar\/78a7f90c01fc2bfc875782a0d4922b37cde2cf184ce347b91316d23cd7f69a36?s=96&d=mm&r=g","contentUrl":"https:\/\/secure.gravatar.com\/avatar\/78a7f90c01fc2bfc875782a0d4922b37cde2cf184ce347b91316d23cd7f69a36?s=96&d=mm&r=g","caption":"galledia"},"sameAs":["https:\/\/x.com\/admin"],"url":"https:\/\/www.organisator.ch\/fr\/author\/galledia\/"}]}},"_links":{"self":[{"href":"https:\/\/www.organisator.ch\/fr\/wp-json\/wp\/v2\/posts\/11416","targetHints":{"allow":["GET"]}}],"collection":[{"href":"https:\/\/www.organisator.ch\/fr\/wp-json\/wp\/v2\/posts"}],"about":[{"href":"https:\/\/www.organisator.ch\/fr\/wp-json\/wp\/v2\/types\/post"}],"author":[{"embeddable":true,"href":"https:\/\/www.organisator.ch\/fr\/wp-json\/wp\/v2\/users\/8"}],"replies":[{"embeddable":true,"href":"https:\/\/www.organisator.ch\/fr\/wp-json\/wp\/v2\/comments?post=11416"}],"version-history":[{"count":4,"href":"https:\/\/www.organisator.ch\/fr\/wp-json\/wp\/v2\/posts\/11416\/revisions"}],"predecessor-version":[{"id":16023,"href":"https:\/\/www.organisator.ch\/fr\/wp-json\/wp\/v2\/posts\/11416\/revisions\/16023"}],"wp:attachment":[{"href":"https:\/\/www.organisator.ch\/fr\/wp-json\/wp\/v2\/media?parent=11416"}],"wp:term":[{"taxonomy":"category","embeddable":true,"href":"https:\/\/www.organisator.ch\/fr\/wp-json\/wp\/v2\/categories?post=11416"},{"taxonomy":"post_tag","embeddable":true,"href":"https:\/\/www.organisator.ch\/fr\/wp-json\/wp\/v2\/tags?post=11416"}],"curies":[{"name":"wp","href":"https:\/\/api.w.org\/{rel}","templated":true}]}}