{"id":1155,"date":"2017-08-28T16:26:02","date_gmt":"2017-08-28T14:26:02","guid":{"rendered":"https:\/\/www.umweltperspektiven.ch\/?p=1155"},"modified":"2017-08-28T16:26:02","modified_gmt":"2017-08-28T14:26:02","slug":"lebensqualitaet-in-der-stadt-zuerich","status":"publish","type":"post","link":"https:\/\/www.organisator.ch\/fr\/allgemein\/2017-08-28\/lebensqualitaet-in-der-stadt-zuerich\/","title":{"rendered":"La qualit\u00e9 de vie dans la ville de Zurich"},"content":{"rendered":"<figure id=\"attachment_1156\" aria-describedby=\"caption-attachment-1156\" style=\"width: 680px\" class=\"wp-caption alignnone\"><img loading=\"lazy\" decoding=\"async\" class=\"size-medium wp-image-1156\" src=\"\/\/www.umweltperspektiven.ch\/wp-content\/uploads\/2017\/08\/Lebensqualit\u00e4t-in-der-Stadt-Z\u00fcrich-up-umweltperspektiven.jpg\" alt=\"\" width=\"680\" height=\"454\" \/><figcaption id=\"caption-attachment-1156\" class=\"wp-caption-text\">Le nombre de personnes expos\u00e9es au bruit augmente le long des axes principaux bien desservis par les transports publics, souligne un nouveau rapport environnemental de la ville de Zurich. (Image : depositphotos)<\/figcaption><\/figure>\n<p>Il ne faut pas l\u00e9siner sur la qualit\u00e9 de vie. Ces derni\u00e8res ann\u00e9es, la ville de Zurich a fait quelques progr\u00e8s dans le domaine de l'environnement. La consommation d'\u00e9nergies fossiles pour le chauffage et l'eau chaude a diminu\u00e9 de plus de 20 pour cent au cours des 25 derni\u00e8res ann\u00e9es. Pr\u00e8s de 100 pour cent des m\u00e9taux issus des d\u00e9chets m\u00e9nagers sont recycl\u00e9s.<\/p>\n<p>L'administration municipale met \u00e9galement en \u0153uvre des mesures importantes. Un tiers des voitures de tourisme achet\u00e9es par l'administration municipale en 2016 disposent d'une motorisation \u00e0 faibles \u00e9missions. Dans quatre centres municipaux pour personnes \u00e2g\u00e9es, les d\u00e9chets alimentaires ont \u00e9t\u00e9 r\u00e9duits de 724 kilogrammes en 2016. 175 hectares de la surface de la ville ont \u00e9t\u00e9 d\u00e9limit\u00e9s comme r\u00e9serve naturelle.<\/p>\n<p><strong>Les succ\u00e8s en mati\u00e8re de qualit\u00e9 de l'air sont-ils frein\u00e9s ?<\/strong><\/p>\n<p>Mais le rapport environnemental montre aussi clairement que tous les objectifs environnementaux sont encore loin d'\u00eatre atteints. La pollution de l'air a certes tendance \u00e0 diminuer, mais les valeurs limites continuent d'\u00eatre parfois massivement d\u00e9pass\u00e9es, par exemple pour l'ozone. De m\u00eame, la pollution par les oxydes d'azote n'a que faiblement diminu\u00e9 au cours de la derni\u00e8re d\u00e9cennie, et donc nettement moins que pr\u00e9vu.<\/p>\n<p>La question se pose ici de savoir comment g\u00e9rer les valeurs \u00e9lev\u00e9es des gaz d'\u00e9chappement des v\u00e9hicules diesel. Mais dans d'autres domaines aussi, Zurich est encore loin de l'objectif : seuls 14 pour cent des 47 565 lampadaires sont des LED. Les \u00e9missions de gaz \u00e0 effet de serre, qui s'\u00e9l\u00e8vent \u00e0 4,7 tonnes par habitant et par an, sont encore nettement trop \u00e9lev\u00e9es.<\/p>\n<p><strong>La protection contre le bruit ne doit pas \u00eatre sous-estim\u00e9e<\/strong><\/p>\n<p>Un tiers de la population r\u00e9sidente vit dans des immeubles o\u00f9 les valeurs limites de bruit sont d\u00e9pass\u00e9es. La protection contre le bruit reste un d\u00e9fi majeur Avec l'augmentation de la population r\u00e9sidente et la densification judicieuse du point de vue de l'am\u00e9nagement du territoire dans les endroits centraux et le long des axes principaux bien desservis par les transports publics, le nombre de personnes expos\u00e9es au bruit augmente. Les mesures mises \u00e0 l'enqu\u00eate publique ces derni\u00e8res ann\u00e9es, en particulier les r\u00e9ductions de vitesse, permettent de prot\u00e9ger 20'000 personnes contre le bruit excessif.<\/p>\n<p><strong>Un d\u00e9fi de taille : la croissance d\u00e9mographique <\/strong><\/p>\n<p>Il ne sera pas facile de maintenir, voire d'am\u00e9liorer, la qualit\u00e9 de l'environnement obtenue, car la croissance de la population, l'augmentation des flux de pendulaires et le changement climatique augmentent la pression pour agir. Plus de personnes signifie par exemple plus de d\u00e9chets et plus de circulation automobile, et par cons\u00e9quent plus de bruit dans les rues. La demande croissante de logements renforce la pression sur les espaces verts restants.<\/p>\n<p>La fr\u00e9quence accrue des vagues de chaleur nuit \u00e0 la qualit\u00e9 de vie et \u00e0 la sant\u00e9. Le d\u00e9fi ne concerne pas seulement la ville, mais aussi le canton et la Conf\u00e9d\u00e9ration. La ville de Zurich a besoin d'\u00eatre soutenue par des mesures efficaces et globales dans le domaine des transports et par une mise en \u0153uvre rapide des objectifs de la politique \u00e9nerg\u00e9tique et climatique dans le cadre de programmes et de projets.<\/p>\n<p><em>Vous trouverez plus de d\u00e9tails sur le rapport environnemental dans ce <\/em><a href=\"\/\/www.stadt-zuerich.ch\/umweltbericht\"><em>Lien<\/em><\/a><\/p>\n<p><a href=\"\/\/www.stadt-zuerich.ch\">www.stadt-zuerich.ch<\/a><\/p>","protected":false},"excerpt":{"rendered":"<p>An der Lebensqualit\u00e4t sollte man nicht sparen. Die Stadt Z\u00fcrich hat in den letzten Jahren einige Fortschritte im Umweltbereich erzielt. Der Verbrauch fossiler Energien f\u00fcr Heizen und Warmwasser hat in den letzten 25 Jahren um mehr als 20 Prozent abgenommen. Nahezu 100 Prozent der Metalle aus den Haushaltsabf\u00e4llen wird wiederverwertet. Auch die Stadtverwaltung setzt wichtige [&hellip;]<\/p>\n","protected":false},"author":5,"featured_media":9510,"comment_status":"open","ping_status":"open","sticky":false,"template":"","format":"standard","meta":{"_acf_changed":false,"_yoast_wpseo_focuskw":"Lebensqualit\u00e4t","_yoast_wpseo_metadesc":"Die Lebensqualit\u00e4t, respektive Umweltqualit\u00e4t, ist in der Stadt Z\u00fcrich hoch. Dies zeigt der aktuelle Umweltbericht von 2017.","articlekey":"","footnotes":""},"categories":[1],"tags":[1611,2182,2361,2376],"class_list":["post-1155","post","type-post","status-publish","format-standard","has-post-thumbnail","hentry","category-allgemein","tag-lebensqualitaet","tag-stadt-zuerich","tag-umweltbericht","tag-umweltqualitaet"],"acf":[],"yoast_head":"<!-- This site is optimized with the Yoast SEO plugin v27.4 - https:\/\/yoast.com\/product\/yoast-seo-wordpress\/ -->\n<title>Die Lebensqualit\u00e4t in der Stadt Z\u00fcrich - Organisator<\/title>\n<meta name=\"description\" content=\"Die Lebensqualit\u00e4t, respektive Umweltqualit\u00e4t, ist in der Stadt Z\u00fcrich hoch. Dies zeigt der aktuelle Umweltbericht von 2017.\" \/>\n<meta name=\"robots\" content=\"index, follow, max-snippet:-1, max-image-preview:large, max-video-preview:-1\" \/>\n<link rel=\"canonical\" href=\"https:\/\/www.organisator.ch\/fr\/general\/2017-08-28\/lebensqualitaet-in-der-stadt-zuerich\/\" \/>\n<meta property=\"og:locale\" content=\"fr_FR\" \/>\n<meta property=\"og:type\" content=\"article\" \/>\n<meta property=\"og:title\" content=\"Die Lebensqualit\u00e4t in der Stadt Z\u00fcrich - Organisator\" \/>\n<meta property=\"og:description\" content=\"Die Lebensqualit\u00e4t, respektive Umweltqualit\u00e4t, ist in der Stadt Z\u00fcrich hoch. Dies zeigt der aktuelle Umweltbericht von 2017.\" \/>\n<meta property=\"og:url\" content=\"https:\/\/www.organisator.ch\/fr\/general\/2017-08-28\/lebensqualitaet-in-der-stadt-zuerich\/\" \/>\n<meta property=\"og:site_name\" content=\"Organisator\" \/>\n<meta property=\"article:publisher\" content=\"https:\/\/www.facebook.com\/OrganisatorFachmagazin\" \/>\n<meta property=\"article:published_time\" content=\"2017-08-28T14:26:02+00:00\" \/>\n<meta property=\"og:image\" content=\"https:\/\/www.organisator.ch\/wp-content\/uploads\/2017\/08\/Lebensqualitaet-in-der-Stadt-Zuerich-up-umweltperspektiven.jpg\" \/>\n\t<meta property=\"og:image:width\" content=\"1000\" \/>\n\t<meta property=\"og:image:height\" content=\"667\" \/>\n\t<meta property=\"og:image:type\" content=\"image\/jpeg\" \/>\n<meta name=\"author\" content=\"michael.merz\" \/>\n<meta name=\"twitter:card\" content=\"summary_large_image\" \/>\n<script type=\"application\/ld+json\" class=\"yoast-schema-graph\">{\"@context\":\"https:\\\/\\\/schema.org\",\"@graph\":[{\"@type\":\"Article\",\"@id\":\"https:\\\/\\\/www.organisator.ch\\\/en\\\/general\\\/2017-08-28\\\/lebensqualitaet-in-der-stadt-zuerich\\\/#article\",\"isPartOf\":{\"@id\":\"https:\\\/\\\/www.organisator.ch\\\/en\\\/general\\\/2017-08-28\\\/lebensqualitaet-in-der-stadt-zuerich\\\/\"},\"author\":{\"name\":\"michael.merz\",\"@id\":\"https:\\\/\\\/www.organisator.ch\\\/#\\\/schema\\\/person\\\/134708ca9321c57b0362cceb7948ffbd\"},\"headline\":\"Die Lebensqualit\u00e4t in der Stadt Z\u00fcrich\",\"datePublished\":\"2017-08-28T14:26:02+00:00\",\"mainEntityOfPage\":{\"@id\":\"https:\\\/\\\/www.organisator.ch\\\/en\\\/general\\\/2017-08-28\\\/lebensqualitaet-in-der-stadt-zuerich\\\/\"},\"wordCount\":446,\"commentCount\":0,\"publisher\":{\"@id\":\"https:\\\/\\\/www.organisator.ch\\\/#organization\"},\"image\":{\"@id\":\"https:\\\/\\\/www.organisator.ch\\\/en\\\/general\\\/2017-08-28\\\/lebensqualitaet-in-der-stadt-zuerich\\\/#primaryimage\"},\"thumbnailUrl\":\"https:\\\/\\\/www.organisator.ch\\\/wp-content\\\/uploads\\\/2017\\\/08\\\/Lebensqualitaet-in-der-Stadt-Zuerich-up-umweltperspektiven.jpg\",\"keywords\":[\"Lebensqualit\u00e4t\",\"Stadt Z\u00fcrich\",\"Umweltbericht\",\"Umweltqualit\u00e4t\"],\"articleSection\":[\"Allgemein\"],\"inLanguage\":\"fr-FR\"},{\"@type\":\"WebPage\",\"@id\":\"https:\\\/\\\/www.organisator.ch\\\/en\\\/general\\\/2017-08-28\\\/lebensqualitaet-in-der-stadt-zuerich\\\/\",\"url\":\"https:\\\/\\\/www.organisator.ch\\\/en\\\/general\\\/2017-08-28\\\/lebensqualitaet-in-der-stadt-zuerich\\\/\",\"name\":\"Die Lebensqualit\u00e4t in der Stadt Z\u00fcrich - Organisator\",\"isPartOf\":{\"@id\":\"https:\\\/\\\/www.organisator.ch\\\/#website\"},\"primaryImageOfPage\":{\"@id\":\"https:\\\/\\\/www.organisator.ch\\\/en\\\/general\\\/2017-08-28\\\/lebensqualitaet-in-der-stadt-zuerich\\\/#primaryimage\"},\"image\":{\"@id\":\"https:\\\/\\\/www.organisator.ch\\\/en\\\/general\\\/2017-08-28\\\/lebensqualitaet-in-der-stadt-zuerich\\\/#primaryimage\"},\"thumbnailUrl\":\"https:\\\/\\\/www.organisator.ch\\\/wp-content\\\/uploads\\\/2017\\\/08\\\/Lebensqualitaet-in-der-Stadt-Zuerich-up-umweltperspektiven.jpg\",\"datePublished\":\"2017-08-28T14:26:02+00:00\",\"description\":\"Die Lebensqualit\u00e4t, respektive Umweltqualit\u00e4t, ist in der Stadt Z\u00fcrich hoch. Dies zeigt der aktuelle Umweltbericht von 2017.\",\"breadcrumb\":{\"@id\":\"https:\\\/\\\/www.organisator.ch\\\/en\\\/general\\\/2017-08-28\\\/lebensqualitaet-in-der-stadt-zuerich\\\/#breadcrumb\"},\"inLanguage\":\"fr-FR\",\"potentialAction\":[{\"@type\":\"ReadAction\",\"target\":[\"https:\\\/\\\/www.organisator.ch\\\/en\\\/general\\\/2017-08-28\\\/lebensqualitaet-in-der-stadt-zuerich\\\/\"]}]},{\"@type\":\"ImageObject\",\"inLanguage\":\"fr-FR\",\"@id\":\"https:\\\/\\\/www.organisator.ch\\\/en\\\/general\\\/2017-08-28\\\/lebensqualitaet-in-der-stadt-zuerich\\\/#primaryimage\",\"url\":\"https:\\\/\\\/www.organisator.ch\\\/wp-content\\\/uploads\\\/2017\\\/08\\\/Lebensqualitaet-in-der-Stadt-Zuerich-up-umweltperspektiven.jpg\",\"contentUrl\":\"https:\\\/\\\/www.organisator.ch\\\/wp-content\\\/uploads\\\/2017\\\/08\\\/Lebensqualitaet-in-der-Stadt-Zuerich-up-umweltperspektiven.jpg\",\"width\":1000,\"height\":667,\"caption\":\"Entlang der gut mit \u00d6V-erschlossenen Hauptachsen steigt die Zahl der l\u00e4rmbelasteten Personen, unsterstreicht ein neuer Umweltbericht der Stadt Z\u00fcrich. (Bild: depositphotos)\"},{\"@type\":\"BreadcrumbList\",\"@id\":\"https:\\\/\\\/www.organisator.ch\\\/en\\\/general\\\/2017-08-28\\\/lebensqualitaet-in-der-stadt-zuerich\\\/#breadcrumb\",\"itemListElement\":[{\"@type\":\"ListItem\",\"position\":1,\"name\":\"Home\",\"item\":\"https:\\\/\\\/www.organisator.ch\\\/\"},{\"@type\":\"ListItem\",\"position\":2,\"name\":\"Die Lebensqualit\u00e4t in der Stadt Z\u00fcrich\"}]},{\"@type\":\"WebSite\",\"@id\":\"https:\\\/\\\/www.organisator.ch\\\/#website\",\"url\":\"https:\\\/\\\/www.organisator.ch\\\/\",\"name\":\"Organisator\",\"description\":\"Kompetent. Praxisnah. Der ORGANISATOR bereitet in 10 Ausgaben pro Jahr die wesentlichen Themen f\u00fcr F\u00fchrungskr\u00e4fte von KMU auf.\",\"publisher\":{\"@id\":\"https:\\\/\\\/www.organisator.ch\\\/#organization\"},\"potentialAction\":[{\"@type\":\"SearchAction\",\"target\":{\"@type\":\"EntryPoint\",\"urlTemplate\":\"https:\\\/\\\/www.organisator.ch\\\/?s={search_term_string}\"},\"query-input\":{\"@type\":\"PropertyValueSpecification\",\"valueRequired\":true,\"valueName\":\"search_term_string\"}}],\"inLanguage\":\"fr-FR\"},{\"@type\":\"Organization\",\"@id\":\"https:\\\/\\\/www.organisator.ch\\\/#organization\",\"name\":\"Organisator\",\"url\":\"https:\\\/\\\/www.organisator.ch\\\/\",\"logo\":{\"@type\":\"ImageObject\",\"inLanguage\":\"fr-FR\",\"@id\":\"https:\\\/\\\/www.organisator.ch\\\/#\\\/schema\\\/logo\\\/image\\\/\",\"url\":\"https:\\\/\\\/www.organisator.ch\\\/wp-content\\\/uploads\\\/2022\\\/01\\\/Logo_Organisator_Website.png\",\"contentUrl\":\"https:\\\/\\\/www.organisator.ch\\\/wp-content\\\/uploads\\\/2022\\\/01\\\/Logo_Organisator_Website.png\",\"width\":800,\"height\":77,\"caption\":\"Organisator\"},\"image\":{\"@id\":\"https:\\\/\\\/www.organisator.ch\\\/#\\\/schema\\\/logo\\\/image\\\/\"},\"sameAs\":[\"https:\\\/\\\/www.facebook.com\\\/OrganisatorFachmagazin\",\"https:\\\/\\\/www.linkedin.com\\\/showcase\\\/organisator-das-magazin-fr-kmu\",\"https:\\\/\\\/www.xing.com\\\/news\\\/pages\\\/organisator-ch-695\",\"https:\\\/\\\/www.youtube.com\\\/channel\\\/UCGP2Sq0iWaZwT3BdIAQFYpw\"]},{\"@type\":\"Person\",\"@id\":\"https:\\\/\\\/www.organisator.ch\\\/#\\\/schema\\\/person\\\/134708ca9321c57b0362cceb7948ffbd\",\"name\":\"michael.merz\",\"image\":{\"@type\":\"ImageObject\",\"inLanguage\":\"fr-FR\",\"@id\":\"https:\\\/\\\/secure.gravatar.com\\\/avatar\\\/?s=96&d=mm&r=g\",\"url\":\"https:\\\/\\\/secure.gravatar.com\\\/avatar\\\/?s=96&d=mm&r=g\",\"contentUrl\":\"https:\\\/\\\/secure.gravatar.com\\\/avatar\\\/?s=96&d=mm&r=g\",\"caption\":\"michael.merz\"},\"url\":\"https:\\\/\\\/www.organisator.ch\\\/fr\\\/author\\\/michael-merz\\\/\"}]}<\/script>\n<!-- \/ Yoast SEO plugin. -->","yoast_head_json":{"title":"La qualit\u00e9 de vie dans la ville de Zurich - Organisateur","description":"La qualit\u00e9 de vie, ou plut\u00f4t la qualit\u00e9 de l'environnement, est \u00e9lev\u00e9e dans la ville de Zurich. C'est ce que montre le dernier rapport environnemental de 2017.","robots":{"index":"index","follow":"follow","max-snippet":"max-snippet:-1","max-image-preview":"max-image-preview:large","max-video-preview":"max-video-preview:-1"},"canonical":"https:\/\/www.organisator.ch\/fr\/general\/2017-08-28\/lebensqualitaet-in-der-stadt-zuerich\/","og_locale":"fr_FR","og_type":"article","og_title":"Die Lebensqualit\u00e4t in der Stadt Z\u00fcrich - Organisator","og_description":"Die Lebensqualit\u00e4t, respektive Umweltqualit\u00e4t, ist in der Stadt Z\u00fcrich hoch. Dies zeigt der aktuelle Umweltbericht von 2017.","og_url":"https:\/\/www.organisator.ch\/fr\/general\/2017-08-28\/lebensqualitaet-in-der-stadt-zuerich\/","og_site_name":"Organisator","article_publisher":"https:\/\/www.facebook.com\/OrganisatorFachmagazin","article_published_time":"2017-08-28T14:26:02+00:00","og_image":[{"width":1000,"height":667,"url":"https:\/\/www.organisator.ch\/wp-content\/uploads\/2017\/08\/Lebensqualitaet-in-der-Stadt-Zuerich-up-umweltperspektiven.jpg","type":"image\/jpeg"}],"author":"michael.merz","twitter_card":"summary_large_image","schema":{"@context":"https:\/\/schema.org","@graph":[{"@type":"Article","@id":"https:\/\/www.organisator.ch\/en\/general\/2017-08-28\/lebensqualitaet-in-der-stadt-zuerich\/#article","isPartOf":{"@id":"https:\/\/www.organisator.ch\/en\/general\/2017-08-28\/lebensqualitaet-in-der-stadt-zuerich\/"},"author":{"name":"michael.merz","@id":"https:\/\/www.organisator.ch\/#\/schema\/person\/134708ca9321c57b0362cceb7948ffbd"},"headline":"Die Lebensqualit\u00e4t in der Stadt Z\u00fcrich","datePublished":"2017-08-28T14:26:02+00:00","mainEntityOfPage":{"@id":"https:\/\/www.organisator.ch\/en\/general\/2017-08-28\/lebensqualitaet-in-der-stadt-zuerich\/"},"wordCount":446,"commentCount":0,"publisher":{"@id":"https:\/\/www.organisator.ch\/#organization"},"image":{"@id":"https:\/\/www.organisator.ch\/en\/general\/2017-08-28\/lebensqualitaet-in-der-stadt-zuerich\/#primaryimage"},"thumbnailUrl":"https:\/\/www.organisator.ch\/wp-content\/uploads\/2017\/08\/Lebensqualitaet-in-der-Stadt-Zuerich-up-umweltperspektiven.jpg","keywords":["Lebensqualit\u00e4t","Stadt Z\u00fcrich","Umweltbericht","Umweltqualit\u00e4t"],"articleSection":["Allgemein"],"inLanguage":"fr-FR"},{"@type":"WebPage","@id":"https:\/\/www.organisator.ch\/en\/general\/2017-08-28\/lebensqualitaet-in-der-stadt-zuerich\/","url":"https:\/\/www.organisator.ch\/en\/general\/2017-08-28\/lebensqualitaet-in-der-stadt-zuerich\/","name":"La qualit\u00e9 de vie dans la ville de Zurich - Organisateur","isPartOf":{"@id":"https:\/\/www.organisator.ch\/#website"},"primaryImageOfPage":{"@id":"https:\/\/www.organisator.ch\/en\/general\/2017-08-28\/lebensqualitaet-in-der-stadt-zuerich\/#primaryimage"},"image":{"@id":"https:\/\/www.organisator.ch\/en\/general\/2017-08-28\/lebensqualitaet-in-der-stadt-zuerich\/#primaryimage"},"thumbnailUrl":"https:\/\/www.organisator.ch\/wp-content\/uploads\/2017\/08\/Lebensqualitaet-in-der-Stadt-Zuerich-up-umweltperspektiven.jpg","datePublished":"2017-08-28T14:26:02+00:00","description":"La qualit\u00e9 de vie, ou plut\u00f4t la qualit\u00e9 de l'environnement, est \u00e9lev\u00e9e dans la ville de Zurich. C'est ce que montre le dernier rapport environnemental de 2017.","breadcrumb":{"@id":"https:\/\/www.organisator.ch\/en\/general\/2017-08-28\/lebensqualitaet-in-der-stadt-zuerich\/#breadcrumb"},"inLanguage":"fr-FR","potentialAction":[{"@type":"ReadAction","target":["https:\/\/www.organisator.ch\/en\/general\/2017-08-28\/lebensqualitaet-in-der-stadt-zuerich\/"]}]},{"@type":"ImageObject","inLanguage":"fr-FR","@id":"https:\/\/www.organisator.ch\/en\/general\/2017-08-28\/lebensqualitaet-in-der-stadt-zuerich\/#primaryimage","url":"https:\/\/www.organisator.ch\/wp-content\/uploads\/2017\/08\/Lebensqualitaet-in-der-Stadt-Zuerich-up-umweltperspektiven.jpg","contentUrl":"https:\/\/www.organisator.ch\/wp-content\/uploads\/2017\/08\/Lebensqualitaet-in-der-Stadt-Zuerich-up-umweltperspektiven.jpg","width":1000,"height":667,"caption":"Entlang der gut mit \u00d6V-erschlossenen Hauptachsen steigt die Zahl der l\u00e4rmbelasteten Personen, unsterstreicht ein neuer Umweltbericht der Stadt Z\u00fcrich. (Bild: depositphotos)"},{"@type":"BreadcrumbList","@id":"https:\/\/www.organisator.ch\/en\/general\/2017-08-28\/lebensqualitaet-in-der-stadt-zuerich\/#breadcrumb","itemListElement":[{"@type":"ListItem","position":1,"name":"Home","item":"https:\/\/www.organisator.ch\/"},{"@type":"ListItem","position":2,"name":"Die Lebensqualit\u00e4t in der Stadt Z\u00fcrich"}]},{"@type":"WebSite","@id":"https:\/\/www.organisator.ch\/#website","url":"https:\/\/www.organisator.ch\/","name":"Organisateur","description":"Comp\u00e9tence et comp\u00e9tence. Proches de la pratique. L'ORGANISATEUR pr\u00e9pare 10 num\u00e9ros par an sur les th\u00e8mes essentiels pour les dirigeants de PME.","publisher":{"@id":"https:\/\/www.organisator.ch\/#organization"},"potentialAction":[{"@type":"SearchAction","target":{"@type":"EntryPoint","urlTemplate":"https:\/\/www.organisator.ch\/?s={search_term_string}"},"query-input":{"@type":"PropertyValueSpecification","valueRequired":true,"valueName":"search_term_string"}}],"inLanguage":"fr-FR"},{"@type":"Organization","@id":"https:\/\/www.organisator.ch\/#organization","name":"Organisateur","url":"https:\/\/www.organisator.ch\/","logo":{"@type":"ImageObject","inLanguage":"fr-FR","@id":"https:\/\/www.organisator.ch\/#\/schema\/logo\/image\/","url":"https:\/\/www.organisator.ch\/wp-content\/uploads\/2022\/01\/Logo_Organisator_Website.png","contentUrl":"https:\/\/www.organisator.ch\/wp-content\/uploads\/2022\/01\/Logo_Organisator_Website.png","width":800,"height":77,"caption":"Organisator"},"image":{"@id":"https:\/\/www.organisator.ch\/#\/schema\/logo\/image\/"},"sameAs":["https:\/\/www.facebook.com\/OrganisatorFachmagazin","https:\/\/www.linkedin.com\/showcase\/organisator-das-magazin-fr-kmu","https:\/\/www.xing.com\/news\/pages\/organisator-ch-695","https:\/\/www.youtube.com\/channel\/UCGP2Sq0iWaZwT3BdIAQFYpw"]},{"@type":"Person","@id":"https:\/\/www.organisator.ch\/#\/schema\/person\/134708ca9321c57b0362cceb7948ffbd","name":"michael.merz","image":{"@type":"ImageObject","inLanguage":"fr-FR","@id":"https:\/\/secure.gravatar.com\/avatar\/?s=96&d=mm&r=g","url":"https:\/\/secure.gravatar.com\/avatar\/?s=96&d=mm&r=g","contentUrl":"https:\/\/secure.gravatar.com\/avatar\/?s=96&d=mm&r=g","caption":"michael.merz"},"url":"https:\/\/www.organisator.ch\/fr\/author\/michael-merz\/"}]}},"_links":{"self":[{"href":"https:\/\/www.organisator.ch\/fr\/wp-json\/wp\/v2\/posts\/1155","targetHints":{"allow":["GET"]}}],"collection":[{"href":"https:\/\/www.organisator.ch\/fr\/wp-json\/wp\/v2\/posts"}],"about":[{"href":"https:\/\/www.organisator.ch\/fr\/wp-json\/wp\/v2\/types\/post"}],"author":[{"embeddable":true,"href":"https:\/\/www.organisator.ch\/fr\/wp-json\/wp\/v2\/users\/5"}],"replies":[{"embeddable":true,"href":"https:\/\/www.organisator.ch\/fr\/wp-json\/wp\/v2\/comments?post=1155"}],"version-history":[{"count":0,"href":"https:\/\/www.organisator.ch\/fr\/wp-json\/wp\/v2\/posts\/1155\/revisions"}],"wp:featuredmedia":[{"embeddable":true,"href":"https:\/\/www.organisator.ch\/fr\/wp-json\/wp\/v2\/media\/9510"}],"wp:attachment":[{"href":"https:\/\/www.organisator.ch\/fr\/wp-json\/wp\/v2\/media?parent=1155"}],"wp:term":[{"taxonomy":"category","embeddable":true,"href":"https:\/\/www.organisator.ch\/fr\/wp-json\/wp\/v2\/categories?post=1155"},{"taxonomy":"post_tag","embeddable":true,"href":"https:\/\/www.organisator.ch\/fr\/wp-json\/wp\/v2\/tags?post=1155"}],"curies":[{"name":"wp","href":"https:\/\/api.w.org\/{rel}","templated":true}]}}