{"id":1156,"date":"2016-09-21T18:14:04","date_gmt":"2016-09-21T16:14:04","guid":{"rendered":"http:\/\/dev.organisator.ch\/?p=1156"},"modified":"2016-09-21T18:14:04","modified_gmt":"2016-09-21T16:14:04","slug":"die-verwechslung-von-erfahrung-und-expertise","status":"publish","type":"post","link":"https:\/\/www.organisator.ch\/fr\/management\/2016-09-21\/die-verwechslung-von-erfahrung-und-expertise\/","title":{"rendered":"La confusion entre exp\u00e9rience et expertise"},"content":{"rendered":"<figure id=\"attachment_1159\" aria-describedby=\"caption-attachment-1159\" style=\"width: 680px\" class=\"wp-caption alignnone\"><a href=\"https:\/\/www.organisator.ch\/wp-content\/uploads\/2016\/09\/Die-Verwechslung-von-Erfahrung-und-Expertise-organisator.jpg\"><img loading=\"lazy\" decoding=\"async\" class=\"size-medium wp-image-1159\" src=\"https:\/\/organisator.ch\/wp-content\/uploads\/2016\/09\/Die-Verwechslung-von-Erfahrung-und-Expertise-organisator.jpg\" alt=\"\" width=\"680\" height=\"680\" srcset=\"https:\/\/www.organisator.ch\/wp-content\/uploads\/2016\/09\/Die-Verwechslung-von-Erfahrung-und-Expertise-organisator.jpg 1000w, https:\/\/www.organisator.ch\/wp-content\/uploads\/2016\/09\/Die-Verwechslung-von-Erfahrung-und-Expertise-organisator-680x680.jpg 680w, https:\/\/www.organisator.ch\/wp-content\/uploads\/2016\/09\/Die-Verwechslung-von-Erfahrung-und-Expertise-organisator-150x150.jpg 150w, https:\/\/www.organisator.ch\/wp-content\/uploads\/2016\/09\/Die-Verwechslung-von-Erfahrung-und-Expertise-organisator-768x768.jpg 768w, https:\/\/www.organisator.ch\/wp-content\/uploads\/2016\/09\/Die-Verwechslung-von-Erfahrung-und-Expertise-organisator-12x12.jpg 12w, https:\/\/www.organisator.ch\/wp-content\/uploads\/2016\/09\/Die-Verwechslung-von-Erfahrung-und-Expertise-organisator-175x175.jpg 175w, https:\/\/www.organisator.ch\/wp-content\/uploads\/2016\/09\/Die-Verwechslung-von-Erfahrung-und-Expertise-organisator-350x350.jpg 350w, https:\/\/www.organisator.ch\/wp-content\/uploads\/2016\/09\/Die-Verwechslung-von-Erfahrung-und-Expertise-organisator-800x800.jpg 800w, https:\/\/www.organisator.ch\/wp-content\/uploads\/2016\/09\/Die-Verwechslung-von-Erfahrung-und-Expertise-organisator-920x920.jpg 920w, https:\/\/www.organisator.ch\/wp-content\/uploads\/2016\/09\/Die-Verwechslung-von-Erfahrung-und-Expertise-organisator-250x250.jpg 250w, https:\/\/www.organisator.ch\/wp-content\/uploads\/2016\/09\/Die-Verwechslung-von-Erfahrung-und-Expertise-organisator-300x300.jpg 300w, https:\/\/www.organisator.ch\/wp-content\/uploads\/2016\/09\/Die-Verwechslung-von-Erfahrung-und-Expertise-organisator-100x100.jpg 100w\" sizes=\"auto, (max-width: 680px) 100vw, 680px\" \/><\/a><figcaption id=\"caption-attachment-1159\" class=\"wp-caption-text\">La confusion entre exp\u00e9rience et expertise<\/figcaption><\/figure>\n<p>Beaucoup pensent qu'une plus grande exp\u00e9rience permet d'acqu\u00e9rir plus de connaissances et de comp\u00e9tences. Ce n'est pas n\u00e9cessairement le cas. Si une personne utilise toujours les m\u00eames connaissances et les m\u00eames routines, elle deviendra simplement plus routini\u00e8re, mais pas experte. Les consultants qui mettent en \u0153uvre toujours le m\u00eame type de projets deviennent meilleurs dans la mise en \u0153uvre, mais pas n\u00e9cessairement plus comp\u00e9tents. Pour devenir un expert, deux choses sont importantes :<\/p>\n<ul>\n<li><em>Premi\u00e8rement<\/em> d'essayer consciemment diff\u00e9rentes choses, et<\/li>\n<li><em>Deuxi\u00e8mement :<\/em> d'apprendre de mani\u00e8re cibl\u00e9e \u00e0 partir des r\u00e9sultats<\/li>\n<\/ul>\n<p><strong>Non-experts<\/strong><\/p>\n<p>Prenez un exemple aussi trivial que l'utilisation des progiciels Office. La plupart des utilisateurs sont tr\u00e8s familiers avec ces programmes et peuvent effectuer leurs t\u00e2ches rapidement et avec un bon r\u00e9sultat. Cela signifie-t-il que ces utilisateurs sont des experts ? Pas du tout. La plupart des utilisateurs ne connaissent que quelques fonctions et ne savent pas comment ils pourraient accomplir leurs t\u00e2ches d'une autre mani\u00e8re, parfois avec une efficacit\u00e9 nettement sup\u00e9rieure. Comme la proc\u00e9dure habituelle fonctionne suffisamment bien, ils n'essaient rien de nouveau et n'apprennent rien de nouveau. Le feed-back pr\u00e9tendument positif que re\u00e7oivent ces personnes les \u00e9gare. Elles pensent \u00eatre comp\u00e9tentes et avoir tout sous contr\u00f4le. L'exp\u00e9rience selon laquelle \"tout va si bien\" conduit \u00e0 une illusion de contr\u00f4le, \u00e0 une surestimation de ses propres capacit\u00e9s et peut contribuer \u00e0 une confiance en soi disproportionn\u00e9e.<\/p>\n<p><strong>Experts<\/strong><\/p>\n<p>En revanche, les experts apprennent en permanence en testant syst\u00e9matiquement de nouvelles possibilit\u00e9s et en tirant des enseignements des r\u00e9sultats, des succ\u00e8s et des \u00e9checs. Les retours d'information montrent quelles approches sont efficaces et lesquelles ne le sont pas. Ils permettent \u00e9galement d'identifier les autres facteurs de r\u00e9ussite. Prenons l'exemple de musiciens exceptionnels : ils n'ont pas seulement suivi une tr\u00e8s longue formation au cours de laquelle ils ont g\u00e9n\u00e9ralement recherch\u00e9 de mani\u00e8re cibl\u00e9e le feed-back critique d'autres musiciens exceptionnels. Ils essaient en outre constamment de nouvelles possibilit\u00e9s. Ils exp\u00e9rimentent la mani\u00e8re dont ils pourraient interpr\u00e9ter un morceau diff\u00e9remment et peut-\u00eatre encore mieux ou de mani\u00e8re plus int\u00e9ressante. Le fait qu'ils soient des ma\u00eetres dans leur domaine ne signifie pas qu'ils doivent se contenter de ce qui a fait ses preuves. Parce qu'ils s'exposent toujours \u00e0 la possibilit\u00e9 d'\u00e9chouer, ils apprennent ce qui fait leur succ\u00e8s et o\u00f9 se situent leurs limites. Cela r\u00e9duit le risque de surestimer ses propres capacit\u00e9s et de s'accrocher \u00e0 une illusion de contr\u00f4le.<\/p>\n<p><strong>Pi\u00e8ges de la pens\u00e9e<\/strong><\/p>\n<p>Les pi\u00e8ges de la pens\u00e9e sont une cons\u00e9quence de la mani\u00e8re dont nous percevons, pensons, apprenons et ressentons. Ils r\u00e9sultent de nos processus psychiques. En r\u00e8gle g\u00e9n\u00e9rale, nous ne sommes pas conscients de ces processus, c'est pourquoi, dans la vie de tous les jours, il est g\u00e9n\u00e9ralement impossible de savoir quand nous nous mettons nous-m\u00eames dans un pi\u00e8ge de la pens\u00e9e. Conna\u00eetre les ph\u00e9nom\u00e8nes d'erreur de planification et d'illusion de contr\u00f4le et savoir que les personnes se surestiment syst\u00e9matiquement ne prot\u00e8ge pas des pi\u00e8ges de la pens\u00e9e. A quel point pensent-ils \u00eatre bons dans leur travail ? Mon hypoth\u00e8se est que la plupart d'entre eux s'estiment dans la moyenne ou au-dessus de la moyenne. Quelle est votre influence sur les r\u00e9sultats de votre travail ? La plupart d'entre eux pensent avoir une influence importante, voire totale. Dans ce cas, consid\u00e9rez l'influence de votre sup\u00e9rieur et de vos clients sur vos actions et sur l'\u00e9valuation de vos r\u00e9sultats. Dans quelle mesure pensez-vous qu'ils sont experts dans leur domaine de travail ? Ensuite, demandez-vous quand vous avez essay\u00e9 pour la derni\u00e8re fois une nouvelle approche, une nouvelle proc\u00e9dure, alors que vous \u00e9tiez sceptique.<\/p>\n<p>Pour reconna\u00eetre les pi\u00e8ges de la pens\u00e9e et les \u00e9viter, nous devons toujours nous remettre activement en question, ainsi que nos actions.<\/p>","protected":false},"excerpt":{"rendered":"<p>Viele glauben, dass durch mehr Erfahrung mehr Wissen und mehr Kompetenz erworben wird. Das ist nicht unbedingt der Fall. Wenn eine Person immer das gleiche Wissen und die gleichen Routinen einsetzt, dann wird die Person nur routinierter, aber nicht zum Experten. Berater, die immer nur die gleiche Art von Projekten umsetzen, werden besser in der [&hellip;]<\/p>\n","protected":false},"author":8,"featured_media":1159,"comment_status":"open","ping_status":"open","sticky":false,"template":"","format":"standard","meta":{"_acf_changed":false,"_yoast_wpseo_focuskw":"Die Verwechslung von Erfahrung und Expertise","_yoast_wpseo_metadesc":"","articlekey":"","footnotes":""},"categories":[28],"tags":[95,334],"class_list":["post-1156","post","type-post","status-publish","format-standard","has-post-thumbnail","hentry","category-management","tag-buchtipps","tag-management"],"acf":[],"yoast_head":"<!-- This site is optimized with the Yoast SEO plugin v27.5 - https:\/\/yoast.com\/product\/yoast-seo-wordpress\/ -->\n<title>Die Verwechslung von Erfahrung und Expertise - Organisator<\/title>\n<meta name=\"robots\" content=\"index, follow, max-snippet:-1, max-image-preview:large, max-video-preview:-1\" \/>\n<link rel=\"canonical\" href=\"https:\/\/www.organisator.ch\/fr\/gestion-2\/2016-09-21\/die-verwechslung-von-erfahrung-und-expertise\/\" \/>\n<meta property=\"og:locale\" content=\"fr_FR\" \/>\n<meta property=\"og:type\" content=\"article\" \/>\n<meta property=\"og:title\" content=\"Die Verwechslung von Erfahrung und Expertise\" \/>\n<meta property=\"og:description\" content=\"Wer glaubt, durch mehr Erfahrung immer mehr Wissen erworben zu haben und deshalb Experte zu sein, der irrt. Nur wer etwas Neues ausprobiert und dazulernt, kann zum Experten reifen\" \/>\n<meta property=\"og:url\" content=\"https:\/\/www.organisator.ch\/fr\/gestion-2\/2016-09-21\/die-verwechslung-von-erfahrung-und-expertise\/\" \/>\n<meta property=\"og:site_name\" content=\"Organisator\" \/>\n<meta property=\"article:publisher\" content=\"https:\/\/www.facebook.com\/OrganisatorFachmagazin\" \/>\n<meta property=\"article:published_time\" content=\"2016-09-21T16:14:04+00:00\" \/>\n<meta name=\"author\" content=\"galledia\" \/>\n<meta name=\"twitter:card\" content=\"summary_large_image\" \/>\n<meta name=\"twitter:title\" content=\"Die Verwechslung von Erfahrung und Expertise\" \/>\n<meta name=\"twitter:description\" content=\"Wer glaubt, durch mehr Erfahrung immer mehr Wissen erworben zu haben und deshalb Experte zu sein, der irrt. Nur wer etwas Neues ausprobiert und dazulernt, kann zum Experten reifen\" \/>\n<meta name=\"twitter:image\" content=\"http:\/\/dev.organisator.ch\/wp-content\/uploads\/2016\/09\/Die-Verwechslung-von-Erfahrung-und-Expertise-organisator.jpg\" \/>\n<meta name=\"twitter:creator\" content=\"@admin\" \/>\n<script type=\"application\/ld+json\" class=\"yoast-schema-graph\">{\"@context\":\"https:\\\/\\\/schema.org\",\"@graph\":[{\"@type\":\"Article\",\"@id\":\"https:\\\/\\\/www.organisator.ch\\\/management\\\/2016-09-21\\\/die-verwechslung-von-erfahrung-und-expertise\\\/#article\",\"isPartOf\":{\"@id\":\"https:\\\/\\\/www.organisator.ch\\\/management\\\/2016-09-21\\\/die-verwechslung-von-erfahrung-und-expertise\\\/\"},\"author\":{\"name\":\"galledia\",\"@id\":\"https:\\\/\\\/www.organisator.ch\\\/#\\\/schema\\\/person\\\/4e51799071cd2dd1232ac003643ef5f0\"},\"headline\":\"Die Verwechslung von Erfahrung und Expertise\",\"datePublished\":\"2016-09-21T16:14:04+00:00\",\"mainEntityOfPage\":{\"@id\":\"https:\\\/\\\/www.organisator.ch\\\/management\\\/2016-09-21\\\/die-verwechslung-von-erfahrung-und-expertise\\\/\"},\"wordCount\":588,\"commentCount\":0,\"publisher\":{\"@id\":\"https:\\\/\\\/www.organisator.ch\\\/#organization\"},\"image\":{\"@id\":\"https:\\\/\\\/www.organisator.ch\\\/management\\\/2016-09-21\\\/die-verwechslung-von-erfahrung-und-expertise\\\/#primaryimage\"},\"thumbnailUrl\":\"https:\\\/\\\/www.organisator.ch\\\/wp-content\\\/uploads\\\/2016\\\/09\\\/Die-Verwechslung-von-Erfahrung-und-Expertise-organisator.jpg\",\"keywords\":[\"Buchtipps\",\"Management\"],\"articleSection\":[\"MANAGEMENT\"],\"inLanguage\":\"fr-FR\"},{\"@type\":\"WebPage\",\"@id\":\"https:\\\/\\\/www.organisator.ch\\\/management\\\/2016-09-21\\\/die-verwechslung-von-erfahrung-und-expertise\\\/\",\"url\":\"https:\\\/\\\/www.organisator.ch\\\/management\\\/2016-09-21\\\/die-verwechslung-von-erfahrung-und-expertise\\\/\",\"name\":\"Die Verwechslung von Erfahrung und Expertise - Organisator\",\"isPartOf\":{\"@id\":\"https:\\\/\\\/www.organisator.ch\\\/#website\"},\"primaryImageOfPage\":{\"@id\":\"https:\\\/\\\/www.organisator.ch\\\/management\\\/2016-09-21\\\/die-verwechslung-von-erfahrung-und-expertise\\\/#primaryimage\"},\"image\":{\"@id\":\"https:\\\/\\\/www.organisator.ch\\\/management\\\/2016-09-21\\\/die-verwechslung-von-erfahrung-und-expertise\\\/#primaryimage\"},\"thumbnailUrl\":\"https:\\\/\\\/www.organisator.ch\\\/wp-content\\\/uploads\\\/2016\\\/09\\\/Die-Verwechslung-von-Erfahrung-und-Expertise-organisator.jpg\",\"datePublished\":\"2016-09-21T16:14:04+00:00\",\"breadcrumb\":{\"@id\":\"https:\\\/\\\/www.organisator.ch\\\/management\\\/2016-09-21\\\/die-verwechslung-von-erfahrung-und-expertise\\\/#breadcrumb\"},\"inLanguage\":\"fr-FR\",\"potentialAction\":[{\"@type\":\"ReadAction\",\"target\":[\"https:\\\/\\\/www.organisator.ch\\\/management\\\/2016-09-21\\\/die-verwechslung-von-erfahrung-und-expertise\\\/\"]}]},{\"@type\":\"ImageObject\",\"inLanguage\":\"fr-FR\",\"@id\":\"https:\\\/\\\/www.organisator.ch\\\/management\\\/2016-09-21\\\/die-verwechslung-von-erfahrung-und-expertise\\\/#primaryimage\",\"url\":\"https:\\\/\\\/www.organisator.ch\\\/wp-content\\\/uploads\\\/2016\\\/09\\\/Die-Verwechslung-von-Erfahrung-und-Expertise-organisator.jpg\",\"contentUrl\":\"https:\\\/\\\/www.organisator.ch\\\/wp-content\\\/uploads\\\/2016\\\/09\\\/Die-Verwechslung-von-Erfahrung-und-Expertise-organisator.jpg\",\"width\":1000,\"height\":1000,\"caption\":\"Die Verwechslung von Erfahrung und Expertise\"},{\"@type\":\"BreadcrumbList\",\"@id\":\"https:\\\/\\\/www.organisator.ch\\\/management\\\/2016-09-21\\\/die-verwechslung-von-erfahrung-und-expertise\\\/#breadcrumb\",\"itemListElement\":[{\"@type\":\"ListItem\",\"position\":1,\"name\":\"Home\",\"item\":\"https:\\\/\\\/www.organisator.ch\\\/\"},{\"@type\":\"ListItem\",\"position\":2,\"name\":\"Die Verwechslung von Erfahrung und Expertise\"}]},{\"@type\":\"WebSite\",\"@id\":\"https:\\\/\\\/www.organisator.ch\\\/#website\",\"url\":\"https:\\\/\\\/www.organisator.ch\\\/\",\"name\":\"Organisator\",\"description\":\"Kompetent. Praxisnah. Der ORGANISATOR bereitet in 10 Ausgaben pro Jahr die wesentlichen Themen f\u00fcr F\u00fchrungskr\u00e4fte von KMU auf.\",\"publisher\":{\"@id\":\"https:\\\/\\\/www.organisator.ch\\\/#organization\"},\"potentialAction\":[{\"@type\":\"SearchAction\",\"target\":{\"@type\":\"EntryPoint\",\"urlTemplate\":\"https:\\\/\\\/www.organisator.ch\\\/?s={search_term_string}\"},\"query-input\":{\"@type\":\"PropertyValueSpecification\",\"valueRequired\":true,\"valueName\":\"search_term_string\"}}],\"inLanguage\":\"fr-FR\"},{\"@type\":\"Organization\",\"@id\":\"https:\\\/\\\/www.organisator.ch\\\/#organization\",\"name\":\"Organisator\",\"url\":\"https:\\\/\\\/www.organisator.ch\\\/\",\"logo\":{\"@type\":\"ImageObject\",\"inLanguage\":\"fr-FR\",\"@id\":\"https:\\\/\\\/www.organisator.ch\\\/#\\\/schema\\\/logo\\\/image\\\/\",\"url\":\"https:\\\/\\\/www.organisator.ch\\\/wp-content\\\/uploads\\\/2022\\\/01\\\/Logo_Organisator_Website.png\",\"contentUrl\":\"https:\\\/\\\/www.organisator.ch\\\/wp-content\\\/uploads\\\/2022\\\/01\\\/Logo_Organisator_Website.png\",\"width\":800,\"height\":77,\"caption\":\"Organisator\"},\"image\":{\"@id\":\"https:\\\/\\\/www.organisator.ch\\\/#\\\/schema\\\/logo\\\/image\\\/\"},\"sameAs\":[\"https:\\\/\\\/www.facebook.com\\\/OrganisatorFachmagazin\",\"https:\\\/\\\/www.linkedin.com\\\/showcase\\\/organisator-das-magazin-fr-kmu\",\"https:\\\/\\\/www.xing.com\\\/news\\\/pages\\\/organisator-ch-695\",\"https:\\\/\\\/www.youtube.com\\\/channel\\\/UCGP2Sq0iWaZwT3BdIAQFYpw\"]},{\"@type\":\"Person\",\"@id\":\"https:\\\/\\\/www.organisator.ch\\\/#\\\/schema\\\/person\\\/4e51799071cd2dd1232ac003643ef5f0\",\"name\":\"galledia\",\"image\":{\"@type\":\"ImageObject\",\"inLanguage\":\"fr-FR\",\"@id\":\"https:\\\/\\\/secure.gravatar.com\\\/avatar\\\/78a7f90c01fc2bfc875782a0d4922b37cde2cf184ce347b91316d23cd7f69a36?s=96&d=mm&r=g\",\"url\":\"https:\\\/\\\/secure.gravatar.com\\\/avatar\\\/78a7f90c01fc2bfc875782a0d4922b37cde2cf184ce347b91316d23cd7f69a36?s=96&d=mm&r=g\",\"contentUrl\":\"https:\\\/\\\/secure.gravatar.com\\\/avatar\\\/78a7f90c01fc2bfc875782a0d4922b37cde2cf184ce347b91316d23cd7f69a36?s=96&d=mm&r=g\",\"caption\":\"galledia\"},\"sameAs\":[\"https:\\\/\\\/x.com\\\/admin\"],\"url\":\"https:\\\/\\\/www.organisator.ch\\\/fr\\\/author\\\/galledia\\\/\"}]}<\/script>\n<!-- \/ Yoast SEO plugin. -->","yoast_head_json":{"title":"La confusion entre exp\u00e9rience et expertise - Organisateur","robots":{"index":"index","follow":"follow","max-snippet":"max-snippet:-1","max-image-preview":"max-image-preview:large","max-video-preview":"max-video-preview:-1"},"canonical":"https:\/\/www.organisator.ch\/fr\/gestion-2\/2016-09-21\/die-verwechslung-von-erfahrung-und-expertise\/","og_locale":"fr_FR","og_type":"article","og_title":"Die Verwechslung von Erfahrung und Expertise","og_description":"Wer glaubt, durch mehr Erfahrung immer mehr Wissen erworben zu haben und deshalb Experte zu sein, der irrt. Nur wer etwas Neues ausprobiert und dazulernt, kann zum Experten reifen","og_url":"https:\/\/www.organisator.ch\/fr\/gestion-2\/2016-09-21\/die-verwechslung-von-erfahrung-und-expertise\/","og_site_name":"Organisator","article_publisher":"https:\/\/www.facebook.com\/OrganisatorFachmagazin","article_published_time":"2016-09-21T16:14:04+00:00","author":"galledia","twitter_card":"summary_large_image","twitter_title":"Die Verwechslung von Erfahrung und Expertise","twitter_description":"Wer glaubt, durch mehr Erfahrung immer mehr Wissen erworben zu haben und deshalb Experte zu sein, der irrt. Nur wer etwas Neues ausprobiert und dazulernt, kann zum Experten reifen","twitter_image":"http:\/\/dev.organisator.ch\/wp-content\/uploads\/2016\/09\/Die-Verwechslung-von-Erfahrung-und-Expertise-organisator.jpg","twitter_creator":"@admin","schema":{"@context":"https:\/\/schema.org","@graph":[{"@type":"Article","@id":"https:\/\/www.organisator.ch\/management\/2016-09-21\/die-verwechslung-von-erfahrung-und-expertise\/#article","isPartOf":{"@id":"https:\/\/www.organisator.ch\/management\/2016-09-21\/die-verwechslung-von-erfahrung-und-expertise\/"},"author":{"name":"galledia","@id":"https:\/\/www.organisator.ch\/#\/schema\/person\/4e51799071cd2dd1232ac003643ef5f0"},"headline":"Die Verwechslung von Erfahrung und Expertise","datePublished":"2016-09-21T16:14:04+00:00","mainEntityOfPage":{"@id":"https:\/\/www.organisator.ch\/management\/2016-09-21\/die-verwechslung-von-erfahrung-und-expertise\/"},"wordCount":588,"commentCount":0,"publisher":{"@id":"https:\/\/www.organisator.ch\/#organization"},"image":{"@id":"https:\/\/www.organisator.ch\/management\/2016-09-21\/die-verwechslung-von-erfahrung-und-expertise\/#primaryimage"},"thumbnailUrl":"https:\/\/www.organisator.ch\/wp-content\/uploads\/2016\/09\/Die-Verwechslung-von-Erfahrung-und-Expertise-organisator.jpg","keywords":["Buchtipps","Management"],"articleSection":["MANAGEMENT"],"inLanguage":"fr-FR"},{"@type":"WebPage","@id":"https:\/\/www.organisator.ch\/management\/2016-09-21\/die-verwechslung-von-erfahrung-und-expertise\/","url":"https:\/\/www.organisator.ch\/management\/2016-09-21\/die-verwechslung-von-erfahrung-und-expertise\/","name":"La confusion entre exp\u00e9rience et expertise - Organisateur","isPartOf":{"@id":"https:\/\/www.organisator.ch\/#website"},"primaryImageOfPage":{"@id":"https:\/\/www.organisator.ch\/management\/2016-09-21\/die-verwechslung-von-erfahrung-und-expertise\/#primaryimage"},"image":{"@id":"https:\/\/www.organisator.ch\/management\/2016-09-21\/die-verwechslung-von-erfahrung-und-expertise\/#primaryimage"},"thumbnailUrl":"https:\/\/www.organisator.ch\/wp-content\/uploads\/2016\/09\/Die-Verwechslung-von-Erfahrung-und-Expertise-organisator.jpg","datePublished":"2016-09-21T16:14:04+00:00","breadcrumb":{"@id":"https:\/\/www.organisator.ch\/management\/2016-09-21\/die-verwechslung-von-erfahrung-und-expertise\/#breadcrumb"},"inLanguage":"fr-FR","potentialAction":[{"@type":"ReadAction","target":["https:\/\/www.organisator.ch\/management\/2016-09-21\/die-verwechslung-von-erfahrung-und-expertise\/"]}]},{"@type":"ImageObject","inLanguage":"fr-FR","@id":"https:\/\/www.organisator.ch\/management\/2016-09-21\/die-verwechslung-von-erfahrung-und-expertise\/#primaryimage","url":"https:\/\/www.organisator.ch\/wp-content\/uploads\/2016\/09\/Die-Verwechslung-von-Erfahrung-und-Expertise-organisator.jpg","contentUrl":"https:\/\/www.organisator.ch\/wp-content\/uploads\/2016\/09\/Die-Verwechslung-von-Erfahrung-und-Expertise-organisator.jpg","width":1000,"height":1000,"caption":"Die Verwechslung von Erfahrung und Expertise"},{"@type":"BreadcrumbList","@id":"https:\/\/www.organisator.ch\/management\/2016-09-21\/die-verwechslung-von-erfahrung-und-expertise\/#breadcrumb","itemListElement":[{"@type":"ListItem","position":1,"name":"Home","item":"https:\/\/www.organisator.ch\/"},{"@type":"ListItem","position":2,"name":"Die Verwechslung von Erfahrung und Expertise"}]},{"@type":"WebSite","@id":"https:\/\/www.organisator.ch\/#website","url":"https:\/\/www.organisator.ch\/","name":"Organisateur","description":"Comp\u00e9tence et comp\u00e9tence. Proches de la pratique. L'ORGANISATEUR pr\u00e9pare 10 num\u00e9ros par an sur les th\u00e8mes essentiels pour les dirigeants de PME.","publisher":{"@id":"https:\/\/www.organisator.ch\/#organization"},"potentialAction":[{"@type":"SearchAction","target":{"@type":"EntryPoint","urlTemplate":"https:\/\/www.organisator.ch\/?s={search_term_string}"},"query-input":{"@type":"PropertyValueSpecification","valueRequired":true,"valueName":"search_term_string"}}],"inLanguage":"fr-FR"},{"@type":"Organization","@id":"https:\/\/www.organisator.ch\/#organization","name":"Organisateur","url":"https:\/\/www.organisator.ch\/","logo":{"@type":"ImageObject","inLanguage":"fr-FR","@id":"https:\/\/www.organisator.ch\/#\/schema\/logo\/image\/","url":"https:\/\/www.organisator.ch\/wp-content\/uploads\/2022\/01\/Logo_Organisator_Website.png","contentUrl":"https:\/\/www.organisator.ch\/wp-content\/uploads\/2022\/01\/Logo_Organisator_Website.png","width":800,"height":77,"caption":"Organisator"},"image":{"@id":"https:\/\/www.organisator.ch\/#\/schema\/logo\/image\/"},"sameAs":["https:\/\/www.facebook.com\/OrganisatorFachmagazin","https:\/\/www.linkedin.com\/showcase\/organisator-das-magazin-fr-kmu","https:\/\/www.xing.com\/news\/pages\/organisator-ch-695","https:\/\/www.youtube.com\/channel\/UCGP2Sq0iWaZwT3BdIAQFYpw"]},{"@type":"Person","@id":"https:\/\/www.organisator.ch\/#\/schema\/person\/4e51799071cd2dd1232ac003643ef5f0","name":"galledia","image":{"@type":"ImageObject","inLanguage":"fr-FR","@id":"https:\/\/secure.gravatar.com\/avatar\/78a7f90c01fc2bfc875782a0d4922b37cde2cf184ce347b91316d23cd7f69a36?s=96&d=mm&r=g","url":"https:\/\/secure.gravatar.com\/avatar\/78a7f90c01fc2bfc875782a0d4922b37cde2cf184ce347b91316d23cd7f69a36?s=96&d=mm&r=g","contentUrl":"https:\/\/secure.gravatar.com\/avatar\/78a7f90c01fc2bfc875782a0d4922b37cde2cf184ce347b91316d23cd7f69a36?s=96&d=mm&r=g","caption":"galledia"},"sameAs":["https:\/\/x.com\/admin"],"url":"https:\/\/www.organisator.ch\/fr\/author\/galledia\/"}]}},"_links":{"self":[{"href":"https:\/\/www.organisator.ch\/fr\/wp-json\/wp\/v2\/posts\/1156","targetHints":{"allow":["GET"]}}],"collection":[{"href":"https:\/\/www.organisator.ch\/fr\/wp-json\/wp\/v2\/posts"}],"about":[{"href":"https:\/\/www.organisator.ch\/fr\/wp-json\/wp\/v2\/types\/post"}],"author":[{"embeddable":true,"href":"https:\/\/www.organisator.ch\/fr\/wp-json\/wp\/v2\/users\/8"}],"replies":[{"embeddable":true,"href":"https:\/\/www.organisator.ch\/fr\/wp-json\/wp\/v2\/comments?post=1156"}],"version-history":[{"count":0,"href":"https:\/\/www.organisator.ch\/fr\/wp-json\/wp\/v2\/posts\/1156\/revisions"}],"wp:featuredmedia":[{"embeddable":true,"href":"https:\/\/www.organisator.ch\/fr\/wp-json\/wp\/v2\/media\/1159"}],"wp:attachment":[{"href":"https:\/\/www.organisator.ch\/fr\/wp-json\/wp\/v2\/media?parent=1156"}],"wp:term":[{"taxonomy":"category","embeddable":true,"href":"https:\/\/www.organisator.ch\/fr\/wp-json\/wp\/v2\/categories?post=1156"},{"taxonomy":"post_tag","embeddable":true,"href":"https:\/\/www.organisator.ch\/fr\/wp-json\/wp\/v2\/tags?post=1156"}],"curies":[{"name":"wp","href":"https:\/\/api.w.org\/{rel}","templated":true}]}}