{"id":1158,"date":"2017-08-29T15:18:09","date_gmt":"2017-08-29T13:18:09","guid":{"rendered":"https:\/\/www.umweltperspektiven.ch\/?p=1158"},"modified":"2022-02-09T11:06:55","modified_gmt":"2022-02-09T10:06:55","slug":"bafu-schweiz-muss-sich-an-klimaerwaermung-anpassen","status":"publish","type":"post","link":"https:\/\/www.organisator.ch\/fr\/sustainability\/2017-08-29\/bafu-schweiz-muss-sich-an-klimaerwaermung-anpassen\/","title":{"rendered":"OFEV : La Suisse doit s'adapter au r\u00e9chauffement climatique"},"content":{"rendered":"<figure id=\"attachment_1159\" aria-describedby=\"caption-attachment-1159\" style=\"width: 680px\" class=\"wp-caption alignnone\"><img loading=\"lazy\" decoding=\"async\" class=\"size-medium wp-image-1159\" src=\"\/\/www.umweltperspektiven.ch\/wp-content\/uploads\/2017\/08\/BAFU-Schweiz-muss-sich-an-Klimaerw\u00e4rmung-anpassen-mq-management-u-qualitaet.jpg\" alt=\"\" width=\"680\" height=\"461\" \/><figcaption id=\"caption-attachment-1159\" class=\"wp-caption-text\">Les cons\u00e9quences des changements climatiques extr\u00eames sont \u00e9galement visibles en Suisse : des \u00eelots de chaleur apparaissent dans les villes, les pentes deviennent plus instables dans les r\u00e9gions alpines habit\u00e9es. (Image : planat.ch)<\/figcaption><\/figure>\n<p>La Suisse devra s'adapter au r\u00e9chauffement climatique. Depuis le d\u00e9but des mesures climatiques en 1864, la temp\u00e9rature moyenne a augment\u00e9 de 2 degr\u00e9s Celsius. Le r\u00e9chauffement est donc plus de deux fois plus important que la moyenne mondiale (0,9 \u00b0C). Avec un r\u00e9chauffement moyen mondial de 2 degr\u00e9s Celsius au maximum, comme le pr\u00e9voit l'accord de Paris sur le climat, la temp\u00e9rature en Suisse pourrait augmenter de 1 \u00e0 3 degr\u00e9s Celsius suppl\u00e9mentaires d'ici 2060.<\/p>\n<p>Les cons\u00e9quences sont d\u00e9j\u00e0 perceptibles : Des \u00eelots de chaleur se forment dans les villes, il y a localement des p\u00e9nuries d'eau, les flancs abrupts des montagnes dans les vall\u00e9es alpines deviennent plus instables, comme le montre \u00e9galement le r\u00e9cent \u00e9boulement de Bondo dans les Grisons.<\/p>\n<p>\"La Suisse ne doit pas seulement r\u00e9duire ses \u00e9missions de gaz \u00e0 effet de serre, mais aussi s'adapter au changement climatique afin de r\u00e9duire les risques\", a d\u00e9clar\u00e9 Marc Chardonnens, directeur de l'Office f\u00e9d\u00e9ral de l'environnement (OFEV), le 28 ao\u00fbt 2017, lors d'une conf\u00e9rence de presse \u00e0 Berne.<\/p>\n<p><strong>D\u00e9fis sociaux <\/strong><\/p>\n<p>L'instrument le plus important dans la lutte mondiale contre le r\u00e9chauffement est la r\u00e9duction massive des \u00e9missions de gaz \u00e0 effet de serre. Dans le cadre de l'accord de Paris sur le climat, la Suisse s'est engag\u00e9e \u00e0 r\u00e9duire ses \u00e9missions de 50 pour cent d'ici 2030 par rapport au niveau de 1990. \"Comme le r\u00e9chauffement ne peut \u00eatre que limit\u00e9, l'adaptation aux effets du changement climatique rev\u00eat une importance croissante\", a expliqu\u00e9 Marc Chardonnens, directeur de l'OFEV.<\/p>\n<p>Le changement climatique doit \u00eatre per\u00e7u comme un d\u00e9fi pour l'ensemble de la soci\u00e9t\u00e9.<\/p>\n<p>La hausse des temp\u00e9ratures et la modification du r\u00e9gime des pr\u00e9cipitations ont des r\u00e9percussions non seulement sur l'environnement, mais aussi sur l'\u00e9conomie et la soci\u00e9t\u00e9.La Conf\u00e9d\u00e9ration coordonne les mesures d'adaptation et met \u00e0 disposition les bases et les connaissances n\u00e9cessaires \u00e0 l'adaptation au changement climatique. Celles-ci proviennent par exemple du programme de recherche sur les effets du r\u00e9chauffement sur la for\u00eat ou de l'analyse des cons\u00e9quences du changement climatique sur le r\u00e9gime des eaux (CCHydro).<\/p>\n<p><strong>\u00c9tudes de risques r\u00e9gionales <\/strong><\/p>\n<p>\"Comme les effets diff\u00e8rent d'une r\u00e9gion \u00e0 l'autre, les cantons, les r\u00e9gions et les communes jouent un r\u00f4le important\", explique Marc Chardonnens. L'OFEV a donc men\u00e9 une analyse des risques avec des \u00e9tudes de cas dans huit cantons afin d'esquisser les effets r\u00e9gionaux des changements climatiques. Les r\u00e9sultats seront pr\u00e9sent\u00e9s fin 2017.<\/p>\n<p>Sous l'\u00e9gide de l'OFEV, la Conf\u00e9d\u00e9ration a en outre lanc\u00e9 en 2013 un programme pilote qui montre, \u00e0 l'aide de projets concrets, comment la Suisse peut s'adapter au changement climatique. Quatre des 31 projets du programme pilote ont \u00e9t\u00e9 pr\u00e9sent\u00e9s aux m\u00e9dias le 28 ao\u00fbt 2017 \u00e0 Berne, \u00e0 Liestal (BL) et \u00e0 Jussy (GE).<\/p>\n<p><strong>Faire face aux vagues de chaleur\u00a0 <\/strong><\/p>\n<p>L'Institut Tropical et de Sant\u00e9 Publique Suisse (Swiss TPH) a par exemple d\u00e9montr\u00e9 que les cons\u00e9quences des canicules estivales pouvaient \u00eatre att\u00e9nu\u00e9es pour les groupes de population sensibles. Le Tessin et plusieurs cantons romands ont d\u00e9velopp\u00e9 des plans d'action cantonaux pour les vagues de chaleur apr\u00e8s l'\u00e9t\u00e9 2003. Dans les villes dot\u00e9es de tels plans d'action cantonaux, la mortalit\u00e9 li\u00e9e \u00e0 la chaleur a depuis lors diminu\u00e9. Aucune diminution n'a \u00e9t\u00e9 observ\u00e9e dans les villes ne disposant pas de telles mesures.<\/p>\n<p>Ces travaux ont cr\u00e9\u00e9 une dynamique et sensibilis\u00e9 les autorit\u00e9s \u00e0 la n\u00e9cessit\u00e9 d'agir. De nombreux cantons, r\u00e9gions et communes ont \u00e9labor\u00e9 leurs propres strat\u00e9gies et d\u00e9velopp\u00e9 des mesures d'adaptation.<\/p>\n<p>Ces efforts doivent \u00eatre renforc\u00e9s. Les cons\u00e9quences du changement climatique doivent \u00eatre prises en compte dans tous les domaines - environnement, \u00e9conomie et soci\u00e9t\u00e9. Il est en effet pr\u00e9f\u00e9rable de se pr\u00e9parer d\u00e8s aujourd'hui plut\u00f4t que de r\u00e9parer apr\u00e8s coup les dommages caus\u00e9s par le changement climatique. D'autant plus que les besoins d'adaptation et les co\u00fbts augmenteront avec la hausse attendue des temp\u00e9ratures. Pour cela, tout le monde doit s'engager : les cantons, les r\u00e9gions, les villes, les communes, les entreprises et la population. \"Les cons\u00e9quences du changement climatique nous concernent tous. Ce n'est qu'ensemble que nous pourrons relever ces nouveaux d\u00e9fis\", a soulign\u00e9 Marc Chardonnens.<\/p>\n<p><em>Pour plus de d\u00e9tails sur la mani\u00e8re dont la Suisse pourrait s'adapter au changement climatique, voir le <a href=\"\/\/www.bafu.admin.ch\/bafu\/de\/home.html\">Page d'accueil de l'OFEV<\/a><\/em><\/p>\n<p>&nbsp;<\/p>\n<p>&nbsp;<\/p>\n<p>&nbsp;<\/p>","protected":false},"excerpt":{"rendered":"<p>Die Schweiz wird sich der Klimaerw\u00e4rmung anpassen m\u00fcssen. Seit Beginn der Klima-Messungen im Jahr 1864 ist die Durchschnittstemperatur um 2 Grad Celsius angestiegen. Die Erw\u00e4rmung ist damit mehr als doppelt so stark wie im weltweiten Durchschnitt (0,9 \u00b0C). Mit einer weltweiten durchschnittlichen Erw\u00e4rmung von h\u00f6chstens 2 Grad Celsius, wie es das Klima\u00fcbereinkommen von Paris vorsieht, [&hellip;]<\/p>\n","protected":false},"author":5,"featured_media":9511,"comment_status":"open","ping_status":"open","sticky":false,"template":"","format":"standard","meta":{"_acf_changed":false,"_yoast_wpseo_focuskw":"Klimaerw\u00e4rmung","_yoast_wpseo_metadesc":"Die Schweiz muss sich an die Klimaerw\u00e4rmung anpassen, k\u00f6nnte die dringende Forderung des Bundesamts f\u00fcr Umwelt BAFU zusammengefasst werden.","articlekey":"","footnotes":""},"categories":[580],"tags":[762,300,1954,424],"class_list":["post-1158","post","type-post","status-publish","format-standard","has-post-thumbnail","hentry","category-sustainability","tag-bafu","tag-klimaschutz","tag-projekte","tag-schweiz"],"acf":[],"yoast_head":"<!-- This site is optimized with the Yoast SEO plugin v27.5 - https:\/\/yoast.com\/product\/yoast-seo-wordpress\/ -->\n<title>BAFU: Schweiz muss sich an Klimaerw\u00e4rmung anpassen - Organisator<\/title>\n<meta name=\"description\" content=\"Die Schweiz muss sich an die Klimaerw\u00e4rmung anpassen, k\u00f6nnte die dringende Forderung des Bundesamts f\u00fcr Umwelt BAFU zusammengefasst werden.\" \/>\n<meta name=\"robots\" content=\"index, follow, max-snippet:-1, max-image-preview:large, max-video-preview:-1\" \/>\n<link rel=\"canonical\" href=\"https:\/\/www.organisator.ch\/fr\/sustainability\/2017-08-29\/bafu-schweiz-muss-sich-an-klimaerwaermung-anpassen\/\" \/>\n<meta property=\"og:locale\" content=\"fr_FR\" \/>\n<meta property=\"og:type\" content=\"article\" \/>\n<meta property=\"og:title\" content=\"BAFU: Schweiz muss sich an Klimaerw\u00e4rmung anpassen - Organisator\" \/>\n<meta property=\"og:description\" content=\"Die Schweiz muss sich an die Klimaerw\u00e4rmung anpassen, k\u00f6nnte die dringende Forderung des Bundesamts f\u00fcr Umwelt BAFU zusammengefasst werden.\" \/>\n<meta property=\"og:url\" content=\"https:\/\/www.organisator.ch\/fr\/sustainability\/2017-08-29\/bafu-schweiz-muss-sich-an-klimaerwaermung-anpassen\/\" \/>\n<meta property=\"og:site_name\" content=\"Organisator\" \/>\n<meta property=\"article:publisher\" content=\"https:\/\/www.facebook.com\/OrganisatorFachmagazin\" \/>\n<meta property=\"article:published_time\" content=\"2017-08-29T13:18:09+00:00\" \/>\n<meta property=\"article:modified_time\" content=\"2022-02-09T10:06:55+00:00\" \/>\n<meta property=\"og:image\" content=\"https:\/\/www.organisator.ch\/wp-content\/uploads\/2017\/08\/BAFU-Schweiz-muss-sich-an-Klimaerwaermung-anpassen-mq-management-u-qualitaet.jpg\" \/>\n\t<meta property=\"og:image:width\" content=\"855\" \/>\n\t<meta property=\"og:image:height\" content=\"580\" \/>\n\t<meta property=\"og:image:type\" content=\"image\/jpeg\" \/>\n<meta name=\"author\" content=\"michael.merz\" \/>\n<meta name=\"twitter:card\" content=\"summary_large_image\" \/>\n<script type=\"application\/ld+json\" class=\"yoast-schema-graph\">{\"@context\":\"https:\\\/\\\/schema.org\",\"@graph\":[{\"@type\":\"Article\",\"@id\":\"https:\\\/\\\/www.organisator.ch\\\/sustainability\\\/2017-08-29\\\/bafu-schweiz-muss-sich-an-klimaerwaermung-anpassen\\\/#article\",\"isPartOf\":{\"@id\":\"https:\\\/\\\/www.organisator.ch\\\/sustainability\\\/2017-08-29\\\/bafu-schweiz-muss-sich-an-klimaerwaermung-anpassen\\\/\"},\"author\":{\"name\":\"michael.merz\",\"@id\":\"https:\\\/\\\/www.organisator.ch\\\/#\\\/schema\\\/person\\\/134708ca9321c57b0362cceb7948ffbd\"},\"headline\":\"BAFU: Schweiz muss sich an Klimaerw\u00e4rmung anpassen\",\"datePublished\":\"2017-08-29T13:18:09+00:00\",\"dateModified\":\"2022-02-09T10:06:55+00:00\",\"mainEntityOfPage\":{\"@id\":\"https:\\\/\\\/www.organisator.ch\\\/sustainability\\\/2017-08-29\\\/bafu-schweiz-muss-sich-an-klimaerwaermung-anpassen\\\/\"},\"wordCount\":671,\"commentCount\":0,\"publisher\":{\"@id\":\"https:\\\/\\\/www.organisator.ch\\\/#organization\"},\"image\":{\"@id\":\"https:\\\/\\\/www.organisator.ch\\\/sustainability\\\/2017-08-29\\\/bafu-schweiz-muss-sich-an-klimaerwaermung-anpassen\\\/#primaryimage\"},\"thumbnailUrl\":\"https:\\\/\\\/www.organisator.ch\\\/wp-content\\\/uploads\\\/2017\\\/08\\\/BAFU-Schweiz-muss-sich-an-Klimaerwaermung-anpassen-mq-management-u-qualitaet.jpg\",\"keywords\":[\"BAFU\",\"Klimaschutz\",\"Projekte\",\"Schweiz\"],\"articleSection\":[\"SUSTAINABILITY\"],\"inLanguage\":\"fr-FR\"},{\"@type\":\"WebPage\",\"@id\":\"https:\\\/\\\/www.organisator.ch\\\/sustainability\\\/2017-08-29\\\/bafu-schweiz-muss-sich-an-klimaerwaermung-anpassen\\\/\",\"url\":\"https:\\\/\\\/www.organisator.ch\\\/sustainability\\\/2017-08-29\\\/bafu-schweiz-muss-sich-an-klimaerwaermung-anpassen\\\/\",\"name\":\"BAFU: Schweiz muss sich an Klimaerw\u00e4rmung anpassen - Organisator\",\"isPartOf\":{\"@id\":\"https:\\\/\\\/www.organisator.ch\\\/#website\"},\"primaryImageOfPage\":{\"@id\":\"https:\\\/\\\/www.organisator.ch\\\/sustainability\\\/2017-08-29\\\/bafu-schweiz-muss-sich-an-klimaerwaermung-anpassen\\\/#primaryimage\"},\"image\":{\"@id\":\"https:\\\/\\\/www.organisator.ch\\\/sustainability\\\/2017-08-29\\\/bafu-schweiz-muss-sich-an-klimaerwaermung-anpassen\\\/#primaryimage\"},\"thumbnailUrl\":\"https:\\\/\\\/www.organisator.ch\\\/wp-content\\\/uploads\\\/2017\\\/08\\\/BAFU-Schweiz-muss-sich-an-Klimaerwaermung-anpassen-mq-management-u-qualitaet.jpg\",\"datePublished\":\"2017-08-29T13:18:09+00:00\",\"dateModified\":\"2022-02-09T10:06:55+00:00\",\"description\":\"Die Schweiz muss sich an die Klimaerw\u00e4rmung anpassen, k\u00f6nnte die dringende Forderung des Bundesamts f\u00fcr Umwelt BAFU zusammengefasst werden.\",\"breadcrumb\":{\"@id\":\"https:\\\/\\\/www.organisator.ch\\\/sustainability\\\/2017-08-29\\\/bafu-schweiz-muss-sich-an-klimaerwaermung-anpassen\\\/#breadcrumb\"},\"inLanguage\":\"fr-FR\",\"potentialAction\":[{\"@type\":\"ReadAction\",\"target\":[\"https:\\\/\\\/www.organisator.ch\\\/sustainability\\\/2017-08-29\\\/bafu-schweiz-muss-sich-an-klimaerwaermung-anpassen\\\/\"]}]},{\"@type\":\"ImageObject\",\"inLanguage\":\"fr-FR\",\"@id\":\"https:\\\/\\\/www.organisator.ch\\\/sustainability\\\/2017-08-29\\\/bafu-schweiz-muss-sich-an-klimaerwaermung-anpassen\\\/#primaryimage\",\"url\":\"https:\\\/\\\/www.organisator.ch\\\/wp-content\\\/uploads\\\/2017\\\/08\\\/BAFU-Schweiz-muss-sich-an-Klimaerwaermung-anpassen-mq-management-u-qualitaet.jpg\",\"contentUrl\":\"https:\\\/\\\/www.organisator.ch\\\/wp-content\\\/uploads\\\/2017\\\/08\\\/BAFU-Schweiz-muss-sich-an-Klimaerwaermung-anpassen-mq-management-u-qualitaet.jpg\",\"width\":855,\"height\":580,\"caption\":\"Die Folgen sind bereits sp\u00fcrbar: In den St\u00e4dten entstehen W\u00e4rmeinseln, in den Alpen werden H\u00e4nge instabiler. (Bild: planat.ch)\"},{\"@type\":\"BreadcrumbList\",\"@id\":\"https:\\\/\\\/www.organisator.ch\\\/sustainability\\\/2017-08-29\\\/bafu-schweiz-muss-sich-an-klimaerwaermung-anpassen\\\/#breadcrumb\",\"itemListElement\":[{\"@type\":\"ListItem\",\"position\":1,\"name\":\"Home\",\"item\":\"https:\\\/\\\/www.organisator.ch\\\/\"},{\"@type\":\"ListItem\",\"position\":2,\"name\":\"BAFU: Schweiz muss sich an Klimaerw\u00e4rmung anpassen\"}]},{\"@type\":\"WebSite\",\"@id\":\"https:\\\/\\\/www.organisator.ch\\\/#website\",\"url\":\"https:\\\/\\\/www.organisator.ch\\\/\",\"name\":\"Organisator\",\"description\":\"Kompetent. Praxisnah. Der ORGANISATOR bereitet in 10 Ausgaben pro Jahr die wesentlichen Themen f\u00fcr F\u00fchrungskr\u00e4fte von KMU auf.\",\"publisher\":{\"@id\":\"https:\\\/\\\/www.organisator.ch\\\/#organization\"},\"potentialAction\":[{\"@type\":\"SearchAction\",\"target\":{\"@type\":\"EntryPoint\",\"urlTemplate\":\"https:\\\/\\\/www.organisator.ch\\\/?s={search_term_string}\"},\"query-input\":{\"@type\":\"PropertyValueSpecification\",\"valueRequired\":true,\"valueName\":\"search_term_string\"}}],\"inLanguage\":\"fr-FR\"},{\"@type\":\"Organization\",\"@id\":\"https:\\\/\\\/www.organisator.ch\\\/#organization\",\"name\":\"Organisator\",\"url\":\"https:\\\/\\\/www.organisator.ch\\\/\",\"logo\":{\"@type\":\"ImageObject\",\"inLanguage\":\"fr-FR\",\"@id\":\"https:\\\/\\\/www.organisator.ch\\\/#\\\/schema\\\/logo\\\/image\\\/\",\"url\":\"https:\\\/\\\/www.organisator.ch\\\/wp-content\\\/uploads\\\/2022\\\/01\\\/Logo_Organisator_Website.png\",\"contentUrl\":\"https:\\\/\\\/www.organisator.ch\\\/wp-content\\\/uploads\\\/2022\\\/01\\\/Logo_Organisator_Website.png\",\"width\":800,\"height\":77,\"caption\":\"Organisator\"},\"image\":{\"@id\":\"https:\\\/\\\/www.organisator.ch\\\/#\\\/schema\\\/logo\\\/image\\\/\"},\"sameAs\":[\"https:\\\/\\\/www.facebook.com\\\/OrganisatorFachmagazin\",\"https:\\\/\\\/www.linkedin.com\\\/showcase\\\/organisator-das-magazin-fr-kmu\",\"https:\\\/\\\/www.xing.com\\\/news\\\/pages\\\/organisator-ch-695\",\"https:\\\/\\\/www.youtube.com\\\/channel\\\/UCGP2Sq0iWaZwT3BdIAQFYpw\"]},{\"@type\":\"Person\",\"@id\":\"https:\\\/\\\/www.organisator.ch\\\/#\\\/schema\\\/person\\\/134708ca9321c57b0362cceb7948ffbd\",\"name\":\"michael.merz\",\"image\":{\"@type\":\"ImageObject\",\"inLanguage\":\"fr-FR\",\"@id\":\"https:\\\/\\\/secure.gravatar.com\\\/avatar\\\/?s=96&d=mm&r=g\",\"url\":\"https:\\\/\\\/secure.gravatar.com\\\/avatar\\\/?s=96&d=mm&r=g\",\"contentUrl\":\"https:\\\/\\\/secure.gravatar.com\\\/avatar\\\/?s=96&d=mm&r=g\",\"caption\":\"michael.merz\"},\"url\":\"https:\\\/\\\/www.organisator.ch\\\/fr\\\/author\\\/michael-merz\\\/\"}]}<\/script>\n<!-- \/ Yoast SEO plugin. -->","yoast_head_json":{"title":"OFEV : La Suisse doit s'adapter au r\u00e9chauffement climatique - Organisateur","description":"La Suisse doit s'adapter au r\u00e9chauffement climatique, pourrait-on r\u00e9sumer la demande urgente de l'Office f\u00e9d\u00e9ral de l'environnement OFEV.","robots":{"index":"index","follow":"follow","max-snippet":"max-snippet:-1","max-image-preview":"max-image-preview:large","max-video-preview":"max-video-preview:-1"},"canonical":"https:\/\/www.organisator.ch\/fr\/sustainability\/2017-08-29\/bafu-schweiz-muss-sich-an-klimaerwaermung-anpassen\/","og_locale":"fr_FR","og_type":"article","og_title":"BAFU: Schweiz muss sich an Klimaerw\u00e4rmung anpassen - Organisator","og_description":"Die Schweiz muss sich an die Klimaerw\u00e4rmung anpassen, k\u00f6nnte die dringende Forderung des Bundesamts f\u00fcr Umwelt BAFU zusammengefasst werden.","og_url":"https:\/\/www.organisator.ch\/fr\/sustainability\/2017-08-29\/bafu-schweiz-muss-sich-an-klimaerwaermung-anpassen\/","og_site_name":"Organisator","article_publisher":"https:\/\/www.facebook.com\/OrganisatorFachmagazin","article_published_time":"2017-08-29T13:18:09+00:00","article_modified_time":"2022-02-09T10:06:55+00:00","og_image":[{"width":855,"height":580,"url":"https:\/\/www.organisator.ch\/wp-content\/uploads\/2017\/08\/BAFU-Schweiz-muss-sich-an-Klimaerwaermung-anpassen-mq-management-u-qualitaet.jpg","type":"image\/jpeg"}],"author":"michael.merz","twitter_card":"summary_large_image","schema":{"@context":"https:\/\/schema.org","@graph":[{"@type":"Article","@id":"https:\/\/www.organisator.ch\/sustainability\/2017-08-29\/bafu-schweiz-muss-sich-an-klimaerwaermung-anpassen\/#article","isPartOf":{"@id":"https:\/\/www.organisator.ch\/sustainability\/2017-08-29\/bafu-schweiz-muss-sich-an-klimaerwaermung-anpassen\/"},"author":{"name":"michael.merz","@id":"https:\/\/www.organisator.ch\/#\/schema\/person\/134708ca9321c57b0362cceb7948ffbd"},"headline":"BAFU: Schweiz muss sich an Klimaerw\u00e4rmung anpassen","datePublished":"2017-08-29T13:18:09+00:00","dateModified":"2022-02-09T10:06:55+00:00","mainEntityOfPage":{"@id":"https:\/\/www.organisator.ch\/sustainability\/2017-08-29\/bafu-schweiz-muss-sich-an-klimaerwaermung-anpassen\/"},"wordCount":671,"commentCount":0,"publisher":{"@id":"https:\/\/www.organisator.ch\/#organization"},"image":{"@id":"https:\/\/www.organisator.ch\/sustainability\/2017-08-29\/bafu-schweiz-muss-sich-an-klimaerwaermung-anpassen\/#primaryimage"},"thumbnailUrl":"https:\/\/www.organisator.ch\/wp-content\/uploads\/2017\/08\/BAFU-Schweiz-muss-sich-an-Klimaerwaermung-anpassen-mq-management-u-qualitaet.jpg","keywords":["BAFU","Klimaschutz","Projekte","Schweiz"],"articleSection":["SUSTAINABILITY"],"inLanguage":"fr-FR"},{"@type":"WebPage","@id":"https:\/\/www.organisator.ch\/sustainability\/2017-08-29\/bafu-schweiz-muss-sich-an-klimaerwaermung-anpassen\/","url":"https:\/\/www.organisator.ch\/sustainability\/2017-08-29\/bafu-schweiz-muss-sich-an-klimaerwaermung-anpassen\/","name":"OFEV : La Suisse doit s'adapter au r\u00e9chauffement climatique - Organisateur","isPartOf":{"@id":"https:\/\/www.organisator.ch\/#website"},"primaryImageOfPage":{"@id":"https:\/\/www.organisator.ch\/sustainability\/2017-08-29\/bafu-schweiz-muss-sich-an-klimaerwaermung-anpassen\/#primaryimage"},"image":{"@id":"https:\/\/www.organisator.ch\/sustainability\/2017-08-29\/bafu-schweiz-muss-sich-an-klimaerwaermung-anpassen\/#primaryimage"},"thumbnailUrl":"https:\/\/www.organisator.ch\/wp-content\/uploads\/2017\/08\/BAFU-Schweiz-muss-sich-an-Klimaerwaermung-anpassen-mq-management-u-qualitaet.jpg","datePublished":"2017-08-29T13:18:09+00:00","dateModified":"2022-02-09T10:06:55+00:00","description":"La Suisse doit s'adapter au r\u00e9chauffement climatique, pourrait-on r\u00e9sumer la demande urgente de l'Office f\u00e9d\u00e9ral de l'environnement OFEV.","breadcrumb":{"@id":"https:\/\/www.organisator.ch\/sustainability\/2017-08-29\/bafu-schweiz-muss-sich-an-klimaerwaermung-anpassen\/#breadcrumb"},"inLanguage":"fr-FR","potentialAction":[{"@type":"ReadAction","target":["https:\/\/www.organisator.ch\/sustainability\/2017-08-29\/bafu-schweiz-muss-sich-an-klimaerwaermung-anpassen\/"]}]},{"@type":"ImageObject","inLanguage":"fr-FR","@id":"https:\/\/www.organisator.ch\/sustainability\/2017-08-29\/bafu-schweiz-muss-sich-an-klimaerwaermung-anpassen\/#primaryimage","url":"https:\/\/www.organisator.ch\/wp-content\/uploads\/2017\/08\/BAFU-Schweiz-muss-sich-an-Klimaerwaermung-anpassen-mq-management-u-qualitaet.jpg","contentUrl":"https:\/\/www.organisator.ch\/wp-content\/uploads\/2017\/08\/BAFU-Schweiz-muss-sich-an-Klimaerwaermung-anpassen-mq-management-u-qualitaet.jpg","width":855,"height":580,"caption":"Die Folgen sind bereits sp\u00fcrbar: In den St\u00e4dten entstehen W\u00e4rmeinseln, in den Alpen werden H\u00e4nge instabiler. (Bild: planat.ch)"},{"@type":"BreadcrumbList","@id":"https:\/\/www.organisator.ch\/sustainability\/2017-08-29\/bafu-schweiz-muss-sich-an-klimaerwaermung-anpassen\/#breadcrumb","itemListElement":[{"@type":"ListItem","position":1,"name":"Home","item":"https:\/\/www.organisator.ch\/"},{"@type":"ListItem","position":2,"name":"BAFU: Schweiz muss sich an Klimaerw\u00e4rmung anpassen"}]},{"@type":"WebSite","@id":"https:\/\/www.organisator.ch\/#website","url":"https:\/\/www.organisator.ch\/","name":"Organisateur","description":"Comp\u00e9tence et comp\u00e9tence. Proches de la pratique. L'ORGANISATEUR pr\u00e9pare 10 num\u00e9ros par an sur les th\u00e8mes essentiels pour les dirigeants de PME.","publisher":{"@id":"https:\/\/www.organisator.ch\/#organization"},"potentialAction":[{"@type":"SearchAction","target":{"@type":"EntryPoint","urlTemplate":"https:\/\/www.organisator.ch\/?s={search_term_string}"},"query-input":{"@type":"PropertyValueSpecification","valueRequired":true,"valueName":"search_term_string"}}],"inLanguage":"fr-FR"},{"@type":"Organization","@id":"https:\/\/www.organisator.ch\/#organization","name":"Organisateur","url":"https:\/\/www.organisator.ch\/","logo":{"@type":"ImageObject","inLanguage":"fr-FR","@id":"https:\/\/www.organisator.ch\/#\/schema\/logo\/image\/","url":"https:\/\/www.organisator.ch\/wp-content\/uploads\/2022\/01\/Logo_Organisator_Website.png","contentUrl":"https:\/\/www.organisator.ch\/wp-content\/uploads\/2022\/01\/Logo_Organisator_Website.png","width":800,"height":77,"caption":"Organisator"},"image":{"@id":"https:\/\/www.organisator.ch\/#\/schema\/logo\/image\/"},"sameAs":["https:\/\/www.facebook.com\/OrganisatorFachmagazin","https:\/\/www.linkedin.com\/showcase\/organisator-das-magazin-fr-kmu","https:\/\/www.xing.com\/news\/pages\/organisator-ch-695","https:\/\/www.youtube.com\/channel\/UCGP2Sq0iWaZwT3BdIAQFYpw"]},{"@type":"Person","@id":"https:\/\/www.organisator.ch\/#\/schema\/person\/134708ca9321c57b0362cceb7948ffbd","name":"michael.merz","image":{"@type":"ImageObject","inLanguage":"fr-FR","@id":"https:\/\/secure.gravatar.com\/avatar\/?s=96&d=mm&r=g","url":"https:\/\/secure.gravatar.com\/avatar\/?s=96&d=mm&r=g","contentUrl":"https:\/\/secure.gravatar.com\/avatar\/?s=96&d=mm&r=g","caption":"michael.merz"},"url":"https:\/\/www.organisator.ch\/fr\/author\/michael-merz\/"}]}},"_links":{"self":[{"href":"https:\/\/www.organisator.ch\/fr\/wp-json\/wp\/v2\/posts\/1158","targetHints":{"allow":["GET"]}}],"collection":[{"href":"https:\/\/www.organisator.ch\/fr\/wp-json\/wp\/v2\/posts"}],"about":[{"href":"https:\/\/www.organisator.ch\/fr\/wp-json\/wp\/v2\/types\/post"}],"author":[{"embeddable":true,"href":"https:\/\/www.organisator.ch\/fr\/wp-json\/wp\/v2\/users\/5"}],"replies":[{"embeddable":true,"href":"https:\/\/www.organisator.ch\/fr\/wp-json\/wp\/v2\/comments?post=1158"}],"version-history":[{"count":1,"href":"https:\/\/www.organisator.ch\/fr\/wp-json\/wp\/v2\/posts\/1158\/revisions"}],"predecessor-version":[{"id":10728,"href":"https:\/\/www.organisator.ch\/fr\/wp-json\/wp\/v2\/posts\/1158\/revisions\/10728"}],"wp:featuredmedia":[{"embeddable":true,"href":"https:\/\/www.organisator.ch\/fr\/wp-json\/wp\/v2\/media\/9511"}],"wp:attachment":[{"href":"https:\/\/www.organisator.ch\/fr\/wp-json\/wp\/v2\/media?parent=1158"}],"wp:term":[{"taxonomy":"category","embeddable":true,"href":"https:\/\/www.organisator.ch\/fr\/wp-json\/wp\/v2\/categories?post=1158"},{"taxonomy":"post_tag","embeddable":true,"href":"https:\/\/www.organisator.ch\/fr\/wp-json\/wp\/v2\/tags?post=1158"}],"curies":[{"name":"wp","href":"https:\/\/api.w.org\/{rel}","templated":true}]}}