{"id":1163,"date":"2017-08-31T11:02:11","date_gmt":"2017-08-31T09:02:11","guid":{"rendered":"https:\/\/www.umweltperspektiven.ch\/?p=1163"},"modified":"2017-08-31T11:02:11","modified_gmt":"2017-08-31T09:02:11","slug":"marc-muenster-wird-ceo-der-sanu-ag","status":"publish","type":"post","link":"https:\/\/www.organisator.ch\/fr\/allgemein\/2017-08-31\/marc-muenster-wird-ceo-der-sanu-ag\/","title":{"rendered":"Marc M\u00fcnster devient CEO de sanu ag"},"content":{"rendered":"<figure id=\"attachment_1164\" aria-describedby=\"caption-attachment-1164\" style=\"width: 640px\" class=\"wp-caption alignnone\"><img loading=\"lazy\" decoding=\"async\" class=\"size-full wp-image-1164\" src=\"\/\/www.umweltperspektiven.ch\/wp-content\/uploads\/2017\/08\/Marc-M\u00fcnster-wird-CEO-der-sanu-ag-up-umweltperspektiven-.jpg\" alt=\"\" width=\"640\" height=\"421\" \/><figcaption id=\"caption-attachment-1164\" class=\"wp-caption-text\">Marc M\u00fcnster, nouveau CEO de sanu ag \u00e0 partir du printemps 2018, est g\u00e9ologue et ing\u00e9nieur en environnement de par sa formation de base. (Image : zVg)<\/figcaption><\/figure>\n<p>De par sa formation de base, Marc M\u00fcnster est g\u00e9ologue et ing\u00e9nieur en environnement. Au cours de ses 15 ann\u00e9es d'activit\u00e9 chez sanu, il a suivi des formations continues et s'est engag\u00e9 dans la formation des adultes, la gestion d'entreprise, la gestion de projet et la gestion de la qualit\u00e9. Il est actuellement directeur adjoint et dirige l'une des trois grandes business units.<\/p>\n<p>Marc M\u00fcnster a travaill\u00e9 avec succ\u00e8s dans tous les domaines de sanu sa. Il dispose d'un tr\u00e8s bon r\u00e9seau dans les collectivit\u00e9s, l'\u00e9conomie et la soci\u00e9t\u00e9 civile de Suisse al\u00e9manique et romande, et ses comp\u00e9tences en mati\u00e8re de formation et de conseil sont tr\u00e8s demand\u00e9es sur le march\u00e9.<\/p>\n<p><strong>Passage de t\u00e9moin au conseil d'administration<\/strong><\/p>\n<p>L'actuel CEO et directeur fondateur de sanu, Peter Lehmann, quittera la direction op\u00e9rationnelle de sanu apr\u00e8s 28 ans lors de l'AG 2018. Le conseil d'administration a d\u00e9cid\u00e9, en accord avec les actionnaires, de nommer Peter Lehmann pr\u00e9sident d\u00e9sign\u00e9 du conseil d'administration.<\/p>\n<p>Les mandats g\u00e9r\u00e9s par Peter Lehmann et li\u00e9s \u00e0 sa personne continueront \u00e0 \u00eatre g\u00e9r\u00e9s par lui. De m\u00eame, il restera pour l'instant l'interlocuteur pour les principaux contrats pluriannuels avec sanu sa.<\/p>\n<p>Ernst A. Brugger quittera la pr\u00e9sidence du conseil d'administration de sanu sa lors de l'assembl\u00e9e g\u00e9n\u00e9rale du printemps 2018, apr\u00e8s six ann\u00e9es couronn\u00e9es de succ\u00e8s en tant que pr\u00e9sident du conseil d'administration et apr\u00e8s 12 ans de pr\u00e9sidence de la fondation sanu.<\/p>\n<p>Le conseil d'administration a nouvellement \u00e9lu Monsieur Yves Leuzinger au conseil d'administration de sanu sa. Yves Leuzinger est directeur de la HEPIA (Haute Ecole du paysage, d'ing\u00e9nierie et d'architecture) \u00e0 Gen\u00e8ve. Il dispose d'une exp\u00e9rience pertinente en mati\u00e8re de formation et de conseil dans le domaine de l'environnement et, gr\u00e2ce \u00e0 ses mandats et projets, il conna\u00eet tr\u00e8s bien les domaines de l'\u00e9conomie et de l'innovation, de l'urbanisme et de la politique communale et y travaille en r\u00e9seau.<\/p>\n<p>Le conseil d'administration et la direction se r\u00e9jouissent du rajeunissement du personnel et donc du d\u00e9veloppement au sein du conseil d'administration et de la direction, et pr\u00e9pareront soigneusement le changement de direction au cours des prochains mois. La poursuite des mandats et des projets avec le niveau de qualit\u00e9 \u00e9lev\u00e9 habituel et la poursuite de l'excellente relation de confiance avec les principaux partenaires et clients de sanu sa sont ainsi garanties.<\/p>\n<p><strong>Renouvellements chez sanu<\/strong><\/p>\n<p>Le sanu compte actuellement 24 collaborateurs. Les responsables du sanu sont toujours \u00e0 la recherche de nouvelles m\u00e9thodes et de nouveaux outils pour int\u00e9grer la durabilit\u00e9 dans la strat\u00e9gie et le d\u00e9veloppement des entreprises. Bien entendu, les professionnels et les personnes int\u00e9ress\u00e9es sont \u00e9galement soutenus par le centre de comp\u00e9tences national leader en mati\u00e8re de formation au d\u00e9veloppement durable.<\/p>\n<p>En 2015, sanu sa a pu prendre en charge une grande partie de sa formation environnementale gr\u00e2ce au partenariat red\u00e9fini avec le WWF Suisse. sanu sa forme aujourd'hui environ 4000 personnes par an et conseille une soixantaine de clients commerciaux issus de l'\u00e9conomie, de l'administration et de la soci\u00e9t\u00e9 civile en Suisse al\u00e9manique et en Suisse romande. PERSPECTIVES ENVIRONNEMENT est partenaire m\u00e9dia du r\u00e9seau diversifi\u00e9 de sanu.<\/p>\n<p><em>Comme expression de cette continuit\u00e9 associ\u00e9e \u00e0 de nouvelles perspectives, le sanu pr\u00e9sente maintenant son programme annuel 2017\/18 actualis\u00e9, qui poursuit sa mission avec une foule d'offres de formation et de conseil \u00e9prouv\u00e9es, mais aussi nouvelles et innovantes, dans les domaines de la construction, de la gestion des espaces verts, du tourisme, du sport, de la gestion d'entreprise et de la gestion communautaire. <\/em><\/p>\n<p><em>Vous trouverez d\u00e9sormais l'ensemble du programme et de l'offre de sanu sous une forme encore plus claire sur le site Internet restructur\u00e9 de sanu. <a href=\"\/\/www.sanu.ch\">Plate-forme<\/a>.<\/em><\/p>","protected":false},"excerpt":{"rendered":"<p>Marc M\u00fcnster ist von seiner Grundausbildung her Geologe und Umweltingenieur. In seiner 15-j\u00e4hrigen T\u00e4tigkeit bei sanu hat er in der Erwachsenenbildung, im Unternehmensmanagement, im Projektmanagement und im Qualit\u00e4tsmanagement weitergebildet und im engagiert. Er ist aktuell stellvertretender Direktor und f\u00fchrt eine von drei grossen Businessunits. Marc M\u00fcnster hat in allen Bereichen der sanu ag erfolgreich gearbeitet. [&hellip;]<\/p>\n","protected":false},"author":5,"featured_media":1164,"comment_status":"open","ping_status":"open","sticky":false,"template":"","format":"standard","meta":{"_acf_changed":false,"_yoast_wpseo_focuskw":"Marc M\u00fcnster","_yoast_wpseo_metadesc":"Marc M\u00fcnster wird neuer CEO der sanu ag. M\u00fcnster, vor 15 Jahren zu sanu gestossen, Geologe und Umweltingenieur, wird im Fr\u00fchling 2018 als CEO antreten.","articlekey":"","footnotes":""},"categories":[1],"tags":[1787,381,2049,518],"class_list":["post-1163","post","type-post","status-publish","format-standard","has-post-thumbnail","hentry","category-allgemein","tag-nachhaltigkeit","tag-personalia","tag-sanu","tag-weiterbildung"],"acf":[],"yoast_head":"<!-- This site is optimized with the Yoast SEO plugin v27.5 - https:\/\/yoast.com\/product\/yoast-seo-wordpress\/ -->\n<title>Marc M\u00fcnster wird CEO der sanu ag - Organisator<\/title>\n<meta name=\"description\" content=\"Marc M\u00fcnster wird neuer CEO der sanu ag. M\u00fcnster, vor 15 Jahren zu sanu gestossen, Geologe und Umweltingenieur, wird im Fr\u00fchling 2018 als CEO antreten.\" \/>\n<meta name=\"robots\" content=\"index, follow, max-snippet:-1, max-image-preview:large, max-video-preview:-1\" \/>\n<link rel=\"canonical\" href=\"https:\/\/www.organisator.ch\/fr\/general\/2017-08-31\/marc-muenster-wird-ceo-der-sanu-ag\/\" \/>\n<meta property=\"og:locale\" content=\"fr_FR\" \/>\n<meta property=\"og:type\" content=\"article\" \/>\n<meta property=\"og:title\" content=\"Marc M\u00fcnster wird CEO der sanu ag - Organisator\" \/>\n<meta property=\"og:description\" content=\"Marc M\u00fcnster wird neuer CEO der sanu ag. M\u00fcnster, vor 15 Jahren zu sanu gestossen, Geologe und Umweltingenieur, wird im Fr\u00fchling 2018 als CEO antreten.\" \/>\n<meta property=\"og:url\" content=\"https:\/\/www.organisator.ch\/fr\/general\/2017-08-31\/marc-muenster-wird-ceo-der-sanu-ag\/\" \/>\n<meta property=\"og:site_name\" content=\"Organisator\" \/>\n<meta property=\"article:publisher\" content=\"https:\/\/www.facebook.com\/OrganisatorFachmagazin\" \/>\n<meta property=\"article:published_time\" content=\"2017-08-31T09:02:11+00:00\" \/>\n<meta property=\"og:image\" content=\"https:\/\/www.organisator.ch\/wp-content\/uploads\/2017\/08\/Marc-Muenster-wird-CEO-der-sanu-ag-up-umweltperspektiven-.jpg\" \/>\n\t<meta property=\"og:image:width\" content=\"640\" \/>\n\t<meta property=\"og:image:height\" content=\"421\" \/>\n\t<meta property=\"og:image:type\" content=\"image\/jpeg\" \/>\n<meta name=\"author\" content=\"michael.merz\" \/>\n<meta name=\"twitter:card\" content=\"summary_large_image\" \/>\n<script type=\"application\/ld+json\" class=\"yoast-schema-graph\">{\"@context\":\"https:\\\/\\\/schema.org\",\"@graph\":[{\"@type\":\"Article\",\"@id\":\"https:\\\/\\\/www.organisator.ch\\\/de\\\/allgemein\\\/2017-08-31\\\/marc-muenster-wird-ceo-der-sanu-ag\\\/#article\",\"isPartOf\":{\"@id\":\"https:\\\/\\\/www.organisator.ch\\\/de\\\/allgemein\\\/2017-08-31\\\/marc-muenster-wird-ceo-der-sanu-ag\\\/\"},\"author\":{\"name\":\"michael.merz\",\"@id\":\"https:\\\/\\\/www.organisator.ch\\\/#\\\/schema\\\/person\\\/134708ca9321c57b0362cceb7948ffbd\"},\"headline\":\"Marc M\u00fcnster wird CEO der sanu ag\",\"datePublished\":\"2017-08-31T09:02:11+00:00\",\"mainEntityOfPage\":{\"@id\":\"https:\\\/\\\/www.organisator.ch\\\/de\\\/allgemein\\\/2017-08-31\\\/marc-muenster-wird-ceo-der-sanu-ag\\\/\"},\"wordCount\":538,\"commentCount\":0,\"publisher\":{\"@id\":\"https:\\\/\\\/www.organisator.ch\\\/#organization\"},\"image\":{\"@id\":\"https:\\\/\\\/www.organisator.ch\\\/de\\\/allgemein\\\/2017-08-31\\\/marc-muenster-wird-ceo-der-sanu-ag\\\/#primaryimage\"},\"thumbnailUrl\":\"https:\\\/\\\/www.organisator.ch\\\/wp-content\\\/uploads\\\/2017\\\/08\\\/Marc-Muenster-wird-CEO-der-sanu-ag-up-umweltperspektiven-.jpg\",\"keywords\":[\"Nachhaltigkeit\",\"Personalia\",\"sanu\",\"Weiterbildung\"],\"articleSection\":[\"Allgemein\"],\"inLanguage\":\"fr-FR\"},{\"@type\":\"WebPage\",\"@id\":\"https:\\\/\\\/www.organisator.ch\\\/de\\\/allgemein\\\/2017-08-31\\\/marc-muenster-wird-ceo-der-sanu-ag\\\/\",\"url\":\"https:\\\/\\\/www.organisator.ch\\\/de\\\/allgemein\\\/2017-08-31\\\/marc-muenster-wird-ceo-der-sanu-ag\\\/\",\"name\":\"Marc M\u00fcnster wird CEO der sanu ag - Organisator\",\"isPartOf\":{\"@id\":\"https:\\\/\\\/www.organisator.ch\\\/#website\"},\"primaryImageOfPage\":{\"@id\":\"https:\\\/\\\/www.organisator.ch\\\/de\\\/allgemein\\\/2017-08-31\\\/marc-muenster-wird-ceo-der-sanu-ag\\\/#primaryimage\"},\"image\":{\"@id\":\"https:\\\/\\\/www.organisator.ch\\\/de\\\/allgemein\\\/2017-08-31\\\/marc-muenster-wird-ceo-der-sanu-ag\\\/#primaryimage\"},\"thumbnailUrl\":\"https:\\\/\\\/www.organisator.ch\\\/wp-content\\\/uploads\\\/2017\\\/08\\\/Marc-Muenster-wird-CEO-der-sanu-ag-up-umweltperspektiven-.jpg\",\"datePublished\":\"2017-08-31T09:02:11+00:00\",\"description\":\"Marc M\u00fcnster wird neuer CEO der sanu ag. M\u00fcnster, vor 15 Jahren zu sanu gestossen, Geologe und Umweltingenieur, wird im Fr\u00fchling 2018 als CEO antreten.\",\"breadcrumb\":{\"@id\":\"https:\\\/\\\/www.organisator.ch\\\/de\\\/allgemein\\\/2017-08-31\\\/marc-muenster-wird-ceo-der-sanu-ag\\\/#breadcrumb\"},\"inLanguage\":\"fr-FR\",\"potentialAction\":[{\"@type\":\"ReadAction\",\"target\":[\"https:\\\/\\\/www.organisator.ch\\\/de\\\/allgemein\\\/2017-08-31\\\/marc-muenster-wird-ceo-der-sanu-ag\\\/\"]}]},{\"@type\":\"ImageObject\",\"inLanguage\":\"fr-FR\",\"@id\":\"https:\\\/\\\/www.organisator.ch\\\/de\\\/allgemein\\\/2017-08-31\\\/marc-muenster-wird-ceo-der-sanu-ag\\\/#primaryimage\",\"url\":\"https:\\\/\\\/www.organisator.ch\\\/wp-content\\\/uploads\\\/2017\\\/08\\\/Marc-Muenster-wird-CEO-der-sanu-ag-up-umweltperspektiven-.jpg\",\"contentUrl\":\"https:\\\/\\\/www.organisator.ch\\\/wp-content\\\/uploads\\\/2017\\\/08\\\/Marc-Muenster-wird-CEO-der-sanu-ag-up-umweltperspektiven-.jpg\",\"width\":640,\"height\":421,\"caption\":\"Marc M\u00fcnster, ab Fr\u00fchling 2018 neuer CEO der sanu ag, ist von seiner Grundausbildung her Geologe und Umweltingenieur. (Bild: zVg)\"},{\"@type\":\"BreadcrumbList\",\"@id\":\"https:\\\/\\\/www.organisator.ch\\\/de\\\/allgemein\\\/2017-08-31\\\/marc-muenster-wird-ceo-der-sanu-ag\\\/#breadcrumb\",\"itemListElement\":[{\"@type\":\"ListItem\",\"position\":1,\"name\":\"Home\",\"item\":\"https:\\\/\\\/www.organisator.ch\\\/\"},{\"@type\":\"ListItem\",\"position\":2,\"name\":\"Marc M\u00fcnster wird CEO der sanu ag\"}]},{\"@type\":\"WebSite\",\"@id\":\"https:\\\/\\\/www.organisator.ch\\\/#website\",\"url\":\"https:\\\/\\\/www.organisator.ch\\\/\",\"name\":\"Organisator\",\"description\":\"Kompetent. Praxisnah. Der ORGANISATOR bereitet in 10 Ausgaben pro Jahr die wesentlichen Themen f\u00fcr F\u00fchrungskr\u00e4fte von KMU auf.\",\"publisher\":{\"@id\":\"https:\\\/\\\/www.organisator.ch\\\/#organization\"},\"potentialAction\":[{\"@type\":\"SearchAction\",\"target\":{\"@type\":\"EntryPoint\",\"urlTemplate\":\"https:\\\/\\\/www.organisator.ch\\\/?s={search_term_string}\"},\"query-input\":{\"@type\":\"PropertyValueSpecification\",\"valueRequired\":true,\"valueName\":\"search_term_string\"}}],\"inLanguage\":\"fr-FR\"},{\"@type\":\"Organization\",\"@id\":\"https:\\\/\\\/www.organisator.ch\\\/#organization\",\"name\":\"Organisator\",\"url\":\"https:\\\/\\\/www.organisator.ch\\\/\",\"logo\":{\"@type\":\"ImageObject\",\"inLanguage\":\"fr-FR\",\"@id\":\"https:\\\/\\\/www.organisator.ch\\\/#\\\/schema\\\/logo\\\/image\\\/\",\"url\":\"https:\\\/\\\/www.organisator.ch\\\/wp-content\\\/uploads\\\/2022\\\/01\\\/Logo_Organisator_Website.png\",\"contentUrl\":\"https:\\\/\\\/www.organisator.ch\\\/wp-content\\\/uploads\\\/2022\\\/01\\\/Logo_Organisator_Website.png\",\"width\":800,\"height\":77,\"caption\":\"Organisator\"},\"image\":{\"@id\":\"https:\\\/\\\/www.organisator.ch\\\/#\\\/schema\\\/logo\\\/image\\\/\"},\"sameAs\":[\"https:\\\/\\\/www.facebook.com\\\/OrganisatorFachmagazin\",\"https:\\\/\\\/www.linkedin.com\\\/showcase\\\/organisator-das-magazin-fr-kmu\",\"https:\\\/\\\/www.xing.com\\\/news\\\/pages\\\/organisator-ch-695\",\"https:\\\/\\\/www.youtube.com\\\/channel\\\/UCGP2Sq0iWaZwT3BdIAQFYpw\"]},{\"@type\":\"Person\",\"@id\":\"https:\\\/\\\/www.organisator.ch\\\/#\\\/schema\\\/person\\\/134708ca9321c57b0362cceb7948ffbd\",\"name\":\"michael.merz\",\"image\":{\"@type\":\"ImageObject\",\"inLanguage\":\"fr-FR\",\"@id\":\"https:\\\/\\\/secure.gravatar.com\\\/avatar\\\/?s=96&d=mm&r=g\",\"url\":\"https:\\\/\\\/secure.gravatar.com\\\/avatar\\\/?s=96&d=mm&r=g\",\"contentUrl\":\"https:\\\/\\\/secure.gravatar.com\\\/avatar\\\/?s=96&d=mm&r=g\",\"caption\":\"michael.merz\"},\"url\":\"https:\\\/\\\/www.organisator.ch\\\/fr\\\/author\\\/michael-merz\\\/\"}]}<\/script>\n<!-- \/ Yoast SEO plugin. -->","yoast_head_json":{"title":"Marc M\u00fcnster devient CEO de sanu ag - Organisateur","description":"Marc M\u00fcnster sera le nouveau CEO de sanu ag. M\u00fcnster, qui a rejoint sanu il y a 15 ans, g\u00e9ologue et ing\u00e9nieur en environnement, prendra ses fonctions de CEO au printemps 2018.","robots":{"index":"index","follow":"follow","max-snippet":"max-snippet:-1","max-image-preview":"max-image-preview:large","max-video-preview":"max-video-preview:-1"},"canonical":"https:\/\/www.organisator.ch\/fr\/general\/2017-08-31\/marc-muenster-wird-ceo-der-sanu-ag\/","og_locale":"fr_FR","og_type":"article","og_title":"Marc M\u00fcnster wird CEO der sanu ag - Organisator","og_description":"Marc M\u00fcnster wird neuer CEO der sanu ag. M\u00fcnster, vor 15 Jahren zu sanu gestossen, Geologe und Umweltingenieur, wird im Fr\u00fchling 2018 als CEO antreten.","og_url":"https:\/\/www.organisator.ch\/fr\/general\/2017-08-31\/marc-muenster-wird-ceo-der-sanu-ag\/","og_site_name":"Organisator","article_publisher":"https:\/\/www.facebook.com\/OrganisatorFachmagazin","article_published_time":"2017-08-31T09:02:11+00:00","og_image":[{"width":640,"height":421,"url":"https:\/\/www.organisator.ch\/wp-content\/uploads\/2017\/08\/Marc-Muenster-wird-CEO-der-sanu-ag-up-umweltperspektiven-.jpg","type":"image\/jpeg"}],"author":"michael.merz","twitter_card":"summary_large_image","schema":{"@context":"https:\/\/schema.org","@graph":[{"@type":"Article","@id":"https:\/\/www.organisator.ch\/de\/allgemein\/2017-08-31\/marc-muenster-wird-ceo-der-sanu-ag\/#article","isPartOf":{"@id":"https:\/\/www.organisator.ch\/de\/allgemein\/2017-08-31\/marc-muenster-wird-ceo-der-sanu-ag\/"},"author":{"name":"michael.merz","@id":"https:\/\/www.organisator.ch\/#\/schema\/person\/134708ca9321c57b0362cceb7948ffbd"},"headline":"Marc M\u00fcnster wird CEO der sanu ag","datePublished":"2017-08-31T09:02:11+00:00","mainEntityOfPage":{"@id":"https:\/\/www.organisator.ch\/de\/allgemein\/2017-08-31\/marc-muenster-wird-ceo-der-sanu-ag\/"},"wordCount":538,"commentCount":0,"publisher":{"@id":"https:\/\/www.organisator.ch\/#organization"},"image":{"@id":"https:\/\/www.organisator.ch\/de\/allgemein\/2017-08-31\/marc-muenster-wird-ceo-der-sanu-ag\/#primaryimage"},"thumbnailUrl":"https:\/\/www.organisator.ch\/wp-content\/uploads\/2017\/08\/Marc-Muenster-wird-CEO-der-sanu-ag-up-umweltperspektiven-.jpg","keywords":["Nachhaltigkeit","Personalia","sanu","Weiterbildung"],"articleSection":["Allgemein"],"inLanguage":"fr-FR"},{"@type":"WebPage","@id":"https:\/\/www.organisator.ch\/de\/allgemein\/2017-08-31\/marc-muenster-wird-ceo-der-sanu-ag\/","url":"https:\/\/www.organisator.ch\/de\/allgemein\/2017-08-31\/marc-muenster-wird-ceo-der-sanu-ag\/","name":"Marc M\u00fcnster devient CEO de sanu ag - Organisateur","isPartOf":{"@id":"https:\/\/www.organisator.ch\/#website"},"primaryImageOfPage":{"@id":"https:\/\/www.organisator.ch\/de\/allgemein\/2017-08-31\/marc-muenster-wird-ceo-der-sanu-ag\/#primaryimage"},"image":{"@id":"https:\/\/www.organisator.ch\/de\/allgemein\/2017-08-31\/marc-muenster-wird-ceo-der-sanu-ag\/#primaryimage"},"thumbnailUrl":"https:\/\/www.organisator.ch\/wp-content\/uploads\/2017\/08\/Marc-Muenster-wird-CEO-der-sanu-ag-up-umweltperspektiven-.jpg","datePublished":"2017-08-31T09:02:11+00:00","description":"Marc M\u00fcnster sera le nouveau CEO de sanu ag. M\u00fcnster, qui a rejoint sanu il y a 15 ans, g\u00e9ologue et ing\u00e9nieur en environnement, prendra ses fonctions de CEO au printemps 2018.","breadcrumb":{"@id":"https:\/\/www.organisator.ch\/de\/allgemein\/2017-08-31\/marc-muenster-wird-ceo-der-sanu-ag\/#breadcrumb"},"inLanguage":"fr-FR","potentialAction":[{"@type":"ReadAction","target":["https:\/\/www.organisator.ch\/de\/allgemein\/2017-08-31\/marc-muenster-wird-ceo-der-sanu-ag\/"]}]},{"@type":"ImageObject","inLanguage":"fr-FR","@id":"https:\/\/www.organisator.ch\/de\/allgemein\/2017-08-31\/marc-muenster-wird-ceo-der-sanu-ag\/#primaryimage","url":"https:\/\/www.organisator.ch\/wp-content\/uploads\/2017\/08\/Marc-Muenster-wird-CEO-der-sanu-ag-up-umweltperspektiven-.jpg","contentUrl":"https:\/\/www.organisator.ch\/wp-content\/uploads\/2017\/08\/Marc-Muenster-wird-CEO-der-sanu-ag-up-umweltperspektiven-.jpg","width":640,"height":421,"caption":"Marc M\u00fcnster, ab Fr\u00fchling 2018 neuer CEO der sanu ag, ist von seiner Grundausbildung her Geologe und Umweltingenieur. (Bild: zVg)"},{"@type":"BreadcrumbList","@id":"https:\/\/www.organisator.ch\/de\/allgemein\/2017-08-31\/marc-muenster-wird-ceo-der-sanu-ag\/#breadcrumb","itemListElement":[{"@type":"ListItem","position":1,"name":"Home","item":"https:\/\/www.organisator.ch\/"},{"@type":"ListItem","position":2,"name":"Marc M\u00fcnster wird CEO der sanu ag"}]},{"@type":"WebSite","@id":"https:\/\/www.organisator.ch\/#website","url":"https:\/\/www.organisator.ch\/","name":"Organisateur","description":"Comp\u00e9tence et comp\u00e9tence. Proches de la pratique. L'ORGANISATEUR pr\u00e9pare 10 num\u00e9ros par an sur les th\u00e8mes essentiels pour les dirigeants de PME.","publisher":{"@id":"https:\/\/www.organisator.ch\/#organization"},"potentialAction":[{"@type":"SearchAction","target":{"@type":"EntryPoint","urlTemplate":"https:\/\/www.organisator.ch\/?s={search_term_string}"},"query-input":{"@type":"PropertyValueSpecification","valueRequired":true,"valueName":"search_term_string"}}],"inLanguage":"fr-FR"},{"@type":"Organization","@id":"https:\/\/www.organisator.ch\/#organization","name":"Organisateur","url":"https:\/\/www.organisator.ch\/","logo":{"@type":"ImageObject","inLanguage":"fr-FR","@id":"https:\/\/www.organisator.ch\/#\/schema\/logo\/image\/","url":"https:\/\/www.organisator.ch\/wp-content\/uploads\/2022\/01\/Logo_Organisator_Website.png","contentUrl":"https:\/\/www.organisator.ch\/wp-content\/uploads\/2022\/01\/Logo_Organisator_Website.png","width":800,"height":77,"caption":"Organisator"},"image":{"@id":"https:\/\/www.organisator.ch\/#\/schema\/logo\/image\/"},"sameAs":["https:\/\/www.facebook.com\/OrganisatorFachmagazin","https:\/\/www.linkedin.com\/showcase\/organisator-das-magazin-fr-kmu","https:\/\/www.xing.com\/news\/pages\/organisator-ch-695","https:\/\/www.youtube.com\/channel\/UCGP2Sq0iWaZwT3BdIAQFYpw"]},{"@type":"Person","@id":"https:\/\/www.organisator.ch\/#\/schema\/person\/134708ca9321c57b0362cceb7948ffbd","name":"michael.merz","image":{"@type":"ImageObject","inLanguage":"fr-FR","@id":"https:\/\/secure.gravatar.com\/avatar\/?s=96&d=mm&r=g","url":"https:\/\/secure.gravatar.com\/avatar\/?s=96&d=mm&r=g","contentUrl":"https:\/\/secure.gravatar.com\/avatar\/?s=96&d=mm&r=g","caption":"michael.merz"},"url":"https:\/\/www.organisator.ch\/fr\/author\/michael-merz\/"}]}},"_links":{"self":[{"href":"https:\/\/www.organisator.ch\/fr\/wp-json\/wp\/v2\/posts\/1163","targetHints":{"allow":["GET"]}}],"collection":[{"href":"https:\/\/www.organisator.ch\/fr\/wp-json\/wp\/v2\/posts"}],"about":[{"href":"https:\/\/www.organisator.ch\/fr\/wp-json\/wp\/v2\/types\/post"}],"author":[{"embeddable":true,"href":"https:\/\/www.organisator.ch\/fr\/wp-json\/wp\/v2\/users\/5"}],"replies":[{"embeddable":true,"href":"https:\/\/www.organisator.ch\/fr\/wp-json\/wp\/v2\/comments?post=1163"}],"version-history":[{"count":0,"href":"https:\/\/www.organisator.ch\/fr\/wp-json\/wp\/v2\/posts\/1163\/revisions"}],"wp:featuredmedia":[{"embeddable":true,"href":"https:\/\/www.organisator.ch\/fr\/wp-json\/wp\/v2\/media\/1164"}],"wp:attachment":[{"href":"https:\/\/www.organisator.ch\/fr\/wp-json\/wp\/v2\/media?parent=1163"}],"wp:term":[{"taxonomy":"category","embeddable":true,"href":"https:\/\/www.organisator.ch\/fr\/wp-json\/wp\/v2\/categories?post=1163"},{"taxonomy":"post_tag","embeddable":true,"href":"https:\/\/www.organisator.ch\/fr\/wp-json\/wp\/v2\/tags?post=1163"}],"curies":[{"name":"wp","href":"https:\/\/api.w.org\/{rel}","templated":true}]}}