{"id":11685,"date":"2021-09-03T08:50:08","date_gmt":"2021-09-03T06:50:08","guid":{"rendered":"https:\/\/www.organisator.ch\/?p=8471"},"modified":"2021-09-03T08:50:08","modified_gmt":"2021-09-03T06:50:08","slug":"gelungenes-kmu-swiss-symposium-2021","status":"publish","type":"post","link":"https:\/\/www.organisator.ch\/fr\/allgemein\/2021-09-03\/gelungenes-kmu-swiss-symposium-2021\/","title":{"rendered":"Succ\u00e8s du Symposium PME suisse 2021"},"content":{"rendered":"<figure id=\"attachment_8472\" aria-describedby=\"caption-attachment-8472\" style=\"width: 680px\" class=\"wp-caption alignnone\"><a href=\"https:\/\/www.organisator.ch\/wp-content\/uploads\/2021\/09\/Gelungenes-KMU-Swiss-Symposium-2021-1_Organisator.jpg\"><img loading=\"lazy\" decoding=\"async\" class=\"size-medium wp-image-8472\" src=\"https:\/\/www.organisator.ch\/wp-content\/uploads\/2021\/09\/Gelungenes-KMU-Swiss-Symposium-2021-1_Organisator.jpg\" alt=\"\" width=\"680\" height=\"452\" \/><\/a><figcaption id=\"caption-attachment-8472\" class=\"wp-caption-text\">Le mod\u00e9rateur Michael Sokoll s'entretient avec le conf\u00e9rencier Werner van Gent (\u00e0 droite) lors du KMU Swiss Symposium 2021. (Photo : Thomas Berner)<\/figcaption><\/figure>\n<p>Plusieurs fois report\u00e9, il a finalement eu lieu : Le 2 septembre, quelque 200 invit\u00e9s se sont retrouv\u00e9s dans la salle du campus de la Haute \u00e9cole sp\u00e9cialis\u00e9e du Nord-Ouest de la Suisse \u00e0 Brugg\/Windisch. Il y r\u00e9gnait presque \u00e0 nouveau l'atmosph\u00e8re habituelle des r\u00e9seaux, telle qu'on la connaissait encore \u00e0 l'\u00e9poque \"pr\u00e9-Corona\".<\/p>\n<h2><strong>Pas de d\u00e9cisions id\u00e9ologiques<\/strong><\/h2>\n<p>\"Bouleversement de l'\u00e9conomie et de la soci\u00e9t\u00e9\", tel \u00e9tait le th\u00e8me de la manifestation. Selon le CEO de PME-Suisse, Armin Baumann, ce th\u00e8me a \u00e9t\u00e9 fix\u00e9 d\u00e8s 2019. Personne ne pouvait probablement s'attendre \u00e0 ce qu'il n'ait rien perdu de son actualit\u00e9 jusqu'\u00e0 aujourd'hui, bien au contraire. Dans son discours d'ouverture, Armin Baumann a regrett\u00e9 que l'\u00e9go\u00efsme et le narcissisme aient augment\u00e9. Mais - et c'est le c\u00f4t\u00e9 positif de la pand\u00e9mie - beaucoup d'aide \u00e0 l'entraide a \u00e9galement vu le jour.<\/p>\n<p>Werner van Gent, connu comme correspondant de longue date de la t\u00e9l\u00e9vision suisse pour l'Europe du Sud-Est, a \u00e9t\u00e9 le premier \u00e0 aborder le th\u00e8me du congr\u00e8s. Il a v\u00e9cu de nombreux bouleversements, personnellement ou dans son travail de journaliste. Il observe r\u00e9guli\u00e8rement que les probl\u00e8mes sont tout d'abord ni\u00e9s ou abord\u00e9s avec des strat\u00e9gies de solution du pass\u00e9, m\u00eame si celles-ci \u00e9taient \u00e0 l'origine du probl\u00e8me. Et trop souvent, des id\u00e9ologies ou des croyances sont en jeu. \"Les d\u00e9cisions doivent \u00eatre prises sur la base de connaissances et non d'id\u00e9ologies\", affirme Werner van Gent en plaidant pour des solutions pragmatiques : \"faire ce dont on a besoin\". Cela vaut aussi bien pour les entreprises que pour les probl\u00e8mes globaux comme le changement climatique.<\/p>\n<h2><strong>Num\u00e9risation et communication<\/strong><\/h2>\n<p>Apr\u00e8s ces explications, c'est Daniel Fiechter, CIO de Stobag et enseignant \u00e0 la Haute \u00e9cole sp\u00e9cialis\u00e9e \u00e0 distance suisse, qui s'est pench\u00e9 sur un autre th\u00e8me qui provoque actuellement de nombreux bouleversements - surtout dans l'\u00e9conomie : le changement num\u00e9rique. Concr\u00e8tement, il s'est demand\u00e9 si cela avait pour cons\u00e9quence que, dans les entreprises, les d\u00e9partements informatiques finissent par devenir plus grands que les d\u00e9partements de production. Dans son entreprise, ce n'est pas encore le cas. Mais il n'a pas contest\u00e9 le fait que chaque projet est d\u00e9sormais un projet informatique. Sa recommandation aux entreprises : Ne pas \u00e9laborer de strat\u00e9gie num\u00e9rique s\u00e9par\u00e9e, mais consid\u00e9rer la num\u00e9risation comme une composante \u00e9l\u00e9mentaire de la strat\u00e9gie globale de l'entreprise. \"L'informatique devient une comp\u00e9tence cl\u00e9 pour la mise en \u0153uvre de la strat\u00e9gie\", a d\u00e9clar\u00e9 Fiechter.<\/p>\n<p>L'expos\u00e9 d'Atilla Vuran portait sur la communication et le leadership. Il a montr\u00e9 que la communication \u00e9choue souvent parce que, selon la situation, la r\u00e9ceptivit\u00e9 de l'interlocuteur fait d\u00e9faut ou que la personne qui communique n'est pas autoris\u00e9e \u00e0 le faire. Cela se traduit par les quatre quadrants suivants : \"int\u00e9r\u00eat\" (autorisation faible, r\u00e9ceptivit\u00e9 \u00e9lev\u00e9e), \"ignorance\" (autorisation faible, r\u00e9ceptivit\u00e9 faible), \"domination\" (autorisation \u00e9lev\u00e9e, r\u00e9ceptivit\u00e9 faible) ou \"d\u00e9veloppement\" (autorisation \u00e9lev\u00e9e, r\u00e9ceptivit\u00e9 \u00e9lev\u00e9e). Gr\u00e2ce \u00e0 ce mod\u00e8le, les cadres peuvent \u00e9valuer assez facilement quand et pourquoi la communication fonctionne - ou pas.<\/p>\n<figure id=\"attachment_8473\" aria-describedby=\"caption-attachment-8473\" style=\"width: 680px\" class=\"wp-caption alignnone\"><a href=\"https:\/\/www.organisator.ch\/wp-content\/uploads\/2021\/09\/Gelungenes-KMU-Swiss-Symposium-2021-2_Organisator.jpg\"><img loading=\"lazy\" decoding=\"async\" class=\"size-medium wp-image-8473\" src=\"https:\/\/www.organisator.ch\/wp-content\/uploads\/2021\/09\/Gelungenes-KMU-Swiss-Symposium-2021-2_Organisator.jpg\" alt=\"\" width=\"680\" height=\"453\" \/><\/a><figcaption id=\"caption-attachment-8473\" class=\"wp-caption-text\">Gr\u00e2ce au concept 3G, il n'est plus n\u00e9cessaire de porter un masque : il est enfin possible de r\u00e9seauter en toute d\u00e9contraction. (Photo : Thomas Berner)<\/figcaption><\/figure>\n<p>Britta Pukall, fondatrice, CEO et membre du conseil d'administration de milani design, a ensuite emmen\u00e9 le public \u00e0 la recherche de la libert\u00e9 de pens\u00e9e. Celle-ci est justement une condition importante pour la cr\u00e9ativit\u00e9. Mais trop de connaissances emp\u00eachent les gens d'\u00eatre cr\u00e9atifs. Il est bien plus important d'aspirer \u00e0 la sagesse plut\u00f4t qu'au savoir. Avec la d\u00e9tente et la conscience, elle constitue la source de la cr\u00e9ativit\u00e9.<\/p>\n<p>L'expos\u00e9 de Rolf H\u00e4rdi, CTIO \u00e0 la Deutsche Bahn, portait \u00e0 nouveau sur la num\u00e9risation. Il a expliqu\u00e9 les dimensions que prend la transformation num\u00e9rique d'une grande entreprise comme la DB et les facteurs dont il faut tenir compte. D'un c\u00f4t\u00e9, il y a le souhait d'une Smart Mobility avec des temps d'information toujours plus rapides, de l'autre, une infrastructure avec des cycles de vie longs. Une partie des efforts de num\u00e9risation de la Deutsche Bahn consiste notamment \u00e0 d\u00e9velopper des jumeaux num\u00e9riques, c'est-\u00e0-dire des images num\u00e9riques de l'infrastructure et du mat\u00e9riel roulant, ce qui permet de simuler des processus et d'anticiper la maintenance. C'est aussi un moyen de r\u00e9duire les retards, qui ont contribu\u00e9 \u00e0 la r\u00e9putation plut\u00f4t ternie des chemins de fer en Allemagne.<\/p>\n<h2><strong>D\u00e9veloppement durable au KMU Swiss Symposium 2021<\/strong><\/h2>\n<p>Le dernier bloc d'expos\u00e9s a \u00e9t\u00e9 tenu par Beni Huggel, ancien footballeur du FC B\u00e2le et actuellement expert en football \u00e0 la t\u00e9l\u00e9vision suisse, et Rafael Waber, directeur de SwissShrimp. Beni Huggel a retrac\u00e9 sa carri\u00e8re et, \u00e0 l'aide de nombreuses anecdotes, a donn\u00e9 des exemples de la mani\u00e8re dont il est possible de surmonter des bouleversements importants en adoptant les bonnes attitudes personnelles. Rafael Waber a quant \u00e0 lui plac\u00e9 son expos\u00e9 sous le th\u00e8me \"La conscience influence le mod\u00e8le commercial\". En effet, le mod\u00e8le commercial de SwissShrimp consiste \u00e0 associer plaisir, qualit\u00e9 suisse et durabilit\u00e9. Et PME Swiss a montr\u00e9 que le business durable ne doit pas se limiter \u00e0 la Suisse en remettant un ch\u00e8que de 3000 francs au Business Professionals Network, qui soutient depuis 1999 les petites entreprises dans les pays en d\u00e9veloppement et \u00e9mergents.<\/p>\n<p>S'il y a une conclusion \u00e0 tirer du KMU Swiss Symposium 2021, c'est celle-ci : Les bouleversements nous concernent tous, \u00e0 grande comme \u00e0 petite \u00e9chelle. Il est donc d'autant plus important que les entreprises se mettent en r\u00e9seau et coop\u00e8rent entre elles - et heureusement, apr\u00e8s une longue pause, de tels \u00e9v\u00e9nements offrent \u00e0 nouveau de bonnes occasions de le faire.<\/p>\n<p><em>Plus d'informations sur les prochains \u00e9v\u00e9nements : <a href=\"http:\/\/www.kmuswiss.ch\">www.kmuswiss.ch<\/a><\/em><\/p>","protected":false},"excerpt":{"rendered":"<p>Mehrmals wurde es verschoben, nun endlich durchgef\u00fchrt: Das KMU Swiss Symposium 2021. Am 2. September fanden sich rund 200 G\u00e4ste im Campussaal der Fachhochschule Nordwestschweiz in Brugg\/Windisch ein. Es herrschte fast schon wieder gewohnte Netzwerk-Atmosph\u00e4re, wie man sie noch aus \u00abVor-Corona-Zeiten\u00bb kannte. Keine ideologischen Entscheide \u00abUmbruch in Wirtschaft und Gesellschaft\u00bb hiess das Motto des Anlasses. [&hellip;]<\/p>\n","protected":false},"author":4,"featured_media":11439,"comment_status":"closed","ping_status":"closed","sticky":false,"template":"","format":"standard","meta":{"_acf_changed":false,"_yoast_wpseo_focuskw":"KMU Swiss Symposium 2021","_yoast_wpseo_metadesc":"Vielf\u00e4ltige Referenten, gute Networking-Gelegenheiten: Das KMU Swiss Symposium vom 2. September 2021 im Campussaal Brugg\/Windisch war ein gelungener Anlass.","articlekey":"","footnotes":""},"categories":[1],"tags":[335,468,502,503],"class_list":["post-11685","post","type-post","status-publish","format-standard","has-post-thumbnail","hentry","category-allgemein","tag-management-und-unternehmensfuehrung","tag-tagung","tag-veranstaltungen","tag-verbaende"],"acf":[],"yoast_head":"<!-- This site is optimized with the Yoast SEO plugin v27.5 - https:\/\/yoast.com\/product\/yoast-seo-wordpress\/ -->\n<title>Gelungenes KMU Swiss Symposium 2021 - Organisator<\/title>\n<meta name=\"description\" content=\"Vielf\u00e4ltige Referenten, gute Networking-Gelegenheiten: Das KMU Swiss Symposium vom 2. September 2021 im Campussaal Brugg\/Windisch war ein gelungener Anlass.\" \/>\n<meta name=\"robots\" content=\"index, follow, max-snippet:-1, max-image-preview:large, max-video-preview:-1\" \/>\n<link rel=\"canonical\" href=\"https:\/\/www.organisator.ch\/fr\/general\/2021-09-03\/gelungenes-kmu-swiss-symposium-2021\/\" \/>\n<meta property=\"og:locale\" content=\"fr_FR\" \/>\n<meta property=\"og:type\" content=\"article\" \/>\n<meta property=\"og:title\" content=\"Gelungenes KMU Swiss Symposium 2021\" \/>\n<meta property=\"og:description\" content=\"Vielf\u00e4ltige Referenten, gute Networking-Gelegenheiten: Das KMU Swiss Symposium vom 2. September 2021 im Campussaal Brugg\/Windisch war ein gelungener Anlass.\" \/>\n<meta property=\"og:url\" content=\"https:\/\/www.organisator.ch\/fr\/general\/2021-09-03\/gelungenes-kmu-swiss-symposium-2021\/\" \/>\n<meta property=\"og:site_name\" content=\"Organisator\" \/>\n<meta property=\"article:publisher\" content=\"https:\/\/www.facebook.com\/OrganisatorFachmagazin\" \/>\n<meta property=\"article:published_time\" content=\"2021-09-03T06:50:08+00:00\" \/>\n<meta property=\"og:image\" content=\"https:\/\/www.organisator.ch\/wp-content\/uploads\/2019\/10\/Neue-Duftnoten-am-KMU-Tag-4_Organisator.jpg\" \/>\n\t<meta property=\"og:image:width\" content=\"680\" \/>\n\t<meta property=\"og:image:height\" content=\"393\" \/>\n\t<meta property=\"og:image:type\" content=\"image\/jpeg\" \/>\n<meta name=\"author\" content=\"thomas.berner\" \/>\n<meta name=\"twitter:card\" content=\"summary_large_image\" \/>\n<meta name=\"twitter:title\" content=\"Gelungenes KMU Swiss #Symposium 2021\" \/>\n<meta name=\"twitter:description\" content=\"Vielf\u00e4ltige Referenten, gute #Networking-Gelegenheiten: Das KMU Swiss Symposium vom 2. September 2021 im #Campussaal Brugg\/Windisch war ein gelungener Anlass.\" \/>\n<meta name=\"twitter:image\" content=\"https:\/\/www.organisator.ch\/wp-content\/uploads\/2019\/10\/Neue-Duftnoten-am-KMU-Tag-4_Organisator.jpg\" \/>\n<script type=\"application\/ld+json\" class=\"yoast-schema-graph\">{\"@context\":\"https:\\\/\\\/schema.org\",\"@graph\":[{\"@type\":\"Article\",\"@id\":\"https:\\\/\\\/www.organisator.ch\\\/de\\\/allgemein\\\/2021-09-03\\\/gelungenes-kmu-swiss-symposium-2021\\\/#article\",\"isPartOf\":{\"@id\":\"https:\\\/\\\/www.organisator.ch\\\/de\\\/allgemein\\\/2021-09-03\\\/gelungenes-kmu-swiss-symposium-2021\\\/\"},\"author\":{\"name\":\"thomas.berner\",\"@id\":\"https:\\\/\\\/www.organisator.ch\\\/#\\\/schema\\\/person\\\/6f650f90b2842cd4c0cc334b4e36f67e\"},\"headline\":\"Gelungenes KMU Swiss Symposium 2021\",\"datePublished\":\"2021-09-03T06:50:08+00:00\",\"mainEntityOfPage\":{\"@id\":\"https:\\\/\\\/www.organisator.ch\\\/de\\\/allgemein\\\/2021-09-03\\\/gelungenes-kmu-swiss-symposium-2021\\\/\"},\"wordCount\":851,\"publisher\":{\"@id\":\"https:\\\/\\\/www.organisator.ch\\\/#organization\"},\"image\":{\"@id\":\"https:\\\/\\\/www.organisator.ch\\\/de\\\/allgemein\\\/2021-09-03\\\/gelungenes-kmu-swiss-symposium-2021\\\/#primaryimage\"},\"thumbnailUrl\":\"https:\\\/\\\/www.organisator.ch\\\/wp-content\\\/uploads\\\/2021\\\/09\\\/Gelungenes-KMU-Swiss-Symposium-2021-1_Organisator.jpg\",\"keywords\":[\"Management und Unternehmensf\u00fchrung\",\"Tagung\",\"Veranstaltungen\",\"Verb\u00e4nde\"],\"articleSection\":[\"Allgemein\"],\"inLanguage\":\"fr-FR\"},{\"@type\":\"WebPage\",\"@id\":\"https:\\\/\\\/www.organisator.ch\\\/de\\\/allgemein\\\/2021-09-03\\\/gelungenes-kmu-swiss-symposium-2021\\\/\",\"url\":\"https:\\\/\\\/www.organisator.ch\\\/de\\\/allgemein\\\/2021-09-03\\\/gelungenes-kmu-swiss-symposium-2021\\\/\",\"name\":\"Gelungenes KMU Swiss Symposium 2021 - Organisator\",\"isPartOf\":{\"@id\":\"https:\\\/\\\/www.organisator.ch\\\/#website\"},\"primaryImageOfPage\":{\"@id\":\"https:\\\/\\\/www.organisator.ch\\\/de\\\/allgemein\\\/2021-09-03\\\/gelungenes-kmu-swiss-symposium-2021\\\/#primaryimage\"},\"image\":{\"@id\":\"https:\\\/\\\/www.organisator.ch\\\/de\\\/allgemein\\\/2021-09-03\\\/gelungenes-kmu-swiss-symposium-2021\\\/#primaryimage\"},\"thumbnailUrl\":\"https:\\\/\\\/www.organisator.ch\\\/wp-content\\\/uploads\\\/2021\\\/09\\\/Gelungenes-KMU-Swiss-Symposium-2021-1_Organisator.jpg\",\"datePublished\":\"2021-09-03T06:50:08+00:00\",\"description\":\"Vielf\u00e4ltige Referenten, gute Networking-Gelegenheiten: Das KMU Swiss Symposium vom 2. September 2021 im Campussaal Brugg\\\/Windisch war ein gelungener Anlass.\",\"breadcrumb\":{\"@id\":\"https:\\\/\\\/www.organisator.ch\\\/de\\\/allgemein\\\/2021-09-03\\\/gelungenes-kmu-swiss-symposium-2021\\\/#breadcrumb\"},\"inLanguage\":\"fr-FR\",\"potentialAction\":[{\"@type\":\"ReadAction\",\"target\":[\"https:\\\/\\\/www.organisator.ch\\\/de\\\/allgemein\\\/2021-09-03\\\/gelungenes-kmu-swiss-symposium-2021\\\/\"]}]},{\"@type\":\"ImageObject\",\"inLanguage\":\"fr-FR\",\"@id\":\"https:\\\/\\\/www.organisator.ch\\\/de\\\/allgemein\\\/2021-09-03\\\/gelungenes-kmu-swiss-symposium-2021\\\/#primaryimage\",\"url\":\"https:\\\/\\\/www.organisator.ch\\\/wp-content\\\/uploads\\\/2021\\\/09\\\/Gelungenes-KMU-Swiss-Symposium-2021-1_Organisator.jpg\",\"contentUrl\":\"https:\\\/\\\/www.organisator.ch\\\/wp-content\\\/uploads\\\/2021\\\/09\\\/Gelungenes-KMU-Swiss-Symposium-2021-1_Organisator.jpg\",\"width\":680,\"height\":452,\"caption\":\"Moderator Michael Sokoll unterh\u00e4lt sich am KMU Swiss Symposium 2021 mit Referent Werner van Gent (rechts). (Bild: Thomas Berner)\"},{\"@type\":\"BreadcrumbList\",\"@id\":\"https:\\\/\\\/www.organisator.ch\\\/de\\\/allgemein\\\/2021-09-03\\\/gelungenes-kmu-swiss-symposium-2021\\\/#breadcrumb\",\"itemListElement\":[{\"@type\":\"ListItem\",\"position\":1,\"name\":\"Home\",\"item\":\"https:\\\/\\\/www.organisator.ch\\\/\"},{\"@type\":\"ListItem\",\"position\":2,\"name\":\"Gelungenes KMU Swiss Symposium 2021\"}]},{\"@type\":\"WebSite\",\"@id\":\"https:\\\/\\\/www.organisator.ch\\\/#website\",\"url\":\"https:\\\/\\\/www.organisator.ch\\\/\",\"name\":\"Organisator\",\"description\":\"Kompetent. Praxisnah. Der ORGANISATOR bereitet in 10 Ausgaben pro Jahr die wesentlichen Themen f\u00fcr F\u00fchrungskr\u00e4fte von KMU auf.\",\"publisher\":{\"@id\":\"https:\\\/\\\/www.organisator.ch\\\/#organization\"},\"potentialAction\":[{\"@type\":\"SearchAction\",\"target\":{\"@type\":\"EntryPoint\",\"urlTemplate\":\"https:\\\/\\\/www.organisator.ch\\\/?s={search_term_string}\"},\"query-input\":{\"@type\":\"PropertyValueSpecification\",\"valueRequired\":true,\"valueName\":\"search_term_string\"}}],\"inLanguage\":\"fr-FR\"},{\"@type\":\"Organization\",\"@id\":\"https:\\\/\\\/www.organisator.ch\\\/#organization\",\"name\":\"Organisator\",\"url\":\"https:\\\/\\\/www.organisator.ch\\\/\",\"logo\":{\"@type\":\"ImageObject\",\"inLanguage\":\"fr-FR\",\"@id\":\"https:\\\/\\\/www.organisator.ch\\\/#\\\/schema\\\/logo\\\/image\\\/\",\"url\":\"https:\\\/\\\/www.organisator.ch\\\/wp-content\\\/uploads\\\/2022\\\/01\\\/Logo_Organisator_Website.png\",\"contentUrl\":\"https:\\\/\\\/www.organisator.ch\\\/wp-content\\\/uploads\\\/2022\\\/01\\\/Logo_Organisator_Website.png\",\"width\":800,\"height\":77,\"caption\":\"Organisator\"},\"image\":{\"@id\":\"https:\\\/\\\/www.organisator.ch\\\/#\\\/schema\\\/logo\\\/image\\\/\"},\"sameAs\":[\"https:\\\/\\\/www.facebook.com\\\/OrganisatorFachmagazin\",\"https:\\\/\\\/www.linkedin.com\\\/showcase\\\/organisator-das-magazin-fr-kmu\",\"https:\\\/\\\/www.xing.com\\\/news\\\/pages\\\/organisator-ch-695\",\"https:\\\/\\\/www.youtube.com\\\/channel\\\/UCGP2Sq0iWaZwT3BdIAQFYpw\"]},{\"@type\":\"Person\",\"@id\":\"https:\\\/\\\/www.organisator.ch\\\/#\\\/schema\\\/person\\\/6f650f90b2842cd4c0cc334b4e36f67e\",\"name\":\"thomas.berner\",\"image\":{\"@type\":\"ImageObject\",\"inLanguage\":\"fr-FR\",\"@id\":\"https:\\\/\\\/secure.gravatar.com\\\/avatar\\\/ac5001d2a36cb6c6cd3e50789007ffca834b477b74a2144564522e944eabff61?s=96&d=mm&r=g\",\"url\":\"https:\\\/\\\/secure.gravatar.com\\\/avatar\\\/ac5001d2a36cb6c6cd3e50789007ffca834b477b74a2144564522e944eabff61?s=96&d=mm&r=g\",\"contentUrl\":\"https:\\\/\\\/secure.gravatar.com\\\/avatar\\\/ac5001d2a36cb6c6cd3e50789007ffca834b477b74a2144564522e944eabff61?s=96&d=mm&r=g\",\"caption\":\"thomas.berner\"},\"url\":\"https:\\\/\\\/www.organisator.ch\\\/fr\\\/author\\\/thomas-berner\\\/\"}]}<\/script>\n<!-- \/ Yoast SEO plugin. -->","yoast_head_json":{"title":"Succ\u00e8s du Symposium PME Suisse 2021 - Organisateur","description":"Des intervenants vari\u00e9s, de bonnes occasions de r\u00e9seautage : Le symposium PME Swiss du 2 septembre 2021 \u00e0 la salle du campus de Brugg\/Windisch a \u00e9t\u00e9 une r\u00e9ussite.","robots":{"index":"index","follow":"follow","max-snippet":"max-snippet:-1","max-image-preview":"max-image-preview:large","max-video-preview":"max-video-preview:-1"},"canonical":"https:\/\/www.organisator.ch\/fr\/general\/2021-09-03\/gelungenes-kmu-swiss-symposium-2021\/","og_locale":"fr_FR","og_type":"article","og_title":"Gelungenes KMU Swiss Symposium 2021","og_description":"Vielf\u00e4ltige Referenten, gute Networking-Gelegenheiten: Das KMU Swiss Symposium vom 2. September 2021 im Campussaal Brugg\/Windisch war ein gelungener Anlass.","og_url":"https:\/\/www.organisator.ch\/fr\/general\/2021-09-03\/gelungenes-kmu-swiss-symposium-2021\/","og_site_name":"Organisator","article_publisher":"https:\/\/www.facebook.com\/OrganisatorFachmagazin","article_published_time":"2021-09-03T06:50:08+00:00","og_image":[{"width":680,"height":393,"url":"https:\/\/www.organisator.ch\/wp-content\/uploads\/2019\/10\/Neue-Duftnoten-am-KMU-Tag-4_Organisator.jpg","type":"image\/jpeg"}],"author":"thomas.berner","twitter_card":"summary_large_image","twitter_title":"Gelungenes KMU Swiss #Symposium 2021","twitter_description":"Vielf\u00e4ltige Referenten, gute #Networking-Gelegenheiten: Das KMU Swiss Symposium vom 2. September 2021 im #Campussaal Brugg\/Windisch war ein gelungener Anlass.","twitter_image":"https:\/\/www.organisator.ch\/wp-content\/uploads\/2019\/10\/Neue-Duftnoten-am-KMU-Tag-4_Organisator.jpg","schema":{"@context":"https:\/\/schema.org","@graph":[{"@type":"Article","@id":"https:\/\/www.organisator.ch\/de\/allgemein\/2021-09-03\/gelungenes-kmu-swiss-symposium-2021\/#article","isPartOf":{"@id":"https:\/\/www.organisator.ch\/de\/allgemein\/2021-09-03\/gelungenes-kmu-swiss-symposium-2021\/"},"author":{"name":"thomas.berner","@id":"https:\/\/www.organisator.ch\/#\/schema\/person\/6f650f90b2842cd4c0cc334b4e36f67e"},"headline":"Gelungenes KMU Swiss Symposium 2021","datePublished":"2021-09-03T06:50:08+00:00","mainEntityOfPage":{"@id":"https:\/\/www.organisator.ch\/de\/allgemein\/2021-09-03\/gelungenes-kmu-swiss-symposium-2021\/"},"wordCount":851,"publisher":{"@id":"https:\/\/www.organisator.ch\/#organization"},"image":{"@id":"https:\/\/www.organisator.ch\/de\/allgemein\/2021-09-03\/gelungenes-kmu-swiss-symposium-2021\/#primaryimage"},"thumbnailUrl":"https:\/\/www.organisator.ch\/wp-content\/uploads\/2021\/09\/Gelungenes-KMU-Swiss-Symposium-2021-1_Organisator.jpg","keywords":["Management und Unternehmensf\u00fchrung","Tagung","Veranstaltungen","Verb\u00e4nde"],"articleSection":["Allgemein"],"inLanguage":"fr-FR"},{"@type":"WebPage","@id":"https:\/\/www.organisator.ch\/de\/allgemein\/2021-09-03\/gelungenes-kmu-swiss-symposium-2021\/","url":"https:\/\/www.organisator.ch\/de\/allgemein\/2021-09-03\/gelungenes-kmu-swiss-symposium-2021\/","name":"Succ\u00e8s du Symposium PME Suisse 2021 - Organisateur","isPartOf":{"@id":"https:\/\/www.organisator.ch\/#website"},"primaryImageOfPage":{"@id":"https:\/\/www.organisator.ch\/de\/allgemein\/2021-09-03\/gelungenes-kmu-swiss-symposium-2021\/#primaryimage"},"image":{"@id":"https:\/\/www.organisator.ch\/de\/allgemein\/2021-09-03\/gelungenes-kmu-swiss-symposium-2021\/#primaryimage"},"thumbnailUrl":"https:\/\/www.organisator.ch\/wp-content\/uploads\/2021\/09\/Gelungenes-KMU-Swiss-Symposium-2021-1_Organisator.jpg","datePublished":"2021-09-03T06:50:08+00:00","description":"Des intervenants vari\u00e9s, de bonnes occasions de r\u00e9seautage : Le symposium PME Swiss du 2 septembre 2021 \u00e0 la salle du campus de Brugg\/Windisch a \u00e9t\u00e9 une r\u00e9ussite.","breadcrumb":{"@id":"https:\/\/www.organisator.ch\/de\/allgemein\/2021-09-03\/gelungenes-kmu-swiss-symposium-2021\/#breadcrumb"},"inLanguage":"fr-FR","potentialAction":[{"@type":"ReadAction","target":["https:\/\/www.organisator.ch\/de\/allgemein\/2021-09-03\/gelungenes-kmu-swiss-symposium-2021\/"]}]},{"@type":"ImageObject","inLanguage":"fr-FR","@id":"https:\/\/www.organisator.ch\/de\/allgemein\/2021-09-03\/gelungenes-kmu-swiss-symposium-2021\/#primaryimage","url":"https:\/\/www.organisator.ch\/wp-content\/uploads\/2021\/09\/Gelungenes-KMU-Swiss-Symposium-2021-1_Organisator.jpg","contentUrl":"https:\/\/www.organisator.ch\/wp-content\/uploads\/2021\/09\/Gelungenes-KMU-Swiss-Symposium-2021-1_Organisator.jpg","width":680,"height":452,"caption":"Moderator Michael Sokoll unterh\u00e4lt sich am KMU Swiss Symposium 2021 mit Referent Werner van Gent (rechts). (Bild: Thomas Berner)"},{"@type":"BreadcrumbList","@id":"https:\/\/www.organisator.ch\/de\/allgemein\/2021-09-03\/gelungenes-kmu-swiss-symposium-2021\/#breadcrumb","itemListElement":[{"@type":"ListItem","position":1,"name":"Home","item":"https:\/\/www.organisator.ch\/"},{"@type":"ListItem","position":2,"name":"Gelungenes KMU Swiss Symposium 2021"}]},{"@type":"WebSite","@id":"https:\/\/www.organisator.ch\/#website","url":"https:\/\/www.organisator.ch\/","name":"Organisateur","description":"Comp\u00e9tence et comp\u00e9tence. Proches de la pratique. L'ORGANISATEUR pr\u00e9pare 10 num\u00e9ros par an sur les th\u00e8mes essentiels pour les dirigeants de PME.","publisher":{"@id":"https:\/\/www.organisator.ch\/#organization"},"potentialAction":[{"@type":"SearchAction","target":{"@type":"EntryPoint","urlTemplate":"https:\/\/www.organisator.ch\/?s={search_term_string}"},"query-input":{"@type":"PropertyValueSpecification","valueRequired":true,"valueName":"search_term_string"}}],"inLanguage":"fr-FR"},{"@type":"Organization","@id":"https:\/\/www.organisator.ch\/#organization","name":"Organisateur","url":"https:\/\/www.organisator.ch\/","logo":{"@type":"ImageObject","inLanguage":"fr-FR","@id":"https:\/\/www.organisator.ch\/#\/schema\/logo\/image\/","url":"https:\/\/www.organisator.ch\/wp-content\/uploads\/2022\/01\/Logo_Organisator_Website.png","contentUrl":"https:\/\/www.organisator.ch\/wp-content\/uploads\/2022\/01\/Logo_Organisator_Website.png","width":800,"height":77,"caption":"Organisator"},"image":{"@id":"https:\/\/www.organisator.ch\/#\/schema\/logo\/image\/"},"sameAs":["https:\/\/www.facebook.com\/OrganisatorFachmagazin","https:\/\/www.linkedin.com\/showcase\/organisator-das-magazin-fr-kmu","https:\/\/www.xing.com\/news\/pages\/organisator-ch-695","https:\/\/www.youtube.com\/channel\/UCGP2Sq0iWaZwT3BdIAQFYpw"]},{"@type":"Person","@id":"https:\/\/www.organisator.ch\/#\/schema\/person\/6f650f90b2842cd4c0cc334b4e36f67e","name":"thomas.berner","image":{"@type":"ImageObject","inLanguage":"fr-FR","@id":"https:\/\/secure.gravatar.com\/avatar\/ac5001d2a36cb6c6cd3e50789007ffca834b477b74a2144564522e944eabff61?s=96&d=mm&r=g","url":"https:\/\/secure.gravatar.com\/avatar\/ac5001d2a36cb6c6cd3e50789007ffca834b477b74a2144564522e944eabff61?s=96&d=mm&r=g","contentUrl":"https:\/\/secure.gravatar.com\/avatar\/ac5001d2a36cb6c6cd3e50789007ffca834b477b74a2144564522e944eabff61?s=96&d=mm&r=g","caption":"thomas.berner"},"url":"https:\/\/www.organisator.ch\/fr\/author\/thomas-berner\/"}]}},"_links":{"self":[{"href":"https:\/\/www.organisator.ch\/fr\/wp-json\/wp\/v2\/posts\/11685","targetHints":{"allow":["GET"]}}],"collection":[{"href":"https:\/\/www.organisator.ch\/fr\/wp-json\/wp\/v2\/posts"}],"about":[{"href":"https:\/\/www.organisator.ch\/fr\/wp-json\/wp\/v2\/types\/post"}],"author":[{"embeddable":true,"href":"https:\/\/www.organisator.ch\/fr\/wp-json\/wp\/v2\/users\/4"}],"replies":[{"embeddable":true,"href":"https:\/\/www.organisator.ch\/fr\/wp-json\/wp\/v2\/comments?post=11685"}],"version-history":[{"count":0,"href":"https:\/\/www.organisator.ch\/fr\/wp-json\/wp\/v2\/posts\/11685\/revisions"}],"wp:featuredmedia":[{"embeddable":true,"href":"https:\/\/www.organisator.ch\/fr\/wp-json\/wp\/v2\/media\/11439"}],"wp:attachment":[{"href":"https:\/\/www.organisator.ch\/fr\/wp-json\/wp\/v2\/media?parent=11685"}],"wp:term":[{"taxonomy":"category","embeddable":true,"href":"https:\/\/www.organisator.ch\/fr\/wp-json\/wp\/v2\/categories?post=11685"},{"taxonomy":"post_tag","embeddable":true,"href":"https:\/\/www.organisator.ch\/fr\/wp-json\/wp\/v2\/tags?post=11685"}],"curies":[{"name":"wp","href":"https:\/\/api.w.org\/{rel}","templated":true}]}}