{"id":11689,"date":"2021-09-07T08:57:31","date_gmt":"2021-09-07T06:57:31","guid":{"rendered":"https:\/\/www.organisator.ch\/?p=8486"},"modified":"2021-09-07T08:57:31","modified_gmt":"2021-09-07T06:57:31","slug":"andre-luethi-fordert-mitarbeiter-sollen-zurueck-ins-team-nicht-nur-ins-office","status":"publish","type":"post","link":"https:\/\/www.organisator.ch\/fr\/management\/2021-09-07\/andre-luethi-fordert-mitarbeiter-sollen-zurueck-ins-team-nicht-nur-ins-office\/","title":{"rendered":"Andr\u00e9 L\u00fcthi demande que : Les collaborateurs doivent r\u00e9int\u00e9grer l'\u00e9quipe et pas seulement le bureau"},"content":{"rendered":"<figure id=\"attachment_8487\" aria-describedby=\"caption-attachment-8487\" style=\"width: 680px\" class=\"wp-caption alignnone\"><a href=\"https:\/\/www.organisator.ch\/wp-content\/uploads\/2021\/09\/Andre-Luethi-fordert-Mitarbeiter-sollen-zurueck-ins-Team-nicht-nur-ins-Office_Organisator.jpg\"><img loading=\"lazy\" decoding=\"async\" class=\"size-medium wp-image-8487\" src=\"https:\/\/www.organisator.ch\/wp-content\/uploads\/2021\/09\/Andre-Luethi-fordert-Mitarbeiter-sollen-zurueck-ins-Team-nicht-nur-ins-Office_Organisator.jpg\" alt=\"\" width=\"680\" height=\"454\" \/><\/a><figcaption id=\"caption-attachment-8487\" class=\"wp-caption-text\">De 1992 \u00e0 2012, Andr\u00e9 L\u00fcthi (1960) a \u00e9t\u00e9 directeur de Globetrotter Travel Service. Depuis 2013, il est copropri\u00e9taire et pr\u00e9sident du conseil d'administration de la holding Globetrotter Group qui, avec 13 entreprises et 430 collaborateurs, a r\u00e9alis\u00e9 un chiffre d'affaires de 243 millions en 2019. L\u00fcthi s'est d\u00e9j\u00e0 rendu 49 fois dans sa deuxi\u00e8me patrie, le N\u00e9pal, et 4 fois en Cor\u00e9e du Nord, selon la devise \"voir une fois vaut mieux qu'entendre mille fois\". (Image : ZVG \/ESB Marketing)<\/figcaption><\/figure>\n<p>Le 17 septembre 2021 aura lieu la Swiss Management Run, une plateforme exclusive pour faire du sport et \u00e9changer avec jusqu'\u00e0 250 cadres suisses. En amont de la course, le symposium Fit for Management proposera des conf\u00e9rences et des discussions passionnantes. D'ores et d\u00e9j\u00e0, l'orateur invit\u00e9 Andr\u00e9 L\u00fcthi du Globetrotter Group r\u00e9pond \u00e0 nos questions.<\/p>\n<p><em><strong>Monsieur L\u00fcthi, vous \u00eates vous-m\u00eame consid\u00e9r\u00e9 comme un globe-trotter. Quelle exp\u00e9rience de voyage vous a le plus marqu\u00e9 dans votre activit\u00e9 professionnelle ?<\/strong><\/em><br \/>\nAndr\u00e9 L\u00fcthi : Ce qui m'a marqu\u00e9, c'est de savoir comment se comporter avec les autres. En voyageant, on rencontre d'autres cultures, d'autres religions, d'autres visions du monde - on apprend la tol\u00e9rance et le respect. Dans notre monde du management, je constate souvent des lacunes \u00e0 ce niveau. Nous pr\u00e9f\u00e9rons nous baser sur des listes Excel et oublier le facteur humain. J'ai appris cela en voyageant. L'apprentissage le plus important a toutefois \u00e9t\u00e9 de faire confiance aux gens. Je pense que la t\u00e2che de direction la plus importante est d'avoir la bonne personne \u00e0 la bonne place et de lui accorder de la libert\u00e9. Cela signifie faire confiance<\/p>\n<p><strong><em>Vous dites que les managers devraient voyager plus souvent et quitter leur bureau. Pourquoi ?<\/em><br \/>\n<\/strong>Andr\u00e9 L\u00fcthi : En voyage - et je ne parle pas de vacances sur une chaise longue - on apprend \u00e0 conna\u00eetre ses limites. Beaucoup de choses ne se passent pas comme pr\u00e9vu. Il faut penser et agir avec souplesse. On apprend - par la force des choses - \u00e0 faire confiance aux gens. Car si tu voyages en Inde dans un bus aux freins \"l\u00e9g\u00e8rement cass\u00e9s\", compl\u00e8tement obsol\u00e8te et bond\u00e9, tu devras faire confiance au chauffeur. Le respect des autres et la connaissance de ses propres limites : Ce sont les qualit\u00e9s qui caract\u00e9risent un bon manager.<\/p>\n<p><em><strong>Or, la pand\u00e9mie nous a priv\u00e9s de libert\u00e9 et de mobilit\u00e9 \u00e0 bien des \u00e9gards. Quelles le\u00e7ons tirez-vous de Corona ?<\/strong><\/em><br \/>\nAndr\u00e9 L\u00fcthi : C'est la plus grande crise que le tourisme ait jamais connue dans le monde. Il y a une lumi\u00e8re au bout du tunnel, m\u00eame si ce tunnel est sacr\u00e9ment long. Depuis le 14 mars 2020, j'ai souvent atteint mes limites. Nous savions que notre bateau sortirait de la temp\u00eate avec des d\u00e9g\u00e2ts et des pertes, mais nous savons que nous ne chavirerons pas. Nous avons subi des pertes de 78% en 2020 et avons d\u00fb passer de 450 collaborateurs \u00e0 280 aujourd'hui. Avec mes 13 CEO, nous avons eu de nombreux d\u00e9bats, parfois \u00e9motionnels. Cela nous a tous mis \u00e0 rude \u00e9preuve. Mais comme en voyage, je savais que les choses continueraient d'une mani\u00e8re ou d'une autre. Nous en sommes tous sortis grandis.<\/p>\n<p><em><strong>Quelle a \u00e9t\u00e9 votre bou\u00e9e de sauvetage ? <\/strong><\/em><br \/>\nAndr\u00e9 L\u00fcthi : En Suisse, nous avons eu vraiment de la chance. Quel pays a vers\u00e9 aussi rapidement et sans bureaucratie des aides Covid, vers\u00e9 des indemnit\u00e9s et initi\u00e9 des programmes pour les cas de rigueur ? Quand je vois ce qui se passe actuellement au P\u00e9rou, au Vietnam et Cie, o\u00f9 les gens n'ont rien et ne re\u00e7oivent aucun soutien de l'\u00c9tat, je me dis que nous sommes ici en terre promise. Nous avons la chance d'\u00eatre en Suisse et nous devrions enfin arr\u00eater de nous plaindre et dire merci \u00e0 la Berne f\u00e9d\u00e9rale.<\/p>\n<p><em><strong>Mot-cl\u00e9 : bureau \u00e0 domicile. Comment un manager se comporte-t-il de mani\u00e8re responsable avec ses collaborateurs \u00e0 cette \u00e9poque ?<\/strong><\/em><br \/>\nAndr\u00e9 L\u00fcthi : Hormis les obligations administratives \u00e0 respecter, rien ne peut remplacer le contact personnel. Je suis clairement partisan d'un retour au bureau. Mais pas pour l'office, mais pour les personnes. En tant que manager, il faut cr\u00e9er un environnement dans lequel les collaborateurs reviennent volontiers, \u00e0 savoir l'\u00e9quipe. Bien s\u00fbr, gr\u00e2ce \u00e0 Corona, il existe des possibilit\u00e9s de travail plus flexibles. L\u00e0 o\u00f9 cela a du sens, je suis enti\u00e8rement pour. Mais il doit y avoir un retour aux personnes.<\/p>\n<p><em><strong>Selon vous, \u00e0 quoi ressemblera le \"nouveau normal\" ? Y aura-t-il un retour \u00e0 avant Corona ? Qu'est-ce qui reste, qu'est-ce qui change ?<\/strong><\/em><br \/>\nAndr\u00e9 L\u00fcthi : Avant Corona, nous avions en partie le probl\u00e8me de l'overtourism. Maintenant, c'est le contraire qui s'est produit. Je serais d\u00e9j\u00e0 satisfait s'il y avait un juste milieu. Mon appel est le suivant : voyagez plus consciemment ! Le voyage doit devenir une \u00e9cole de vie, un d\u00e9veloppement personnel. Il ne peut donc pas se faire \u00e0 des prix de dumping. C'est pourquoi il faut abandonner les dix courts s\u00e9jours bon march\u00e9 du week-end au profit de voyages choisis et plus longs, au cours desquels on apprend \u00e0 conna\u00eetre le pays et ses habitants. Les employeurs devraient \u00e9galement \u00eatre plus flexibles dans ce domaine. J'esp\u00e8re qu'apr\u00e8s Corona, les mentalit\u00e9s changeront un peu \u00e0 ce sujet.<\/p>\n<p><em>Plus d'informations sous : <a href=\"https:\/\/www.management-run.ch\/\">https:\/\/www.management-run.ch\/<\/a><\/em><\/p>","protected":false},"excerpt":{"rendered":"<p>Am 17. September 2021 findet der Swiss Management Run statt, eine exklusive Plattform zum Sporttreiben und zum Austausch mit bis zu 250 Schweizer F\u00fchrungskr\u00e4ften. Im Vorfeld des Runs bietet das Symposium Fit for Management spannende Vortr\u00e4ge und Diskussionen. Schon jetzt stellt sich Gastreferent Andr\u00e9 L\u00fcthi von der Globetrotter Group unseren Fragen. Herr L\u00fcthi, Sie selbst [&hellip;]<\/p>\n","protected":false},"author":4,"featured_media":11444,"comment_status":"closed","ping_status":"closed","sticky":false,"template":"","format":"standard","meta":{"_acf_changed":false,"_yoast_wpseo_focuskw":"Andr\u00e9 L\u00fcthi","_yoast_wpseo_metadesc":"Im Interview spricht Andr\u00e9 L\u00fcthi von der Globetrotter Group \u00fcber flexibles Denken, Homeoffice und warum man bei kaputten Bremsen vertrauen sollte.","articlekey":"","footnotes":""},"categories":[28],"tags":[283,335,492],"class_list":["post-11689","post","type-post","status-publish","format-standard","has-post-thumbnail","hentry","category-management","tag-interview","tag-management-und-unternehmensfuehrung","tag-unternehmen"],"acf":[],"yoast_head":"<!-- This site is optimized with the Yoast SEO plugin v27.5 - https:\/\/yoast.com\/product\/yoast-seo-wordpress\/ -->\n<title>Andr\u00e9 L\u00fcthi fordert: Mitarbeiter sollen zur\u00fcck ins Team, nicht nur ins Office - Organisator<\/title>\n<meta name=\"description\" content=\"Im Interview spricht Andr\u00e9 L\u00fcthi von der Globetrotter Group \u00fcber flexibles Denken, Homeoffice und warum man bei kaputten Bremsen vertrauen sollte.\" \/>\n<meta name=\"robots\" content=\"index, follow, max-snippet:-1, max-image-preview:large, max-video-preview:-1\" \/>\n<link rel=\"canonical\" href=\"https:\/\/www.organisator.ch\/fr\/gestion-2\/2021-09-07\/andre-luethi-fordert-mitarbeiter-sollen-zurueck-ins-team-nicht-nur-ins-office\/\" \/>\n<meta property=\"og:locale\" content=\"fr_FR\" \/>\n<meta property=\"og:type\" content=\"article\" \/>\n<meta property=\"og:title\" content=\"Andr\u00e9 L\u00fcthi fordert: Mitarbeiter sollen zur\u00fcck ins Team, nicht nur ins Office\" \/>\n<meta property=\"og:description\" content=\"Im Interview spricht Andr\u00e9 L\u00fcthi von der Globetrotter Group \u00fcber flexibles Denken, Homeoffice und warum man bei kaputten Bremsen vertrauen sollte.\" \/>\n<meta property=\"og:url\" content=\"https:\/\/www.organisator.ch\/fr\/gestion-2\/2021-09-07\/andre-luethi-fordert-mitarbeiter-sollen-zurueck-ins-team-nicht-nur-ins-office\/\" \/>\n<meta property=\"og:site_name\" content=\"Organisator\" \/>\n<meta property=\"article:publisher\" content=\"https:\/\/www.facebook.com\/OrganisatorFachmagazin\" \/>\n<meta property=\"article:published_time\" content=\"2021-09-07T06:57:31+00:00\" \/>\n<meta property=\"og:image\" content=\"https:\/\/www.organisator.ch\/wp-content\/uploads\/2019\/11\/Modernes-Risk-Management-Viele-Unternehmen-erfuellen-Anforderungen-nicht-3_Organisator.jpg\" \/>\n\t<meta property=\"og:image:width\" content=\"680\" \/>\n\t<meta property=\"og:image:height\" content=\"453\" \/>\n\t<meta property=\"og:image:type\" content=\"image\/jpeg\" \/>\n<meta name=\"author\" content=\"thomas.berner\" \/>\n<meta name=\"twitter:card\" content=\"summary_large_image\" \/>\n<meta name=\"twitter:title\" content=\"#Andr\u00e9L\u00fcthi fordert: Mitarbeiter sollen zur\u00fcck ins #Team, nicht nur ins Office\" \/>\n<meta name=\"twitter:description\" content=\"Im Interview spricht #Andr\u00e9L\u00fcthi von der #Globetrotter Group \u00fcber flexibles Denken, Homeoffice und warum man bei kaputten Bremsen vertrauen sollte.\" \/>\n<meta name=\"twitter:image\" content=\"https:\/\/www.organisator.ch\/wp-content\/uploads\/2019\/11\/Modernes-Risk-Management-Viele-Unternehmen-erfuellen-Anforderungen-nicht-3_Organisator.jpg\" \/>\n<script type=\"application\/ld+json\" class=\"yoast-schema-graph\">{\"@context\":\"https:\\\/\\\/schema.org\",\"@graph\":[{\"@type\":\"Article\",\"@id\":\"https:\\\/\\\/www.organisator.ch\\\/management\\\/2021-09-07\\\/andre-luethi-fordert-mitarbeiter-sollen-zurueck-ins-team-nicht-nur-ins-office\\\/#article\",\"isPartOf\":{\"@id\":\"https:\\\/\\\/www.organisator.ch\\\/management\\\/2021-09-07\\\/andre-luethi-fordert-mitarbeiter-sollen-zurueck-ins-team-nicht-nur-ins-office\\\/\"},\"author\":{\"name\":\"thomas.berner\",\"@id\":\"https:\\\/\\\/www.organisator.ch\\\/#\\\/schema\\\/person\\\/6f650f90b2842cd4c0cc334b4e36f67e\"},\"headline\":\"Andr\u00e9 L\u00fcthi fordert: Mitarbeiter sollen zur\u00fcck ins Team, nicht nur ins Office\",\"datePublished\":\"2021-09-07T06:57:31+00:00\",\"mainEntityOfPage\":{\"@id\":\"https:\\\/\\\/www.organisator.ch\\\/management\\\/2021-09-07\\\/andre-luethi-fordert-mitarbeiter-sollen-zurueck-ins-team-nicht-nur-ins-office\\\/\"},\"wordCount\":792,\"publisher\":{\"@id\":\"https:\\\/\\\/www.organisator.ch\\\/#organization\"},\"image\":{\"@id\":\"https:\\\/\\\/www.organisator.ch\\\/management\\\/2021-09-07\\\/andre-luethi-fordert-mitarbeiter-sollen-zurueck-ins-team-nicht-nur-ins-office\\\/#primaryimage\"},\"thumbnailUrl\":\"https:\\\/\\\/www.organisator.ch\\\/wp-content\\\/uploads\\\/2021\\\/09\\\/Andre-Luethi-fordert-Mitarbeiter-sollen-zurueck-ins-Team-nicht-nur-ins-Office_Organisator.jpg\",\"keywords\":[\"Interview\",\"Management und Unternehmensf\u00fchrung\",\"Unternehmen\"],\"articleSection\":[\"MANAGEMENT\"],\"inLanguage\":\"fr-FR\"},{\"@type\":\"WebPage\",\"@id\":\"https:\\\/\\\/www.organisator.ch\\\/management\\\/2021-09-07\\\/andre-luethi-fordert-mitarbeiter-sollen-zurueck-ins-team-nicht-nur-ins-office\\\/\",\"url\":\"https:\\\/\\\/www.organisator.ch\\\/management\\\/2021-09-07\\\/andre-luethi-fordert-mitarbeiter-sollen-zurueck-ins-team-nicht-nur-ins-office\\\/\",\"name\":\"Andr\u00e9 L\u00fcthi fordert: Mitarbeiter sollen zur\u00fcck ins Team, nicht nur ins Office - Organisator\",\"isPartOf\":{\"@id\":\"https:\\\/\\\/www.organisator.ch\\\/#website\"},\"primaryImageOfPage\":{\"@id\":\"https:\\\/\\\/www.organisator.ch\\\/management\\\/2021-09-07\\\/andre-luethi-fordert-mitarbeiter-sollen-zurueck-ins-team-nicht-nur-ins-office\\\/#primaryimage\"},\"image\":{\"@id\":\"https:\\\/\\\/www.organisator.ch\\\/management\\\/2021-09-07\\\/andre-luethi-fordert-mitarbeiter-sollen-zurueck-ins-team-nicht-nur-ins-office\\\/#primaryimage\"},\"thumbnailUrl\":\"https:\\\/\\\/www.organisator.ch\\\/wp-content\\\/uploads\\\/2021\\\/09\\\/Andre-Luethi-fordert-Mitarbeiter-sollen-zurueck-ins-Team-nicht-nur-ins-Office_Organisator.jpg\",\"datePublished\":\"2021-09-07T06:57:31+00:00\",\"description\":\"Im Interview spricht Andr\u00e9 L\u00fcthi von der Globetrotter Group \u00fcber flexibles Denken, Homeoffice und warum man bei kaputten Bremsen vertrauen sollte.\",\"breadcrumb\":{\"@id\":\"https:\\\/\\\/www.organisator.ch\\\/management\\\/2021-09-07\\\/andre-luethi-fordert-mitarbeiter-sollen-zurueck-ins-team-nicht-nur-ins-office\\\/#breadcrumb\"},\"inLanguage\":\"fr-FR\",\"potentialAction\":[{\"@type\":\"ReadAction\",\"target\":[\"https:\\\/\\\/www.organisator.ch\\\/management\\\/2021-09-07\\\/andre-luethi-fordert-mitarbeiter-sollen-zurueck-ins-team-nicht-nur-ins-office\\\/\"]}]},{\"@type\":\"ImageObject\",\"inLanguage\":\"fr-FR\",\"@id\":\"https:\\\/\\\/www.organisator.ch\\\/management\\\/2021-09-07\\\/andre-luethi-fordert-mitarbeiter-sollen-zurueck-ins-team-nicht-nur-ins-office\\\/#primaryimage\",\"url\":\"https:\\\/\\\/www.organisator.ch\\\/wp-content\\\/uploads\\\/2021\\\/09\\\/Andre-Luethi-fordert-Mitarbeiter-sollen-zurueck-ins-Team-nicht-nur-ins-Office_Organisator.jpg\",\"contentUrl\":\"https:\\\/\\\/www.organisator.ch\\\/wp-content\\\/uploads\\\/2021\\\/09\\\/Andre-Luethi-fordert-Mitarbeiter-sollen-zurueck-ins-Team-nicht-nur-ins-Office_Organisator.jpg\",\"width\":680,\"height\":454,\"caption\":\"Von 1992 bis 2012 war Andr\u00e9 L\u00fcthi (1960) Gesch\u00e4ftsf\u00fchrer des Globetrotter Travel Service. Seit 2013 ist er Mitbesitzer und Verwaltungsratspr\u00e4sident der Holding Globetrotter Group die mit 13 Unternehmen und 430 Mitarbeitenden 243 Mio. Umsatz im Jahr 2019 erwirtschaftete. L\u00fcthi war mittlerweile 49 Mal in seiner zweiten Heimat Nepal und auch schon 4 mal in Nordkorea \u2013 nach dem Motto, \u00abeinmal sehen ist besser als tausend Mal h\u00f6ren\u00bb. (Bild: ZVG \\\/ESB Marketing)\"},{\"@type\":\"BreadcrumbList\",\"@id\":\"https:\\\/\\\/www.organisator.ch\\\/management\\\/2021-09-07\\\/andre-luethi-fordert-mitarbeiter-sollen-zurueck-ins-team-nicht-nur-ins-office\\\/#breadcrumb\",\"itemListElement\":[{\"@type\":\"ListItem\",\"position\":1,\"name\":\"Home\",\"item\":\"https:\\\/\\\/www.organisator.ch\\\/\"},{\"@type\":\"ListItem\",\"position\":2,\"name\":\"Andr\u00e9 L\u00fcthi fordert: Mitarbeiter sollen zur\u00fcck ins Team, nicht nur ins Office\"}]},{\"@type\":\"WebSite\",\"@id\":\"https:\\\/\\\/www.organisator.ch\\\/#website\",\"url\":\"https:\\\/\\\/www.organisator.ch\\\/\",\"name\":\"Organisator\",\"description\":\"Kompetent. Praxisnah. Der ORGANISATOR bereitet in 10 Ausgaben pro Jahr die wesentlichen Themen f\u00fcr F\u00fchrungskr\u00e4fte von KMU auf.\",\"publisher\":{\"@id\":\"https:\\\/\\\/www.organisator.ch\\\/#organization\"},\"potentialAction\":[{\"@type\":\"SearchAction\",\"target\":{\"@type\":\"EntryPoint\",\"urlTemplate\":\"https:\\\/\\\/www.organisator.ch\\\/?s={search_term_string}\"},\"query-input\":{\"@type\":\"PropertyValueSpecification\",\"valueRequired\":true,\"valueName\":\"search_term_string\"}}],\"inLanguage\":\"fr-FR\"},{\"@type\":\"Organization\",\"@id\":\"https:\\\/\\\/www.organisator.ch\\\/#organization\",\"name\":\"Organisator\",\"url\":\"https:\\\/\\\/www.organisator.ch\\\/\",\"logo\":{\"@type\":\"ImageObject\",\"inLanguage\":\"fr-FR\",\"@id\":\"https:\\\/\\\/www.organisator.ch\\\/#\\\/schema\\\/logo\\\/image\\\/\",\"url\":\"https:\\\/\\\/www.organisator.ch\\\/wp-content\\\/uploads\\\/2022\\\/01\\\/Logo_Organisator_Website.png\",\"contentUrl\":\"https:\\\/\\\/www.organisator.ch\\\/wp-content\\\/uploads\\\/2022\\\/01\\\/Logo_Organisator_Website.png\",\"width\":800,\"height\":77,\"caption\":\"Organisator\"},\"image\":{\"@id\":\"https:\\\/\\\/www.organisator.ch\\\/#\\\/schema\\\/logo\\\/image\\\/\"},\"sameAs\":[\"https:\\\/\\\/www.facebook.com\\\/OrganisatorFachmagazin\",\"https:\\\/\\\/www.linkedin.com\\\/showcase\\\/organisator-das-magazin-fr-kmu\",\"https:\\\/\\\/www.xing.com\\\/news\\\/pages\\\/organisator-ch-695\",\"https:\\\/\\\/www.youtube.com\\\/channel\\\/UCGP2Sq0iWaZwT3BdIAQFYpw\"]},{\"@type\":\"Person\",\"@id\":\"https:\\\/\\\/www.organisator.ch\\\/#\\\/schema\\\/person\\\/6f650f90b2842cd4c0cc334b4e36f67e\",\"name\":\"thomas.berner\",\"image\":{\"@type\":\"ImageObject\",\"inLanguage\":\"fr-FR\",\"@id\":\"https:\\\/\\\/secure.gravatar.com\\\/avatar\\\/ac5001d2a36cb6c6cd3e50789007ffca834b477b74a2144564522e944eabff61?s=96&d=mm&r=g\",\"url\":\"https:\\\/\\\/secure.gravatar.com\\\/avatar\\\/ac5001d2a36cb6c6cd3e50789007ffca834b477b74a2144564522e944eabff61?s=96&d=mm&r=g\",\"contentUrl\":\"https:\\\/\\\/secure.gravatar.com\\\/avatar\\\/ac5001d2a36cb6c6cd3e50789007ffca834b477b74a2144564522e944eabff61?s=96&d=mm&r=g\",\"caption\":\"thomas.berner\"},\"url\":\"https:\\\/\\\/www.organisator.ch\\\/fr\\\/author\\\/thomas-berner\\\/\"}]}<\/script>\n<!-- \/ Yoast SEO plugin. -->","yoast_head_json":{"title":"Andr\u00e9 L\u00fcthi demande que : Les collaborateurs doivent revenir dans l'\u00e9quipe, pas seulement dans le bureau - Organisateur","description":"Dans l'interview, Andr\u00e9 L\u00fcthi du Globetrotter Group parle de la pens\u00e9e flexible, du bureau \u00e0 domicile et de la raison pour laquelle il faut faire confiance lorsque les freins sont cass\u00e9s.","robots":{"index":"index","follow":"follow","max-snippet":"max-snippet:-1","max-image-preview":"max-image-preview:large","max-video-preview":"max-video-preview:-1"},"canonical":"https:\/\/www.organisator.ch\/fr\/gestion-2\/2021-09-07\/andre-luethi-fordert-mitarbeiter-sollen-zurueck-ins-team-nicht-nur-ins-office\/","og_locale":"fr_FR","og_type":"article","og_title":"Andr\u00e9 L\u00fcthi fordert: Mitarbeiter sollen zur\u00fcck ins Team, nicht nur ins Office","og_description":"Im Interview spricht Andr\u00e9 L\u00fcthi von der Globetrotter Group \u00fcber flexibles Denken, Homeoffice und warum man bei kaputten Bremsen vertrauen sollte.","og_url":"https:\/\/www.organisator.ch\/fr\/gestion-2\/2021-09-07\/andre-luethi-fordert-mitarbeiter-sollen-zurueck-ins-team-nicht-nur-ins-office\/","og_site_name":"Organisator","article_publisher":"https:\/\/www.facebook.com\/OrganisatorFachmagazin","article_published_time":"2021-09-07T06:57:31+00:00","og_image":[{"width":680,"height":453,"url":"https:\/\/www.organisator.ch\/wp-content\/uploads\/2019\/11\/Modernes-Risk-Management-Viele-Unternehmen-erfuellen-Anforderungen-nicht-3_Organisator.jpg","type":"image\/jpeg"}],"author":"thomas.berner","twitter_card":"summary_large_image","twitter_title":"#Andr\u00e9L\u00fcthi fordert: Mitarbeiter sollen zur\u00fcck ins #Team, nicht nur ins Office","twitter_description":"Im Interview spricht #Andr\u00e9L\u00fcthi von der #Globetrotter Group \u00fcber flexibles Denken, Homeoffice und warum man bei kaputten Bremsen vertrauen sollte.","twitter_image":"https:\/\/www.organisator.ch\/wp-content\/uploads\/2019\/11\/Modernes-Risk-Management-Viele-Unternehmen-erfuellen-Anforderungen-nicht-3_Organisator.jpg","schema":{"@context":"https:\/\/schema.org","@graph":[{"@type":"Article","@id":"https:\/\/www.organisator.ch\/management\/2021-09-07\/andre-luethi-fordert-mitarbeiter-sollen-zurueck-ins-team-nicht-nur-ins-office\/#article","isPartOf":{"@id":"https:\/\/www.organisator.ch\/management\/2021-09-07\/andre-luethi-fordert-mitarbeiter-sollen-zurueck-ins-team-nicht-nur-ins-office\/"},"author":{"name":"thomas.berner","@id":"https:\/\/www.organisator.ch\/#\/schema\/person\/6f650f90b2842cd4c0cc334b4e36f67e"},"headline":"Andr\u00e9 L\u00fcthi fordert: Mitarbeiter sollen zur\u00fcck ins Team, nicht nur ins Office","datePublished":"2021-09-07T06:57:31+00:00","mainEntityOfPage":{"@id":"https:\/\/www.organisator.ch\/management\/2021-09-07\/andre-luethi-fordert-mitarbeiter-sollen-zurueck-ins-team-nicht-nur-ins-office\/"},"wordCount":792,"publisher":{"@id":"https:\/\/www.organisator.ch\/#organization"},"image":{"@id":"https:\/\/www.organisator.ch\/management\/2021-09-07\/andre-luethi-fordert-mitarbeiter-sollen-zurueck-ins-team-nicht-nur-ins-office\/#primaryimage"},"thumbnailUrl":"https:\/\/www.organisator.ch\/wp-content\/uploads\/2021\/09\/Andre-Luethi-fordert-Mitarbeiter-sollen-zurueck-ins-Team-nicht-nur-ins-Office_Organisator.jpg","keywords":["Interview","Management und Unternehmensf\u00fchrung","Unternehmen"],"articleSection":["MANAGEMENT"],"inLanguage":"fr-FR"},{"@type":"WebPage","@id":"https:\/\/www.organisator.ch\/management\/2021-09-07\/andre-luethi-fordert-mitarbeiter-sollen-zurueck-ins-team-nicht-nur-ins-office\/","url":"https:\/\/www.organisator.ch\/management\/2021-09-07\/andre-luethi-fordert-mitarbeiter-sollen-zurueck-ins-team-nicht-nur-ins-office\/","name":"Andr\u00e9 L\u00fcthi demande que : Les collaborateurs doivent revenir dans l'\u00e9quipe, pas seulement dans le bureau - Organisateur","isPartOf":{"@id":"https:\/\/www.organisator.ch\/#website"},"primaryImageOfPage":{"@id":"https:\/\/www.organisator.ch\/management\/2021-09-07\/andre-luethi-fordert-mitarbeiter-sollen-zurueck-ins-team-nicht-nur-ins-office\/#primaryimage"},"image":{"@id":"https:\/\/www.organisator.ch\/management\/2021-09-07\/andre-luethi-fordert-mitarbeiter-sollen-zurueck-ins-team-nicht-nur-ins-office\/#primaryimage"},"thumbnailUrl":"https:\/\/www.organisator.ch\/wp-content\/uploads\/2021\/09\/Andre-Luethi-fordert-Mitarbeiter-sollen-zurueck-ins-Team-nicht-nur-ins-Office_Organisator.jpg","datePublished":"2021-09-07T06:57:31+00:00","description":"Dans l'interview, Andr\u00e9 L\u00fcthi du Globetrotter Group parle de la pens\u00e9e flexible, du bureau \u00e0 domicile et de la raison pour laquelle il faut faire confiance lorsque les freins sont cass\u00e9s.","breadcrumb":{"@id":"https:\/\/www.organisator.ch\/management\/2021-09-07\/andre-luethi-fordert-mitarbeiter-sollen-zurueck-ins-team-nicht-nur-ins-office\/#breadcrumb"},"inLanguage":"fr-FR","potentialAction":[{"@type":"ReadAction","target":["https:\/\/www.organisator.ch\/management\/2021-09-07\/andre-luethi-fordert-mitarbeiter-sollen-zurueck-ins-team-nicht-nur-ins-office\/"]}]},{"@type":"ImageObject","inLanguage":"fr-FR","@id":"https:\/\/www.organisator.ch\/management\/2021-09-07\/andre-luethi-fordert-mitarbeiter-sollen-zurueck-ins-team-nicht-nur-ins-office\/#primaryimage","url":"https:\/\/www.organisator.ch\/wp-content\/uploads\/2021\/09\/Andre-Luethi-fordert-Mitarbeiter-sollen-zurueck-ins-Team-nicht-nur-ins-Office_Organisator.jpg","contentUrl":"https:\/\/www.organisator.ch\/wp-content\/uploads\/2021\/09\/Andre-Luethi-fordert-Mitarbeiter-sollen-zurueck-ins-Team-nicht-nur-ins-Office_Organisator.jpg","width":680,"height":454,"caption":"Von 1992 bis 2012 war Andr\u00e9 L\u00fcthi (1960) Gesch\u00e4ftsf\u00fchrer des Globetrotter Travel Service. Seit 2013 ist er Mitbesitzer und Verwaltungsratspr\u00e4sident der Holding Globetrotter Group die mit 13 Unternehmen und 430 Mitarbeitenden 243 Mio. Umsatz im Jahr 2019 erwirtschaftete. L\u00fcthi war mittlerweile 49 Mal in seiner zweiten Heimat Nepal und auch schon 4 mal in Nordkorea \u2013 nach dem Motto, \u00abeinmal sehen ist besser als tausend Mal h\u00f6ren\u00bb. (Bild: ZVG \/ESB Marketing)"},{"@type":"BreadcrumbList","@id":"https:\/\/www.organisator.ch\/management\/2021-09-07\/andre-luethi-fordert-mitarbeiter-sollen-zurueck-ins-team-nicht-nur-ins-office\/#breadcrumb","itemListElement":[{"@type":"ListItem","position":1,"name":"Home","item":"https:\/\/www.organisator.ch\/"},{"@type":"ListItem","position":2,"name":"Andr\u00e9 L\u00fcthi fordert: Mitarbeiter sollen zur\u00fcck ins Team, nicht nur ins Office"}]},{"@type":"WebSite","@id":"https:\/\/www.organisator.ch\/#website","url":"https:\/\/www.organisator.ch\/","name":"Organisateur","description":"Comp\u00e9tence et comp\u00e9tence. Proches de la pratique. L'ORGANISATEUR pr\u00e9pare 10 num\u00e9ros par an sur les th\u00e8mes essentiels pour les dirigeants de PME.","publisher":{"@id":"https:\/\/www.organisator.ch\/#organization"},"potentialAction":[{"@type":"SearchAction","target":{"@type":"EntryPoint","urlTemplate":"https:\/\/www.organisator.ch\/?s={search_term_string}"},"query-input":{"@type":"PropertyValueSpecification","valueRequired":true,"valueName":"search_term_string"}}],"inLanguage":"fr-FR"},{"@type":"Organization","@id":"https:\/\/www.organisator.ch\/#organization","name":"Organisateur","url":"https:\/\/www.organisator.ch\/","logo":{"@type":"ImageObject","inLanguage":"fr-FR","@id":"https:\/\/www.organisator.ch\/#\/schema\/logo\/image\/","url":"https:\/\/www.organisator.ch\/wp-content\/uploads\/2022\/01\/Logo_Organisator_Website.png","contentUrl":"https:\/\/www.organisator.ch\/wp-content\/uploads\/2022\/01\/Logo_Organisator_Website.png","width":800,"height":77,"caption":"Organisator"},"image":{"@id":"https:\/\/www.organisator.ch\/#\/schema\/logo\/image\/"},"sameAs":["https:\/\/www.facebook.com\/OrganisatorFachmagazin","https:\/\/www.linkedin.com\/showcase\/organisator-das-magazin-fr-kmu","https:\/\/www.xing.com\/news\/pages\/organisator-ch-695","https:\/\/www.youtube.com\/channel\/UCGP2Sq0iWaZwT3BdIAQFYpw"]},{"@type":"Person","@id":"https:\/\/www.organisator.ch\/#\/schema\/person\/6f650f90b2842cd4c0cc334b4e36f67e","name":"thomas.berner","image":{"@type":"ImageObject","inLanguage":"fr-FR","@id":"https:\/\/secure.gravatar.com\/avatar\/ac5001d2a36cb6c6cd3e50789007ffca834b477b74a2144564522e944eabff61?s=96&d=mm&r=g","url":"https:\/\/secure.gravatar.com\/avatar\/ac5001d2a36cb6c6cd3e50789007ffca834b477b74a2144564522e944eabff61?s=96&d=mm&r=g","contentUrl":"https:\/\/secure.gravatar.com\/avatar\/ac5001d2a36cb6c6cd3e50789007ffca834b477b74a2144564522e944eabff61?s=96&d=mm&r=g","caption":"thomas.berner"},"url":"https:\/\/www.organisator.ch\/fr\/author\/thomas-berner\/"}]}},"_links":{"self":[{"href":"https:\/\/www.organisator.ch\/fr\/wp-json\/wp\/v2\/posts\/11689","targetHints":{"allow":["GET"]}}],"collection":[{"href":"https:\/\/www.organisator.ch\/fr\/wp-json\/wp\/v2\/posts"}],"about":[{"href":"https:\/\/www.organisator.ch\/fr\/wp-json\/wp\/v2\/types\/post"}],"author":[{"embeddable":true,"href":"https:\/\/www.organisator.ch\/fr\/wp-json\/wp\/v2\/users\/4"}],"replies":[{"embeddable":true,"href":"https:\/\/www.organisator.ch\/fr\/wp-json\/wp\/v2\/comments?post=11689"}],"version-history":[{"count":0,"href":"https:\/\/www.organisator.ch\/fr\/wp-json\/wp\/v2\/posts\/11689\/revisions"}],"wp:featuredmedia":[{"embeddable":true,"href":"https:\/\/www.organisator.ch\/fr\/wp-json\/wp\/v2\/media\/11444"}],"wp:attachment":[{"href":"https:\/\/www.organisator.ch\/fr\/wp-json\/wp\/v2\/media?parent=11689"}],"wp:term":[{"taxonomy":"category","embeddable":true,"href":"https:\/\/www.organisator.ch\/fr\/wp-json\/wp\/v2\/categories?post=11689"},{"taxonomy":"post_tag","embeddable":true,"href":"https:\/\/www.organisator.ch\/fr\/wp-json\/wp\/v2\/tags?post=11689"}],"curies":[{"name":"wp","href":"https:\/\/api.w.org\/{rel}","templated":true}]}}