{"id":11695,"date":"2021-09-13T08:57:43","date_gmt":"2021-09-13T06:57:43","guid":{"rendered":"https:\/\/www.organisator.ch\/?p=8511"},"modified":"2021-09-13T08:57:43","modified_gmt":"2021-09-13T06:57:43","slug":"modehaus-pkz-feiert-140-jahr-jubilaeum","status":"publish","type":"post","link":"https:\/\/www.organisator.ch\/fr\/allgemein\/2021-09-13\/modehaus-pkz-feiert-140-jahr-jubilaeum\/","title":{"rendered":"La maison de couture PKZ f\u00eate ses 140 ans"},"content":{"rendered":"<figure id=\"attachment_8512\" aria-describedby=\"caption-attachment-8512\" style=\"width: 680px\" class=\"wp-caption alignnone\"><a href=\"https:\/\/www.organisator.ch\/wp-content\/uploads\/2021\/09\/Modehaus-PKZ-feiert-140-Jahr-Jubilaeum_Organisator.jpg\"><img loading=\"lazy\" decoding=\"async\" class=\"size-medium wp-image-8512\" src=\"https:\/\/www.organisator.ch\/wp-content\/uploads\/2021\/09\/Modehaus-PKZ-feiert-140-Jahr-Jubilaeum_Organisator.jpg\" alt=\"\" width=\"680\" height=\"680\" \/><\/a><figcaption id=\"caption-attachment-8512\" class=\"wp-caption-text\">La maison de mode PKZ f\u00eate ses 140 ans. Ici, la filiale de la L\u00f6wenplatz \u00e0 Zurich. (Image : PKZ)<\/figcaption><\/figure>\n<p>L'histoire de PKZ est une histoire de famille : avec Maurice Burger, c'est un descendant de la cinqui\u00e8me g\u00e9n\u00e9ration qui si\u00e8ge aujourd'hui au conseil d'administration. Fond\u00e9e en 1881 par Paul Kehl, la CEO Manuela Beer dirige aujourd'hui la plus grande maison de mode ind\u00e9pendante de Suisse vers l'avenir sur le plan op\u00e9rationnel. Au cours des derni\u00e8res ann\u00e9es, PKZ s'est ainsi \u00e9tabli avec succ\u00e8s comme une entreprise omni-canal ; les 40 filiales qui existent d\u00e9sormais dans toute la Suisse sont reli\u00e9es \u00e0 une boutique en ligne en constante expansion. Rien que l'ann\u00e9e derni\u00e8re, le chiffre d'affaires de la boutique en ligne a doubl\u00e9.<\/p>\n<h2>La maison de mode PKZ se concentre sur ses racines<\/h2>\n<p>Lorsque le fondateur Paul Kehl a ouvert la premi\u00e8re fabrique de v\u00eatements \u00e0 Winterthour \u00e0 la fin du 19e si\u00e8cle, il a pos\u00e9 la premi\u00e8re pierre d'une histoire \u00e0 succ\u00e8s. Avec clairvoyance et une bonne dose de courage dans ses bagages, il a d\u00e9m\u00e9nag\u00e9 le magasin \u00e0 Zurich et l'a rebaptis\u00e9 PKZ. Aujourd'hui encore, ses initiales et celles de la ville de la Limmat symbolisent l'esprit d'entreprise qui a toujours caract\u00e9ris\u00e9 PKZ. Jusqu'en 1974, PKZ poss\u00e9dait deux usines et exportait sa prestigieuse collection pour hommes dans toute l'Europe. Entre-temps, la maison de couture - qui vend \u00e9galement de la mode f\u00e9minine depuis 1997 avec le rachat et la consolidation de Feldpausch - se concentre sur ses racines, la Suisse.<\/p>\n<p>Les temps \u00e9conomiques sont difficiles. Pourtant, la maison de mode PKZ nage \u00e0 contre-courant - une strat\u00e9gie qui a fait ses preuves : \"Nous investissons de mani\u00e8re anticyclique, suivons notre propre voie - et le succ\u00e8s nous donne raison\", d\u00e9clare la CEO Manuela Beer. Au printemps, la 40e succursale a \u00e9t\u00e9 ouverte avec le PKZ MEN-Store sur la L\u00f6wenplatz \u00e0 Zurich. D'autres expansions sont en cours de planification. Dans ce contexte, Beer attache surtout de l'importance au caract\u00e8re \u00e9v\u00e9nementiel des magasins. Le large assortiment de marques haut de gamme compl\u00e8te les marques propres Paul Kehl, Paul et Burger, auxquelles s'ajoute la jeune ligne Pauline pour l'ann\u00e9e du jubil\u00e9. Deux collections capsules de Paul Kehl pour hommes et une pour femmes ont \u00e9t\u00e9 cr\u00e9\u00e9es sp\u00e9cialement pour cet anniversaire. Parall\u00e8lement, le secteur de la confection sur mesure, un USP de PKZ, est continuellement d\u00e9velopp\u00e9.<\/p>\n<h2>Campagnes d'artistes et coop\u00e9ration avec la ZHdK<\/h2>\n<p>Ce sont toujours les m\u00eames attributs qui caract\u00e9risent la maison de mode PKZ, selon ses propres dires, m\u00eame apr\u00e8s 140 ans : Innovation et esprit de pionnier. PKZ propose une mode pour chaque occasion - mise en sc\u00e8ne tr\u00e8s t\u00f4t par des top-mod\u00e8les ult\u00e9rieurs comme Patricia Schmid, Sarina Arnold ou David Gandi. M\u00eame l'artiste photographe Rankin, qui conna\u00eet un succ\u00e8s international, a photographi\u00e9 une campagne pour PKZ en 2005. Le fondateur Paul Kehl connaissait d\u00e9j\u00e0 le pouvoir des images. Au fil des ans, PKZ a command\u00e9 plus de 150 sujets d'affiches \u00e0 des artistes renomm\u00e9s comme Karl Bickel, Niklaus Stoecklin ou Emil Cardinaux. Aujourd'hui, les affiches sont consid\u00e9r\u00e9es comme des pi\u00e8ces de collection, atteignent les prix les plus \u00e9lev\u00e9s lors des ventes aux ench\u00e8res et sont m\u00eame accroch\u00e9es au Museum of Modern Art de New York.<\/p>\n<p>La promotion de la rel\u00e8ve tenant particuli\u00e8rement \u00e0 c\u0153ur \u00e0 PKZ, une jeune garde d'artistes est mise \u00e0 contribution \u00e0 l'occasion du jubil\u00e9 : PKZ a charg\u00e9 des \u00e9tudiants de la Z\u00fcrcher Hochschule der K\u00fcnste de cr\u00e9er une campagne autour de son 140e anniversaire. Les affiches, impressions et vid\u00e9os seront r\u00e9compens\u00e9es et pr\u00e9sent\u00e9es lors d'une exposition, et deux T-shirts en \u00e9dition limit\u00e9e seront mis en vente. Les g\u00e9n\u00e9rations futures sont \u00e9galement encourag\u00e9es au sein de l'entreprise. En moyenne, PKZ forme 75 apprentis par an. Des possibilit\u00e9s de formation continue externes garantissent en outre d'excellentes chances de d\u00e9veloppement.<\/p>\n<h2>Une double raison de faire la f\u00eate : des \u00e9v\u00e9nements anniversaires et une strat\u00e9gie durable<\/h2>\n<p>Les clientes et clients peuvent se r\u00e9jouir particuli\u00e8rement de cette ann\u00e9e anniversaire, puisque de nombreuses offres attrayantes les attendent ainsi qu'un Digital Fashion Show de la Toni-Areal, lors duquel les nouvelles tendances de la mode seront pr\u00e9sent\u00e9es le 16 septembre. Le 11 septembre d\u00e9j\u00e0, un ap\u00e9ritif a \u00e9t\u00e9 organis\u00e9 dans toutes les succursales pour f\u00eater l'anniversaire. \"Nous sommes fiers de notre histoire et de ce que PKZ a accompli en 140 ans - nous voulons partager cette joie avec notre client\u00e8le. En m\u00eame temps, nous donnons un aper\u00e7u de ce que l'avenir nous r\u00e9serve\", d\u00e9clare la CEO Manuela Beer. Car cet anniversaire marque aussi le d\u00e9but d'une nouvelle \u00e8re de la mode. PKZ a sp\u00e9cialement engag\u00e9 une experte en durabilit\u00e9 pour soutenir l'entreprise sur la voie d'un avenir plus vert. Dans le cadre des initiatives \"WE CARE\", qui assurent une plus grande transparence en mati\u00e8re de mat\u00e9riaux et de fabrication, des labels durables comme Armedangels, Lanius ou Calida compl\u00e8tent l'offre. Au cours des 140 derni\u00e8res ann\u00e9es, PKZ a fait \u0153uvre de pionnier et a toujours regard\u00e9 vers l'avant - il s'agit maintenant de continuer \u00e0 \u00e9crire l'histoire de son succ\u00e8s.<\/p>\n<p><em>Source et informations compl\u00e9mentaires : <a href=\"http:\/\/www.pkz.ch\">PKZ<\/a>\u00a0<\/em><\/p>","protected":false},"excerpt":{"rendered":"<p>Die Geschichte von PKZ ist eine Familiengeschichte: Mit Maurice Burger sitzt heute ein Nachkomme in f\u00fcnfter Generation im Verwaltungsrat. 1881 von Paul Kehl gegr\u00fcndet, f\u00fchrt CEO Manuela Beer das gr\u00f6sste unabh\u00e4ngige Modehaus der Schweiz heute operativ in die Zukunft. So hat sich PKZ in den vergangenen Jahren erfolgreich als Omni-Channel-Unternehmen etabliert; die inzwischen schweizweit 40 [&hellip;]<\/p>\n","protected":false},"author":4,"featured_media":11453,"comment_status":"closed","ping_status":"closed","sticky":false,"template":"","format":"standard","meta":{"_acf_changed":false,"_yoast_wpseo_focuskw":"Modehaus PKZ","_yoast_wpseo_metadesc":"Vom Herrenkaufhaus zum Omni-Channel-Unternehmen: Das Modehaus PKZ blickt auf eine 140j\u00e4hrige Geschichte zur\u00fcck - aber vor allem auch nach vorn.","articlekey":"","footnotes":""},"categories":[1],"tags":[206,492,508],"class_list":["post-11695","post","type-post","status-publish","format-standard","has-post-thumbnail","hentry","category-allgemein","tag-firmenjubilaeum","tag-unternehmen","tag-vermischtes"],"acf":[],"yoast_head":"<!-- This site is optimized with the Yoast SEO plugin v27.5 - https:\/\/yoast.com\/product\/yoast-seo-wordpress\/ -->\n<title>Modehaus PKZ feiert 140-Jahr-Jubil\u00e4um - Organisator<\/title>\n<meta name=\"description\" content=\"Vom Herrenkaufhaus zum Omni-Channel-Unternehmen: Das Modehaus PKZ blickt auf eine 140j\u00e4hrige Geschichte zur\u00fcck - aber vor allem auch nach vorn.\" \/>\n<meta name=\"robots\" content=\"index, follow, max-snippet:-1, max-image-preview:large, max-video-preview:-1\" \/>\n<link rel=\"canonical\" href=\"https:\/\/www.organisator.ch\/fr\/general\/2021-09-13\/modehaus-pkz-feiert-140-jahr-jubilaeum\/\" \/>\n<meta property=\"og:locale\" content=\"fr_FR\" \/>\n<meta property=\"og:type\" content=\"article\" \/>\n<meta property=\"og:title\" content=\"Modehaus PKZ feiert 140-Jahr-Jubil\u00e4um\" \/>\n<meta property=\"og:description\" content=\"Vom Herrenkaufhaus zum Omni-Channel-Unternehmen: Das Modehaus PKZ blickt auf eine 140j\u00e4hrige Geschichte zur\u00fcck - aber vor allem auch nach vorn.\" \/>\n<meta property=\"og:url\" content=\"https:\/\/www.organisator.ch\/fr\/general\/2021-09-13\/modehaus-pkz-feiert-140-jahr-jubilaeum\/\" \/>\n<meta property=\"og:site_name\" content=\"Organisator\" \/>\n<meta property=\"article:publisher\" content=\"https:\/\/www.facebook.com\/OrganisatorFachmagazin\" \/>\n<meta property=\"article:published_time\" content=\"2021-09-13T06:57:43+00:00\" \/>\n<meta property=\"og:image\" content=\"https:\/\/www.organisator.ch\/wp-content\/uploads\/2019\/11\/Lukas-Moehr_klein.jpg\" \/>\n\t<meta property=\"og:image:width\" content=\"680\" \/>\n\t<meta property=\"og:image:height\" content=\"510\" \/>\n\t<meta property=\"og:image:type\" content=\"image\/jpeg\" \/>\n<meta name=\"author\" content=\"thomas.berner\" \/>\n<meta name=\"twitter:card\" content=\"summary_large_image\" \/>\n<meta name=\"twitter:title\" content=\"#Modehaus #PKZ feiert #140-Jahr-Jubil\u00e4um\" \/>\n<meta name=\"twitter:description\" content=\"Vom #Herrenkaufhaus zum #Omni-Channel-Unternehmen: Das Modehaus #PKZ blickt auf eine 140j\u00e4hrige Geschichte zur\u00fcck - aber vor allem auch nach vorn.\" \/>\n<meta name=\"twitter:image\" content=\"https:\/\/www.organisator.ch\/wp-content\/uploads\/2019\/11\/Lukas-Moehr_klein.jpg\" \/>\n<script type=\"application\/ld+json\" class=\"yoast-schema-graph\">{\"@context\":\"https:\\\/\\\/schema.org\",\"@graph\":[{\"@type\":\"Article\",\"@id\":\"https:\\\/\\\/www.organisator.ch\\\/de\\\/allgemein\\\/2021-09-13\\\/modehaus-pkz-feiert-140-jahr-jubilaeum\\\/#article\",\"isPartOf\":{\"@id\":\"https:\\\/\\\/www.organisator.ch\\\/de\\\/allgemein\\\/2021-09-13\\\/modehaus-pkz-feiert-140-jahr-jubilaeum\\\/\"},\"author\":{\"name\":\"thomas.berner\",\"@id\":\"https:\\\/\\\/www.organisator.ch\\\/#\\\/schema\\\/person\\\/6f650f90b2842cd4c0cc334b4e36f67e\"},\"headline\":\"Modehaus PKZ feiert 140-Jahr-Jubil\u00e4um\",\"datePublished\":\"2021-09-13T06:57:43+00:00\",\"mainEntityOfPage\":{\"@id\":\"https:\\\/\\\/www.organisator.ch\\\/de\\\/allgemein\\\/2021-09-13\\\/modehaus-pkz-feiert-140-jahr-jubilaeum\\\/\"},\"wordCount\":750,\"publisher\":{\"@id\":\"https:\\\/\\\/www.organisator.ch\\\/#organization\"},\"image\":{\"@id\":\"https:\\\/\\\/www.organisator.ch\\\/de\\\/allgemein\\\/2021-09-13\\\/modehaus-pkz-feiert-140-jahr-jubilaeum\\\/#primaryimage\"},\"thumbnailUrl\":\"https:\\\/\\\/www.organisator.ch\\\/wp-content\\\/uploads\\\/2021\\\/09\\\/Modehaus-PKZ-feiert-140-Jahr-Jubilaeum_Organisator.jpg\",\"keywords\":[\"Firmenjubil\u00e4um\",\"Unternehmen\",\"Vermischtes\"],\"articleSection\":[\"Allgemein\"],\"inLanguage\":\"fr-FR\"},{\"@type\":\"WebPage\",\"@id\":\"https:\\\/\\\/www.organisator.ch\\\/de\\\/allgemein\\\/2021-09-13\\\/modehaus-pkz-feiert-140-jahr-jubilaeum\\\/\",\"url\":\"https:\\\/\\\/www.organisator.ch\\\/de\\\/allgemein\\\/2021-09-13\\\/modehaus-pkz-feiert-140-jahr-jubilaeum\\\/\",\"name\":\"Modehaus PKZ feiert 140-Jahr-Jubil\u00e4um - Organisator\",\"isPartOf\":{\"@id\":\"https:\\\/\\\/www.organisator.ch\\\/#website\"},\"primaryImageOfPage\":{\"@id\":\"https:\\\/\\\/www.organisator.ch\\\/de\\\/allgemein\\\/2021-09-13\\\/modehaus-pkz-feiert-140-jahr-jubilaeum\\\/#primaryimage\"},\"image\":{\"@id\":\"https:\\\/\\\/www.organisator.ch\\\/de\\\/allgemein\\\/2021-09-13\\\/modehaus-pkz-feiert-140-jahr-jubilaeum\\\/#primaryimage\"},\"thumbnailUrl\":\"https:\\\/\\\/www.organisator.ch\\\/wp-content\\\/uploads\\\/2021\\\/09\\\/Modehaus-PKZ-feiert-140-Jahr-Jubilaeum_Organisator.jpg\",\"datePublished\":\"2021-09-13T06:57:43+00:00\",\"description\":\"Vom Herrenkaufhaus zum Omni-Channel-Unternehmen: Das Modehaus PKZ blickt auf eine 140j\u00e4hrige Geschichte zur\u00fcck - aber vor allem auch nach vorn.\",\"breadcrumb\":{\"@id\":\"https:\\\/\\\/www.organisator.ch\\\/de\\\/allgemein\\\/2021-09-13\\\/modehaus-pkz-feiert-140-jahr-jubilaeum\\\/#breadcrumb\"},\"inLanguage\":\"fr-FR\",\"potentialAction\":[{\"@type\":\"ReadAction\",\"target\":[\"https:\\\/\\\/www.organisator.ch\\\/de\\\/allgemein\\\/2021-09-13\\\/modehaus-pkz-feiert-140-jahr-jubilaeum\\\/\"]}]},{\"@type\":\"ImageObject\",\"inLanguage\":\"fr-FR\",\"@id\":\"https:\\\/\\\/www.organisator.ch\\\/de\\\/allgemein\\\/2021-09-13\\\/modehaus-pkz-feiert-140-jahr-jubilaeum\\\/#primaryimage\",\"url\":\"https:\\\/\\\/www.organisator.ch\\\/wp-content\\\/uploads\\\/2021\\\/09\\\/Modehaus-PKZ-feiert-140-Jahr-Jubilaeum_Organisator.jpg\",\"contentUrl\":\"https:\\\/\\\/www.organisator.ch\\\/wp-content\\\/uploads\\\/2021\\\/09\\\/Modehaus-PKZ-feiert-140-Jahr-Jubilaeum_Organisator.jpg\",\"width\":680,\"height\":680,\"caption\":\"Das Modehaus PKZ wird 140-j\u00e4hrig. Hier die Filiale L\u00f6wenplatz Z\u00fcrich. (Bild: PKZ)\"},{\"@type\":\"BreadcrumbList\",\"@id\":\"https:\\\/\\\/www.organisator.ch\\\/de\\\/allgemein\\\/2021-09-13\\\/modehaus-pkz-feiert-140-jahr-jubilaeum\\\/#breadcrumb\",\"itemListElement\":[{\"@type\":\"ListItem\",\"position\":1,\"name\":\"Home\",\"item\":\"https:\\\/\\\/www.organisator.ch\\\/\"},{\"@type\":\"ListItem\",\"position\":2,\"name\":\"Modehaus PKZ feiert 140-Jahr-Jubil\u00e4um\"}]},{\"@type\":\"WebSite\",\"@id\":\"https:\\\/\\\/www.organisator.ch\\\/#website\",\"url\":\"https:\\\/\\\/www.organisator.ch\\\/\",\"name\":\"Organisator\",\"description\":\"Kompetent. Praxisnah. Der ORGANISATOR bereitet in 10 Ausgaben pro Jahr die wesentlichen Themen f\u00fcr F\u00fchrungskr\u00e4fte von KMU auf.\",\"publisher\":{\"@id\":\"https:\\\/\\\/www.organisator.ch\\\/#organization\"},\"potentialAction\":[{\"@type\":\"SearchAction\",\"target\":{\"@type\":\"EntryPoint\",\"urlTemplate\":\"https:\\\/\\\/www.organisator.ch\\\/?s={search_term_string}\"},\"query-input\":{\"@type\":\"PropertyValueSpecification\",\"valueRequired\":true,\"valueName\":\"search_term_string\"}}],\"inLanguage\":\"fr-FR\"},{\"@type\":\"Organization\",\"@id\":\"https:\\\/\\\/www.organisator.ch\\\/#organization\",\"name\":\"Organisator\",\"url\":\"https:\\\/\\\/www.organisator.ch\\\/\",\"logo\":{\"@type\":\"ImageObject\",\"inLanguage\":\"fr-FR\",\"@id\":\"https:\\\/\\\/www.organisator.ch\\\/#\\\/schema\\\/logo\\\/image\\\/\",\"url\":\"https:\\\/\\\/www.organisator.ch\\\/wp-content\\\/uploads\\\/2022\\\/01\\\/Logo_Organisator_Website.png\",\"contentUrl\":\"https:\\\/\\\/www.organisator.ch\\\/wp-content\\\/uploads\\\/2022\\\/01\\\/Logo_Organisator_Website.png\",\"width\":800,\"height\":77,\"caption\":\"Organisator\"},\"image\":{\"@id\":\"https:\\\/\\\/www.organisator.ch\\\/#\\\/schema\\\/logo\\\/image\\\/\"},\"sameAs\":[\"https:\\\/\\\/www.facebook.com\\\/OrganisatorFachmagazin\",\"https:\\\/\\\/www.linkedin.com\\\/showcase\\\/organisator-das-magazin-fr-kmu\",\"https:\\\/\\\/www.xing.com\\\/news\\\/pages\\\/organisator-ch-695\",\"https:\\\/\\\/www.youtube.com\\\/channel\\\/UCGP2Sq0iWaZwT3BdIAQFYpw\"]},{\"@type\":\"Person\",\"@id\":\"https:\\\/\\\/www.organisator.ch\\\/#\\\/schema\\\/person\\\/6f650f90b2842cd4c0cc334b4e36f67e\",\"name\":\"thomas.berner\",\"image\":{\"@type\":\"ImageObject\",\"inLanguage\":\"fr-FR\",\"@id\":\"https:\\\/\\\/secure.gravatar.com\\\/avatar\\\/ac5001d2a36cb6c6cd3e50789007ffca834b477b74a2144564522e944eabff61?s=96&d=mm&r=g\",\"url\":\"https:\\\/\\\/secure.gravatar.com\\\/avatar\\\/ac5001d2a36cb6c6cd3e50789007ffca834b477b74a2144564522e944eabff61?s=96&d=mm&r=g\",\"contentUrl\":\"https:\\\/\\\/secure.gravatar.com\\\/avatar\\\/ac5001d2a36cb6c6cd3e50789007ffca834b477b74a2144564522e944eabff61?s=96&d=mm&r=g\",\"caption\":\"thomas.berner\"},\"url\":\"https:\\\/\\\/www.organisator.ch\\\/fr\\\/author\\\/thomas-berner\\\/\"}]}<\/script>\n<!-- \/ Yoast SEO plugin. -->","yoast_head_json":{"title":"La maison de couture PKZ f\u00eate ses 140 ans - Organisateur","description":"Du grand magasin pour hommes \u00e0 l'entreprise omni-canal : La maison de mode PKZ jette un regard sur 140 ans d'histoire - mais aussi et surtout sur l'avenir.","robots":{"index":"index","follow":"follow","max-snippet":"max-snippet:-1","max-image-preview":"max-image-preview:large","max-video-preview":"max-video-preview:-1"},"canonical":"https:\/\/www.organisator.ch\/fr\/general\/2021-09-13\/modehaus-pkz-feiert-140-jahr-jubilaeum\/","og_locale":"fr_FR","og_type":"article","og_title":"Modehaus PKZ feiert 140-Jahr-Jubil\u00e4um","og_description":"Vom Herrenkaufhaus zum Omni-Channel-Unternehmen: Das Modehaus PKZ blickt auf eine 140j\u00e4hrige Geschichte zur\u00fcck - aber vor allem auch nach vorn.","og_url":"https:\/\/www.organisator.ch\/fr\/general\/2021-09-13\/modehaus-pkz-feiert-140-jahr-jubilaeum\/","og_site_name":"Organisator","article_publisher":"https:\/\/www.facebook.com\/OrganisatorFachmagazin","article_published_time":"2021-09-13T06:57:43+00:00","og_image":[{"width":680,"height":510,"url":"https:\/\/www.organisator.ch\/wp-content\/uploads\/2019\/11\/Lukas-Moehr_klein.jpg","type":"image\/jpeg"}],"author":"thomas.berner","twitter_card":"summary_large_image","twitter_title":"#Modehaus #PKZ feiert #140-Jahr-Jubil\u00e4um","twitter_description":"Vom #Herrenkaufhaus zum #Omni-Channel-Unternehmen: Das Modehaus #PKZ blickt auf eine 140j\u00e4hrige Geschichte zur\u00fcck - aber vor allem auch nach vorn.","twitter_image":"https:\/\/www.organisator.ch\/wp-content\/uploads\/2019\/11\/Lukas-Moehr_klein.jpg","schema":{"@context":"https:\/\/schema.org","@graph":[{"@type":"Article","@id":"https:\/\/www.organisator.ch\/de\/allgemein\/2021-09-13\/modehaus-pkz-feiert-140-jahr-jubilaeum\/#article","isPartOf":{"@id":"https:\/\/www.organisator.ch\/de\/allgemein\/2021-09-13\/modehaus-pkz-feiert-140-jahr-jubilaeum\/"},"author":{"name":"thomas.berner","@id":"https:\/\/www.organisator.ch\/#\/schema\/person\/6f650f90b2842cd4c0cc334b4e36f67e"},"headline":"Modehaus PKZ feiert 140-Jahr-Jubil\u00e4um","datePublished":"2021-09-13T06:57:43+00:00","mainEntityOfPage":{"@id":"https:\/\/www.organisator.ch\/de\/allgemein\/2021-09-13\/modehaus-pkz-feiert-140-jahr-jubilaeum\/"},"wordCount":750,"publisher":{"@id":"https:\/\/www.organisator.ch\/#organization"},"image":{"@id":"https:\/\/www.organisator.ch\/de\/allgemein\/2021-09-13\/modehaus-pkz-feiert-140-jahr-jubilaeum\/#primaryimage"},"thumbnailUrl":"https:\/\/www.organisator.ch\/wp-content\/uploads\/2021\/09\/Modehaus-PKZ-feiert-140-Jahr-Jubilaeum_Organisator.jpg","keywords":["Firmenjubil\u00e4um","Unternehmen","Vermischtes"],"articleSection":["Allgemein"],"inLanguage":"fr-FR"},{"@type":"WebPage","@id":"https:\/\/www.organisator.ch\/de\/allgemein\/2021-09-13\/modehaus-pkz-feiert-140-jahr-jubilaeum\/","url":"https:\/\/www.organisator.ch\/de\/allgemein\/2021-09-13\/modehaus-pkz-feiert-140-jahr-jubilaeum\/","name":"La maison de couture PKZ f\u00eate ses 140 ans - Organisateur","isPartOf":{"@id":"https:\/\/www.organisator.ch\/#website"},"primaryImageOfPage":{"@id":"https:\/\/www.organisator.ch\/de\/allgemein\/2021-09-13\/modehaus-pkz-feiert-140-jahr-jubilaeum\/#primaryimage"},"image":{"@id":"https:\/\/www.organisator.ch\/de\/allgemein\/2021-09-13\/modehaus-pkz-feiert-140-jahr-jubilaeum\/#primaryimage"},"thumbnailUrl":"https:\/\/www.organisator.ch\/wp-content\/uploads\/2021\/09\/Modehaus-PKZ-feiert-140-Jahr-Jubilaeum_Organisator.jpg","datePublished":"2021-09-13T06:57:43+00:00","description":"Du grand magasin pour hommes \u00e0 l'entreprise omni-canal : La maison de mode PKZ jette un regard sur 140 ans d'histoire - mais aussi et surtout sur l'avenir.","breadcrumb":{"@id":"https:\/\/www.organisator.ch\/de\/allgemein\/2021-09-13\/modehaus-pkz-feiert-140-jahr-jubilaeum\/#breadcrumb"},"inLanguage":"fr-FR","potentialAction":[{"@type":"ReadAction","target":["https:\/\/www.organisator.ch\/de\/allgemein\/2021-09-13\/modehaus-pkz-feiert-140-jahr-jubilaeum\/"]}]},{"@type":"ImageObject","inLanguage":"fr-FR","@id":"https:\/\/www.organisator.ch\/de\/allgemein\/2021-09-13\/modehaus-pkz-feiert-140-jahr-jubilaeum\/#primaryimage","url":"https:\/\/www.organisator.ch\/wp-content\/uploads\/2021\/09\/Modehaus-PKZ-feiert-140-Jahr-Jubilaeum_Organisator.jpg","contentUrl":"https:\/\/www.organisator.ch\/wp-content\/uploads\/2021\/09\/Modehaus-PKZ-feiert-140-Jahr-Jubilaeum_Organisator.jpg","width":680,"height":680,"caption":"Das Modehaus PKZ wird 140-j\u00e4hrig. Hier die Filiale L\u00f6wenplatz Z\u00fcrich. (Bild: PKZ)"},{"@type":"BreadcrumbList","@id":"https:\/\/www.organisator.ch\/de\/allgemein\/2021-09-13\/modehaus-pkz-feiert-140-jahr-jubilaeum\/#breadcrumb","itemListElement":[{"@type":"ListItem","position":1,"name":"Home","item":"https:\/\/www.organisator.ch\/"},{"@type":"ListItem","position":2,"name":"Modehaus PKZ feiert 140-Jahr-Jubil\u00e4um"}]},{"@type":"WebSite","@id":"https:\/\/www.organisator.ch\/#website","url":"https:\/\/www.organisator.ch\/","name":"Organisateur","description":"Comp\u00e9tence et comp\u00e9tence. Proches de la pratique. L'ORGANISATEUR pr\u00e9pare 10 num\u00e9ros par an sur les th\u00e8mes essentiels pour les dirigeants de PME.","publisher":{"@id":"https:\/\/www.organisator.ch\/#organization"},"potentialAction":[{"@type":"SearchAction","target":{"@type":"EntryPoint","urlTemplate":"https:\/\/www.organisator.ch\/?s={search_term_string}"},"query-input":{"@type":"PropertyValueSpecification","valueRequired":true,"valueName":"search_term_string"}}],"inLanguage":"fr-FR"},{"@type":"Organization","@id":"https:\/\/www.organisator.ch\/#organization","name":"Organisateur","url":"https:\/\/www.organisator.ch\/","logo":{"@type":"ImageObject","inLanguage":"fr-FR","@id":"https:\/\/www.organisator.ch\/#\/schema\/logo\/image\/","url":"https:\/\/www.organisator.ch\/wp-content\/uploads\/2022\/01\/Logo_Organisator_Website.png","contentUrl":"https:\/\/www.organisator.ch\/wp-content\/uploads\/2022\/01\/Logo_Organisator_Website.png","width":800,"height":77,"caption":"Organisator"},"image":{"@id":"https:\/\/www.organisator.ch\/#\/schema\/logo\/image\/"},"sameAs":["https:\/\/www.facebook.com\/OrganisatorFachmagazin","https:\/\/www.linkedin.com\/showcase\/organisator-das-magazin-fr-kmu","https:\/\/www.xing.com\/news\/pages\/organisator-ch-695","https:\/\/www.youtube.com\/channel\/UCGP2Sq0iWaZwT3BdIAQFYpw"]},{"@type":"Person","@id":"https:\/\/www.organisator.ch\/#\/schema\/person\/6f650f90b2842cd4c0cc334b4e36f67e","name":"thomas.berner","image":{"@type":"ImageObject","inLanguage":"fr-FR","@id":"https:\/\/secure.gravatar.com\/avatar\/ac5001d2a36cb6c6cd3e50789007ffca834b477b74a2144564522e944eabff61?s=96&d=mm&r=g","url":"https:\/\/secure.gravatar.com\/avatar\/ac5001d2a36cb6c6cd3e50789007ffca834b477b74a2144564522e944eabff61?s=96&d=mm&r=g","contentUrl":"https:\/\/secure.gravatar.com\/avatar\/ac5001d2a36cb6c6cd3e50789007ffca834b477b74a2144564522e944eabff61?s=96&d=mm&r=g","caption":"thomas.berner"},"url":"https:\/\/www.organisator.ch\/fr\/author\/thomas-berner\/"}]}},"_links":{"self":[{"href":"https:\/\/www.organisator.ch\/fr\/wp-json\/wp\/v2\/posts\/11695","targetHints":{"allow":["GET"]}}],"collection":[{"href":"https:\/\/www.organisator.ch\/fr\/wp-json\/wp\/v2\/posts"}],"about":[{"href":"https:\/\/www.organisator.ch\/fr\/wp-json\/wp\/v2\/types\/post"}],"author":[{"embeddable":true,"href":"https:\/\/www.organisator.ch\/fr\/wp-json\/wp\/v2\/users\/4"}],"replies":[{"embeddable":true,"href":"https:\/\/www.organisator.ch\/fr\/wp-json\/wp\/v2\/comments?post=11695"}],"version-history":[{"count":0,"href":"https:\/\/www.organisator.ch\/fr\/wp-json\/wp\/v2\/posts\/11695\/revisions"}],"wp:featuredmedia":[{"embeddable":true,"href":"https:\/\/www.organisator.ch\/fr\/wp-json\/wp\/v2\/media\/11453"}],"wp:attachment":[{"href":"https:\/\/www.organisator.ch\/fr\/wp-json\/wp\/v2\/media?parent=11695"}],"wp:term":[{"taxonomy":"category","embeddable":true,"href":"https:\/\/www.organisator.ch\/fr\/wp-json\/wp\/v2\/categories?post=11695"},{"taxonomy":"post_tag","embeddable":true,"href":"https:\/\/www.organisator.ch\/fr\/wp-json\/wp\/v2\/tags?post=11695"}],"curies":[{"name":"wp","href":"https:\/\/api.w.org\/{rel}","templated":true}]}}