{"id":117,"date":"2015-12-18T08:50:18","date_gmt":"2015-12-18T07:50:18","guid":{"rendered":"https:\/\/dev.umweltperspektiven.ch\/?p=117"},"modified":"2015-12-18T08:50:18","modified_gmt":"2015-12-18T07:50:18","slug":"neuer-vize-im-bfe","status":"publish","type":"post","link":"https:\/\/www.organisator.ch\/fr\/allgemein\/2015-12-18\/neuer-vize-im-bfe\/","title":{"rendered":"Roman Mayer, nouveau vice-pr\u00e9sident de l'OFEN"},"content":{"rendered":"<figure id=\"attachment_118\" aria-describedby=\"caption-attachment-118\" style=\"width: 673px\" class=\"wp-caption alignnone\"><a href=\"\/\/dev.umweltperspektiven.ch\/wp-content\/uploads\/2016\/12\/Neuer-Vize-im-BFE-umweltperspektiven.jpg\"><img loading=\"lazy\" decoding=\"async\" class=\"wp-image-118 size-medium\" src=\"\/\/www.umweltperspektiven.ch\/wp-content\/uploads\/2016\/12\/Neuer-Vize-im-BFE-umweltperspektiven-673x1000.jpg\" alt=\"Roman Mayer\" width=\"673\" height=\"1000\" srcset=\"https:\/\/www.organisator.ch\/wp-content\/uploads\/2016\/12\/Neuer-Vize-im-BFE-umweltperspektiven-673x1000.jpg 673w, https:\/\/www.organisator.ch\/wp-content\/uploads\/2016\/12\/Neuer-Vize-im-BFE-umweltperspektiven-689x1024.jpg 689w, https:\/\/www.organisator.ch\/wp-content\/uploads\/2016\/12\/Neuer-Vize-im-BFE-umweltperspektiven-768x1141.jpg 768w, https:\/\/www.organisator.ch\/wp-content\/uploads\/2016\/12\/Neuer-Vize-im-BFE-umweltperspektiven-1034x1536.jpg 1034w, https:\/\/www.organisator.ch\/wp-content\/uploads\/2016\/12\/Neuer-Vize-im-BFE-umweltperspektiven-8x12.jpg 8w, https:\/\/www.organisator.ch\/wp-content\/uploads\/2016\/12\/Neuer-Vize-im-BFE-umweltperspektiven-118x175.jpg 118w, https:\/\/www.organisator.ch\/wp-content\/uploads\/2016\/12\/Neuer-Vize-im-BFE-umweltperspektiven-236x350.jpg 236w, https:\/\/www.organisator.ch\/wp-content\/uploads\/2016\/12\/Neuer-Vize-im-BFE-umweltperspektiven-538x800.jpg 538w, https:\/\/www.organisator.ch\/wp-content\/uploads\/2016\/12\/Neuer-Vize-im-BFE-umweltperspektiven-920x1367.jpg 920w, https:\/\/www.organisator.ch\/wp-content\/uploads\/2016\/12\/Neuer-Vize-im-BFE-umweltperspektiven-942x1400.jpg 942w, https:\/\/www.organisator.ch\/wp-content\/uploads\/2016\/12\/Neuer-Vize-im-BFE-umweltperspektiven-300x446.jpg 300w, https:\/\/www.organisator.ch\/wp-content\/uploads\/2016\/12\/Neuer-Vize-im-BFE-umweltperspektiven.jpg 1200w\" sizes=\"auto, (max-width: 673px) 100vw, 673px\" \/><\/a><figcaption id=\"caption-attachment-118\" class=\"wp-caption-text\">Roman Mayer<\/figcaption><\/figure>\n<p>Mayer, juriste de 42 ans, prendra ses fonctions le 1er mai 2016. Il succ\u00e8de \u00e0 Franz Schnider, qui quittera l'OFEN fin f\u00e9vrier 2016 apr\u00e8s environ cinq ans et demi d'activit\u00e9.<\/p>\n<p>Mayer dispose d'une exp\u00e9rience de plusieurs ann\u00e9es dans l'environnement administratif cantonal ainsi que de vastes connaissances dans le domaine des proc\u00e9dures d'autorisation et de la l\u00e9gislation, comme l'\u00e9crit l'OFEN.<\/p>\n<p>La division Droit, force hydraulique et gestion des d\u00e9chets (RWE) de l'OFEN comprend les sections Droit de l'\u00e9nergie et droit g\u00e9n\u00e9ral, Droit du march\u00e9 de l'\u00e9nergie, Droit de l'\u00e9nergie nucl\u00e9aire, Droit de l'\u00e9lectricit\u00e9, des conduites et des eaux, Force hydraulique ainsi que la section Gestion des d\u00e9chets radioactifs.<\/p>","protected":false},"excerpt":{"rendered":"<p>Der 42-j\u00e4hrige Jurist Mayer tritt sein Amt am 1. Mai 2016 an. Er folgt auf Franz Schnider, der das BFE nach rund f\u00fcnfeinhalb j\u00e4hriger T\u00e4tigkeit Ende Februar 2016 verlassen wird. Mayer verf\u00fcgt \u00fcber mehrj\u00e4hrige Erfahrung im kantonalen Verwaltungsumfeld sowie \u00fcber umfangreiche Kenntnisse im Bereich der Bewilligungsverfahren und der Rechtssetzung, wie das BFE schreibt. Zur BFE-Abteilung [&hellip;]<\/p>\n","protected":false},"author":1,"featured_media":118,"comment_status":"open","ping_status":"open","sticky":false,"template":"","format":"standard","meta":{"_acf_changed":false,"_yoast_wpseo_focuskw":"Roman Mayer","_yoast_wpseo_metadesc":"Roman Mayer wird neuer Vizedirektor und Leiter der Abteilung Recht, Wasserkraft und Entsorgung des Bundesamts f\u00fcr Energie","articlekey":"","footnotes":""},"categories":[1],"tags":[884,2031],"class_list":["post-117","post","type-post","status-publish","format-standard","has-post-thumbnail","hentry","category-allgemein","tag-bundesamt-fuer-energie","tag-roman-mayer"],"acf":[],"yoast_head":"<!-- This site is optimized with the Yoast SEO plugin v27.4 - https:\/\/yoast.com\/product\/yoast-seo-wordpress\/ -->\n<title>Roman Mayer, neuer Vize im BFE - Organisator<\/title>\n<meta name=\"description\" content=\"Roman Mayer wird neuer Vizedirektor und Leiter der Abteilung Recht, Wasserkraft und Entsorgung des Bundesamts f\u00fcr Energie\" \/>\n<meta name=\"robots\" content=\"index, follow, max-snippet:-1, max-image-preview:large, max-video-preview:-1\" \/>\n<link rel=\"canonical\" href=\"https:\/\/www.organisator.ch\/fr\/general\/2015-12-18\/neuer-vize-im-bfe\/\" \/>\n<meta property=\"og:locale\" content=\"fr_FR\" \/>\n<meta property=\"og:type\" content=\"article\" \/>\n<meta property=\"og:title\" content=\"Roman Mayer, neuer Vize im BFE - Organisator\" \/>\n<meta property=\"og:description\" content=\"Roman Mayer wird neuer Vizedirektor und Leiter der Abteilung Recht, Wasserkraft und Entsorgung des Bundesamts f\u00fcr Energie\" \/>\n<meta property=\"og:url\" content=\"https:\/\/www.organisator.ch\/fr\/general\/2015-12-18\/neuer-vize-im-bfe\/\" \/>\n<meta property=\"og:site_name\" content=\"Organisator\" \/>\n<meta property=\"article:publisher\" content=\"https:\/\/www.facebook.com\/OrganisatorFachmagazin\" \/>\n<meta property=\"article:published_time\" content=\"2015-12-18T07:50:18+00:00\" \/>\n<meta property=\"og:image\" content=\"https:\/\/www.organisator.ch\/wp-content\/uploads\/2016\/12\/Neuer-Vize-im-BFE-umweltperspektiven.jpg\" \/>\n\t<meta property=\"og:image:width\" content=\"1200\" \/>\n\t<meta property=\"og:image:height\" content=\"1783\" \/>\n\t<meta property=\"og:image:type\" content=\"image\/jpeg\" \/>\n<meta name=\"author\" content=\"admin\" \/>\n<meta name=\"twitter:card\" content=\"summary_large_image\" \/>\n<script type=\"application\/ld+json\" class=\"yoast-schema-graph\">{\"@context\":\"https:\\\/\\\/schema.org\",\"@graph\":[{\"@type\":\"Article\",\"@id\":\"https:\\\/\\\/www.organisator.ch\\\/en\\\/general\\\/2015-12-18\\\/neuer-vize-im-bfe\\\/#article\",\"isPartOf\":{\"@id\":\"https:\\\/\\\/www.organisator.ch\\\/en\\\/general\\\/2015-12-18\\\/neuer-vize-im-bfe\\\/\"},\"author\":{\"name\":\"admin\",\"@id\":\"https:\\\/\\\/www.organisator.ch\\\/#\\\/schema\\\/person\\\/aa2bace6c5c5aad60102004a50c4eb1c\"},\"headline\":\"Roman Mayer, neuer Vize im BFE\",\"datePublished\":\"2015-12-18T07:50:18+00:00\",\"mainEntityOfPage\":{\"@id\":\"https:\\\/\\\/www.organisator.ch\\\/en\\\/general\\\/2015-12-18\\\/neuer-vize-im-bfe\\\/\"},\"wordCount\":101,\"commentCount\":0,\"publisher\":{\"@id\":\"https:\\\/\\\/www.organisator.ch\\\/#organization\"},\"image\":{\"@id\":\"https:\\\/\\\/www.organisator.ch\\\/en\\\/general\\\/2015-12-18\\\/neuer-vize-im-bfe\\\/#primaryimage\"},\"thumbnailUrl\":\"https:\\\/\\\/www.organisator.ch\\\/wp-content\\\/uploads\\\/2016\\\/12\\\/Neuer-Vize-im-BFE-umweltperspektiven.jpg\",\"keywords\":[\"Bundesamt f\u00fcr Energie\",\"Roman Mayer\"],\"articleSection\":[\"Allgemein\"],\"inLanguage\":\"fr-FR\"},{\"@type\":\"WebPage\",\"@id\":\"https:\\\/\\\/www.organisator.ch\\\/en\\\/general\\\/2015-12-18\\\/neuer-vize-im-bfe\\\/\",\"url\":\"https:\\\/\\\/www.organisator.ch\\\/en\\\/general\\\/2015-12-18\\\/neuer-vize-im-bfe\\\/\",\"name\":\"Roman Mayer, neuer Vize im BFE - Organisator\",\"isPartOf\":{\"@id\":\"https:\\\/\\\/www.organisator.ch\\\/#website\"},\"primaryImageOfPage\":{\"@id\":\"https:\\\/\\\/www.organisator.ch\\\/en\\\/general\\\/2015-12-18\\\/neuer-vize-im-bfe\\\/#primaryimage\"},\"image\":{\"@id\":\"https:\\\/\\\/www.organisator.ch\\\/en\\\/general\\\/2015-12-18\\\/neuer-vize-im-bfe\\\/#primaryimage\"},\"thumbnailUrl\":\"https:\\\/\\\/www.organisator.ch\\\/wp-content\\\/uploads\\\/2016\\\/12\\\/Neuer-Vize-im-BFE-umweltperspektiven.jpg\",\"datePublished\":\"2015-12-18T07:50:18+00:00\",\"description\":\"Roman Mayer wird neuer Vizedirektor und Leiter der Abteilung Recht, Wasserkraft und Entsorgung des Bundesamts f\u00fcr Energie\",\"breadcrumb\":{\"@id\":\"https:\\\/\\\/www.organisator.ch\\\/en\\\/general\\\/2015-12-18\\\/neuer-vize-im-bfe\\\/#breadcrumb\"},\"inLanguage\":\"fr-FR\",\"potentialAction\":[{\"@type\":\"ReadAction\",\"target\":[\"https:\\\/\\\/www.organisator.ch\\\/en\\\/general\\\/2015-12-18\\\/neuer-vize-im-bfe\\\/\"]}]},{\"@type\":\"ImageObject\",\"inLanguage\":\"fr-FR\",\"@id\":\"https:\\\/\\\/www.organisator.ch\\\/en\\\/general\\\/2015-12-18\\\/neuer-vize-im-bfe\\\/#primaryimage\",\"url\":\"https:\\\/\\\/www.organisator.ch\\\/wp-content\\\/uploads\\\/2016\\\/12\\\/Neuer-Vize-im-BFE-umweltperspektiven.jpg\",\"contentUrl\":\"https:\\\/\\\/www.organisator.ch\\\/wp-content\\\/uploads\\\/2016\\\/12\\\/Neuer-Vize-im-BFE-umweltperspektiven.jpg\",\"width\":1200,\"height\":1783,\"caption\":\"Roman Mayer\"},{\"@type\":\"BreadcrumbList\",\"@id\":\"https:\\\/\\\/www.organisator.ch\\\/en\\\/general\\\/2015-12-18\\\/neuer-vize-im-bfe\\\/#breadcrumb\",\"itemListElement\":[{\"@type\":\"ListItem\",\"position\":1,\"name\":\"Home\",\"item\":\"https:\\\/\\\/www.organisator.ch\\\/\"},{\"@type\":\"ListItem\",\"position\":2,\"name\":\"Roman Mayer, neuer Vize im BFE\"}]},{\"@type\":\"WebSite\",\"@id\":\"https:\\\/\\\/www.organisator.ch\\\/#website\",\"url\":\"https:\\\/\\\/www.organisator.ch\\\/\",\"name\":\"Organisator\",\"description\":\"Kompetent. Praxisnah. Der ORGANISATOR bereitet in 10 Ausgaben pro Jahr die wesentlichen Themen f\u00fcr F\u00fchrungskr\u00e4fte von KMU auf.\",\"publisher\":{\"@id\":\"https:\\\/\\\/www.organisator.ch\\\/#organization\"},\"potentialAction\":[{\"@type\":\"SearchAction\",\"target\":{\"@type\":\"EntryPoint\",\"urlTemplate\":\"https:\\\/\\\/www.organisator.ch\\\/?s={search_term_string}\"},\"query-input\":{\"@type\":\"PropertyValueSpecification\",\"valueRequired\":true,\"valueName\":\"search_term_string\"}}],\"inLanguage\":\"fr-FR\"},{\"@type\":\"Organization\",\"@id\":\"https:\\\/\\\/www.organisator.ch\\\/#organization\",\"name\":\"Organisator\",\"url\":\"https:\\\/\\\/www.organisator.ch\\\/\",\"logo\":{\"@type\":\"ImageObject\",\"inLanguage\":\"fr-FR\",\"@id\":\"https:\\\/\\\/www.organisator.ch\\\/#\\\/schema\\\/logo\\\/image\\\/\",\"url\":\"https:\\\/\\\/www.organisator.ch\\\/wp-content\\\/uploads\\\/2022\\\/01\\\/Logo_Organisator_Website.png\",\"contentUrl\":\"https:\\\/\\\/www.organisator.ch\\\/wp-content\\\/uploads\\\/2022\\\/01\\\/Logo_Organisator_Website.png\",\"width\":800,\"height\":77,\"caption\":\"Organisator\"},\"image\":{\"@id\":\"https:\\\/\\\/www.organisator.ch\\\/#\\\/schema\\\/logo\\\/image\\\/\"},\"sameAs\":[\"https:\\\/\\\/www.facebook.com\\\/OrganisatorFachmagazin\",\"https:\\\/\\\/www.linkedin.com\\\/showcase\\\/organisator-das-magazin-fr-kmu\",\"https:\\\/\\\/www.xing.com\\\/news\\\/pages\\\/organisator-ch-695\",\"https:\\\/\\\/www.youtube.com\\\/channel\\\/UCGP2Sq0iWaZwT3BdIAQFYpw\"]},{\"@type\":\"Person\",\"@id\":\"https:\\\/\\\/www.organisator.ch\\\/#\\\/schema\\\/person\\\/aa2bace6c5c5aad60102004a50c4eb1c\",\"name\":\"admin\",\"image\":{\"@type\":\"ImageObject\",\"inLanguage\":\"fr-FR\",\"@id\":\"https:\\\/\\\/secure.gravatar.com\\\/avatar\\\/ae2f4d718e6c49043e314ce431e7e645d646302a24a5ef5a8bc8e3f5a032e319?s=96&d=mm&r=g\",\"url\":\"https:\\\/\\\/secure.gravatar.com\\\/avatar\\\/ae2f4d718e6c49043e314ce431e7e645d646302a24a5ef5a8bc8e3f5a032e319?s=96&d=mm&r=g\",\"contentUrl\":\"https:\\\/\\\/secure.gravatar.com\\\/avatar\\\/ae2f4d718e6c49043e314ce431e7e645d646302a24a5ef5a8bc8e3f5a032e319?s=96&d=mm&r=g\",\"caption\":\"admin\"},\"sameAs\":[\"https:\\\/\\\/www.organisator.ch\"],\"url\":\"https:\\\/\\\/www.organisator.ch\\\/fr\\\/author\\\/admin\\\/\"}]}<\/script>\n<!-- \/ Yoast SEO plugin. -->","yoast_head_json":{"title":"Roman Mayer, nouveau vice-pr\u00e9sident du BFE - organisateur","description":"Roman Mayer nomm\u00e9 sous-directeur et chef de la division Droit, force hydraulique et gestion des d\u00e9chets de l'Office f\u00e9d\u00e9ral de l'\u00e9nergie","robots":{"index":"index","follow":"follow","max-snippet":"max-snippet:-1","max-image-preview":"max-image-preview:large","max-video-preview":"max-video-preview:-1"},"canonical":"https:\/\/www.organisator.ch\/fr\/general\/2015-12-18\/neuer-vize-im-bfe\/","og_locale":"fr_FR","og_type":"article","og_title":"Roman Mayer, neuer Vize im BFE - Organisator","og_description":"Roman Mayer wird neuer Vizedirektor und Leiter der Abteilung Recht, Wasserkraft und Entsorgung des Bundesamts f\u00fcr Energie","og_url":"https:\/\/www.organisator.ch\/fr\/general\/2015-12-18\/neuer-vize-im-bfe\/","og_site_name":"Organisator","article_publisher":"https:\/\/www.facebook.com\/OrganisatorFachmagazin","article_published_time":"2015-12-18T07:50:18+00:00","og_image":[{"width":1200,"height":1783,"url":"https:\/\/www.organisator.ch\/wp-content\/uploads\/2016\/12\/Neuer-Vize-im-BFE-umweltperspektiven.jpg","type":"image\/jpeg"}],"author":"admin","twitter_card":"summary_large_image","schema":{"@context":"https:\/\/schema.org","@graph":[{"@type":"Article","@id":"https:\/\/www.organisator.ch\/en\/general\/2015-12-18\/neuer-vize-im-bfe\/#article","isPartOf":{"@id":"https:\/\/www.organisator.ch\/en\/general\/2015-12-18\/neuer-vize-im-bfe\/"},"author":{"name":"admin","@id":"https:\/\/www.organisator.ch\/#\/schema\/person\/aa2bace6c5c5aad60102004a50c4eb1c"},"headline":"Roman Mayer, neuer Vize im BFE","datePublished":"2015-12-18T07:50:18+00:00","mainEntityOfPage":{"@id":"https:\/\/www.organisator.ch\/en\/general\/2015-12-18\/neuer-vize-im-bfe\/"},"wordCount":101,"commentCount":0,"publisher":{"@id":"https:\/\/www.organisator.ch\/#organization"},"image":{"@id":"https:\/\/www.organisator.ch\/en\/general\/2015-12-18\/neuer-vize-im-bfe\/#primaryimage"},"thumbnailUrl":"https:\/\/www.organisator.ch\/wp-content\/uploads\/2016\/12\/Neuer-Vize-im-BFE-umweltperspektiven.jpg","keywords":["Bundesamt f\u00fcr Energie","Roman Mayer"],"articleSection":["Allgemein"],"inLanguage":"fr-FR"},{"@type":"WebPage","@id":"https:\/\/www.organisator.ch\/en\/general\/2015-12-18\/neuer-vize-im-bfe\/","url":"https:\/\/www.organisator.ch\/en\/general\/2015-12-18\/neuer-vize-im-bfe\/","name":"Roman Mayer, nouveau vice-pr\u00e9sident du BFE - organisateur","isPartOf":{"@id":"https:\/\/www.organisator.ch\/#website"},"primaryImageOfPage":{"@id":"https:\/\/www.organisator.ch\/en\/general\/2015-12-18\/neuer-vize-im-bfe\/#primaryimage"},"image":{"@id":"https:\/\/www.organisator.ch\/en\/general\/2015-12-18\/neuer-vize-im-bfe\/#primaryimage"},"thumbnailUrl":"https:\/\/www.organisator.ch\/wp-content\/uploads\/2016\/12\/Neuer-Vize-im-BFE-umweltperspektiven.jpg","datePublished":"2015-12-18T07:50:18+00:00","description":"Roman Mayer nomm\u00e9 sous-directeur et chef de la division Droit, force hydraulique et gestion des d\u00e9chets de l'Office f\u00e9d\u00e9ral de l'\u00e9nergie","breadcrumb":{"@id":"https:\/\/www.organisator.ch\/en\/general\/2015-12-18\/neuer-vize-im-bfe\/#breadcrumb"},"inLanguage":"fr-FR","potentialAction":[{"@type":"ReadAction","target":["https:\/\/www.organisator.ch\/en\/general\/2015-12-18\/neuer-vize-im-bfe\/"]}]},{"@type":"ImageObject","inLanguage":"fr-FR","@id":"https:\/\/www.organisator.ch\/en\/general\/2015-12-18\/neuer-vize-im-bfe\/#primaryimage","url":"https:\/\/www.organisator.ch\/wp-content\/uploads\/2016\/12\/Neuer-Vize-im-BFE-umweltperspektiven.jpg","contentUrl":"https:\/\/www.organisator.ch\/wp-content\/uploads\/2016\/12\/Neuer-Vize-im-BFE-umweltperspektiven.jpg","width":1200,"height":1783,"caption":"Roman Mayer"},{"@type":"BreadcrumbList","@id":"https:\/\/www.organisator.ch\/en\/general\/2015-12-18\/neuer-vize-im-bfe\/#breadcrumb","itemListElement":[{"@type":"ListItem","position":1,"name":"Home","item":"https:\/\/www.organisator.ch\/"},{"@type":"ListItem","position":2,"name":"Roman Mayer, neuer Vize im BFE"}]},{"@type":"WebSite","@id":"https:\/\/www.organisator.ch\/#website","url":"https:\/\/www.organisator.ch\/","name":"Organisateur","description":"Comp\u00e9tence et comp\u00e9tence. Proches de la pratique. L'ORGANISATEUR pr\u00e9pare 10 num\u00e9ros par an sur les th\u00e8mes essentiels pour les dirigeants de PME.","publisher":{"@id":"https:\/\/www.organisator.ch\/#organization"},"potentialAction":[{"@type":"SearchAction","target":{"@type":"EntryPoint","urlTemplate":"https:\/\/www.organisator.ch\/?s={search_term_string}"},"query-input":{"@type":"PropertyValueSpecification","valueRequired":true,"valueName":"search_term_string"}}],"inLanguage":"fr-FR"},{"@type":"Organization","@id":"https:\/\/www.organisator.ch\/#organization","name":"Organisateur","url":"https:\/\/www.organisator.ch\/","logo":{"@type":"ImageObject","inLanguage":"fr-FR","@id":"https:\/\/www.organisator.ch\/#\/schema\/logo\/image\/","url":"https:\/\/www.organisator.ch\/wp-content\/uploads\/2022\/01\/Logo_Organisator_Website.png","contentUrl":"https:\/\/www.organisator.ch\/wp-content\/uploads\/2022\/01\/Logo_Organisator_Website.png","width":800,"height":77,"caption":"Organisator"},"image":{"@id":"https:\/\/www.organisator.ch\/#\/schema\/logo\/image\/"},"sameAs":["https:\/\/www.facebook.com\/OrganisatorFachmagazin","https:\/\/www.linkedin.com\/showcase\/organisator-das-magazin-fr-kmu","https:\/\/www.xing.com\/news\/pages\/organisator-ch-695","https:\/\/www.youtube.com\/channel\/UCGP2Sq0iWaZwT3BdIAQFYpw"]},{"@type":"Person","@id":"https:\/\/www.organisator.ch\/#\/schema\/person\/aa2bace6c5c5aad60102004a50c4eb1c","name":"admin","image":{"@type":"ImageObject","inLanguage":"fr-FR","@id":"https:\/\/secure.gravatar.com\/avatar\/ae2f4d718e6c49043e314ce431e7e645d646302a24a5ef5a8bc8e3f5a032e319?s=96&d=mm&r=g","url":"https:\/\/secure.gravatar.com\/avatar\/ae2f4d718e6c49043e314ce431e7e645d646302a24a5ef5a8bc8e3f5a032e319?s=96&d=mm&r=g","contentUrl":"https:\/\/secure.gravatar.com\/avatar\/ae2f4d718e6c49043e314ce431e7e645d646302a24a5ef5a8bc8e3f5a032e319?s=96&d=mm&r=g","caption":"admin"},"sameAs":["https:\/\/www.organisator.ch"],"url":"https:\/\/www.organisator.ch\/fr\/author\/admin\/"}]}},"_links":{"self":[{"href":"https:\/\/www.organisator.ch\/fr\/wp-json\/wp\/v2\/posts\/117","targetHints":{"allow":["GET"]}}],"collection":[{"href":"https:\/\/www.organisator.ch\/fr\/wp-json\/wp\/v2\/posts"}],"about":[{"href":"https:\/\/www.organisator.ch\/fr\/wp-json\/wp\/v2\/types\/post"}],"author":[{"embeddable":true,"href":"https:\/\/www.organisator.ch\/fr\/wp-json\/wp\/v2\/users\/1"}],"replies":[{"embeddable":true,"href":"https:\/\/www.organisator.ch\/fr\/wp-json\/wp\/v2\/comments?post=117"}],"version-history":[{"count":0,"href":"https:\/\/www.organisator.ch\/fr\/wp-json\/wp\/v2\/posts\/117\/revisions"}],"wp:featuredmedia":[{"embeddable":true,"href":"https:\/\/www.organisator.ch\/fr\/wp-json\/wp\/v2\/media\/118"}],"wp:attachment":[{"href":"https:\/\/www.organisator.ch\/fr\/wp-json\/wp\/v2\/media?parent=117"}],"wp:term":[{"taxonomy":"category","embeddable":true,"href":"https:\/\/www.organisator.ch\/fr\/wp-json\/wp\/v2\/categories?post=117"},{"taxonomy":"post_tag","embeddable":true,"href":"https:\/\/www.organisator.ch\/fr\/wp-json\/wp\/v2\/tags?post=117"}],"curies":[{"name":"wp","href":"https:\/\/api.w.org\/{rel}","templated":true}]}}