{"id":11710,"date":"2021-09-27T08:13:40","date_gmt":"2021-09-27T06:13:40","guid":{"rendered":"https:\/\/www.organisator.ch\/?p=8575"},"modified":"2021-09-27T08:13:40","modified_gmt":"2021-09-27T06:13:40","slug":"die-qr-rechnung-kommt-ohne-dass-es-jemand-zu-merken-scheint","status":"publish","type":"post","link":"https:\/\/www.organisator.ch\/fr\/management\/finanzen_recht\/2021-09-27\/die-qr-rechnung-kommt-ohne-dass-es-jemand-zu-merken-scheint\/","title":{"rendered":"La facture QR arrive sans que personne ne semble s'en apercevoir"},"content":{"rendered":"<figure id=\"attachment_8576\" aria-describedby=\"caption-attachment-8576\" style=\"width: 680px\" class=\"wp-caption alignnone\"><a href=\"https:\/\/www.organisator.ch\/wp-content\/uploads\/2021\/09\/Die-QR-Rechnung-kommt-ohne-dass-es-jemand-zu-merken-scheint_Organisator.jpg\"><img loading=\"lazy\" decoding=\"async\" class=\"size-medium wp-image-8576\" src=\"https:\/\/www.organisator.ch\/wp-content\/uploads\/2021\/09\/Die-QR-Rechnung-kommt-ohne-dass-es-jemand-zu-merken-scheint_Organisator.jpg\" alt=\"\" width=\"680\" height=\"361\" \/><\/a><figcaption id=\"caption-attachment-8576\" class=\"wp-caption-text\">La facture QR deviendra d\u00e9finitivement une r\u00e9alit\u00e9 \u00e0 partir du 30 septembre 2022 et remplacera les anciens bulletins de versement orange. Ceux-ci ne pourront plus \u00eatre r\u00e9utilis\u00e9s. (Image : Module QR)<\/figcaption><\/figure>\n<p>D\u00e9but juillet 2021, SIX Group SA, qui reprend de la Poste la responsabilit\u00e9 du trafic des paiements li\u00e9s aux justificatifs, a publi\u00e9 une \u00e9tude r\u00e9alis\u00e9e par l'institut de recherche gfs.berne \u00e0 sa demande. L'enqu\u00eate men\u00e9e aupr\u00e8s de plus de 1 000 entreprises a r\u00e9v\u00e9l\u00e9 que pr\u00e8s d'un an apr\u00e8s l'introduction de la facture QR, et un peu plus d'un an avant la fin des bulletins de versement rouges et orange, seule une petite moiti\u00e9 des entreprises est m\u00eame consciente qu'ils vont r\u00e9ellement dispara\u00eetre. Seules 15% des entreprises interrog\u00e9es sont pass\u00e9es \u00e0 la facture QR, tandis que la part de celles qui n'ont pas de plan du tout est encore tr\u00e8s \u00e9lev\u00e9e, comme le constate encore l'\u00e9tude de SIX Group SA.<\/p>\n<h2>De nombreuses PME risquent un exercice \u00e0 haut risque pour la facture QR<\/h2>\n<p>\"De tr\u00e8s nombreux commer\u00e7ants, PME, associations et propri\u00e9taires de magasins ou de boutiques en ligne ignorent qu'il est n\u00e9cessaire d'agir et qu'ils ont besoin d'une solution pour \u00e9tablir des factures QR - qu'ils \u00e9mettent beaucoup ou peu de factures. La plupart d'entre eux ne voient pas non plus qu'un changement rapide leur permettrait d\u00e9j\u00e0 de r\u00e9duire consid\u00e9rablement leur charge administrative\", constate Beni Schwarzenbach. Il est directeur de Schwarzenbach KMU Services AG, une entreprise bas\u00e9e \u00e0 Zurich qui a d\u00e9velopp\u00e9 la solution QR Modul. \"Apparemment, beaucoup pensent que la facture QR n'est qu'un compl\u00e9ment et que les bulletins de versement actuels peuvent simplement \u00eatre r\u00e9utilis\u00e9s. Ce n'est clairement pas le cas : \u00e0 partir du 1er octobre 2022, la Poste les refusera au guichet\", poursuit Schwarzenbach.<\/p>\n<h2>Des solutions sont d\u00e9j\u00e0 disponibles<\/h2>\n<p>En principe, les \u00e9metteurs de factures peuvent \u00eatre class\u00e9s en quatre cat\u00e9gories :<\/p>\n<ol>\n<li>Les grands \u00e9metteurs de factures avec des volumes importants, comme les entreprises de t\u00e9l\u00e9communications ou les caisses d'assurance maladie, qui disposent de leur propre solution informatique ;<\/li>\n<li>les entreprises et organisations de taille moyenne qui utilisent un logiciel ERP<\/li>\n<li>les PME, les ind\u00e9pendants, les associations et les organisations de dons avec des volumes plut\u00f4t faibles, pour lesquels l'achat d'un logiciel ERP n'est gu\u00e8re rentable, et<\/li>\n<li>Boutiques en ligne utilisant la facture QR comme option de paiement.<\/li>\n<\/ol>\n<p>Les deux premi\u00e8res cat\u00e9gories sont desservies par leurs fabricants de logiciels, bien qu'il existe des fournisseurs ERP qui ne feront pas la transition. \"Si un utilisateur d'un logiciel ERP donn\u00e9 n'a pas encore entendu parler de la facture QR par son fabricant, il devrait se renseigner et \u00e9ventuellement r\u00e9fl\u00e9chir \u00e0 une solution de remplacement\", explique Schwarzenbach avant de poursuivre : \"Pour les deux autres groupes, il existe des offres sur Internet. Ceux qui appartiennent au troisi\u00e8me groupe peuvent g\u00e9n\u00e9rer des factures QR directement en ligne (solution SaaS). Les boutiques en ligne installent un plug-in dans le CMS sur lequel vous exploitez votre site (par ex. WordPress ou Zoho Marketplace). QR Modul, par exemple, offre une solution simple pour les deux groupes\".<\/p>\n<h2>Le module QR couvre un large champ<\/h2>\n<p>QR Modul permet aux utilisateurs enregistr\u00e9s de g\u00e9n\u00e9rer rapidement et facilement de simples parties de paiement QR avec code QR tout comme des factures QR compl\u00e8tes. La fonction de validation garantit qu'elles peuvent \u00eatre pay\u00e9es sans probl\u00e8me aussi bien dans les services bancaires en ligne et mobiles qu'au guichet de la poste. Des mod\u00e8les de factures personnalisables permettent aux \u00e9metteurs de factures de respecter leur corporate design. Les postes de facture sont g\u00e9r\u00e9s en ligne dans la liste des d\u00e9biteurs ou t\u00e9l\u00e9charg\u00e9s \u00e0 partir d'une liste Excel. Les conditions sont ainsi remplies pour g\u00e9n\u00e9rer des s\u00e9ries enti\u00e8res de factures en quelques clics. Pour ceux qui ne veulent pas renoncer \u00e0 l'envoi postal, QR Modul offre en outre la possibilit\u00e9 de demander l'envoi de lettres directement \u00e0 partir du syst\u00e8me. L'impression sur papier perfor\u00e9, la confection, l'affranchissement et l'exp\u00e9dition sont assur\u00e9s par Schneider Druck AG \u00e0 Zurich. Enfin, l'option d'envoi par courrier \u00e9lectronique sera ajout\u00e9e au 4e trimestre 2021. \"Cette option d'envoi est un moyen extr\u00eamement avantageux, car les frais d'impression et d'exp\u00e9dition sont supprim\u00e9s. Elle gagnera donc probablement en importance \u00e0 l'avenir. Mais attention : l'exp\u00e9rience montre que la morale de paiement est mauvaise avec ce canal, car les e-mails dans la bo\u00eete de r\u00e9ception disparaissent rapidement du champ de vision du destinataire de la facture parmi tous les autres messages. Cela augmente \u00e0 son tour le travail de relance\", fait remarquer Schwarzenbach.<\/p>\n<p><em>Source et informations compl\u00e9mentaires : <a href=\"https:\/\/qrmodul.ch\/ueber-uns\/\">Module QR<\/a><\/em><\/p>","protected":false},"excerpt":{"rendered":"<p>Anfang Juli 2021 ver\u00f6ffentlichte die SIX Group AG, die von der Post die Verantwortung f\u00fcr den beleggebundenen Zahlungsverkehr \u00fcbernimmt, eine Studie, die das Forschungsinstitut gfs.bern in ihrem Auftrag durchf\u00fchrte. Die Befragung bei \u00fcber 1&#8217;000 Unternehmen ergab, dass fast ein Jahr nach Einf\u00fchrung der QR-Rechnung, und etwas mehr als ein Jahr vor dem Ende der roten [&hellip;]<\/p>\n","protected":false},"author":4,"featured_media":11470,"comment_status":"closed","ping_status":"closed","sticky":false,"template":"","format":"standard","meta":{"_acf_changed":false,"_yoast_wpseo_focuskw":"QR-Rechnung","_yoast_wpseo_metadesc":"Sie kommt, aber bisher kaum merklich: Die QR-Rechnung. Bis zum 30. September 2022 soll die Umstellung auf die QR-Rechnung komplett abgeschlossen sein.","articlekey":"","footnotes":""},"categories":[24],"tags":[202,288,393],"class_list":["post-11710","post","type-post","status-publish","format-standard","has-post-thumbnail","hentry","category-finanzen_recht","tag-finanzenrecht","tag-it-business-software","tag-produkte"],"acf":[],"yoast_head":"<!-- This site is optimized with the Yoast SEO plugin v27.4 - https:\/\/yoast.com\/product\/yoast-seo-wordpress\/ -->\n<title>Die QR-Rechnung kommt, ohne dass es jemand zu merken scheint... - Organisator<\/title>\n<meta name=\"description\" content=\"Sie kommt, aber bisher kaum merklich: Die QR-Rechnung. Bis zum 30. September 2022 soll die Umstellung auf die QR-Rechnung komplett abgeschlossen sein.\" \/>\n<meta name=\"robots\" content=\"index, follow, max-snippet:-1, max-image-preview:large, max-video-preview:-1\" \/>\n<link rel=\"canonical\" href=\"https:\/\/www.organisator.ch\/fr\/gestion-2\/finanzen_recht\/2021-09-27\/die-qr-rechnung-kommt-ohne-dass-es-jemand-zu-merken-scheint\/\" \/>\n<meta property=\"og:locale\" content=\"fr_FR\" \/>\n<meta property=\"og:type\" content=\"article\" \/>\n<meta property=\"og:title\" content=\"Die QR-Rechnung kommt, ohne dass es jemand zu merken scheint...\" \/>\n<meta property=\"og:description\" content=\"Sie kommt, aber bisher kaum merklich: Die QR-Rechnung. Bis zum 30. September 2022 soll die Umstellung auf die QR-Rechnung komplett abgeschlossen sein.\" \/>\n<meta property=\"og:url\" content=\"https:\/\/www.organisator.ch\/fr\/gestion-2\/finanzen_recht\/2021-09-27\/die-qr-rechnung-kommt-ohne-dass-es-jemand-zu-merken-scheint\/\" \/>\n<meta property=\"og:site_name\" content=\"Organisator\" \/>\n<meta property=\"article:publisher\" content=\"https:\/\/www.facebook.com\/OrganisatorFachmagazin\" \/>\n<meta property=\"article:published_time\" content=\"2021-09-27T06:13:40+00:00\" \/>\n<meta name=\"author\" content=\"thomas.berner\" \/>\n<meta name=\"twitter:card\" content=\"summary_large_image\" \/>\n<meta name=\"twitter:title\" content=\"Die #QR-Rechnung kommt, ohne dass es jemand zu merken scheint...\" \/>\n<meta name=\"twitter:description\" content=\"Sie kommt, aber bisher kaum merklich: Die #QR-Rechnung. Bis zum 30. September 2022 soll die Umstellung auf die QR-Rechnung komplett abgeschlossen sein.\" \/>\n<script type=\"application\/ld+json\" class=\"yoast-schema-graph\">{\"@context\":\"https:\\\/\\\/schema.org\",\"@graph\":[{\"@type\":\"Article\",\"@id\":\"https:\\\/\\\/www.organisator.ch\\\/management\\\/finanzen_recht\\\/2021-09-27\\\/die-qr-rechnung-kommt-ohne-dass-es-jemand-zu-merken-scheint\\\/#article\",\"isPartOf\":{\"@id\":\"https:\\\/\\\/www.organisator.ch\\\/management\\\/finanzen_recht\\\/2021-09-27\\\/die-qr-rechnung-kommt-ohne-dass-es-jemand-zu-merken-scheint\\\/\"},\"author\":{\"name\":\"thomas.berner\",\"@id\":\"https:\\\/\\\/www.organisator.ch\\\/#\\\/schema\\\/person\\\/6f650f90b2842cd4c0cc334b4e36f67e\"},\"headline\":\"Die QR-Rechnung kommt, ohne dass es jemand zu merken scheint&#8230;\",\"datePublished\":\"2021-09-27T06:13:40+00:00\",\"mainEntityOfPage\":{\"@id\":\"https:\\\/\\\/www.organisator.ch\\\/management\\\/finanzen_recht\\\/2021-09-27\\\/die-qr-rechnung-kommt-ohne-dass-es-jemand-zu-merken-scheint\\\/\"},\"wordCount\":680,\"publisher\":{\"@id\":\"https:\\\/\\\/www.organisator.ch\\\/#organization\"},\"image\":{\"@id\":\"https:\\\/\\\/www.organisator.ch\\\/management\\\/finanzen_recht\\\/2021-09-27\\\/die-qr-rechnung-kommt-ohne-dass-es-jemand-zu-merken-scheint\\\/#primaryimage\"},\"thumbnailUrl\":\"https:\\\/\\\/www.organisator.ch\\\/wp-content\\\/uploads\\\/2021\\\/09\\\/Die-QR-Rechnung-kommt-ohne-dass-es-jemand-zu-merken-scheint_Organisator.jpg\",\"keywords\":[\"Finanzen\\\/Recht\",\"IT &amp; Business Software\",\"Produkte\"],\"articleSection\":[\"FINANZEN\\\/RECHT\"],\"inLanguage\":\"fr-FR\"},{\"@type\":\"WebPage\",\"@id\":\"https:\\\/\\\/www.organisator.ch\\\/management\\\/finanzen_recht\\\/2021-09-27\\\/die-qr-rechnung-kommt-ohne-dass-es-jemand-zu-merken-scheint\\\/\",\"url\":\"https:\\\/\\\/www.organisator.ch\\\/management\\\/finanzen_recht\\\/2021-09-27\\\/die-qr-rechnung-kommt-ohne-dass-es-jemand-zu-merken-scheint\\\/\",\"name\":\"Die QR-Rechnung kommt, ohne dass es jemand zu merken scheint... - Organisator\",\"isPartOf\":{\"@id\":\"https:\\\/\\\/www.organisator.ch\\\/#website\"},\"primaryImageOfPage\":{\"@id\":\"https:\\\/\\\/www.organisator.ch\\\/management\\\/finanzen_recht\\\/2021-09-27\\\/die-qr-rechnung-kommt-ohne-dass-es-jemand-zu-merken-scheint\\\/#primaryimage\"},\"image\":{\"@id\":\"https:\\\/\\\/www.organisator.ch\\\/management\\\/finanzen_recht\\\/2021-09-27\\\/die-qr-rechnung-kommt-ohne-dass-es-jemand-zu-merken-scheint\\\/#primaryimage\"},\"thumbnailUrl\":\"https:\\\/\\\/www.organisator.ch\\\/wp-content\\\/uploads\\\/2021\\\/09\\\/Die-QR-Rechnung-kommt-ohne-dass-es-jemand-zu-merken-scheint_Organisator.jpg\",\"datePublished\":\"2021-09-27T06:13:40+00:00\",\"description\":\"Sie kommt, aber bisher kaum merklich: Die QR-Rechnung. Bis zum 30. September 2022 soll die Umstellung auf die QR-Rechnung komplett abgeschlossen sein.\",\"breadcrumb\":{\"@id\":\"https:\\\/\\\/www.organisator.ch\\\/management\\\/finanzen_recht\\\/2021-09-27\\\/die-qr-rechnung-kommt-ohne-dass-es-jemand-zu-merken-scheint\\\/#breadcrumb\"},\"inLanguage\":\"fr-FR\",\"potentialAction\":[{\"@type\":\"ReadAction\",\"target\":[\"https:\\\/\\\/www.organisator.ch\\\/management\\\/finanzen_recht\\\/2021-09-27\\\/die-qr-rechnung-kommt-ohne-dass-es-jemand-zu-merken-scheint\\\/\"]}]},{\"@type\":\"ImageObject\",\"inLanguage\":\"fr-FR\",\"@id\":\"https:\\\/\\\/www.organisator.ch\\\/management\\\/finanzen_recht\\\/2021-09-27\\\/die-qr-rechnung-kommt-ohne-dass-es-jemand-zu-merken-scheint\\\/#primaryimage\",\"url\":\"https:\\\/\\\/www.organisator.ch\\\/wp-content\\\/uploads\\\/2021\\\/09\\\/Die-QR-Rechnung-kommt-ohne-dass-es-jemand-zu-merken-scheint_Organisator.jpg\",\"contentUrl\":\"https:\\\/\\\/www.organisator.ch\\\/wp-content\\\/uploads\\\/2021\\\/09\\\/Die-QR-Rechnung-kommt-ohne-dass-es-jemand-zu-merken-scheint_Organisator.jpg\",\"width\":680,\"height\":361,\"caption\":\"Die QR-Rechnung wird ab 30. September 2022 definitiv Realit\u00e4t und ersetzt die bisherigen orangen Einzahlungsscheine. (Bild: QR Modul)\"},{\"@type\":\"BreadcrumbList\",\"@id\":\"https:\\\/\\\/www.organisator.ch\\\/management\\\/finanzen_recht\\\/2021-09-27\\\/die-qr-rechnung-kommt-ohne-dass-es-jemand-zu-merken-scheint\\\/#breadcrumb\",\"itemListElement\":[{\"@type\":\"ListItem\",\"position\":1,\"name\":\"Home\",\"item\":\"https:\\\/\\\/www.organisator.ch\\\/\"},{\"@type\":\"ListItem\",\"position\":2,\"name\":\"Die QR-Rechnung kommt, ohne dass es jemand zu merken scheint&#8230;\"}]},{\"@type\":\"WebSite\",\"@id\":\"https:\\\/\\\/www.organisator.ch\\\/#website\",\"url\":\"https:\\\/\\\/www.organisator.ch\\\/\",\"name\":\"Organisator\",\"description\":\"Kompetent. Praxisnah. Der ORGANISATOR bereitet in 10 Ausgaben pro Jahr die wesentlichen Themen f\u00fcr F\u00fchrungskr\u00e4fte von KMU auf.\",\"publisher\":{\"@id\":\"https:\\\/\\\/www.organisator.ch\\\/#organization\"},\"potentialAction\":[{\"@type\":\"SearchAction\",\"target\":{\"@type\":\"EntryPoint\",\"urlTemplate\":\"https:\\\/\\\/www.organisator.ch\\\/?s={search_term_string}\"},\"query-input\":{\"@type\":\"PropertyValueSpecification\",\"valueRequired\":true,\"valueName\":\"search_term_string\"}}],\"inLanguage\":\"fr-FR\"},{\"@type\":\"Organization\",\"@id\":\"https:\\\/\\\/www.organisator.ch\\\/#organization\",\"name\":\"Organisator\",\"url\":\"https:\\\/\\\/www.organisator.ch\\\/\",\"logo\":{\"@type\":\"ImageObject\",\"inLanguage\":\"fr-FR\",\"@id\":\"https:\\\/\\\/www.organisator.ch\\\/#\\\/schema\\\/logo\\\/image\\\/\",\"url\":\"https:\\\/\\\/www.organisator.ch\\\/wp-content\\\/uploads\\\/2022\\\/01\\\/Logo_Organisator_Website.png\",\"contentUrl\":\"https:\\\/\\\/www.organisator.ch\\\/wp-content\\\/uploads\\\/2022\\\/01\\\/Logo_Organisator_Website.png\",\"width\":800,\"height\":77,\"caption\":\"Organisator\"},\"image\":{\"@id\":\"https:\\\/\\\/www.organisator.ch\\\/#\\\/schema\\\/logo\\\/image\\\/\"},\"sameAs\":[\"https:\\\/\\\/www.facebook.com\\\/OrganisatorFachmagazin\",\"https:\\\/\\\/www.linkedin.com\\\/showcase\\\/organisator-das-magazin-fr-kmu\",\"https:\\\/\\\/www.xing.com\\\/news\\\/pages\\\/organisator-ch-695\",\"https:\\\/\\\/www.youtube.com\\\/channel\\\/UCGP2Sq0iWaZwT3BdIAQFYpw\"]},{\"@type\":\"Person\",\"@id\":\"https:\\\/\\\/www.organisator.ch\\\/#\\\/schema\\\/person\\\/6f650f90b2842cd4c0cc334b4e36f67e\",\"name\":\"thomas.berner\",\"image\":{\"@type\":\"ImageObject\",\"inLanguage\":\"fr-FR\",\"@id\":\"https:\\\/\\\/secure.gravatar.com\\\/avatar\\\/ac5001d2a36cb6c6cd3e50789007ffca834b477b74a2144564522e944eabff61?s=96&d=mm&r=g\",\"url\":\"https:\\\/\\\/secure.gravatar.com\\\/avatar\\\/ac5001d2a36cb6c6cd3e50789007ffca834b477b74a2144564522e944eabff61?s=96&d=mm&r=g\",\"contentUrl\":\"https:\\\/\\\/secure.gravatar.com\\\/avatar\\\/ac5001d2a36cb6c6cd3e50789007ffca834b477b74a2144564522e944eabff61?s=96&d=mm&r=g\",\"caption\":\"thomas.berner\"},\"url\":\"https:\\\/\\\/www.organisator.ch\\\/fr\\\/author\\\/thomas-berner\\\/\"}]}<\/script>\n<!-- \/ Yoast SEO plugin. -->","yoast_head_json":{"title":"La facture QR arrive sans que personne ne semble s'en apercevoir... - Organisateur","description":"Elle arrive, mais de mani\u00e8re \u00e0 peine perceptible jusqu'\u00e0 pr\u00e9sent : la QR-facture. D'ici le 30 septembre 2022, le passage \u00e0 la QR-facture devrait \u00eatre compl\u00e8tement termin\u00e9.","robots":{"index":"index","follow":"follow","max-snippet":"max-snippet:-1","max-image-preview":"max-image-preview:large","max-video-preview":"max-video-preview:-1"},"canonical":"https:\/\/www.organisator.ch\/fr\/gestion-2\/finanzen_recht\/2021-09-27\/die-qr-rechnung-kommt-ohne-dass-es-jemand-zu-merken-scheint\/","og_locale":"fr_FR","og_type":"article","og_title":"Die QR-Rechnung kommt, ohne dass es jemand zu merken scheint...","og_description":"Sie kommt, aber bisher kaum merklich: Die QR-Rechnung. Bis zum 30. September 2022 soll die Umstellung auf die QR-Rechnung komplett abgeschlossen sein.","og_url":"https:\/\/www.organisator.ch\/fr\/gestion-2\/finanzen_recht\/2021-09-27\/die-qr-rechnung-kommt-ohne-dass-es-jemand-zu-merken-scheint\/","og_site_name":"Organisator","article_publisher":"https:\/\/www.facebook.com\/OrganisatorFachmagazin","article_published_time":"2021-09-27T06:13:40+00:00","author":"thomas.berner","twitter_card":"summary_large_image","twitter_title":"Die #QR-Rechnung kommt, ohne dass es jemand zu merken scheint...","twitter_description":"Sie kommt, aber bisher kaum merklich: Die #QR-Rechnung. Bis zum 30. September 2022 soll die Umstellung auf die QR-Rechnung komplett abgeschlossen sein.","schema":{"@context":"https:\/\/schema.org","@graph":[{"@type":"Article","@id":"https:\/\/www.organisator.ch\/management\/finanzen_recht\/2021-09-27\/die-qr-rechnung-kommt-ohne-dass-es-jemand-zu-merken-scheint\/#article","isPartOf":{"@id":"https:\/\/www.organisator.ch\/management\/finanzen_recht\/2021-09-27\/die-qr-rechnung-kommt-ohne-dass-es-jemand-zu-merken-scheint\/"},"author":{"name":"thomas.berner","@id":"https:\/\/www.organisator.ch\/#\/schema\/person\/6f650f90b2842cd4c0cc334b4e36f67e"},"headline":"Die QR-Rechnung kommt, ohne dass es jemand zu merken scheint&#8230;","datePublished":"2021-09-27T06:13:40+00:00","mainEntityOfPage":{"@id":"https:\/\/www.organisator.ch\/management\/finanzen_recht\/2021-09-27\/die-qr-rechnung-kommt-ohne-dass-es-jemand-zu-merken-scheint\/"},"wordCount":680,"publisher":{"@id":"https:\/\/www.organisator.ch\/#organization"},"image":{"@id":"https:\/\/www.organisator.ch\/management\/finanzen_recht\/2021-09-27\/die-qr-rechnung-kommt-ohne-dass-es-jemand-zu-merken-scheint\/#primaryimage"},"thumbnailUrl":"https:\/\/www.organisator.ch\/wp-content\/uploads\/2021\/09\/Die-QR-Rechnung-kommt-ohne-dass-es-jemand-zu-merken-scheint_Organisator.jpg","keywords":["Finanzen\/Recht","IT &amp; Business Software","Produkte"],"articleSection":["FINANZEN\/RECHT"],"inLanguage":"fr-FR"},{"@type":"WebPage","@id":"https:\/\/www.organisator.ch\/management\/finanzen_recht\/2021-09-27\/die-qr-rechnung-kommt-ohne-dass-es-jemand-zu-merken-scheint\/","url":"https:\/\/www.organisator.ch\/management\/finanzen_recht\/2021-09-27\/die-qr-rechnung-kommt-ohne-dass-es-jemand-zu-merken-scheint\/","name":"La facture QR arrive sans que personne ne semble s'en apercevoir... - Organisateur","isPartOf":{"@id":"https:\/\/www.organisator.ch\/#website"},"primaryImageOfPage":{"@id":"https:\/\/www.organisator.ch\/management\/finanzen_recht\/2021-09-27\/die-qr-rechnung-kommt-ohne-dass-es-jemand-zu-merken-scheint\/#primaryimage"},"image":{"@id":"https:\/\/www.organisator.ch\/management\/finanzen_recht\/2021-09-27\/die-qr-rechnung-kommt-ohne-dass-es-jemand-zu-merken-scheint\/#primaryimage"},"thumbnailUrl":"https:\/\/www.organisator.ch\/wp-content\/uploads\/2021\/09\/Die-QR-Rechnung-kommt-ohne-dass-es-jemand-zu-merken-scheint_Organisator.jpg","datePublished":"2021-09-27T06:13:40+00:00","description":"Elle arrive, mais de mani\u00e8re \u00e0 peine perceptible jusqu'\u00e0 pr\u00e9sent : la QR-facture. D'ici le 30 septembre 2022, le passage \u00e0 la QR-facture devrait \u00eatre compl\u00e8tement termin\u00e9.","breadcrumb":{"@id":"https:\/\/www.organisator.ch\/management\/finanzen_recht\/2021-09-27\/die-qr-rechnung-kommt-ohne-dass-es-jemand-zu-merken-scheint\/#breadcrumb"},"inLanguage":"fr-FR","potentialAction":[{"@type":"ReadAction","target":["https:\/\/www.organisator.ch\/management\/finanzen_recht\/2021-09-27\/die-qr-rechnung-kommt-ohne-dass-es-jemand-zu-merken-scheint\/"]}]},{"@type":"ImageObject","inLanguage":"fr-FR","@id":"https:\/\/www.organisator.ch\/management\/finanzen_recht\/2021-09-27\/die-qr-rechnung-kommt-ohne-dass-es-jemand-zu-merken-scheint\/#primaryimage","url":"https:\/\/www.organisator.ch\/wp-content\/uploads\/2021\/09\/Die-QR-Rechnung-kommt-ohne-dass-es-jemand-zu-merken-scheint_Organisator.jpg","contentUrl":"https:\/\/www.organisator.ch\/wp-content\/uploads\/2021\/09\/Die-QR-Rechnung-kommt-ohne-dass-es-jemand-zu-merken-scheint_Organisator.jpg","width":680,"height":361,"caption":"Die QR-Rechnung wird ab 30. September 2022 definitiv Realit\u00e4t und ersetzt die bisherigen orangen Einzahlungsscheine. (Bild: QR Modul)"},{"@type":"BreadcrumbList","@id":"https:\/\/www.organisator.ch\/management\/finanzen_recht\/2021-09-27\/die-qr-rechnung-kommt-ohne-dass-es-jemand-zu-merken-scheint\/#breadcrumb","itemListElement":[{"@type":"ListItem","position":1,"name":"Home","item":"https:\/\/www.organisator.ch\/"},{"@type":"ListItem","position":2,"name":"Die QR-Rechnung kommt, ohne dass es jemand zu merken scheint&#8230;"}]},{"@type":"WebSite","@id":"https:\/\/www.organisator.ch\/#website","url":"https:\/\/www.organisator.ch\/","name":"Organisateur","description":"Comp\u00e9tence et comp\u00e9tence. Proches de la pratique. L'ORGANISATEUR pr\u00e9pare 10 num\u00e9ros par an sur les th\u00e8mes essentiels pour les dirigeants de PME.","publisher":{"@id":"https:\/\/www.organisator.ch\/#organization"},"potentialAction":[{"@type":"SearchAction","target":{"@type":"EntryPoint","urlTemplate":"https:\/\/www.organisator.ch\/?s={search_term_string}"},"query-input":{"@type":"PropertyValueSpecification","valueRequired":true,"valueName":"search_term_string"}}],"inLanguage":"fr-FR"},{"@type":"Organization","@id":"https:\/\/www.organisator.ch\/#organization","name":"Organisateur","url":"https:\/\/www.organisator.ch\/","logo":{"@type":"ImageObject","inLanguage":"fr-FR","@id":"https:\/\/www.organisator.ch\/#\/schema\/logo\/image\/","url":"https:\/\/www.organisator.ch\/wp-content\/uploads\/2022\/01\/Logo_Organisator_Website.png","contentUrl":"https:\/\/www.organisator.ch\/wp-content\/uploads\/2022\/01\/Logo_Organisator_Website.png","width":800,"height":77,"caption":"Organisator"},"image":{"@id":"https:\/\/www.organisator.ch\/#\/schema\/logo\/image\/"},"sameAs":["https:\/\/www.facebook.com\/OrganisatorFachmagazin","https:\/\/www.linkedin.com\/showcase\/organisator-das-magazin-fr-kmu","https:\/\/www.xing.com\/news\/pages\/organisator-ch-695","https:\/\/www.youtube.com\/channel\/UCGP2Sq0iWaZwT3BdIAQFYpw"]},{"@type":"Person","@id":"https:\/\/www.organisator.ch\/#\/schema\/person\/6f650f90b2842cd4c0cc334b4e36f67e","name":"thomas.berner","image":{"@type":"ImageObject","inLanguage":"fr-FR","@id":"https:\/\/secure.gravatar.com\/avatar\/ac5001d2a36cb6c6cd3e50789007ffca834b477b74a2144564522e944eabff61?s=96&d=mm&r=g","url":"https:\/\/secure.gravatar.com\/avatar\/ac5001d2a36cb6c6cd3e50789007ffca834b477b74a2144564522e944eabff61?s=96&d=mm&r=g","contentUrl":"https:\/\/secure.gravatar.com\/avatar\/ac5001d2a36cb6c6cd3e50789007ffca834b477b74a2144564522e944eabff61?s=96&d=mm&r=g","caption":"thomas.berner"},"url":"https:\/\/www.organisator.ch\/fr\/author\/thomas-berner\/"}]}},"_links":{"self":[{"href":"https:\/\/www.organisator.ch\/fr\/wp-json\/wp\/v2\/posts\/11710","targetHints":{"allow":["GET"]}}],"collection":[{"href":"https:\/\/www.organisator.ch\/fr\/wp-json\/wp\/v2\/posts"}],"about":[{"href":"https:\/\/www.organisator.ch\/fr\/wp-json\/wp\/v2\/types\/post"}],"author":[{"embeddable":true,"href":"https:\/\/www.organisator.ch\/fr\/wp-json\/wp\/v2\/users\/4"}],"replies":[{"embeddable":true,"href":"https:\/\/www.organisator.ch\/fr\/wp-json\/wp\/v2\/comments?post=11710"}],"version-history":[{"count":0,"href":"https:\/\/www.organisator.ch\/fr\/wp-json\/wp\/v2\/posts\/11710\/revisions"}],"wp:featuredmedia":[{"embeddable":true,"href":"https:\/\/www.organisator.ch\/fr\/wp-json\/wp\/v2\/media\/11470"}],"wp:attachment":[{"href":"https:\/\/www.organisator.ch\/fr\/wp-json\/wp\/v2\/media?parent=11710"}],"wp:term":[{"taxonomy":"category","embeddable":true,"href":"https:\/\/www.organisator.ch\/fr\/wp-json\/wp\/v2\/categories?post=11710"},{"taxonomy":"post_tag","embeddable":true,"href":"https:\/\/www.organisator.ch\/fr\/wp-json\/wp\/v2\/tags?post=11710"}],"curies":[{"name":"wp","href":"https:\/\/api.w.org\/{rel}","templated":true}]}}