{"id":11714,"date":"2021-09-30T07:57:03","date_gmt":"2021-09-30T05:57:03","guid":{"rendered":"https:\/\/www.organisator.ch\/?p=8589"},"modified":"2021-09-30T07:57:03","modified_gmt":"2021-09-30T05:57:03","slug":"digitale-rechnungsverarbeitung-kein-logistischer-kraftakt-mehr","status":"publish","type":"post","link":"https:\/\/www.organisator.ch\/fr\/management\/finanzen_recht\/2021-09-30\/digitale-rechnungsverarbeitung-kein-logistischer-kraftakt-mehr\/","title":{"rendered":"Traitement num\u00e9rique des factures : plus de tour de force logistique"},"content":{"rendered":"<figure id=\"attachment_8592\" aria-describedby=\"caption-attachment-8592\" style=\"width: 680px\" class=\"wp-caption alignnone\"><a href=\"https:\/\/www.organisator.ch\/wp-content\/uploads\/2021\/09\/Digitale-Rechnungsverarbeitung-Kein-logistischer-Kraftakt-mehr_Organisator.jpg\"><img loading=\"lazy\" decoding=\"async\" class=\"size-medium wp-image-8592\" src=\"https:\/\/www.organisator.ch\/wp-content\/uploads\/2021\/09\/Digitale-Rechnungsverarbeitung-Kein-logistischer-Kraftakt-mehr_Organisator.jpg\" alt=\"\" width=\"680\" height=\"680\" \/><\/a><figcaption id=\"caption-attachment-8592\" class=\"wp-caption-text\">Le traitement num\u00e9rique des factures contribue largement \u00e0 la rationalisation des processus. Eros Merlini, Head of Conextrade chez Swisscom, parle des principaux avantages de l'e-invoicing. (Image : zVg \/ Conextrade)<\/figcaption><\/figure>\n<p>Conextrade, une entreprise de Swisscom, soutient ses clients dans toute la cha\u00eene de processus num\u00e9riques et les aide ainsi \u00e0 optimiser leur num\u00e9risation. Nous nous sommes entretenus avec Eros Merlini, Head of Conextrade chez Swisscom, sur les d\u00e9veloppements actuels.<\/p>\n<p><em>Monsieur Merlini, on sait que dans le cadre des mesures contre la pand\u00e9mie, de nombreuses entreprises ont d\u00fb adapter leurs processus. Dans quelle mesure cela a-t-il eu un impact sur la demande de services de Conextrade ? Y a-t-il eu une sorte de boom ?<\/em><br \/>\n<strong>Eros Merlini :<\/strong> Le travail en home office a montr\u00e9 \u00e0 de nombreuses entreprises \u00e0 quel point le traitement des factures des cr\u00e9anciers en home office peut \u00eatre difficile et co\u00fbteux. Forc\u00e9ment, les mesures prises en cas de pand\u00e9mie ont entra\u00een\u00e9 un changement de mentalit\u00e9 dans les grandes entreprises comme dans les PME. En effet, la r\u00e9ception, le traitement, la transmission, le visa et l'archivage des factures repr\u00e9sentent un v\u00e9ritable tour de force logistique dans un bureau \u00e0 domicile. En cons\u00e9quence, un int\u00e9r\u00eat accru s'est manifest\u00e9 non seulement pour les services Conextrade, mais aussi pour d'autres services de Swisscom comme Swiss TrustRoom.<\/p>\n<p><em>A qui les solutions de Conextrade sont-elles accessibles ? Uniquement aux clients de Swisscom ?<\/em><br \/>\nLes services de Conextrade sont \u00e0 la disposition de toutes les entreprises de Suisse, quel que soit leur secteur d'activit\u00e9.<\/p>\n<p><em>Quel est le gain de temps effectif lors du passage \u00e0 l'e-facturation ou \u00e0 l'e-procurement ? Est-il possible de chiffrer ce gain ?<\/em><br \/>\nDiff\u00e9rentes \u00e9tudes (par ex. de Billentis, Computerworld ou de la FHNW) chiffrent le potentiel d'\u00e9conomie num\u00e9rique vs. papier entre 3 et 6 CHF par facture pour la facturation et entre 20 et 30 CHF par facture pour la r\u00e9ception.<\/p>\n<p><em>Et quel est le co\u00fbt de mise en \u0153uvre d'un traitement num\u00e9rique des factures ?<\/em><br \/>\nCe n'est pas si simple \u00e0 dire, car cela d\u00e9pend si l'entreprise dispose de son propre service informatique ou si elle souhaite mettre en \u0153uvre elle-m\u00eame la solution.<\/p>\n<p><em>Qu'en est-il des interfaces avec les logiciels de comptabilit\u00e9 et les syst\u00e8mes ERP de tiers ? Lesquels sont pris en charge ?<\/em><br \/>\nConextrade est une plateforme ind\u00e9pendante de l'ERP pour les processus num\u00e9riques et connecte les entreprises avec diff\u00e9rents syst\u00e8mes ERP. Nos clients utilisent par exemple SAP, Navision, Abacus, Sage, Sesam, etc.<\/p>\n<p><em>Outre la \"vague de num\u00e9risation\", le trafic des paiements conna\u00eet \u00e9galement des changements \u00e0 d'autres endroits. Ainsi, le fameux bulletin de versement orange appartiendra bient\u00f4t au pass\u00e9. Dans quelle mesure cela serait-il l'occasion id\u00e9ale de changer compl\u00e8tement de syst\u00e8me de paiement ? <\/em><em>passer \u00e0 la facturation \u00e9lectronique ?<\/em><br \/>\nLe bulletin de versement est remplac\u00e9 par le code QR ou la facture QR. Le changement n'est pas en soi une raison particuli\u00e8re de passer \u00e0 la facturation \u00e9lectronique. La v\u00e9ritable motivation pour l'e-invoicing lors de l'envoi de factures est l'important potentiel d'\u00e9conomies ainsi que le respect de l'environnement, puisque l'impression, le papier, les enveloppes et surtout les frais de port sont supprim\u00e9s - ceci pour l'e-invoicing dans le domaine B2B et \u00e9galement, depuis peu, avec eBill (facture num\u00e9rique dans le portail eBanking) pour le domaine B2C.<\/p>\n<p><em>O\u00f9 voyez-vous d'autres potentiels pour la num\u00e9risation des processus commerciaux ?<\/em><br \/>\nOutre la facture, un grand potentiel r\u00e9side dans la combinaison avec les autres processus de la cha\u00eene Procure2Pay\/Order2Cash, comme la commande, la confirmation de commande et le bon de livraison. La num\u00e9risation de ces processus apporte d'autres possibilit\u00e9s d'efficacit\u00e9 et de r\u00e9duction des co\u00fbts, comme par exemple la comptabilisation automatique des factures (order matching).<\/p>\n<p><em>Plus d'informations : <a href=\"http:\/\/www.conextrade.com\">www.conextrade.com<\/a><\/em><\/p>","protected":false},"excerpt":{"rendered":"<p>Conextrade, ein Swisscom-Unternehmen, unterst\u00fctzt ihre Kunden in der gesamten digitalen Prozesskette und hilft ihnen somit, ihre Digitalisierung zu optimieren. Wir sprachen mit Eros Merlini, Head of Conextrade bei Swisscom, \u00fcber die aktuellen Entwicklungen. Herr Merlini, im Zuge der Pandemiemassnahmen mussten bekanntlich viele Unternehmen ihre Prozesse anpassen. Wie stark hat sich dies auf die Nachfrage nach [&hellip;]<\/p>\n","protected":false},"author":4,"featured_media":11474,"comment_status":"closed","ping_status":"closed","sticky":false,"template":"","format":"standard","meta":{"_acf_changed":false,"_yoast_wpseo_focuskw":"Digitale Rechnungsverarbeitung","_yoast_wpseo_metadesc":"Gerade die digitale Rechnungsverarbeitung erweist sich f\u00fcr die Arbeit im Homeoffice als Vorteil, wie Eros Merlini von Conextrade erl\u00e4utert.","articlekey":"","footnotes":""},"categories":[24],"tags":[156,202,288,393,405],"class_list":["post-11714","post","type-post","status-publish","format-standard","has-post-thumbnail","hentry","category-finanzen_recht","tag-digitalisierung","tag-finanzenrecht","tag-it-business-software","tag-produkte","tag-rechnungswesen"],"acf":[],"yoast_head":"<!-- This site is optimized with the Yoast SEO plugin v27.4 - https:\/\/yoast.com\/product\/yoast-seo-wordpress\/ -->\n<title>Digitale Rechnungsverarbeitung: Kein logistischer Kraftakt mehr - Organisator<\/title>\n<meta name=\"description\" content=\"Gerade die digitale Rechnungsverarbeitung erweist sich f\u00fcr die Arbeit im Homeoffice als Vorteil, wie Eros Merlini von Conextrade erl\u00e4utert.\" \/>\n<meta name=\"robots\" content=\"index, follow, max-snippet:-1, max-image-preview:large, max-video-preview:-1\" \/>\n<link rel=\"canonical\" href=\"https:\/\/www.organisator.ch\/fr\/gestion-2\/finanzen_recht\/2021-09-30\/digitale-rechnungsverarbeitung-kein-logistischer-kraftakt-mehr\/\" \/>\n<meta property=\"og:locale\" content=\"fr_FR\" \/>\n<meta property=\"og:type\" content=\"article\" \/>\n<meta property=\"og:title\" content=\"Digitale Rechnungsverarbeitung: Kein logistischer Kraftakt mehr\" \/>\n<meta property=\"og:description\" content=\"Gerade die digitale Rechnungsverarbeitung erweist sich f\u00fcr die Arbeit im Homeoffice als Vorteil, wie Eros Merlini von Conextrade erl\u00e4utert.\" \/>\n<meta property=\"og:url\" content=\"https:\/\/www.organisator.ch\/fr\/gestion-2\/finanzen_recht\/2021-09-30\/digitale-rechnungsverarbeitung-kein-logistischer-kraftakt-mehr\/\" \/>\n<meta property=\"og:site_name\" content=\"Organisator\" \/>\n<meta property=\"article:publisher\" content=\"https:\/\/www.facebook.com\/OrganisatorFachmagazin\" \/>\n<meta property=\"article:published_time\" content=\"2021-09-30T05:57:03+00:00\" \/>\n<meta name=\"author\" content=\"thomas.berner\" \/>\n<meta name=\"twitter:card\" content=\"summary_large_image\" \/>\n<meta name=\"twitter:title\" content=\"Digitale #Rechnungsverarbeitung: Kein logistischer #Kraftakt mehr\" \/>\n<meta name=\"twitter:description\" content=\"Gerade die digitale #Rechnungsverarbeitung erweist sich f\u00fcr die Arbeit im Homeoffice als Vorteil, wie Eros Merlini von #Conextrade erl\u00e4utert.\" \/>\n<script type=\"application\/ld+json\" class=\"yoast-schema-graph\">{\"@context\":\"https:\\\/\\\/schema.org\",\"@graph\":[{\"@type\":\"Article\",\"@id\":\"https:\\\/\\\/www.organisator.ch\\\/management\\\/finanzen_recht\\\/2021-09-30\\\/digitale-rechnungsverarbeitung-kein-logistischer-kraftakt-mehr\\\/#article\",\"isPartOf\":{\"@id\":\"https:\\\/\\\/www.organisator.ch\\\/management\\\/finanzen_recht\\\/2021-09-30\\\/digitale-rechnungsverarbeitung-kein-logistischer-kraftakt-mehr\\\/\"},\"author\":{\"name\":\"thomas.berner\",\"@id\":\"https:\\\/\\\/www.organisator.ch\\\/#\\\/schema\\\/person\\\/6f650f90b2842cd4c0cc334b4e36f67e\"},\"headline\":\"Digitale Rechnungsverarbeitung: Kein logistischer Kraftakt mehr\",\"datePublished\":\"2021-09-30T05:57:03+00:00\",\"mainEntityOfPage\":{\"@id\":\"https:\\\/\\\/www.organisator.ch\\\/management\\\/finanzen_recht\\\/2021-09-30\\\/digitale-rechnungsverarbeitung-kein-logistischer-kraftakt-mehr\\\/\"},\"wordCount\":516,\"publisher\":{\"@id\":\"https:\\\/\\\/www.organisator.ch\\\/#organization\"},\"image\":{\"@id\":\"https:\\\/\\\/www.organisator.ch\\\/management\\\/finanzen_recht\\\/2021-09-30\\\/digitale-rechnungsverarbeitung-kein-logistischer-kraftakt-mehr\\\/#primaryimage\"},\"thumbnailUrl\":\"https:\\\/\\\/www.organisator.ch\\\/wp-content\\\/uploads\\\/2021\\\/09\\\/Digitale-Rechnungsverarbeitung-Kein-logistischer-Kraftakt-mehr_Organisator.jpg\",\"keywords\":[\"Digitalisierung\",\"Finanzen\\\/Recht\",\"IT &amp; Business Software\",\"Produkte\",\"Rechnungswesen\"],\"articleSection\":[\"FINANZEN\\\/RECHT\"],\"inLanguage\":\"fr-FR\"},{\"@type\":\"WebPage\",\"@id\":\"https:\\\/\\\/www.organisator.ch\\\/management\\\/finanzen_recht\\\/2021-09-30\\\/digitale-rechnungsverarbeitung-kein-logistischer-kraftakt-mehr\\\/\",\"url\":\"https:\\\/\\\/www.organisator.ch\\\/management\\\/finanzen_recht\\\/2021-09-30\\\/digitale-rechnungsverarbeitung-kein-logistischer-kraftakt-mehr\\\/\",\"name\":\"Digitale Rechnungsverarbeitung: Kein logistischer Kraftakt mehr - Organisator\",\"isPartOf\":{\"@id\":\"https:\\\/\\\/www.organisator.ch\\\/#website\"},\"primaryImageOfPage\":{\"@id\":\"https:\\\/\\\/www.organisator.ch\\\/management\\\/finanzen_recht\\\/2021-09-30\\\/digitale-rechnungsverarbeitung-kein-logistischer-kraftakt-mehr\\\/#primaryimage\"},\"image\":{\"@id\":\"https:\\\/\\\/www.organisator.ch\\\/management\\\/finanzen_recht\\\/2021-09-30\\\/digitale-rechnungsverarbeitung-kein-logistischer-kraftakt-mehr\\\/#primaryimage\"},\"thumbnailUrl\":\"https:\\\/\\\/www.organisator.ch\\\/wp-content\\\/uploads\\\/2021\\\/09\\\/Digitale-Rechnungsverarbeitung-Kein-logistischer-Kraftakt-mehr_Organisator.jpg\",\"datePublished\":\"2021-09-30T05:57:03+00:00\",\"description\":\"Gerade die digitale Rechnungsverarbeitung erweist sich f\u00fcr die Arbeit im Homeoffice als Vorteil, wie Eros Merlini von Conextrade erl\u00e4utert.\",\"breadcrumb\":{\"@id\":\"https:\\\/\\\/www.organisator.ch\\\/management\\\/finanzen_recht\\\/2021-09-30\\\/digitale-rechnungsverarbeitung-kein-logistischer-kraftakt-mehr\\\/#breadcrumb\"},\"inLanguage\":\"fr-FR\",\"potentialAction\":[{\"@type\":\"ReadAction\",\"target\":[\"https:\\\/\\\/www.organisator.ch\\\/management\\\/finanzen_recht\\\/2021-09-30\\\/digitale-rechnungsverarbeitung-kein-logistischer-kraftakt-mehr\\\/\"]}]},{\"@type\":\"ImageObject\",\"inLanguage\":\"fr-FR\",\"@id\":\"https:\\\/\\\/www.organisator.ch\\\/management\\\/finanzen_recht\\\/2021-09-30\\\/digitale-rechnungsverarbeitung-kein-logistischer-kraftakt-mehr\\\/#primaryimage\",\"url\":\"https:\\\/\\\/www.organisator.ch\\\/wp-content\\\/uploads\\\/2021\\\/09\\\/Digitale-Rechnungsverarbeitung-Kein-logistischer-Kraftakt-mehr_Organisator.jpg\",\"contentUrl\":\"https:\\\/\\\/www.organisator.ch\\\/wp-content\\\/uploads\\\/2021\\\/09\\\/Digitale-Rechnungsverarbeitung-Kein-logistischer-Kraftakt-mehr_Organisator.jpg\",\"width\":680,\"height\":680,\"caption\":\"Die digitale Rechnungsverarbeitung leistet einen wesentlichen Beitrag zur Verschlankung von Prozessen. Wir sprachen mit Eros Merlini, Head of Conextrade bei Swisscom, \u00fcber die aktuellen Entwicklungen. (Bild: zVg \\\/ Conextrade)\"},{\"@type\":\"BreadcrumbList\",\"@id\":\"https:\\\/\\\/www.organisator.ch\\\/management\\\/finanzen_recht\\\/2021-09-30\\\/digitale-rechnungsverarbeitung-kein-logistischer-kraftakt-mehr\\\/#breadcrumb\",\"itemListElement\":[{\"@type\":\"ListItem\",\"position\":1,\"name\":\"Home\",\"item\":\"https:\\\/\\\/www.organisator.ch\\\/\"},{\"@type\":\"ListItem\",\"position\":2,\"name\":\"Digitale Rechnungsverarbeitung: Kein logistischer Kraftakt mehr\"}]},{\"@type\":\"WebSite\",\"@id\":\"https:\\\/\\\/www.organisator.ch\\\/#website\",\"url\":\"https:\\\/\\\/www.organisator.ch\\\/\",\"name\":\"Organisator\",\"description\":\"Kompetent. Praxisnah. Der ORGANISATOR bereitet in 10 Ausgaben pro Jahr die wesentlichen Themen f\u00fcr F\u00fchrungskr\u00e4fte von KMU auf.\",\"publisher\":{\"@id\":\"https:\\\/\\\/www.organisator.ch\\\/#organization\"},\"potentialAction\":[{\"@type\":\"SearchAction\",\"target\":{\"@type\":\"EntryPoint\",\"urlTemplate\":\"https:\\\/\\\/www.organisator.ch\\\/?s={search_term_string}\"},\"query-input\":{\"@type\":\"PropertyValueSpecification\",\"valueRequired\":true,\"valueName\":\"search_term_string\"}}],\"inLanguage\":\"fr-FR\"},{\"@type\":\"Organization\",\"@id\":\"https:\\\/\\\/www.organisator.ch\\\/#organization\",\"name\":\"Organisator\",\"url\":\"https:\\\/\\\/www.organisator.ch\\\/\",\"logo\":{\"@type\":\"ImageObject\",\"inLanguage\":\"fr-FR\",\"@id\":\"https:\\\/\\\/www.organisator.ch\\\/#\\\/schema\\\/logo\\\/image\\\/\",\"url\":\"https:\\\/\\\/www.organisator.ch\\\/wp-content\\\/uploads\\\/2022\\\/01\\\/Logo_Organisator_Website.png\",\"contentUrl\":\"https:\\\/\\\/www.organisator.ch\\\/wp-content\\\/uploads\\\/2022\\\/01\\\/Logo_Organisator_Website.png\",\"width\":800,\"height\":77,\"caption\":\"Organisator\"},\"image\":{\"@id\":\"https:\\\/\\\/www.organisator.ch\\\/#\\\/schema\\\/logo\\\/image\\\/\"},\"sameAs\":[\"https:\\\/\\\/www.facebook.com\\\/OrganisatorFachmagazin\",\"https:\\\/\\\/www.linkedin.com\\\/showcase\\\/organisator-das-magazin-fr-kmu\",\"https:\\\/\\\/www.xing.com\\\/news\\\/pages\\\/organisator-ch-695\",\"https:\\\/\\\/www.youtube.com\\\/channel\\\/UCGP2Sq0iWaZwT3BdIAQFYpw\"]},{\"@type\":\"Person\",\"@id\":\"https:\\\/\\\/www.organisator.ch\\\/#\\\/schema\\\/person\\\/6f650f90b2842cd4c0cc334b4e36f67e\",\"name\":\"thomas.berner\",\"image\":{\"@type\":\"ImageObject\",\"inLanguage\":\"fr-FR\",\"@id\":\"https:\\\/\\\/secure.gravatar.com\\\/avatar\\\/ac5001d2a36cb6c6cd3e50789007ffca834b477b74a2144564522e944eabff61?s=96&d=mm&r=g\",\"url\":\"https:\\\/\\\/secure.gravatar.com\\\/avatar\\\/ac5001d2a36cb6c6cd3e50789007ffca834b477b74a2144564522e944eabff61?s=96&d=mm&r=g\",\"contentUrl\":\"https:\\\/\\\/secure.gravatar.com\\\/avatar\\\/ac5001d2a36cb6c6cd3e50789007ffca834b477b74a2144564522e944eabff61?s=96&d=mm&r=g\",\"caption\":\"thomas.berner\"},\"url\":\"https:\\\/\\\/www.organisator.ch\\\/fr\\\/author\\\/thomas-berner\\\/\"}]}<\/script>\n<!-- \/ Yoast SEO plugin. -->","yoast_head_json":{"title":"Traitement num\u00e9rique des factures : plus de tour de force logistique - Organisateur","description":"C'est justement le traitement num\u00e9rique des factures qui s'av\u00e8re \u00eatre un avantage pour le travail \u00e0 domicile, comme l'explique Eros Merlini de Conextrade.","robots":{"index":"index","follow":"follow","max-snippet":"max-snippet:-1","max-image-preview":"max-image-preview:large","max-video-preview":"max-video-preview:-1"},"canonical":"https:\/\/www.organisator.ch\/fr\/gestion-2\/finanzen_recht\/2021-09-30\/digitale-rechnungsverarbeitung-kein-logistischer-kraftakt-mehr\/","og_locale":"fr_FR","og_type":"article","og_title":"Digitale Rechnungsverarbeitung: Kein logistischer Kraftakt mehr","og_description":"Gerade die digitale Rechnungsverarbeitung erweist sich f\u00fcr die Arbeit im Homeoffice als Vorteil, wie Eros Merlini von Conextrade erl\u00e4utert.","og_url":"https:\/\/www.organisator.ch\/fr\/gestion-2\/finanzen_recht\/2021-09-30\/digitale-rechnungsverarbeitung-kein-logistischer-kraftakt-mehr\/","og_site_name":"Organisator","article_publisher":"https:\/\/www.facebook.com\/OrganisatorFachmagazin","article_published_time":"2021-09-30T05:57:03+00:00","author":"thomas.berner","twitter_card":"summary_large_image","twitter_title":"Digitale #Rechnungsverarbeitung: Kein logistischer #Kraftakt mehr","twitter_description":"Gerade die digitale #Rechnungsverarbeitung erweist sich f\u00fcr die Arbeit im Homeoffice als Vorteil, wie Eros Merlini von #Conextrade erl\u00e4utert.","schema":{"@context":"https:\/\/schema.org","@graph":[{"@type":"Article","@id":"https:\/\/www.organisator.ch\/management\/finanzen_recht\/2021-09-30\/digitale-rechnungsverarbeitung-kein-logistischer-kraftakt-mehr\/#article","isPartOf":{"@id":"https:\/\/www.organisator.ch\/management\/finanzen_recht\/2021-09-30\/digitale-rechnungsverarbeitung-kein-logistischer-kraftakt-mehr\/"},"author":{"name":"thomas.berner","@id":"https:\/\/www.organisator.ch\/#\/schema\/person\/6f650f90b2842cd4c0cc334b4e36f67e"},"headline":"Digitale Rechnungsverarbeitung: Kein logistischer Kraftakt mehr","datePublished":"2021-09-30T05:57:03+00:00","mainEntityOfPage":{"@id":"https:\/\/www.organisator.ch\/management\/finanzen_recht\/2021-09-30\/digitale-rechnungsverarbeitung-kein-logistischer-kraftakt-mehr\/"},"wordCount":516,"publisher":{"@id":"https:\/\/www.organisator.ch\/#organization"},"image":{"@id":"https:\/\/www.organisator.ch\/management\/finanzen_recht\/2021-09-30\/digitale-rechnungsverarbeitung-kein-logistischer-kraftakt-mehr\/#primaryimage"},"thumbnailUrl":"https:\/\/www.organisator.ch\/wp-content\/uploads\/2021\/09\/Digitale-Rechnungsverarbeitung-Kein-logistischer-Kraftakt-mehr_Organisator.jpg","keywords":["Digitalisierung","Finanzen\/Recht","IT &amp; Business Software","Produkte","Rechnungswesen"],"articleSection":["FINANZEN\/RECHT"],"inLanguage":"fr-FR"},{"@type":"WebPage","@id":"https:\/\/www.organisator.ch\/management\/finanzen_recht\/2021-09-30\/digitale-rechnungsverarbeitung-kein-logistischer-kraftakt-mehr\/","url":"https:\/\/www.organisator.ch\/management\/finanzen_recht\/2021-09-30\/digitale-rechnungsverarbeitung-kein-logistischer-kraftakt-mehr\/","name":"Traitement num\u00e9rique des factures : plus de tour de force logistique - Organisateur","isPartOf":{"@id":"https:\/\/www.organisator.ch\/#website"},"primaryImageOfPage":{"@id":"https:\/\/www.organisator.ch\/management\/finanzen_recht\/2021-09-30\/digitale-rechnungsverarbeitung-kein-logistischer-kraftakt-mehr\/#primaryimage"},"image":{"@id":"https:\/\/www.organisator.ch\/management\/finanzen_recht\/2021-09-30\/digitale-rechnungsverarbeitung-kein-logistischer-kraftakt-mehr\/#primaryimage"},"thumbnailUrl":"https:\/\/www.organisator.ch\/wp-content\/uploads\/2021\/09\/Digitale-Rechnungsverarbeitung-Kein-logistischer-Kraftakt-mehr_Organisator.jpg","datePublished":"2021-09-30T05:57:03+00:00","description":"C'est justement le traitement num\u00e9rique des factures qui s'av\u00e8re \u00eatre un avantage pour le travail \u00e0 domicile, comme l'explique Eros Merlini de Conextrade.","breadcrumb":{"@id":"https:\/\/www.organisator.ch\/management\/finanzen_recht\/2021-09-30\/digitale-rechnungsverarbeitung-kein-logistischer-kraftakt-mehr\/#breadcrumb"},"inLanguage":"fr-FR","potentialAction":[{"@type":"ReadAction","target":["https:\/\/www.organisator.ch\/management\/finanzen_recht\/2021-09-30\/digitale-rechnungsverarbeitung-kein-logistischer-kraftakt-mehr\/"]}]},{"@type":"ImageObject","inLanguage":"fr-FR","@id":"https:\/\/www.organisator.ch\/management\/finanzen_recht\/2021-09-30\/digitale-rechnungsverarbeitung-kein-logistischer-kraftakt-mehr\/#primaryimage","url":"https:\/\/www.organisator.ch\/wp-content\/uploads\/2021\/09\/Digitale-Rechnungsverarbeitung-Kein-logistischer-Kraftakt-mehr_Organisator.jpg","contentUrl":"https:\/\/www.organisator.ch\/wp-content\/uploads\/2021\/09\/Digitale-Rechnungsverarbeitung-Kein-logistischer-Kraftakt-mehr_Organisator.jpg","width":680,"height":680,"caption":"Die digitale Rechnungsverarbeitung leistet einen wesentlichen Beitrag zur Verschlankung von Prozessen. Wir sprachen mit Eros Merlini, Head of Conextrade bei Swisscom, \u00fcber die aktuellen Entwicklungen. (Bild: zVg \/ Conextrade)"},{"@type":"BreadcrumbList","@id":"https:\/\/www.organisator.ch\/management\/finanzen_recht\/2021-09-30\/digitale-rechnungsverarbeitung-kein-logistischer-kraftakt-mehr\/#breadcrumb","itemListElement":[{"@type":"ListItem","position":1,"name":"Home","item":"https:\/\/www.organisator.ch\/"},{"@type":"ListItem","position":2,"name":"Digitale Rechnungsverarbeitung: Kein logistischer Kraftakt mehr"}]},{"@type":"WebSite","@id":"https:\/\/www.organisator.ch\/#website","url":"https:\/\/www.organisator.ch\/","name":"Organisateur","description":"Comp\u00e9tence et comp\u00e9tence. Proches de la pratique. L'ORGANISATEUR pr\u00e9pare 10 num\u00e9ros par an sur les th\u00e8mes essentiels pour les dirigeants de PME.","publisher":{"@id":"https:\/\/www.organisator.ch\/#organization"},"potentialAction":[{"@type":"SearchAction","target":{"@type":"EntryPoint","urlTemplate":"https:\/\/www.organisator.ch\/?s={search_term_string}"},"query-input":{"@type":"PropertyValueSpecification","valueRequired":true,"valueName":"search_term_string"}}],"inLanguage":"fr-FR"},{"@type":"Organization","@id":"https:\/\/www.organisator.ch\/#organization","name":"Organisateur","url":"https:\/\/www.organisator.ch\/","logo":{"@type":"ImageObject","inLanguage":"fr-FR","@id":"https:\/\/www.organisator.ch\/#\/schema\/logo\/image\/","url":"https:\/\/www.organisator.ch\/wp-content\/uploads\/2022\/01\/Logo_Organisator_Website.png","contentUrl":"https:\/\/www.organisator.ch\/wp-content\/uploads\/2022\/01\/Logo_Organisator_Website.png","width":800,"height":77,"caption":"Organisator"},"image":{"@id":"https:\/\/www.organisator.ch\/#\/schema\/logo\/image\/"},"sameAs":["https:\/\/www.facebook.com\/OrganisatorFachmagazin","https:\/\/www.linkedin.com\/showcase\/organisator-das-magazin-fr-kmu","https:\/\/www.xing.com\/news\/pages\/organisator-ch-695","https:\/\/www.youtube.com\/channel\/UCGP2Sq0iWaZwT3BdIAQFYpw"]},{"@type":"Person","@id":"https:\/\/www.organisator.ch\/#\/schema\/person\/6f650f90b2842cd4c0cc334b4e36f67e","name":"thomas.berner","image":{"@type":"ImageObject","inLanguage":"fr-FR","@id":"https:\/\/secure.gravatar.com\/avatar\/ac5001d2a36cb6c6cd3e50789007ffca834b477b74a2144564522e944eabff61?s=96&d=mm&r=g","url":"https:\/\/secure.gravatar.com\/avatar\/ac5001d2a36cb6c6cd3e50789007ffca834b477b74a2144564522e944eabff61?s=96&d=mm&r=g","contentUrl":"https:\/\/secure.gravatar.com\/avatar\/ac5001d2a36cb6c6cd3e50789007ffca834b477b74a2144564522e944eabff61?s=96&d=mm&r=g","caption":"thomas.berner"},"url":"https:\/\/www.organisator.ch\/fr\/author\/thomas-berner\/"}]}},"_links":{"self":[{"href":"https:\/\/www.organisator.ch\/fr\/wp-json\/wp\/v2\/posts\/11714","targetHints":{"allow":["GET"]}}],"collection":[{"href":"https:\/\/www.organisator.ch\/fr\/wp-json\/wp\/v2\/posts"}],"about":[{"href":"https:\/\/www.organisator.ch\/fr\/wp-json\/wp\/v2\/types\/post"}],"author":[{"embeddable":true,"href":"https:\/\/www.organisator.ch\/fr\/wp-json\/wp\/v2\/users\/4"}],"replies":[{"embeddable":true,"href":"https:\/\/www.organisator.ch\/fr\/wp-json\/wp\/v2\/comments?post=11714"}],"version-history":[{"count":0,"href":"https:\/\/www.organisator.ch\/fr\/wp-json\/wp\/v2\/posts\/11714\/revisions"}],"wp:featuredmedia":[{"embeddable":true,"href":"https:\/\/www.organisator.ch\/fr\/wp-json\/wp\/v2\/media\/11474"}],"wp:attachment":[{"href":"https:\/\/www.organisator.ch\/fr\/wp-json\/wp\/v2\/media?parent=11714"}],"wp:term":[{"taxonomy":"category","embeddable":true,"href":"https:\/\/www.organisator.ch\/fr\/wp-json\/wp\/v2\/categories?post=11714"},{"taxonomy":"post_tag","embeddable":true,"href":"https:\/\/www.organisator.ch\/fr\/wp-json\/wp\/v2\/tags?post=11714"}],"curies":[{"name":"wp","href":"https:\/\/api.w.org\/{rel}","templated":true}]}}