{"id":11715,"date":"2021-09-30T17:30:44","date_gmt":"2021-09-30T15:30:44","guid":{"rendered":"https:\/\/www.organisator.ch\/?p=8595"},"modified":"2021-09-30T17:30:44","modified_gmt":"2021-09-30T15:30:44","slug":"wieder-so-viele-stelleninserate-wie-vor-der-corona-pandemie","status":"publish","type":"post","link":"https:\/\/www.organisator.ch\/fr\/human-resources\/hrm\/2021-09-30\/wieder-so-viele-stelleninserate-wie-vor-der-corona-pandemie\/","title":{"rendered":"De nouveau autant d'annonces d'emploi qu'avant la pand\u00e9mie de Corona"},"content":{"rendered":"<figure id=\"attachment_8596\" aria-describedby=\"caption-attachment-8596\" style=\"width: 680px\" class=\"wp-caption alignnone\"><a href=\"https:\/\/www.organisator.ch\/wp-content\/uploads\/2021\/09\/Wieder-so-viele-Stelleninserate-wie-vor-der-Corona-Pandemie_Organisator.jpg\"><img loading=\"lazy\" decoding=\"async\" class=\"size-medium wp-image-8596\" src=\"https:\/\/www.organisator.ch\/wp-content\/uploads\/2021\/09\/Wieder-so-viele-Stelleninserate-wie-vor-der-Corona-Pandemie_Organisator.jpg\" alt=\"\" width=\"680\" height=\"352\" \/><\/a><figcaption id=\"caption-attachment-8596\" class=\"wp-caption-text\">Le nombre d'offres d'emploi atteint \u00e0 nouveau le niveau d'avant Corona, mais pas dans le secteur de l'h\u00f4tellerie et de la restauration, m\u00eame si on y constate une nette reprise. (Graphique : Adecco Group)<\/figcaption><\/figure>\n<p>Le 3e trimestre 2021 montre une nette augmentation des annonces d'emploi : Le Swiss Job Market Index se situe 9% au-dessus du trimestre pr\u00e9c\u00e9dent et par rapport \u00e0 l'ann\u00e9e pr\u00e9c\u00e9dente, l'augmentation est m\u00eame de 28% : \"Les entreprises poursuivent la tendance positive dans leur recherche de personnel par rapport \u00e0 l'ann\u00e9e Corona 2020 et l'Adecco Job Index atteint pour la premi\u00e8re fois le niveau pr\u00e9-crise pand\u00e9mique au 3\u00e8me trimestre 2021, ce qui t\u00e9moigne d'une nette reprise\", explique Anna von Ow du Moniteur du March\u00e9 d'Emploi Suisse.<\/p>\n<h2><strong>Une \u00e9volution prometteuse dans l'h\u00f4tellerie et la restauration\u00a0<\/strong><\/h2>\n<p>\"Le <a href=\"https:\/\/www.seco.admin.ch\/seco\/de\/home\/Publikationen_Dienstleistungen\/Publikationen_und_Formulare\/konjunkturtendenz.html\">L'h\u00f4tellerie et la restauration ont d\u00e9j\u00e0 connu un essor au 2e trimestre 2021. Le nombre de nuit\u00e9es dans l'h\u00f4tellerie a \u00e9galement nettement progress\u00e9<\/a>. Au troisi\u00e8me trimestre 2021, les offres d'emploi pour les m\u00e9tiers tr\u00e8s malmen\u00e9s de la restauration et de l'h\u00f4tellerie sont \u00e0 nouveau beaucoup plus nombreuses depuis six mois. Et m\u00eame si le niveau d'avant Corona n'est pas encore totalement atteint, la branche doit actuellement faire face \u00e0 de grandes difficult\u00e9s de recrutement. De nombreux collaborateurs du secteur de l'h\u00f4tellerie-restauration ont trouv\u00e9 des emplois dans d'autres branches pendant la pand\u00e9mie de Corona et ont maintenant des attentes nettement plus \u00e9lev\u00e9es en ce qui concerne le temps et le lieu de travail\", explique Monica Dell'Anna, directrice du groupe Adecco Suisse.<\/p>\n<h2><strong>D'abord durement touch\u00e9e, la situation s'am\u00e9liore \u00e0 pr\u00e9sent <\/strong><\/h2>\n<p>Les restaurants et les h\u00f4tels ont d\u00fb fermer compl\u00e8tement leurs portes \u00e0 deux reprises dans toute la Suisse et n'ont pu rouvrir que de mani\u00e8re limit\u00e9e jusqu'au 1er trimestre 2021 inclus. Par cons\u00e9quent, la comparaison pr\u00e9-Corona montre que les m\u00e9tiers de la restauration et de l'h\u00f4tellerie ont subi en 2021 une baisse du nombre de postes mis au concours (-36%) par rapport \u00e0 l'ann\u00e9e pr\u00e9-Corona 2019. L'ordre de grandeur diff\u00e8re toutefois selon les professions : Les annonces pour les collaborateurs de la r\u00e9ception et les portiers ont le plus diminu\u00e9 en 2021 (-52%), suivies des annonces pour les auxiliaires de cuisine, de service, de blanchisserie et de nettoyage et d'autres professionnels de l'h\u00f4tellerie et de la restauration (-46%), des sp\u00e9cialistes de la restauration et de l'h\u00f4tellerie (-43%) et des cuisiniers (-24%). Les directions et autres postes de direction des \u00e9tablissements de restauration et d'h\u00f4tellerie sont les moins touch\u00e9s, avec une baisse de -19%.<\/p>\n<h2><strong>La reprise se fait sentir dans le secteur de la restauration et de l'h\u00f4tellerie\u00a0<\/strong><\/h2>\n<p>Dans le sillage des \u00e9tapes d'ouverture et d'assouplissement des mesures Corona et avec la suppression des restrictions de personnes en juin 2021, le secteur a retrouv\u00e9 un \u00e9lan. L'\u00e9volution r\u00e9cente des offres d'emploi pour les m\u00e9tiers de l'h\u00f4tellerie et de la restauration le confirme : Au cours du semestre d'\u00e9t\u00e9 2021, le nombre d'offres d'emploi a de nouveau fortement augment\u00e9 par rapport au semestre d'hiver pr\u00e9c\u00e9dent, qui avait \u00e9t\u00e9 marqu\u00e9 par le lockdown autour de la p\u00e9riode de No\u00ebl et du Nouvel An ainsi que par les restrictions au printemps 2021.<\/p>\n<p>\"De m\u00eame, les entreprises de la restauration et de l'h\u00e9bergement ont annonc\u00e9 durant cette p\u00e9riode de nombreux postes soumis \u00e0 l'obligation d'inscription aupr\u00e8s des ORP\/Jobroom et le nombre de ch\u00f4meurs inscrits a de nouveau nettement baiss\u00e9 durant les mois d'\u00e9t\u00e9. Chez Adecco, nous avons enregistr\u00e9 une nette augmentation des mandats dans le secteur de l'h\u00f4tellerie et de la restauration pendant cette p\u00e9riode, en particulier pendant la p\u00e9riode estivale de juin, juillet, ao\u00fbt. Sur cette p\u00e9riode, le nombre de mandats a augment\u00e9 de 61,8 %\", explique Monica Dell'Anna.<\/p>\n<h2><strong>Annonces d'emploi dans la restauration et l'h\u00f4tellerie : pas encore au niveau pr\u00e9-Corona\u00a0<\/strong><\/h2>\n<p>Malgr\u00e9 l'augmentation des annonces d'emploi dans la restauration et l'h\u00f4tellerie, les chiffres montrent que le pic de 139 points enregistr\u00e9 au cours du semestre d'hiver 2019\/2020 n'a pas encore \u00e9t\u00e9 atteint.<\/p>\n<p>\"Le niveau pr\u00e9-Corona de l'indice des m\u00e9tiers de la restauration et de l'h\u00f4tellerie a atteint son maximum peu avant la mi-mars 2020, il faudra donc probablement attendre encore un peu avant que le march\u00e9 de l'emploi des m\u00e9tiers de la restauration et de l'h\u00f4tellerie puisse atteindre ce niveau. L'indice des offres d'emploi pour ces professions est 14% plus bas au semestre d'\u00e9t\u00e9 2021 qu'au semestre d'\u00e9t\u00e9 2019 pr\u00e9-Corona\", ajoute Anna von Ow du Moniteur du March\u00e9 d'Emploi Suisse.<\/p>\n<p><em>Source : <a href=\"http:\/\/www.adeccogroup.ch\">Groupe Adecco<\/a><\/em><\/p>","protected":false},"excerpt":{"rendered":"<p>Das 3. Quartal 2021 zeigt einen deutlichen Anstieg an Stelleninseraten: Der \u00a0Swiss Job Market Index liegt 9% \u00fcber dem Vorquartal und gegen\u00fcber dem Vorjahr betr\u00e4gt die Zunahme sogar 28%: \u201eUnternehmen setzen den positiven Trend in ihrer Personalsuche im Vergleich zum Corona-Jahr 2020 fort und der Adecco Job Index erreicht im 3. Quartal 2021 erstmals Vor-Pandemiekrisen-Level, [&hellip;]<\/p>\n","protected":false},"author":4,"featured_media":11475,"comment_status":"closed","ping_status":"closed","sticky":false,"template":"","format":"standard","meta":{"_acf_changed":false,"_yoast_wpseo_focuskw":"Stelleninserate","_yoast_wpseo_metadesc":"Die Zahl der Stelleninserate erreicht im 3. Quartal 2021 wieder Vor-Corona-Niveau. Vor allem Gastgewerbe- und Hotellerieberufe erholten sich deutlich.","articlekey":"","footnotes":""},"categories":[26],"tags":[47,254,2687,459],"class_list":["post-11715","post","type-post","status-publish","format-standard","has-post-thumbnail","hentry","category-hrm","tag-arbeitsmarkt","tag-hrm","tag-jobs","tag-studie"],"acf":[],"yoast_head":"<!-- This site is optimized with the Yoast SEO plugin v27.4 - https:\/\/yoast.com\/product\/yoast-seo-wordpress\/ -->\n<title>Wieder so viele Stelleninserate wie vor der Corona-Pandemie - Organisator<\/title>\n<meta name=\"description\" content=\"Die Zahl der Stelleninserate erreicht im 3. Quartal 2021 wieder Vor-Corona-Niveau. Vor allem Gastgewerbe- und Hotellerieberufe erholten sich deutlich.\" \/>\n<meta name=\"robots\" content=\"index, follow, max-snippet:-1, max-image-preview:large, max-video-preview:-1\" \/>\n<link rel=\"canonical\" href=\"https:\/\/www.organisator.ch\/fr\/ressources-humaines\/hrm\/2021-09-30\/wieder-so-viele-stelleninserate-wie-vor-der-corona-pandemie\/\" \/>\n<meta property=\"og:locale\" content=\"fr_FR\" \/>\n<meta property=\"og:type\" content=\"article\" \/>\n<meta property=\"og:title\" content=\"Wieder so viele Stelleninserate wie vor der Corona-Pandemie\" \/>\n<meta property=\"og:description\" content=\"Die Zahl der Stelleninserate erreicht im 3. Quartal 2021 wieder Vor-Corona-Niveau. Vor allem Gastgewerbe- und Hotellerieberufe erholten sich deutlich.\" \/>\n<meta property=\"og:url\" content=\"https:\/\/www.organisator.ch\/fr\/ressources-humaines\/hrm\/2021-09-30\/wieder-so-viele-stelleninserate-wie-vor-der-corona-pandemie\/\" \/>\n<meta property=\"og:site_name\" content=\"Organisator\" \/>\n<meta property=\"article:publisher\" content=\"https:\/\/www.facebook.com\/OrganisatorFachmagazin\" \/>\n<meta property=\"article:published_time\" content=\"2021-09-30T15:30:44+00:00\" \/>\n<meta name=\"author\" content=\"thomas.berner\" \/>\n<meta name=\"twitter:card\" content=\"summary_large_image\" \/>\n<meta name=\"twitter:title\" content=\"Wieder so viele #Stelleninserate wie vor der #Corona-Pandemie\" \/>\n<meta name=\"twitter:description\" content=\"Die Zahl der #Stelleninserate erreicht im 3. Quartal 2021 wieder #Vor-Corona-Niveau. Vor allem #Gastgewerbe- und #Hotellerieberufe erholten sich deutlich.\" \/>\n<script type=\"application\/ld+json\" class=\"yoast-schema-graph\">{\"@context\":\"https:\\\/\\\/schema.org\",\"@graph\":[{\"@type\":\"Article\",\"@id\":\"https:\\\/\\\/www.organisator.ch\\\/human-resources\\\/hrm\\\/2021-09-30\\\/wieder-so-viele-stelleninserate-wie-vor-der-corona-pandemie\\\/#article\",\"isPartOf\":{\"@id\":\"https:\\\/\\\/www.organisator.ch\\\/human-resources\\\/hrm\\\/2021-09-30\\\/wieder-so-viele-stelleninserate-wie-vor-der-corona-pandemie\\\/\"},\"author\":{\"name\":\"thomas.berner\",\"@id\":\"https:\\\/\\\/www.organisator.ch\\\/#\\\/schema\\\/person\\\/6f650f90b2842cd4c0cc334b4e36f67e\"},\"headline\":\"Wieder so viele Stelleninserate wie vor der Corona-Pandemie\",\"datePublished\":\"2021-09-30T15:30:44+00:00\",\"mainEntityOfPage\":{\"@id\":\"https:\\\/\\\/www.organisator.ch\\\/human-resources\\\/hrm\\\/2021-09-30\\\/wieder-so-viele-stelleninserate-wie-vor-der-corona-pandemie\\\/\"},\"wordCount\":604,\"publisher\":{\"@id\":\"https:\\\/\\\/www.organisator.ch\\\/#organization\"},\"image\":{\"@id\":\"https:\\\/\\\/www.organisator.ch\\\/human-resources\\\/hrm\\\/2021-09-30\\\/wieder-so-viele-stelleninserate-wie-vor-der-corona-pandemie\\\/#primaryimage\"},\"thumbnailUrl\":\"https:\\\/\\\/www.organisator.ch\\\/wp-content\\\/uploads\\\/2021\\\/09\\\/Wieder-so-viele-Stelleninserate-wie-vor-der-Corona-Pandemie_Organisator.jpg\",\"keywords\":[\"Arbeitsmarkt\",\"HRM\",\"Jobs\",\"Studie\"],\"articleSection\":[\"HRM\"],\"inLanguage\":\"fr-FR\"},{\"@type\":\"WebPage\",\"@id\":\"https:\\\/\\\/www.organisator.ch\\\/human-resources\\\/hrm\\\/2021-09-30\\\/wieder-so-viele-stelleninserate-wie-vor-der-corona-pandemie\\\/\",\"url\":\"https:\\\/\\\/www.organisator.ch\\\/human-resources\\\/hrm\\\/2021-09-30\\\/wieder-so-viele-stelleninserate-wie-vor-der-corona-pandemie\\\/\",\"name\":\"Wieder so viele Stelleninserate wie vor der Corona-Pandemie - Organisator\",\"isPartOf\":{\"@id\":\"https:\\\/\\\/www.organisator.ch\\\/#website\"},\"primaryImageOfPage\":{\"@id\":\"https:\\\/\\\/www.organisator.ch\\\/human-resources\\\/hrm\\\/2021-09-30\\\/wieder-so-viele-stelleninserate-wie-vor-der-corona-pandemie\\\/#primaryimage\"},\"image\":{\"@id\":\"https:\\\/\\\/www.organisator.ch\\\/human-resources\\\/hrm\\\/2021-09-30\\\/wieder-so-viele-stelleninserate-wie-vor-der-corona-pandemie\\\/#primaryimage\"},\"thumbnailUrl\":\"https:\\\/\\\/www.organisator.ch\\\/wp-content\\\/uploads\\\/2021\\\/09\\\/Wieder-so-viele-Stelleninserate-wie-vor-der-Corona-Pandemie_Organisator.jpg\",\"datePublished\":\"2021-09-30T15:30:44+00:00\",\"description\":\"Die Zahl der Stelleninserate erreicht im 3. Quartal 2021 wieder Vor-Corona-Niveau. Vor allem Gastgewerbe- und Hotellerieberufe erholten sich deutlich.\",\"breadcrumb\":{\"@id\":\"https:\\\/\\\/www.organisator.ch\\\/human-resources\\\/hrm\\\/2021-09-30\\\/wieder-so-viele-stelleninserate-wie-vor-der-corona-pandemie\\\/#breadcrumb\"},\"inLanguage\":\"fr-FR\",\"potentialAction\":[{\"@type\":\"ReadAction\",\"target\":[\"https:\\\/\\\/www.organisator.ch\\\/human-resources\\\/hrm\\\/2021-09-30\\\/wieder-so-viele-stelleninserate-wie-vor-der-corona-pandemie\\\/\"]}]},{\"@type\":\"ImageObject\",\"inLanguage\":\"fr-FR\",\"@id\":\"https:\\\/\\\/www.organisator.ch\\\/human-resources\\\/hrm\\\/2021-09-30\\\/wieder-so-viele-stelleninserate-wie-vor-der-corona-pandemie\\\/#primaryimage\",\"url\":\"https:\\\/\\\/www.organisator.ch\\\/wp-content\\\/uploads\\\/2021\\\/09\\\/Wieder-so-viele-Stelleninserate-wie-vor-der-Corona-Pandemie_Organisator.jpg\",\"contentUrl\":\"https:\\\/\\\/www.organisator.ch\\\/wp-content\\\/uploads\\\/2021\\\/09\\\/Wieder-so-viele-Stelleninserate-wie-vor-der-Corona-Pandemie_Organisator.jpg\",\"width\":680,\"height\":352,\"caption\":\"Die Zahl der Stelleninserate erreicht wieder Vor-Corona-Niveau, nicht aber in der Hotellerie- und Gastrobranche. (Grafik: Adecco)\"},{\"@type\":\"BreadcrumbList\",\"@id\":\"https:\\\/\\\/www.organisator.ch\\\/human-resources\\\/hrm\\\/2021-09-30\\\/wieder-so-viele-stelleninserate-wie-vor-der-corona-pandemie\\\/#breadcrumb\",\"itemListElement\":[{\"@type\":\"ListItem\",\"position\":1,\"name\":\"Home\",\"item\":\"https:\\\/\\\/www.organisator.ch\\\/\"},{\"@type\":\"ListItem\",\"position\":2,\"name\":\"Wieder so viele Stelleninserate wie vor der Corona-Pandemie\"}]},{\"@type\":\"WebSite\",\"@id\":\"https:\\\/\\\/www.organisator.ch\\\/#website\",\"url\":\"https:\\\/\\\/www.organisator.ch\\\/\",\"name\":\"Organisator\",\"description\":\"Kompetent. Praxisnah. Der ORGANISATOR bereitet in 10 Ausgaben pro Jahr die wesentlichen Themen f\u00fcr F\u00fchrungskr\u00e4fte von KMU auf.\",\"publisher\":{\"@id\":\"https:\\\/\\\/www.organisator.ch\\\/#organization\"},\"potentialAction\":[{\"@type\":\"SearchAction\",\"target\":{\"@type\":\"EntryPoint\",\"urlTemplate\":\"https:\\\/\\\/www.organisator.ch\\\/?s={search_term_string}\"},\"query-input\":{\"@type\":\"PropertyValueSpecification\",\"valueRequired\":true,\"valueName\":\"search_term_string\"}}],\"inLanguage\":\"fr-FR\"},{\"@type\":\"Organization\",\"@id\":\"https:\\\/\\\/www.organisator.ch\\\/#organization\",\"name\":\"Organisator\",\"url\":\"https:\\\/\\\/www.organisator.ch\\\/\",\"logo\":{\"@type\":\"ImageObject\",\"inLanguage\":\"fr-FR\",\"@id\":\"https:\\\/\\\/www.organisator.ch\\\/#\\\/schema\\\/logo\\\/image\\\/\",\"url\":\"https:\\\/\\\/www.organisator.ch\\\/wp-content\\\/uploads\\\/2022\\\/01\\\/Logo_Organisator_Website.png\",\"contentUrl\":\"https:\\\/\\\/www.organisator.ch\\\/wp-content\\\/uploads\\\/2022\\\/01\\\/Logo_Organisator_Website.png\",\"width\":800,\"height\":77,\"caption\":\"Organisator\"},\"image\":{\"@id\":\"https:\\\/\\\/www.organisator.ch\\\/#\\\/schema\\\/logo\\\/image\\\/\"},\"sameAs\":[\"https:\\\/\\\/www.facebook.com\\\/OrganisatorFachmagazin\",\"https:\\\/\\\/www.linkedin.com\\\/showcase\\\/organisator-das-magazin-fr-kmu\",\"https:\\\/\\\/www.xing.com\\\/news\\\/pages\\\/organisator-ch-695\",\"https:\\\/\\\/www.youtube.com\\\/channel\\\/UCGP2Sq0iWaZwT3BdIAQFYpw\"]},{\"@type\":\"Person\",\"@id\":\"https:\\\/\\\/www.organisator.ch\\\/#\\\/schema\\\/person\\\/6f650f90b2842cd4c0cc334b4e36f67e\",\"name\":\"thomas.berner\",\"image\":{\"@type\":\"ImageObject\",\"inLanguage\":\"fr-FR\",\"@id\":\"https:\\\/\\\/secure.gravatar.com\\\/avatar\\\/ac5001d2a36cb6c6cd3e50789007ffca834b477b74a2144564522e944eabff61?s=96&d=mm&r=g\",\"url\":\"https:\\\/\\\/secure.gravatar.com\\\/avatar\\\/ac5001d2a36cb6c6cd3e50789007ffca834b477b74a2144564522e944eabff61?s=96&d=mm&r=g\",\"contentUrl\":\"https:\\\/\\\/secure.gravatar.com\\\/avatar\\\/ac5001d2a36cb6c6cd3e50789007ffca834b477b74a2144564522e944eabff61?s=96&d=mm&r=g\",\"caption\":\"thomas.berner\"},\"url\":\"https:\\\/\\\/www.organisator.ch\\\/fr\\\/author\\\/thomas-berner\\\/\"}]}<\/script>\n<!-- \/ Yoast SEO plugin. -->","yoast_head_json":{"title":"De nouveau autant d'annonces d'emploi qu'avant la pand\u00e9mie de Corona - Organisateur","description":"Le nombre d'offres d'emploi atteint \u00e0 nouveau le niveau pr\u00e9-Corona au 3e trimestre 2021. Ce sont surtout les m\u00e9tiers de la restauration et de l'h\u00f4tellerie qui ont connu une nette reprise.","robots":{"index":"index","follow":"follow","max-snippet":"max-snippet:-1","max-image-preview":"max-image-preview:large","max-video-preview":"max-video-preview:-1"},"canonical":"https:\/\/www.organisator.ch\/fr\/ressources-humaines\/hrm\/2021-09-30\/wieder-so-viele-stelleninserate-wie-vor-der-corona-pandemie\/","og_locale":"fr_FR","og_type":"article","og_title":"Wieder so viele Stelleninserate wie vor der Corona-Pandemie","og_description":"Die Zahl der Stelleninserate erreicht im 3. Quartal 2021 wieder Vor-Corona-Niveau. Vor allem Gastgewerbe- und Hotellerieberufe erholten sich deutlich.","og_url":"https:\/\/www.organisator.ch\/fr\/ressources-humaines\/hrm\/2021-09-30\/wieder-so-viele-stelleninserate-wie-vor-der-corona-pandemie\/","og_site_name":"Organisator","article_publisher":"https:\/\/www.facebook.com\/OrganisatorFachmagazin","article_published_time":"2021-09-30T15:30:44+00:00","author":"thomas.berner","twitter_card":"summary_large_image","twitter_title":"Wieder so viele #Stelleninserate wie vor der #Corona-Pandemie","twitter_description":"Die Zahl der #Stelleninserate erreicht im 3. Quartal 2021 wieder #Vor-Corona-Niveau. Vor allem #Gastgewerbe- und #Hotellerieberufe erholten sich deutlich.","schema":{"@context":"https:\/\/schema.org","@graph":[{"@type":"Article","@id":"https:\/\/www.organisator.ch\/human-resources\/hrm\/2021-09-30\/wieder-so-viele-stelleninserate-wie-vor-der-corona-pandemie\/#article","isPartOf":{"@id":"https:\/\/www.organisator.ch\/human-resources\/hrm\/2021-09-30\/wieder-so-viele-stelleninserate-wie-vor-der-corona-pandemie\/"},"author":{"name":"thomas.berner","@id":"https:\/\/www.organisator.ch\/#\/schema\/person\/6f650f90b2842cd4c0cc334b4e36f67e"},"headline":"Wieder so viele Stelleninserate wie vor der Corona-Pandemie","datePublished":"2021-09-30T15:30:44+00:00","mainEntityOfPage":{"@id":"https:\/\/www.organisator.ch\/human-resources\/hrm\/2021-09-30\/wieder-so-viele-stelleninserate-wie-vor-der-corona-pandemie\/"},"wordCount":604,"publisher":{"@id":"https:\/\/www.organisator.ch\/#organization"},"image":{"@id":"https:\/\/www.organisator.ch\/human-resources\/hrm\/2021-09-30\/wieder-so-viele-stelleninserate-wie-vor-der-corona-pandemie\/#primaryimage"},"thumbnailUrl":"https:\/\/www.organisator.ch\/wp-content\/uploads\/2021\/09\/Wieder-so-viele-Stelleninserate-wie-vor-der-Corona-Pandemie_Organisator.jpg","keywords":["Arbeitsmarkt","HRM","Jobs","Studie"],"articleSection":["HRM"],"inLanguage":"fr-FR"},{"@type":"WebPage","@id":"https:\/\/www.organisator.ch\/human-resources\/hrm\/2021-09-30\/wieder-so-viele-stelleninserate-wie-vor-der-corona-pandemie\/","url":"https:\/\/www.organisator.ch\/human-resources\/hrm\/2021-09-30\/wieder-so-viele-stelleninserate-wie-vor-der-corona-pandemie\/","name":"De nouveau autant d'annonces d'emploi qu'avant la pand\u00e9mie de Corona - Organisateur","isPartOf":{"@id":"https:\/\/www.organisator.ch\/#website"},"primaryImageOfPage":{"@id":"https:\/\/www.organisator.ch\/human-resources\/hrm\/2021-09-30\/wieder-so-viele-stelleninserate-wie-vor-der-corona-pandemie\/#primaryimage"},"image":{"@id":"https:\/\/www.organisator.ch\/human-resources\/hrm\/2021-09-30\/wieder-so-viele-stelleninserate-wie-vor-der-corona-pandemie\/#primaryimage"},"thumbnailUrl":"https:\/\/www.organisator.ch\/wp-content\/uploads\/2021\/09\/Wieder-so-viele-Stelleninserate-wie-vor-der-Corona-Pandemie_Organisator.jpg","datePublished":"2021-09-30T15:30:44+00:00","description":"Le nombre d'offres d'emploi atteint \u00e0 nouveau le niveau pr\u00e9-Corona au 3e trimestre 2021. Ce sont surtout les m\u00e9tiers de la restauration et de l'h\u00f4tellerie qui ont connu une nette reprise.","breadcrumb":{"@id":"https:\/\/www.organisator.ch\/human-resources\/hrm\/2021-09-30\/wieder-so-viele-stelleninserate-wie-vor-der-corona-pandemie\/#breadcrumb"},"inLanguage":"fr-FR","potentialAction":[{"@type":"ReadAction","target":["https:\/\/www.organisator.ch\/human-resources\/hrm\/2021-09-30\/wieder-so-viele-stelleninserate-wie-vor-der-corona-pandemie\/"]}]},{"@type":"ImageObject","inLanguage":"fr-FR","@id":"https:\/\/www.organisator.ch\/human-resources\/hrm\/2021-09-30\/wieder-so-viele-stelleninserate-wie-vor-der-corona-pandemie\/#primaryimage","url":"https:\/\/www.organisator.ch\/wp-content\/uploads\/2021\/09\/Wieder-so-viele-Stelleninserate-wie-vor-der-Corona-Pandemie_Organisator.jpg","contentUrl":"https:\/\/www.organisator.ch\/wp-content\/uploads\/2021\/09\/Wieder-so-viele-Stelleninserate-wie-vor-der-Corona-Pandemie_Organisator.jpg","width":680,"height":352,"caption":"Die Zahl der Stelleninserate erreicht wieder Vor-Corona-Niveau, nicht aber in der Hotellerie- und Gastrobranche. (Grafik: Adecco)"},{"@type":"BreadcrumbList","@id":"https:\/\/www.organisator.ch\/human-resources\/hrm\/2021-09-30\/wieder-so-viele-stelleninserate-wie-vor-der-corona-pandemie\/#breadcrumb","itemListElement":[{"@type":"ListItem","position":1,"name":"Home","item":"https:\/\/www.organisator.ch\/"},{"@type":"ListItem","position":2,"name":"Wieder so viele Stelleninserate wie vor der Corona-Pandemie"}]},{"@type":"WebSite","@id":"https:\/\/www.organisator.ch\/#website","url":"https:\/\/www.organisator.ch\/","name":"Organisateur","description":"Comp\u00e9tence et comp\u00e9tence. Proches de la pratique. L'ORGANISATEUR pr\u00e9pare 10 num\u00e9ros par an sur les th\u00e8mes essentiels pour les dirigeants de PME.","publisher":{"@id":"https:\/\/www.organisator.ch\/#organization"},"potentialAction":[{"@type":"SearchAction","target":{"@type":"EntryPoint","urlTemplate":"https:\/\/www.organisator.ch\/?s={search_term_string}"},"query-input":{"@type":"PropertyValueSpecification","valueRequired":true,"valueName":"search_term_string"}}],"inLanguage":"fr-FR"},{"@type":"Organization","@id":"https:\/\/www.organisator.ch\/#organization","name":"Organisateur","url":"https:\/\/www.organisator.ch\/","logo":{"@type":"ImageObject","inLanguage":"fr-FR","@id":"https:\/\/www.organisator.ch\/#\/schema\/logo\/image\/","url":"https:\/\/www.organisator.ch\/wp-content\/uploads\/2022\/01\/Logo_Organisator_Website.png","contentUrl":"https:\/\/www.organisator.ch\/wp-content\/uploads\/2022\/01\/Logo_Organisator_Website.png","width":800,"height":77,"caption":"Organisator"},"image":{"@id":"https:\/\/www.organisator.ch\/#\/schema\/logo\/image\/"},"sameAs":["https:\/\/www.facebook.com\/OrganisatorFachmagazin","https:\/\/www.linkedin.com\/showcase\/organisator-das-magazin-fr-kmu","https:\/\/www.xing.com\/news\/pages\/organisator-ch-695","https:\/\/www.youtube.com\/channel\/UCGP2Sq0iWaZwT3BdIAQFYpw"]},{"@type":"Person","@id":"https:\/\/www.organisator.ch\/#\/schema\/person\/6f650f90b2842cd4c0cc334b4e36f67e","name":"thomas.berner","image":{"@type":"ImageObject","inLanguage":"fr-FR","@id":"https:\/\/secure.gravatar.com\/avatar\/ac5001d2a36cb6c6cd3e50789007ffca834b477b74a2144564522e944eabff61?s=96&d=mm&r=g","url":"https:\/\/secure.gravatar.com\/avatar\/ac5001d2a36cb6c6cd3e50789007ffca834b477b74a2144564522e944eabff61?s=96&d=mm&r=g","contentUrl":"https:\/\/secure.gravatar.com\/avatar\/ac5001d2a36cb6c6cd3e50789007ffca834b477b74a2144564522e944eabff61?s=96&d=mm&r=g","caption":"thomas.berner"},"url":"https:\/\/www.organisator.ch\/fr\/author\/thomas-berner\/"}]}},"_links":{"self":[{"href":"https:\/\/www.organisator.ch\/fr\/wp-json\/wp\/v2\/posts\/11715","targetHints":{"allow":["GET"]}}],"collection":[{"href":"https:\/\/www.organisator.ch\/fr\/wp-json\/wp\/v2\/posts"}],"about":[{"href":"https:\/\/www.organisator.ch\/fr\/wp-json\/wp\/v2\/types\/post"}],"author":[{"embeddable":true,"href":"https:\/\/www.organisator.ch\/fr\/wp-json\/wp\/v2\/users\/4"}],"replies":[{"embeddable":true,"href":"https:\/\/www.organisator.ch\/fr\/wp-json\/wp\/v2\/comments?post=11715"}],"version-history":[{"count":0,"href":"https:\/\/www.organisator.ch\/fr\/wp-json\/wp\/v2\/posts\/11715\/revisions"}],"wp:featuredmedia":[{"embeddable":true,"href":"https:\/\/www.organisator.ch\/fr\/wp-json\/wp\/v2\/media\/11475"}],"wp:attachment":[{"href":"https:\/\/www.organisator.ch\/fr\/wp-json\/wp\/v2\/media?parent=11715"}],"wp:term":[{"taxonomy":"category","embeddable":true,"href":"https:\/\/www.organisator.ch\/fr\/wp-json\/wp\/v2\/categories?post=11715"},{"taxonomy":"post_tag","embeddable":true,"href":"https:\/\/www.organisator.ch\/fr\/wp-json\/wp\/v2\/tags?post=11715"}],"curies":[{"name":"wp","href":"https:\/\/api.w.org\/{rel}","templated":true}]}}