{"id":11719,"date":"2021-10-06T16:38:39","date_gmt":"2021-10-06T14:38:39","guid":{"rendered":"https:\/\/www.organisator.ch\/?p=8612"},"modified":"2021-10-06T16:38:39","modified_gmt":"2021-10-06T14:38:39","slug":"forum-bgm-zuerich-gegruendet-fuer-gesuendere-mitarbeitende","status":"publish","type":"post","link":"https:\/\/www.organisator.ch\/fr\/human-resources\/fit_im_job\/2021-10-06\/forum-bgm-zuerich-gegruendet-fuer-gesuendere-mitarbeitende\/","title":{"rendered":"Le Forum BGM Zurich a \u00e9t\u00e9 cr\u00e9\u00e9 : Pour des collaborateurs en meilleure sant\u00e9"},"content":{"rendered":"<figure id=\"attachment_8614\" aria-describedby=\"caption-attachment-8614\" style=\"width: 680px\" class=\"wp-caption alignnone\"><a href=\"https:\/\/www.organisator.ch\/wp-content\/uploads\/2021\/10\/Forum-BGM-Zuerich-gegruendet-Fuer-gesuendere-Mitarbeitende_Organisator.jpg\"><img loading=\"lazy\" decoding=\"async\" class=\"size-medium wp-image-8614\" src=\"https:\/\/www.organisator.ch\/wp-content\/uploads\/2021\/10\/Forum-BGM-Zuerich-gegruendet-Fuer-gesuendere-Mitarbeitende_Organisator.jpg\" alt=\"\" width=\"680\" height=\"518\" \/><\/a><figcaption id=\"caption-attachment-8614\" class=\"wp-caption-text\">Petra Keel est la directrice du nouveau Forum BGM Zurich. (Image : zVg)<\/figcaption><\/figure>\n<p>Le monde du travail est en pleine mutation. Dans ce contexte, il devient de plus en plus important pour les entreprises de promouvoir activement la sant\u00e9 de leurs collaborateurs. Car c'est ainsi qu'elles deviennent attractives pour les sp\u00e9cialistes convoit\u00e9s. Petra Keel, directrice du tout nouveau Forum BGM Zurich, en est consciente. \"Comme nous le constatons tous personnellement, le monde du travail change. Le rythme s'acc\u00e9l\u00e8re, les t\u00e2ches deviennent plus complexes et les processus plus num\u00e9riques\", observe-t-elle. Cette \u00e9volution est encore renforc\u00e9e par la pand\u00e9mie et elle ne passe pas inaper\u00e7ue aupr\u00e8s de tous les collaborateurs. Selon Promotion Sant\u00e9 Suisse<br \/>\ntrois personnes actives sur dix font \u00e9tat de stress au travail. Ils sont presque aussi nombreux \u00e0 \u00eatre \u00e9puis\u00e9s \u00e9motionnellement. Les arr\u00eats de travail pour burnout sont en constante augmentation. \"Nous souhaitons contrer cette tendance avec le Forum BGM Zurich. Car le travail peut apporter s\u00e9curit\u00e9, structure, identit\u00e9 et confiance en soi, et ainsi favoriser la sant\u00e9. Dans les entreprises, cela n\u00e9cessite une organisation, une direction et une culture qui favorisent la sant\u00e9\", explique Petra Keel.<\/p>\n<h2>Renforcer la population active<\/h2>\n<p>Sur mandat de la direction de la sant\u00e9 du canton de Zurich, Pr\u00e4vention und Gesundheitsf\u00f6rderung a pour objectif de renforcer la sant\u00e9 des personnes actives et donc des entreprises zurichoises. C'est pour cette raison que Pr\u00e4vention und Gesundheitsf\u00f6rderung a cr\u00e9\u00e9 le Forum BGM Zurich. L'employeur zurichois VZH, la Soci\u00e9t\u00e9 des employ\u00e9s de commerce de Zurich, la Suva et la SVA Z\u00fcrich ont pu \u00eatre gagn\u00e9s comme soutiens suppl\u00e9mentaires du forum. Gr\u00e2ce \u00e0 cette collaboration, le Forum BGM Zurich est proche de la pratique, int\u00e8gre l'expertise existante et dispose d'un bon r\u00e9seau. Le Forum est en outre ind\u00e9pendant et sans but lucratif.<\/p>\n<h2>Informations th\u00e9oriques et pratiques<\/h2>\n<p>Le nouveau Forum BGM Zurich propose diff\u00e9rents services aux entreprises. Sur la plate-forme de connaissances <a href=\"http:\/\/www.bgm-zh.ch\">www.bgm-zh.ch<\/a> les cadres, les sp\u00e9cialistes RH et les responsables de la GSE y trouveront du savoir-faire et des outils pour la pratique, ainsi que de nouveaux exemples d'entreprises du canton qui mettent en \u0153uvre la GSE dans leur travail quotidien. \"De nombreuses entreprises s'imaginent que la GSE est quelque chose de grand et de compliqu\u00e9\", constate Petra Keel. \"M\u00eame avec quelques petites mesures comme l'introduction de s\u00e9quences de travail sans interruption ou des entretiens de retour cibl\u00e9s, les entreprises peuvent produire un premier effet durable et positif\".<\/p>\n<h2>Le Forum BGM Zurich met en r\u00e9seau par le biais de manifestations<\/h2>\n<p>Pour permettre aux entreprises de se mettre en r\u00e9seau, de partager et d'\u00e9largir leur savoir-faire, le Forum BGM Zurich organise plusieurs fois par an des rencontres d'\u00e9change d'exp\u00e9riences. \"Les entreprises qui se trouvent dans une situation similaire sont g\u00e9n\u00e9ralement confront\u00e9es \u00e0 des probl\u00e8mes comparables. Le fait de se soutenir et de chercher ensemble des solutions peut simplifier beaucoup de choses et les mettre en route\", explique Petra Keel. Martin Hirzel, pr\u00e9sident de Swissmem, souligne lui aussi : \"Les entreprises ont besoin de bons r\u00e9seaux qui offrent un soutien. Cela inclut aussi la promotion de la sant\u00e9 en entreprise\".<\/p>\n<p>Lors de manifestations focus d'une demi-journ\u00e9e et de manifestations d'impulsion en ligne, des m\u00e9gatendances telles que la \"sant\u00e9\" et le \"new work\", mais aussi des th\u00e8mes tr\u00e8s concrets tels que la \"s\u00e9curit\u00e9 sur les chantiers\", sont pr\u00e9sent\u00e9s et discut\u00e9s en collaboration avec des expertes et des experts. \"Le canton de Zurich dispose d'excellents services sp\u00e9cialis\u00e9s dans les th\u00e8mes li\u00e9s \u00e0 la sant\u00e9. Il me tient \u00e0 c\u0153ur de les impliquer et d'exploiter les synergies\", d\u00e9clare Keel.<\/p>\n<h2>La GSE : un investissement rentable<\/h2>\n<p>L'investissement dans une gestion de la sant\u00e9 en entreprise est rentable. Les entreprises peuvent augmenter leur attractivit\u00e9 sur le march\u00e9 du travail gr\u00e2ce \u00e0 des mesures de promotion de la sant\u00e9 et ainsi rester dans la course pour le personnel qualifi\u00e9. La GSE augmente la satisfaction, la motivation et la performance des collaborateurs ainsi que leur attachement \u00e0 l'entreprise. Comme les absences diminuent avec une GSE bien impl\u00e9ment\u00e9e et que les collaborateurs reprennent g\u00e9n\u00e9ralement plus rapidement le travail apr\u00e8s une maladie, les entreprises peuvent \u00e9conomiser jusqu'\u00e0 vingt pour cent des co\u00fbts li\u00e9s aux absences. \"C'est justement en p\u00e9riode de turbulences et de troubles qu'il vaut la peine pour les entreprises d'investir des ressources dans une gestion de la sant\u00e9 en entreprise. Car des collaborateurs en bonne sant\u00e9 et engag\u00e9s contribuent largement au succ\u00e8s de l'entreprise\", souligne Hans Strittmatter, directeur de Arbeitgeber Z\u00fcrich VZH.<\/p>","protected":false},"excerpt":{"rendered":"<p>Die Arbeitswelt ist im Wandel. Dabei wird es f\u00fcr Betriebe immer wichtiger, die Gesundheit der Mitarbeitenden aktiv zu f\u00f6rdern. Denn damit werden sie f\u00fcr die begehrten Fachkr\u00e4fte attraktiv. Dies weiss auch Petra Keel, Gesch\u00e4ftsf\u00fchrerin des neu gegr\u00fcndeten Forum BGM Z\u00fcrich. \u00abWie wir alle pers\u00f6nlich erfahren, ver\u00e4ndert sich die Arbeitswelt. Das Tempo wird schneller, die Aufgaben [&hellip;]<\/p>\n","protected":false},"author":4,"featured_media":11480,"comment_status":"closed","ping_status":"closed","sticky":false,"template":"","format":"standard","meta":{"_acf_changed":false,"_yoast_wpseo_focuskw":"Forum BGM Z\u00fcrich","_yoast_wpseo_metadesc":"Das von Pr\u00e4vention und Gesundheitsf\u00f6rderung Kanton Z\u00fcrich initiierte Forum BGM Z\u00fcrich unterst\u00fctzt Betriebe zur St\u00e4rkung ihres Gesundheitsmanagements.","articlekey":"","footnotes":""},"categories":[25],"tags":[77,208,503],"class_list":["post-11719","post","type-post","status-publish","format-standard","has-post-thumbnail","hentry","category-fit_im_job","tag-betriebliches-gesundheitsmanagement","tag-fit-im-job","tag-verbaende"],"acf":[],"yoast_head":"<!-- This site is optimized with the Yoast SEO plugin v27.5 - https:\/\/yoast.com\/product\/yoast-seo-wordpress\/ -->\n<title>Forum BGM Z\u00fcrich gegr\u00fcndet: F\u00fcr ges\u00fcndere Mitarbeitende - Organisator<\/title>\n<meta name=\"description\" content=\"Das von Pr\u00e4vention und Gesundheitsf\u00f6rderung Kanton Z\u00fcrich initiierte Forum BGM Z\u00fcrich unterst\u00fctzt Betriebe zur St\u00e4rkung ihres Gesundheitsmanagements.\" \/>\n<meta name=\"robots\" content=\"index, follow, max-snippet:-1, max-image-preview:large, max-video-preview:-1\" \/>\n<link rel=\"canonical\" href=\"https:\/\/www.organisator.ch\/fr\/ressources-humaines\/fit_im_job\/2021-10-06\/forum-bgm-zuerich-gegruendet-fuer-gesuendere-mitarbeitende\/\" \/>\n<meta property=\"og:locale\" content=\"fr_FR\" \/>\n<meta property=\"og:type\" content=\"article\" \/>\n<meta property=\"og:title\" content=\"Forum BGM Z\u00fcrich gegr\u00fcndet: F\u00fcr ges\u00fcndere Mitarbeitende\" \/>\n<meta property=\"og:description\" content=\"Das von Pr\u00e4vention und Gesundheitsf\u00f6rderung Kanton Z\u00fcrich initiierte Forum BGM Z\u00fcrich unterst\u00fctzt Betriebe zur St\u00e4rkung ihres Gesundheitsmanagements.\" \/>\n<meta property=\"og:url\" content=\"https:\/\/www.organisator.ch\/fr\/ressources-humaines\/fit_im_job\/2021-10-06\/forum-bgm-zuerich-gegruendet-fuer-gesuendere-mitarbeitende\/\" \/>\n<meta property=\"og:site_name\" content=\"Organisator\" \/>\n<meta property=\"article:publisher\" content=\"https:\/\/www.facebook.com\/OrganisatorFachmagazin\" \/>\n<meta property=\"article:published_time\" content=\"2021-10-06T14:38:39+00:00\" \/>\n<meta name=\"author\" content=\"thomas.berner\" \/>\n<meta name=\"twitter:card\" content=\"summary_large_image\" \/>\n<meta name=\"twitter:title\" content=\"Forum #BGM Z\u00fcrich gegr\u00fcndet: F\u00fcr ges\u00fcndere Mitarbeitende\" \/>\n<meta name=\"twitter:description\" content=\"Das von Pr\u00e4vention und #Gesundheitsf\u00f6rderung Kanton Z\u00fcrich initiierte #ForumBGMZ\u00fcrich unterst\u00fctzt Betriebe zur St\u00e4rkung ihres #Gesundheitsmanagements.\" \/>\n<script type=\"application\/ld+json\" class=\"yoast-schema-graph\">{\"@context\":\"https:\\\/\\\/schema.org\",\"@graph\":[{\"@type\":\"Article\",\"@id\":\"https:\\\/\\\/www.organisator.ch\\\/human-resources\\\/fit_im_job\\\/2021-10-06\\\/forum-bgm-zuerich-gegruendet-fuer-gesuendere-mitarbeitende\\\/#article\",\"isPartOf\":{\"@id\":\"https:\\\/\\\/www.organisator.ch\\\/human-resources\\\/fit_im_job\\\/2021-10-06\\\/forum-bgm-zuerich-gegruendet-fuer-gesuendere-mitarbeitende\\\/\"},\"author\":{\"name\":\"thomas.berner\",\"@id\":\"https:\\\/\\\/www.organisator.ch\\\/#\\\/schema\\\/person\\\/6f650f90b2842cd4c0cc334b4e36f67e\"},\"headline\":\"Forum BGM Z\u00fcrich gegr\u00fcndet: F\u00fcr ges\u00fcndere Mitarbeitende\",\"datePublished\":\"2021-10-06T14:38:39+00:00\",\"mainEntityOfPage\":{\"@id\":\"https:\\\/\\\/www.organisator.ch\\\/human-resources\\\/fit_im_job\\\/2021-10-06\\\/forum-bgm-zuerich-gegruendet-fuer-gesuendere-mitarbeitende\\\/\"},\"wordCount\":674,\"publisher\":{\"@id\":\"https:\\\/\\\/www.organisator.ch\\\/#organization\"},\"image\":{\"@id\":\"https:\\\/\\\/www.organisator.ch\\\/human-resources\\\/fit_im_job\\\/2021-10-06\\\/forum-bgm-zuerich-gegruendet-fuer-gesuendere-mitarbeitende\\\/#primaryimage\"},\"thumbnailUrl\":\"https:\\\/\\\/www.organisator.ch\\\/wp-content\\\/uploads\\\/2021\\\/10\\\/Forum-BGM-Zuerich-gegruendet-Fuer-gesuendere-Mitarbeitende_Organisator.jpg\",\"keywords\":[\"Betriebliches Gesundheitsmanagement\",\"Fit im Job\",\"Verb\u00e4nde\"],\"articleSection\":[\"FIT IM JOB\"],\"inLanguage\":\"fr-FR\"},{\"@type\":\"WebPage\",\"@id\":\"https:\\\/\\\/www.organisator.ch\\\/human-resources\\\/fit_im_job\\\/2021-10-06\\\/forum-bgm-zuerich-gegruendet-fuer-gesuendere-mitarbeitende\\\/\",\"url\":\"https:\\\/\\\/www.organisator.ch\\\/human-resources\\\/fit_im_job\\\/2021-10-06\\\/forum-bgm-zuerich-gegruendet-fuer-gesuendere-mitarbeitende\\\/\",\"name\":\"Forum BGM Z\u00fcrich gegr\u00fcndet: F\u00fcr ges\u00fcndere Mitarbeitende - Organisator\",\"isPartOf\":{\"@id\":\"https:\\\/\\\/www.organisator.ch\\\/#website\"},\"primaryImageOfPage\":{\"@id\":\"https:\\\/\\\/www.organisator.ch\\\/human-resources\\\/fit_im_job\\\/2021-10-06\\\/forum-bgm-zuerich-gegruendet-fuer-gesuendere-mitarbeitende\\\/#primaryimage\"},\"image\":{\"@id\":\"https:\\\/\\\/www.organisator.ch\\\/human-resources\\\/fit_im_job\\\/2021-10-06\\\/forum-bgm-zuerich-gegruendet-fuer-gesuendere-mitarbeitende\\\/#primaryimage\"},\"thumbnailUrl\":\"https:\\\/\\\/www.organisator.ch\\\/wp-content\\\/uploads\\\/2021\\\/10\\\/Forum-BGM-Zuerich-gegruendet-Fuer-gesuendere-Mitarbeitende_Organisator.jpg\",\"datePublished\":\"2021-10-06T14:38:39+00:00\",\"description\":\"Das von Pr\u00e4vention und Gesundheitsf\u00f6rderung Kanton Z\u00fcrich initiierte Forum BGM Z\u00fcrich unterst\u00fctzt Betriebe zur St\u00e4rkung ihres Gesundheitsmanagements.\",\"breadcrumb\":{\"@id\":\"https:\\\/\\\/www.organisator.ch\\\/human-resources\\\/fit_im_job\\\/2021-10-06\\\/forum-bgm-zuerich-gegruendet-fuer-gesuendere-mitarbeitende\\\/#breadcrumb\"},\"inLanguage\":\"fr-FR\",\"potentialAction\":[{\"@type\":\"ReadAction\",\"target\":[\"https:\\\/\\\/www.organisator.ch\\\/human-resources\\\/fit_im_job\\\/2021-10-06\\\/forum-bgm-zuerich-gegruendet-fuer-gesuendere-mitarbeitende\\\/\"]}]},{\"@type\":\"ImageObject\",\"inLanguage\":\"fr-FR\",\"@id\":\"https:\\\/\\\/www.organisator.ch\\\/human-resources\\\/fit_im_job\\\/2021-10-06\\\/forum-bgm-zuerich-gegruendet-fuer-gesuendere-mitarbeitende\\\/#primaryimage\",\"url\":\"https:\\\/\\\/www.organisator.ch\\\/wp-content\\\/uploads\\\/2021\\\/10\\\/Forum-BGM-Zuerich-gegruendet-Fuer-gesuendere-Mitarbeitende_Organisator.jpg\",\"contentUrl\":\"https:\\\/\\\/www.organisator.ch\\\/wp-content\\\/uploads\\\/2021\\\/10\\\/Forum-BGM-Zuerich-gegruendet-Fuer-gesuendere-Mitarbeitende_Organisator.jpg\",\"width\":680,\"height\":518,\"caption\":\"Petra Keel ist Gesch\u00e4ftsf\u00fchrerin des neuen Forum BGM Z\u00fcrich. (Bild: zVg)\"},{\"@type\":\"BreadcrumbList\",\"@id\":\"https:\\\/\\\/www.organisator.ch\\\/human-resources\\\/fit_im_job\\\/2021-10-06\\\/forum-bgm-zuerich-gegruendet-fuer-gesuendere-mitarbeitende\\\/#breadcrumb\",\"itemListElement\":[{\"@type\":\"ListItem\",\"position\":1,\"name\":\"Home\",\"item\":\"https:\\\/\\\/www.organisator.ch\\\/\"},{\"@type\":\"ListItem\",\"position\":2,\"name\":\"Forum BGM Z\u00fcrich gegr\u00fcndet: F\u00fcr ges\u00fcndere Mitarbeitende\"}]},{\"@type\":\"WebSite\",\"@id\":\"https:\\\/\\\/www.organisator.ch\\\/#website\",\"url\":\"https:\\\/\\\/www.organisator.ch\\\/\",\"name\":\"Organisator\",\"description\":\"Kompetent. Praxisnah. Der ORGANISATOR bereitet in 10 Ausgaben pro Jahr die wesentlichen Themen f\u00fcr F\u00fchrungskr\u00e4fte von KMU auf.\",\"publisher\":{\"@id\":\"https:\\\/\\\/www.organisator.ch\\\/#organization\"},\"potentialAction\":[{\"@type\":\"SearchAction\",\"target\":{\"@type\":\"EntryPoint\",\"urlTemplate\":\"https:\\\/\\\/www.organisator.ch\\\/?s={search_term_string}\"},\"query-input\":{\"@type\":\"PropertyValueSpecification\",\"valueRequired\":true,\"valueName\":\"search_term_string\"}}],\"inLanguage\":\"fr-FR\"},{\"@type\":\"Organization\",\"@id\":\"https:\\\/\\\/www.organisator.ch\\\/#organization\",\"name\":\"Organisator\",\"url\":\"https:\\\/\\\/www.organisator.ch\\\/\",\"logo\":{\"@type\":\"ImageObject\",\"inLanguage\":\"fr-FR\",\"@id\":\"https:\\\/\\\/www.organisator.ch\\\/#\\\/schema\\\/logo\\\/image\\\/\",\"url\":\"https:\\\/\\\/www.organisator.ch\\\/wp-content\\\/uploads\\\/2022\\\/01\\\/Logo_Organisator_Website.png\",\"contentUrl\":\"https:\\\/\\\/www.organisator.ch\\\/wp-content\\\/uploads\\\/2022\\\/01\\\/Logo_Organisator_Website.png\",\"width\":800,\"height\":77,\"caption\":\"Organisator\"},\"image\":{\"@id\":\"https:\\\/\\\/www.organisator.ch\\\/#\\\/schema\\\/logo\\\/image\\\/\"},\"sameAs\":[\"https:\\\/\\\/www.facebook.com\\\/OrganisatorFachmagazin\",\"https:\\\/\\\/www.linkedin.com\\\/showcase\\\/organisator-das-magazin-fr-kmu\",\"https:\\\/\\\/www.xing.com\\\/news\\\/pages\\\/organisator-ch-695\",\"https:\\\/\\\/www.youtube.com\\\/channel\\\/UCGP2Sq0iWaZwT3BdIAQFYpw\"]},{\"@type\":\"Person\",\"@id\":\"https:\\\/\\\/www.organisator.ch\\\/#\\\/schema\\\/person\\\/6f650f90b2842cd4c0cc334b4e36f67e\",\"name\":\"thomas.berner\",\"image\":{\"@type\":\"ImageObject\",\"inLanguage\":\"fr-FR\",\"@id\":\"https:\\\/\\\/secure.gravatar.com\\\/avatar\\\/ac5001d2a36cb6c6cd3e50789007ffca834b477b74a2144564522e944eabff61?s=96&d=mm&r=g\",\"url\":\"https:\\\/\\\/secure.gravatar.com\\\/avatar\\\/ac5001d2a36cb6c6cd3e50789007ffca834b477b74a2144564522e944eabff61?s=96&d=mm&r=g\",\"contentUrl\":\"https:\\\/\\\/secure.gravatar.com\\\/avatar\\\/ac5001d2a36cb6c6cd3e50789007ffca834b477b74a2144564522e944eabff61?s=96&d=mm&r=g\",\"caption\":\"thomas.berner\"},\"url\":\"https:\\\/\\\/www.organisator.ch\\\/fr\\\/author\\\/thomas-berner\\\/\"}]}<\/script>\n<!-- \/ Yoast SEO plugin. -->","yoast_head_json":{"title":"Cr\u00e9ation du Forum BGM Zurich : Pour des collaborateurs en meilleure sant\u00e9 - Organisateur","description":"Le Forum BGM Zurich, initi\u00e9 par Pr\u00e4vention und Gesundheitsf\u00f6rderung Kanton Z\u00fcrich, aide les entreprises \u00e0 renforcer leur gestion de la sant\u00e9.","robots":{"index":"index","follow":"follow","max-snippet":"max-snippet:-1","max-image-preview":"max-image-preview:large","max-video-preview":"max-video-preview:-1"},"canonical":"https:\/\/www.organisator.ch\/fr\/ressources-humaines\/fit_im_job\/2021-10-06\/forum-bgm-zuerich-gegruendet-fuer-gesuendere-mitarbeitende\/","og_locale":"fr_FR","og_type":"article","og_title":"Forum BGM Z\u00fcrich gegr\u00fcndet: F\u00fcr ges\u00fcndere Mitarbeitende","og_description":"Das von Pr\u00e4vention und Gesundheitsf\u00f6rderung Kanton Z\u00fcrich initiierte Forum BGM Z\u00fcrich unterst\u00fctzt Betriebe zur St\u00e4rkung ihres Gesundheitsmanagements.","og_url":"https:\/\/www.organisator.ch\/fr\/ressources-humaines\/fit_im_job\/2021-10-06\/forum-bgm-zuerich-gegruendet-fuer-gesuendere-mitarbeitende\/","og_site_name":"Organisator","article_publisher":"https:\/\/www.facebook.com\/OrganisatorFachmagazin","article_published_time":"2021-10-06T14:38:39+00:00","author":"thomas.berner","twitter_card":"summary_large_image","twitter_title":"Forum #BGM Z\u00fcrich gegr\u00fcndet: F\u00fcr ges\u00fcndere Mitarbeitende","twitter_description":"Das von Pr\u00e4vention und #Gesundheitsf\u00f6rderung Kanton Z\u00fcrich initiierte #ForumBGMZ\u00fcrich unterst\u00fctzt Betriebe zur St\u00e4rkung ihres #Gesundheitsmanagements.","schema":{"@context":"https:\/\/schema.org","@graph":[{"@type":"Article","@id":"https:\/\/www.organisator.ch\/human-resources\/fit_im_job\/2021-10-06\/forum-bgm-zuerich-gegruendet-fuer-gesuendere-mitarbeitende\/#article","isPartOf":{"@id":"https:\/\/www.organisator.ch\/human-resources\/fit_im_job\/2021-10-06\/forum-bgm-zuerich-gegruendet-fuer-gesuendere-mitarbeitende\/"},"author":{"name":"thomas.berner","@id":"https:\/\/www.organisator.ch\/#\/schema\/person\/6f650f90b2842cd4c0cc334b4e36f67e"},"headline":"Forum BGM Z\u00fcrich gegr\u00fcndet: F\u00fcr ges\u00fcndere Mitarbeitende","datePublished":"2021-10-06T14:38:39+00:00","mainEntityOfPage":{"@id":"https:\/\/www.organisator.ch\/human-resources\/fit_im_job\/2021-10-06\/forum-bgm-zuerich-gegruendet-fuer-gesuendere-mitarbeitende\/"},"wordCount":674,"publisher":{"@id":"https:\/\/www.organisator.ch\/#organization"},"image":{"@id":"https:\/\/www.organisator.ch\/human-resources\/fit_im_job\/2021-10-06\/forum-bgm-zuerich-gegruendet-fuer-gesuendere-mitarbeitende\/#primaryimage"},"thumbnailUrl":"https:\/\/www.organisator.ch\/wp-content\/uploads\/2021\/10\/Forum-BGM-Zuerich-gegruendet-Fuer-gesuendere-Mitarbeitende_Organisator.jpg","keywords":["Betriebliches Gesundheitsmanagement","Fit im Job","Verb\u00e4nde"],"articleSection":["FIT IM JOB"],"inLanguage":"fr-FR"},{"@type":"WebPage","@id":"https:\/\/www.organisator.ch\/human-resources\/fit_im_job\/2021-10-06\/forum-bgm-zuerich-gegruendet-fuer-gesuendere-mitarbeitende\/","url":"https:\/\/www.organisator.ch\/human-resources\/fit_im_job\/2021-10-06\/forum-bgm-zuerich-gegruendet-fuer-gesuendere-mitarbeitende\/","name":"Cr\u00e9ation du Forum BGM Zurich : Pour des collaborateurs en meilleure sant\u00e9 - Organisateur","isPartOf":{"@id":"https:\/\/www.organisator.ch\/#website"},"primaryImageOfPage":{"@id":"https:\/\/www.organisator.ch\/human-resources\/fit_im_job\/2021-10-06\/forum-bgm-zuerich-gegruendet-fuer-gesuendere-mitarbeitende\/#primaryimage"},"image":{"@id":"https:\/\/www.organisator.ch\/human-resources\/fit_im_job\/2021-10-06\/forum-bgm-zuerich-gegruendet-fuer-gesuendere-mitarbeitende\/#primaryimage"},"thumbnailUrl":"https:\/\/www.organisator.ch\/wp-content\/uploads\/2021\/10\/Forum-BGM-Zuerich-gegruendet-Fuer-gesuendere-Mitarbeitende_Organisator.jpg","datePublished":"2021-10-06T14:38:39+00:00","description":"Le Forum BGM Zurich, initi\u00e9 par Pr\u00e4vention und Gesundheitsf\u00f6rderung Kanton Z\u00fcrich, aide les entreprises \u00e0 renforcer leur gestion de la sant\u00e9.","breadcrumb":{"@id":"https:\/\/www.organisator.ch\/human-resources\/fit_im_job\/2021-10-06\/forum-bgm-zuerich-gegruendet-fuer-gesuendere-mitarbeitende\/#breadcrumb"},"inLanguage":"fr-FR","potentialAction":[{"@type":"ReadAction","target":["https:\/\/www.organisator.ch\/human-resources\/fit_im_job\/2021-10-06\/forum-bgm-zuerich-gegruendet-fuer-gesuendere-mitarbeitende\/"]}]},{"@type":"ImageObject","inLanguage":"fr-FR","@id":"https:\/\/www.organisator.ch\/human-resources\/fit_im_job\/2021-10-06\/forum-bgm-zuerich-gegruendet-fuer-gesuendere-mitarbeitende\/#primaryimage","url":"https:\/\/www.organisator.ch\/wp-content\/uploads\/2021\/10\/Forum-BGM-Zuerich-gegruendet-Fuer-gesuendere-Mitarbeitende_Organisator.jpg","contentUrl":"https:\/\/www.organisator.ch\/wp-content\/uploads\/2021\/10\/Forum-BGM-Zuerich-gegruendet-Fuer-gesuendere-Mitarbeitende_Organisator.jpg","width":680,"height":518,"caption":"Petra Keel ist Gesch\u00e4ftsf\u00fchrerin des neuen Forum BGM Z\u00fcrich. (Bild: zVg)"},{"@type":"BreadcrumbList","@id":"https:\/\/www.organisator.ch\/human-resources\/fit_im_job\/2021-10-06\/forum-bgm-zuerich-gegruendet-fuer-gesuendere-mitarbeitende\/#breadcrumb","itemListElement":[{"@type":"ListItem","position":1,"name":"Home","item":"https:\/\/www.organisator.ch\/"},{"@type":"ListItem","position":2,"name":"Forum BGM Z\u00fcrich gegr\u00fcndet: F\u00fcr ges\u00fcndere Mitarbeitende"}]},{"@type":"WebSite","@id":"https:\/\/www.organisator.ch\/#website","url":"https:\/\/www.organisator.ch\/","name":"Organisateur","description":"Comp\u00e9tence et comp\u00e9tence. Proches de la pratique. L'ORGANISATEUR pr\u00e9pare 10 num\u00e9ros par an sur les th\u00e8mes essentiels pour les dirigeants de PME.","publisher":{"@id":"https:\/\/www.organisator.ch\/#organization"},"potentialAction":[{"@type":"SearchAction","target":{"@type":"EntryPoint","urlTemplate":"https:\/\/www.organisator.ch\/?s={search_term_string}"},"query-input":{"@type":"PropertyValueSpecification","valueRequired":true,"valueName":"search_term_string"}}],"inLanguage":"fr-FR"},{"@type":"Organization","@id":"https:\/\/www.organisator.ch\/#organization","name":"Organisateur","url":"https:\/\/www.organisator.ch\/","logo":{"@type":"ImageObject","inLanguage":"fr-FR","@id":"https:\/\/www.organisator.ch\/#\/schema\/logo\/image\/","url":"https:\/\/www.organisator.ch\/wp-content\/uploads\/2022\/01\/Logo_Organisator_Website.png","contentUrl":"https:\/\/www.organisator.ch\/wp-content\/uploads\/2022\/01\/Logo_Organisator_Website.png","width":800,"height":77,"caption":"Organisator"},"image":{"@id":"https:\/\/www.organisator.ch\/#\/schema\/logo\/image\/"},"sameAs":["https:\/\/www.facebook.com\/OrganisatorFachmagazin","https:\/\/www.linkedin.com\/showcase\/organisator-das-magazin-fr-kmu","https:\/\/www.xing.com\/news\/pages\/organisator-ch-695","https:\/\/www.youtube.com\/channel\/UCGP2Sq0iWaZwT3BdIAQFYpw"]},{"@type":"Person","@id":"https:\/\/www.organisator.ch\/#\/schema\/person\/6f650f90b2842cd4c0cc334b4e36f67e","name":"thomas.berner","image":{"@type":"ImageObject","inLanguage":"fr-FR","@id":"https:\/\/secure.gravatar.com\/avatar\/ac5001d2a36cb6c6cd3e50789007ffca834b477b74a2144564522e944eabff61?s=96&d=mm&r=g","url":"https:\/\/secure.gravatar.com\/avatar\/ac5001d2a36cb6c6cd3e50789007ffca834b477b74a2144564522e944eabff61?s=96&d=mm&r=g","contentUrl":"https:\/\/secure.gravatar.com\/avatar\/ac5001d2a36cb6c6cd3e50789007ffca834b477b74a2144564522e944eabff61?s=96&d=mm&r=g","caption":"thomas.berner"},"url":"https:\/\/www.organisator.ch\/fr\/author\/thomas-berner\/"}]}},"_links":{"self":[{"href":"https:\/\/www.organisator.ch\/fr\/wp-json\/wp\/v2\/posts\/11719","targetHints":{"allow":["GET"]}}],"collection":[{"href":"https:\/\/www.organisator.ch\/fr\/wp-json\/wp\/v2\/posts"}],"about":[{"href":"https:\/\/www.organisator.ch\/fr\/wp-json\/wp\/v2\/types\/post"}],"author":[{"embeddable":true,"href":"https:\/\/www.organisator.ch\/fr\/wp-json\/wp\/v2\/users\/4"}],"replies":[{"embeddable":true,"href":"https:\/\/www.organisator.ch\/fr\/wp-json\/wp\/v2\/comments?post=11719"}],"version-history":[{"count":0,"href":"https:\/\/www.organisator.ch\/fr\/wp-json\/wp\/v2\/posts\/11719\/revisions"}],"wp:featuredmedia":[{"embeddable":true,"href":"https:\/\/www.organisator.ch\/fr\/wp-json\/wp\/v2\/media\/11480"}],"wp:attachment":[{"href":"https:\/\/www.organisator.ch\/fr\/wp-json\/wp\/v2\/media?parent=11719"}],"wp:term":[{"taxonomy":"category","embeddable":true,"href":"https:\/\/www.organisator.ch\/fr\/wp-json\/wp\/v2\/categories?post=11719"},{"taxonomy":"post_tag","embeddable":true,"href":"https:\/\/www.organisator.ch\/fr\/wp-json\/wp\/v2\/tags?post=11719"}],"curies":[{"name":"wp","href":"https:\/\/api.w.org\/{rel}","templated":true}]}}