{"id":11722,"date":"2021-10-11T11:51:10","date_gmt":"2021-10-11T09:51:10","guid":{"rendered":"https:\/\/www.organisator.ch\/?p=8628"},"modified":"2021-10-11T11:51:10","modified_gmt":"2021-10-11T09:51:10","slug":"best-retail-cases-switzerland-lanciert","status":"publish","type":"post","link":"https:\/\/www.organisator.ch\/fr\/marketing\/2021-10-11\/best-retail-cases-switzerland-lanciert\/","title":{"rendered":"Lancement des Best Retail Cases Switzerland"},"content":{"rendered":"<figure id=\"attachment_8629\" aria-describedby=\"caption-attachment-8629\" style=\"width: 680px\" class=\"wp-caption alignnone\"><a href=\"https:\/\/www.organisator.ch\/wp-content\/uploads\/2021\/10\/Best-Retail-Cases-Switzerland-lanciert_Organisator.png\"><img loading=\"lazy\" decoding=\"async\" class=\"size-medium wp-image-8629\" src=\"https:\/\/www.organisator.ch\/wp-content\/uploads\/2021\/10\/Best-Retail-Cases-Switzerland-lanciert_Organisator.png\" alt=\"\" width=\"680\" height=\"340\" \/><\/a><figcaption id=\"caption-attachment-8629\" class=\"wp-caption-text\">La nouvelle plateforme Best Retail Cases Switzerland r\u00e9compense entre autres les projets de num\u00e9risation r\u00e9ussis dans le commerce suisse. (Image : zVg)<\/figcaption><\/figure>\n<p>L'initiative \"Best Retail Cases Switzerland\" cr\u00e9e une interface commune entre les solutions, les fournisseurs et les clients. Elle est commercialis\u00e9e par Innovation World Switzerland et ming agentur ag. La plate-forme pr\u00e9sente une collection de cas suisses de commerce de d\u00e9tail et de commerce \u00e9lectronique porteurs d'avenir. L'objectif est de transmettre des connaissances et de pr\u00e9senter des applications innovantes pour le commerce \u00e0 l'aide d'exemples concrets. Divers \u00e9v\u00e9nements en ligne et en direct sont organis\u00e9s tout au long de l'ann\u00e9e. Un prix sera \u00e9galement d\u00e9cern\u00e9.<\/p>\n<h2><strong>Vitrine commerciale en ligne toute l'ann\u00e9e et webinaires<\/strong><\/h2>\n<p>\"En raison de la num\u00e9risation croissante, le commerce se trouve dans une phase de mutation rapide. Avec Best Retail Cases Switzerland, nous voulons montrer concr\u00e8tement ces changements. Les mod\u00e8les omnicanal innovants, les technologies intelligentes, le design cr\u00e9atif et les syst\u00e8mes en r\u00e9seau doivent pour ainsi dire b\u00e9n\u00e9ficier de leur propre vitrine\", explique Ewa Ming, la principale initiatrice. Il ne s'agit pas seulement de pr\u00e9senter des cas passionnants, mais aussi d'organiser des \u00e9v\u00e9nements et de cr\u00e9er des r\u00e9seaux tout au long de l'ann\u00e9e. \u00c0 partir de mars 2022, des webinaires th\u00e9matiques pr\u00e9senteront les tendances et les meilleurs cas.<\/p>\n<h2><strong>Best Retail Cases Award pour les meilleurs cas de Suisse<\/strong><\/h2>\n<p>Les meilleurs cas seront r\u00e9compens\u00e9s pour la premi\u00e8re fois le 7 d\u00e9cembre 2021 par un prix sp\u00e9cifique dans diff\u00e9rentes cat\u00e9gories. D\u00e8s \u00e0 pr\u00e9sent, les fournisseurs, distributeurs et fabricants peuvent soumettre leurs cas d\u00e9j\u00e0 utilis\u00e9s dans la pratique. Les utilisateurs auront ensuite l'occasion de voter pour les solutions qu'ils pr\u00e9f\u00e8rent. Ces votes ainsi que l'\u00e9valuation du jury d\u00e9termineront finalement les gagnants du prix.<\/p>\n<p><em>Pour plus d'informations, voir <a href=\"https:\/\/bestretailcases.com\/ch\">https:\/\/bestretailcases.com\/ch<\/a>.<\/em><\/p>","protected":false},"excerpt":{"rendered":"<p>Mit der Initiative \u00abBest Retail Cases Switzerland\u00bb entsteht eine gemeinsame Schnittstelle zwischen L\u00f6sungen, Anbietern und Kunden. Vermarktet wird diese durch die Innovation World Switzerland und der ming agentur ag. Auf der Plattform werden gesammelte zukunftsweisende Schweizer Retail- und eCommerce-Cases gezeigt. Ziel ist es, Wissen zu vermitteln und anhand konkreter Beispiele innovative Anwendungen f\u00fcr den Handel [&hellip;]<\/p>\n","protected":false},"author":4,"featured_media":11484,"comment_status":"closed","ping_status":"closed","sticky":false,"template":"","format":"standard","meta":{"_acf_changed":false,"_yoast_wpseo_focuskw":"Best Retail Cases","_yoast_wpseo_metadesc":"Unter der Bezeichnung \"Best Retail Cases Switzerland\" haben Retail und eCommerce in der Schweiz seit heute eine neue Plattform.","articlekey":"","footnotes":""},"categories":[29],"tags":[66,149,163,339,393],"class_list":["post-11722","post","type-post","status-publish","format-standard","has-post-thumbnail","hentry","category-marketing","tag-awards","tag-detailhandel","tag-e-commerce","tag-marketing","tag-produkte"],"acf":[],"yoast_head":"<!-- This site is optimized with the Yoast SEO plugin v27.4 - https:\/\/yoast.com\/product\/yoast-seo-wordpress\/ -->\n<title>Best Retail Cases Switzerland lanciert - Organisator<\/title>\n<meta name=\"description\" content=\"Unter der Bezeichnung &quot;Best Retail Cases Switzerland&quot; haben Retail und eCommerce in der Schweiz seit heute eine neue Plattform.\" \/>\n<meta name=\"robots\" content=\"index, follow, max-snippet:-1, max-image-preview:large, max-video-preview:-1\" \/>\n<link rel=\"canonical\" href=\"https:\/\/www.organisator.ch\/fr\/marketing\/2021-10-11\/best-retail-cases-switzerland-lanciert\/\" \/>\n<meta property=\"og:locale\" content=\"fr_FR\" \/>\n<meta property=\"og:type\" content=\"article\" \/>\n<meta property=\"og:title\" content=\"Best Retail Cases Switzerland lanciert\" \/>\n<meta property=\"og:description\" content=\"Unter der Bezeichnung &quot;Best Retail Cases Switzerland&quot; haben Retail und eCommerce in der Schweiz seit heute eine neue Plattform.\" \/>\n<meta property=\"og:url\" content=\"https:\/\/www.organisator.ch\/fr\/marketing\/2021-10-11\/best-retail-cases-switzerland-lanciert\/\" \/>\n<meta property=\"og:site_name\" content=\"Organisator\" \/>\n<meta property=\"article:publisher\" content=\"https:\/\/www.facebook.com\/OrganisatorFachmagazin\" \/>\n<meta property=\"article:published_time\" content=\"2021-10-11T09:51:10+00:00\" \/>\n<meta name=\"author\" content=\"thomas.berner\" \/>\n<meta name=\"twitter:card\" content=\"summary_large_image\" \/>\n<meta name=\"twitter:title\" content=\"Best Retail Cases Switzerland lanciert #bestretailcases\" \/>\n<meta name=\"twitter:description\" content=\"Unter der Bezeichnung &quot;Best Retail Cases Switzerland&quot; #bestretailcases haben #Retail und #eCommerce in der Schweiz seit heute eine neue Plattform.\" \/>\n<script type=\"application\/ld+json\" class=\"yoast-schema-graph\">{\"@context\":\"https:\\\/\\\/schema.org\",\"@graph\":[{\"@type\":\"Article\",\"@id\":\"https:\\\/\\\/www.organisator.ch\\\/marketing\\\/2021-10-11\\\/best-retail-cases-switzerland-lanciert\\\/#article\",\"isPartOf\":{\"@id\":\"https:\\\/\\\/www.organisator.ch\\\/marketing\\\/2021-10-11\\\/best-retail-cases-switzerland-lanciert\\\/\"},\"author\":{\"name\":\"thomas.berner\",\"@id\":\"https:\\\/\\\/www.organisator.ch\\\/#\\\/schema\\\/person\\\/6f650f90b2842cd4c0cc334b4e36f67e\"},\"headline\":\"Best Retail Cases Switzerland lanciert\",\"datePublished\":\"2021-10-11T09:51:10+00:00\",\"mainEntityOfPage\":{\"@id\":\"https:\\\/\\\/www.organisator.ch\\\/marketing\\\/2021-10-11\\\/best-retail-cases-switzerland-lanciert\\\/\"},\"wordCount\":274,\"publisher\":{\"@id\":\"https:\\\/\\\/www.organisator.ch\\\/#organization\"},\"image\":{\"@id\":\"https:\\\/\\\/www.organisator.ch\\\/marketing\\\/2021-10-11\\\/best-retail-cases-switzerland-lanciert\\\/#primaryimage\"},\"thumbnailUrl\":\"https:\\\/\\\/www.organisator.ch\\\/wp-content\\\/uploads\\\/2021\\\/10\\\/Best-Retail-Cases-Switzerland-lanciert_Organisator.png\",\"keywords\":[\"Awards\",\"Detailhandel\",\"E-Commerce\",\"Marketing\",\"Produkte\"],\"articleSection\":[\"MARKETING\"],\"inLanguage\":\"fr-FR\"},{\"@type\":\"WebPage\",\"@id\":\"https:\\\/\\\/www.organisator.ch\\\/marketing\\\/2021-10-11\\\/best-retail-cases-switzerland-lanciert\\\/\",\"url\":\"https:\\\/\\\/www.organisator.ch\\\/marketing\\\/2021-10-11\\\/best-retail-cases-switzerland-lanciert\\\/\",\"name\":\"Best Retail Cases Switzerland lanciert - Organisator\",\"isPartOf\":{\"@id\":\"https:\\\/\\\/www.organisator.ch\\\/#website\"},\"primaryImageOfPage\":{\"@id\":\"https:\\\/\\\/www.organisator.ch\\\/marketing\\\/2021-10-11\\\/best-retail-cases-switzerland-lanciert\\\/#primaryimage\"},\"image\":{\"@id\":\"https:\\\/\\\/www.organisator.ch\\\/marketing\\\/2021-10-11\\\/best-retail-cases-switzerland-lanciert\\\/#primaryimage\"},\"thumbnailUrl\":\"https:\\\/\\\/www.organisator.ch\\\/wp-content\\\/uploads\\\/2021\\\/10\\\/Best-Retail-Cases-Switzerland-lanciert_Organisator.png\",\"datePublished\":\"2021-10-11T09:51:10+00:00\",\"description\":\"Unter der Bezeichnung \\\"Best Retail Cases Switzerland\\\" haben Retail und eCommerce in der Schweiz seit heute eine neue Plattform.\",\"breadcrumb\":{\"@id\":\"https:\\\/\\\/www.organisator.ch\\\/marketing\\\/2021-10-11\\\/best-retail-cases-switzerland-lanciert\\\/#breadcrumb\"},\"inLanguage\":\"fr-FR\",\"potentialAction\":[{\"@type\":\"ReadAction\",\"target\":[\"https:\\\/\\\/www.organisator.ch\\\/marketing\\\/2021-10-11\\\/best-retail-cases-switzerland-lanciert\\\/\"]}]},{\"@type\":\"ImageObject\",\"inLanguage\":\"fr-FR\",\"@id\":\"https:\\\/\\\/www.organisator.ch\\\/marketing\\\/2021-10-11\\\/best-retail-cases-switzerland-lanciert\\\/#primaryimage\",\"url\":\"https:\\\/\\\/www.organisator.ch\\\/wp-content\\\/uploads\\\/2021\\\/10\\\/Best-Retail-Cases-Switzerland-lanciert_Organisator.png\",\"contentUrl\":\"https:\\\/\\\/www.organisator.ch\\\/wp-content\\\/uploads\\\/2021\\\/10\\\/Best-Retail-Cases-Switzerland-lanciert_Organisator.png\",\"width\":680,\"height\":340,\"caption\":\"Die neue Plattform Best Retail Cases Switzerland zeichnet u.a. erfolgreiche Digitalisierungsprojekte im Handel aus. (Bild: zVg)\"},{\"@type\":\"BreadcrumbList\",\"@id\":\"https:\\\/\\\/www.organisator.ch\\\/marketing\\\/2021-10-11\\\/best-retail-cases-switzerland-lanciert\\\/#breadcrumb\",\"itemListElement\":[{\"@type\":\"ListItem\",\"position\":1,\"name\":\"Home\",\"item\":\"https:\\\/\\\/www.organisator.ch\\\/\"},{\"@type\":\"ListItem\",\"position\":2,\"name\":\"Best Retail Cases Switzerland lanciert\"}]},{\"@type\":\"WebSite\",\"@id\":\"https:\\\/\\\/www.organisator.ch\\\/#website\",\"url\":\"https:\\\/\\\/www.organisator.ch\\\/\",\"name\":\"Organisator\",\"description\":\"Kompetent. Praxisnah. Der ORGANISATOR bereitet in 10 Ausgaben pro Jahr die wesentlichen Themen f\u00fcr F\u00fchrungskr\u00e4fte von KMU auf.\",\"publisher\":{\"@id\":\"https:\\\/\\\/www.organisator.ch\\\/#organization\"},\"potentialAction\":[{\"@type\":\"SearchAction\",\"target\":{\"@type\":\"EntryPoint\",\"urlTemplate\":\"https:\\\/\\\/www.organisator.ch\\\/?s={search_term_string}\"},\"query-input\":{\"@type\":\"PropertyValueSpecification\",\"valueRequired\":true,\"valueName\":\"search_term_string\"}}],\"inLanguage\":\"fr-FR\"},{\"@type\":\"Organization\",\"@id\":\"https:\\\/\\\/www.organisator.ch\\\/#organization\",\"name\":\"Organisator\",\"url\":\"https:\\\/\\\/www.organisator.ch\\\/\",\"logo\":{\"@type\":\"ImageObject\",\"inLanguage\":\"fr-FR\",\"@id\":\"https:\\\/\\\/www.organisator.ch\\\/#\\\/schema\\\/logo\\\/image\\\/\",\"url\":\"https:\\\/\\\/www.organisator.ch\\\/wp-content\\\/uploads\\\/2022\\\/01\\\/Logo_Organisator_Website.png\",\"contentUrl\":\"https:\\\/\\\/www.organisator.ch\\\/wp-content\\\/uploads\\\/2022\\\/01\\\/Logo_Organisator_Website.png\",\"width\":800,\"height\":77,\"caption\":\"Organisator\"},\"image\":{\"@id\":\"https:\\\/\\\/www.organisator.ch\\\/#\\\/schema\\\/logo\\\/image\\\/\"},\"sameAs\":[\"https:\\\/\\\/www.facebook.com\\\/OrganisatorFachmagazin\",\"https:\\\/\\\/www.linkedin.com\\\/showcase\\\/organisator-das-magazin-fr-kmu\",\"https:\\\/\\\/www.xing.com\\\/news\\\/pages\\\/organisator-ch-695\",\"https:\\\/\\\/www.youtube.com\\\/channel\\\/UCGP2Sq0iWaZwT3BdIAQFYpw\"]},{\"@type\":\"Person\",\"@id\":\"https:\\\/\\\/www.organisator.ch\\\/#\\\/schema\\\/person\\\/6f650f90b2842cd4c0cc334b4e36f67e\",\"name\":\"thomas.berner\",\"image\":{\"@type\":\"ImageObject\",\"inLanguage\":\"fr-FR\",\"@id\":\"https:\\\/\\\/secure.gravatar.com\\\/avatar\\\/ac5001d2a36cb6c6cd3e50789007ffca834b477b74a2144564522e944eabff61?s=96&d=mm&r=g\",\"url\":\"https:\\\/\\\/secure.gravatar.com\\\/avatar\\\/ac5001d2a36cb6c6cd3e50789007ffca834b477b74a2144564522e944eabff61?s=96&d=mm&r=g\",\"contentUrl\":\"https:\\\/\\\/secure.gravatar.com\\\/avatar\\\/ac5001d2a36cb6c6cd3e50789007ffca834b477b74a2144564522e944eabff61?s=96&d=mm&r=g\",\"caption\":\"thomas.berner\"},\"url\":\"https:\\\/\\\/www.organisator.ch\\\/fr\\\/author\\\/thomas-berner\\\/\"}]}<\/script>\n<!-- \/ Yoast SEO plugin. -->","yoast_head_json":{"title":"Lancement des Best Retail Cases Switzerland - Organisateur","description":"Sous la d\u00e9signation \"Best Retail Cases Switzerland\", le commerce de d\u00e9tail et le commerce \u00e9lectronique en Suisse disposent depuis aujourd'hui d'une nouvelle plate-forme.","robots":{"index":"index","follow":"follow","max-snippet":"max-snippet:-1","max-image-preview":"max-image-preview:large","max-video-preview":"max-video-preview:-1"},"canonical":"https:\/\/www.organisator.ch\/fr\/marketing\/2021-10-11\/best-retail-cases-switzerland-lanciert\/","og_locale":"fr_FR","og_type":"article","og_title":"Best Retail Cases Switzerland lanciert","og_description":"Unter der Bezeichnung \"Best Retail Cases Switzerland\" haben Retail und eCommerce in der Schweiz seit heute eine neue Plattform.","og_url":"https:\/\/www.organisator.ch\/fr\/marketing\/2021-10-11\/best-retail-cases-switzerland-lanciert\/","og_site_name":"Organisator","article_publisher":"https:\/\/www.facebook.com\/OrganisatorFachmagazin","article_published_time":"2021-10-11T09:51:10+00:00","author":"thomas.berner","twitter_card":"summary_large_image","twitter_title":"Best Retail Cases Switzerland lanciert #bestretailcases","twitter_description":"Unter der Bezeichnung \"Best Retail Cases Switzerland\" #bestretailcases haben #Retail und #eCommerce in der Schweiz seit heute eine neue Plattform.","schema":{"@context":"https:\/\/schema.org","@graph":[{"@type":"Article","@id":"https:\/\/www.organisator.ch\/marketing\/2021-10-11\/best-retail-cases-switzerland-lanciert\/#article","isPartOf":{"@id":"https:\/\/www.organisator.ch\/marketing\/2021-10-11\/best-retail-cases-switzerland-lanciert\/"},"author":{"name":"thomas.berner","@id":"https:\/\/www.organisator.ch\/#\/schema\/person\/6f650f90b2842cd4c0cc334b4e36f67e"},"headline":"Best Retail Cases Switzerland lanciert","datePublished":"2021-10-11T09:51:10+00:00","mainEntityOfPage":{"@id":"https:\/\/www.organisator.ch\/marketing\/2021-10-11\/best-retail-cases-switzerland-lanciert\/"},"wordCount":274,"publisher":{"@id":"https:\/\/www.organisator.ch\/#organization"},"image":{"@id":"https:\/\/www.organisator.ch\/marketing\/2021-10-11\/best-retail-cases-switzerland-lanciert\/#primaryimage"},"thumbnailUrl":"https:\/\/www.organisator.ch\/wp-content\/uploads\/2021\/10\/Best-Retail-Cases-Switzerland-lanciert_Organisator.png","keywords":["Awards","Detailhandel","E-Commerce","Marketing","Produkte"],"articleSection":["MARKETING"],"inLanguage":"fr-FR"},{"@type":"WebPage","@id":"https:\/\/www.organisator.ch\/marketing\/2021-10-11\/best-retail-cases-switzerland-lanciert\/","url":"https:\/\/www.organisator.ch\/marketing\/2021-10-11\/best-retail-cases-switzerland-lanciert\/","name":"Lancement des Best Retail Cases Switzerland - Organisateur","isPartOf":{"@id":"https:\/\/www.organisator.ch\/#website"},"primaryImageOfPage":{"@id":"https:\/\/www.organisator.ch\/marketing\/2021-10-11\/best-retail-cases-switzerland-lanciert\/#primaryimage"},"image":{"@id":"https:\/\/www.organisator.ch\/marketing\/2021-10-11\/best-retail-cases-switzerland-lanciert\/#primaryimage"},"thumbnailUrl":"https:\/\/www.organisator.ch\/wp-content\/uploads\/2021\/10\/Best-Retail-Cases-Switzerland-lanciert_Organisator.png","datePublished":"2021-10-11T09:51:10+00:00","description":"Sous la d\u00e9signation \"Best Retail Cases Switzerland\", le commerce de d\u00e9tail et le commerce \u00e9lectronique en Suisse disposent depuis aujourd'hui d'une nouvelle plate-forme.","breadcrumb":{"@id":"https:\/\/www.organisator.ch\/marketing\/2021-10-11\/best-retail-cases-switzerland-lanciert\/#breadcrumb"},"inLanguage":"fr-FR","potentialAction":[{"@type":"ReadAction","target":["https:\/\/www.organisator.ch\/marketing\/2021-10-11\/best-retail-cases-switzerland-lanciert\/"]}]},{"@type":"ImageObject","inLanguage":"fr-FR","@id":"https:\/\/www.organisator.ch\/marketing\/2021-10-11\/best-retail-cases-switzerland-lanciert\/#primaryimage","url":"https:\/\/www.organisator.ch\/wp-content\/uploads\/2021\/10\/Best-Retail-Cases-Switzerland-lanciert_Organisator.png","contentUrl":"https:\/\/www.organisator.ch\/wp-content\/uploads\/2021\/10\/Best-Retail-Cases-Switzerland-lanciert_Organisator.png","width":680,"height":340,"caption":"Die neue Plattform Best Retail Cases Switzerland zeichnet u.a. erfolgreiche Digitalisierungsprojekte im Handel aus. (Bild: zVg)"},{"@type":"BreadcrumbList","@id":"https:\/\/www.organisator.ch\/marketing\/2021-10-11\/best-retail-cases-switzerland-lanciert\/#breadcrumb","itemListElement":[{"@type":"ListItem","position":1,"name":"Home","item":"https:\/\/www.organisator.ch\/"},{"@type":"ListItem","position":2,"name":"Best Retail Cases Switzerland lanciert"}]},{"@type":"WebSite","@id":"https:\/\/www.organisator.ch\/#website","url":"https:\/\/www.organisator.ch\/","name":"Organisateur","description":"Comp\u00e9tence et comp\u00e9tence. Proches de la pratique. L'ORGANISATEUR pr\u00e9pare 10 num\u00e9ros par an sur les th\u00e8mes essentiels pour les dirigeants de PME.","publisher":{"@id":"https:\/\/www.organisator.ch\/#organization"},"potentialAction":[{"@type":"SearchAction","target":{"@type":"EntryPoint","urlTemplate":"https:\/\/www.organisator.ch\/?s={search_term_string}"},"query-input":{"@type":"PropertyValueSpecification","valueRequired":true,"valueName":"search_term_string"}}],"inLanguage":"fr-FR"},{"@type":"Organization","@id":"https:\/\/www.organisator.ch\/#organization","name":"Organisateur","url":"https:\/\/www.organisator.ch\/","logo":{"@type":"ImageObject","inLanguage":"fr-FR","@id":"https:\/\/www.organisator.ch\/#\/schema\/logo\/image\/","url":"https:\/\/www.organisator.ch\/wp-content\/uploads\/2022\/01\/Logo_Organisator_Website.png","contentUrl":"https:\/\/www.organisator.ch\/wp-content\/uploads\/2022\/01\/Logo_Organisator_Website.png","width":800,"height":77,"caption":"Organisator"},"image":{"@id":"https:\/\/www.organisator.ch\/#\/schema\/logo\/image\/"},"sameAs":["https:\/\/www.facebook.com\/OrganisatorFachmagazin","https:\/\/www.linkedin.com\/showcase\/organisator-das-magazin-fr-kmu","https:\/\/www.xing.com\/news\/pages\/organisator-ch-695","https:\/\/www.youtube.com\/channel\/UCGP2Sq0iWaZwT3BdIAQFYpw"]},{"@type":"Person","@id":"https:\/\/www.organisator.ch\/#\/schema\/person\/6f650f90b2842cd4c0cc334b4e36f67e","name":"thomas.berner","image":{"@type":"ImageObject","inLanguage":"fr-FR","@id":"https:\/\/secure.gravatar.com\/avatar\/ac5001d2a36cb6c6cd3e50789007ffca834b477b74a2144564522e944eabff61?s=96&d=mm&r=g","url":"https:\/\/secure.gravatar.com\/avatar\/ac5001d2a36cb6c6cd3e50789007ffca834b477b74a2144564522e944eabff61?s=96&d=mm&r=g","contentUrl":"https:\/\/secure.gravatar.com\/avatar\/ac5001d2a36cb6c6cd3e50789007ffca834b477b74a2144564522e944eabff61?s=96&d=mm&r=g","caption":"thomas.berner"},"url":"https:\/\/www.organisator.ch\/fr\/author\/thomas-berner\/"}]}},"_links":{"self":[{"href":"https:\/\/www.organisator.ch\/fr\/wp-json\/wp\/v2\/posts\/11722","targetHints":{"allow":["GET"]}}],"collection":[{"href":"https:\/\/www.organisator.ch\/fr\/wp-json\/wp\/v2\/posts"}],"about":[{"href":"https:\/\/www.organisator.ch\/fr\/wp-json\/wp\/v2\/types\/post"}],"author":[{"embeddable":true,"href":"https:\/\/www.organisator.ch\/fr\/wp-json\/wp\/v2\/users\/4"}],"replies":[{"embeddable":true,"href":"https:\/\/www.organisator.ch\/fr\/wp-json\/wp\/v2\/comments?post=11722"}],"version-history":[{"count":0,"href":"https:\/\/www.organisator.ch\/fr\/wp-json\/wp\/v2\/posts\/11722\/revisions"}],"wp:featuredmedia":[{"embeddable":true,"href":"https:\/\/www.organisator.ch\/fr\/wp-json\/wp\/v2\/media\/11484"}],"wp:attachment":[{"href":"https:\/\/www.organisator.ch\/fr\/wp-json\/wp\/v2\/media?parent=11722"}],"wp:term":[{"taxonomy":"category","embeddable":true,"href":"https:\/\/www.organisator.ch\/fr\/wp-json\/wp\/v2\/categories?post=11722"},{"taxonomy":"post_tag","embeddable":true,"href":"https:\/\/www.organisator.ch\/fr\/wp-json\/wp\/v2\/tags?post=11722"}],"curies":[{"name":"wp","href":"https:\/\/api.w.org\/{rel}","templated":true}]}}