{"id":11726,"date":"2021-10-15T07:00:27","date_gmt":"2021-10-15T05:00:27","guid":{"rendered":"https:\/\/www.organisator.ch\/?p=8659"},"modified":"2021-10-15T07:00:27","modified_gmt":"2021-10-15T05:00:27","slug":"smidex-suisse-exposyum-die-neue-it-sicherheits-konferenz","status":"publish","type":"post","link":"https:\/\/www.organisator.ch\/fr\/management\/it\/2021-10-15\/smidex-suisse-exposyum-die-neue-it-sicherheits-konferenz\/","title":{"rendered":"Smidex Suisse Exposyum : la nouvelle conf\u00e9rence sur la s\u00e9curit\u00e9 informatique"},"content":{"rendered":"<figure id=\"attachment_8662\" aria-describedby=\"caption-attachment-8662\" style=\"width: 680px\" class=\"wp-caption alignnone\"><a href=\"https:\/\/www.organisator.ch\/wp-content\/uploads\/2021\/10\/Smidex-Suisse-Exposyum-Die-neue-IT-Sicherheits-Konferenz-1_Organisator.jpg\"><img loading=\"lazy\" decoding=\"async\" class=\"size-medium wp-image-8662\" src=\"https:\/\/www.organisator.ch\/wp-content\/uploads\/2021\/10\/Smidex-Suisse-Exposyum-Die-neue-IT-Sicherheits-Konferenz-1_Organisator.jpg\" alt=\"\" width=\"680\" height=\"490\" srcset=\"https:\/\/www.organisator.ch\/wp-content\/uploads\/2021\/10\/Smidex-Suisse-Exposyum-Die-neue-IT-Sicherheits-Konferenz-1_Organisator.jpg 680w, https:\/\/www.organisator.ch\/wp-content\/uploads\/2021\/10\/Smidex-Suisse-Exposyum-Die-neue-IT-Sicherheits-Konferenz-1_Organisator-18x12.jpg 18w, https:\/\/www.organisator.ch\/wp-content\/uploads\/2021\/10\/Smidex-Suisse-Exposyum-Die-neue-IT-Sicherheits-Konferenz-1_Organisator-243x175.jpg 243w, https:\/\/www.organisator.ch\/wp-content\/uploads\/2021\/10\/Smidex-Suisse-Exposyum-Die-neue-IT-Sicherheits-Konferenz-1_Organisator-486x350.jpg 486w, https:\/\/www.organisator.ch\/wp-content\/uploads\/2021\/10\/Smidex-Suisse-Exposyum-Die-neue-IT-Sicherheits-Konferenz-1_Organisator-300x216.jpg 300w\" sizes=\"auto, (max-width: 680px) 100vw, 680px\" \/><\/a><figcaption id=\"caption-attachment-8662\" class=\"wp-caption-text\">Le Smidex Suisse Exposyum, qui se tiendra les 17 et 18 novembre \u00e0 Zurich-Oerlikon, fournira des informations pratiques pour am\u00e9liorer la s\u00e9curit\u00e9 informatique dans les PME. (Image : zVg)<\/figcaption><\/figure>\n<p>Une PME suisse sur trois a d\u00e9j\u00e0 \u00e9t\u00e9 victime de cyber-attaques. Quatre pour cent ont \u00e9t\u00e9 victimes de chantage \u00e0 la suite de ces attaques. M\u00eame si les donn\u00e9es des petites entreprises sont moins int\u00e9ressantes pour les cybercriminels, ces entreprises restent des cibles attrayantes pour eux pour deux raisons : Premi\u00e8rement, pour extorquer une ran\u00e7on \u00e0 l'aide d'un ransomware, et deuxi\u00e8mement, pour les utiliser comme porte d'entr\u00e9e pour des attaques contre des entreprises plus grandes qui travaillent avec ces PME. Si nous regardons les chiffres du premier semestre 2021, 10 294 cyberincidents ont \u00e9t\u00e9 signal\u00e9s au Centre national de cybers\u00e9curit\u00e9 (NCSC). Une tendance \u00e0 la hausse.<\/p>\n<p>C'est dans ce contexte que Smidex Suisse Exposyum (n\u00e9ologisme pour Expo + Symposium) a \u00e9t\u00e9 cr\u00e9\u00e9. L'\u00e9v\u00e9nement est une plateforme en direct pour la cybers\u00e9curit\u00e9 et les syst\u00e8mes de s\u00e9curit\u00e9 physique, qui n'est pas seulement fr\u00e9quent\u00e9e par les CSIO et les CIO, mais aussi par les repr\u00e9sentants du niveau C des PME et les responsables de la s\u00e9curit\u00e9 en g\u00e9n\u00e9ral. C'est pourquoi l'\u00e9v\u00e9nement met clairement l'accent sur les solutions pratiques et moins, voire pas du tout, sur les th\u00e8mes des d\u00e9veloppeurs.<\/p>\n<h2>Ce qu'il faut savoir des experts<\/h2>\n<p>Un programme complet sera propos\u00e9 aux participants dans le cadre de plus de 20 expos\u00e9s. L'introduction sera assur\u00e9e par Nicolas B\u00fcrer, Managing Director de digitalswitzerland, qui parlera de l'avenir et des opportunit\u00e9s de l'innovation num\u00e9rique et des risques et opportunit\u00e9s auxquels nous serons confront\u00e9s dans les ann\u00e9es \u00e0 venir, ainsi que des hypoth\u00e8ses qui en d\u00e9coulent. L'un des orateurs sera \u00e9galement Candid W\u00fcest, VP Cyber Protection Research d'Acronis, qui montrera, \u00e0 l'aide d'une enqu\u00eate r\u00e9cente, o\u00f9 les entreprises se battent actuellement le plus et comment cela se situe par rapport \u00e0 la fusion des cyberattaques.<\/p>\n<p>Aarno Aukia, CTO de VSHN - The DevOps Company, pr\u00e9sentera la Secure Banking Operation Platform et parlera des processus de d\u00e9veloppement agiles, des plateformes de conteneurs et des outils d'ing\u00e9nierie de s\u00e9curit\u00e9 op\u00e9rationnelle. Et bien s\u00fbr, les hackers \u00e9thiques jouent \u00e9galement un r\u00f4le important dans la conf\u00e9rence. Sandro Nafzger, CEO &amp; Partner, Bug Bounty Switzerland GmbH, explique dans un talk passionnant pourquoi une collaboration avec eux est la cl\u00e9 de la r\u00e9ussite de toute transformation num\u00e9rique.<\/p>\n<h2>Recommandations pratiques pour une meilleure s\u00e9curit\u00e9 informatique dans les PME<\/h2>\n<p>Mais on peut aussi apprendre de premi\u00e8re main comment se d\u00e9roule une cyberattaque, quelles erreurs auraient pu \u00eatre \u00e9vit\u00e9es et comment s'en pr\u00e9munir pour l'avenir. Andreas Pl\u00fcer, responsable du service num\u00e9rique de l'usine \u00e9lectrique EKT du canton de Thurgovie, l'a appris \u00e0 ses d\u00e9pens et en parle clairement.<\/p>\n<p>Pour ceux qui se sentent bien prot\u00e9g\u00e9s sur le plan logiciel, l'expos\u00e9 de Christophe Monigadon, responsable de la s\u00e9curit\u00e9 de l'information de la Banque cantonale bernoise, leur ouvrira les yeux. Il provoque en disant \"Pourquoi avons-nous besoin d'une culture de la s\u00e9curit\u00e9 informatique ? Nous avons d\u00e9j\u00e0 un pare-feu !\" et fournit de solides arguments en sa faveur.<\/p>\n<p>Patrik Kamber, Program Manager Digital Solutions, Johnson Controls, explique comment l'intelligence artificielle et les workflows aident le personnel de s\u00e9curit\u00e9 \u00e0 identifier rapidement les contextes de danger en calculant des \u00e9valuations de risque en temps r\u00e9el.<\/p>\n<blockquote>\n<h2>Avec ORGANISATOR, profitez d'une r\u00e9duction sur le Smidex Suisse Exposyum<\/h2>\n<p>Outre le programme de la conf\u00e9rence, les fournisseurs de s\u00e9curit\u00e9 concern\u00e9s tiendront un stand \u00e0 Smidex Suisse, tels que <a href=\"https:\/\/www.acronis.com\/en-eu\/\">Acronis<\/a><u>, <\/u><a href=\"https:\/\/www.avast.com\/de-ch\/index#pc\">Avast<\/a><u>, <\/u><a href=\"https:\/\/www.bugbounty.ch\/\">Bug Bounty Suisse<\/a><u>, <\/u><a href=\"https:\/\/www.cisco.com\/c\/de_ch\/index.html\">Cisco<\/a><u>, <\/u><a href=\"https:\/\/www.elca.ch\/de\">Elca<\/a><u>, <\/u><a href=\"https:\/\/www.evva.com\/ch-de\/\">EVVA<\/a><u>, <\/u><a href=\"https:\/\/www.samsung.com\/ch\/security\/\">Samsung<\/a><u>, <\/u><a href=\"https:\/\/new.siemens.com\/ch\/de.html\">Siemens Suisse<\/a><u>, <\/u><a href=\"https:\/\/www.splunk.com\/de_de\">Splunk<\/a><u>, <\/u><a href=\"https:\/\/www.dmn-solutions.com\/partner\/thycotic\/\">Thycotique<\/a><u>, <\/u><a href=\"https:\/\/www.trendmicro.com\/de_de\/business.html\">Trendmicro<\/a><u>, <\/u><a href=\"https:\/\/trigon.ch\/\">Trigon<\/a><u>, <\/u><a href=\"https:\/\/www.t-systems.com\/ch\/de\">T-Systems<\/a><u>, <\/u><a href=\"https:\/\/www.watchguard.com\/de\">Watchguard<\/a><u>, <\/u>qui dialoguent avec les visiteurs professionnels int\u00e9ress\u00e9s et les aident dans leurs d\u00e9marches de s\u00e9curit\u00e9 gr\u00e2ce \u00e0 leur grande exp\u00e9rience.<\/p>\n<p>En exclusivit\u00e9 pour les lecteurs d'ORGANISATOR :<\/p>\n<ul>\n<li>Expoticket gratuit avec le code QP6C3.<\/li>\n<li>Billet de conf\u00e9rence \u00e0 prix r\u00e9duit avec code : FKAXB. (billet d'un jour pour CHF 318.50 au lieu de CHF 490.- ; billet de deux jours pour CHF 578.50 au lieu de CHF 890.-)<\/li>\n<\/ul>\n<p><a href=\"http:\/\/www.smidex.ch\/tickets\/\"><em>www.smidex.ch\/tickets\/<\/em><\/a><\/p>\n<p><a href=\"https:\/\/www.organisator.ch\/wp-content\/uploads\/2021\/10\/Smidex-Suisse-Exposyum-Die-neue-IT-Sicherheits-Konferenz-2_Organisator.jpg\"><img loading=\"lazy\" decoding=\"async\" class=\"alignnone size-full wp-image-8663\" src=\"https:\/\/www.organisator.ch\/wp-content\/uploads\/2021\/10\/Smidex-Suisse-Exposyum-Die-neue-IT-Sicherheits-Konferenz-2_Organisator.jpg\" alt=\"\" width=\"250\" height=\"97\" \/><\/a><\/p><\/blockquote>","protected":false},"excerpt":{"rendered":"<p>Jedes dritte Schweizer KMU war bereits Opfer von Cyberangriffen. Vier Prozent wurden infolge dieser Angriffe erpresst. Selbst wenn die Daten kleinerer Betriebe f\u00fcr Cyberkriminelle weniger interessant sind, bleiben diese Unternehmen f\u00fcr sie aus zwei Gr\u00fcnden attraktive Ziele: Erstens, um L\u00f6segeld mit Hilfe von Ransomware zu erpressen, und zweitens, um sie als Einfalltor f\u00fcr Angriffe auf [&hellip;]<\/p>\n","protected":false},"author":4,"featured_media":8662,"comment_status":"closed","ping_status":"closed","sticky":false,"template":"","format":"standard","meta":{"_acf_changed":false,"_yoast_wpseo_focuskw":"Smidex Suisse","_yoast_wpseo_metadesc":"Z\u00fcrich erh\u00e4lt eine neue Security-Messe mit grosser Fachkonferenz: Am 17. und 18. November 2021 findet in Z\u00fcrich-Oerlikon das Smidex Suisse Exposyum statt.","articlekey":"","footnotes":""},"categories":[27],"tags":[2675,193,260,286],"class_list":["post-11726","post","type-post","status-publish","format-standard","has-post-thumbnail","hentry","category-it","tag-cyber-security","tag-fachkongressfachmesse","tag-ict-sicherheit","tag-it"],"acf":[],"yoast_head":"<!-- This site is optimized with the Yoast SEO plugin v27.5 - https:\/\/yoast.com\/product\/yoast-seo-wordpress\/ -->\n<title>Smidex Suisse Exposyum: Die neue IT-Sicherheits-Konferenz - Organisator<\/title>\n<meta name=\"description\" content=\"Z\u00fcrich erh\u00e4lt eine neue Security-Messe mit grosser Fachkonferenz: Am 17. und 18. November 2021 findet in Z\u00fcrich-Oerlikon das Smidex Suisse Exposyum statt.\" \/>\n<meta name=\"robots\" content=\"index, follow, max-snippet:-1, max-image-preview:large, max-video-preview:-1\" \/>\n<link rel=\"canonical\" href=\"https:\/\/www.organisator.ch\/fr\/gestion-2\/it\/2021-10-15\/smidex-suisse-exposyum-die-neue-it-sicherheits-konferenz\/\" \/>\n<meta property=\"og:locale\" content=\"fr_FR\" \/>\n<meta property=\"og:type\" content=\"article\" \/>\n<meta property=\"og:title\" content=\"Smidex Suisse Exposyum: Die neue IT-Sicherheits-Konferenz\" \/>\n<meta property=\"og:description\" content=\"Z\u00fcrich erh\u00e4lt eine neue Security-Messe mit grosser Fachkonferenz: Am 17. und 18. November 2021 findet in Z\u00fcrich-Oerlikon das Smidex Suisse Exposyum statt.\" \/>\n<meta property=\"og:url\" content=\"https:\/\/www.organisator.ch\/fr\/gestion-2\/it\/2021-10-15\/smidex-suisse-exposyum-die-neue-it-sicherheits-konferenz\/\" \/>\n<meta property=\"og:site_name\" content=\"Organisator\" \/>\n<meta property=\"article:publisher\" content=\"https:\/\/www.facebook.com\/OrganisatorFachmagazin\" \/>\n<meta property=\"article:published_time\" content=\"2021-10-15T05:00:27+00:00\" \/>\n<meta name=\"author\" content=\"thomas.berner\" \/>\n<meta name=\"twitter:card\" content=\"summary_large_image\" \/>\n<meta name=\"twitter:title\" content=\"#Smidex Suisse #Exposyum: Die neue #IT-Sicherheits-Konferenz\" \/>\n<meta name=\"twitter:description\" content=\"Z\u00fcrich erh\u00e4lt eine neue #Security-Messe mit grosser Fachkonferenz: Am 17. und 18. November 2021 findet in #Z\u00fcrich-Oerlikon das #Smidex Suisse #Exposyum statt.\" \/>\n<script type=\"application\/ld+json\" class=\"yoast-schema-graph\">{\"@context\":\"https:\\\/\\\/schema.org\",\"@graph\":[{\"@type\":\"Article\",\"@id\":\"https:\\\/\\\/www.organisator.ch\\\/management\\\/it\\\/2021-10-15\\\/smidex-suisse-exposyum-die-neue-it-sicherheits-konferenz\\\/#article\",\"isPartOf\":{\"@id\":\"https:\\\/\\\/www.organisator.ch\\\/management\\\/it\\\/2021-10-15\\\/smidex-suisse-exposyum-die-neue-it-sicherheits-konferenz\\\/\"},\"author\":{\"name\":\"thomas.berner\",\"@id\":\"https:\\\/\\\/www.organisator.ch\\\/#\\\/schema\\\/person\\\/6f650f90b2842cd4c0cc334b4e36f67e\"},\"headline\":\"Smidex Suisse Exposyum: Die neue IT-Sicherheits-Konferenz\",\"datePublished\":\"2021-10-15T05:00:27+00:00\",\"mainEntityOfPage\":{\"@id\":\"https:\\\/\\\/www.organisator.ch\\\/management\\\/it\\\/2021-10-15\\\/smidex-suisse-exposyum-die-neue-it-sicherheits-konferenz\\\/\"},\"wordCount\":597,\"publisher\":{\"@id\":\"https:\\\/\\\/www.organisator.ch\\\/#organization\"},\"image\":{\"@id\":\"https:\\\/\\\/www.organisator.ch\\\/management\\\/it\\\/2021-10-15\\\/smidex-suisse-exposyum-die-neue-it-sicherheits-konferenz\\\/#primaryimage\"},\"thumbnailUrl\":\"https:\\\/\\\/www.organisator.ch\\\/wp-content\\\/uploads\\\/2021\\\/10\\\/Smidex-Suisse-Exposyum-Die-neue-IT-Sicherheits-Konferenz-1_Organisator.jpg\",\"keywords\":[\"Cyber Security\",\"Fachkongress\\\/Fachmesse\",\"ICT-Sicherheit\",\"IT\"],\"articleSection\":[\"IT\"],\"inLanguage\":\"fr-FR\"},{\"@type\":\"WebPage\",\"@id\":\"https:\\\/\\\/www.organisator.ch\\\/management\\\/it\\\/2021-10-15\\\/smidex-suisse-exposyum-die-neue-it-sicherheits-konferenz\\\/\",\"url\":\"https:\\\/\\\/www.organisator.ch\\\/management\\\/it\\\/2021-10-15\\\/smidex-suisse-exposyum-die-neue-it-sicherheits-konferenz\\\/\",\"name\":\"Smidex Suisse Exposyum: Die neue IT-Sicherheits-Konferenz - Organisator\",\"isPartOf\":{\"@id\":\"https:\\\/\\\/www.organisator.ch\\\/#website\"},\"primaryImageOfPage\":{\"@id\":\"https:\\\/\\\/www.organisator.ch\\\/management\\\/it\\\/2021-10-15\\\/smidex-suisse-exposyum-die-neue-it-sicherheits-konferenz\\\/#primaryimage\"},\"image\":{\"@id\":\"https:\\\/\\\/www.organisator.ch\\\/management\\\/it\\\/2021-10-15\\\/smidex-suisse-exposyum-die-neue-it-sicherheits-konferenz\\\/#primaryimage\"},\"thumbnailUrl\":\"https:\\\/\\\/www.organisator.ch\\\/wp-content\\\/uploads\\\/2021\\\/10\\\/Smidex-Suisse-Exposyum-Die-neue-IT-Sicherheits-Konferenz-1_Organisator.jpg\",\"datePublished\":\"2021-10-15T05:00:27+00:00\",\"description\":\"Z\u00fcrich erh\u00e4lt eine neue Security-Messe mit grosser Fachkonferenz: Am 17. und 18. November 2021 findet in Z\u00fcrich-Oerlikon das Smidex Suisse Exposyum statt.\",\"breadcrumb\":{\"@id\":\"https:\\\/\\\/www.organisator.ch\\\/management\\\/it\\\/2021-10-15\\\/smidex-suisse-exposyum-die-neue-it-sicherheits-konferenz\\\/#breadcrumb\"},\"inLanguage\":\"fr-FR\",\"potentialAction\":[{\"@type\":\"ReadAction\",\"target\":[\"https:\\\/\\\/www.organisator.ch\\\/management\\\/it\\\/2021-10-15\\\/smidex-suisse-exposyum-die-neue-it-sicherheits-konferenz\\\/\"]}]},{\"@type\":\"ImageObject\",\"inLanguage\":\"fr-FR\",\"@id\":\"https:\\\/\\\/www.organisator.ch\\\/management\\\/it\\\/2021-10-15\\\/smidex-suisse-exposyum-die-neue-it-sicherheits-konferenz\\\/#primaryimage\",\"url\":\"https:\\\/\\\/www.organisator.ch\\\/wp-content\\\/uploads\\\/2021\\\/10\\\/Smidex-Suisse-Exposyum-Die-neue-IT-Sicherheits-Konferenz-1_Organisator.jpg\",\"contentUrl\":\"https:\\\/\\\/www.organisator.ch\\\/wp-content\\\/uploads\\\/2021\\\/10\\\/Smidex-Suisse-Exposyum-Die-neue-IT-Sicherheits-Konferenz-1_Organisator.jpg\",\"width\":680,\"height\":490,\"caption\":\"Praxisbezogene Informationen f\u00fcr mehr IT-Sicherheit in KMU liefert das Smidex Suisse Exposyum vom 17.\\\/18. November in Z\u00fcrich Oerlikon. (Bild: zVg)\"},{\"@type\":\"BreadcrumbList\",\"@id\":\"https:\\\/\\\/www.organisator.ch\\\/management\\\/it\\\/2021-10-15\\\/smidex-suisse-exposyum-die-neue-it-sicherheits-konferenz\\\/#breadcrumb\",\"itemListElement\":[{\"@type\":\"ListItem\",\"position\":1,\"name\":\"Home\",\"item\":\"https:\\\/\\\/www.organisator.ch\\\/\"},{\"@type\":\"ListItem\",\"position\":2,\"name\":\"Smidex Suisse Exposyum: Die neue IT-Sicherheits-Konferenz\"}]},{\"@type\":\"WebSite\",\"@id\":\"https:\\\/\\\/www.organisator.ch\\\/#website\",\"url\":\"https:\\\/\\\/www.organisator.ch\\\/\",\"name\":\"Organisator\",\"description\":\"Kompetent. Praxisnah. Der ORGANISATOR bereitet in 10 Ausgaben pro Jahr die wesentlichen Themen f\u00fcr F\u00fchrungskr\u00e4fte von KMU auf.\",\"publisher\":{\"@id\":\"https:\\\/\\\/www.organisator.ch\\\/#organization\"},\"potentialAction\":[{\"@type\":\"SearchAction\",\"target\":{\"@type\":\"EntryPoint\",\"urlTemplate\":\"https:\\\/\\\/www.organisator.ch\\\/?s={search_term_string}\"},\"query-input\":{\"@type\":\"PropertyValueSpecification\",\"valueRequired\":true,\"valueName\":\"search_term_string\"}}],\"inLanguage\":\"fr-FR\"},{\"@type\":\"Organization\",\"@id\":\"https:\\\/\\\/www.organisator.ch\\\/#organization\",\"name\":\"Organisator\",\"url\":\"https:\\\/\\\/www.organisator.ch\\\/\",\"logo\":{\"@type\":\"ImageObject\",\"inLanguage\":\"fr-FR\",\"@id\":\"https:\\\/\\\/www.organisator.ch\\\/#\\\/schema\\\/logo\\\/image\\\/\",\"url\":\"https:\\\/\\\/www.organisator.ch\\\/wp-content\\\/uploads\\\/2022\\\/01\\\/Logo_Organisator_Website.png\",\"contentUrl\":\"https:\\\/\\\/www.organisator.ch\\\/wp-content\\\/uploads\\\/2022\\\/01\\\/Logo_Organisator_Website.png\",\"width\":800,\"height\":77,\"caption\":\"Organisator\"},\"image\":{\"@id\":\"https:\\\/\\\/www.organisator.ch\\\/#\\\/schema\\\/logo\\\/image\\\/\"},\"sameAs\":[\"https:\\\/\\\/www.facebook.com\\\/OrganisatorFachmagazin\",\"https:\\\/\\\/www.linkedin.com\\\/showcase\\\/organisator-das-magazin-fr-kmu\",\"https:\\\/\\\/www.xing.com\\\/news\\\/pages\\\/organisator-ch-695\",\"https:\\\/\\\/www.youtube.com\\\/channel\\\/UCGP2Sq0iWaZwT3BdIAQFYpw\"]},{\"@type\":\"Person\",\"@id\":\"https:\\\/\\\/www.organisator.ch\\\/#\\\/schema\\\/person\\\/6f650f90b2842cd4c0cc334b4e36f67e\",\"name\":\"thomas.berner\",\"image\":{\"@type\":\"ImageObject\",\"inLanguage\":\"fr-FR\",\"@id\":\"https:\\\/\\\/secure.gravatar.com\\\/avatar\\\/ac5001d2a36cb6c6cd3e50789007ffca834b477b74a2144564522e944eabff61?s=96&d=mm&r=g\",\"url\":\"https:\\\/\\\/secure.gravatar.com\\\/avatar\\\/ac5001d2a36cb6c6cd3e50789007ffca834b477b74a2144564522e944eabff61?s=96&d=mm&r=g\",\"contentUrl\":\"https:\\\/\\\/secure.gravatar.com\\\/avatar\\\/ac5001d2a36cb6c6cd3e50789007ffca834b477b74a2144564522e944eabff61?s=96&d=mm&r=g\",\"caption\":\"thomas.berner\"},\"url\":\"https:\\\/\\\/www.organisator.ch\\\/fr\\\/author\\\/thomas-berner\\\/\"}]}<\/script>\n<!-- \/ Yoast SEO plugin. -->","yoast_head_json":{"title":"Smidex Suisse Exposyum : la nouvelle conf\u00e9rence sur la s\u00e9curit\u00e9 informatique - Organisateur","description":"Zurich se dote d'un nouveau salon de la s\u00e9curit\u00e9 avec une grande conf\u00e9rence sp\u00e9cialis\u00e9e : le Smidex Suisse Exposyum aura lieu les 17 et 18 novembre 2021 \u00e0 Zurich-Oerlikon.","robots":{"index":"index","follow":"follow","max-snippet":"max-snippet:-1","max-image-preview":"max-image-preview:large","max-video-preview":"max-video-preview:-1"},"canonical":"https:\/\/www.organisator.ch\/fr\/gestion-2\/it\/2021-10-15\/smidex-suisse-exposyum-die-neue-it-sicherheits-konferenz\/","og_locale":"fr_FR","og_type":"article","og_title":"Smidex Suisse Exposyum: Die neue IT-Sicherheits-Konferenz","og_description":"Z\u00fcrich erh\u00e4lt eine neue Security-Messe mit grosser Fachkonferenz: Am 17. und 18. November 2021 findet in Z\u00fcrich-Oerlikon das Smidex Suisse Exposyum statt.","og_url":"https:\/\/www.organisator.ch\/fr\/gestion-2\/it\/2021-10-15\/smidex-suisse-exposyum-die-neue-it-sicherheits-konferenz\/","og_site_name":"Organisator","article_publisher":"https:\/\/www.facebook.com\/OrganisatorFachmagazin","article_published_time":"2021-10-15T05:00:27+00:00","author":"thomas.berner","twitter_card":"summary_large_image","twitter_title":"#Smidex Suisse #Exposyum: Die neue #IT-Sicherheits-Konferenz","twitter_description":"Z\u00fcrich erh\u00e4lt eine neue #Security-Messe mit grosser Fachkonferenz: Am 17. und 18. November 2021 findet in #Z\u00fcrich-Oerlikon das #Smidex Suisse #Exposyum statt.","schema":{"@context":"https:\/\/schema.org","@graph":[{"@type":"Article","@id":"https:\/\/www.organisator.ch\/management\/it\/2021-10-15\/smidex-suisse-exposyum-die-neue-it-sicherheits-konferenz\/#article","isPartOf":{"@id":"https:\/\/www.organisator.ch\/management\/it\/2021-10-15\/smidex-suisse-exposyum-die-neue-it-sicherheits-konferenz\/"},"author":{"name":"thomas.berner","@id":"https:\/\/www.organisator.ch\/#\/schema\/person\/6f650f90b2842cd4c0cc334b4e36f67e"},"headline":"Smidex Suisse Exposyum: Die neue IT-Sicherheits-Konferenz","datePublished":"2021-10-15T05:00:27+00:00","mainEntityOfPage":{"@id":"https:\/\/www.organisator.ch\/management\/it\/2021-10-15\/smidex-suisse-exposyum-die-neue-it-sicherheits-konferenz\/"},"wordCount":597,"publisher":{"@id":"https:\/\/www.organisator.ch\/#organization"},"image":{"@id":"https:\/\/www.organisator.ch\/management\/it\/2021-10-15\/smidex-suisse-exposyum-die-neue-it-sicherheits-konferenz\/#primaryimage"},"thumbnailUrl":"https:\/\/www.organisator.ch\/wp-content\/uploads\/2021\/10\/Smidex-Suisse-Exposyum-Die-neue-IT-Sicherheits-Konferenz-1_Organisator.jpg","keywords":["Cyber Security","Fachkongress\/Fachmesse","ICT-Sicherheit","IT"],"articleSection":["IT"],"inLanguage":"fr-FR"},{"@type":"WebPage","@id":"https:\/\/www.organisator.ch\/management\/it\/2021-10-15\/smidex-suisse-exposyum-die-neue-it-sicherheits-konferenz\/","url":"https:\/\/www.organisator.ch\/management\/it\/2021-10-15\/smidex-suisse-exposyum-die-neue-it-sicherheits-konferenz\/","name":"Smidex Suisse Exposyum : la nouvelle conf\u00e9rence sur la s\u00e9curit\u00e9 informatique - Organisateur","isPartOf":{"@id":"https:\/\/www.organisator.ch\/#website"},"primaryImageOfPage":{"@id":"https:\/\/www.organisator.ch\/management\/it\/2021-10-15\/smidex-suisse-exposyum-die-neue-it-sicherheits-konferenz\/#primaryimage"},"image":{"@id":"https:\/\/www.organisator.ch\/management\/it\/2021-10-15\/smidex-suisse-exposyum-die-neue-it-sicherheits-konferenz\/#primaryimage"},"thumbnailUrl":"https:\/\/www.organisator.ch\/wp-content\/uploads\/2021\/10\/Smidex-Suisse-Exposyum-Die-neue-IT-Sicherheits-Konferenz-1_Organisator.jpg","datePublished":"2021-10-15T05:00:27+00:00","description":"Zurich se dote d'un nouveau salon de la s\u00e9curit\u00e9 avec une grande conf\u00e9rence sp\u00e9cialis\u00e9e : le Smidex Suisse Exposyum aura lieu les 17 et 18 novembre 2021 \u00e0 Zurich-Oerlikon.","breadcrumb":{"@id":"https:\/\/www.organisator.ch\/management\/it\/2021-10-15\/smidex-suisse-exposyum-die-neue-it-sicherheits-konferenz\/#breadcrumb"},"inLanguage":"fr-FR","potentialAction":[{"@type":"ReadAction","target":["https:\/\/www.organisator.ch\/management\/it\/2021-10-15\/smidex-suisse-exposyum-die-neue-it-sicherheits-konferenz\/"]}]},{"@type":"ImageObject","inLanguage":"fr-FR","@id":"https:\/\/www.organisator.ch\/management\/it\/2021-10-15\/smidex-suisse-exposyum-die-neue-it-sicherheits-konferenz\/#primaryimage","url":"https:\/\/www.organisator.ch\/wp-content\/uploads\/2021\/10\/Smidex-Suisse-Exposyum-Die-neue-IT-Sicherheits-Konferenz-1_Organisator.jpg","contentUrl":"https:\/\/www.organisator.ch\/wp-content\/uploads\/2021\/10\/Smidex-Suisse-Exposyum-Die-neue-IT-Sicherheits-Konferenz-1_Organisator.jpg","width":680,"height":490,"caption":"Praxisbezogene Informationen f\u00fcr mehr IT-Sicherheit in KMU liefert das Smidex Suisse Exposyum vom 17.\/18. November in Z\u00fcrich Oerlikon. (Bild: zVg)"},{"@type":"BreadcrumbList","@id":"https:\/\/www.organisator.ch\/management\/it\/2021-10-15\/smidex-suisse-exposyum-die-neue-it-sicherheits-konferenz\/#breadcrumb","itemListElement":[{"@type":"ListItem","position":1,"name":"Home","item":"https:\/\/www.organisator.ch\/"},{"@type":"ListItem","position":2,"name":"Smidex Suisse Exposyum: Die neue IT-Sicherheits-Konferenz"}]},{"@type":"WebSite","@id":"https:\/\/www.organisator.ch\/#website","url":"https:\/\/www.organisator.ch\/","name":"Organisateur","description":"Comp\u00e9tence et comp\u00e9tence. Proches de la pratique. L'ORGANISATEUR pr\u00e9pare 10 num\u00e9ros par an sur les th\u00e8mes essentiels pour les dirigeants de PME.","publisher":{"@id":"https:\/\/www.organisator.ch\/#organization"},"potentialAction":[{"@type":"SearchAction","target":{"@type":"EntryPoint","urlTemplate":"https:\/\/www.organisator.ch\/?s={search_term_string}"},"query-input":{"@type":"PropertyValueSpecification","valueRequired":true,"valueName":"search_term_string"}}],"inLanguage":"fr-FR"},{"@type":"Organization","@id":"https:\/\/www.organisator.ch\/#organization","name":"Organisateur","url":"https:\/\/www.organisator.ch\/","logo":{"@type":"ImageObject","inLanguage":"fr-FR","@id":"https:\/\/www.organisator.ch\/#\/schema\/logo\/image\/","url":"https:\/\/www.organisator.ch\/wp-content\/uploads\/2022\/01\/Logo_Organisator_Website.png","contentUrl":"https:\/\/www.organisator.ch\/wp-content\/uploads\/2022\/01\/Logo_Organisator_Website.png","width":800,"height":77,"caption":"Organisator"},"image":{"@id":"https:\/\/www.organisator.ch\/#\/schema\/logo\/image\/"},"sameAs":["https:\/\/www.facebook.com\/OrganisatorFachmagazin","https:\/\/www.linkedin.com\/showcase\/organisator-das-magazin-fr-kmu","https:\/\/www.xing.com\/news\/pages\/organisator-ch-695","https:\/\/www.youtube.com\/channel\/UCGP2Sq0iWaZwT3BdIAQFYpw"]},{"@type":"Person","@id":"https:\/\/www.organisator.ch\/#\/schema\/person\/6f650f90b2842cd4c0cc334b4e36f67e","name":"thomas.berner","image":{"@type":"ImageObject","inLanguage":"fr-FR","@id":"https:\/\/secure.gravatar.com\/avatar\/ac5001d2a36cb6c6cd3e50789007ffca834b477b74a2144564522e944eabff61?s=96&d=mm&r=g","url":"https:\/\/secure.gravatar.com\/avatar\/ac5001d2a36cb6c6cd3e50789007ffca834b477b74a2144564522e944eabff61?s=96&d=mm&r=g","contentUrl":"https:\/\/secure.gravatar.com\/avatar\/ac5001d2a36cb6c6cd3e50789007ffca834b477b74a2144564522e944eabff61?s=96&d=mm&r=g","caption":"thomas.berner"},"url":"https:\/\/www.organisator.ch\/fr\/author\/thomas-berner\/"}]}},"_links":{"self":[{"href":"https:\/\/www.organisator.ch\/fr\/wp-json\/wp\/v2\/posts\/11726","targetHints":{"allow":["GET"]}}],"collection":[{"href":"https:\/\/www.organisator.ch\/fr\/wp-json\/wp\/v2\/posts"}],"about":[{"href":"https:\/\/www.organisator.ch\/fr\/wp-json\/wp\/v2\/types\/post"}],"author":[{"embeddable":true,"href":"https:\/\/www.organisator.ch\/fr\/wp-json\/wp\/v2\/users\/4"}],"replies":[{"embeddable":true,"href":"https:\/\/www.organisator.ch\/fr\/wp-json\/wp\/v2\/comments?post=11726"}],"version-history":[{"count":0,"href":"https:\/\/www.organisator.ch\/fr\/wp-json\/wp\/v2\/posts\/11726\/revisions"}],"wp:featuredmedia":[{"embeddable":true,"href":"https:\/\/www.organisator.ch\/fr\/wp-json\/wp\/v2\/media\/8662"}],"wp:attachment":[{"href":"https:\/\/www.organisator.ch\/fr\/wp-json\/wp\/v2\/media?parent=11726"}],"wp:term":[{"taxonomy":"category","embeddable":true,"href":"https:\/\/www.organisator.ch\/fr\/wp-json\/wp\/v2\/categories?post=11726"},{"taxonomy":"post_tag","embeddable":true,"href":"https:\/\/www.organisator.ch\/fr\/wp-json\/wp\/v2\/tags?post=11726"}],"curies":[{"name":"wp","href":"https:\/\/api.w.org\/{rel}","templated":true}]}}