{"id":11730,"date":"2021-10-20T08:02:58","date_gmt":"2021-10-20T06:02:58","guid":{"rendered":"https:\/\/www.organisator.ch\/?p=8681"},"modified":"2021-10-20T08:02:58","modified_gmt":"2021-10-20T06:02:58","slug":"in-drei-tagen-zur-qualitaetsmanagerin-oder-zum-qualitaetsmanager","status":"publish","type":"post","link":"https:\/\/www.organisator.ch\/fr\/weiterbildung\/2021-10-20\/in-drei-tagen-zur-qualitaetsmanagerin-oder-zum-qualitaetsmanager\/","title":{"rendered":"Devenir responsable qualit\u00e9 en trois jours"},"content":{"rendered":"<figure id=\"attachment_8683\" aria-describedby=\"caption-attachment-8683\" style=\"width: 680px\" class=\"wp-caption alignnone\"><a href=\"https:\/\/www.organisator.ch\/wp-content\/uploads\/2021\/10\/In-drei-Tagen-zur-Qualitaetsmanagerin-oder-zum-Qualitaetsmanager-1_Organisator.jpg\"><img loading=\"lazy\" decoding=\"async\" class=\"size-medium wp-image-8683\" src=\"https:\/\/www.organisator.ch\/wp-content\/uploads\/2021\/10\/In-drei-Tagen-zur-Qualitaetsmanagerin-oder-zum-Qualitaetsmanager-1_Organisator.jpg\" alt=\"\" width=\"680\" height=\"453\" \/><\/a><figcaption id=\"caption-attachment-8683\" class=\"wp-caption-text\">La SNV-Academy permet \u00e9galement de se former en ligne \u00e0 la gestion de la qualit\u00e9. (Photo : zVg \/ SNV)<\/figcaption><\/figure>\n<p>Peter Sch\u00f6nenberger dirige le s\u00e9minaire \"Manager de la qualit\u00e9\" \u00e0 la SNV-Academy. Dans une interview, il explique ce que les participants peuvent attendre du s\u00e9minaire, pourquoi il recommande une formation continue \u00e0 la SNV-Academy et ce qu'il pense des s\u00e9minaires en ligne.<\/p>\n<p><em>Depuis quand travaillez-vous comme enseignant \u00e0 la SNV-Academy et quels sont les s\u00e9minaires que vous dirigez ?<br \/>\n<\/em>Je suis charg\u00e9 de cours \u00e0 la SNV-Academy depuis 2014. \u00c0 l'\u00e9poque, on m'a demand\u00e9 si je ne serais pas int\u00e9ress\u00e9 par l'animation d'un s\u00e9minaire pratique sur la norme SN EN ISO 14001. J'ai accept\u00e9 et je propose encore aujourd'hui le s\u00e9minaire \"Manager environnemental selon SN EN ISO 14001\". Au fil des ann\u00e9es, j'ai apport\u00e9 d'autres id\u00e9es sur les s\u00e9minaires en rapport avec le \"monde des normes\" qui sont pertinents et int\u00e9ressants pour la pratique. Maintenant, sept ans plus tard, je dirige encore trois autres formations continues \u00e0 la SNV-Academy : \"Quality Leader\", \"Auditeur interne\" et \"Manager qualit\u00e9\".<\/p>\n<p><em>Allons encore plus loin dans le d\u00e9tail du dernier s\u00e9minaire. Quels sont les principaux th\u00e8mes abord\u00e9s dans le s\u00e9minaire \"Responsable qualit\u00e9\" ?<br \/>\n<\/em>L'objectif est de former les participants au s\u00e9minaire \u00e0 la gestion de la qualit\u00e9 en trois jours. Apr\u00e8s le s\u00e9minaire, les participants sont capables de mettre en place un syst\u00e8me de gestion de la qualit\u00e9 dans leur entreprise et de garantir ainsi l'assurance et l'am\u00e9lioration de la qualit\u00e9. Le lien avec la pratique est tr\u00e8s important pour moi. Je souhaite donner aux participants au s\u00e9minaire les informations n\u00e9cessaires et les outils correspondants, et je suis \u00e9galement \u00e0 leur disposition en tant que conseiller pour les probl\u00e8mes individuels de leur entreprise.<\/p>\n<p><em>\u00c0 qui s'adresse ce s\u00e9minaire ? Qui peut s'inscrire ?<br \/>\n<\/em>Le s\u00e9minaire s'adresse aux personnes qui souhaitent mettre en place un syst\u00e8me de gestion de la qualit\u00e9 dans leur entreprise. Il peut s'agir de collaborateurs ou de cadres de l'assurance qualit\u00e9 ou d'autres domaines sp\u00e9cialis\u00e9s, ou encore de membres de la direction. Les participants ne doivent pas avoir de connaissances pr\u00e9alables et le secteur dans lequel ils travaillent ne joue aucun r\u00f4le. Ce qui compte, c'est qu'ils recherchent une approche pratique de la gestion de la qualit\u00e9.<\/p>\n<p><em>Pourquoi les participants au s\u00e9minaire devraient-ils le suivre pr\u00e9cis\u00e9ment aupr\u00e8s de la SNV-Academy ?<br \/>\n<\/em>La norme SN EN ISO 9001 est un \u00e9l\u00e9ment important d'une gestion de la qualit\u00e9 r\u00e9ussie. Celui qui veut introduire un tel syst\u00e8me de mani\u00e8re prometteuse doit donc pouvoir interpr\u00e9ter correctement cette norme par rapport \u00e0 sa propre organisation. Et quelle institution, si ce n'est l'Association suisse de normalisation elle-m\u00eame, est la mieux plac\u00e9e pour transmettre ces connaissances ? De plus, les participants re\u00e7oivent gratuitement les normes en question. De plus, la SNV me fournit la plate-forme et s'occupe de la partie administrative, et j'apporte mon savoir-faire. Les participants au s\u00e9minaire re\u00e7oivent un certificat personnel SNV \u00e0 la fin du s\u00e9minaire, ce qui est tr\u00e8s pr\u00e9cieux sur le march\u00e9.<\/p>\n<figure id=\"attachment_8684\" aria-describedby=\"caption-attachment-8684\" style=\"width: 680px\" class=\"wp-caption alignnone\"><a href=\"https:\/\/www.organisator.ch\/wp-content\/uploads\/2021\/10\/In-drei-Tagen-zur-Qualitaetsmanagerin-oder-zum-Qualitaetsmanager-3_Organisator.jpg\"><img loading=\"lazy\" decoding=\"async\" class=\"size-medium wp-image-8684\" src=\"https:\/\/www.organisator.ch\/wp-content\/uploads\/2021\/10\/In-drei-Tagen-zur-Qualitaetsmanagerin-oder-zum-Qualitaetsmanager-3_Organisator.jpg\" alt=\"\" width=\"680\" height=\"529\" \/><\/a><figcaption id=\"caption-attachment-8684\" class=\"wp-caption-text\">Peter Sch\u00f6nenberger, enseignant \u00e0 la SNV-Academy. (Image : zVg \/ SNV)<\/figcaption><\/figure>\n<p><em>Quelle est la valeur ajout\u00e9e de ce s\u00e9minaire ?<br \/>\n<\/em>Une valeur ajout\u00e9e que je peux \u00e9galement fournir en tant que professeur est certainement mes 20 ans d'exp\u00e9rience. J'ai conseill\u00e9 plus de 150 entreprises et les ai men\u00e9es avec succ\u00e8s \u00e0 la certification. J'ai d\u00e9j\u00e0 collabor\u00e9 avec de tr\u00e8s nombreuses entreprises de diff\u00e9rents secteurs et j'ai \u00e9labor\u00e9 avec elles des solutions pour leur entreprise. De plus, j'ai du plaisir \u00e0 enseigner et cela se transmet certainement aussi aux participants.<\/p>\n<p><em>Qu'est-ce qui vous pla\u00eet dans votre activit\u00e9 d'enseignant ?<br \/>\n<\/em>Pour moi, c'est toujours agr\u00e9able de constater, \u00e0 la fin du s\u00e9minaire de trois jours, que les participants peuvent emporter beaucoup de choses pour la pratique. Au d\u00e9but, ils ont beaucoup de questions et ne se sentent pas encore tr\u00e8s \u00e0 l'aise avec le sujet. Je me r\u00e9jouis alors de pouvoir d\u00e9coincer les boutons et de voir les questions ouvertes trouver des r\u00e9ponses d'heure en heure.<\/p>\n<p><em>\u00c0 l'heure de Corona, les s\u00e9minaires sont propos\u00e9s en ligne. Vous aussi, vous proposez des s\u00e9minaires en ligne depuis pr\u00e8s d'un an d\u00e9j\u00e0. Quelle est votre exp\u00e9rience ?<br \/>\n<\/em>Jusqu'\u00e0 la pand\u00e9mie de Corona, la SNV-Academy ne proposait pas de s\u00e9minaires en ligne et lorsque ceux-ci ont \u00e9t\u00e9 introduits en fonction de la situation, j'\u00e9tais plut\u00f4t sceptique. J'\u00e9tais convaincu que l'\u00e9change personnel sur place \u00e9tait n\u00e9cessaire. Mais peu de temps apr\u00e8s, j'ai constat\u00e9 que les s\u00e9minaires en ligne pr\u00e9sentaient aussi des avantages. Les s\u00e9minaires peuvent \u00eatre organis\u00e9s de mani\u00e8re tr\u00e8s efficace et compacte et, gr\u00e2ce aux outils adapt\u00e9s, il est toujours possible d'int\u00e9grer des travaux de groupe. Ce qui est dommage, c'est que les entretiens personnels pendant les pauses soient supprim\u00e9s. Je r\u00e9ponds g\u00e9n\u00e9ralement aux questions individuelles qui concernent sp\u00e9cifiquement certaines entreprises lors d'un entretien t\u00e9l\u00e9phonique apr\u00e8s le s\u00e9minaire. Je pourrais tr\u00e8s bien imaginer que nous continuions \u00e0 organiser certains s\u00e9minaires en ligne apr\u00e8s la pand\u00e9mie ou que nous proposions une combinaison de cours en pr\u00e9sentiel et en ligne pour chaque s\u00e9minaire.<\/p>\n<blockquote>\n<h2>S\u00e9minaire en ligne : Responsable qualit\u00e9, y compris certificat personnel SNV<\/h2>\n<p>R\u00e9alisation du 27 au 29 avril 2022. Prix \u00e0 partir de CHF 1352.00 hors TVA. Les frais de participation incluent la documentation du s\u00e9minaire et les normes pertinentes.<\/p>\n<p>Votre contact pour de plus amples informations : Sandro Micaglio, sandro.micaglio@snv.ch, t\u00e9l. : +41 52 224 54 44<\/p>\n<p>Sur <a href=\"http:\/\/www.snv.ch\/de\/academy\/weiterbildung.html\">www.snv.ch\/de\/academy\/weiterbildung.html<\/a> ou en cliquant sur le code QR suivant, vous obtiendrez plus d'informations et pourrez vous inscrire.<\/p>\n<p><a href=\"https:\/\/www.organisator.ch\/wp-content\/uploads\/2021\/10\/In-drei-Tagen-zur-Qualitaetsmanagerin-oder-zum-Qualitaetsmanager-2_Organisator.jpg\"><img loading=\"lazy\" decoding=\"async\" class=\"alignnone size-full wp-image-8682\" src=\"https:\/\/www.organisator.ch\/wp-content\/uploads\/2021\/10\/In-drei-Tagen-zur-Qualitaetsmanagerin-oder-zum-Qualitaetsmanager-2_Organisator.jpg\" alt=\"\" width=\"147\" height=\"147\" \/><\/a><\/p>\n<p><strong>Contact :<br \/>\n<\/strong>Association suisse de normalisation (SNV)<br \/>\nAvenue de la Sulzer 70<br \/>\nBo\u00eete postale<br \/>\nCH-8404 Winterthur<br \/>\n<a href=\"https:\/\/www.snv.ch\/\">www.snv.ch<\/a><\/p><\/blockquote>","protected":false},"excerpt":{"rendered":"<p>Peter Sch\u00f6nenberger leitet an der SNV-Academy das Seminar \u00abQualit\u00e4tsmanager\u00bb. In einem Interview erz\u00e4hlt er, was die Teilnehmenden im Seminar erwarten d\u00fcrfen, weshalb er eine Weiterbildung bei der SNV-Academy empfiehlt und was er von Online-Seminaren h\u00e4lt. Seit wann sind Sie als Dozent bei der SNV-Academy t\u00e4tig und welche Seminare leiten Sie? Ich bin seit 2014 Dozent [&hellip;]<\/p>\n","protected":false},"author":4,"featured_media":11496,"comment_status":"closed","ping_status":"closed","sticky":false,"template":"","format":"standard","meta":{"_acf_changed":false,"_yoast_wpseo_focuskw":"Qualit\u00e4tsmanager","_yoast_wpseo_metadesc":"Peter Sch\u00f6nenberger ist als Dozent an der SNV-Academy t\u00e4tig und vermittelt dort in einem 3-t\u00e4gigen Online-Seminar Wissen f\u00fcr angehende Qualit\u00e4tsmanager.","articlekey":"","footnotes":""},"categories":[30],"tags":[62,393,402],"class_list":["post-11730","post","type-post","status-publish","format-standard","has-post-thumbnail","hentry","category-weiterbildung","tag-aus-weiterbildung","tag-produkte","tag-qualitaetssicherung"],"acf":[],"yoast_head":"<!-- This site is optimized with the Yoast SEO plugin v27.5 - https:\/\/yoast.com\/product\/yoast-seo-wordpress\/ -->\n<title>In drei Tagen zur Qualit\u00e4tsmanagerin oder zum Qualit\u00e4tsmanager - Organisator<\/title>\n<meta name=\"description\" content=\"Peter Sch\u00f6nenberger ist als Dozent an der SNV-Academy t\u00e4tig und vermittelt dort in einem 3-t\u00e4gigen Online-Seminar Wissen f\u00fcr angehende Qualit\u00e4tsmanager.\" \/>\n<meta name=\"robots\" content=\"index, follow, max-snippet:-1, max-image-preview:large, max-video-preview:-1\" \/>\n<link rel=\"canonical\" href=\"https:\/\/www.organisator.ch\/fr\/formation-continue-2\/2021-10-20\/in-drei-tagen-zur-qualitaetsmanagerin-oder-zum-qualitaetsmanager\/\" \/>\n<meta property=\"og:locale\" content=\"fr_FR\" \/>\n<meta property=\"og:type\" content=\"article\" \/>\n<meta property=\"og:title\" content=\"In drei Tagen zur Qualit\u00e4tsmanagerin oder zum Qualit\u00e4tsmanager\" \/>\n<meta property=\"og:description\" content=\"Peter Sch\u00f6nenberger ist als Dozent an der SNV-Academy t\u00e4tig und vermittelt dort in einem 3-t\u00e4gigen Online-Seminar Wissen f\u00fcr angehende Qualit\u00e4tsmanager.\" \/>\n<meta property=\"og:url\" content=\"https:\/\/www.organisator.ch\/fr\/formation-continue-2\/2021-10-20\/in-drei-tagen-zur-qualitaetsmanagerin-oder-zum-qualitaetsmanager\/\" \/>\n<meta property=\"og:site_name\" content=\"Organisator\" \/>\n<meta property=\"article:publisher\" content=\"https:\/\/www.facebook.com\/OrganisatorFachmagazin\" \/>\n<meta property=\"article:published_time\" content=\"2021-10-20T06:02:58+00:00\" \/>\n<meta property=\"og:image\" content=\"https:\/\/www.organisator.ch\/wp-content\/uploads\/2021\/08\/organisator_1965_6.png\" \/>\n\t<meta property=\"og:image:width\" content=\"654\" \/>\n\t<meta property=\"og:image:height\" content=\"370\" \/>\n\t<meta property=\"og:image:type\" content=\"image\/png\" \/>\n<meta name=\"author\" content=\"thomas.berner\" \/>\n<meta name=\"twitter:card\" content=\"summary_large_image\" \/>\n<meta name=\"twitter:title\" content=\"In drei Tagen zur #Qualit\u00e4tsmanagerin oder zum #Qualit\u00e4tsmanager\" \/>\n<meta name=\"twitter:description\" content=\"Peter Sch\u00f6nenberger ist als Dozent an der #SNV-Academy t\u00e4tig und vermittelt dort in einem 3-t\u00e4gigen Online-Seminar Wissen f\u00fcr angehende #Qualit\u00e4tsmanager.\" \/>\n<meta name=\"twitter:image\" content=\"https:\/\/www.organisator.ch\/wp-content\/uploads\/2021\/08\/organisator_1965_6.png\" \/>\n<script type=\"application\/ld+json\" class=\"yoast-schema-graph\">{\"@context\":\"https:\\\/\\\/schema.org\",\"@graph\":[{\"@type\":\"Article\",\"@id\":\"https:\\\/\\\/www.organisator.ch\\\/weiterbildung\\\/2021-10-20\\\/in-drei-tagen-zur-qualitaetsmanagerin-oder-zum-qualitaetsmanager\\\/#article\",\"isPartOf\":{\"@id\":\"https:\\\/\\\/www.organisator.ch\\\/weiterbildung\\\/2021-10-20\\\/in-drei-tagen-zur-qualitaetsmanagerin-oder-zum-qualitaetsmanager\\\/\"},\"author\":{\"name\":\"thomas.berner\",\"@id\":\"https:\\\/\\\/www.organisator.ch\\\/#\\\/schema\\\/person\\\/6f650f90b2842cd4c0cc334b4e36f67e\"},\"headline\":\"In drei Tagen zur Qualit\u00e4tsmanagerin oder zum Qualit\u00e4tsmanager\",\"datePublished\":\"2021-10-20T06:02:58+00:00\",\"mainEntityOfPage\":{\"@id\":\"https:\\\/\\\/www.organisator.ch\\\/weiterbildung\\\/2021-10-20\\\/in-drei-tagen-zur-qualitaetsmanagerin-oder-zum-qualitaetsmanager\\\/\"},\"wordCount\":861,\"publisher\":{\"@id\":\"https:\\\/\\\/www.organisator.ch\\\/#organization\"},\"image\":{\"@id\":\"https:\\\/\\\/www.organisator.ch\\\/weiterbildung\\\/2021-10-20\\\/in-drei-tagen-zur-qualitaetsmanagerin-oder-zum-qualitaetsmanager\\\/#primaryimage\"},\"thumbnailUrl\":\"https:\\\/\\\/www.organisator.ch\\\/wp-content\\\/uploads\\\/2021\\\/10\\\/In-drei-Tagen-zur-Qualitaetsmanagerin-oder-zum-Qualitaetsmanager-1_Organisator.jpg\",\"keywords\":[\"Aus-\\\/Weiterbildung\",\"Produkte\",\"Qualit\u00e4tssicherung\"],\"articleSection\":[\"WEITERBILDUNG\"],\"inLanguage\":\"fr-FR\"},{\"@type\":\"WebPage\",\"@id\":\"https:\\\/\\\/www.organisator.ch\\\/weiterbildung\\\/2021-10-20\\\/in-drei-tagen-zur-qualitaetsmanagerin-oder-zum-qualitaetsmanager\\\/\",\"url\":\"https:\\\/\\\/www.organisator.ch\\\/weiterbildung\\\/2021-10-20\\\/in-drei-tagen-zur-qualitaetsmanagerin-oder-zum-qualitaetsmanager\\\/\",\"name\":\"In drei Tagen zur Qualit\u00e4tsmanagerin oder zum Qualit\u00e4tsmanager - Organisator\",\"isPartOf\":{\"@id\":\"https:\\\/\\\/www.organisator.ch\\\/#website\"},\"primaryImageOfPage\":{\"@id\":\"https:\\\/\\\/www.organisator.ch\\\/weiterbildung\\\/2021-10-20\\\/in-drei-tagen-zur-qualitaetsmanagerin-oder-zum-qualitaetsmanager\\\/#primaryimage\"},\"image\":{\"@id\":\"https:\\\/\\\/www.organisator.ch\\\/weiterbildung\\\/2021-10-20\\\/in-drei-tagen-zur-qualitaetsmanagerin-oder-zum-qualitaetsmanager\\\/#primaryimage\"},\"thumbnailUrl\":\"https:\\\/\\\/www.organisator.ch\\\/wp-content\\\/uploads\\\/2021\\\/10\\\/In-drei-Tagen-zur-Qualitaetsmanagerin-oder-zum-Qualitaetsmanager-1_Organisator.jpg\",\"datePublished\":\"2021-10-20T06:02:58+00:00\",\"description\":\"Peter Sch\u00f6nenberger ist als Dozent an der SNV-Academy t\u00e4tig und vermittelt dort in einem 3-t\u00e4gigen Online-Seminar Wissen f\u00fcr angehende Qualit\u00e4tsmanager.\",\"breadcrumb\":{\"@id\":\"https:\\\/\\\/www.organisator.ch\\\/weiterbildung\\\/2021-10-20\\\/in-drei-tagen-zur-qualitaetsmanagerin-oder-zum-qualitaetsmanager\\\/#breadcrumb\"},\"inLanguage\":\"fr-FR\",\"potentialAction\":[{\"@type\":\"ReadAction\",\"target\":[\"https:\\\/\\\/www.organisator.ch\\\/weiterbildung\\\/2021-10-20\\\/in-drei-tagen-zur-qualitaetsmanagerin-oder-zum-qualitaetsmanager\\\/\"]}]},{\"@type\":\"ImageObject\",\"inLanguage\":\"fr-FR\",\"@id\":\"https:\\\/\\\/www.organisator.ch\\\/weiterbildung\\\/2021-10-20\\\/in-drei-tagen-zur-qualitaetsmanagerin-oder-zum-qualitaetsmanager\\\/#primaryimage\",\"url\":\"https:\\\/\\\/www.organisator.ch\\\/wp-content\\\/uploads\\\/2021\\\/10\\\/In-drei-Tagen-zur-Qualitaetsmanagerin-oder-zum-Qualitaetsmanager-1_Organisator.jpg\",\"contentUrl\":\"https:\\\/\\\/www.organisator.ch\\\/wp-content\\\/uploads\\\/2021\\\/10\\\/In-drei-Tagen-zur-Qualitaetsmanagerin-oder-zum-Qualitaetsmanager-1_Organisator.jpg\",\"width\":680,\"height\":453,\"caption\":\"An der SNV-Academy kann man sich online zur Qualit\u00e4tsmanagerin oder zum Qualit\u00e4tsmanager ausbilden. (Bild: zVg \\\/ SNV)\"},{\"@type\":\"BreadcrumbList\",\"@id\":\"https:\\\/\\\/www.organisator.ch\\\/weiterbildung\\\/2021-10-20\\\/in-drei-tagen-zur-qualitaetsmanagerin-oder-zum-qualitaetsmanager\\\/#breadcrumb\",\"itemListElement\":[{\"@type\":\"ListItem\",\"position\":1,\"name\":\"Home\",\"item\":\"https:\\\/\\\/www.organisator.ch\\\/\"},{\"@type\":\"ListItem\",\"position\":2,\"name\":\"In drei Tagen zur Qualit\u00e4tsmanagerin oder zum Qualit\u00e4tsmanager\"}]},{\"@type\":\"WebSite\",\"@id\":\"https:\\\/\\\/www.organisator.ch\\\/#website\",\"url\":\"https:\\\/\\\/www.organisator.ch\\\/\",\"name\":\"Organisator\",\"description\":\"Kompetent. Praxisnah. Der ORGANISATOR bereitet in 10 Ausgaben pro Jahr die wesentlichen Themen f\u00fcr F\u00fchrungskr\u00e4fte von KMU auf.\",\"publisher\":{\"@id\":\"https:\\\/\\\/www.organisator.ch\\\/#organization\"},\"potentialAction\":[{\"@type\":\"SearchAction\",\"target\":{\"@type\":\"EntryPoint\",\"urlTemplate\":\"https:\\\/\\\/www.organisator.ch\\\/?s={search_term_string}\"},\"query-input\":{\"@type\":\"PropertyValueSpecification\",\"valueRequired\":true,\"valueName\":\"search_term_string\"}}],\"inLanguage\":\"fr-FR\"},{\"@type\":\"Organization\",\"@id\":\"https:\\\/\\\/www.organisator.ch\\\/#organization\",\"name\":\"Organisator\",\"url\":\"https:\\\/\\\/www.organisator.ch\\\/\",\"logo\":{\"@type\":\"ImageObject\",\"inLanguage\":\"fr-FR\",\"@id\":\"https:\\\/\\\/www.organisator.ch\\\/#\\\/schema\\\/logo\\\/image\\\/\",\"url\":\"https:\\\/\\\/www.organisator.ch\\\/wp-content\\\/uploads\\\/2022\\\/01\\\/Logo_Organisator_Website.png\",\"contentUrl\":\"https:\\\/\\\/www.organisator.ch\\\/wp-content\\\/uploads\\\/2022\\\/01\\\/Logo_Organisator_Website.png\",\"width\":800,\"height\":77,\"caption\":\"Organisator\"},\"image\":{\"@id\":\"https:\\\/\\\/www.organisator.ch\\\/#\\\/schema\\\/logo\\\/image\\\/\"},\"sameAs\":[\"https:\\\/\\\/www.facebook.com\\\/OrganisatorFachmagazin\",\"https:\\\/\\\/www.linkedin.com\\\/showcase\\\/organisator-das-magazin-fr-kmu\",\"https:\\\/\\\/www.xing.com\\\/news\\\/pages\\\/organisator-ch-695\",\"https:\\\/\\\/www.youtube.com\\\/channel\\\/UCGP2Sq0iWaZwT3BdIAQFYpw\"]},{\"@type\":\"Person\",\"@id\":\"https:\\\/\\\/www.organisator.ch\\\/#\\\/schema\\\/person\\\/6f650f90b2842cd4c0cc334b4e36f67e\",\"name\":\"thomas.berner\",\"image\":{\"@type\":\"ImageObject\",\"inLanguage\":\"fr-FR\",\"@id\":\"https:\\\/\\\/secure.gravatar.com\\\/avatar\\\/ac5001d2a36cb6c6cd3e50789007ffca834b477b74a2144564522e944eabff61?s=96&d=mm&r=g\",\"url\":\"https:\\\/\\\/secure.gravatar.com\\\/avatar\\\/ac5001d2a36cb6c6cd3e50789007ffca834b477b74a2144564522e944eabff61?s=96&d=mm&r=g\",\"contentUrl\":\"https:\\\/\\\/secure.gravatar.com\\\/avatar\\\/ac5001d2a36cb6c6cd3e50789007ffca834b477b74a2144564522e944eabff61?s=96&d=mm&r=g\",\"caption\":\"thomas.berner\"},\"url\":\"https:\\\/\\\/www.organisator.ch\\\/fr\\\/author\\\/thomas-berner\\\/\"}]}<\/script>\n<!-- \/ Yoast SEO plugin. -->","yoast_head_json":{"title":"Devenir responsable qualit\u00e9 en trois jours - Organisateur","description":"Peter Sch\u00f6nenberger est charg\u00e9 de cours \u00e0 la SNV-Academy, o\u00f9 il transmet des connaissances aux futurs managers qualit\u00e9 dans le cadre d'un s\u00e9minaire en ligne de trois jours.","robots":{"index":"index","follow":"follow","max-snippet":"max-snippet:-1","max-image-preview":"max-image-preview:large","max-video-preview":"max-video-preview:-1"},"canonical":"https:\/\/www.organisator.ch\/fr\/formation-continue-2\/2021-10-20\/in-drei-tagen-zur-qualitaetsmanagerin-oder-zum-qualitaetsmanager\/","og_locale":"fr_FR","og_type":"article","og_title":"In drei Tagen zur Qualit\u00e4tsmanagerin oder zum Qualit\u00e4tsmanager","og_description":"Peter Sch\u00f6nenberger ist als Dozent an der SNV-Academy t\u00e4tig und vermittelt dort in einem 3-t\u00e4gigen Online-Seminar Wissen f\u00fcr angehende Qualit\u00e4tsmanager.","og_url":"https:\/\/www.organisator.ch\/fr\/formation-continue-2\/2021-10-20\/in-drei-tagen-zur-qualitaetsmanagerin-oder-zum-qualitaetsmanager\/","og_site_name":"Organisator","article_publisher":"https:\/\/www.facebook.com\/OrganisatorFachmagazin","article_published_time":"2021-10-20T06:02:58+00:00","og_image":[{"width":654,"height":370,"url":"https:\/\/www.organisator.ch\/wp-content\/uploads\/2021\/08\/organisator_1965_6.png","type":"image\/png"}],"author":"thomas.berner","twitter_card":"summary_large_image","twitter_title":"In drei Tagen zur #Qualit\u00e4tsmanagerin oder zum #Qualit\u00e4tsmanager","twitter_description":"Peter Sch\u00f6nenberger ist als Dozent an der #SNV-Academy t\u00e4tig und vermittelt dort in einem 3-t\u00e4gigen Online-Seminar Wissen f\u00fcr angehende #Qualit\u00e4tsmanager.","twitter_image":"https:\/\/www.organisator.ch\/wp-content\/uploads\/2021\/08\/organisator_1965_6.png","schema":{"@context":"https:\/\/schema.org","@graph":[{"@type":"Article","@id":"https:\/\/www.organisator.ch\/weiterbildung\/2021-10-20\/in-drei-tagen-zur-qualitaetsmanagerin-oder-zum-qualitaetsmanager\/#article","isPartOf":{"@id":"https:\/\/www.organisator.ch\/weiterbildung\/2021-10-20\/in-drei-tagen-zur-qualitaetsmanagerin-oder-zum-qualitaetsmanager\/"},"author":{"name":"thomas.berner","@id":"https:\/\/www.organisator.ch\/#\/schema\/person\/6f650f90b2842cd4c0cc334b4e36f67e"},"headline":"In drei Tagen zur Qualit\u00e4tsmanagerin oder zum Qualit\u00e4tsmanager","datePublished":"2021-10-20T06:02:58+00:00","mainEntityOfPage":{"@id":"https:\/\/www.organisator.ch\/weiterbildung\/2021-10-20\/in-drei-tagen-zur-qualitaetsmanagerin-oder-zum-qualitaetsmanager\/"},"wordCount":861,"publisher":{"@id":"https:\/\/www.organisator.ch\/#organization"},"image":{"@id":"https:\/\/www.organisator.ch\/weiterbildung\/2021-10-20\/in-drei-tagen-zur-qualitaetsmanagerin-oder-zum-qualitaetsmanager\/#primaryimage"},"thumbnailUrl":"https:\/\/www.organisator.ch\/wp-content\/uploads\/2021\/10\/In-drei-Tagen-zur-Qualitaetsmanagerin-oder-zum-Qualitaetsmanager-1_Organisator.jpg","keywords":["Aus-\/Weiterbildung","Produkte","Qualit\u00e4tssicherung"],"articleSection":["WEITERBILDUNG"],"inLanguage":"fr-FR"},{"@type":"WebPage","@id":"https:\/\/www.organisator.ch\/weiterbildung\/2021-10-20\/in-drei-tagen-zur-qualitaetsmanagerin-oder-zum-qualitaetsmanager\/","url":"https:\/\/www.organisator.ch\/weiterbildung\/2021-10-20\/in-drei-tagen-zur-qualitaetsmanagerin-oder-zum-qualitaetsmanager\/","name":"Devenir responsable qualit\u00e9 en trois jours - Organisateur","isPartOf":{"@id":"https:\/\/www.organisator.ch\/#website"},"primaryImageOfPage":{"@id":"https:\/\/www.organisator.ch\/weiterbildung\/2021-10-20\/in-drei-tagen-zur-qualitaetsmanagerin-oder-zum-qualitaetsmanager\/#primaryimage"},"image":{"@id":"https:\/\/www.organisator.ch\/weiterbildung\/2021-10-20\/in-drei-tagen-zur-qualitaetsmanagerin-oder-zum-qualitaetsmanager\/#primaryimage"},"thumbnailUrl":"https:\/\/www.organisator.ch\/wp-content\/uploads\/2021\/10\/In-drei-Tagen-zur-Qualitaetsmanagerin-oder-zum-Qualitaetsmanager-1_Organisator.jpg","datePublished":"2021-10-20T06:02:58+00:00","description":"Peter Sch\u00f6nenberger est charg\u00e9 de cours \u00e0 la SNV-Academy, o\u00f9 il transmet des connaissances aux futurs managers qualit\u00e9 dans le cadre d'un s\u00e9minaire en ligne de trois jours.","breadcrumb":{"@id":"https:\/\/www.organisator.ch\/weiterbildung\/2021-10-20\/in-drei-tagen-zur-qualitaetsmanagerin-oder-zum-qualitaetsmanager\/#breadcrumb"},"inLanguage":"fr-FR","potentialAction":[{"@type":"ReadAction","target":["https:\/\/www.organisator.ch\/weiterbildung\/2021-10-20\/in-drei-tagen-zur-qualitaetsmanagerin-oder-zum-qualitaetsmanager\/"]}]},{"@type":"ImageObject","inLanguage":"fr-FR","@id":"https:\/\/www.organisator.ch\/weiterbildung\/2021-10-20\/in-drei-tagen-zur-qualitaetsmanagerin-oder-zum-qualitaetsmanager\/#primaryimage","url":"https:\/\/www.organisator.ch\/wp-content\/uploads\/2021\/10\/In-drei-Tagen-zur-Qualitaetsmanagerin-oder-zum-Qualitaetsmanager-1_Organisator.jpg","contentUrl":"https:\/\/www.organisator.ch\/wp-content\/uploads\/2021\/10\/In-drei-Tagen-zur-Qualitaetsmanagerin-oder-zum-Qualitaetsmanager-1_Organisator.jpg","width":680,"height":453,"caption":"An der SNV-Academy kann man sich online zur Qualit\u00e4tsmanagerin oder zum Qualit\u00e4tsmanager ausbilden. (Bild: zVg \/ SNV)"},{"@type":"BreadcrumbList","@id":"https:\/\/www.organisator.ch\/weiterbildung\/2021-10-20\/in-drei-tagen-zur-qualitaetsmanagerin-oder-zum-qualitaetsmanager\/#breadcrumb","itemListElement":[{"@type":"ListItem","position":1,"name":"Home","item":"https:\/\/www.organisator.ch\/"},{"@type":"ListItem","position":2,"name":"In drei Tagen zur Qualit\u00e4tsmanagerin oder zum Qualit\u00e4tsmanager"}]},{"@type":"WebSite","@id":"https:\/\/www.organisator.ch\/#website","url":"https:\/\/www.organisator.ch\/","name":"Organisateur","description":"Comp\u00e9tence et comp\u00e9tence. Proches de la pratique. L'ORGANISATEUR pr\u00e9pare 10 num\u00e9ros par an sur les th\u00e8mes essentiels pour les dirigeants de PME.","publisher":{"@id":"https:\/\/www.organisator.ch\/#organization"},"potentialAction":[{"@type":"SearchAction","target":{"@type":"EntryPoint","urlTemplate":"https:\/\/www.organisator.ch\/?s={search_term_string}"},"query-input":{"@type":"PropertyValueSpecification","valueRequired":true,"valueName":"search_term_string"}}],"inLanguage":"fr-FR"},{"@type":"Organization","@id":"https:\/\/www.organisator.ch\/#organization","name":"Organisateur","url":"https:\/\/www.organisator.ch\/","logo":{"@type":"ImageObject","inLanguage":"fr-FR","@id":"https:\/\/www.organisator.ch\/#\/schema\/logo\/image\/","url":"https:\/\/www.organisator.ch\/wp-content\/uploads\/2022\/01\/Logo_Organisator_Website.png","contentUrl":"https:\/\/www.organisator.ch\/wp-content\/uploads\/2022\/01\/Logo_Organisator_Website.png","width":800,"height":77,"caption":"Organisator"},"image":{"@id":"https:\/\/www.organisator.ch\/#\/schema\/logo\/image\/"},"sameAs":["https:\/\/www.facebook.com\/OrganisatorFachmagazin","https:\/\/www.linkedin.com\/showcase\/organisator-das-magazin-fr-kmu","https:\/\/www.xing.com\/news\/pages\/organisator-ch-695","https:\/\/www.youtube.com\/channel\/UCGP2Sq0iWaZwT3BdIAQFYpw"]},{"@type":"Person","@id":"https:\/\/www.organisator.ch\/#\/schema\/person\/6f650f90b2842cd4c0cc334b4e36f67e","name":"thomas.berner","image":{"@type":"ImageObject","inLanguage":"fr-FR","@id":"https:\/\/secure.gravatar.com\/avatar\/ac5001d2a36cb6c6cd3e50789007ffca834b477b74a2144564522e944eabff61?s=96&d=mm&r=g","url":"https:\/\/secure.gravatar.com\/avatar\/ac5001d2a36cb6c6cd3e50789007ffca834b477b74a2144564522e944eabff61?s=96&d=mm&r=g","contentUrl":"https:\/\/secure.gravatar.com\/avatar\/ac5001d2a36cb6c6cd3e50789007ffca834b477b74a2144564522e944eabff61?s=96&d=mm&r=g","caption":"thomas.berner"},"url":"https:\/\/www.organisator.ch\/fr\/author\/thomas-berner\/"}]}},"_links":{"self":[{"href":"https:\/\/www.organisator.ch\/fr\/wp-json\/wp\/v2\/posts\/11730","targetHints":{"allow":["GET"]}}],"collection":[{"href":"https:\/\/www.organisator.ch\/fr\/wp-json\/wp\/v2\/posts"}],"about":[{"href":"https:\/\/www.organisator.ch\/fr\/wp-json\/wp\/v2\/types\/post"}],"author":[{"embeddable":true,"href":"https:\/\/www.organisator.ch\/fr\/wp-json\/wp\/v2\/users\/4"}],"replies":[{"embeddable":true,"href":"https:\/\/www.organisator.ch\/fr\/wp-json\/wp\/v2\/comments?post=11730"}],"version-history":[{"count":0,"href":"https:\/\/www.organisator.ch\/fr\/wp-json\/wp\/v2\/posts\/11730\/revisions"}],"wp:featuredmedia":[{"embeddable":true,"href":"https:\/\/www.organisator.ch\/fr\/wp-json\/wp\/v2\/media\/11496"}],"wp:attachment":[{"href":"https:\/\/www.organisator.ch\/fr\/wp-json\/wp\/v2\/media?parent=11730"}],"wp:term":[{"taxonomy":"category","embeddable":true,"href":"https:\/\/www.organisator.ch\/fr\/wp-json\/wp\/v2\/categories?post=11730"},{"taxonomy":"post_tag","embeddable":true,"href":"https:\/\/www.organisator.ch\/fr\/wp-json\/wp\/v2\/tags?post=11730"}],"curies":[{"name":"wp","href":"https:\/\/api.w.org\/{rel}","templated":true}]}}